{"id":66944,"date":"2025-10-18T11:34:04","date_gmt":"2025-10-18T09:34:04","guid":{"rendered":"https:\/\/www.revistarambla.com\/?p=66944"},"modified":"2025-10-19T20:08:30","modified_gmt":"2025-10-19T18:08:30","slug":"la-prision-digital-emociones-reducidas-a-pixeles-en-la-economia-de-la-atencion","status":"publish","type":"post","link":"https:\/\/www.revistarambla.com\/en\/la-prision-digital-emociones-reducidas-a-pixeles-en-la-economia-de-la-atencion\/","title":{"rendered":"La prisi\u00f3n digital: emociones reducidas a p\u00edxeles en la Econom\u00eda de la Atenci\u00f3n"},"content":{"rendered":"<p>En la era de la conectividad omnipresente, las redes sociales prometen un mundo interconectado donde las distancias se disipan con un simple toque en la pantalla. <!--more-->Sin embargo, esta promesa oculta una realidad m\u00e1s sombr\u00eda: cuatro emociones b\u00e1sicas \u2014alegr\u00eda, tristeza, ira y sorpresa\u2014 encapsuladas y reducidas a p\u00edxeles, convertidas en reflejos condicionados que nos atan a un ciclo interminable de interacci\u00f3n superficial. Detr\u00e1s de ese gesto leve, casi autom\u00e1tico, se esconde una c\u00e1rcel emocional. Una prisi\u00f3n que nos hace creer que estamos comunicados, cuando en realidad somos islas flotando en un oc\u00e9ano de soledades.<\/p>\n<h3>La Encapsulaci\u00f3n Emocional: De la Profundidad a la Superficie<\/h3>\n<p>Las emociones humanas, complejas y multifac\u00e9ticas, han sido simplificadas en las redes sociales a meros iconos: un \u00abme gusta\u00bb para la aprobaci\u00f3n, un emoji de llanto para la empat\u00eda fingida, un coraz\u00f3n para el amor ef\u00edmero. Esta reducci\u00f3n no es accidental; es el resultado de algoritmos optimizados para mantenernos enganchados, transformando nuestras respuestas emocionales en datos cuantificables. Estudios psicol\u00f3gicos han demostrado que el uso excesivo de redes sociales incrementa los sentimientos de soledad y depresi\u00f3n, creando un ciclo vicioso donde buscamos consuelo en la misma fuente de nuestro malestar. Por ejemplo, un experimento controlado revel\u00f3 que limitar el tiempo en plataformas como Facebook, Snapchat e Instagram reduce significativamente la soledad y la depresi\u00f3n, sugiriendo que el scroll infinito agrava el aislamiento emocional.<\/p>\n<p>En este contexto, la soledad no es solo f\u00edsica, sino emocional y social. Investigaciones transversales indican que el uso activo de redes sociales puede mitigar la soledad social \u2014la falta de redes amplias\u2014 pero exacerba la soledad emocional, derivada de la ausencia de intimidad genuina. Usuarios j\u00f3venes, en particular, reportan mayor estr\u00e9s psicol\u00f3gico cuando dependen de interacciones virtuales para satisfacer necesidades emocionales. Esta encapsulaci\u00f3n emocional nos entrena a reaccionar sin reflexionar, confundiendo la visibilidad con la relevancia. En lugar de fomentar conexiones profundas, las plataformas promueven un espejismo de comunidad, donde el \u00abme gusta\u00bb sustituye al abrazo y el comentario ef\u00edmero al di\u00e1logo sustancial. Como resultado, nos volvemos consumidores pasivos de contenido emocional, incapaces de navegar la complejidad de las relaciones humanas reales.<\/p>\n<h3>El Clic: Moneda de Cambio en la Esclavitud de la Atenci\u00f3n<\/h3>\n<p>El clic se ha convertido en la nueva moneda de cambio en la econom\u00eda de la atenci\u00f3n, un sistema donde nuestro tiempo y emociones son mercanc\u00edas explotadas por corporaciones tecnol\u00f3gicas. Este acto aparentemente ligero nos esclaviza, rob\u00e1ndonos minutos, horas y d\u00edas en un bucle de gratificaci\u00f3n instant\u00e1nea que rara vez se traduce en acci\u00f3n real. Nos hace sentir que participamos, que opinamos, que estamos presentes, pero es una ilusi\u00f3n. Detr\u00e1s del clic no hay compromiso aut\u00e9ntico si no va acompa\u00f1ado de pensamiento cr\u00edtico y conversaci\u00f3n profunda. Es como firmar manifiestos digitales que se disipan en el \u00e9ter, o gritar en una habitaci\u00f3n insonorizada: la conciencia se tranquiliza, pero el mundo permanece inalterado, o peor, se deteriora.<\/p>\n<p>La cr\u00edtica al \u00abclicktivism\u00bb o \u00abslacktivism\u00bb \u2014el activismo superficial en l\u00ednea\u2014 resuena en debates acad\u00e9micos y p\u00fablicos. Publicaciones en X (anteriormente Twitter) destacan c\u00f3mo esta forma de participaci\u00f3n recibe cr\u00edticas por su falta de impacto real, aunque algunos defienden que al menos genera conciencia. Sin embargo, la evidencia sugiere que el clicktivism a menudo reemplaza el activismo genuino, fomentando pasividad en lugar de movilizaci\u00f3n. Un estudio sobre movimientos como #BringBackOurGirls ilustra c\u00f3mo campa\u00f1as virales generan millones de clics pero escaso cambio tangible, perpetuando la ilusi\u00f3n de participaci\u00f3n mientras se ignora la necesidad de acci\u00f3n en el terreno.<\/p>\n<p>Esta esclavitud atencional se agrava por el dise\u00f1o adictivo de las plataformas, que explotan vulnerabilidades psicol\u00f3gicas para maximizar el engagement. Conceptos como \u00abdigital slavery\u00bb emergen en an\u00e1lisis que comparan el trabajo en \u00abclick farms\u00bb \u2014donde personas en pa\u00edses en desarrollo generan interacciones falsas\u2014 con formas modernas de explotaci\u00f3n. En un nivel personal, usuarios se convierten en \u00abesclavos intelectuales\u00bb de la atenci\u00f3n, donde el constante flujo de notificaciones secuestra la capacidad de pensamiento cr\u00edtico. El resultado es una sociedad donde el clic se valora m\u00e1s que la reflexi\u00f3n, erosionando nuestra agencia y profundizando la soledad colectiva.<\/p>\n<h3>El Algoritmo: El Censor Invisible y la Burbuja Ideol\u00f3gica<\/h3>\n<p>Detr\u00e1s del clic acecha el algoritmo, ese dios invisible que orquesta nuestra experiencia digital. Lejos de ser neutral, est\u00e1 programado para premiar la polarizaci\u00f3n, la confrontaci\u00f3n y el esc\u00e1ndalo, censurando sutilmente voces disidentes y silenciando perspectivas equilibradas. Este mecanismo no solo decide qu\u00e9 vemos, sino que moldea lo que pensamos y, en \u00faltima instancia, qui\u00e9nes somos. Al encerrarnos en burbujas ideol\u00f3gicas, las redes sociales nos separan de \u00ablos otros\u00bb, convirti\u00e9ndonos en consumidores de contenido en lugar de ciudadanos activos.<\/p>\n<p>Investigaciones confirman que los algoritmos de plataformas como Facebook y Twitter amplifican la polarizaci\u00f3n pol\u00edtica al priorizar contenido que refuerza creencias existentes. Un estudio de Brookings Institute argumenta que maximizar el engagement intensifica la divisividad, ya que el contenido controvertido genera m\u00e1s interacciones. En contextos pol\u00edticos, esto ha exacerbado la erosi\u00f3n democr\u00e1tica, como se ve en la amplificaci\u00f3n de desinformaci\u00f3n durante elecciones.<\/p>\n<p>Esta censura invisible no es conspirativa, sino estructural: los algoritmos est\u00e1n dise\u00f1ados para rentabilidad, no para verdad o pluralidad. Al priorizar lo sensacional, silenciando lo moderado, crean un scroll infinito donde la democracia se ahoga. Usuarios en burbujas pierden empat\u00eda por opiniones opuestas, incrementando la confrontaci\u00f3n social y la soledad emocional, ya que las interacciones reales se reemplazan por ecos de nuestras propias ideas.<\/p>\n<h3>El Simulacro de Participaci\u00f3n: Espejismo en el Desierto de Soledades<\/h3>\n<p>Las redes sociales simulan participaci\u00f3n, pero ofrecen un mero simulacro. Son el espejismo de la conexi\u00f3n en un desierto de soledades, acostumbr\u00e1ndonos a la pasividad, a la reacci\u00f3n sin reflexi\u00f3n, a la emoci\u00f3n sin profundidad. Nos entrenan para vivir en la superficie, confundiendo visibilidad con relevancia, viralidad con verdad, interacci\u00f3n con comunidad. Pero no hay comunidad sin cuerpo, sin calle, sin mirada. No hay revoluci\u00f3n en el clic.<\/p>\n<p>El concepto de \u00abslacktivism\u00bb captura esta cr\u00edtica: acciones en l\u00ednea que generan sensaci\u00f3n de logro sin impacto real. Mientras movimientos como el Arab Spring demostraron el potencial de las redes para movilizaci\u00f3n, estudios posteriores revelan que a menudo promueven \u00abperformative allyship\u00bb \u2014aliados superficiales que postean pero no act\u00faan. En X, debates sobre \u00abclicktivism criticism\u00bb destacan c\u00f3mo esta pasividad socava el activismo genuino.<\/p>\n<p>Esta simulaci\u00f3n fomenta una cultura de la inmediatez, donde la reflexi\u00f3n cede ante la reacci\u00f3n impulsiva. Como resultado, la sociedad se fragmenta en islas de soledad, donde la conexi\u00f3n digital reemplaza, pero no sustituye, la interacci\u00f3n humana aut\u00e9ntica.<\/p>\n<p>En resumen, las redes sociales, con sus emociones p\u00edxelizadas, clics adictivos, algoritmos polarizantes y simulacros de participaci\u00f3n, nos confinan en una prisi\u00f3n emocional. Para romper estas cadenas, debemos reclamar nuestra atenci\u00f3n: limitar el uso, priorizar interacciones reales y demandar transparencia algor\u00edtmica. Solo as\u00ed transformaremos el oc\u00e9ano de soledades en un mar de conexiones genuinas. La revoluci\u00f3n no comienza con un clic, sino con un paso fuera de la pantalla.<\/p>","protected":false},"excerpt":{"rendered":"<p>En la era de la conectividad omnipresente, las redes sociales prometen un mundo interconectado donde las distancias se disipan con un simple toque en la pantalla.<\/p>","protected":false},"author":3,"featured_media":51637,"comment_status":"closed","ping_status":"closed","sticky":false,"template":"","format":"standard","meta":{"footnotes":""},"categories":[4099],"tags":[],"class_list":["post-66944","post","type-post","status-publish","format-standard","has-post-thumbnail","hentry","category-otras-miradas"],"yoast_head":"<!-- This site is optimized with the Yoast SEO plugin v27.5 - https:\/\/yoast.com\/product\/yoast-seo-wordpress\/ -->\n<title>La prisi\u00f3n digital: emociones reducidas a p\u00edxeles en la Econom\u00eda de la Atenci\u00f3n - Revista Rambla<\/title>\n<meta name=\"robots\" content=\"index, follow, max-snippet:-1, max-image-preview:large, max-video-preview:-1\" \/>\n<link rel=\"canonical\" href=\"https:\/\/www.revistarambla.com\/en\/la-prision-digital-emociones-reducidas-a-pixeles-en-la-economia-de-la-atencion\/\" \/>\n<meta property=\"og:locale\" content=\"en_GB\" \/>\n<meta property=\"og:type\" content=\"article\" \/>\n<meta property=\"og:title\" content=\"La prisi\u00f3n digital: emociones reducidas a p\u00edxeles en la Econom\u00eda de la Atenci\u00f3n - Revista Rambla\" \/>\n<meta property=\"og:description\" content=\"En la era de la conectividad omnipresente, las redes sociales prometen un mundo interconectado donde las distancias se disipan con un simple toque en la pantalla.\" \/>\n<meta property=\"og:url\" content=\"https:\/\/www.revistarambla.com\/en\/la-prision-digital-emociones-reducidas-a-pixeles-en-la-economia-de-la-atencion\/\" \/>\n<meta property=\"og:site_name\" content=\"Revista Rambla\" \/>\n<meta property=\"article:publisher\" content=\"https:\/\/www.facebook.com\/revistarambla\/\" \/>\n<meta property=\"article:author\" content=\"https:\/\/www.facebook.com\/revistarambla\" \/>\n<meta property=\"article:published_time\" content=\"2025-10-18T09:34:04+00:00\" \/>\n<meta property=\"article:modified_time\" content=\"2025-10-19T18:08:30+00:00\" \/>\n<meta property=\"og:image\" content=\"https:\/\/www.revistarambla.com\/wp-content\/uploads\/2022\/12\/instagram-revista-rambla.webp\" \/>\n\t<meta property=\"og:image:width\" content=\"1900\" \/>\n\t<meta property=\"og:image:height\" content=\"1069\" \/>\n\t<meta property=\"og:image:type\" content=\"image\/webp\" \/>\n<meta name=\"author\" content=\"R@mbla\" \/>\n<meta name=\"twitter:card\" content=\"summary_large_image\" \/>\n<meta name=\"twitter:creator\" content=\"@revistarambla\" \/>\n<meta name=\"twitter:site\" content=\"@revistarambla\" \/>\n<meta name=\"twitter:label1\" content=\"Written by\" \/>\n\t<meta name=\"twitter:data1\" content=\"R@mbla\" \/>\n\t<meta name=\"twitter:label2\" content=\"Estimated reading time\" \/>\n\t<meta name=\"twitter:data2\" content=\"6 minutes\" \/>\n<script type=\"application\/ld+json\" class=\"yoast-schema-graph\">{\"@context\":\"https:\\\/\\\/schema.org\",\"@graph\":[{\"@type\":\"Article\",\"@id\":\"https:\\\/\\\/www.revistarambla.com\\\/la-prision-digital-emociones-reducidas-a-pixeles-en-la-economia-de-la-atencion\\\/#article\",\"isPartOf\":{\"@id\":\"https:\\\/\\\/www.revistarambla.com\\\/la-prision-digital-emociones-reducidas-a-pixeles-en-la-economia-de-la-atencion\\\/\"},\"author\":{\"name\":\"R@mbla\",\"@id\":\"https:\\\/\\\/www.revistarambla.com\\\/#\\\/schema\\\/person\\\/a146a5a2550b94981a75131180e1bd9c\"},\"headline\":\"La prisi\u00f3n digital: emociones reducidas a p\u00edxeles en la Econom\u00eda de la Atenci\u00f3n\",\"datePublished\":\"2025-10-18T09:34:04+00:00\",\"dateModified\":\"2025-10-19T18:08:30+00:00\",\"mainEntityOfPage\":{\"@id\":\"https:\\\/\\\/www.revistarambla.com\\\/la-prision-digital-emociones-reducidas-a-pixeles-en-la-economia-de-la-atencion\\\/\"},\"wordCount\":1260,\"publisher\":{\"@id\":\"https:\\\/\\\/www.revistarambla.com\\\/#organization\"},\"image\":{\"@id\":\"https:\\\/\\\/www.revistarambla.com\\\/la-prision-digital-emociones-reducidas-a-pixeles-en-la-economia-de-la-atencion\\\/#primaryimage\"},\"thumbnailUrl\":\"https:\\\/\\\/www.revistarambla.com\\\/wp-content\\\/uploads\\\/2022\\\/12\\\/instagram-revista-rambla.webp\",\"articleSection\":[\"Otras Miradas\"],\"inLanguage\":\"en-GB\"},{\"@type\":\"WebPage\",\"@id\":\"https:\\\/\\\/www.revistarambla.com\\\/la-prision-digital-emociones-reducidas-a-pixeles-en-la-economia-de-la-atencion\\\/\",\"url\":\"https:\\\/\\\/www.revistarambla.com\\\/la-prision-digital-emociones-reducidas-a-pixeles-en-la-economia-de-la-atencion\\\/\",\"name\":\"La prisi\u00f3n digital: emociones reducidas a p\u00edxeles en la Econom\u00eda de la Atenci\u00f3n - Revista Rambla\",\"isPartOf\":{\"@id\":\"https:\\\/\\\/www.revistarambla.com\\\/#website\"},\"primaryImageOfPage\":{\"@id\":\"https:\\\/\\\/www.revistarambla.com\\\/la-prision-digital-emociones-reducidas-a-pixeles-en-la-economia-de-la-atencion\\\/#primaryimage\"},\"image\":{\"@id\":\"https:\\\/\\\/www.revistarambla.com\\\/la-prision-digital-emociones-reducidas-a-pixeles-en-la-economia-de-la-atencion\\\/#primaryimage\"},\"thumbnailUrl\":\"https:\\\/\\\/www.revistarambla.com\\\/wp-content\\\/uploads\\\/2022\\\/12\\\/instagram-revista-rambla.webp\",\"datePublished\":\"2025-10-18T09:34:04+00:00\",\"dateModified\":\"2025-10-19T18:08:30+00:00\",\"breadcrumb\":{\"@id\":\"https:\\\/\\\/www.revistarambla.com\\\/la-prision-digital-emociones-reducidas-a-pixeles-en-la-economia-de-la-atencion\\\/#breadcrumb\"},\"inLanguage\":\"en-GB\",\"potentialAction\":[{\"@type\":\"ReadAction\",\"target\":[\"https:\\\/\\\/www.revistarambla.com\\\/la-prision-digital-emociones-reducidas-a-pixeles-en-la-economia-de-la-atencion\\\/\"]}]},{\"@type\":\"ImageObject\",\"inLanguage\":\"en-GB\",\"@id\":\"https:\\\/\\\/www.revistarambla.com\\\/la-prision-digital-emociones-reducidas-a-pixeles-en-la-economia-de-la-atencion\\\/#primaryimage\",\"url\":\"https:\\\/\\\/www.revistarambla.com\\\/wp-content\\\/uploads\\\/2022\\\/12\\\/instagram-revista-rambla.webp\",\"contentUrl\":\"https:\\\/\\\/www.revistarambla.com\\\/wp-content\\\/uploads\\\/2022\\\/12\\\/instagram-revista-rambla.webp\",\"width\":1900,\"height\":1069,\"caption\":\"prisi\u00f3n digital\"},{\"@type\":\"BreadcrumbList\",\"@id\":\"https:\\\/\\\/www.revistarambla.com\\\/la-prision-digital-emociones-reducidas-a-pixeles-en-la-economia-de-la-atencion\\\/#breadcrumb\",\"itemListElement\":[{\"@type\":\"ListItem\",\"position\":1,\"name\":\"Portada\",\"item\":\"https:\\\/\\\/www.revistarambla.com\\\/\"},{\"@type\":\"ListItem\",\"position\":2,\"name\":\"La prisi\u00f3n digital: emociones reducidas a p\u00edxeles en la Econom\u00eda de la Atenci\u00f3n\"}]},{\"@type\":\"WebSite\",\"@id\":\"https:\\\/\\\/www.revistarambla.com\\\/#website\",\"url\":\"https:\\\/\\\/www.revistarambla.com\\\/\",\"name\":\"Revista Rambla Barcelona\",\"description\":\"Periodismo independiente\",\"publisher\":{\"@id\":\"https:\\\/\\\/www.revistarambla.com\\\/#organization\"},\"potentialAction\":[{\"@type\":\"SearchAction\",\"target\":{\"@type\":\"EntryPoint\",\"urlTemplate\":\"https:\\\/\\\/www.revistarambla.com\\\/?s={search_term_string}\"},\"query-input\":{\"@type\":\"PropertyValueSpecification\",\"valueRequired\":true,\"valueName\":\"search_term_string\"}}],\"inLanguage\":\"en-GB\"},{\"@type\":\"Organization\",\"@id\":\"https:\\\/\\\/www.revistarambla.com\\\/#organization\",\"name\":\"Revista Rambla\",\"url\":\"https:\\\/\\\/www.revistarambla.com\\\/\",\"logo\":{\"@type\":\"ImageObject\",\"inLanguage\":\"en-GB\",\"@id\":\"https:\\\/\\\/www.revistarambla.com\\\/#\\\/schema\\\/logo\\\/image\\\/\",\"url\":\"https:\\\/\\\/www.revistarambla.com\\\/wp-content\\\/uploads\\\/2020\\\/09\\\/banner_rambla_1900x600_BB.png\",\"contentUrl\":\"https:\\\/\\\/www.revistarambla.com\\\/wp-content\\\/uploads\\\/2020\\\/09\\\/banner_rambla_1900x600_BB.png\",\"width\":1900,\"height\":600,\"caption\":\"Revista Rambla\"},\"image\":{\"@id\":\"https:\\\/\\\/www.revistarambla.com\\\/#\\\/schema\\\/logo\\\/image\\\/\"},\"sameAs\":[\"https:\\\/\\\/www.facebook.com\\\/revistarambla\\\/\",\"https:\\\/\\\/x.com\\\/revistarambla\",\"https:\\\/\\\/www.instagram.com\\\/revista_rambla\",\"https:\\\/\\\/es.linkedin.com\\\/company\\\/revista-rambla\"]},{\"@type\":\"Person\",\"@id\":\"https:\\\/\\\/www.revistarambla.com\\\/#\\\/schema\\\/person\\\/a146a5a2550b94981a75131180e1bd9c\",\"name\":\"R@mbla\",\"description\":\"Este art\u00edculo ha sido redactado y\\\/o validado por el equipo de redacci\u00f3n de Revista Rambla.\",\"sameAs\":[\"https:\\\/\\\/www.revistarambla.com\\\/\",\"https:\\\/\\\/www.facebook.com\\\/revistarambla\",\"https:\\\/\\\/x.com\\\/revistarambla\"]}]}<\/script>\n<!-- \/ Yoast SEO plugin. -->","yoast_head_json":{"title":"La prisi\u00f3n digital: emociones reducidas a p\u00edxeles en la Econom\u00eda de la Atenci\u00f3n - Revista Rambla","robots":{"index":"index","follow":"follow","max-snippet":"max-snippet:-1","max-image-preview":"max-image-preview:large","max-video-preview":"max-video-preview:-1"},"canonical":"https:\/\/www.revistarambla.com\/en\/la-prision-digital-emociones-reducidas-a-pixeles-en-la-economia-de-la-atencion\/","og_locale":"en_GB","og_type":"article","og_title":"La prisi\u00f3n digital: emociones reducidas a p\u00edxeles en la Econom\u00eda de la Atenci\u00f3n - Revista Rambla","og_description":"En la era de la conectividad omnipresente, las redes sociales prometen un mundo interconectado donde las distancias se disipan con un simple toque en la pantalla.","og_url":"https:\/\/www.revistarambla.com\/en\/la-prision-digital-emociones-reducidas-a-pixeles-en-la-economia-de-la-atencion\/","og_site_name":"Revista Rambla","article_publisher":"https:\/\/www.facebook.com\/revistarambla\/","article_author":"https:\/\/www.facebook.com\/revistarambla","article_published_time":"2025-10-18T09:34:04+00:00","article_modified_time":"2025-10-19T18:08:30+00:00","og_image":[{"width":1900,"height":1069,"url":"https:\/\/www.revistarambla.com\/wp-content\/uploads\/2022\/12\/instagram-revista-rambla.webp","type":"image\/webp"}],"author":"R@mbla","twitter_card":"summary_large_image","twitter_creator":"@revistarambla","twitter_site":"@revistarambla","twitter_misc":{"Written by":"R@mbla","Estimated reading time":"6 minutes"},"schema":{"@context":"https:\/\/schema.org","@graph":[{"@type":"Article","@id":"https:\/\/www.revistarambla.com\/la-prision-digital-emociones-reducidas-a-pixeles-en-la-economia-de-la-atencion\/#article","isPartOf":{"@id":"https:\/\/www.revistarambla.com\/la-prision-digital-emociones-reducidas-a-pixeles-en-la-economia-de-la-atencion\/"},"author":{"name":"R@mbla","@id":"https:\/\/www.revistarambla.com\/#\/schema\/person\/a146a5a2550b94981a75131180e1bd9c"},"headline":"La prisi\u00f3n digital: emociones reducidas a p\u00edxeles en la Econom\u00eda de la Atenci\u00f3n","datePublished":"2025-10-18T09:34:04+00:00","dateModified":"2025-10-19T18:08:30+00:00","mainEntityOfPage":{"@id":"https:\/\/www.revistarambla.com\/la-prision-digital-emociones-reducidas-a-pixeles-en-la-economia-de-la-atencion\/"},"wordCount":1260,"publisher":{"@id":"https:\/\/www.revistarambla.com\/#organization"},"image":{"@id":"https:\/\/www.revistarambla.com\/la-prision-digital-emociones-reducidas-a-pixeles-en-la-economia-de-la-atencion\/#primaryimage"},"thumbnailUrl":"https:\/\/www.revistarambla.com\/wp-content\/uploads\/2022\/12\/instagram-revista-rambla.webp","articleSection":["Otras Miradas"],"inLanguage":"en-GB"},{"@type":"WebPage","@id":"https:\/\/www.revistarambla.com\/la-prision-digital-emociones-reducidas-a-pixeles-en-la-economia-de-la-atencion\/","url":"https:\/\/www.revistarambla.com\/la-prision-digital-emociones-reducidas-a-pixeles-en-la-economia-de-la-atencion\/","name":"La prisi\u00f3n digital: emociones reducidas a p\u00edxeles en la Econom\u00eda de la Atenci\u00f3n - Revista Rambla","isPartOf":{"@id":"https:\/\/www.revistarambla.com\/#website"},"primaryImageOfPage":{"@id":"https:\/\/www.revistarambla.com\/la-prision-digital-emociones-reducidas-a-pixeles-en-la-economia-de-la-atencion\/#primaryimage"},"image":{"@id":"https:\/\/www.revistarambla.com\/la-prision-digital-emociones-reducidas-a-pixeles-en-la-economia-de-la-atencion\/#primaryimage"},"thumbnailUrl":"https:\/\/www.revistarambla.com\/wp-content\/uploads\/2022\/12\/instagram-revista-rambla.webp","datePublished":"2025-10-18T09:34:04+00:00","dateModified":"2025-10-19T18:08:30+00:00","breadcrumb":{"@id":"https:\/\/www.revistarambla.com\/la-prision-digital-emociones-reducidas-a-pixeles-en-la-economia-de-la-atencion\/#breadcrumb"},"inLanguage":"en-GB","potentialAction":[{"@type":"ReadAction","target":["https:\/\/www.revistarambla.com\/la-prision-digital-emociones-reducidas-a-pixeles-en-la-economia-de-la-atencion\/"]}]},{"@type":"ImageObject","inLanguage":"en-GB","@id":"https:\/\/www.revistarambla.com\/la-prision-digital-emociones-reducidas-a-pixeles-en-la-economia-de-la-atencion\/#primaryimage","url":"https:\/\/www.revistarambla.com\/wp-content\/uploads\/2022\/12\/instagram-revista-rambla.webp","contentUrl":"https:\/\/www.revistarambla.com\/wp-content\/uploads\/2022\/12\/instagram-revista-rambla.webp","width":1900,"height":1069,"caption":"prisi\u00f3n digital"},{"@type":"BreadcrumbList","@id":"https:\/\/www.revistarambla.com\/la-prision-digital-emociones-reducidas-a-pixeles-en-la-economia-de-la-atencion\/#breadcrumb","itemListElement":[{"@type":"ListItem","position":1,"name":"Portada","item":"https:\/\/www.revistarambla.com\/"},{"@type":"ListItem","position":2,"name":"La prisi\u00f3n digital: emociones reducidas a p\u00edxeles en la Econom\u00eda de la Atenci\u00f3n"}]},{"@type":"WebSite","@id":"https:\/\/www.revistarambla.com\/#website","url":"https:\/\/www.revistarambla.com\/","name":"Revista Rambla Barcelona","description":"Periodismo independiente","publisher":{"@id":"https:\/\/www.revistarambla.com\/#organization"},"potentialAction":[{"@type":"SearchAction","target":{"@type":"EntryPoint","urlTemplate":"https:\/\/www.revistarambla.com\/?s={search_term_string}"},"query-input":{"@type":"PropertyValueSpecification","valueRequired":true,"valueName":"search_term_string"}}],"inLanguage":"en-GB"},{"@type":"Organization","@id":"https:\/\/www.revistarambla.com\/#organization","name":"Revista Rambla","url":"https:\/\/www.revistarambla.com\/","logo":{"@type":"ImageObject","inLanguage":"en-GB","@id":"https:\/\/www.revistarambla.com\/#\/schema\/logo\/image\/","url":"https:\/\/www.revistarambla.com\/wp-content\/uploads\/2020\/09\/banner_rambla_1900x600_BB.png","contentUrl":"https:\/\/www.revistarambla.com\/wp-content\/uploads\/2020\/09\/banner_rambla_1900x600_BB.png","width":1900,"height":600,"caption":"Revista Rambla"},"image":{"@id":"https:\/\/www.revistarambla.com\/#\/schema\/logo\/image\/"},"sameAs":["https:\/\/www.facebook.com\/revistarambla\/","https:\/\/x.com\/revistarambla","https:\/\/www.instagram.com\/revista_rambla","https:\/\/es.linkedin.com\/company\/revista-rambla"]},{"@type":"Person","@id":"https:\/\/www.revistarambla.com\/#\/schema\/person\/a146a5a2550b94981a75131180e1bd9c","name":"R@mbla","description":"Este art\u00edculo ha sido redactado y\/o validado por el equipo de redacci\u00f3n de Revista Rambla.","sameAs":["https:\/\/www.revistarambla.com\/","https:\/\/www.facebook.com\/revistarambla","https:\/\/x.com\/revistarambla"]}]}},"_links":{"self":[{"href":"https:\/\/www.revistarambla.com\/en\/wp-json\/wp\/v2\/posts\/66944","targetHints":{"allow":["GET"]}}],"collection":[{"href":"https:\/\/www.revistarambla.com\/en\/wp-json\/wp\/v2\/posts"}],"about":[{"href":"https:\/\/www.revistarambla.com\/en\/wp-json\/wp\/v2\/types\/post"}],"author":[{"embeddable":true,"href":"https:\/\/www.revistarambla.com\/en\/wp-json\/wp\/v2\/users\/3"}],"replies":[{"embeddable":true,"href":"https:\/\/www.revistarambla.com\/en\/wp-json\/wp\/v2\/comments?post=66944"}],"version-history":[{"count":1,"href":"https:\/\/www.revistarambla.com\/en\/wp-json\/wp\/v2\/posts\/66944\/revisions"}],"predecessor-version":[{"id":66945,"href":"https:\/\/www.revistarambla.com\/en\/wp-json\/wp\/v2\/posts\/66944\/revisions\/66945"}],"wp:featuredmedia":[{"embeddable":true,"href":"https:\/\/www.revistarambla.com\/en\/wp-json\/wp\/v2\/media\/51637"}],"wp:attachment":[{"href":"https:\/\/www.revistarambla.com\/en\/wp-json\/wp\/v2\/media?parent=66944"}],"wp:term":[{"taxonomy":"category","embeddable":true,"href":"https:\/\/www.revistarambla.com\/en\/wp-json\/wp\/v2\/categories?post=66944"},{"taxonomy":"post_tag","embeddable":true,"href":"https:\/\/www.revistarambla.com\/en\/wp-json\/wp\/v2\/tags?post=66944"}],"curies":[{"name":"wp","href":"https:\/\/api.w.org\/{rel}","templated":true}]}}