{"id":66935,"date":"2025-10-18T11:21:57","date_gmt":"2025-10-18T09:21:57","guid":{"rendered":"https:\/\/www.revistarambla.com\/?p=66935"},"modified":"2025-10-18T11:21:57","modified_gmt":"2025-10-18T09:21:57","slug":"cuando-sera-obligatorio-verifactu-el-sistema-de-facturacion-electronica-que-hacienda-exige-a-autonomos-y-empresarios","status":"publish","type":"post","link":"https:\/\/www.revistarambla.com\/en\/cuando-sera-obligatorio-verifactu-el-sistema-de-facturacion-electronica-que-hacienda-exige-a-autonomos-y-empresarios\/","title":{"rendered":"\u00bfCu\u00e1ndo ser\u00e1 obligatorio VERI*FACTU, el sistema de facturaci\u00f3n electr\u00f3nica que Hacienda exige a aut\u00f3nomos y empresarios?"},"content":{"rendered":"<p>La <i>Direcci\u00f3n General de la Industria y de la Peque\u00f1a y Mediana Empresa<\/i> calcula que, en Espa\u00f1a, casi 3 millones de pymes permanecen activas. Todas ellas, aparte de tener en com\u00fan una plantilla con menos de 250 empleados, comparten la obligaci\u00f3n de <b>adaptarse a VERI*FACTU<\/b>. Impulsado por la Agencia Tributaria, y respaldado por el reglamento aprobado seg\u00fan el <i>Real Decreto 1007\/2023, de 5 de diciembre, <\/i>este nuevo mecanismo digitalizar\u00e1 el proceso por el que los <b>aut\u00f3nomos y empresarios<\/b> presentan sus facturas a Hacienda. Se trata de un<b> sistema de facturaci\u00f3n<\/b> que, desde el pasado 23 de abril \u2014coincidiendo con el D\u00eda del Libro\u2014, los trabajadores por cuenta propia (con y sin negocio) ya pueden utilizar.<\/p>\n<p>Javier Hurtado (inspector de Hacienda) explica que la Agencia Tributaria ha recibido, por el momento, 300.000 registros procedentes de diferentes <b><i>softwares <\/i><\/b><b>autorizados para emitir facturas electr\u00f3nicas<\/b>. Si bien es cierto que todav\u00eda no ha entrado definitivamente en vigor, incumplir con el sistema VERI*FACTU generar\u00e1 sanciones en lo sucesivo. Aunque <i>Infogesti\u00f3n <\/i>ha publicado en su web una lista de <a href=\"https:\/\/www.infogestionslu.com\/verifactu-sistema-aeat-cambia-facturacion-en-espana\/\">FAQ interesante sobre Verifactu<\/a>, hemos querido desarrollar un poco m\u00e1s en qu\u00e9 consiste y aclarar el plazo de tiempo que el aut\u00f3nomo\/empresario tiene para implementarlo en su d\u00eda a d\u00eda.<\/p>\n<h2><b>En menos de un a\u00f1o, todos tendr\u00e1n VERI*FACTU<\/b><\/h2>\n<p>Son muchos los portales en Internet que hablan sobre VERI*FACTU. Sin embargo, pocos establecen las fechas l\u00edmites para acoger el nuevo sistema de facturaci\u00f3n. La Oficina Econ\u00f3mica de Galicia (incluida en esta minor\u00eda) explica que los plazos cambian en funci\u00f3n de si se pretende adaptar el sistema o de si el aut\u00f3nomo\/empresario ya est\u00e1 preparado para <b>enviar facturas telem\u00e1ticamente a Hacienda<\/b>.Por consiguiente, tenemos las siguientes fechas:<\/p>\n<ol>\n<li aria-level=\"1\"><b>Antes del 1 de enero de 2026 <\/b>(pr\u00e1cticamente, est\u00e1 a la vuelta de la esquina), los que en Espa\u00f1a deben pagar el <b>Impuesto sobre Sociedades<\/b> habr\u00e1n de haber adaptado su sistema inform\u00e1tico a VERI*FACTU. Quienes no est\u00e1n obligados a tributar el IS disponen de un margen mayor: hasta el 1 de julio del a\u00f1o que viene.<\/li>\n<li aria-level=\"1\">Para<b> enviar las facturas en formato electr\u00f3nico<\/b>, el plazo es m\u00e1s extenso. Hasta que no se redacte el reglamento pertinente (que estar\u00e1 apoyado por la <i>Ley Crea y Crece<\/i>), emitir las facturas digitalmente no ser\u00e1 obligatorio. Se prev\u00e9 que esto suceda dentro de un par de a\u00f1os. As\u00ed que, hasta 2027, no har\u00e1 falta mandarlas telem\u00e1ticamente.<\/li>\n<\/ol>\n<h3><b>\u00bfQui\u00e9nes est\u00e1n obligados a pagar el IS?<\/b><\/h3>\n<p>Los <b>sistemas inform\u00e1ticos<\/b> deben estar ya en proceso de adoptar VERI*FACTU. Para ajustarse al nuevo sistema, est\u00e1n en la recta final (sobre todo) quienes pagan el Impuesto de Sociedades. Catalu\u00f1a es la comunidad con m\u00e1s empresas activas, pero no todas ellas tributan el IS. Las que no lo hacen, como ya hemos indicado, podr\u00e1n esperar <b>hasta el 1 julio de 2026<\/b> para adaptar sus sistemas inform\u00e1ticos.<\/p>\n<p>No corren la misma suerte (deber\u00e1n hacerlo antes del pr\u00f3ximo 1 de enero):<\/p>\n<ul>\n<li aria-level=\"1\"><b>sociedades mercantiles <\/b>(sociedades de responsabilidad limitada, sociedades an\u00f3nimas&#8230;);<\/li>\n<li aria-level=\"1\">sociedades unipersonales;<\/li>\n<li aria-level=\"1\">sociedades <b>cooperativas<\/b>;<\/li>\n<li aria-level=\"1\">asociaciones, <b>fundaciones <\/b>e instituciones p\u00fablicas y privadas;<\/li>\n<li aria-level=\"1\">etc.<\/li>\n<\/ul>\n<p>A pesar de no tener <b>personalidad jur\u00eddica propia<\/b>, las uniones temporales de empresas y los <b>fondos de pensiones <\/b>(entre otros) tambi\u00e9n pertenecen al grupo que tiene hasta el 01\/01\/26.<\/p>\n<h2><b>Ayudas y sanciones por (in)cumplimiento de VERI*FACTU<\/b><\/h2>\n<p>Tener que adoptar el sistema VERI*FACTU le supondr\u00e1 al aut\u00f3nomo\/empresario cierto desembolso econ\u00f3mico. El Gobierno de Espa\u00f1a, en un marco de <b>recuperaci\u00f3n y transformaci\u00f3n econ\u00f3mica<\/b> tras la \u00faltima pandemia, lanz\u00f3 un proyecto financiado con los fondos <i>Next Generation <\/i>de la Uni\u00f3n Europea. Este plan se llama Kit Digital y otorga ayudas de hasta 3.000 euros que favorecen la digitalizaci\u00f3n de los trabajadores por cuenta propia y las empresas. El plazo (abierto desde enero de 2021) queda cerrado en octubre de este a\u00f1o. Una de las opciones incluidas en el Kit Digital (del que se han beneficiado 676.000 pymes) es, precisamente, la <b>facturaci\u00f3n electr\u00f3nica<\/b>.<\/p>\n<p>Entre los programas inform\u00e1ticos adaptados a VERI*FACTU, encontramos <i>Sage 50,<\/i> que automatiza e interconecta todas las \u00e1reas de un negocio: ventas, contabilidad, almac\u00e9n, facturaci\u00f3n electr\u00f3nica&#8230; Adem\u00e1s, el <i>software <\/i>efect\u00faa <b>copias de seguridad diarias<\/b>, con toda la informaci\u00f3n almacenada en la nube. Aquellos trabajadores por cuenta propia o empresarios que no contraten los servicios de un <i>software <\/i>como Sage 50 estar\u00e1n incumpliendo la <b>nueva normativa legal<\/b>.<\/p>\n<h3><b>\u00bfQu\u00e9 cuant\u00edas determina la Ley Antifraude?<\/b><\/h3>\n<p>Como el nombre completo de la <i>Ley 11\/2021, de 9 de julio, de medidas de prevenci\u00f3n y lucha contra el fraude fiscal<\/i> es a\u00fan m\u00e1s extenso que esto que acabamos de escribir, dicha normativa se resume a menudo como <b>Ley Antifraude<\/b>. Tal y como se explica en ella, quienes fabrican, producen, venden y tienen <i>softwares <\/i>que incumplen VERI*FACTU se enfrentan a dos tipos de sanciones; seg\u00fan el motivo de incumplimiento.Por ejemplo: los aut\u00f3nomos y empresarios que alteren los registros y no permitan su legibilidad \u2014el rastreo, la consulta y el acceso al registro, que deber\u00e1 estar en un formato compatible con los dispositivos de Hacienda\u2014 se enfrentar\u00e1n a <b>multas de hasta 150.000 euros<\/b>. Por otro lado, quienes usen programas inform\u00e1ticos que no hayan sido debidamente certificados para VERI*FACTU podr\u00e1n ser sancionados con hasta 50.000 euros.<\/p>","protected":false},"excerpt":{"rendered":"<p>La Direcci\u00f3n General de la Industria y de la Peque\u00f1a y Mediana Empresa calcula que, en Espa\u00f1a, casi 3 millones de pymes permanecen activas. Todas ellas, aparte de tener en com\u00fan una plantilla con menos de 250 empleados, comparten la obligaci\u00f3n de adaptarse a VERI*FACTU. Impulsado por la Agencia Tributaria, [&hellip;]<\/p>\n","protected":false},"author":3,"featured_media":66936,"comment_status":"closed","ping_status":"closed","sticky":false,"template":"","format":"standard","meta":{"footnotes":""},"categories":[3790],"tags":[],"class_list":["post-66935","post","type-post","status-publish","format-standard","has-post-thumbnail","hentry","category-otras-noticias"],"yoast_head":"<!-- This site is optimized with the Yoast SEO plugin v27.5 - https:\/\/yoast.com\/product\/yoast-seo-wordpress\/ -->\n<title>\u00bfCu\u00e1ndo ser\u00e1 obligatorio VERI*FACTU, el sistema de facturaci\u00f3n electr\u00f3nica que Hacienda exige a aut\u00f3nomos y empresarios? - Revista Rambla<\/title>\n<meta name=\"robots\" content=\"index, follow, max-snippet:-1, max-image-preview:large, max-video-preview:-1\" \/>\n<link rel=\"canonical\" href=\"https:\/\/www.revistarambla.com\/en\/cuando-sera-obligatorio-verifactu-el-sistema-de-facturacion-electronica-que-hacienda-exige-a-autonomos-y-empresarios\/\" \/>\n<meta property=\"og:locale\" content=\"en_GB\" \/>\n<meta property=\"og:type\" content=\"article\" \/>\n<meta property=\"og:title\" content=\"\u00bfCu\u00e1ndo ser\u00e1 obligatorio VERI*FACTU, el sistema de facturaci\u00f3n electr\u00f3nica que Hacienda exige a aut\u00f3nomos y empresarios? - Revista Rambla\" \/>\n<meta property=\"og:description\" content=\"La Direcci\u00f3n General de la Industria y de la Peque\u00f1a y Mediana Empresa calcula que, en Espa\u00f1a, casi 3 millones de pymes permanecen activas. Todas ellas, aparte de tener en com\u00fan una plantilla con menos de 250 empleados, comparten la obligaci\u00f3n de adaptarse a VERI*FACTU. Impulsado por la Agencia Tributaria, [&hellip;]\" \/>\n<meta property=\"og:url\" content=\"https:\/\/www.revistarambla.com\/en\/cuando-sera-obligatorio-verifactu-el-sistema-de-facturacion-electronica-que-hacienda-exige-a-autonomos-y-empresarios\/\" \/>\n<meta property=\"og:site_name\" content=\"Revista Rambla\" \/>\n<meta property=\"article:publisher\" content=\"https:\/\/www.facebook.com\/revistarambla\/\" \/>\n<meta property=\"article:author\" content=\"https:\/\/www.facebook.com\/revistarambla\" \/>\n<meta property=\"article:published_time\" content=\"2025-10-18T09:21:57+00:00\" \/>\n<meta property=\"og:image\" content=\"https:\/\/www.revistarambla.com\/wp-content\/uploads\/2025\/10\/img_0.jpg\" \/>\n\t<meta property=\"og:image:width\" content=\"1280\" \/>\n\t<meta property=\"og:image:height\" content=\"853\" \/>\n\t<meta property=\"og:image:type\" content=\"image\/jpeg\" \/>\n<meta name=\"author\" content=\"R@mbla\" \/>\n<meta name=\"twitter:card\" content=\"summary_large_image\" \/>\n<meta name=\"twitter:creator\" content=\"@revistarambla\" \/>\n<meta name=\"twitter:site\" content=\"@revistarambla\" \/>\n<meta name=\"twitter:label1\" content=\"Written by\" \/>\n\t<meta name=\"twitter:data1\" content=\"R@mbla\" \/>\n\t<meta name=\"twitter:label2\" content=\"Estimated reading time\" \/>\n\t<meta name=\"twitter:data2\" content=\"5 minutes\" \/>\n<script type=\"application\/ld+json\" class=\"yoast-schema-graph\">{\"@context\":\"https:\\\/\\\/schema.org\",\"@graph\":[{\"@type\":\"Article\",\"@id\":\"https:\\\/\\\/www.revistarambla.com\\\/cuando-sera-obligatorio-verifactu-el-sistema-de-facturacion-electronica-que-hacienda-exige-a-autonomos-y-empresarios\\\/#article\",\"isPartOf\":{\"@id\":\"https:\\\/\\\/www.revistarambla.com\\\/cuando-sera-obligatorio-verifactu-el-sistema-de-facturacion-electronica-que-hacienda-exige-a-autonomos-y-empresarios\\\/\"},\"author\":{\"name\":\"R@mbla\",\"@id\":\"https:\\\/\\\/www.revistarambla.com\\\/#\\\/schema\\\/person\\\/a146a5a2550b94981a75131180e1bd9c\"},\"headline\":\"\u00bfCu\u00e1ndo ser\u00e1 obligatorio VERI*FACTU, el sistema de facturaci\u00f3n electr\u00f3nica que Hacienda exige a aut\u00f3nomos y empresarios?\",\"datePublished\":\"2025-10-18T09:21:57+00:00\",\"mainEntityOfPage\":{\"@id\":\"https:\\\/\\\/www.revistarambla.com\\\/cuando-sera-obligatorio-verifactu-el-sistema-de-facturacion-electronica-que-hacienda-exige-a-autonomos-y-empresarios\\\/\"},\"wordCount\":932,\"publisher\":{\"@id\":\"https:\\\/\\\/www.revistarambla.com\\\/#organization\"},\"image\":{\"@id\":\"https:\\\/\\\/www.revistarambla.com\\\/cuando-sera-obligatorio-verifactu-el-sistema-de-facturacion-electronica-que-hacienda-exige-a-autonomos-y-empresarios\\\/#primaryimage\"},\"thumbnailUrl\":\"https:\\\/\\\/www.revistarambla.com\\\/wp-content\\\/uploads\\\/2025\\\/10\\\/img_0.jpg\",\"articleSection\":[\"Otras Noticias\"],\"inLanguage\":\"en-GB\"},{\"@type\":\"WebPage\",\"@id\":\"https:\\\/\\\/www.revistarambla.com\\\/cuando-sera-obligatorio-verifactu-el-sistema-de-facturacion-electronica-que-hacienda-exige-a-autonomos-y-empresarios\\\/\",\"url\":\"https:\\\/\\\/www.revistarambla.com\\\/cuando-sera-obligatorio-verifactu-el-sistema-de-facturacion-electronica-que-hacienda-exige-a-autonomos-y-empresarios\\\/\",\"name\":\"\u00bfCu\u00e1ndo ser\u00e1 obligatorio VERI*FACTU, el sistema de facturaci\u00f3n electr\u00f3nica que Hacienda exige a aut\u00f3nomos y empresarios? - Revista Rambla\",\"isPartOf\":{\"@id\":\"https:\\\/\\\/www.revistarambla.com\\\/#website\"},\"primaryImageOfPage\":{\"@id\":\"https:\\\/\\\/www.revistarambla.com\\\/cuando-sera-obligatorio-verifactu-el-sistema-de-facturacion-electronica-que-hacienda-exige-a-autonomos-y-empresarios\\\/#primaryimage\"},\"image\":{\"@id\":\"https:\\\/\\\/www.revistarambla.com\\\/cuando-sera-obligatorio-verifactu-el-sistema-de-facturacion-electronica-que-hacienda-exige-a-autonomos-y-empresarios\\\/#primaryimage\"},\"thumbnailUrl\":\"https:\\\/\\\/www.revistarambla.com\\\/wp-content\\\/uploads\\\/2025\\\/10\\\/img_0.jpg\",\"datePublished\":\"2025-10-18T09:21:57+00:00\",\"breadcrumb\":{\"@id\":\"https:\\\/\\\/www.revistarambla.com\\\/cuando-sera-obligatorio-verifactu-el-sistema-de-facturacion-electronica-que-hacienda-exige-a-autonomos-y-empresarios\\\/#breadcrumb\"},\"inLanguage\":\"en-GB\",\"potentialAction\":[{\"@type\":\"ReadAction\",\"target\":[\"https:\\\/\\\/www.revistarambla.com\\\/cuando-sera-obligatorio-verifactu-el-sistema-de-facturacion-electronica-que-hacienda-exige-a-autonomos-y-empresarios\\\/\"]}]},{\"@type\":\"ImageObject\",\"inLanguage\":\"en-GB\",\"@id\":\"https:\\\/\\\/www.revistarambla.com\\\/cuando-sera-obligatorio-verifactu-el-sistema-de-facturacion-electronica-que-hacienda-exige-a-autonomos-y-empresarios\\\/#primaryimage\",\"url\":\"https:\\\/\\\/www.revistarambla.com\\\/wp-content\\\/uploads\\\/2025\\\/10\\\/img_0.jpg\",\"contentUrl\":\"https:\\\/\\\/www.revistarambla.com\\\/wp-content\\\/uploads\\\/2025\\\/10\\\/img_0.jpg\",\"width\":1280,\"height\":853,\"caption\":\"VERI*FACTU\"},{\"@type\":\"BreadcrumbList\",\"@id\":\"https:\\\/\\\/www.revistarambla.com\\\/cuando-sera-obligatorio-verifactu-el-sistema-de-facturacion-electronica-que-hacienda-exige-a-autonomos-y-empresarios\\\/#breadcrumb\",\"itemListElement\":[{\"@type\":\"ListItem\",\"position\":1,\"name\":\"Portada\",\"item\":\"https:\\\/\\\/www.revistarambla.com\\\/\"},{\"@type\":\"ListItem\",\"position\":2,\"name\":\"\u00bfCu\u00e1ndo ser\u00e1 obligatorio VERI*FACTU, el sistema de facturaci\u00f3n electr\u00f3nica que Hacienda exige a aut\u00f3nomos y empresarios?\"}]},{\"@type\":\"WebSite\",\"@id\":\"https:\\\/\\\/www.revistarambla.com\\\/#website\",\"url\":\"https:\\\/\\\/www.revistarambla.com\\\/\",\"name\":\"Revista Rambla Barcelona\",\"description\":\"Periodismo independiente\",\"publisher\":{\"@id\":\"https:\\\/\\\/www.revistarambla.com\\\/#organization\"},\"potentialAction\":[{\"@type\":\"SearchAction\",\"target\":{\"@type\":\"EntryPoint\",\"urlTemplate\":\"https:\\\/\\\/www.revistarambla.com\\\/?s={search_term_string}\"},\"query-input\":{\"@type\":\"PropertyValueSpecification\",\"valueRequired\":true,\"valueName\":\"search_term_string\"}}],\"inLanguage\":\"en-GB\"},{\"@type\":\"Organization\",\"@id\":\"https:\\\/\\\/www.revistarambla.com\\\/#organization\",\"name\":\"Revista Rambla\",\"url\":\"https:\\\/\\\/www.revistarambla.com\\\/\",\"logo\":{\"@type\":\"ImageObject\",\"inLanguage\":\"en-GB\",\"@id\":\"https:\\\/\\\/www.revistarambla.com\\\/#\\\/schema\\\/logo\\\/image\\\/\",\"url\":\"https:\\\/\\\/www.revistarambla.com\\\/wp-content\\\/uploads\\\/2020\\\/09\\\/banner_rambla_1900x600_BB.png\",\"contentUrl\":\"https:\\\/\\\/www.revistarambla.com\\\/wp-content\\\/uploads\\\/2020\\\/09\\\/banner_rambla_1900x600_BB.png\",\"width\":1900,\"height\":600,\"caption\":\"Revista Rambla\"},\"image\":{\"@id\":\"https:\\\/\\\/www.revistarambla.com\\\/#\\\/schema\\\/logo\\\/image\\\/\"},\"sameAs\":[\"https:\\\/\\\/www.facebook.com\\\/revistarambla\\\/\",\"https:\\\/\\\/x.com\\\/revistarambla\",\"https:\\\/\\\/www.instagram.com\\\/revista_rambla\",\"https:\\\/\\\/es.linkedin.com\\\/company\\\/revista-rambla\"]},{\"@type\":\"Person\",\"@id\":\"https:\\\/\\\/www.revistarambla.com\\\/#\\\/schema\\\/person\\\/a146a5a2550b94981a75131180e1bd9c\",\"name\":\"R@mbla\",\"description\":\"Este art\u00edculo ha sido redactado y\\\/o validado por el equipo de redacci\u00f3n de Revista Rambla.\",\"sameAs\":[\"https:\\\/\\\/www.revistarambla.com\\\/\",\"https:\\\/\\\/www.facebook.com\\\/revistarambla\",\"https:\\\/\\\/x.com\\\/revistarambla\"]}]}<\/script>\n<!-- \/ Yoast SEO plugin. -->","yoast_head_json":{"title":"\u00bfCu\u00e1ndo ser\u00e1 obligatorio VERI*FACTU, el sistema de facturaci\u00f3n electr\u00f3nica que Hacienda exige a aut\u00f3nomos y empresarios? - Revista Rambla","robots":{"index":"index","follow":"follow","max-snippet":"max-snippet:-1","max-image-preview":"max-image-preview:large","max-video-preview":"max-video-preview:-1"},"canonical":"https:\/\/www.revistarambla.com\/en\/cuando-sera-obligatorio-verifactu-el-sistema-de-facturacion-electronica-que-hacienda-exige-a-autonomos-y-empresarios\/","og_locale":"en_GB","og_type":"article","og_title":"\u00bfCu\u00e1ndo ser\u00e1 obligatorio VERI*FACTU, el sistema de facturaci\u00f3n electr\u00f3nica que Hacienda exige a aut\u00f3nomos y empresarios? - Revista Rambla","og_description":"La Direcci\u00f3n General de la Industria y de la Peque\u00f1a y Mediana Empresa calcula que, en Espa\u00f1a, casi 3 millones de pymes permanecen activas. Todas ellas, aparte de tener en com\u00fan una plantilla con menos de 250 empleados, comparten la obligaci\u00f3n de adaptarse a VERI*FACTU. Impulsado por la Agencia Tributaria, [&hellip;]","og_url":"https:\/\/www.revistarambla.com\/en\/cuando-sera-obligatorio-verifactu-el-sistema-de-facturacion-electronica-que-hacienda-exige-a-autonomos-y-empresarios\/","og_site_name":"Revista Rambla","article_publisher":"https:\/\/www.facebook.com\/revistarambla\/","article_author":"https:\/\/www.facebook.com\/revistarambla","article_published_time":"2025-10-18T09:21:57+00:00","og_image":[{"width":1280,"height":853,"url":"https:\/\/www.revistarambla.com\/wp-content\/uploads\/2025\/10\/img_0.jpg","type":"image\/jpeg"}],"author":"R@mbla","twitter_card":"summary_large_image","twitter_creator":"@revistarambla","twitter_site":"@revistarambla","twitter_misc":{"Written by":"R@mbla","Estimated reading time":"5 minutes"},"schema":{"@context":"https:\/\/schema.org","@graph":[{"@type":"Article","@id":"https:\/\/www.revistarambla.com\/cuando-sera-obligatorio-verifactu-el-sistema-de-facturacion-electronica-que-hacienda-exige-a-autonomos-y-empresarios\/#article","isPartOf":{"@id":"https:\/\/www.revistarambla.com\/cuando-sera-obligatorio-verifactu-el-sistema-de-facturacion-electronica-que-hacienda-exige-a-autonomos-y-empresarios\/"},"author":{"name":"R@mbla","@id":"https:\/\/www.revistarambla.com\/#\/schema\/person\/a146a5a2550b94981a75131180e1bd9c"},"headline":"\u00bfCu\u00e1ndo ser\u00e1 obligatorio VERI*FACTU, el sistema de facturaci\u00f3n electr\u00f3nica que Hacienda exige a aut\u00f3nomos y empresarios?","datePublished":"2025-10-18T09:21:57+00:00","mainEntityOfPage":{"@id":"https:\/\/www.revistarambla.com\/cuando-sera-obligatorio-verifactu-el-sistema-de-facturacion-electronica-que-hacienda-exige-a-autonomos-y-empresarios\/"},"wordCount":932,"publisher":{"@id":"https:\/\/www.revistarambla.com\/#organization"},"image":{"@id":"https:\/\/www.revistarambla.com\/cuando-sera-obligatorio-verifactu-el-sistema-de-facturacion-electronica-que-hacienda-exige-a-autonomos-y-empresarios\/#primaryimage"},"thumbnailUrl":"https:\/\/www.revistarambla.com\/wp-content\/uploads\/2025\/10\/img_0.jpg","articleSection":["Otras Noticias"],"inLanguage":"en-GB"},{"@type":"WebPage","@id":"https:\/\/www.revistarambla.com\/cuando-sera-obligatorio-verifactu-el-sistema-de-facturacion-electronica-que-hacienda-exige-a-autonomos-y-empresarios\/","url":"https:\/\/www.revistarambla.com\/cuando-sera-obligatorio-verifactu-el-sistema-de-facturacion-electronica-que-hacienda-exige-a-autonomos-y-empresarios\/","name":"\u00bfCu\u00e1ndo ser\u00e1 obligatorio VERI*FACTU, el sistema de facturaci\u00f3n electr\u00f3nica que Hacienda exige a aut\u00f3nomos y empresarios? - Revista Rambla","isPartOf":{"@id":"https:\/\/www.revistarambla.com\/#website"},"primaryImageOfPage":{"@id":"https:\/\/www.revistarambla.com\/cuando-sera-obligatorio-verifactu-el-sistema-de-facturacion-electronica-que-hacienda-exige-a-autonomos-y-empresarios\/#primaryimage"},"image":{"@id":"https:\/\/www.revistarambla.com\/cuando-sera-obligatorio-verifactu-el-sistema-de-facturacion-electronica-que-hacienda-exige-a-autonomos-y-empresarios\/#primaryimage"},"thumbnailUrl":"https:\/\/www.revistarambla.com\/wp-content\/uploads\/2025\/10\/img_0.jpg","datePublished":"2025-10-18T09:21:57+00:00","breadcrumb":{"@id":"https:\/\/www.revistarambla.com\/cuando-sera-obligatorio-verifactu-el-sistema-de-facturacion-electronica-que-hacienda-exige-a-autonomos-y-empresarios\/#breadcrumb"},"inLanguage":"en-GB","potentialAction":[{"@type":"ReadAction","target":["https:\/\/www.revistarambla.com\/cuando-sera-obligatorio-verifactu-el-sistema-de-facturacion-electronica-que-hacienda-exige-a-autonomos-y-empresarios\/"]}]},{"@type":"ImageObject","inLanguage":"en-GB","@id":"https:\/\/www.revistarambla.com\/cuando-sera-obligatorio-verifactu-el-sistema-de-facturacion-electronica-que-hacienda-exige-a-autonomos-y-empresarios\/#primaryimage","url":"https:\/\/www.revistarambla.com\/wp-content\/uploads\/2025\/10\/img_0.jpg","contentUrl":"https:\/\/www.revistarambla.com\/wp-content\/uploads\/2025\/10\/img_0.jpg","width":1280,"height":853,"caption":"VERI*FACTU"},{"@type":"BreadcrumbList","@id":"https:\/\/www.revistarambla.com\/cuando-sera-obligatorio-verifactu-el-sistema-de-facturacion-electronica-que-hacienda-exige-a-autonomos-y-empresarios\/#breadcrumb","itemListElement":[{"@type":"ListItem","position":1,"name":"Portada","item":"https:\/\/www.revistarambla.com\/"},{"@type":"ListItem","position":2,"name":"\u00bfCu\u00e1ndo ser\u00e1 obligatorio VERI*FACTU, el sistema de facturaci\u00f3n electr\u00f3nica que Hacienda exige a aut\u00f3nomos y empresarios?"}]},{"@type":"WebSite","@id":"https:\/\/www.revistarambla.com\/#website","url":"https:\/\/www.revistarambla.com\/","name":"Revista Rambla Barcelona","description":"Periodismo independiente","publisher":{"@id":"https:\/\/www.revistarambla.com\/#organization"},"potentialAction":[{"@type":"SearchAction","target":{"@type":"EntryPoint","urlTemplate":"https:\/\/www.revistarambla.com\/?s={search_term_string}"},"query-input":{"@type":"PropertyValueSpecification","valueRequired":true,"valueName":"search_term_string"}}],"inLanguage":"en-GB"},{"@type":"Organization","@id":"https:\/\/www.revistarambla.com\/#organization","name":"Revista Rambla","url":"https:\/\/www.revistarambla.com\/","logo":{"@type":"ImageObject","inLanguage":"en-GB","@id":"https:\/\/www.revistarambla.com\/#\/schema\/logo\/image\/","url":"https:\/\/www.revistarambla.com\/wp-content\/uploads\/2020\/09\/banner_rambla_1900x600_BB.png","contentUrl":"https:\/\/www.revistarambla.com\/wp-content\/uploads\/2020\/09\/banner_rambla_1900x600_BB.png","width":1900,"height":600,"caption":"Revista Rambla"},"image":{"@id":"https:\/\/www.revistarambla.com\/#\/schema\/logo\/image\/"},"sameAs":["https:\/\/www.facebook.com\/revistarambla\/","https:\/\/x.com\/revistarambla","https:\/\/www.instagram.com\/revista_rambla","https:\/\/es.linkedin.com\/company\/revista-rambla"]},{"@type":"Person","@id":"https:\/\/www.revistarambla.com\/#\/schema\/person\/a146a5a2550b94981a75131180e1bd9c","name":"R@mbla","description":"Este art\u00edculo ha sido redactado y\/o validado por el equipo de redacci\u00f3n de Revista Rambla.","sameAs":["https:\/\/www.revistarambla.com\/","https:\/\/www.facebook.com\/revistarambla","https:\/\/x.com\/revistarambla"]}]}},"_links":{"self":[{"href":"https:\/\/www.revistarambla.com\/en\/wp-json\/wp\/v2\/posts\/66935","targetHints":{"allow":["GET"]}}],"collection":[{"href":"https:\/\/www.revistarambla.com\/en\/wp-json\/wp\/v2\/posts"}],"about":[{"href":"https:\/\/www.revistarambla.com\/en\/wp-json\/wp\/v2\/types\/post"}],"author":[{"embeddable":true,"href":"https:\/\/www.revistarambla.com\/en\/wp-json\/wp\/v2\/users\/3"}],"replies":[{"embeddable":true,"href":"https:\/\/www.revistarambla.com\/en\/wp-json\/wp\/v2\/comments?post=66935"}],"version-history":[{"count":1,"href":"https:\/\/www.revistarambla.com\/en\/wp-json\/wp\/v2\/posts\/66935\/revisions"}],"predecessor-version":[{"id":66937,"href":"https:\/\/www.revistarambla.com\/en\/wp-json\/wp\/v2\/posts\/66935\/revisions\/66937"}],"wp:featuredmedia":[{"embeddable":true,"href":"https:\/\/www.revistarambla.com\/en\/wp-json\/wp\/v2\/media\/66936"}],"wp:attachment":[{"href":"https:\/\/www.revistarambla.com\/en\/wp-json\/wp\/v2\/media?parent=66935"}],"wp:term":[{"taxonomy":"category","embeddable":true,"href":"https:\/\/www.revistarambla.com\/en\/wp-json\/wp\/v2\/categories?post=66935"},{"taxonomy":"post_tag","embeddable":true,"href":"https:\/\/www.revistarambla.com\/en\/wp-json\/wp\/v2\/tags?post=66935"}],"curies":[{"name":"wp","href":"https:\/\/api.w.org\/{rel}","templated":true}]}}