{"id":66927,"date":"2025-10-17T13:33:32","date_gmt":"2025-10-17T11:33:32","guid":{"rendered":"https:\/\/www.revistarambla.com\/?p=66927"},"modified":"2025-10-17T13:33:32","modified_gmt":"2025-10-17T11:33:32","slug":"como-barcelona-adopta-formatos-globales-de-ocio-del-self-portrait-studio-coreano-a-la-sesion-navidena-lifestyle","status":"publish","type":"post","link":"https:\/\/www.revistarambla.com\/en\/como-barcelona-adopta-formatos-globales-de-ocio-del-self-portrait-studio-coreano-a-la-sesion-navidena-lifestyle\/","title":{"rendered":"C\u00f3mo Barcelona adopta formatos globales de ocio: del self-portrait studio coreano a la sesi\u00f3n navide\u00f1a lifestyle"},"content":{"rendered":"<p>En los \u00faltimos a\u00f1os, Barcelona se ha convertido en un campo de pruebas para formatos de ocio que nacieron a miles de kil\u00f3metros de aqu\u00ed. Desde el karaoke privado japon\u00e9s hasta los escape rooms h\u00fangaros, la ciudad condal importa, adapta y hace suyas tendencias que primero triunfaron en otras capitales. Una de las \u00faltimas incorporaciones son los <a href=\"https:\/\/www.wonderstory.es\/barcelona\/youlo-self-photo\/\">self-portrait studios<\/a>: espacios donde t\u00fa mismo haces tus fotos sin fot\u00f3grafo presente, un concepto que arrasa en Se\u00fal, Los \u00c1ngeles y Nueva York, y que ahora echa ra\u00edces en el centro de Barcelona.<\/p>\n<h2>Del espejo m\u00e1gico de Se\u00fal al Eixample barcelon\u00e9s<\/h2>\n<p>La historia comienza en Corea del Sur, pa\u00eds donde la cultura visual de Instagram se mezcl\u00f3 con algo muy coreano: la verg\u00fcenza ante las c\u00e1maras. En una sociedad donde hacerse fotos es casi obligatorio pero posar delante de un desconocido genera incomodidad, alguien tuvo una idea brillante: \u00bfy si la c\u00e1mara estuviera escondida detr\u00e1s de un espejo?<\/p>\n<p>El concepto es simple pero efectivo. Un espejo semitransparente permite que la persona se vea reflejada mientras la c\u00e1mara, invisible detr\u00e1s del cristal, captura la imagen. El cliente tiene un mando en la mano, controla la m\u00fasica, el tiempo, las poses. No hay nadie mirando. No hay prisa. Y si una foto no sale bien, se hace otra. Y otra. Hasta que todos est\u00e9n contentos.<\/p>\n<p><img decoding=\"async\" class=\"aligncenter wp-image-66929 size-full\" src=\"https:\/\/www.revistarambla.com\/wp-content\/uploads\/2025\/10\/self-photo-studio-in-Barcelona-summer-photoshoots.jpg\" alt=\"FOTOS BARCELONA\" width=\"519\" height=\"778\" srcset=\"https:\/\/www.revistarambla.com\/wp-content\/uploads\/2025\/10\/self-photo-studio-in-Barcelona-summer-photoshoots.jpg 519w, https:\/\/www.revistarambla.com\/wp-content\/uploads\/2025\/10\/self-photo-studio-in-Barcelona-summer-photoshoots-243x365.jpg 243w, https:\/\/www.revistarambla.com\/wp-content\/uploads\/2025\/10\/self-photo-studio-in-Barcelona-summer-photoshoots-8x12.jpg 8w\" sizes=\"(max-width: 519px) 100vw, 519px\" \/><\/p>\n<p>Lo que empez\u00f3 como un fen\u00f3meno local en barrios de Se\u00fal como Gangnam y Hongdae se expandi\u00f3 r\u00e1pidamente a otras metr\u00f3polis. Londres abri\u00f3 sus primeros estudios en 2019. Los \u00c1ngeles y Nueva York siguieron poco despu\u00e9s. Mosc\u00fa, Tokio, Berl\u00edn. Cada ciudad adapt\u00f3 el formato a su p\u00fablico, pero la esencia permaneci\u00f3: libertad sin presi\u00f3n, volumen sin coste extra, y calidad profesional sin necesidad de experiencia.<\/p>\n<p>Barcelona se incorpor\u00f3 a esta ola en 2024 con YOULO, un self-portrait studio a 50 metros de Plaza Catalunya que adapta este formato coreano al p\u00fablico local e internacional. El concepto lleg\u00f3 para quedarse, especialmente entre familias con ni\u00f1os, grupos de amigos celebrando cumplea\u00f1os, y parejas que buscan fotos juntos sin la t\u00edpica rigidez de una sesi\u00f3n formal.<\/p>\n<h2>Por qu\u00e9 funciona: la psicolog\u00eda del espejo<\/h2>\n<p>Hay algo profundamente liberador en no tener a alguien mir\u00e1ndote mientras intentas relajarte delante de una c\u00e1mara. Los estudios tradicionales con fot\u00f3grafo tienen su lugar \u2014y lo seguir\u00e1n teniendo\u2014, pero requieren una disposici\u00f3n especial: estar c\u00f3modo siendo dirigido, confiar en la visi\u00f3n de otra persona, aceptar que las fotos que salgan ser\u00e1n las que el profesional considere mejores.<\/p>\n<p>El self-portrait studio invierte la ecuaci\u00f3n. Aqu\u00ed el control es tuyo. Si tu hijo de tres a\u00f1os no quiere sonre\u00edr, no pasa nada: tienes 40 minutos y 200 intentos. Si quieres hacer el tonto con tu pareja, adelante, nadie os juzga. Si necesitas hacerte 50 selfies para Instagram hasta que salga el \u00e1ngulo perfecto, aqu\u00ed tienes luz profesional y todo el tiempo del mundo.<\/p>\n<p>Esta democratizaci\u00f3n de la fotograf\u00eda profesional responde a un cambio generacional. La Generaci\u00f3n Z y los millennials rechazan cada vez m\u00e1s las poses artificiales. Quieren autenticidad, pero no a costa de la calidad. Quieren verse bien, pero siendo ellos mismos. Y sobre todo, quieren opciones: en lugar de 20 fotos seleccionadas por un fot\u00f3grafo, prefieren tener 200 y elegir ellos mismos cu\u00e1les compartir.<\/p>\n<p><img decoding=\"async\" class=\"aligncenter wp-image-66930 size-large\" src=\"https:\/\/www.revistarambla.com\/wp-content\/uploads\/2025\/10\/sesiones-de-self-photo-en-Barcelona-sesiones-de-verano-560x840.jpg\" alt=\"\" width=\"560\" height=\"840\" srcset=\"https:\/\/www.revistarambla.com\/wp-content\/uploads\/2025\/10\/sesiones-de-self-photo-en-Barcelona-sesiones-de-verano-560x840.jpg 560w, https:\/\/www.revistarambla.com\/wp-content\/uploads\/2025\/10\/sesiones-de-self-photo-en-Barcelona-sesiones-de-verano-243x365.jpg 243w, https:\/\/www.revistarambla.com\/wp-content\/uploads\/2025\/10\/sesiones-de-self-photo-en-Barcelona-sesiones-de-verano-768x1152.jpg 768w, https:\/\/www.revistarambla.com\/wp-content\/uploads\/2025\/10\/sesiones-de-self-photo-en-Barcelona-sesiones-de-verano-1024x1536.jpg 1024w, https:\/\/www.revistarambla.com\/wp-content\/uploads\/2025\/10\/sesiones-de-self-photo-en-Barcelona-sesiones-de-verano-8x12.jpg 8w, https:\/\/www.revistarambla.com\/wp-content\/uploads\/2025\/10\/sesiones-de-self-photo-en-Barcelona-sesiones-de-verano.jpg 1200w\" sizes=\"(max-width: 560px) 100vw, 560px\" \/><\/p>\n<p>El dato m\u00e1s revelador: el 80% de las reservas en estos estudios son para celebrar cumplea\u00f1os. No es casualidad. Un cumplea\u00f1os no requiere la solemnidad de una boda ni la intimidad de un reci\u00e9n nacido. Requiere diversi\u00f3n, complicidad, fotos donde todos salgan bien para poder compartirlas al d\u00eda siguiente. El self-portrait studio responde exactamente a esa necesidad.<\/p>\n<h2>La otra cara de la moneda: cuando la fotograf\u00eda tradicional tambi\u00e9n evoluciona<\/h2>\n<p>Pero ser\u00eda un error pensar que este formato \u00abDIY\u00bb viene a sustituir al fot\u00f3grafo profesional. Lo que est\u00e1 pasando es m\u00e1s interesante: ambos formatos est\u00e1n evolucionando hacia la misma direcci\u00f3n, aunque desde puntos de partida distintos.<\/p>\n<p>Tomemos como ejemplo las <a href=\"https:\/\/www.wonderstory.es\/barcelona\/sesiones-con-fotografo\/fotos-navidad-estudio\/\">sesiones de fotos navide\u00f1as<\/a>. Durante d\u00e9cadas, estas sesiones fueron sin\u00f3nimo de decorados artificiales: \u00e1rboles de pl\u00e1stico, trineos de cart\u00f3n, Pap\u00e1s Noel de atrezzo. Familias espa\u00f1olas posaban delante de escenarios que parec\u00edan sacados de un cat\u00e1logo americano de los a\u00f1os 80, con sonrisas forzadas y ni\u00f1os inc\u00f3modos vestidos de terciopelo rojo.<\/p>\n<p>Hoy, esa est\u00e9tica ha caducado. Las familias barcelonesas \u2014igual que las de Madrid, Valencia o Sevilla\u2014 rechazan el artificio. Quieren fotos que parezcan suyas, que reflejen c\u00f3mo son de verdad, aunque sea en contexto navide\u00f1o. Quieren la calidad profesional de un estudio, pero con la naturalidad de una tarde en casa.<\/p>\n<p>Estudios fotogr\u00e1ficos como Wonderstory han captado este cambio. Su enfoque navide\u00f1o prescinde de los decorados recargados: nada de nieve falsa ni renos de cart\u00f3n. En su lugar, proponen sesiones con luz natural, fondos neutros, ropa c\u00f3moda, y sobre todo, tiempo para que la familia sea familia. Los ni\u00f1os pueden moverse, los padres pueden relajarse, y el fot\u00f3grafo captura momentos reales en lugar de poses estudiadas.<\/p>\n<p>Es curioso: tanto el self-portrait studio como la fotograf\u00eda profesional moderna persiguen lo mismo. Ambos rechazan el artificio. Ambos priorizan la comodidad del cliente. Ambos entienden que una buena foto es aquella donde las personas se reconocen a s\u00ed mismas.<\/p>\n<h2>Dos formatos, dos necesidades: coexistencia en lugar de competencia<\/h2>\n<p>Entonces, \u00bfcu\u00e1l elegir? La respuesta es que no hay competencia real, porque responden a necesidades distintas.<\/p>\n<p>El self-portrait studio brilla en contextos de celebraci\u00f3n, grupos grandes, y momentos donde el proceso importa tanto como el resultado. Es perfecto para un cumplea\u00f1os con amigos, una tarde de pareja haciendo el tonto, o una familia con ni\u00f1os peque\u00f1os que necesitan libertad para jugar. El volumen de fotos (200-400 en una sesi\u00f3n de 40 minutos) garantiza que todos encuentren im\u00e1genes donde salen bien, y el precio \u2014entre 50\u202f\u20ac y 90\u202f\u20ac seg\u00fan el formato\u2014 lo hace accesible.<\/p>\n<p>La sesi\u00f3n con fot\u00f3grafo profesional, en cambio, es insustituible para momentos que requieren experiencia, sensibilidad y gu\u00eda experta. Un reci\u00e9n nacido de 10 d\u00edas necesita ser manejado con cuidado, iluminado correctamente, capturado en esos \u00e1ngulos imposibles que solo un ojo entrenado detecta. Una mujer embarazada de 32 semanas merece que alguien sepa c\u00f3mo posar su cuerpo para que se sienta hermosa. Una familia de tres generaciones \u2014abuelos, padres, nietos\u2014 requiere composici\u00f3n, paciencia, y la habilidad de conseguir que todos miren a c\u00e1mara al mismo tiempo.<\/p>\n<p>Barcelona, como ciudad cosmopolita que es, no tiene que elegir. Abraza ambos formatos porque entiende que la diversidad es riqueza. Hay espacio para el espejo m\u00e1gico coreano y para la sesi\u00f3n \u00edntima con Tami. Para las 200 fotos de cumplea\u00f1os y para los 20 retratos cuidadosamente editados de un reci\u00e9n nacido.<\/p>\n<p><img decoding=\"async\" class=\"aligncenter size-full wp-image-66931\" src=\"https:\/\/www.revistarambla.com\/wp-content\/uploads\/2025\/10\/20250828_Mia_421-Evoto.jpg\" alt=\"\" width=\"409\" height=\"614\" srcset=\"https:\/\/www.revistarambla.com\/wp-content\/uploads\/2025\/10\/20250828_Mia_421-Evoto.jpg 409w, https:\/\/www.revistarambla.com\/wp-content\/uploads\/2025\/10\/20250828_Mia_421-Evoto-243x365.jpg 243w, https:\/\/www.revistarambla.com\/wp-content\/uploads\/2025\/10\/20250828_Mia_421-Evoto-8x12.jpg 8w\" sizes=\"(max-width: 409px) 100vw, 409px\" \/><\/p>\n<p>Lo que ambos formatos comparten \u2014y esto es lo verdaderamente interesante\u2014 es un rechazo al viejo modelo de la fotograf\u00eda comercial: ese donde el fot\u00f3grafo era una figura distante, el cliente un sujeto pasivo, y el resultado una imagen perfecta pero fr\u00eda. Hoy, ya sea con un mando en tu mano o con un profesional a tu lado, lo que se busca es lo mismo: autenticidad capturada con calidad profesional.<\/p>\n<h2>El futuro ya est\u00e1 aqu\u00ed<\/h2>\n<p>Barcelona lleva a\u00f1os demostrando que tiene olfato para detectar tendencias globales antes de que exploten. Fue pionera en traer el brunch americano, en popularizar el poke hawaiano, en convertir el vermut en ritual millennial. Ahora le toca al ocio experiencial basado en la imagen.<\/p>\n<p>El self-portrait studio no es una moda pasajera. Es la respuesta a una generaci\u00f3n que creci\u00f3 con smartphones en las manos, que entiende la luz y los \u00e1ngulos de manera intuitiva, y que valora la autonom\u00eda por encima de la direcci\u00f3n. Pero tampoco es la panacea. Hay momentos que requieren la mano de un profesional, la experiencia de quien ha disparado 10.000 sesiones antes que la tuya.<\/p>\n<p>La buena noticia es que no hay que elegir. Puedes celebrar tu cumplea\u00f1os con 200 fotos hechas por ti mismo en un estudio con espejo m\u00e1gico, y seis meses despu\u00e9s contratar a una fot\u00f3grafa para que capture la llegada de tu beb\u00e9. Puedes hacer fotos navide\u00f1as con toda la familia en un estudio lifestyle, y luego reservar una sesi\u00f3n DIY para tu aniversario de pareja.<\/p>\n<p>Barcelona importa formatos, los prueba, los adapta, y finalmente los hace suyos. El self-portrait studio coreano ya es tan barcelon\u00e9s como el vermut del domingo o el paseo por la Barceloneta. Y la fotograf\u00eda profesional, lejos de desaparecer, se reinventa cada d\u00eda para seguir siendo relevante en una era donde todo el mundo tiene una c\u00e1mara en el bolsillo.<\/p>\n<p>Al final, lo que importa no es qui\u00e9n aprieta el bot\u00f3n. Lo que importa es que las fotos te gusten, que las quieras compartir, que dentro de 10 a\u00f1os las mires y pienses: \u00ab\u00e9ramos as\u00ed, y \u00e9ramos felices\u00bb. Y eso, con espejo m\u00e1gico o sin \u00e9l, siempre va a necesitar un buen estudio, buena luz, y tiempo para ser t\u00fa mismo.<\/p>","protected":false},"excerpt":{"rendered":"<p>En los \u00faltimos a\u00f1os, Barcelona se ha convertido en un campo de pruebas para formatos de ocio que nacieron a miles de kil\u00f3metros de aqu\u00ed. Desde el karaoke privado japon\u00e9s hasta los escape rooms h\u00fangaros, la ciudad condal importa, adapta y hace suyas tendencias que primero triunfaron en otras capitales. [&hellip;]<\/p>\n","protected":false},"author":3,"featured_media":66928,"comment_status":"closed","ping_status":"closed","sticky":false,"template":"","format":"standard","meta":{"footnotes":""},"categories":[350],"tags":[],"class_list":["post-66927","post","type-post","status-publish","format-standard","has-post-thumbnail","hentry","category-miscelanea"],"yoast_head":"<!-- This site is optimized with the Yoast SEO plugin v27.5 - https:\/\/yoast.com\/product\/yoast-seo-wordpress\/ -->\n<title>C\u00f3mo Barcelona adopta formatos globales de ocio: del self-portrait studio coreano a la sesi\u00f3n navide\u00f1a lifestyle - Revista Rambla<\/title>\n<meta name=\"robots\" content=\"index, follow, max-snippet:-1, max-image-preview:large, max-video-preview:-1\" \/>\n<link rel=\"canonical\" href=\"https:\/\/www.revistarambla.com\/en\/como-barcelona-adopta-formatos-globales-de-ocio-del-self-portrait-studio-coreano-a-la-sesion-navidena-lifestyle\/\" \/>\n<meta property=\"og:locale\" content=\"en_GB\" \/>\n<meta property=\"og:type\" content=\"article\" \/>\n<meta property=\"og:title\" content=\"C\u00f3mo Barcelona adopta formatos globales de ocio: del self-portrait studio coreano a la sesi\u00f3n navide\u00f1a lifestyle - Revista Rambla\" \/>\n<meta property=\"og:description\" content=\"En los \u00faltimos a\u00f1os, Barcelona se ha convertido en un campo de pruebas para formatos de ocio que nacieron a miles de kil\u00f3metros de aqu\u00ed. Desde el karaoke privado japon\u00e9s hasta los escape rooms h\u00fangaros, la ciudad condal importa, adapta y hace suyas tendencias que primero triunfaron en otras capitales. [&hellip;]\" \/>\n<meta property=\"og:url\" content=\"https:\/\/www.revistarambla.com\/en\/como-barcelona-adopta-formatos-globales-de-ocio-del-self-portrait-studio-coreano-a-la-sesion-navidena-lifestyle\/\" \/>\n<meta property=\"og:site_name\" content=\"Revista Rambla\" \/>\n<meta property=\"article:publisher\" content=\"https:\/\/www.facebook.com\/revistarambla\/\" \/>\n<meta property=\"article:author\" content=\"https:\/\/www.facebook.com\/revistarambla\" \/>\n<meta property=\"article:published_time\" content=\"2025-10-17T11:33:32+00:00\" \/>\n<meta property=\"og:image\" content=\"https:\/\/www.revistarambla.com\/wp-content\/uploads\/2025\/10\/20250208_Clara_171-Evoto.jpg\" \/>\n\t<meta property=\"og:image:width\" content=\"1365\" \/>\n\t<meta property=\"og:image:height\" content=\"1092\" \/>\n\t<meta property=\"og:image:type\" content=\"image\/jpeg\" \/>\n<meta name=\"author\" content=\"R@mbla\" \/>\n<meta name=\"twitter:card\" content=\"summary_large_image\" \/>\n<meta name=\"twitter:creator\" content=\"@revistarambla\" \/>\n<meta name=\"twitter:site\" content=\"@revistarambla\" \/>\n<meta name=\"twitter:label1\" content=\"Written by\" \/>\n\t<meta name=\"twitter:data1\" content=\"R@mbla\" \/>\n\t<meta name=\"twitter:label2\" content=\"Estimated reading time\" \/>\n\t<meta name=\"twitter:data2\" content=\"8 minutes\" \/>\n<script type=\"application\/ld+json\" class=\"yoast-schema-graph\">{\"@context\":\"https:\\\/\\\/schema.org\",\"@graph\":[{\"@type\":\"Article\",\"@id\":\"https:\\\/\\\/www.revistarambla.com\\\/como-barcelona-adopta-formatos-globales-de-ocio-del-self-portrait-studio-coreano-a-la-sesion-navidena-lifestyle\\\/#article\",\"isPartOf\":{\"@id\":\"https:\\\/\\\/www.revistarambla.com\\\/como-barcelona-adopta-formatos-globales-de-ocio-del-self-portrait-studio-coreano-a-la-sesion-navidena-lifestyle\\\/\"},\"author\":{\"name\":\"R@mbla\",\"@id\":\"https:\\\/\\\/www.revistarambla.com\\\/#\\\/schema\\\/person\\\/a146a5a2550b94981a75131180e1bd9c\"},\"headline\":\"C\u00f3mo Barcelona adopta formatos globales de ocio: del self-portrait studio coreano a la sesi\u00f3n navide\u00f1a lifestyle\",\"datePublished\":\"2025-10-17T11:33:32+00:00\",\"mainEntityOfPage\":{\"@id\":\"https:\\\/\\\/www.revistarambla.com\\\/como-barcelona-adopta-formatos-globales-de-ocio-del-self-portrait-studio-coreano-a-la-sesion-navidena-lifestyle\\\/\"},\"wordCount\":1584,\"publisher\":{\"@id\":\"https:\\\/\\\/www.revistarambla.com\\\/#organization\"},\"image\":{\"@id\":\"https:\\\/\\\/www.revistarambla.com\\\/como-barcelona-adopta-formatos-globales-de-ocio-del-self-portrait-studio-coreano-a-la-sesion-navidena-lifestyle\\\/#primaryimage\"},\"thumbnailUrl\":\"https:\\\/\\\/www.revistarambla.com\\\/wp-content\\\/uploads\\\/2025\\\/10\\\/20250208_Clara_171-Evoto.jpg\",\"articleSection\":[\"Noticias de la vida\"],\"inLanguage\":\"en-GB\"},{\"@type\":\"WebPage\",\"@id\":\"https:\\\/\\\/www.revistarambla.com\\\/como-barcelona-adopta-formatos-globales-de-ocio-del-self-portrait-studio-coreano-a-la-sesion-navidena-lifestyle\\\/\",\"url\":\"https:\\\/\\\/www.revistarambla.com\\\/como-barcelona-adopta-formatos-globales-de-ocio-del-self-portrait-studio-coreano-a-la-sesion-navidena-lifestyle\\\/\",\"name\":\"C\u00f3mo Barcelona adopta formatos globales de ocio: del self-portrait studio coreano a la sesi\u00f3n navide\u00f1a lifestyle - Revista Rambla\",\"isPartOf\":{\"@id\":\"https:\\\/\\\/www.revistarambla.com\\\/#website\"},\"primaryImageOfPage\":{\"@id\":\"https:\\\/\\\/www.revistarambla.com\\\/como-barcelona-adopta-formatos-globales-de-ocio-del-self-portrait-studio-coreano-a-la-sesion-navidena-lifestyle\\\/#primaryimage\"},\"image\":{\"@id\":\"https:\\\/\\\/www.revistarambla.com\\\/como-barcelona-adopta-formatos-globales-de-ocio-del-self-portrait-studio-coreano-a-la-sesion-navidena-lifestyle\\\/#primaryimage\"},\"thumbnailUrl\":\"https:\\\/\\\/www.revistarambla.com\\\/wp-content\\\/uploads\\\/2025\\\/10\\\/20250208_Clara_171-Evoto.jpg\",\"datePublished\":\"2025-10-17T11:33:32+00:00\",\"breadcrumb\":{\"@id\":\"https:\\\/\\\/www.revistarambla.com\\\/como-barcelona-adopta-formatos-globales-de-ocio-del-self-portrait-studio-coreano-a-la-sesion-navidena-lifestyle\\\/#breadcrumb\"},\"inLanguage\":\"en-GB\",\"potentialAction\":[{\"@type\":\"ReadAction\",\"target\":[\"https:\\\/\\\/www.revistarambla.com\\\/como-barcelona-adopta-formatos-globales-de-ocio-del-self-portrait-studio-coreano-a-la-sesion-navidena-lifestyle\\\/\"]}]},{\"@type\":\"ImageObject\",\"inLanguage\":\"en-GB\",\"@id\":\"https:\\\/\\\/www.revistarambla.com\\\/como-barcelona-adopta-formatos-globales-de-ocio-del-self-portrait-studio-coreano-a-la-sesion-navidena-lifestyle\\\/#primaryimage\",\"url\":\"https:\\\/\\\/www.revistarambla.com\\\/wp-content\\\/uploads\\\/2025\\\/10\\\/20250208_Clara_171-Evoto.jpg\",\"contentUrl\":\"https:\\\/\\\/www.revistarambla.com\\\/wp-content\\\/uploads\\\/2025\\\/10\\\/20250208_Clara_171-Evoto.jpg\",\"width\":1365,\"height\":1092,\"caption\":\"FOTOS BARCELONA\"},{\"@type\":\"BreadcrumbList\",\"@id\":\"https:\\\/\\\/www.revistarambla.com\\\/como-barcelona-adopta-formatos-globales-de-ocio-del-self-portrait-studio-coreano-a-la-sesion-navidena-lifestyle\\\/#breadcrumb\",\"itemListElement\":[{\"@type\":\"ListItem\",\"position\":1,\"name\":\"Portada\",\"item\":\"https:\\\/\\\/www.revistarambla.com\\\/\"},{\"@type\":\"ListItem\",\"position\":2,\"name\":\"C\u00f3mo Barcelona adopta formatos globales de ocio: del self-portrait studio coreano a la sesi\u00f3n navide\u00f1a lifestyle\"}]},{\"@type\":\"WebSite\",\"@id\":\"https:\\\/\\\/www.revistarambla.com\\\/#website\",\"url\":\"https:\\\/\\\/www.revistarambla.com\\\/\",\"name\":\"Revista Rambla Barcelona\",\"description\":\"Periodismo independiente\",\"publisher\":{\"@id\":\"https:\\\/\\\/www.revistarambla.com\\\/#organization\"},\"potentialAction\":[{\"@type\":\"SearchAction\",\"target\":{\"@type\":\"EntryPoint\",\"urlTemplate\":\"https:\\\/\\\/www.revistarambla.com\\\/?s={search_term_string}\"},\"query-input\":{\"@type\":\"PropertyValueSpecification\",\"valueRequired\":true,\"valueName\":\"search_term_string\"}}],\"inLanguage\":\"en-GB\"},{\"@type\":\"Organization\",\"@id\":\"https:\\\/\\\/www.revistarambla.com\\\/#organization\",\"name\":\"Revista Rambla\",\"url\":\"https:\\\/\\\/www.revistarambla.com\\\/\",\"logo\":{\"@type\":\"ImageObject\",\"inLanguage\":\"en-GB\",\"@id\":\"https:\\\/\\\/www.revistarambla.com\\\/#\\\/schema\\\/logo\\\/image\\\/\",\"url\":\"https:\\\/\\\/www.revistarambla.com\\\/wp-content\\\/uploads\\\/2020\\\/09\\\/banner_rambla_1900x600_BB.png\",\"contentUrl\":\"https:\\\/\\\/www.revistarambla.com\\\/wp-content\\\/uploads\\\/2020\\\/09\\\/banner_rambla_1900x600_BB.png\",\"width\":1900,\"height\":600,\"caption\":\"Revista Rambla\"},\"image\":{\"@id\":\"https:\\\/\\\/www.revistarambla.com\\\/#\\\/schema\\\/logo\\\/image\\\/\"},\"sameAs\":[\"https:\\\/\\\/www.facebook.com\\\/revistarambla\\\/\",\"https:\\\/\\\/x.com\\\/revistarambla\",\"https:\\\/\\\/www.instagram.com\\\/revista_rambla\",\"https:\\\/\\\/es.linkedin.com\\\/company\\\/revista-rambla\"]},{\"@type\":\"Person\",\"@id\":\"https:\\\/\\\/www.revistarambla.com\\\/#\\\/schema\\\/person\\\/a146a5a2550b94981a75131180e1bd9c\",\"name\":\"R@mbla\",\"description\":\"Este art\u00edculo ha sido redactado y\\\/o validado por el equipo de redacci\u00f3n de Revista Rambla.\",\"sameAs\":[\"https:\\\/\\\/www.revistarambla.com\\\/\",\"https:\\\/\\\/www.facebook.com\\\/revistarambla\",\"https:\\\/\\\/x.com\\\/revistarambla\"]}]}<\/script>\n<!-- \/ Yoast SEO plugin. -->","yoast_head_json":{"title":"C\u00f3mo Barcelona adopta formatos globales de ocio: del self-portrait studio coreano a la sesi\u00f3n navide\u00f1a lifestyle - Revista Rambla","robots":{"index":"index","follow":"follow","max-snippet":"max-snippet:-1","max-image-preview":"max-image-preview:large","max-video-preview":"max-video-preview:-1"},"canonical":"https:\/\/www.revistarambla.com\/en\/como-barcelona-adopta-formatos-globales-de-ocio-del-self-portrait-studio-coreano-a-la-sesion-navidena-lifestyle\/","og_locale":"en_GB","og_type":"article","og_title":"C\u00f3mo Barcelona adopta formatos globales de ocio: del self-portrait studio coreano a la sesi\u00f3n navide\u00f1a lifestyle - Revista Rambla","og_description":"En los \u00faltimos a\u00f1os, Barcelona se ha convertido en un campo de pruebas para formatos de ocio que nacieron a miles de kil\u00f3metros de aqu\u00ed. Desde el karaoke privado japon\u00e9s hasta los escape rooms h\u00fangaros, la ciudad condal importa, adapta y hace suyas tendencias que primero triunfaron en otras capitales. [&hellip;]","og_url":"https:\/\/www.revistarambla.com\/en\/como-barcelona-adopta-formatos-globales-de-ocio-del-self-portrait-studio-coreano-a-la-sesion-navidena-lifestyle\/","og_site_name":"Revista Rambla","article_publisher":"https:\/\/www.facebook.com\/revistarambla\/","article_author":"https:\/\/www.facebook.com\/revistarambla","article_published_time":"2025-10-17T11:33:32+00:00","og_image":[{"width":1365,"height":1092,"url":"https:\/\/www.revistarambla.com\/wp-content\/uploads\/2025\/10\/20250208_Clara_171-Evoto.jpg","type":"image\/jpeg"}],"author":"R@mbla","twitter_card":"summary_large_image","twitter_creator":"@revistarambla","twitter_site":"@revistarambla","twitter_misc":{"Written by":"R@mbla","Estimated reading time":"8 minutes"},"schema":{"@context":"https:\/\/schema.org","@graph":[{"@type":"Article","@id":"https:\/\/www.revistarambla.com\/como-barcelona-adopta-formatos-globales-de-ocio-del-self-portrait-studio-coreano-a-la-sesion-navidena-lifestyle\/#article","isPartOf":{"@id":"https:\/\/www.revistarambla.com\/como-barcelona-adopta-formatos-globales-de-ocio-del-self-portrait-studio-coreano-a-la-sesion-navidena-lifestyle\/"},"author":{"name":"R@mbla","@id":"https:\/\/www.revistarambla.com\/#\/schema\/person\/a146a5a2550b94981a75131180e1bd9c"},"headline":"C\u00f3mo Barcelona adopta formatos globales de ocio: del self-portrait studio coreano a la sesi\u00f3n navide\u00f1a lifestyle","datePublished":"2025-10-17T11:33:32+00:00","mainEntityOfPage":{"@id":"https:\/\/www.revistarambla.com\/como-barcelona-adopta-formatos-globales-de-ocio-del-self-portrait-studio-coreano-a-la-sesion-navidena-lifestyle\/"},"wordCount":1584,"publisher":{"@id":"https:\/\/www.revistarambla.com\/#organization"},"image":{"@id":"https:\/\/www.revistarambla.com\/como-barcelona-adopta-formatos-globales-de-ocio-del-self-portrait-studio-coreano-a-la-sesion-navidena-lifestyle\/#primaryimage"},"thumbnailUrl":"https:\/\/www.revistarambla.com\/wp-content\/uploads\/2025\/10\/20250208_Clara_171-Evoto.jpg","articleSection":["Noticias de la vida"],"inLanguage":"en-GB"},{"@type":"WebPage","@id":"https:\/\/www.revistarambla.com\/como-barcelona-adopta-formatos-globales-de-ocio-del-self-portrait-studio-coreano-a-la-sesion-navidena-lifestyle\/","url":"https:\/\/www.revistarambla.com\/como-barcelona-adopta-formatos-globales-de-ocio-del-self-portrait-studio-coreano-a-la-sesion-navidena-lifestyle\/","name":"C\u00f3mo Barcelona adopta formatos globales de ocio: del self-portrait studio coreano a la sesi\u00f3n navide\u00f1a lifestyle - Revista Rambla","isPartOf":{"@id":"https:\/\/www.revistarambla.com\/#website"},"primaryImageOfPage":{"@id":"https:\/\/www.revistarambla.com\/como-barcelona-adopta-formatos-globales-de-ocio-del-self-portrait-studio-coreano-a-la-sesion-navidena-lifestyle\/#primaryimage"},"image":{"@id":"https:\/\/www.revistarambla.com\/como-barcelona-adopta-formatos-globales-de-ocio-del-self-portrait-studio-coreano-a-la-sesion-navidena-lifestyle\/#primaryimage"},"thumbnailUrl":"https:\/\/www.revistarambla.com\/wp-content\/uploads\/2025\/10\/20250208_Clara_171-Evoto.jpg","datePublished":"2025-10-17T11:33:32+00:00","breadcrumb":{"@id":"https:\/\/www.revistarambla.com\/como-barcelona-adopta-formatos-globales-de-ocio-del-self-portrait-studio-coreano-a-la-sesion-navidena-lifestyle\/#breadcrumb"},"inLanguage":"en-GB","potentialAction":[{"@type":"ReadAction","target":["https:\/\/www.revistarambla.com\/como-barcelona-adopta-formatos-globales-de-ocio-del-self-portrait-studio-coreano-a-la-sesion-navidena-lifestyle\/"]}]},{"@type":"ImageObject","inLanguage":"en-GB","@id":"https:\/\/www.revistarambla.com\/como-barcelona-adopta-formatos-globales-de-ocio-del-self-portrait-studio-coreano-a-la-sesion-navidena-lifestyle\/#primaryimage","url":"https:\/\/www.revistarambla.com\/wp-content\/uploads\/2025\/10\/20250208_Clara_171-Evoto.jpg","contentUrl":"https:\/\/www.revistarambla.com\/wp-content\/uploads\/2025\/10\/20250208_Clara_171-Evoto.jpg","width":1365,"height":1092,"caption":"FOTOS BARCELONA"},{"@type":"BreadcrumbList","@id":"https:\/\/www.revistarambla.com\/como-barcelona-adopta-formatos-globales-de-ocio-del-self-portrait-studio-coreano-a-la-sesion-navidena-lifestyle\/#breadcrumb","itemListElement":[{"@type":"ListItem","position":1,"name":"Portada","item":"https:\/\/www.revistarambla.com\/"},{"@type":"ListItem","position":2,"name":"C\u00f3mo Barcelona adopta formatos globales de ocio: del self-portrait studio coreano a la sesi\u00f3n navide\u00f1a lifestyle"}]},{"@type":"WebSite","@id":"https:\/\/www.revistarambla.com\/#website","url":"https:\/\/www.revistarambla.com\/","name":"Revista Rambla Barcelona","description":"Periodismo independiente","publisher":{"@id":"https:\/\/www.revistarambla.com\/#organization"},"potentialAction":[{"@type":"SearchAction","target":{"@type":"EntryPoint","urlTemplate":"https:\/\/www.revistarambla.com\/?s={search_term_string}"},"query-input":{"@type":"PropertyValueSpecification","valueRequired":true,"valueName":"search_term_string"}}],"inLanguage":"en-GB"},{"@type":"Organization","@id":"https:\/\/www.revistarambla.com\/#organization","name":"Revista Rambla","url":"https:\/\/www.revistarambla.com\/","logo":{"@type":"ImageObject","inLanguage":"en-GB","@id":"https:\/\/www.revistarambla.com\/#\/schema\/logo\/image\/","url":"https:\/\/www.revistarambla.com\/wp-content\/uploads\/2020\/09\/banner_rambla_1900x600_BB.png","contentUrl":"https:\/\/www.revistarambla.com\/wp-content\/uploads\/2020\/09\/banner_rambla_1900x600_BB.png","width":1900,"height":600,"caption":"Revista Rambla"},"image":{"@id":"https:\/\/www.revistarambla.com\/#\/schema\/logo\/image\/"},"sameAs":["https:\/\/www.facebook.com\/revistarambla\/","https:\/\/x.com\/revistarambla","https:\/\/www.instagram.com\/revista_rambla","https:\/\/es.linkedin.com\/company\/revista-rambla"]},{"@type":"Person","@id":"https:\/\/www.revistarambla.com\/#\/schema\/person\/a146a5a2550b94981a75131180e1bd9c","name":"R@mbla","description":"Este art\u00edculo ha sido redactado y\/o validado por el equipo de redacci\u00f3n de Revista Rambla.","sameAs":["https:\/\/www.revistarambla.com\/","https:\/\/www.facebook.com\/revistarambla","https:\/\/x.com\/revistarambla"]}]}},"_links":{"self":[{"href":"https:\/\/www.revistarambla.com\/en\/wp-json\/wp\/v2\/posts\/66927","targetHints":{"allow":["GET"]}}],"collection":[{"href":"https:\/\/www.revistarambla.com\/en\/wp-json\/wp\/v2\/posts"}],"about":[{"href":"https:\/\/www.revistarambla.com\/en\/wp-json\/wp\/v2\/types\/post"}],"author":[{"embeddable":true,"href":"https:\/\/www.revistarambla.com\/en\/wp-json\/wp\/v2\/users\/3"}],"replies":[{"embeddable":true,"href":"https:\/\/www.revistarambla.com\/en\/wp-json\/wp\/v2\/comments?post=66927"}],"version-history":[{"count":1,"href":"https:\/\/www.revistarambla.com\/en\/wp-json\/wp\/v2\/posts\/66927\/revisions"}],"predecessor-version":[{"id":66932,"href":"https:\/\/www.revistarambla.com\/en\/wp-json\/wp\/v2\/posts\/66927\/revisions\/66932"}],"wp:featuredmedia":[{"embeddable":true,"href":"https:\/\/www.revistarambla.com\/en\/wp-json\/wp\/v2\/media\/66928"}],"wp:attachment":[{"href":"https:\/\/www.revistarambla.com\/en\/wp-json\/wp\/v2\/media?parent=66927"}],"wp:term":[{"taxonomy":"category","embeddable":true,"href":"https:\/\/www.revistarambla.com\/en\/wp-json\/wp\/v2\/categories?post=66927"},{"taxonomy":"post_tag","embeddable":true,"href":"https:\/\/www.revistarambla.com\/en\/wp-json\/wp\/v2\/tags?post=66927"}],"curies":[{"name":"wp","href":"https:\/\/api.w.org\/{rel}","templated":true}]}}