{"id":66920,"date":"2025-10-16T19:58:47","date_gmt":"2025-10-16T17:58:47","guid":{"rendered":"https:\/\/www.revistarambla.com\/?p=66920"},"modified":"2025-10-16T19:58:47","modified_gmt":"2025-10-16T17:58:47","slug":"los-estudiantes-plantan-cara-al-agitador-ultra-vito-quiles-en-la-autonoma-de-barcelona","status":"publish","type":"post","link":"https:\/\/www.revistarambla.com\/en\/los-estudiantes-plantan-cara-al-agitador-ultra-vito-quiles-en-la-autonoma-de-barcelona\/","title":{"rendered":"Los estudiantes plantan cara al agitador ultra Vito Quiles en la Aut\u00f3noma de Barcelona"},"content":{"rendered":"<p>Lo que comenz\u00f3 como un anuncio provocador de una charla no autorizada por parte del agitador de extrema derecha Vito Quiles escal\u00f3 r\u00e1pidamente en altercados<!--more-->, con intervenciones policiales y cargas de los Mossos d&#8217;Esquadra para separar a partidarios y detractores. Quiles, quien no apareci\u00f3 en el lugar esperado \u2014la plaza C\u00edvica\u2014, opt\u00f3 por un breve discurso con meg\u00e1fono desde un aparcamiento, antes de ser escoltado fuera del campus. Este incidente no solo resalta las divisiones pol\u00edticas en el \u00e1mbito universitario catal\u00e1n, sino que tambi\u00e9n plantea interrogantes sobre los l\u00edmites de la libertad de expresi\u00f3n en espacios p\u00fablicos educativos.<\/p>\n<p>Vito Quiles, un autodenominado \u00abperiodista\u00bb de 32 a\u00f1os, ha emergido en los \u00faltimos a\u00f1os como una figura controvertida en el panorama de la ultraderecha espa\u00f1ola. Antiguo colaborador en medios como EDATV, Quiles form\u00f3 parte de las listas de la formaci\u00f3n xen\u00f3foba Se Acab\u00f3 La Fiesta, liderada por Alvise P\u00e9rez, en las elecciones europeas de 2024. Su trayectoria incluye participaci\u00f3n en protestas violentas, como las acaecidas en Ferraz en 2023, donde resultaron heridos una treintena de polic\u00edas. Denunciado en m\u00faltiples ocasiones por injurias y calumnias, Quiles se inspira en activistas internacionales como el estadounidense Charlie Kirk \u2014asesinado en septiembre de 2025\u2014 para promover un \u00abtour\u00bb por universidades espa\u00f1olas bajo el lema \u00abEspa\u00f1a Combativa\u00bb. El objetivo declarado: fomentar el debate en entornos acad\u00e9micos, aunque sus cr\u00edticos lo ven como una estrategia de provocaci\u00f3n deliberada para generar visibilidad medi\u00e1tica.<\/p>\n<p>La UAB, conocida por su diversidad ideol\u00f3gica y un historial de protestas \u2014desde escraches a figuras como Cayetana \u00c1lvarez de Toledo en 2019 hasta manifestaciones propalestinas recientes\u2014, fue elegida como punto de partida de esta gira. Sin embargo, ni Quiles ni la asociaci\u00f3n juvenil S&#8217;ha Acabat! \u2014de orientaci\u00f3n espa\u00f1olista y constitucionalista\u2014 solicitaron permiso oficial para el evento, programado para las 12:00 horas. El rectorado de la universidad emiti\u00f3 un comunicado el mi\u00e9rcoles advirtiendo de la falta de autorizaci\u00f3n y intentando contactar sin \u00e9xito con Quiles para disuadirlo. \u00abNo venimos a sabotear ni a acabar con las libertades de nadie, venimos a ejercerla. Y es incomprensible como en una universidad p\u00fablica, que debe ser el foro del debate, la discusi\u00f3n y del di\u00e1logo, lo que se est\u00e1 permitiendo hoy es la censura, la cancelaci\u00f3n del que piensa distinto, as\u00ed como los ataques unilaterales\u00bb, declar\u00f3 Quiles en respuesta a las cr\u00edticas.<\/p>\n<p>A pesar de las advertencias, Quiles lleg\u00f3 al campus alrededor de las 11:15 horas, accediendo al aparcamiento del rectorado acompa\u00f1ado por su propio equipo de seguridad, todos vestidos de negro. All\u00ed, miembros del equipo de gobierno de la UAB le recordaron la ausencia de permiso y le instaron a marcharse. Ante su negativa, se requiri\u00f3 la intervenci\u00f3n de los Mossos d&#8217;Esquadra, quienes, tras una \u00ablarga e intensa negociaci\u00f3n\u00bb, le convencieron de abandonar el recinto para evitar problemas de orden p\u00fablico. Poco antes de las 12:00, Quiles utiliz\u00f3 un meg\u00e1fono desde la acera adyacente a la Facultad de Veterinaria para pronunciar un breve discurso reivindicando su derecho a \u00abejercer su libertad en una universidad p\u00fablica\u00bb. Finalmente, subi\u00f3 a un veh\u00edculo y dej\u00f3 el campus poco antes de las 13:00 horas.<\/p>\n<blockquote class=\"twitter-tweet\">\n<p dir=\"ltr\" lang=\"ca\">\ud83d\udd34 UAB l Milers d&#8217;estudiants hem plantat cara al provocador d&#8217;extrema dreta, Vito Quiles.<\/p>\n<p>Els Mossos del PSC han carregant contra els manifestant per defensar l&#8217;acte no autoritzat de la dreta.<\/p>\n<p>Els mateixos \u00abprogressistes\u00bb que diuen frenar l&#8217;ultradreta li obren cam\u00ed. <a href=\"https:\/\/t.co\/zs6FS3tYg2\">pic.twitter.com\/zs6FS3tYg2<\/a><\/p>\n<p>\u2014 Contracorrent Catalunya #OrganitzarLaR\u00e0bia (@Contrac_Cat) <a href=\"https:\/\/twitter.com\/Contrac_Cat\/status\/1978823109118504999?ref_src=twsrc%5Etfw\">October 16, 2025<\/a><\/p><\/blockquote>\n<p><script async src=\"https:\/\/platform.twitter.com\/widgets.js\" charset=\"utf-8\"><\/script><\/p>\n<p>Mientras tanto, en la plaza C\u00edvica \u2014el coraz\u00f3n del campus\u2014, la tensi\u00f3n ya hab\u00eda estallado. Dos grupos se formaron: uno minoritario de partidarios de Quiles, ondeando banderas espa\u00f1olas y coreando insultos contra el presidente del Gobierno, Pedro S\u00e1nchez; y otro mayoritario de detractores, compuesto por estudiantes antifascistas, independentistas y colectivos de izquierda, con esteladas, banderas palestinas, republicanas y s\u00edmbolos contra el fascismo. Los gritos de \u00ab\u00a1Fuera fascistas de la universidad!\u00bb resonaron mientras se lanzaban huevos, tomates y otros objetos entre ambos bandos. Un incidente destacado involucr\u00f3 a un grupo de independentistas que intent\u00f3 arrebatar por la fuerza una bandera espa\u00f1ola a una estudiante, caus\u00e1ndole lesiones en una mano.<\/p>\n<p>Los Mossos d&#8217;Esquadra, con el apoyo del \u00c1rea Regional de Recursos Operativos (ARRO), intervinieron r\u00e1pidamente para evitar una escalada mayor. Formaron una l\u00ednea divisoria entre los grupos y realizaron cargas policiales con porrazos para dispersar a los manifestantes m\u00e1s agresivos, muchos de ellos encapuchados. Un helic\u00f3ptero policial sobrevol\u00f3 la zona, monitoreando los movimientos. A diferencia de protestas recientes, como las propalestinas donde se us\u00f3 gas pimienta, en esta ocasi\u00f3n no se report\u00f3 el empleo de tales medios. Los altercados se extendieron por el campus, con los antifascistas rodeados temporalmente en la Facultad de Comunicaci\u00f3n, y continuaron en los accesos a la estaci\u00f3n de ferrocarriles catalanes, donde se produjeron nuevos enfrentamientos.<\/p>\n<p>La respuesta institucional no se hizo esperar. La UAB emiti\u00f3 un comunicado por la tarde denunciando la \u00abinstrumentalizaci\u00f3n\u00bb del campus por parte de Quiles y lamentando su \u00abirresponsabilidad\u00bb al convocar a personas ajenas a la comunidad universitaria sin autorizaci\u00f3n. \u00abSe le ha requerido la presencia de la polic\u00eda que tambi\u00e9n, durante un largo e intenso proceso de negociaci\u00f3n, le ha indicado reiteradamente que deb\u00eda abandonar el campus para evitar que se generara un problema de orden p\u00fablico\u00bb, detall\u00f3 el comunicado. El rectorado enfatiz\u00f3 que se hab\u00eda comunicado por escrito a Quiles sobre la necesidad de permiso, pero no obtuvieron respuesta.<\/p>\n<p>Desde el \u00e1mbito pol\u00edtico, las reacciones fueron polarizadas. Alejandro Fern\u00e1ndez, presidente del PP catal\u00e1n, mostr\u00f3 su apoyo a Quiles en redes sociales: \u00abTiene todo el derecho del mundo a explicar sus ideas libremente en cualquier rinc\u00f3n de Espa\u00f1a, Catalu\u00f1a incluida\u00bb. Su portavoz en el Parlament, Juan Fern\u00e1ndez, fue m\u00e1s contundente: \u00abLa libertad de expresi\u00f3n est\u00e1 bajo ataque en Catalu\u00f1a y callarse es ser c\u00f3mplice. Basta ya de energ\u00famenos totalitarios disfrazados de dem\u00f3cratas\u00bb. Ignacio Garriga, de Vox, calific\u00f3 el boicot como \u00abterrorismo callejero\u00bb. Por el contrario, colectivos como Arran y sindicatos estudiantiles celebraron la \u00abmovilizaci\u00f3n masiva\u00bb que \u00abhumill\u00f3\u00bb a Quiles, vi\u00e9ndolo como una victoria antifascista.<\/p>\n<p>Este episodio se inscribe en un contexto m\u00e1s amplio de tensiones en las universidades catalanas, donde el independentismo y el antifascismo han protagonizado boicots previos. La UAB, en particular, ha sido escenario de violencia en el pasado, con impunidad para los agresores seg\u00fan denuncian voces constitucionalistas. El incidente con Quiles ilustra el delicado equilibrio entre libertad de expresi\u00f3n y prevenci\u00f3n de discursos de odio. Mientras Quiles logra su objetivo de generar agitaci\u00f3n \u2014ampliando su visibilidad en redes sociales\u2014, los estudiantes detractores reclaman el campus como espacio libre de fascismo. No se reportaron heridos graves, pero la jornada dej\u00f3 un saldo de tensi\u00f3n que podr\u00eda replicarse en otras paradas del tour, como la Complutense de Madrid o la Universidad de Valencia.<\/p>\n<p>En \u00faltima instancia, este enfrentamiento subraya las fracturas ideol\u00f3gicas en Catalu\u00f1a, donde el debate universitario se ve eclipsado por la polarizaci\u00f3n. Como apunt\u00f3 un portavoz de la UAB, el campus debe ser un foro de di\u00e1logo, no de confrontaci\u00f3n violenta. Sin embargo, con figuras como Quiles buscando deliberadamente el conflicto, el desaf\u00edo para las instituciones educativas radica en salvaguardar tanto la libertad como la convivencia. La pregunta persiste: \u00bfd\u00f3nde termina la provocaci\u00f3n y comienza la censura? El tour de Quiles promete m\u00e1s cap\u00edtulos, pero el de la UAB ya ha marcado un precedente de resistencia estudiantil.<\/p>","protected":false},"excerpt":{"rendered":"<p>Lo que comenz\u00f3 como un anuncio provocador de una charla no autorizada por parte del agitador de extrema derecha Vito Quiles escal\u00f3 r\u00e1pidamente en altercados<\/p>","protected":false},"author":3,"featured_media":66921,"comment_status":"closed","ping_status":"closed","sticky":false,"template":"","format":"standard","meta":{"footnotes":""},"categories":[76],"tags":[],"class_list":["post-66920","post","type-post","status-publish","format-standard","has-post-thumbnail","hentry","category-barcelona"],"yoast_head":"<!-- This site is optimized with the Yoast SEO plugin v27.5 - https:\/\/yoast.com\/product\/yoast-seo-wordpress\/ -->\n<title>Los estudiantes plantan cara al agitador ultra Vito Quiles en la Aut\u00f3noma de Barcelona - Revista Rambla<\/title>\n<meta name=\"robots\" content=\"index, follow, max-snippet:-1, max-image-preview:large, max-video-preview:-1\" \/>\n<link rel=\"canonical\" href=\"https:\/\/www.revistarambla.com\/en\/los-estudiantes-plantan-cara-al-agitador-ultra-vito-quiles-en-la-autonoma-de-barcelona\/\" \/>\n<meta property=\"og:locale\" content=\"en_GB\" \/>\n<meta property=\"og:type\" content=\"article\" \/>\n<meta property=\"og:title\" content=\"Los estudiantes plantan cara al agitador ultra Vito Quiles en la Aut\u00f3noma de Barcelona - Revista Rambla\" \/>\n<meta property=\"og:description\" content=\"Lo que comenz\u00f3 como un anuncio provocador de una charla no autorizada por parte del agitador de extrema derecha Vito Quiles escal\u00f3 r\u00e1pidamente en altercados\" \/>\n<meta property=\"og:url\" content=\"https:\/\/www.revistarambla.com\/en\/los-estudiantes-plantan-cara-al-agitador-ultra-vito-quiles-en-la-autonoma-de-barcelona\/\" \/>\n<meta property=\"og:site_name\" content=\"Revista Rambla\" \/>\n<meta property=\"article:publisher\" content=\"https:\/\/www.facebook.com\/revistarambla\/\" \/>\n<meta property=\"article:author\" content=\"https:\/\/www.facebook.com\/revistarambla\" \/>\n<meta property=\"article:published_time\" content=\"2025-10-16T17:58:47+00:00\" \/>\n<meta property=\"og:image\" content=\"https:\/\/www.revistarambla.com\/wp-content\/uploads\/2025\/10\/G3YwbdlXgAE7ln9.jpg\" \/>\n\t<meta property=\"og:image:width\" content=\"880\" \/>\n\t<meta property=\"og:image:height\" content=\"495\" \/>\n\t<meta property=\"og:image:type\" content=\"image\/jpeg\" \/>\n<meta name=\"author\" content=\"R@mbla\" \/>\n<meta name=\"twitter:card\" content=\"summary_large_image\" \/>\n<meta name=\"twitter:creator\" content=\"@revistarambla\" \/>\n<meta name=\"twitter:site\" content=\"@revistarambla\" \/>\n<meta name=\"twitter:label1\" content=\"Written by\" \/>\n\t<meta name=\"twitter:data1\" content=\"R@mbla\" \/>\n\t<meta name=\"twitter:label2\" content=\"Estimated reading time\" \/>\n\t<meta name=\"twitter:data2\" content=\"6 minutes\" \/>\n<script type=\"application\/ld+json\" class=\"yoast-schema-graph\">{\"@context\":\"https:\\\/\\\/schema.org\",\"@graph\":[{\"@type\":\"Article\",\"@id\":\"https:\\\/\\\/www.revistarambla.com\\\/los-estudiantes-plantan-cara-al-agitador-ultra-vito-quiles-en-la-autonoma-de-barcelona\\\/#article\",\"isPartOf\":{\"@id\":\"https:\\\/\\\/www.revistarambla.com\\\/los-estudiantes-plantan-cara-al-agitador-ultra-vito-quiles-en-la-autonoma-de-barcelona\\\/\"},\"author\":{\"name\":\"R@mbla\",\"@id\":\"https:\\\/\\\/www.revistarambla.com\\\/#\\\/schema\\\/person\\\/a146a5a2550b94981a75131180e1bd9c\"},\"headline\":\"Los estudiantes plantan cara al agitador ultra Vito Quiles en la Aut\u00f3noma de Barcelona\",\"datePublished\":\"2025-10-16T17:58:47+00:00\",\"mainEntityOfPage\":{\"@id\":\"https:\\\/\\\/www.revistarambla.com\\\/los-estudiantes-plantan-cara-al-agitador-ultra-vito-quiles-en-la-autonoma-de-barcelona\\\/\"},\"wordCount\":1315,\"publisher\":{\"@id\":\"https:\\\/\\\/www.revistarambla.com\\\/#organization\"},\"image\":{\"@id\":\"https:\\\/\\\/www.revistarambla.com\\\/los-estudiantes-plantan-cara-al-agitador-ultra-vito-quiles-en-la-autonoma-de-barcelona\\\/#primaryimage\"},\"thumbnailUrl\":\"https:\\\/\\\/www.revistarambla.com\\\/wp-content\\\/uploads\\\/2025\\\/10\\\/G3YwbdlXgAE7ln9.jpg\",\"articleSection\":[\"Barcelona\"],\"inLanguage\":\"en-GB\"},{\"@type\":\"WebPage\",\"@id\":\"https:\\\/\\\/www.revistarambla.com\\\/los-estudiantes-plantan-cara-al-agitador-ultra-vito-quiles-en-la-autonoma-de-barcelona\\\/\",\"url\":\"https:\\\/\\\/www.revistarambla.com\\\/los-estudiantes-plantan-cara-al-agitador-ultra-vito-quiles-en-la-autonoma-de-barcelona\\\/\",\"name\":\"Los estudiantes plantan cara al agitador ultra Vito Quiles en la Aut\u00f3noma de Barcelona - Revista Rambla\",\"isPartOf\":{\"@id\":\"https:\\\/\\\/www.revistarambla.com\\\/#website\"},\"primaryImageOfPage\":{\"@id\":\"https:\\\/\\\/www.revistarambla.com\\\/los-estudiantes-plantan-cara-al-agitador-ultra-vito-quiles-en-la-autonoma-de-barcelona\\\/#primaryimage\"},\"image\":{\"@id\":\"https:\\\/\\\/www.revistarambla.com\\\/los-estudiantes-plantan-cara-al-agitador-ultra-vito-quiles-en-la-autonoma-de-barcelona\\\/#primaryimage\"},\"thumbnailUrl\":\"https:\\\/\\\/www.revistarambla.com\\\/wp-content\\\/uploads\\\/2025\\\/10\\\/G3YwbdlXgAE7ln9.jpg\",\"datePublished\":\"2025-10-16T17:58:47+00:00\",\"breadcrumb\":{\"@id\":\"https:\\\/\\\/www.revistarambla.com\\\/los-estudiantes-plantan-cara-al-agitador-ultra-vito-quiles-en-la-autonoma-de-barcelona\\\/#breadcrumb\"},\"inLanguage\":\"en-GB\",\"potentialAction\":[{\"@type\":\"ReadAction\",\"target\":[\"https:\\\/\\\/www.revistarambla.com\\\/los-estudiantes-plantan-cara-al-agitador-ultra-vito-quiles-en-la-autonoma-de-barcelona\\\/\"]}]},{\"@type\":\"ImageObject\",\"inLanguage\":\"en-GB\",\"@id\":\"https:\\\/\\\/www.revistarambla.com\\\/los-estudiantes-plantan-cara-al-agitador-ultra-vito-quiles-en-la-autonoma-de-barcelona\\\/#primaryimage\",\"url\":\"https:\\\/\\\/www.revistarambla.com\\\/wp-content\\\/uploads\\\/2025\\\/10\\\/G3YwbdlXgAE7ln9.jpg\",\"contentUrl\":\"https:\\\/\\\/www.revistarambla.com\\\/wp-content\\\/uploads\\\/2025\\\/10\\\/G3YwbdlXgAE7ln9.jpg\",\"width\":880,\"height\":495,\"caption\":\"vito quiles uab\"},{\"@type\":\"BreadcrumbList\",\"@id\":\"https:\\\/\\\/www.revistarambla.com\\\/los-estudiantes-plantan-cara-al-agitador-ultra-vito-quiles-en-la-autonoma-de-barcelona\\\/#breadcrumb\",\"itemListElement\":[{\"@type\":\"ListItem\",\"position\":1,\"name\":\"Portada\",\"item\":\"https:\\\/\\\/www.revistarambla.com\\\/\"},{\"@type\":\"ListItem\",\"position\":2,\"name\":\"Los estudiantes plantan cara al agitador ultra Vito Quiles en la Aut\u00f3noma de Barcelona\"}]},{\"@type\":\"WebSite\",\"@id\":\"https:\\\/\\\/www.revistarambla.com\\\/#website\",\"url\":\"https:\\\/\\\/www.revistarambla.com\\\/\",\"name\":\"Revista Rambla Barcelona\",\"description\":\"Periodismo independiente\",\"publisher\":{\"@id\":\"https:\\\/\\\/www.revistarambla.com\\\/#organization\"},\"potentialAction\":[{\"@type\":\"SearchAction\",\"target\":{\"@type\":\"EntryPoint\",\"urlTemplate\":\"https:\\\/\\\/www.revistarambla.com\\\/?s={search_term_string}\"},\"query-input\":{\"@type\":\"PropertyValueSpecification\",\"valueRequired\":true,\"valueName\":\"search_term_string\"}}],\"inLanguage\":\"en-GB\"},{\"@type\":\"Organization\",\"@id\":\"https:\\\/\\\/www.revistarambla.com\\\/#organization\",\"name\":\"Revista Rambla\",\"url\":\"https:\\\/\\\/www.revistarambla.com\\\/\",\"logo\":{\"@type\":\"ImageObject\",\"inLanguage\":\"en-GB\",\"@id\":\"https:\\\/\\\/www.revistarambla.com\\\/#\\\/schema\\\/logo\\\/image\\\/\",\"url\":\"https:\\\/\\\/www.revistarambla.com\\\/wp-content\\\/uploads\\\/2020\\\/09\\\/banner_rambla_1900x600_BB.png\",\"contentUrl\":\"https:\\\/\\\/www.revistarambla.com\\\/wp-content\\\/uploads\\\/2020\\\/09\\\/banner_rambla_1900x600_BB.png\",\"width\":1900,\"height\":600,\"caption\":\"Revista Rambla\"},\"image\":{\"@id\":\"https:\\\/\\\/www.revistarambla.com\\\/#\\\/schema\\\/logo\\\/image\\\/\"},\"sameAs\":[\"https:\\\/\\\/www.facebook.com\\\/revistarambla\\\/\",\"https:\\\/\\\/x.com\\\/revistarambla\",\"https:\\\/\\\/www.instagram.com\\\/revista_rambla\",\"https:\\\/\\\/es.linkedin.com\\\/company\\\/revista-rambla\"]},{\"@type\":\"Person\",\"@id\":\"https:\\\/\\\/www.revistarambla.com\\\/#\\\/schema\\\/person\\\/a146a5a2550b94981a75131180e1bd9c\",\"name\":\"R@mbla\",\"description\":\"Este art\u00edculo ha sido redactado y\\\/o validado por el equipo de redacci\u00f3n de Revista Rambla.\",\"sameAs\":[\"https:\\\/\\\/www.revistarambla.com\\\/\",\"https:\\\/\\\/www.facebook.com\\\/revistarambla\",\"https:\\\/\\\/x.com\\\/revistarambla\"]}]}<\/script>\n<!-- \/ Yoast SEO plugin. -->","yoast_head_json":{"title":"Los estudiantes plantan cara al agitador ultra Vito Quiles en la Aut\u00f3noma de Barcelona - Revista Rambla","robots":{"index":"index","follow":"follow","max-snippet":"max-snippet:-1","max-image-preview":"max-image-preview:large","max-video-preview":"max-video-preview:-1"},"canonical":"https:\/\/www.revistarambla.com\/en\/los-estudiantes-plantan-cara-al-agitador-ultra-vito-quiles-en-la-autonoma-de-barcelona\/","og_locale":"en_GB","og_type":"article","og_title":"Los estudiantes plantan cara al agitador ultra Vito Quiles en la Aut\u00f3noma de Barcelona - Revista Rambla","og_description":"Lo que comenz\u00f3 como un anuncio provocador de una charla no autorizada por parte del agitador de extrema derecha Vito Quiles escal\u00f3 r\u00e1pidamente en altercados","og_url":"https:\/\/www.revistarambla.com\/en\/los-estudiantes-plantan-cara-al-agitador-ultra-vito-quiles-en-la-autonoma-de-barcelona\/","og_site_name":"Revista Rambla","article_publisher":"https:\/\/www.facebook.com\/revistarambla\/","article_author":"https:\/\/www.facebook.com\/revistarambla","article_published_time":"2025-10-16T17:58:47+00:00","og_image":[{"width":880,"height":495,"url":"https:\/\/www.revistarambla.com\/wp-content\/uploads\/2025\/10\/G3YwbdlXgAE7ln9.jpg","type":"image\/jpeg"}],"author":"R@mbla","twitter_card":"summary_large_image","twitter_creator":"@revistarambla","twitter_site":"@revistarambla","twitter_misc":{"Written by":"R@mbla","Estimated reading time":"6 minutes"},"schema":{"@context":"https:\/\/schema.org","@graph":[{"@type":"Article","@id":"https:\/\/www.revistarambla.com\/los-estudiantes-plantan-cara-al-agitador-ultra-vito-quiles-en-la-autonoma-de-barcelona\/#article","isPartOf":{"@id":"https:\/\/www.revistarambla.com\/los-estudiantes-plantan-cara-al-agitador-ultra-vito-quiles-en-la-autonoma-de-barcelona\/"},"author":{"name":"R@mbla","@id":"https:\/\/www.revistarambla.com\/#\/schema\/person\/a146a5a2550b94981a75131180e1bd9c"},"headline":"Los estudiantes plantan cara al agitador ultra Vito Quiles en la Aut\u00f3noma de Barcelona","datePublished":"2025-10-16T17:58:47+00:00","mainEntityOfPage":{"@id":"https:\/\/www.revistarambla.com\/los-estudiantes-plantan-cara-al-agitador-ultra-vito-quiles-en-la-autonoma-de-barcelona\/"},"wordCount":1315,"publisher":{"@id":"https:\/\/www.revistarambla.com\/#organization"},"image":{"@id":"https:\/\/www.revistarambla.com\/los-estudiantes-plantan-cara-al-agitador-ultra-vito-quiles-en-la-autonoma-de-barcelona\/#primaryimage"},"thumbnailUrl":"https:\/\/www.revistarambla.com\/wp-content\/uploads\/2025\/10\/G3YwbdlXgAE7ln9.jpg","articleSection":["Barcelona"],"inLanguage":"en-GB"},{"@type":"WebPage","@id":"https:\/\/www.revistarambla.com\/los-estudiantes-plantan-cara-al-agitador-ultra-vito-quiles-en-la-autonoma-de-barcelona\/","url":"https:\/\/www.revistarambla.com\/los-estudiantes-plantan-cara-al-agitador-ultra-vito-quiles-en-la-autonoma-de-barcelona\/","name":"Los estudiantes plantan cara al agitador ultra Vito Quiles en la Aut\u00f3noma de Barcelona - Revista Rambla","isPartOf":{"@id":"https:\/\/www.revistarambla.com\/#website"},"primaryImageOfPage":{"@id":"https:\/\/www.revistarambla.com\/los-estudiantes-plantan-cara-al-agitador-ultra-vito-quiles-en-la-autonoma-de-barcelona\/#primaryimage"},"image":{"@id":"https:\/\/www.revistarambla.com\/los-estudiantes-plantan-cara-al-agitador-ultra-vito-quiles-en-la-autonoma-de-barcelona\/#primaryimage"},"thumbnailUrl":"https:\/\/www.revistarambla.com\/wp-content\/uploads\/2025\/10\/G3YwbdlXgAE7ln9.jpg","datePublished":"2025-10-16T17:58:47+00:00","breadcrumb":{"@id":"https:\/\/www.revistarambla.com\/los-estudiantes-plantan-cara-al-agitador-ultra-vito-quiles-en-la-autonoma-de-barcelona\/#breadcrumb"},"inLanguage":"en-GB","potentialAction":[{"@type":"ReadAction","target":["https:\/\/www.revistarambla.com\/los-estudiantes-plantan-cara-al-agitador-ultra-vito-quiles-en-la-autonoma-de-barcelona\/"]}]},{"@type":"ImageObject","inLanguage":"en-GB","@id":"https:\/\/www.revistarambla.com\/los-estudiantes-plantan-cara-al-agitador-ultra-vito-quiles-en-la-autonoma-de-barcelona\/#primaryimage","url":"https:\/\/www.revistarambla.com\/wp-content\/uploads\/2025\/10\/G3YwbdlXgAE7ln9.jpg","contentUrl":"https:\/\/www.revistarambla.com\/wp-content\/uploads\/2025\/10\/G3YwbdlXgAE7ln9.jpg","width":880,"height":495,"caption":"vito quiles uab"},{"@type":"BreadcrumbList","@id":"https:\/\/www.revistarambla.com\/los-estudiantes-plantan-cara-al-agitador-ultra-vito-quiles-en-la-autonoma-de-barcelona\/#breadcrumb","itemListElement":[{"@type":"ListItem","position":1,"name":"Portada","item":"https:\/\/www.revistarambla.com\/"},{"@type":"ListItem","position":2,"name":"Los estudiantes plantan cara al agitador ultra Vito Quiles en la Aut\u00f3noma de Barcelona"}]},{"@type":"WebSite","@id":"https:\/\/www.revistarambla.com\/#website","url":"https:\/\/www.revistarambla.com\/","name":"Revista Rambla Barcelona","description":"Periodismo independiente","publisher":{"@id":"https:\/\/www.revistarambla.com\/#organization"},"potentialAction":[{"@type":"SearchAction","target":{"@type":"EntryPoint","urlTemplate":"https:\/\/www.revistarambla.com\/?s={search_term_string}"},"query-input":{"@type":"PropertyValueSpecification","valueRequired":true,"valueName":"search_term_string"}}],"inLanguage":"en-GB"},{"@type":"Organization","@id":"https:\/\/www.revistarambla.com\/#organization","name":"Revista Rambla","url":"https:\/\/www.revistarambla.com\/","logo":{"@type":"ImageObject","inLanguage":"en-GB","@id":"https:\/\/www.revistarambla.com\/#\/schema\/logo\/image\/","url":"https:\/\/www.revistarambla.com\/wp-content\/uploads\/2020\/09\/banner_rambla_1900x600_BB.png","contentUrl":"https:\/\/www.revistarambla.com\/wp-content\/uploads\/2020\/09\/banner_rambla_1900x600_BB.png","width":1900,"height":600,"caption":"Revista Rambla"},"image":{"@id":"https:\/\/www.revistarambla.com\/#\/schema\/logo\/image\/"},"sameAs":["https:\/\/www.facebook.com\/revistarambla\/","https:\/\/x.com\/revistarambla","https:\/\/www.instagram.com\/revista_rambla","https:\/\/es.linkedin.com\/company\/revista-rambla"]},{"@type":"Person","@id":"https:\/\/www.revistarambla.com\/#\/schema\/person\/a146a5a2550b94981a75131180e1bd9c","name":"R@mbla","description":"Este art\u00edculo ha sido redactado y\/o validado por el equipo de redacci\u00f3n de Revista Rambla.","sameAs":["https:\/\/www.revistarambla.com\/","https:\/\/www.facebook.com\/revistarambla","https:\/\/x.com\/revistarambla"]}]}},"_links":{"self":[{"href":"https:\/\/www.revistarambla.com\/en\/wp-json\/wp\/v2\/posts\/66920","targetHints":{"allow":["GET"]}}],"collection":[{"href":"https:\/\/www.revistarambla.com\/en\/wp-json\/wp\/v2\/posts"}],"about":[{"href":"https:\/\/www.revistarambla.com\/en\/wp-json\/wp\/v2\/types\/post"}],"author":[{"embeddable":true,"href":"https:\/\/www.revistarambla.com\/en\/wp-json\/wp\/v2\/users\/3"}],"replies":[{"embeddable":true,"href":"https:\/\/www.revistarambla.com\/en\/wp-json\/wp\/v2\/comments?post=66920"}],"version-history":[{"count":1,"href":"https:\/\/www.revistarambla.com\/en\/wp-json\/wp\/v2\/posts\/66920\/revisions"}],"predecessor-version":[{"id":66922,"href":"https:\/\/www.revistarambla.com\/en\/wp-json\/wp\/v2\/posts\/66920\/revisions\/66922"}],"wp:featuredmedia":[{"embeddable":true,"href":"https:\/\/www.revistarambla.com\/en\/wp-json\/wp\/v2\/media\/66921"}],"wp:attachment":[{"href":"https:\/\/www.revistarambla.com\/en\/wp-json\/wp\/v2\/media?parent=66920"}],"wp:term":[{"taxonomy":"category","embeddable":true,"href":"https:\/\/www.revistarambla.com\/en\/wp-json\/wp\/v2\/categories?post=66920"},{"taxonomy":"post_tag","embeddable":true,"href":"https:\/\/www.revistarambla.com\/en\/wp-json\/wp\/v2\/tags?post=66920"}],"curies":[{"name":"wp","href":"https:\/\/api.w.org\/{rel}","templated":true}]}}