{"id":66916,"date":"2025-10-16T19:48:46","date_gmt":"2025-10-16T17:48:46","guid":{"rendered":"https:\/\/www.revistarambla.com\/?p=66916"},"modified":"2025-10-18T11:42:59","modified_gmt":"2025-10-18T09:42:59","slug":"ese-timo-llamado-premio-planeta","status":"publish","type":"post","link":"https:\/\/www.revistarambla.com\/en\/ese-timo-llamado-premio-planeta\/","title":{"rendered":"Ese timo llamado Premio Planeta"},"content":{"rendered":"<p>Cada a\u00f1o el mismo ritual: luces, gala, discursos, millones, c\u00e1maras. La prensa se pone el frac, los columnistas se vuelven cortesanos y el titular es siempre el mismo: \u201cEl Premio Planeta consagra a\u2026\u201d. <!--more-->Pero no, el Planeta no \u201cconsagra\u201d a nadie. Consagra a la propia empresa que lo organiza. Lo dem\u00e1s es decorado.<\/p>\n<p>El editor y escritor Enrique Murillo, que sabe bien de lo que habla, lo ha dicho sin rodeos: \u201cEl problema no es el Premio Planeta, sino la sociedad que lo corea\u201d. Es verdad, el espect\u00e1culo no est\u00e1 en el escenario, sino en el coro: periodistas que fingen sorpresa, cr\u00edticos que callan, jurados que asienten. El Planeta es puro circo, s\u00ed, pero lo preocupante es que siga llenando la carpa. Durante d\u00e9cadas nos han vendido el Planeta como el \u201cgran galard\u00f3n de las letras espa\u00f1olas\u201d. Nos lo han vendido y, sin rechistar, les hemos comprado el discurso un a\u00f1o tras otro a los inventores de este imbatible instrumento de marketing.<\/p>\n<p>Los miembros del jurado que eligen a los premiados son, casi siempre,\u00a0 empleados, exdirectivos o amigos de la casa. Los ganadores, con frecuencia, nombres medi\u00e1ticos que ya ven\u00edan sonando semanas antes. Y los medios que deber\u00edan poner la lupa se limitan a copiar la nota de prensa. Pocas veces se ha visto un ejemplo tan claro de c\u00f3mo el poder econ\u00f3mico y medi\u00e1tico puede fabricar \u201cliteratura\u201d por decreto.<\/p>\n<p>Se defiende lo comercial como si fuera una virtud, se equipara el \u00e9xito de ventas con el m\u00e9rito est\u00e9tico. Y as\u00ed, la literatura se convierte en un concurso de taquilla.\u00a0Juan del Val, ganador de este a\u00f1o, se apresur\u00f3 a justificarlo: \u201cSe escribe para la gente, no para una \u00e9lite\u201d. Bien. Pero escribir \u201cpara la gente\u201d no implica escribir como quiere la gente. Confundir lector con cliente es el truco del mercado. El Planeta no premia a quien escribe mejor, sino a quien mejor vende, o a quien m\u00e1s\u00a0puede vender merced a la maquinaria que hay detr\u00e1s.<\/p>\n<p>No se trata de despreciar la literatura popular. Lo intolerable es que se oculte la naturaleza del invento. En cualquier pa\u00eds con un m\u00ednimo de decencia cultural, las empresas editoriales no organizan los premios que luego amplifican sus beneficios. Aqu\u00ed s\u00ed. Y encima lo llamamos cultura.<\/p>\n<p>Mientras tanto, cientos de escritores de talento se dejan la piel en concursos literarios menores, donde al menos hay jurados que leen sin conocer al autor. Sus libros no se presentar\u00e1n a bombo y platillo ni tendr\u00e1n cobertura a doble p\u00e1gina. Porque no hay c\u00e1maras, ni cena, ni cheques de un mill\u00f3n de euros. Solo literatura.<\/p>\n<p>Y la prensa&#8230; \u00a1ay, la prensa! Es quiz\u00e1 el engranaje m\u00e1s d\u00f3cil de este sistema. Le dedica al Planeta portadas y tertulias como si fuera un asunto de Estado, pero apenas rese\u00f1a a los autores que escriben fuera del radar comercial. El resultado ah\u00ed lo tenemos: un ecosistema cultural empobrecido, donde la cr\u00edtica es promoci\u00f3n y la reflexi\u00f3n, un estorbo.<\/p>\n<p>El Planeta no es un esc\u00e1ndalo; es algo peor: una costumbre. Un teatro donde todos aceptan su papel, del jurado al lector. Un pa\u00eds que aplaude ese espect\u00e1culo no puede sorprenderse luego de que la literatura se le vuelva previsible, c\u00f3moda e insustancial.<\/p>\n<p>No, el problema no es el Planeta. El problema es seguir creyendo que esa gala, ese cheque, ese titular tienen algo que ver con la literatura.<\/p>\n<p><em>*Fuente original: https:\/\/lascargaeldiablo2.blogspot.com\/2025\/10\/ese-timo-llamado-premio-planeta.html<\/em><\/p>","protected":false},"excerpt":{"rendered":"<p>Cada a\u00f1o el mismo ritual: luces, gala, discursos, millones, c\u00e1maras. La prensa se pone el frac, los columnistas se vuelven cortesanos y el titular es siempre el mismo: \u201cEl Premio Planeta consagra a\u2026\u201d.<\/p>","protected":false},"author":15,"featured_media":66917,"comment_status":"closed","ping_status":"closed","sticky":false,"template":"","format":"standard","meta":{"footnotes":""},"categories":[72],"tags":[],"class_list":["post-66916","post","type-post","status-publish","format-standard","has-post-thumbnail","hentry","category-opinion"],"yoast_head":"<!-- This site is optimized with the Yoast SEO plugin v27.5 - https:\/\/yoast.com\/product\/yoast-seo-wordpress\/ -->\n<title>Ese timo llamado Premio Planeta - Revista Rambla<\/title>\n<meta name=\"robots\" content=\"index, follow, max-snippet:-1, max-image-preview:large, max-video-preview:-1\" \/>\n<link rel=\"canonical\" href=\"https:\/\/www.revistarambla.com\/en\/ese-timo-llamado-premio-planeta\/\" \/>\n<meta property=\"og:locale\" content=\"en_GB\" \/>\n<meta property=\"og:type\" content=\"article\" \/>\n<meta property=\"og:title\" content=\"Ese timo llamado Premio Planeta - Revista Rambla\" \/>\n<meta property=\"og:description\" content=\"Cada a\u00f1o el mismo ritual: luces, gala, discursos, millones, c\u00e1maras. La prensa se pone el frac, los columnistas se vuelven cortesanos y el titular es siempre el mismo: \u201cEl Premio Planeta consagra a\u2026\u201d.\" \/>\n<meta property=\"og:url\" content=\"https:\/\/www.revistarambla.com\/en\/ese-timo-llamado-premio-planeta\/\" \/>\n<meta property=\"og:site_name\" content=\"Revista Rambla\" \/>\n<meta property=\"article:publisher\" content=\"https:\/\/www.facebook.com\/revistarambla\/\" \/>\n<meta property=\"article:published_time\" content=\"2025-10-16T17:48:46+00:00\" \/>\n<meta property=\"article:modified_time\" content=\"2025-10-18T09:42:59+00:00\" \/>\n<meta property=\"og:image\" content=\"https:\/\/www.revistarambla.com\/wp-content\/uploads\/2025\/10\/timo-premio-planeta.jpg\" \/>\n\t<meta property=\"og:image:width\" content=\"1600\" \/>\n\t<meta property=\"og:image:height\" content=\"900\" \/>\n\t<meta property=\"og:image:type\" content=\"image\/jpeg\" \/>\n<meta name=\"author\" content=\"Juan Tortosa\" \/>\n<meta name=\"twitter:card\" content=\"summary_large_image\" \/>\n<meta name=\"twitter:creator\" content=\"@revistarambla\" \/>\n<meta name=\"twitter:site\" content=\"@revistarambla\" \/>\n<meta name=\"twitter:label1\" content=\"Written by\" \/>\n\t<meta name=\"twitter:data1\" content=\"Juan Tortosa\" \/>\n\t<meta name=\"twitter:label2\" content=\"Estimated reading time\" \/>\n\t<meta name=\"twitter:data2\" content=\"3 minutes\" \/>\n<script type=\"application\/ld+json\" class=\"yoast-schema-graph\">{\"@context\":\"https:\\\/\\\/schema.org\",\"@graph\":[{\"@type\":\"Article\",\"@id\":\"https:\\\/\\\/www.revistarambla.com\\\/ese-timo-llamado-premio-planeta\\\/#article\",\"isPartOf\":{\"@id\":\"https:\\\/\\\/www.revistarambla.com\\\/ese-timo-llamado-premio-planeta\\\/\"},\"author\":{\"name\":\"Juan Tortosa\",\"@id\":\"https:\\\/\\\/www.revistarambla.com\\\/#\\\/schema\\\/person\\\/2b19179a8ace334b829ad72cc6e6ce97\"},\"headline\":\"Ese timo llamado Premio Planeta\",\"datePublished\":\"2025-10-16T17:48:46+00:00\",\"dateModified\":\"2025-10-18T09:42:59+00:00\",\"mainEntityOfPage\":{\"@id\":\"https:\\\/\\\/www.revistarambla.com\\\/ese-timo-llamado-premio-planeta\\\/\"},\"wordCount\":609,\"publisher\":{\"@id\":\"https:\\\/\\\/www.revistarambla.com\\\/#organization\"},\"image\":{\"@id\":\"https:\\\/\\\/www.revistarambla.com\\\/ese-timo-llamado-premio-planeta\\\/#primaryimage\"},\"thumbnailUrl\":\"https:\\\/\\\/www.revistarambla.com\\\/wp-content\\\/uploads\\\/2025\\\/10\\\/timo-premio-planeta.jpg\",\"articleSection\":[\"Opiniones\"],\"inLanguage\":\"en-GB\"},{\"@type\":\"WebPage\",\"@id\":\"https:\\\/\\\/www.revistarambla.com\\\/ese-timo-llamado-premio-planeta\\\/\",\"url\":\"https:\\\/\\\/www.revistarambla.com\\\/ese-timo-llamado-premio-planeta\\\/\",\"name\":\"Ese timo llamado Premio Planeta - Revista Rambla\",\"isPartOf\":{\"@id\":\"https:\\\/\\\/www.revistarambla.com\\\/#website\"},\"primaryImageOfPage\":{\"@id\":\"https:\\\/\\\/www.revistarambla.com\\\/ese-timo-llamado-premio-planeta\\\/#primaryimage\"},\"image\":{\"@id\":\"https:\\\/\\\/www.revistarambla.com\\\/ese-timo-llamado-premio-planeta\\\/#primaryimage\"},\"thumbnailUrl\":\"https:\\\/\\\/www.revistarambla.com\\\/wp-content\\\/uploads\\\/2025\\\/10\\\/timo-premio-planeta.jpg\",\"datePublished\":\"2025-10-16T17:48:46+00:00\",\"dateModified\":\"2025-10-18T09:42:59+00:00\",\"breadcrumb\":{\"@id\":\"https:\\\/\\\/www.revistarambla.com\\\/ese-timo-llamado-premio-planeta\\\/#breadcrumb\"},\"inLanguage\":\"en-GB\",\"potentialAction\":[{\"@type\":\"ReadAction\",\"target\":[\"https:\\\/\\\/www.revistarambla.com\\\/ese-timo-llamado-premio-planeta\\\/\"]}]},{\"@type\":\"ImageObject\",\"inLanguage\":\"en-GB\",\"@id\":\"https:\\\/\\\/www.revistarambla.com\\\/ese-timo-llamado-premio-planeta\\\/#primaryimage\",\"url\":\"https:\\\/\\\/www.revistarambla.com\\\/wp-content\\\/uploads\\\/2025\\\/10\\\/timo-premio-planeta.jpg\",\"contentUrl\":\"https:\\\/\\\/www.revistarambla.com\\\/wp-content\\\/uploads\\\/2025\\\/10\\\/timo-premio-planeta.jpg\",\"width\":1600,\"height\":900,\"caption\":\"timo premio planeta\"},{\"@type\":\"BreadcrumbList\",\"@id\":\"https:\\\/\\\/www.revistarambla.com\\\/ese-timo-llamado-premio-planeta\\\/#breadcrumb\",\"itemListElement\":[{\"@type\":\"ListItem\",\"position\":1,\"name\":\"Portada\",\"item\":\"https:\\\/\\\/www.revistarambla.com\\\/\"},{\"@type\":\"ListItem\",\"position\":2,\"name\":\"Ese timo llamado Premio Planeta\"}]},{\"@type\":\"WebSite\",\"@id\":\"https:\\\/\\\/www.revistarambla.com\\\/#website\",\"url\":\"https:\\\/\\\/www.revistarambla.com\\\/\",\"name\":\"Revista Rambla Barcelona\",\"description\":\"Periodismo independiente\",\"publisher\":{\"@id\":\"https:\\\/\\\/www.revistarambla.com\\\/#organization\"},\"potentialAction\":[{\"@type\":\"SearchAction\",\"target\":{\"@type\":\"EntryPoint\",\"urlTemplate\":\"https:\\\/\\\/www.revistarambla.com\\\/?s={search_term_string}\"},\"query-input\":{\"@type\":\"PropertyValueSpecification\",\"valueRequired\":true,\"valueName\":\"search_term_string\"}}],\"inLanguage\":\"en-GB\"},{\"@type\":\"Organization\",\"@id\":\"https:\\\/\\\/www.revistarambla.com\\\/#organization\",\"name\":\"Revista Rambla\",\"url\":\"https:\\\/\\\/www.revistarambla.com\\\/\",\"logo\":{\"@type\":\"ImageObject\",\"inLanguage\":\"en-GB\",\"@id\":\"https:\\\/\\\/www.revistarambla.com\\\/#\\\/schema\\\/logo\\\/image\\\/\",\"url\":\"https:\\\/\\\/www.revistarambla.com\\\/wp-content\\\/uploads\\\/2020\\\/09\\\/banner_rambla_1900x600_BB.png\",\"contentUrl\":\"https:\\\/\\\/www.revistarambla.com\\\/wp-content\\\/uploads\\\/2020\\\/09\\\/banner_rambla_1900x600_BB.png\",\"width\":1900,\"height\":600,\"caption\":\"Revista Rambla\"},\"image\":{\"@id\":\"https:\\\/\\\/www.revistarambla.com\\\/#\\\/schema\\\/logo\\\/image\\\/\"},\"sameAs\":[\"https:\\\/\\\/www.facebook.com\\\/revistarambla\\\/\",\"https:\\\/\\\/x.com\\\/revistarambla\",\"https:\\\/\\\/www.instagram.com\\\/revista_rambla\",\"https:\\\/\\\/es.linkedin.com\\\/company\\\/revista-rambla\"]},{\"@type\":\"Person\",\"@id\":\"https:\\\/\\\/www.revistarambla.com\\\/#\\\/schema\\\/person\\\/2b19179a8ace334b829ad72cc6e6ce97\",\"name\":\"Juan Tortosa\"}]}<\/script>\n<!-- \/ Yoast SEO plugin. -->","yoast_head_json":{"title":"Ese timo llamado Premio Planeta - Revista Rambla","robots":{"index":"index","follow":"follow","max-snippet":"max-snippet:-1","max-image-preview":"max-image-preview:large","max-video-preview":"max-video-preview:-1"},"canonical":"https:\/\/www.revistarambla.com\/en\/ese-timo-llamado-premio-planeta\/","og_locale":"en_GB","og_type":"article","og_title":"Ese timo llamado Premio Planeta - Revista Rambla","og_description":"Cada a\u00f1o el mismo ritual: luces, gala, discursos, millones, c\u00e1maras. La prensa se pone el frac, los columnistas se vuelven cortesanos y el titular es siempre el mismo: \u201cEl Premio Planeta consagra a\u2026\u201d.","og_url":"https:\/\/www.revistarambla.com\/en\/ese-timo-llamado-premio-planeta\/","og_site_name":"Revista Rambla","article_publisher":"https:\/\/www.facebook.com\/revistarambla\/","article_published_time":"2025-10-16T17:48:46+00:00","article_modified_time":"2025-10-18T09:42:59+00:00","og_image":[{"width":1600,"height":900,"url":"https:\/\/www.revistarambla.com\/wp-content\/uploads\/2025\/10\/timo-premio-planeta.jpg","type":"image\/jpeg"}],"author":"Juan Tortosa","twitter_card":"summary_large_image","twitter_creator":"@revistarambla","twitter_site":"@revistarambla","twitter_misc":{"Written by":"Juan Tortosa","Estimated reading time":"3 minutes"},"schema":{"@context":"https:\/\/schema.org","@graph":[{"@type":"Article","@id":"https:\/\/www.revistarambla.com\/ese-timo-llamado-premio-planeta\/#article","isPartOf":{"@id":"https:\/\/www.revistarambla.com\/ese-timo-llamado-premio-planeta\/"},"author":{"name":"Juan Tortosa","@id":"https:\/\/www.revistarambla.com\/#\/schema\/person\/2b19179a8ace334b829ad72cc6e6ce97"},"headline":"Ese timo llamado Premio Planeta","datePublished":"2025-10-16T17:48:46+00:00","dateModified":"2025-10-18T09:42:59+00:00","mainEntityOfPage":{"@id":"https:\/\/www.revistarambla.com\/ese-timo-llamado-premio-planeta\/"},"wordCount":609,"publisher":{"@id":"https:\/\/www.revistarambla.com\/#organization"},"image":{"@id":"https:\/\/www.revistarambla.com\/ese-timo-llamado-premio-planeta\/#primaryimage"},"thumbnailUrl":"https:\/\/www.revistarambla.com\/wp-content\/uploads\/2025\/10\/timo-premio-planeta.jpg","articleSection":["Opiniones"],"inLanguage":"en-GB"},{"@type":"WebPage","@id":"https:\/\/www.revistarambla.com\/ese-timo-llamado-premio-planeta\/","url":"https:\/\/www.revistarambla.com\/ese-timo-llamado-premio-planeta\/","name":"Ese timo llamado Premio Planeta - Revista Rambla","isPartOf":{"@id":"https:\/\/www.revistarambla.com\/#website"},"primaryImageOfPage":{"@id":"https:\/\/www.revistarambla.com\/ese-timo-llamado-premio-planeta\/#primaryimage"},"image":{"@id":"https:\/\/www.revistarambla.com\/ese-timo-llamado-premio-planeta\/#primaryimage"},"thumbnailUrl":"https:\/\/www.revistarambla.com\/wp-content\/uploads\/2025\/10\/timo-premio-planeta.jpg","datePublished":"2025-10-16T17:48:46+00:00","dateModified":"2025-10-18T09:42:59+00:00","breadcrumb":{"@id":"https:\/\/www.revistarambla.com\/ese-timo-llamado-premio-planeta\/#breadcrumb"},"inLanguage":"en-GB","potentialAction":[{"@type":"ReadAction","target":["https:\/\/www.revistarambla.com\/ese-timo-llamado-premio-planeta\/"]}]},{"@type":"ImageObject","inLanguage":"en-GB","@id":"https:\/\/www.revistarambla.com\/ese-timo-llamado-premio-planeta\/#primaryimage","url":"https:\/\/www.revistarambla.com\/wp-content\/uploads\/2025\/10\/timo-premio-planeta.jpg","contentUrl":"https:\/\/www.revistarambla.com\/wp-content\/uploads\/2025\/10\/timo-premio-planeta.jpg","width":1600,"height":900,"caption":"timo premio planeta"},{"@type":"BreadcrumbList","@id":"https:\/\/www.revistarambla.com\/ese-timo-llamado-premio-planeta\/#breadcrumb","itemListElement":[{"@type":"ListItem","position":1,"name":"Portada","item":"https:\/\/www.revistarambla.com\/"},{"@type":"ListItem","position":2,"name":"Ese timo llamado Premio Planeta"}]},{"@type":"WebSite","@id":"https:\/\/www.revistarambla.com\/#website","url":"https:\/\/www.revistarambla.com\/","name":"Revista Rambla Barcelona","description":"Periodismo independiente","publisher":{"@id":"https:\/\/www.revistarambla.com\/#organization"},"potentialAction":[{"@type":"SearchAction","target":{"@type":"EntryPoint","urlTemplate":"https:\/\/www.revistarambla.com\/?s={search_term_string}"},"query-input":{"@type":"PropertyValueSpecification","valueRequired":true,"valueName":"search_term_string"}}],"inLanguage":"en-GB"},{"@type":"Organization","@id":"https:\/\/www.revistarambla.com\/#organization","name":"Revista Rambla","url":"https:\/\/www.revistarambla.com\/","logo":{"@type":"ImageObject","inLanguage":"en-GB","@id":"https:\/\/www.revistarambla.com\/#\/schema\/logo\/image\/","url":"https:\/\/www.revistarambla.com\/wp-content\/uploads\/2020\/09\/banner_rambla_1900x600_BB.png","contentUrl":"https:\/\/www.revistarambla.com\/wp-content\/uploads\/2020\/09\/banner_rambla_1900x600_BB.png","width":1900,"height":600,"caption":"Revista Rambla"},"image":{"@id":"https:\/\/www.revistarambla.com\/#\/schema\/logo\/image\/"},"sameAs":["https:\/\/www.facebook.com\/revistarambla\/","https:\/\/x.com\/revistarambla","https:\/\/www.instagram.com\/revista_rambla","https:\/\/es.linkedin.com\/company\/revista-rambla"]},{"@type":"Person","@id":"https:\/\/www.revistarambla.com\/#\/schema\/person\/2b19179a8ace334b829ad72cc6e6ce97","name":"Juan Tortosa"}]}},"_links":{"self":[{"href":"https:\/\/www.revistarambla.com\/en\/wp-json\/wp\/v2\/posts\/66916","targetHints":{"allow":["GET"]}}],"collection":[{"href":"https:\/\/www.revistarambla.com\/en\/wp-json\/wp\/v2\/posts"}],"about":[{"href":"https:\/\/www.revistarambla.com\/en\/wp-json\/wp\/v2\/types\/post"}],"author":[{"embeddable":true,"href":"https:\/\/www.revistarambla.com\/en\/wp-json\/wp\/v2\/users\/15"}],"replies":[{"embeddable":true,"href":"https:\/\/www.revistarambla.com\/en\/wp-json\/wp\/v2\/comments?post=66916"}],"version-history":[{"count":2,"href":"https:\/\/www.revistarambla.com\/en\/wp-json\/wp\/v2\/posts\/66916\/revisions"}],"predecessor-version":[{"id":66949,"href":"https:\/\/www.revistarambla.com\/en\/wp-json\/wp\/v2\/posts\/66916\/revisions\/66949"}],"wp:featuredmedia":[{"embeddable":true,"href":"https:\/\/www.revistarambla.com\/en\/wp-json\/wp\/v2\/media\/66917"}],"wp:attachment":[{"href":"https:\/\/www.revistarambla.com\/en\/wp-json\/wp\/v2\/media?parent=66916"}],"wp:term":[{"taxonomy":"category","embeddable":true,"href":"https:\/\/www.revistarambla.com\/en\/wp-json\/wp\/v2\/categories?post=66916"},{"taxonomy":"post_tag","embeddable":true,"href":"https:\/\/www.revistarambla.com\/en\/wp-json\/wp\/v2\/tags?post=66916"}],"curies":[{"name":"wp","href":"https:\/\/api.w.org\/{rel}","templated":true}]}}