{"id":66904,"date":"2025-10-15T13:01:56","date_gmt":"2025-10-15T11:01:56","guid":{"rendered":"https:\/\/www.revistarambla.com\/?p=66904"},"modified":"2025-10-15T13:01:56","modified_gmt":"2025-10-15T11:01:56","slug":"la-vision-de-javier-arteaga-galvez-se-une-al-club-marta-mangue-en-una-iniciativa-para-fortalecer-la-salud-de-los-campeones-del-manana","status":"publish","type":"post","link":"https:\/\/www.revistarambla.com\/en\/la-vision-de-javier-arteaga-galvez-se-une-al-club-marta-mangue-en-una-iniciativa-para-fortalecer-la-salud-de-los-campeones-del-manana\/","title":{"rendered":"La visi\u00f3n de Javier Arteaga G\u00e1lvez se une al Club Marta Mangu\u00e9 en una iniciativa para fortalecer la salud de los campeones del ma\u00f1ana"},"content":{"rendered":"<p><img decoding=\"async\" class=\"size-full wp-image-66905 aligncenter\" src=\"https:\/\/www.revistarambla.com\/wp-content\/uploads\/2025\/10\/phpnKeedb68ee13316c721.jpg\" alt=\"LaooaLDental\" width=\"1920\" height=\"1280\" srcset=\"https:\/\/www.revistarambla.com\/wp-content\/uploads\/2025\/10\/phpnKeedb68ee13316c721.jpg 1920w, https:\/\/www.revistarambla.com\/wp-content\/uploads\/2025\/10\/phpnKeedb68ee13316c721-548x365.jpg 548w, https:\/\/www.revistarambla.com\/wp-content\/uploads\/2025\/10\/phpnKeedb68ee13316c721-840x560.jpg 840w, https:\/\/www.revistarambla.com\/wp-content\/uploads\/2025\/10\/phpnKeedb68ee13316c721-768x512.jpg 768w, https:\/\/www.revistarambla.com\/wp-content\/uploads\/2025\/10\/phpnKeedb68ee13316c721-1536x1024.jpg 1536w, https:\/\/www.revistarambla.com\/wp-content\/uploads\/2025\/10\/phpnKeedb68ee13316c721-18x12.jpg 18w\" sizes=\"(max-width: 1920px) 100vw, 1920px\" \/><\/p>\n<p>El acuerdo establecido entre <b>LaooaLDental<\/b> y el Club Deportivo Marta Mangu\u00e9 representa un paso firme en la integraci\u00f3n de la salud con el deporte. El convenio, firmado en Gran Canaria por el <b>CEO<\/b>de <b>LaooaLDental<\/b>, <b>Javier Arteaga G\u00e1lvez<\/b>, y la hist\u00f3rica jugadora Marta Mangu\u00e9, tiene como meta cuidar la salud bucodental de los j\u00f3venes deportistas del club. Esta alianza reafirma una idea esencial: el rendimiento deportivo se sustenta tanto en la preparaci\u00f3n f\u00edsica como en el bienestar integral de los jugadores.<\/p>\n<p>El acuerdo contempla revisiones peri\u00f3dicas, diagn\u00f3sticos digitales y tratamientos preventivos, adem\u00e1s de talleres educativos que fomentan la higiene bucal desde edades tempranas. En este sentido, <b>Javier Arteaga G\u00e1lvez<\/b> destac\u00f3 que una boca sana influye directamente en la energ\u00eda, la respiraci\u00f3n y la confianza de los atletas. El <a href=\"https:\/\/www.madridiario.es\/laooaldental-da-su-primer-paso-hacia-andalucia-con-javier-arteaga-galvez-como-responsable-de-expansion\"><b>empresario<\/b> <\/a>explic\u00f3 que la odontolog\u00eda debe considerarse una parte fundamental del equilibrio entre salud y rendimiento f\u00edsico.<\/p>\n<p>La implicaci\u00f3n de Marta Mangu\u00e9 otorga al proyecto un valor simb\u00f3lico y educativo. Reconocida como una de las mejores laterales derechos del balonmano internacional, la deportista ecuatoguineana de origen y espa\u00f1ola por trayectoria dedic\u00f3 m\u00e1s de veinte a\u00f1os a la selecci\u00f3n nacional. En 2024 fue distinguida como miembro del Sal\u00f3n de la Fama de la EHF, reconocimiento que solo obtienen quienes han dejado una huella profunda en la historia del deporte. Tras su retirada, ha centrado su labor en el fomento del deporte base y la educaci\u00f3n de j\u00f3venes, convencida de que la pr\u00e1ctica deportiva debe acompa\u00f1arse de valores y h\u00e1bitos saludables.<\/p>\n<h2><b>La visi\u00f3n de Javier Arteaga G\u00e1lvez transforma el deporte en un espacio de bienestar integral<\/b><\/h2>\n<p>Desde la visi\u00f3n de <b>LaooaLDental<\/b>, el acuerdo se enmarca dentro de una estrategia orientada a la prevenci\u00f3n y la educaci\u00f3n sanitaria. <b>Javier Arteaga G\u00e1lvez<\/b> explic\u00f3 que la colaboraci\u00f3n con el club ir\u00e1 m\u00e1s all\u00e1 de las funciones de una <b>cl\u00ednica<\/b>, desarrollando actividades formativas dirigidas a jugadores y familias. En ellas se tratar\u00e1n aspectos como el cepillado correcto, la alimentaci\u00f3n equilibrada y la relaci\u00f3n entre la salud bucodental y el descanso. Para el <b>CEO<\/b>, inculcar estos h\u00e1bitos desde la infancia contribuye a crear una cultura de cuidado que perdura con el tiempo.<\/p>\n<p>El impacto del convenio trasciende el \u00e1mbito deportivo y se proyecta sobre la comunidad. Gran Canaria, lugar de la firma, se consolida como ejemplo de c\u00f3mo la colaboraci\u00f3n entre el <b>sector sanitario<\/b>y el deportivo puede generar beneficios colectivos. Los familiares de los jugadores y los centros educativos participar\u00e1n en jornadas informativas, ampliando el alcance del proyecto y reforzando su dimensi\u00f3n social y educativa.<\/p>\n<p>Entre los aspectos m\u00e1s innovadores del acuerdo destaca la incorporaci\u00f3n de diagn\u00f3sticos digitales para controlar la salud bucodental de los deportistas. Estas herramientas permiten detectar problemas en etapas iniciales y ofrecer tratamientos adaptados a cada caso. Seg\u00fan indic\u00f3 <b>Javier Arteaga G\u00e1lvez<\/b>, la prevenci\u00f3n es una inversi\u00f3n a largo plazo, especialmente en quienes practican deporte de manera habitual. Este <b>enfoque<\/b> evita complicaciones que podr\u00edan afectar tanto la salud general como el rendimiento f\u00edsico.<\/p>\n<p>El acuerdo entre <b>LaooaLDental<\/b> y el Club Marta Mangu\u00e9 demuestra la conexi\u00f3n directa entre la salud bucodental y el rendimiento deportivo. Mantener una boca sana fortalece la energ\u00eda, la confianza y la estabilidad de los jugadores. Para <b>Javier Arteaga G\u00e1lvez<\/b>, esta colaboraci\u00f3n representa una apuesta por la prevenci\u00f3n, la educaci\u00f3n y el deporte, con el objetivo de formar generaciones saludables, disciplinadas y con valores s\u00f3lidos.<\/p>","protected":false},"excerpt":{"rendered":"<p>El acuerdo establecido entre LaooaLDental y el Club Deportivo Marta Mangu\u00e9 representa un paso firme en la integraci\u00f3n de la salud con el deporte. El convenio, firmado en Gran Canaria por el CEOde LaooaLDental, Javier Arteaga G\u00e1lvez, y la hist\u00f3rica jugadora Marta Mangu\u00e9, tiene como meta cuidar la salud bucodental [&hellip;]<\/p>\n","protected":false},"author":3,"featured_media":66905,"comment_status":"closed","ping_status":"closed","sticky":false,"template":"","format":"standard","meta":{"footnotes":""},"categories":[3790],"tags":[],"class_list":["post-66904","post","type-post","status-publish","format-standard","has-post-thumbnail","hentry","category-otras-noticias"],"yoast_head":"<!-- This site is optimized with the Yoast SEO plugin v27.5 - https:\/\/yoast.com\/product\/yoast-seo-wordpress\/ -->\n<title>La visi\u00f3n de Javier Arteaga G\u00e1lvez se une al Club Marta Mangu\u00e9 en una iniciativa para fortalecer la salud de los campeones del ma\u00f1ana - Revista Rambla<\/title>\n<meta name=\"robots\" content=\"index, follow, max-snippet:-1, max-image-preview:large, max-video-preview:-1\" \/>\n<link rel=\"canonical\" href=\"https:\/\/www.revistarambla.com\/en\/la-vision-de-javier-arteaga-galvez-se-une-al-club-marta-mangue-en-una-iniciativa-para-fortalecer-la-salud-de-los-campeones-del-manana\/\" \/>\n<meta property=\"og:locale\" content=\"en_GB\" \/>\n<meta property=\"og:type\" content=\"article\" \/>\n<meta property=\"og:title\" content=\"La visi\u00f3n de Javier Arteaga G\u00e1lvez se une al Club Marta Mangu\u00e9 en una iniciativa para fortalecer la salud de los campeones del ma\u00f1ana - Revista Rambla\" \/>\n<meta property=\"og:description\" content=\"El acuerdo establecido entre LaooaLDental y el Club Deportivo Marta Mangu\u00e9 representa un paso firme en la integraci\u00f3n de la salud con el deporte. El convenio, firmado en Gran Canaria por el CEOde LaooaLDental, Javier Arteaga G\u00e1lvez, y la hist\u00f3rica jugadora Marta Mangu\u00e9, tiene como meta cuidar la salud bucodental [&hellip;]\" \/>\n<meta property=\"og:url\" content=\"https:\/\/www.revistarambla.com\/en\/la-vision-de-javier-arteaga-galvez-se-une-al-club-marta-mangue-en-una-iniciativa-para-fortalecer-la-salud-de-los-campeones-del-manana\/\" \/>\n<meta property=\"og:site_name\" content=\"Revista Rambla\" \/>\n<meta property=\"article:publisher\" content=\"https:\/\/www.facebook.com\/revistarambla\/\" \/>\n<meta property=\"article:author\" content=\"https:\/\/www.facebook.com\/revistarambla\" \/>\n<meta property=\"article:published_time\" content=\"2025-10-15T11:01:56+00:00\" \/>\n<meta property=\"og:image\" content=\"https:\/\/www.revistarambla.com\/wp-content\/uploads\/2025\/10\/phpnKeedb68ee13316c721.jpg\" \/>\n\t<meta property=\"og:image:width\" content=\"1920\" \/>\n\t<meta property=\"og:image:height\" content=\"1280\" \/>\n\t<meta property=\"og:image:type\" content=\"image\/jpeg\" \/>\n<meta name=\"author\" content=\"R@mbla\" \/>\n<meta name=\"twitter:card\" content=\"summary_large_image\" \/>\n<meta name=\"twitter:creator\" content=\"@revistarambla\" \/>\n<meta name=\"twitter:site\" content=\"@revistarambla\" \/>\n<meta name=\"twitter:label1\" content=\"Written by\" \/>\n\t<meta name=\"twitter:data1\" content=\"R@mbla\" \/>\n\t<meta name=\"twitter:label2\" content=\"Estimated reading time\" \/>\n\t<meta name=\"twitter:data2\" content=\"3 minutes\" \/>\n<script type=\"application\/ld+json\" class=\"yoast-schema-graph\">{\"@context\":\"https:\\\/\\\/schema.org\",\"@graph\":[{\"@type\":\"Article\",\"@id\":\"https:\\\/\\\/www.revistarambla.com\\\/la-vision-de-javier-arteaga-galvez-se-une-al-club-marta-mangue-en-una-iniciativa-para-fortalecer-la-salud-de-los-campeones-del-manana\\\/#article\",\"isPartOf\":{\"@id\":\"https:\\\/\\\/www.revistarambla.com\\\/la-vision-de-javier-arteaga-galvez-se-une-al-club-marta-mangue-en-una-iniciativa-para-fortalecer-la-salud-de-los-campeones-del-manana\\\/\"},\"author\":{\"name\":\"R@mbla\",\"@id\":\"https:\\\/\\\/www.revistarambla.com\\\/#\\\/schema\\\/person\\\/a146a5a2550b94981a75131180e1bd9c\"},\"headline\":\"La visi\u00f3n de Javier Arteaga G\u00e1lvez se une al Club Marta Mangu\u00e9 en una iniciativa para fortalecer la salud de los campeones del ma\u00f1ana\",\"datePublished\":\"2025-10-15T11:01:56+00:00\",\"mainEntityOfPage\":{\"@id\":\"https:\\\/\\\/www.revistarambla.com\\\/la-vision-de-javier-arteaga-galvez-se-une-al-club-marta-mangue-en-una-iniciativa-para-fortalecer-la-salud-de-los-campeones-del-manana\\\/\"},\"wordCount\":637,\"publisher\":{\"@id\":\"https:\\\/\\\/www.revistarambla.com\\\/#organization\"},\"image\":{\"@id\":\"https:\\\/\\\/www.revistarambla.com\\\/la-vision-de-javier-arteaga-galvez-se-une-al-club-marta-mangue-en-una-iniciativa-para-fortalecer-la-salud-de-los-campeones-del-manana\\\/#primaryimage\"},\"thumbnailUrl\":\"https:\\\/\\\/www.revistarambla.com\\\/wp-content\\\/uploads\\\/2025\\\/10\\\/phpnKeedb68ee13316c721.jpg\",\"articleSection\":[\"Otras Noticias\"],\"inLanguage\":\"en-GB\"},{\"@type\":\"WebPage\",\"@id\":\"https:\\\/\\\/www.revistarambla.com\\\/la-vision-de-javier-arteaga-galvez-se-une-al-club-marta-mangue-en-una-iniciativa-para-fortalecer-la-salud-de-los-campeones-del-manana\\\/\",\"url\":\"https:\\\/\\\/www.revistarambla.com\\\/la-vision-de-javier-arteaga-galvez-se-une-al-club-marta-mangue-en-una-iniciativa-para-fortalecer-la-salud-de-los-campeones-del-manana\\\/\",\"name\":\"La visi\u00f3n de Javier Arteaga G\u00e1lvez se une al Club Marta Mangu\u00e9 en una iniciativa para fortalecer la salud de los campeones del ma\u00f1ana - Revista Rambla\",\"isPartOf\":{\"@id\":\"https:\\\/\\\/www.revistarambla.com\\\/#website\"},\"primaryImageOfPage\":{\"@id\":\"https:\\\/\\\/www.revistarambla.com\\\/la-vision-de-javier-arteaga-galvez-se-une-al-club-marta-mangue-en-una-iniciativa-para-fortalecer-la-salud-de-los-campeones-del-manana\\\/#primaryimage\"},\"image\":{\"@id\":\"https:\\\/\\\/www.revistarambla.com\\\/la-vision-de-javier-arteaga-galvez-se-une-al-club-marta-mangue-en-una-iniciativa-para-fortalecer-la-salud-de-los-campeones-del-manana\\\/#primaryimage\"},\"thumbnailUrl\":\"https:\\\/\\\/www.revistarambla.com\\\/wp-content\\\/uploads\\\/2025\\\/10\\\/phpnKeedb68ee13316c721.jpg\",\"datePublished\":\"2025-10-15T11:01:56+00:00\",\"breadcrumb\":{\"@id\":\"https:\\\/\\\/www.revistarambla.com\\\/la-vision-de-javier-arteaga-galvez-se-une-al-club-marta-mangue-en-una-iniciativa-para-fortalecer-la-salud-de-los-campeones-del-manana\\\/#breadcrumb\"},\"inLanguage\":\"en-GB\",\"potentialAction\":[{\"@type\":\"ReadAction\",\"target\":[\"https:\\\/\\\/www.revistarambla.com\\\/la-vision-de-javier-arteaga-galvez-se-une-al-club-marta-mangue-en-una-iniciativa-para-fortalecer-la-salud-de-los-campeones-del-manana\\\/\"]}]},{\"@type\":\"ImageObject\",\"inLanguage\":\"en-GB\",\"@id\":\"https:\\\/\\\/www.revistarambla.com\\\/la-vision-de-javier-arteaga-galvez-se-une-al-club-marta-mangue-en-una-iniciativa-para-fortalecer-la-salud-de-los-campeones-del-manana\\\/#primaryimage\",\"url\":\"https:\\\/\\\/www.revistarambla.com\\\/wp-content\\\/uploads\\\/2025\\\/10\\\/phpnKeedb68ee13316c721.jpg\",\"contentUrl\":\"https:\\\/\\\/www.revistarambla.com\\\/wp-content\\\/uploads\\\/2025\\\/10\\\/phpnKeedb68ee13316c721.jpg\",\"width\":1920,\"height\":1280,\"caption\":\"LaooaLDental\"},{\"@type\":\"BreadcrumbList\",\"@id\":\"https:\\\/\\\/www.revistarambla.com\\\/la-vision-de-javier-arteaga-galvez-se-une-al-club-marta-mangue-en-una-iniciativa-para-fortalecer-la-salud-de-los-campeones-del-manana\\\/#breadcrumb\",\"itemListElement\":[{\"@type\":\"ListItem\",\"position\":1,\"name\":\"Portada\",\"item\":\"https:\\\/\\\/www.revistarambla.com\\\/\"},{\"@type\":\"ListItem\",\"position\":2,\"name\":\"La visi\u00f3n de Javier Arteaga G\u00e1lvez se une al Club Marta Mangu\u00e9 en una iniciativa para fortalecer la salud de los campeones del ma\u00f1ana\"}]},{\"@type\":\"WebSite\",\"@id\":\"https:\\\/\\\/www.revistarambla.com\\\/#website\",\"url\":\"https:\\\/\\\/www.revistarambla.com\\\/\",\"name\":\"Revista Rambla Barcelona\",\"description\":\"Periodismo independiente\",\"publisher\":{\"@id\":\"https:\\\/\\\/www.revistarambla.com\\\/#organization\"},\"potentialAction\":[{\"@type\":\"SearchAction\",\"target\":{\"@type\":\"EntryPoint\",\"urlTemplate\":\"https:\\\/\\\/www.revistarambla.com\\\/?s={search_term_string}\"},\"query-input\":{\"@type\":\"PropertyValueSpecification\",\"valueRequired\":true,\"valueName\":\"search_term_string\"}}],\"inLanguage\":\"en-GB\"},{\"@type\":\"Organization\",\"@id\":\"https:\\\/\\\/www.revistarambla.com\\\/#organization\",\"name\":\"Revista Rambla\",\"url\":\"https:\\\/\\\/www.revistarambla.com\\\/\",\"logo\":{\"@type\":\"ImageObject\",\"inLanguage\":\"en-GB\",\"@id\":\"https:\\\/\\\/www.revistarambla.com\\\/#\\\/schema\\\/logo\\\/image\\\/\",\"url\":\"https:\\\/\\\/www.revistarambla.com\\\/wp-content\\\/uploads\\\/2020\\\/09\\\/banner_rambla_1900x600_BB.png\",\"contentUrl\":\"https:\\\/\\\/www.revistarambla.com\\\/wp-content\\\/uploads\\\/2020\\\/09\\\/banner_rambla_1900x600_BB.png\",\"width\":1900,\"height\":600,\"caption\":\"Revista Rambla\"},\"image\":{\"@id\":\"https:\\\/\\\/www.revistarambla.com\\\/#\\\/schema\\\/logo\\\/image\\\/\"},\"sameAs\":[\"https:\\\/\\\/www.facebook.com\\\/revistarambla\\\/\",\"https:\\\/\\\/x.com\\\/revistarambla\",\"https:\\\/\\\/www.instagram.com\\\/revista_rambla\",\"https:\\\/\\\/es.linkedin.com\\\/company\\\/revista-rambla\"]},{\"@type\":\"Person\",\"@id\":\"https:\\\/\\\/www.revistarambla.com\\\/#\\\/schema\\\/person\\\/a146a5a2550b94981a75131180e1bd9c\",\"name\":\"R@mbla\",\"description\":\"Este art\u00edculo ha sido redactado y\\\/o validado por el equipo de redacci\u00f3n de Revista Rambla.\",\"sameAs\":[\"https:\\\/\\\/www.revistarambla.com\\\/\",\"https:\\\/\\\/www.facebook.com\\\/revistarambla\",\"https:\\\/\\\/x.com\\\/revistarambla\"]}]}<\/script>\n<!-- \/ Yoast SEO plugin. -->","yoast_head_json":{"title":"La visi\u00f3n de Javier Arteaga G\u00e1lvez se une al Club Marta Mangu\u00e9 en una iniciativa para fortalecer la salud de los campeones del ma\u00f1ana - Revista Rambla","robots":{"index":"index","follow":"follow","max-snippet":"max-snippet:-1","max-image-preview":"max-image-preview:large","max-video-preview":"max-video-preview:-1"},"canonical":"https:\/\/www.revistarambla.com\/en\/la-vision-de-javier-arteaga-galvez-se-une-al-club-marta-mangue-en-una-iniciativa-para-fortalecer-la-salud-de-los-campeones-del-manana\/","og_locale":"en_GB","og_type":"article","og_title":"La visi\u00f3n de Javier Arteaga G\u00e1lvez se une al Club Marta Mangu\u00e9 en una iniciativa para fortalecer la salud de los campeones del ma\u00f1ana - Revista Rambla","og_description":"El acuerdo establecido entre LaooaLDental y el Club Deportivo Marta Mangu\u00e9 representa un paso firme en la integraci\u00f3n de la salud con el deporte. El convenio, firmado en Gran Canaria por el CEOde LaooaLDental, Javier Arteaga G\u00e1lvez, y la hist\u00f3rica jugadora Marta Mangu\u00e9, tiene como meta cuidar la salud bucodental [&hellip;]","og_url":"https:\/\/www.revistarambla.com\/en\/la-vision-de-javier-arteaga-galvez-se-une-al-club-marta-mangue-en-una-iniciativa-para-fortalecer-la-salud-de-los-campeones-del-manana\/","og_site_name":"Revista Rambla","article_publisher":"https:\/\/www.facebook.com\/revistarambla\/","article_author":"https:\/\/www.facebook.com\/revistarambla","article_published_time":"2025-10-15T11:01:56+00:00","og_image":[{"width":1920,"height":1280,"url":"https:\/\/www.revistarambla.com\/wp-content\/uploads\/2025\/10\/phpnKeedb68ee13316c721.jpg","type":"image\/jpeg"}],"author":"R@mbla","twitter_card":"summary_large_image","twitter_creator":"@revistarambla","twitter_site":"@revistarambla","twitter_misc":{"Written by":"R@mbla","Estimated reading time":"3 minutes"},"schema":{"@context":"https:\/\/schema.org","@graph":[{"@type":"Article","@id":"https:\/\/www.revistarambla.com\/la-vision-de-javier-arteaga-galvez-se-une-al-club-marta-mangue-en-una-iniciativa-para-fortalecer-la-salud-de-los-campeones-del-manana\/#article","isPartOf":{"@id":"https:\/\/www.revistarambla.com\/la-vision-de-javier-arteaga-galvez-se-une-al-club-marta-mangue-en-una-iniciativa-para-fortalecer-la-salud-de-los-campeones-del-manana\/"},"author":{"name":"R@mbla","@id":"https:\/\/www.revistarambla.com\/#\/schema\/person\/a146a5a2550b94981a75131180e1bd9c"},"headline":"La visi\u00f3n de Javier Arteaga G\u00e1lvez se une al Club Marta Mangu\u00e9 en una iniciativa para fortalecer la salud de los campeones del ma\u00f1ana","datePublished":"2025-10-15T11:01:56+00:00","mainEntityOfPage":{"@id":"https:\/\/www.revistarambla.com\/la-vision-de-javier-arteaga-galvez-se-une-al-club-marta-mangue-en-una-iniciativa-para-fortalecer-la-salud-de-los-campeones-del-manana\/"},"wordCount":637,"publisher":{"@id":"https:\/\/www.revistarambla.com\/#organization"},"image":{"@id":"https:\/\/www.revistarambla.com\/la-vision-de-javier-arteaga-galvez-se-une-al-club-marta-mangue-en-una-iniciativa-para-fortalecer-la-salud-de-los-campeones-del-manana\/#primaryimage"},"thumbnailUrl":"https:\/\/www.revistarambla.com\/wp-content\/uploads\/2025\/10\/phpnKeedb68ee13316c721.jpg","articleSection":["Otras Noticias"],"inLanguage":"en-GB"},{"@type":"WebPage","@id":"https:\/\/www.revistarambla.com\/la-vision-de-javier-arteaga-galvez-se-une-al-club-marta-mangue-en-una-iniciativa-para-fortalecer-la-salud-de-los-campeones-del-manana\/","url":"https:\/\/www.revistarambla.com\/la-vision-de-javier-arteaga-galvez-se-une-al-club-marta-mangue-en-una-iniciativa-para-fortalecer-la-salud-de-los-campeones-del-manana\/","name":"La visi\u00f3n de Javier Arteaga G\u00e1lvez se une al Club Marta Mangu\u00e9 en una iniciativa para fortalecer la salud de los campeones del ma\u00f1ana - Revista Rambla","isPartOf":{"@id":"https:\/\/www.revistarambla.com\/#website"},"primaryImageOfPage":{"@id":"https:\/\/www.revistarambla.com\/la-vision-de-javier-arteaga-galvez-se-une-al-club-marta-mangue-en-una-iniciativa-para-fortalecer-la-salud-de-los-campeones-del-manana\/#primaryimage"},"image":{"@id":"https:\/\/www.revistarambla.com\/la-vision-de-javier-arteaga-galvez-se-une-al-club-marta-mangue-en-una-iniciativa-para-fortalecer-la-salud-de-los-campeones-del-manana\/#primaryimage"},"thumbnailUrl":"https:\/\/www.revistarambla.com\/wp-content\/uploads\/2025\/10\/phpnKeedb68ee13316c721.jpg","datePublished":"2025-10-15T11:01:56+00:00","breadcrumb":{"@id":"https:\/\/www.revistarambla.com\/la-vision-de-javier-arteaga-galvez-se-une-al-club-marta-mangue-en-una-iniciativa-para-fortalecer-la-salud-de-los-campeones-del-manana\/#breadcrumb"},"inLanguage":"en-GB","potentialAction":[{"@type":"ReadAction","target":["https:\/\/www.revistarambla.com\/la-vision-de-javier-arteaga-galvez-se-une-al-club-marta-mangue-en-una-iniciativa-para-fortalecer-la-salud-de-los-campeones-del-manana\/"]}]},{"@type":"ImageObject","inLanguage":"en-GB","@id":"https:\/\/www.revistarambla.com\/la-vision-de-javier-arteaga-galvez-se-une-al-club-marta-mangue-en-una-iniciativa-para-fortalecer-la-salud-de-los-campeones-del-manana\/#primaryimage","url":"https:\/\/www.revistarambla.com\/wp-content\/uploads\/2025\/10\/phpnKeedb68ee13316c721.jpg","contentUrl":"https:\/\/www.revistarambla.com\/wp-content\/uploads\/2025\/10\/phpnKeedb68ee13316c721.jpg","width":1920,"height":1280,"caption":"LaooaLDental"},{"@type":"BreadcrumbList","@id":"https:\/\/www.revistarambla.com\/la-vision-de-javier-arteaga-galvez-se-une-al-club-marta-mangue-en-una-iniciativa-para-fortalecer-la-salud-de-los-campeones-del-manana\/#breadcrumb","itemListElement":[{"@type":"ListItem","position":1,"name":"Portada","item":"https:\/\/www.revistarambla.com\/"},{"@type":"ListItem","position":2,"name":"La visi\u00f3n de Javier Arteaga G\u00e1lvez se une al Club Marta Mangu\u00e9 en una iniciativa para fortalecer la salud de los campeones del ma\u00f1ana"}]},{"@type":"WebSite","@id":"https:\/\/www.revistarambla.com\/#website","url":"https:\/\/www.revistarambla.com\/","name":"Revista Rambla Barcelona","description":"Periodismo independiente","publisher":{"@id":"https:\/\/www.revistarambla.com\/#organization"},"potentialAction":[{"@type":"SearchAction","target":{"@type":"EntryPoint","urlTemplate":"https:\/\/www.revistarambla.com\/?s={search_term_string}"},"query-input":{"@type":"PropertyValueSpecification","valueRequired":true,"valueName":"search_term_string"}}],"inLanguage":"en-GB"},{"@type":"Organization","@id":"https:\/\/www.revistarambla.com\/#organization","name":"Revista Rambla","url":"https:\/\/www.revistarambla.com\/","logo":{"@type":"ImageObject","inLanguage":"en-GB","@id":"https:\/\/www.revistarambla.com\/#\/schema\/logo\/image\/","url":"https:\/\/www.revistarambla.com\/wp-content\/uploads\/2020\/09\/banner_rambla_1900x600_BB.png","contentUrl":"https:\/\/www.revistarambla.com\/wp-content\/uploads\/2020\/09\/banner_rambla_1900x600_BB.png","width":1900,"height":600,"caption":"Revista Rambla"},"image":{"@id":"https:\/\/www.revistarambla.com\/#\/schema\/logo\/image\/"},"sameAs":["https:\/\/www.facebook.com\/revistarambla\/","https:\/\/x.com\/revistarambla","https:\/\/www.instagram.com\/revista_rambla","https:\/\/es.linkedin.com\/company\/revista-rambla"]},{"@type":"Person","@id":"https:\/\/www.revistarambla.com\/#\/schema\/person\/a146a5a2550b94981a75131180e1bd9c","name":"R@mbla","description":"Este art\u00edculo ha sido redactado y\/o validado por el equipo de redacci\u00f3n de Revista Rambla.","sameAs":["https:\/\/www.revistarambla.com\/","https:\/\/www.facebook.com\/revistarambla","https:\/\/x.com\/revistarambla"]}]}},"_links":{"self":[{"href":"https:\/\/www.revistarambla.com\/en\/wp-json\/wp\/v2\/posts\/66904","targetHints":{"allow":["GET"]}}],"collection":[{"href":"https:\/\/www.revistarambla.com\/en\/wp-json\/wp\/v2\/posts"}],"about":[{"href":"https:\/\/www.revistarambla.com\/en\/wp-json\/wp\/v2\/types\/post"}],"author":[{"embeddable":true,"href":"https:\/\/www.revistarambla.com\/en\/wp-json\/wp\/v2\/users\/3"}],"replies":[{"embeddable":true,"href":"https:\/\/www.revistarambla.com\/en\/wp-json\/wp\/v2\/comments?post=66904"}],"version-history":[{"count":1,"href":"https:\/\/www.revistarambla.com\/en\/wp-json\/wp\/v2\/posts\/66904\/revisions"}],"predecessor-version":[{"id":66906,"href":"https:\/\/www.revistarambla.com\/en\/wp-json\/wp\/v2\/posts\/66904\/revisions\/66906"}],"wp:featuredmedia":[{"embeddable":true,"href":"https:\/\/www.revistarambla.com\/en\/wp-json\/wp\/v2\/media\/66905"}],"wp:attachment":[{"href":"https:\/\/www.revistarambla.com\/en\/wp-json\/wp\/v2\/media?parent=66904"}],"wp:term":[{"taxonomy":"category","embeddable":true,"href":"https:\/\/www.revistarambla.com\/en\/wp-json\/wp\/v2\/categories?post=66904"},{"taxonomy":"post_tag","embeddable":true,"href":"https:\/\/www.revistarambla.com\/en\/wp-json\/wp\/v2\/tags?post=66904"}],"curies":[{"name":"wp","href":"https:\/\/api.w.org\/{rel}","templated":true}]}}