{"id":66881,"date":"2025-10-13T18:57:51","date_gmt":"2025-10-13T16:57:51","guid":{"rendered":"https:\/\/www.revistarambla.com\/?p=66881"},"modified":"2025-10-13T19:25:36","modified_gmt":"2025-10-13T17:25:36","slug":"los-retrasos-en-la-resolucion-de-discapacidad-y-dependencia-la-verguenza-administrativa-en-espana","status":"publish","type":"post","link":"https:\/\/www.revistarambla.com\/en\/los-retrasos-en-la-resolucion-de-discapacidad-y-dependencia-la-verguenza-administrativa-en-espana\/","title":{"rendered":"Los retrasos en la resoluci\u00f3n de discapacidad y dependencia: la verg\u00fcenza administrativa en Espa\u00f1a"},"content":{"rendered":"<p>En Espa\u00f1a, la legislaci\u00f3n establece plazos claros para la resoluci\u00f3n de solicitudes relacionadas con la discapacidad y la dependencia<!--more-->, con el objetivo de garantizar una atenci\u00f3n oportuna a las personas vulnerables, especialmente a los mayores. Seg\u00fan el Real Decreto 888\/2022, de 18 de octubre, que regula el procedimiento para el reconocimiento, declaraci\u00f3n y calificaci\u00f3n del grado de discapacidad, el plazo m\u00e1ximo para resolver y notificar es de seis meses desde la presentaci\u00f3n de la solicitud. De manera similar, la Ley 39\/2006, de 14 de diciembre, de Promoci\u00f3n de la Autonom\u00eda Personal y de Atenci\u00f3n a las personas en situaci\u00f3n de Dependencia (conocida como Ley de Dependencia), fija un plazo m\u00e1ximo de seis meses para la resoluci\u00f3n completa del procedimiento, incluyendo la valoraci\u00f3n y la asignaci\u00f3n de prestaciones. Estos plazos buscan proteger los derechos de los ciudadanos, asegurando que las ayudas lleguen a tiempo para mitigar el impacto de la vulnerabilidad en la vida diaria.<\/p>\n<p>Sin embargo, la realidad dista mucho de este marco legal ideal. Miles de personas, particularmente ancianos, enfrentan demoras que superan con creces estos l\u00edmites, convirtiendo un derecho en una odisea burocr\u00e1tica. Un caso ilustrativo es el de una persona de 93 a\u00f1os, cuya solicitud de reconocimiento de discapacidad tard\u00f3 23 meses en resolverse, lo que representa un retraso de 17 meses sobre el plazo legal. En paralelo, su calificaci\u00f3n de dependencia se obtuvo en siete meses \u2014ya por encima del l\u00edmite\u2014, pero han transcurrido otros siete meses adicionales sin notificaci\u00f3n de la ayuda correspondiente, acumulando una demora total de ocho meses en esta fase. Esta persona, con un grado de discapacidad superior al 65%, requiere asistencia para actos esenciales de la vida diaria y supera los baremos de dificultades de movilidad. Este escenario no solo viola la ley, sino que agrava la fragilidad de un colectivo que no puede esperar: los mayores de 90 a\u00f1os, para quienes cada mes de retraso puede significar una merma irreversible en su calidad de vida.<\/p>\n<p>Este caso no es aislado. Seg\u00fan datos del Instituto de Mayores y Servicios Sociales (Imserso), el tiempo medio de espera para resolver solicitudes de dependencia en Espa\u00f1a asciende a 342 d\u00edas, superando en 162 d\u00edas el plazo legal de seis meses. En regiones como Canarias, las quejas por retrasos \u00abexcesivos\u00bb en el reconocimiento de discapacidad y dependencia se han disparado, con 603 reclamaciones por discapacidad y 470 por dependencia solo en 2024. El Defensor del Pueblo, en su informe anual de 2024, destaca que los retrasos en la valoraci\u00f3n de la discapacidad pueden extenderse hasta cuatro a\u00f1os en algunos casos, un problema persistente que afecta a decenas de miles de personas. En Andaluc\u00eda, por ejemplo, el Defensor del Pueblo andaluz alert\u00f3 en 2025 de demoras graves que generan \u00abdesesperaci\u00f3n\u00bb entre los afectados, con listas de espera que no cesan de crecer.<\/p>\n<p>Las estad\u00edsticas revelan un panorama alarmante. A junio de 2025, la lista de espera para dependencia ha aumentado en 16.536 personas en solo seis meses, con un tiempo medio de tramitaci\u00f3n de 342 d\u00edas. Aunque el n\u00famero de personas atendidas ha alcanzado cifras r\u00e9cord, con una reducci\u00f3n del 9,4% en la lista de espera general desde marzo de 2024, el incremento en solicitudes (un 5,4% m\u00e1s) mantiene el sistema saturado. En cuanto a la discapacidad, el Defensor del Pueblo investiga de oficio demoras de hasta tres a\u00f1os en regiones como Madrid y La Rioja, donde las valoraciones se demoran por falta de recursos humanos y materiales. Un informe de la EAPN Espa\u00f1a sobre pobreza y discapacidad en 2023 indica que aproximadamente 3,8 millones de personas en Espa\u00f1a tienen alguna discapacidad, y muchas de ellas enfrentan barreras adicionales por estos retrasos.<\/p>\n<p>Detr\u00e1s de estos n\u00fameros hay historias reales de sufrimiento. Tomemos el ejemplo de familias con ancianos dependientes. En un reportaje de La Vanguardia de septiembre de 2025, se describe c\u00f3mo personas mayores de 65 a\u00f1os cuidan a hijos adultos con discapacidad, esperando m\u00e1s de un a\u00f1o por ayudas que nunca llegan a tiempo. Otro caso, reportado por ABC en julio de 2024, destaca c\u00f3mo en algunas autonom\u00edas, los embudos administrativos han triplicado las quejas en cinco a\u00f1os, dejando a ancianos sin acceso a prestaciones vitales como residencias o ayudas econ\u00f3micas. En C\u00f3rdoba, seg\u00fan Cadena SER en enero de 2025, 35.000 dependientes murieron en 2024 sin recibir prestaciones, con Andaluc\u00eda como una de las regiones con mayores retrasos. Estos ejemplos ilustran c\u00f3mo los retrasos no solo incumplen la ley, sino que vulneran derechos fundamentales, como el acceso oportuno a la protecci\u00f3n social.<\/p>\n<p>Las causas de estos desatinos son multifactoriales. La descentralizaci\u00f3n del sistema, donde las comunidades aut\u00f3nomas gestionan los procedimientos, genera disparidades: mientras algunas como Cantabria fijan plazos de seis meses, otras como Murcia o Canarias acumulan reservas por insuficiencia de personal. El Defensor del Pueblo se\u00f1ala \u00abcarencias manifestadas por las administraciones en materia de recursos\u00bb como un factor clave. Adem\u00e1s, la pandemia de COVID-19 exacerb\u00f3 el problema, dejando un legado de atascos que persiste, como se menciona en informes del Consejo Econ\u00f3mico y Social. La falta de coordinaci\u00f3n entre niveles administrativos y la complejidad de los baremos de valoraci\u00f3n \u2014que el CERMI ha pedido revisar\u2014 contribuyen a los retrasos.<\/p>\n<p>Las consecuencias son devastadoras, especialmente para los ancianos. Un retraso de meses puede significar aislamiento, deterioro f\u00edsico o mental, y carga econ\u00f3mica para las familias. Seg\u00fan El Pa\u00eds, en noviembre de 2024, 83.589 personas est\u00e1n en convenios especiales por cuidados familiares, pero los retrasos agravan la soledad y el desgaste de los cuidadores. En t\u00e9rminos econ\u00f3micos, las prestaciones por dependencia, que incluyen ayudas para residencias o cuidados en el hogar, se demoran, forzando a muchas familias a asumir costos privados. Lourdes Rivera, en una entrevista con La Raz\u00f3n en junio de 2025, advierte que estas carencias generan desigualdades territoriales y sociales.<\/p>\n<p>\u00bfQui\u00e9n asume responsabilidades por estos incumplimientos? La Ley de Dependencia y el Real Decreto para discapacidad prev\u00e9n mecanismos de control, pero las sanciones se centran en infracciones graves como acoso o incumplimientos reiterados de requerimientos administrativos. En la pr\u00e1ctica, las administraciones pueden ser demandadas por inactividad, como dictamin\u00f3 el Tribunal Constitucional en 2021, al declarar que la falta de respuesta vulnera el derecho a la tutela efectiva. Sin embargo, la responsabilidad personal de funcionarios es rara; recae en las comunidades aut\u00f3nomas y el Estado central, que financian el sistema. El Defensor del Pueblo ha recomendado agilizar procesos y aumentar recursos, pero las quejas representan ya la cuarta parte de las reclamaciones sociales. Las controversias se resuelven en la jurisdicci\u00f3n social, con plazos para reclamos de un mes desde la notificaci\u00f3n.<\/p>\n<p>Para abordar esta verg\u00fcenza, se proponen reformas como la Ley 8\/2021, que reforma la legislaci\u00f3n civil para apoyar a personas con discapacidad, eliminando incompatibilidades en prestaciones y ampliando plazos para cuidados. Expertos sugieren digitalizaci\u00f3n de tr\u00e1mites, m\u00e1s personal valorativo y coordinaci\u00f3n nacional. El Ministerio de Derechos Sociales insta a reducir listas de espera, pero sin medidas concretas, los retrasos persistir\u00e1n.<\/p>\n<p>En conclusi\u00f3n, los plazos legales de seis meses para discapacidad y dependencia son un pilar de la protecci\u00f3n social en Espa\u00f1a, pero su incumplimiento sistem\u00e1tico representa un fracaso colectivo. Casos como el de la persona de 93 a\u00f1os subrayan la urgencia de actuar: no se trata solo de burocracia, sino de dignidad humana. Mientras las administraciones no asuman responsabilidades reales y asignen recursos adecuados, miles de ancianos seguir\u00e1n esperando, en vano, en un sistema que, lejos de promover autonom\u00eda, perpet\u00faa la dependencia de la ineficacia estatal.<\/p>","protected":false},"excerpt":{"rendered":"<p>En Espa\u00f1a, la legislaci\u00f3n establece plazos claros para la resoluci\u00f3n de solicitudes relacionadas con la discapacidad y la dependencia<\/p>","protected":false},"author":3,"featured_media":66882,"comment_status":"closed","ping_status":"closed","sticky":false,"template":"","format":"standard","meta":{"footnotes":""},"categories":[58],"tags":[],"class_list":["post-66881","post","type-post","status-publish","format-standard","has-post-thumbnail","hentry","category-estado-espanol"],"yoast_head":"<!-- This site is optimized with the Yoast SEO plugin v27.5 - https:\/\/yoast.com\/product\/yoast-seo-wordpress\/ -->\n<title>Los retrasos en la resoluci\u00f3n de discapacidad y dependencia: la verg\u00fcenza administrativa en Espa\u00f1a - Revista Rambla<\/title>\n<meta name=\"robots\" content=\"index, follow, max-snippet:-1, max-image-preview:large, max-video-preview:-1\" \/>\n<link rel=\"canonical\" href=\"https:\/\/www.revistarambla.com\/en\/los-retrasos-en-la-resolucion-de-discapacidad-y-dependencia-la-verguenza-administrativa-en-espana\/\" \/>\n<meta property=\"og:locale\" content=\"en_GB\" \/>\n<meta property=\"og:type\" content=\"article\" \/>\n<meta property=\"og:title\" content=\"Los retrasos en la resoluci\u00f3n de discapacidad y dependencia: la verg\u00fcenza administrativa en Espa\u00f1a - Revista Rambla\" \/>\n<meta property=\"og:description\" content=\"En Espa\u00f1a, la legislaci\u00f3n establece plazos claros para la resoluci\u00f3n de solicitudes relacionadas con la discapacidad y la dependencia\" \/>\n<meta property=\"og:url\" content=\"https:\/\/www.revistarambla.com\/en\/los-retrasos-en-la-resolucion-de-discapacidad-y-dependencia-la-verguenza-administrativa-en-espana\/\" \/>\n<meta property=\"og:site_name\" content=\"Revista Rambla\" \/>\n<meta property=\"article:publisher\" content=\"https:\/\/www.facebook.com\/revistarambla\/\" \/>\n<meta property=\"article:author\" content=\"https:\/\/www.facebook.com\/revistarambla\" \/>\n<meta property=\"article:published_time\" content=\"2025-10-13T16:57:51+00:00\" \/>\n<meta property=\"article:modified_time\" content=\"2025-10-13T17:25:36+00:00\" \/>\n<meta property=\"og:image\" content=\"https:\/\/www.revistarambla.com\/wp-content\/uploads\/2025\/10\/incapacidad-75.jpg\" \/>\n\t<meta property=\"og:image:width\" content=\"1200\" \/>\n\t<meta property=\"og:image:height\" content=\"675\" \/>\n\t<meta property=\"og:image:type\" content=\"image\/jpeg\" \/>\n<meta name=\"author\" content=\"R@mbla\" \/>\n<meta name=\"twitter:card\" content=\"summary_large_image\" \/>\n<meta name=\"twitter:creator\" content=\"@revistarambla\" \/>\n<meta name=\"twitter:site\" content=\"@revistarambla\" \/>\n<meta name=\"twitter:label1\" content=\"Written by\" \/>\n\t<meta name=\"twitter:data1\" content=\"R@mbla\" \/>\n\t<meta name=\"twitter:label2\" content=\"Estimated reading time\" \/>\n\t<meta name=\"twitter:data2\" content=\"6 minutes\" \/>\n<script type=\"application\/ld+json\" class=\"yoast-schema-graph\">{\"@context\":\"https:\\\/\\\/schema.org\",\"@graph\":[{\"@type\":\"Article\",\"@id\":\"https:\\\/\\\/www.revistarambla.com\\\/los-retrasos-en-la-resolucion-de-discapacidad-y-dependencia-la-verguenza-administrativa-en-espana\\\/#article\",\"isPartOf\":{\"@id\":\"https:\\\/\\\/www.revistarambla.com\\\/los-retrasos-en-la-resolucion-de-discapacidad-y-dependencia-la-verguenza-administrativa-en-espana\\\/\"},\"author\":{\"name\":\"R@mbla\",\"@id\":\"https:\\\/\\\/www.revistarambla.com\\\/#\\\/schema\\\/person\\\/a146a5a2550b94981a75131180e1bd9c\"},\"headline\":\"Los retrasos en la resoluci\u00f3n de discapacidad y dependencia: la verg\u00fcenza administrativa en Espa\u00f1a\",\"datePublished\":\"2025-10-13T16:57:51+00:00\",\"dateModified\":\"2025-10-13T17:25:36+00:00\",\"mainEntityOfPage\":{\"@id\":\"https:\\\/\\\/www.revistarambla.com\\\/los-retrasos-en-la-resolucion-de-discapacidad-y-dependencia-la-verguenza-administrativa-en-espana\\\/\"},\"wordCount\":1306,\"publisher\":{\"@id\":\"https:\\\/\\\/www.revistarambla.com\\\/#organization\"},\"image\":{\"@id\":\"https:\\\/\\\/www.revistarambla.com\\\/los-retrasos-en-la-resolucion-de-discapacidad-y-dependencia-la-verguenza-administrativa-en-espana\\\/#primaryimage\"},\"thumbnailUrl\":\"https:\\\/\\\/www.revistarambla.com\\\/wp-content\\\/uploads\\\/2025\\\/10\\\/incapacidad-75.jpg\",\"articleSection\":[\"Estado Espa\u00f1ol\"],\"inLanguage\":\"en-GB\"},{\"@type\":\"WebPage\",\"@id\":\"https:\\\/\\\/www.revistarambla.com\\\/los-retrasos-en-la-resolucion-de-discapacidad-y-dependencia-la-verguenza-administrativa-en-espana\\\/\",\"url\":\"https:\\\/\\\/www.revistarambla.com\\\/los-retrasos-en-la-resolucion-de-discapacidad-y-dependencia-la-verguenza-administrativa-en-espana\\\/\",\"name\":\"Los retrasos en la resoluci\u00f3n de discapacidad y dependencia: la verg\u00fcenza administrativa en Espa\u00f1a - Revista Rambla\",\"isPartOf\":{\"@id\":\"https:\\\/\\\/www.revistarambla.com\\\/#website\"},\"primaryImageOfPage\":{\"@id\":\"https:\\\/\\\/www.revistarambla.com\\\/los-retrasos-en-la-resolucion-de-discapacidad-y-dependencia-la-verguenza-administrativa-en-espana\\\/#primaryimage\"},\"image\":{\"@id\":\"https:\\\/\\\/www.revistarambla.com\\\/los-retrasos-en-la-resolucion-de-discapacidad-y-dependencia-la-verguenza-administrativa-en-espana\\\/#primaryimage\"},\"thumbnailUrl\":\"https:\\\/\\\/www.revistarambla.com\\\/wp-content\\\/uploads\\\/2025\\\/10\\\/incapacidad-75.jpg\",\"datePublished\":\"2025-10-13T16:57:51+00:00\",\"dateModified\":\"2025-10-13T17:25:36+00:00\",\"breadcrumb\":{\"@id\":\"https:\\\/\\\/www.revistarambla.com\\\/los-retrasos-en-la-resolucion-de-discapacidad-y-dependencia-la-verguenza-administrativa-en-espana\\\/#breadcrumb\"},\"inLanguage\":\"en-GB\",\"potentialAction\":[{\"@type\":\"ReadAction\",\"target\":[\"https:\\\/\\\/www.revistarambla.com\\\/los-retrasos-en-la-resolucion-de-discapacidad-y-dependencia-la-verguenza-administrativa-en-espana\\\/\"]}]},{\"@type\":\"ImageObject\",\"inLanguage\":\"en-GB\",\"@id\":\"https:\\\/\\\/www.revistarambla.com\\\/los-retrasos-en-la-resolucion-de-discapacidad-y-dependencia-la-verguenza-administrativa-en-espana\\\/#primaryimage\",\"url\":\"https:\\\/\\\/www.revistarambla.com\\\/wp-content\\\/uploads\\\/2025\\\/10\\\/incapacidad-75.jpg\",\"contentUrl\":\"https:\\\/\\\/www.revistarambla.com\\\/wp-content\\\/uploads\\\/2025\\\/10\\\/incapacidad-75.jpg\",\"width\":1200,\"height\":675,\"caption\":\"discapacidad y dependencia\"},{\"@type\":\"BreadcrumbList\",\"@id\":\"https:\\\/\\\/www.revistarambla.com\\\/los-retrasos-en-la-resolucion-de-discapacidad-y-dependencia-la-verguenza-administrativa-en-espana\\\/#breadcrumb\",\"itemListElement\":[{\"@type\":\"ListItem\",\"position\":1,\"name\":\"Portada\",\"item\":\"https:\\\/\\\/www.revistarambla.com\\\/\"},{\"@type\":\"ListItem\",\"position\":2,\"name\":\"Los retrasos en la resoluci\u00f3n de discapacidad y dependencia: la verg\u00fcenza administrativa en Espa\u00f1a\"}]},{\"@type\":\"WebSite\",\"@id\":\"https:\\\/\\\/www.revistarambla.com\\\/#website\",\"url\":\"https:\\\/\\\/www.revistarambla.com\\\/\",\"name\":\"Revista Rambla Barcelona\",\"description\":\"Periodismo independiente\",\"publisher\":{\"@id\":\"https:\\\/\\\/www.revistarambla.com\\\/#organization\"},\"potentialAction\":[{\"@type\":\"SearchAction\",\"target\":{\"@type\":\"EntryPoint\",\"urlTemplate\":\"https:\\\/\\\/www.revistarambla.com\\\/?s={search_term_string}\"},\"query-input\":{\"@type\":\"PropertyValueSpecification\",\"valueRequired\":true,\"valueName\":\"search_term_string\"}}],\"inLanguage\":\"en-GB\"},{\"@type\":\"Organization\",\"@id\":\"https:\\\/\\\/www.revistarambla.com\\\/#organization\",\"name\":\"Revista Rambla\",\"url\":\"https:\\\/\\\/www.revistarambla.com\\\/\",\"logo\":{\"@type\":\"ImageObject\",\"inLanguage\":\"en-GB\",\"@id\":\"https:\\\/\\\/www.revistarambla.com\\\/#\\\/schema\\\/logo\\\/image\\\/\",\"url\":\"https:\\\/\\\/www.revistarambla.com\\\/wp-content\\\/uploads\\\/2020\\\/09\\\/banner_rambla_1900x600_BB.png\",\"contentUrl\":\"https:\\\/\\\/www.revistarambla.com\\\/wp-content\\\/uploads\\\/2020\\\/09\\\/banner_rambla_1900x600_BB.png\",\"width\":1900,\"height\":600,\"caption\":\"Revista Rambla\"},\"image\":{\"@id\":\"https:\\\/\\\/www.revistarambla.com\\\/#\\\/schema\\\/logo\\\/image\\\/\"},\"sameAs\":[\"https:\\\/\\\/www.facebook.com\\\/revistarambla\\\/\",\"https:\\\/\\\/x.com\\\/revistarambla\",\"https:\\\/\\\/www.instagram.com\\\/revista_rambla\",\"https:\\\/\\\/es.linkedin.com\\\/company\\\/revista-rambla\"]},{\"@type\":\"Person\",\"@id\":\"https:\\\/\\\/www.revistarambla.com\\\/#\\\/schema\\\/person\\\/a146a5a2550b94981a75131180e1bd9c\",\"name\":\"R@mbla\",\"description\":\"Este art\u00edculo ha sido redactado y\\\/o validado por el equipo de redacci\u00f3n de Revista Rambla.\",\"sameAs\":[\"https:\\\/\\\/www.revistarambla.com\\\/\",\"https:\\\/\\\/www.facebook.com\\\/revistarambla\",\"https:\\\/\\\/x.com\\\/revistarambla\"]}]}<\/script>\n<!-- \/ Yoast SEO plugin. -->","yoast_head_json":{"title":"Los retrasos en la resoluci\u00f3n de discapacidad y dependencia: la verg\u00fcenza administrativa en Espa\u00f1a - Revista Rambla","robots":{"index":"index","follow":"follow","max-snippet":"max-snippet:-1","max-image-preview":"max-image-preview:large","max-video-preview":"max-video-preview:-1"},"canonical":"https:\/\/www.revistarambla.com\/en\/los-retrasos-en-la-resolucion-de-discapacidad-y-dependencia-la-verguenza-administrativa-en-espana\/","og_locale":"en_GB","og_type":"article","og_title":"Los retrasos en la resoluci\u00f3n de discapacidad y dependencia: la verg\u00fcenza administrativa en Espa\u00f1a - Revista Rambla","og_description":"En Espa\u00f1a, la legislaci\u00f3n establece plazos claros para la resoluci\u00f3n de solicitudes relacionadas con la discapacidad y la dependencia","og_url":"https:\/\/www.revistarambla.com\/en\/los-retrasos-en-la-resolucion-de-discapacidad-y-dependencia-la-verguenza-administrativa-en-espana\/","og_site_name":"Revista Rambla","article_publisher":"https:\/\/www.facebook.com\/revistarambla\/","article_author":"https:\/\/www.facebook.com\/revistarambla","article_published_time":"2025-10-13T16:57:51+00:00","article_modified_time":"2025-10-13T17:25:36+00:00","og_image":[{"width":1200,"height":675,"url":"https:\/\/www.revistarambla.com\/wp-content\/uploads\/2025\/10\/incapacidad-75.jpg","type":"image\/jpeg"}],"author":"R@mbla","twitter_card":"summary_large_image","twitter_creator":"@revistarambla","twitter_site":"@revistarambla","twitter_misc":{"Written by":"R@mbla","Estimated reading time":"6 minutes"},"schema":{"@context":"https:\/\/schema.org","@graph":[{"@type":"Article","@id":"https:\/\/www.revistarambla.com\/los-retrasos-en-la-resolucion-de-discapacidad-y-dependencia-la-verguenza-administrativa-en-espana\/#article","isPartOf":{"@id":"https:\/\/www.revistarambla.com\/los-retrasos-en-la-resolucion-de-discapacidad-y-dependencia-la-verguenza-administrativa-en-espana\/"},"author":{"name":"R@mbla","@id":"https:\/\/www.revistarambla.com\/#\/schema\/person\/a146a5a2550b94981a75131180e1bd9c"},"headline":"Los retrasos en la resoluci\u00f3n de discapacidad y dependencia: la verg\u00fcenza administrativa en Espa\u00f1a","datePublished":"2025-10-13T16:57:51+00:00","dateModified":"2025-10-13T17:25:36+00:00","mainEntityOfPage":{"@id":"https:\/\/www.revistarambla.com\/los-retrasos-en-la-resolucion-de-discapacidad-y-dependencia-la-verguenza-administrativa-en-espana\/"},"wordCount":1306,"publisher":{"@id":"https:\/\/www.revistarambla.com\/#organization"},"image":{"@id":"https:\/\/www.revistarambla.com\/los-retrasos-en-la-resolucion-de-discapacidad-y-dependencia-la-verguenza-administrativa-en-espana\/#primaryimage"},"thumbnailUrl":"https:\/\/www.revistarambla.com\/wp-content\/uploads\/2025\/10\/incapacidad-75.jpg","articleSection":["Estado Espa\u00f1ol"],"inLanguage":"en-GB"},{"@type":"WebPage","@id":"https:\/\/www.revistarambla.com\/los-retrasos-en-la-resolucion-de-discapacidad-y-dependencia-la-verguenza-administrativa-en-espana\/","url":"https:\/\/www.revistarambla.com\/los-retrasos-en-la-resolucion-de-discapacidad-y-dependencia-la-verguenza-administrativa-en-espana\/","name":"Los retrasos en la resoluci\u00f3n de discapacidad y dependencia: la verg\u00fcenza administrativa en Espa\u00f1a - Revista Rambla","isPartOf":{"@id":"https:\/\/www.revistarambla.com\/#website"},"primaryImageOfPage":{"@id":"https:\/\/www.revistarambla.com\/los-retrasos-en-la-resolucion-de-discapacidad-y-dependencia-la-verguenza-administrativa-en-espana\/#primaryimage"},"image":{"@id":"https:\/\/www.revistarambla.com\/los-retrasos-en-la-resolucion-de-discapacidad-y-dependencia-la-verguenza-administrativa-en-espana\/#primaryimage"},"thumbnailUrl":"https:\/\/www.revistarambla.com\/wp-content\/uploads\/2025\/10\/incapacidad-75.jpg","datePublished":"2025-10-13T16:57:51+00:00","dateModified":"2025-10-13T17:25:36+00:00","breadcrumb":{"@id":"https:\/\/www.revistarambla.com\/los-retrasos-en-la-resolucion-de-discapacidad-y-dependencia-la-verguenza-administrativa-en-espana\/#breadcrumb"},"inLanguage":"en-GB","potentialAction":[{"@type":"ReadAction","target":["https:\/\/www.revistarambla.com\/los-retrasos-en-la-resolucion-de-discapacidad-y-dependencia-la-verguenza-administrativa-en-espana\/"]}]},{"@type":"ImageObject","inLanguage":"en-GB","@id":"https:\/\/www.revistarambla.com\/los-retrasos-en-la-resolucion-de-discapacidad-y-dependencia-la-verguenza-administrativa-en-espana\/#primaryimage","url":"https:\/\/www.revistarambla.com\/wp-content\/uploads\/2025\/10\/incapacidad-75.jpg","contentUrl":"https:\/\/www.revistarambla.com\/wp-content\/uploads\/2025\/10\/incapacidad-75.jpg","width":1200,"height":675,"caption":"discapacidad y dependencia"},{"@type":"BreadcrumbList","@id":"https:\/\/www.revistarambla.com\/los-retrasos-en-la-resolucion-de-discapacidad-y-dependencia-la-verguenza-administrativa-en-espana\/#breadcrumb","itemListElement":[{"@type":"ListItem","position":1,"name":"Portada","item":"https:\/\/www.revistarambla.com\/"},{"@type":"ListItem","position":2,"name":"Los retrasos en la resoluci\u00f3n de discapacidad y dependencia: la verg\u00fcenza administrativa en Espa\u00f1a"}]},{"@type":"WebSite","@id":"https:\/\/www.revistarambla.com\/#website","url":"https:\/\/www.revistarambla.com\/","name":"Revista Rambla Barcelona","description":"Periodismo independiente","publisher":{"@id":"https:\/\/www.revistarambla.com\/#organization"},"potentialAction":[{"@type":"SearchAction","target":{"@type":"EntryPoint","urlTemplate":"https:\/\/www.revistarambla.com\/?s={search_term_string}"},"query-input":{"@type":"PropertyValueSpecification","valueRequired":true,"valueName":"search_term_string"}}],"inLanguage":"en-GB"},{"@type":"Organization","@id":"https:\/\/www.revistarambla.com\/#organization","name":"Revista Rambla","url":"https:\/\/www.revistarambla.com\/","logo":{"@type":"ImageObject","inLanguage":"en-GB","@id":"https:\/\/www.revistarambla.com\/#\/schema\/logo\/image\/","url":"https:\/\/www.revistarambla.com\/wp-content\/uploads\/2020\/09\/banner_rambla_1900x600_BB.png","contentUrl":"https:\/\/www.revistarambla.com\/wp-content\/uploads\/2020\/09\/banner_rambla_1900x600_BB.png","width":1900,"height":600,"caption":"Revista Rambla"},"image":{"@id":"https:\/\/www.revistarambla.com\/#\/schema\/logo\/image\/"},"sameAs":["https:\/\/www.facebook.com\/revistarambla\/","https:\/\/x.com\/revistarambla","https:\/\/www.instagram.com\/revista_rambla","https:\/\/es.linkedin.com\/company\/revista-rambla"]},{"@type":"Person","@id":"https:\/\/www.revistarambla.com\/#\/schema\/person\/a146a5a2550b94981a75131180e1bd9c","name":"R@mbla","description":"Este art\u00edculo ha sido redactado y\/o validado por el equipo de redacci\u00f3n de Revista Rambla.","sameAs":["https:\/\/www.revistarambla.com\/","https:\/\/www.facebook.com\/revistarambla","https:\/\/x.com\/revistarambla"]}]}},"_links":{"self":[{"href":"https:\/\/www.revistarambla.com\/en\/wp-json\/wp\/v2\/posts\/66881","targetHints":{"allow":["GET"]}}],"collection":[{"href":"https:\/\/www.revistarambla.com\/en\/wp-json\/wp\/v2\/posts"}],"about":[{"href":"https:\/\/www.revistarambla.com\/en\/wp-json\/wp\/v2\/types\/post"}],"author":[{"embeddable":true,"href":"https:\/\/www.revistarambla.com\/en\/wp-json\/wp\/v2\/users\/3"}],"replies":[{"embeddable":true,"href":"https:\/\/www.revistarambla.com\/en\/wp-json\/wp\/v2\/comments?post=66881"}],"version-history":[{"count":1,"href":"https:\/\/www.revistarambla.com\/en\/wp-json\/wp\/v2\/posts\/66881\/revisions"}],"predecessor-version":[{"id":66883,"href":"https:\/\/www.revistarambla.com\/en\/wp-json\/wp\/v2\/posts\/66881\/revisions\/66883"}],"wp:featuredmedia":[{"embeddable":true,"href":"https:\/\/www.revistarambla.com\/en\/wp-json\/wp\/v2\/media\/66882"}],"wp:attachment":[{"href":"https:\/\/www.revistarambla.com\/en\/wp-json\/wp\/v2\/media?parent=66881"}],"wp:term":[{"taxonomy":"category","embeddable":true,"href":"https:\/\/www.revistarambla.com\/en\/wp-json\/wp\/v2\/categories?post=66881"},{"taxonomy":"post_tag","embeddable":true,"href":"https:\/\/www.revistarambla.com\/en\/wp-json\/wp\/v2\/tags?post=66881"}],"curies":[{"name":"wp","href":"https:\/\/api.w.org\/{rel}","templated":true}]}}