{"id":66878,"date":"2025-10-13T18:51:34","date_gmt":"2025-10-13T16:51:34","guid":{"rendered":"https:\/\/www.revistarambla.com\/?p=66878"},"modified":"2025-10-13T18:51:34","modified_gmt":"2025-10-13T16:51:34","slug":"ciudad-sin-sueno-un-retrato-luminoso-de-la-resiliencia-en-las-sombras-de-la-canada-real","status":"publish","type":"post","link":"https:\/\/www.revistarambla.com\/en\/ciudad-sin-sueno-un-retrato-luminoso-de-la-resiliencia-en-las-sombras-de-la-canada-real\/","title":{"rendered":"\u00abCiudad sin sue\u00f1o\u00bb: Un retrato luminoso de la resiliencia en las sombras de la Ca\u00f1ada Real"},"content":{"rendered":"<p>En un panorama cinematogr\u00e1fico donde los documentales sobre marginaci\u00f3n social a menudo caen en la trampa del miserabilismo o la explotaci\u00f3n sensacionalista, \u00abCiudad sin sue\u00f1o\u00bb (2025), dirigida por Guillermo Galoe, emerge como una obra maestra de sensibilidad y profundidad. Este largometraje, que se presenta como un h\u00edbrido entre ficci\u00f3n y documental \u2013aunque formalmente catalogado como drama\u2013, captura la esencia vital de la Ca\u00f1ada Real, el mayor asentamiento irregular de Europa, ubicado a las afueras de Madrid. Galoe, con su trayectoria premiada (dos Goyas, incluyendo uno por el documental \u00abFr\u00e1gil equilibrio\u00bb en 2016 y otro por el cortometraje \u00abAunque es de noche\u00bb en 2024, precursor de esta pel\u00edcula), demuestra una vez m\u00e1s su maestr\u00eda en entrelazar lo po\u00e9tico con lo pol\u00edtico, ofreciendo no solo un testimonio de la precariedad, sino una celebraci\u00f3n de la humanidad que florece en los m\u00e1rgenes. Estrenada en la Semana de la Cr\u00edtica del Festival de Cannes en mayo de 2025, y con proyecciones en San Sebasti\u00e1n y Valladolid, esta pel\u00edcula de 97 minutos se erige como un faro de esperanza en un a\u00f1o marcado por narrativas dist\u00f3picas. Su estreno en salas espa\u00f1olas el 21 de noviembre promete resonar en audiencias que buscan cine que cuestione el statu quo sin renunciar a la belleza.<\/p>\n<p>La premisa de \u00abCiudad sin sue\u00f1o\u00bb se ancla en la vida cotidiana de Toni, un adolescente gitano de 15 a\u00f1os, interpretado con una naturalidad desgarradora por Antonio Fern\u00e1ndez Gabarre, un habitante real de la Ca\u00f1ada Real sin experiencia actoral previa. Toni vive en un mundo de contrastes: orgulloso de su linaje de chatarreros, sigue los pasos de su abuelo Chule (Jes\u00fas Fern\u00e1ndez Silva, otro no profesional que infunde al personaje una dignidad ancestral), mientras el espectro de los derribos y los realojos forzados acecha su parcela. La narrativa se teje alrededor de la p\u00e9rdida inminente: no solo de un hogar, sino de un modo de vida, de amistades (como la de su amigo Said, interpretado por Bilal Sedraoui) y de las leyendas que nutren su infancia. Galoe, coescritor junto a V\u00edctor Alonso-Berbel, evita el melodrama convencional; en su lugar, construye una trama que fluye como un r\u00edo subterr\u00e1neo, revelando capas de resiliencia y conflicto interno, sin necesidad de giros artificiosos. El guion, premiado en Cannes, cierra sus arcos narrativos con una elegancia que evoca el cine de Robert Bresson, donde el caos controlado de la vida real se impone sobre la rigidez hollywoodense.<\/p>\n<p>Lo que eleva \u00abCiudad sin sue\u00f1o\u00bb a la categor\u00eda de obra imprescindible es su aproximaci\u00f3n documentalista, pese a su etiqueta de ficci\u00f3n. Galoe pas\u00f3 seis a\u00f1os inmerso en la Ca\u00f1ada Real, impartiendo talleres de cine a los residentes y ganando su confianza. Esta inmersi\u00f3n se traduce en una autenticidad palpable: el rodaje se realiz\u00f3 \u00edntegramente en los sectores 5 y 6 del asentamiento, utilizando actores no profesionales que interpretan versiones ficcionalizadas de sus propias vidas. El resultado es un retrato que huye del paternalismo y el victimismo, presentando a los personajes como agentes activos de su destino, v\u00edctimas del sistema pero no definidos por \u00e9l. La pel\u00edcula no ofrece juicios morales ni soluciones f\u00e1ciles; en cambio, explora las consecuencias \u00edntimas de lo pol\u00edtico, como la falta de electricidad que afecta a miles de personas desde hace a\u00f1os, a escasos kil\u00f3metros de la opulenta Madrid. Galoe cuestiona: \u00bfc\u00f3mo se percibe un lugar como este? \u00bfC\u00f3mo se resiste la homogeneizaci\u00f3n social? Su mirada es inclusiva, incorporando elementos de diversidad cultural \u2013gitanos, magreb\u00edes\u2013 y destacando los lazos comunitarios que trascienden la precariedad.<\/p>\n<p>Visualmente, \u00abCiudad sin sue\u00f1o\u00bb es un prodigio de poes\u00eda cinematogr\u00e1fica. La fotograf\u00eda de Rui Po\u00e7as transforma la sordidez en magia: juegos de colores vibrantes irrumpen en la oscuridad de las noches sin luz, simbolizando la esperanza que late bajo la superficie. Panor\u00e1micas lentas de 360 grados capturan la vastedad ca\u00f3tica del asentamiento, donde todo sucede simult\u00e1neamente: el bullicio de la chatarra, las leyendas orales que cobran vida, los mitos que se desvanecen ante la modernidad invasora. Estos elementos no son meros adornos; forman parte integral de la trama, evocando influencias de Fellini en su hard-edged coming-of-age. La edici\u00f3n de Victoria Lammers mantiene un ritmo contemplativo, permitiendo que el espectador se sumerja en el tempo de la vida real, sin prisas ni concesiones al entretenimiento fugaz. Incluso las secuencias grabadas por adolescentes con sus m\u00f3viles dialogan con la textura cl\u00e1sica de la pel\u00edcula, creando un h\u00edbrido que refleja la dualidad de la Ca\u00f1ada Real: un espacio olvidado pero vibrante, abandonado pero orgulloso.<\/p>\n<p>El elenco, compuesto enteramente por no actores, merece un cap\u00edtulo aparte en esta alabanza. Antonio Fern\u00e1ndez Gabarre, como Toni, transmite una vulnerabilidad que perfora la pantalla; su mirada, cargada de inocencia y determinaci\u00f3n, encapsula el conflicto generacional entre aferrarse al pasado y enfrentar un futuro incierto. Jes\u00fas Fern\u00e1ndez Silva, en el rol del abuelo, infunde al personaje una presencia tot\u00e9mica, representando la resistencia ancestral de la comunidad gitana frente a siglos de discriminaci\u00f3n. Bilal Sedraoui y Luis Bertolo complementan este mosaico con interpretaciones crudas y honestas, libres de artificios. Galoe, inspirado en Bresson, dirige con un guion estricto pero flexible, permitiendo que el \u00abcaos\u00bb de la improvisaci\u00f3n enriquezca las escenas. Esta direcci\u00f3n no jer\u00e1rquica \u2013evitando din\u00e1micas de poder en el set\u2013 resulta en actuaciones que sienten org\u00e1nicas, como si estuvi\u00e9ramos presenciando un documental en tiempo real. Es un testimonio del compromiso \u00e9tico del director: no explota la pobreza, sino que la dignifica, convirtiendo el dolor en una forma de arte sin caer en el \u00abpornomiseria\u00bb.<\/p>\n<p>Tem\u00e1ticamente, la pel\u00edcula brilla por su fusi\u00f3n de pol\u00edtica y poes\u00eda. Galoe denuncia la discriminaci\u00f3n racial y de clase que margina a la comunidad gitana, pero lo hace con sutileza, a trav\u00e9s de detalles cotidianos: la negaci\u00f3n de espacios culturales, el impacto psicol\u00f3gico de la falta de servicios b\u00e1sicos, la tensi\u00f3n entre tradici\u00f3n y progreso. No romantiza la pobreza \u2013muestra sus consecuencias nefastas, especialmente para los ni\u00f1os\u2013, pero encuentra magia en la sordidez, invitando a la esperanza en un mundo de crecientes desigualdades. Elementos de w\u00e9stern y cine negro se entretejen en la narrativa, elevando el relato a un plano universal: la p\u00e9rdida de la infancia, la resiliencia comunitaria, la autoafirmaci\u00f3n identitaria. Como en su cortometraje precursor, Galoe explora el orgullo de pertenecer a un lugar estigmatizado, cuestionando las narrativas hegem\u00f3nicas que lo invisibilizan. En un contexto global de crisis migratorias y urbanas, \u00abCiudad sin sue\u00f1o\u00bb resuena como un llamado a la empat\u00eda, record\u00e1ndonos que los m\u00e1rgenes son el coraz\u00f3n latente de la sociedad.<\/p>\n<p>La recepci\u00f3n cr\u00edtica ha sido mayoritariamente entusiasta, y con raz\u00f3n. Jonathan Holland de ScreenDaily la describe como \u00abvibrante, melanc\u00f3lica e inmersiva\u00bb, con un mensaje universal sobre p\u00e9rdida, resiliencia y esperanza. Adam Solomons de IndieWire le otorga un B+, alabando su \u00abexcelente\u00bb calidad y la relaci\u00f3n entre personajes como un \u00abinsight provocativo\u00bb en las divisiones ideol\u00f3gicas comunitarias. En Filmaffinity, con un promedio de 6.6, rese\u00f1as destacan su magia visual y actuaciones, compar\u00e1ndola favorablemente con cine documental sobre clases bajas. Aunque alguna voz disidente acusa de romantizaci\u00f3n, estas cr\u00edticas parecen ignorar el equilibrio \u00e9tico de Galoe, quien evita tanto el blanqueo como el miserabilismo. Su premiere en Cannes, paseando con el reparto no profesional por la Croisette, subraya la paradoja: un \u00abcirco de vanidad\u00bb que amplifica voces silenciadas. Considerada para representar a Espa\u00f1a en los Oscars 2026, esta coproducci\u00f3n hispano-francesa (Sintagma Films, Buena Pinta Media, entre otras) confirma el talento de Galoe para abrir ventanas a realidades invisibles.<\/p>\n<p>En conclusi\u00f3n, \u00abCiudad sin sue\u00f1o\u00bb no es solo una pel\u00edcula; es un acto de resistencia cinematogr\u00e1fica. Galoe nos invita a mirar m\u00e1s all\u00e1 de los estereotipos, encontrando belleza en la lucha y poes\u00eda en la precariedad. Para una revista especializada como esta, donde valoramos el cine que trasciende lo superficial, esta obra es un hito: un documental disfrazado de ficci\u00f3n que ilumina las sombras de la Ca\u00f1ada Real con dignidad y magia. Recomendada sin reservas, promete inspirar debates sobre equidad social y el poder del arte para transformar percepciones. En un a\u00f1o de blockbusters vac\u00edos, esta es la pel\u00edcula que nos mantiene despiertos, so\u00f1ando con un mundo m\u00e1s justo.<\/p>","protected":false},"excerpt":{"rendered":"<p>En un panorama cinematogr\u00e1fico donde los documentales sobre marginaci\u00f3n social a menudo caen en la trampa del miserabilismo o la explotaci\u00f3n sensacionalista, \u00abCiudad sin sue\u00f1o\u00bb (2025), dirigida por Guillermo Galoe, emerge como una obra maestra de sensibilidad y profundidad. Este largometraje, que se presenta como un h\u00edbrido entre ficci\u00f3n y [&hellip;]<\/p>\n","protected":false},"author":3,"featured_media":66879,"comment_status":"closed","ping_status":"closed","sticky":false,"template":"","format":"standard","meta":{"footnotes":""},"categories":[61],"tags":[],"class_list":["post-66878","post","type-post","status-publish","format-standard","has-post-thumbnail","hentry","category-cine"],"yoast_head":"<!-- This site is optimized with the Yoast SEO plugin v27.5 - https:\/\/yoast.com\/product\/yoast-seo-wordpress\/ -->\n<title>&quot;Ciudad sin sue\u00f1o&quot;: Un retrato luminoso de la resiliencia en las sombras de la Ca\u00f1ada Real - Revista Rambla<\/title>\n<meta name=\"robots\" content=\"index, follow, max-snippet:-1, max-image-preview:large, max-video-preview:-1\" \/>\n<link rel=\"canonical\" href=\"https:\/\/www.revistarambla.com\/en\/ciudad-sin-sueno-un-retrato-luminoso-de-la-resiliencia-en-las-sombras-de-la-canada-real\/\" \/>\n<meta property=\"og:locale\" content=\"en_GB\" \/>\n<meta property=\"og:type\" content=\"article\" \/>\n<meta property=\"og:title\" content=\"&quot;Ciudad sin sue\u00f1o&quot;: Un retrato luminoso de la resiliencia en las sombras de la Ca\u00f1ada Real - Revista Rambla\" \/>\n<meta property=\"og:description\" content=\"En un panorama cinematogr\u00e1fico donde los documentales sobre marginaci\u00f3n social a menudo caen en la trampa del miserabilismo o la explotaci\u00f3n sensacionalista, \u00abCiudad sin sue\u00f1o\u00bb (2025), dirigida por Guillermo Galoe, emerge como una obra maestra de sensibilidad y profundidad. Este largometraje, que se presenta como un h\u00edbrido entre ficci\u00f3n y [&hellip;]\" \/>\n<meta property=\"og:url\" content=\"https:\/\/www.revistarambla.com\/en\/ciudad-sin-sueno-un-retrato-luminoso-de-la-resiliencia-en-las-sombras-de-la-canada-real\/\" \/>\n<meta property=\"og:site_name\" content=\"Revista Rambla\" \/>\n<meta property=\"article:publisher\" content=\"https:\/\/www.facebook.com\/revistarambla\/\" \/>\n<meta property=\"article:author\" content=\"https:\/\/www.facebook.com\/revistarambla\" \/>\n<meta property=\"article:published_time\" content=\"2025-10-13T16:51:34+00:00\" \/>\n<meta property=\"og:image\" content=\"https:\/\/www.revistarambla.com\/wp-content\/uploads\/2025\/10\/Ciudad-sin-sueno.jpg\" \/>\n\t<meta property=\"og:image:width\" content=\"900\" \/>\n\t<meta property=\"og:image:height\" content=\"507\" \/>\n\t<meta property=\"og:image:type\" content=\"image\/jpeg\" \/>\n<meta name=\"author\" content=\"R@mbla\" \/>\n<meta name=\"twitter:card\" content=\"summary_large_image\" \/>\n<meta name=\"twitter:creator\" content=\"@revistarambla\" \/>\n<meta name=\"twitter:site\" content=\"@revistarambla\" \/>\n<meta name=\"twitter:label1\" content=\"Written by\" \/>\n\t<meta name=\"twitter:data1\" content=\"R@mbla\" \/>\n\t<meta name=\"twitter:label2\" content=\"Estimated reading time\" \/>\n\t<meta name=\"twitter:data2\" content=\"7 minutes\" \/>\n<script type=\"application\/ld+json\" class=\"yoast-schema-graph\">{\"@context\":\"https:\\\/\\\/schema.org\",\"@graph\":[{\"@type\":\"Article\",\"@id\":\"https:\\\/\\\/www.revistarambla.com\\\/ciudad-sin-sueno-un-retrato-luminoso-de-la-resiliencia-en-las-sombras-de-la-canada-real\\\/#article\",\"isPartOf\":{\"@id\":\"https:\\\/\\\/www.revistarambla.com\\\/ciudad-sin-sueno-un-retrato-luminoso-de-la-resiliencia-en-las-sombras-de-la-canada-real\\\/\"},\"author\":{\"name\":\"R@mbla\",\"@id\":\"https:\\\/\\\/www.revistarambla.com\\\/#\\\/schema\\\/person\\\/a146a5a2550b94981a75131180e1bd9c\"},\"headline\":\"\u00abCiudad sin sue\u00f1o\u00bb: Un retrato luminoso de la resiliencia en las sombras de la Ca\u00f1ada Real\",\"datePublished\":\"2025-10-13T16:51:34+00:00\",\"mainEntityOfPage\":{\"@id\":\"https:\\\/\\\/www.revistarambla.com\\\/ciudad-sin-sueno-un-retrato-luminoso-de-la-resiliencia-en-las-sombras-de-la-canada-real\\\/\"},\"wordCount\":1463,\"publisher\":{\"@id\":\"https:\\\/\\\/www.revistarambla.com\\\/#organization\"},\"image\":{\"@id\":\"https:\\\/\\\/www.revistarambla.com\\\/ciudad-sin-sueno-un-retrato-luminoso-de-la-resiliencia-en-las-sombras-de-la-canada-real\\\/#primaryimage\"},\"thumbnailUrl\":\"https:\\\/\\\/www.revistarambla.com\\\/wp-content\\\/uploads\\\/2025\\\/10\\\/Ciudad-sin-sueno.jpg\",\"articleSection\":[\"Cine &amp; Series\"],\"inLanguage\":\"en-GB\"},{\"@type\":\"WebPage\",\"@id\":\"https:\\\/\\\/www.revistarambla.com\\\/ciudad-sin-sueno-un-retrato-luminoso-de-la-resiliencia-en-las-sombras-de-la-canada-real\\\/\",\"url\":\"https:\\\/\\\/www.revistarambla.com\\\/ciudad-sin-sueno-un-retrato-luminoso-de-la-resiliencia-en-las-sombras-de-la-canada-real\\\/\",\"name\":\"\\\"Ciudad sin sue\u00f1o\\\": Un retrato luminoso de la resiliencia en las sombras de la Ca\u00f1ada Real - Revista Rambla\",\"isPartOf\":{\"@id\":\"https:\\\/\\\/www.revistarambla.com\\\/#website\"},\"primaryImageOfPage\":{\"@id\":\"https:\\\/\\\/www.revistarambla.com\\\/ciudad-sin-sueno-un-retrato-luminoso-de-la-resiliencia-en-las-sombras-de-la-canada-real\\\/#primaryimage\"},\"image\":{\"@id\":\"https:\\\/\\\/www.revistarambla.com\\\/ciudad-sin-sueno-un-retrato-luminoso-de-la-resiliencia-en-las-sombras-de-la-canada-real\\\/#primaryimage\"},\"thumbnailUrl\":\"https:\\\/\\\/www.revistarambla.com\\\/wp-content\\\/uploads\\\/2025\\\/10\\\/Ciudad-sin-sueno.jpg\",\"datePublished\":\"2025-10-13T16:51:34+00:00\",\"breadcrumb\":{\"@id\":\"https:\\\/\\\/www.revistarambla.com\\\/ciudad-sin-sueno-un-retrato-luminoso-de-la-resiliencia-en-las-sombras-de-la-canada-real\\\/#breadcrumb\"},\"inLanguage\":\"en-GB\",\"potentialAction\":[{\"@type\":\"ReadAction\",\"target\":[\"https:\\\/\\\/www.revistarambla.com\\\/ciudad-sin-sueno-un-retrato-luminoso-de-la-resiliencia-en-las-sombras-de-la-canada-real\\\/\"]}]},{\"@type\":\"ImageObject\",\"inLanguage\":\"en-GB\",\"@id\":\"https:\\\/\\\/www.revistarambla.com\\\/ciudad-sin-sueno-un-retrato-luminoso-de-la-resiliencia-en-las-sombras-de-la-canada-real\\\/#primaryimage\",\"url\":\"https:\\\/\\\/www.revistarambla.com\\\/wp-content\\\/uploads\\\/2025\\\/10\\\/Ciudad-sin-sueno.jpg\",\"contentUrl\":\"https:\\\/\\\/www.revistarambla.com\\\/wp-content\\\/uploads\\\/2025\\\/10\\\/Ciudad-sin-sueno.jpg\",\"width\":900,\"height\":507,\"caption\":\"Ciudad sin sue\u00f1o\"},{\"@type\":\"BreadcrumbList\",\"@id\":\"https:\\\/\\\/www.revistarambla.com\\\/ciudad-sin-sueno-un-retrato-luminoso-de-la-resiliencia-en-las-sombras-de-la-canada-real\\\/#breadcrumb\",\"itemListElement\":[{\"@type\":\"ListItem\",\"position\":1,\"name\":\"Portada\",\"item\":\"https:\\\/\\\/www.revistarambla.com\\\/\"},{\"@type\":\"ListItem\",\"position\":2,\"name\":\"\u00abCiudad sin sue\u00f1o\u00bb: Un retrato luminoso de la resiliencia en las sombras de la Ca\u00f1ada Real\"}]},{\"@type\":\"WebSite\",\"@id\":\"https:\\\/\\\/www.revistarambla.com\\\/#website\",\"url\":\"https:\\\/\\\/www.revistarambla.com\\\/\",\"name\":\"Revista Rambla Barcelona\",\"description\":\"Periodismo independiente\",\"publisher\":{\"@id\":\"https:\\\/\\\/www.revistarambla.com\\\/#organization\"},\"potentialAction\":[{\"@type\":\"SearchAction\",\"target\":{\"@type\":\"EntryPoint\",\"urlTemplate\":\"https:\\\/\\\/www.revistarambla.com\\\/?s={search_term_string}\"},\"query-input\":{\"@type\":\"PropertyValueSpecification\",\"valueRequired\":true,\"valueName\":\"search_term_string\"}}],\"inLanguage\":\"en-GB\"},{\"@type\":\"Organization\",\"@id\":\"https:\\\/\\\/www.revistarambla.com\\\/#organization\",\"name\":\"Revista Rambla\",\"url\":\"https:\\\/\\\/www.revistarambla.com\\\/\",\"logo\":{\"@type\":\"ImageObject\",\"inLanguage\":\"en-GB\",\"@id\":\"https:\\\/\\\/www.revistarambla.com\\\/#\\\/schema\\\/logo\\\/image\\\/\",\"url\":\"https:\\\/\\\/www.revistarambla.com\\\/wp-content\\\/uploads\\\/2020\\\/09\\\/banner_rambla_1900x600_BB.png\",\"contentUrl\":\"https:\\\/\\\/www.revistarambla.com\\\/wp-content\\\/uploads\\\/2020\\\/09\\\/banner_rambla_1900x600_BB.png\",\"width\":1900,\"height\":600,\"caption\":\"Revista Rambla\"},\"image\":{\"@id\":\"https:\\\/\\\/www.revistarambla.com\\\/#\\\/schema\\\/logo\\\/image\\\/\"},\"sameAs\":[\"https:\\\/\\\/www.facebook.com\\\/revistarambla\\\/\",\"https:\\\/\\\/x.com\\\/revistarambla\",\"https:\\\/\\\/www.instagram.com\\\/revista_rambla\",\"https:\\\/\\\/es.linkedin.com\\\/company\\\/revista-rambla\"]},{\"@type\":\"Person\",\"@id\":\"https:\\\/\\\/www.revistarambla.com\\\/#\\\/schema\\\/person\\\/a146a5a2550b94981a75131180e1bd9c\",\"name\":\"R@mbla\",\"description\":\"Este art\u00edculo ha sido redactado y\\\/o validado por el equipo de redacci\u00f3n de Revista Rambla.\",\"sameAs\":[\"https:\\\/\\\/www.revistarambla.com\\\/\",\"https:\\\/\\\/www.facebook.com\\\/revistarambla\",\"https:\\\/\\\/x.com\\\/revistarambla\"]}]}<\/script>\n<!-- \/ Yoast SEO plugin. -->","yoast_head_json":{"title":"\"Ciudad sin sue\u00f1o\": Un retrato luminoso de la resiliencia en las sombras de la Ca\u00f1ada Real - Revista Rambla","robots":{"index":"index","follow":"follow","max-snippet":"max-snippet:-1","max-image-preview":"max-image-preview:large","max-video-preview":"max-video-preview:-1"},"canonical":"https:\/\/www.revistarambla.com\/en\/ciudad-sin-sueno-un-retrato-luminoso-de-la-resiliencia-en-las-sombras-de-la-canada-real\/","og_locale":"en_GB","og_type":"article","og_title":"\"Ciudad sin sue\u00f1o\": Un retrato luminoso de la resiliencia en las sombras de la Ca\u00f1ada Real - Revista Rambla","og_description":"En un panorama cinematogr\u00e1fico donde los documentales sobre marginaci\u00f3n social a menudo caen en la trampa del miserabilismo o la explotaci\u00f3n sensacionalista, \u00abCiudad sin sue\u00f1o\u00bb (2025), dirigida por Guillermo Galoe, emerge como una obra maestra de sensibilidad y profundidad. Este largometraje, que se presenta como un h\u00edbrido entre ficci\u00f3n y [&hellip;]","og_url":"https:\/\/www.revistarambla.com\/en\/ciudad-sin-sueno-un-retrato-luminoso-de-la-resiliencia-en-las-sombras-de-la-canada-real\/","og_site_name":"Revista Rambla","article_publisher":"https:\/\/www.facebook.com\/revistarambla\/","article_author":"https:\/\/www.facebook.com\/revistarambla","article_published_time":"2025-10-13T16:51:34+00:00","og_image":[{"width":900,"height":507,"url":"https:\/\/www.revistarambla.com\/wp-content\/uploads\/2025\/10\/Ciudad-sin-sueno.jpg","type":"image\/jpeg"}],"author":"R@mbla","twitter_card":"summary_large_image","twitter_creator":"@revistarambla","twitter_site":"@revistarambla","twitter_misc":{"Written by":"R@mbla","Estimated reading time":"7 minutes"},"schema":{"@context":"https:\/\/schema.org","@graph":[{"@type":"Article","@id":"https:\/\/www.revistarambla.com\/ciudad-sin-sueno-un-retrato-luminoso-de-la-resiliencia-en-las-sombras-de-la-canada-real\/#article","isPartOf":{"@id":"https:\/\/www.revistarambla.com\/ciudad-sin-sueno-un-retrato-luminoso-de-la-resiliencia-en-las-sombras-de-la-canada-real\/"},"author":{"name":"R@mbla","@id":"https:\/\/www.revistarambla.com\/#\/schema\/person\/a146a5a2550b94981a75131180e1bd9c"},"headline":"\u00abCiudad sin sue\u00f1o\u00bb: Un retrato luminoso de la resiliencia en las sombras de la Ca\u00f1ada Real","datePublished":"2025-10-13T16:51:34+00:00","mainEntityOfPage":{"@id":"https:\/\/www.revistarambla.com\/ciudad-sin-sueno-un-retrato-luminoso-de-la-resiliencia-en-las-sombras-de-la-canada-real\/"},"wordCount":1463,"publisher":{"@id":"https:\/\/www.revistarambla.com\/#organization"},"image":{"@id":"https:\/\/www.revistarambla.com\/ciudad-sin-sueno-un-retrato-luminoso-de-la-resiliencia-en-las-sombras-de-la-canada-real\/#primaryimage"},"thumbnailUrl":"https:\/\/www.revistarambla.com\/wp-content\/uploads\/2025\/10\/Ciudad-sin-sueno.jpg","articleSection":["Cine &amp; Series"],"inLanguage":"en-GB"},{"@type":"WebPage","@id":"https:\/\/www.revistarambla.com\/ciudad-sin-sueno-un-retrato-luminoso-de-la-resiliencia-en-las-sombras-de-la-canada-real\/","url":"https:\/\/www.revistarambla.com\/ciudad-sin-sueno-un-retrato-luminoso-de-la-resiliencia-en-las-sombras-de-la-canada-real\/","name":"\"Ciudad sin sue\u00f1o\": Un retrato luminoso de la resiliencia en las sombras de la Ca\u00f1ada Real - Revista Rambla","isPartOf":{"@id":"https:\/\/www.revistarambla.com\/#website"},"primaryImageOfPage":{"@id":"https:\/\/www.revistarambla.com\/ciudad-sin-sueno-un-retrato-luminoso-de-la-resiliencia-en-las-sombras-de-la-canada-real\/#primaryimage"},"image":{"@id":"https:\/\/www.revistarambla.com\/ciudad-sin-sueno-un-retrato-luminoso-de-la-resiliencia-en-las-sombras-de-la-canada-real\/#primaryimage"},"thumbnailUrl":"https:\/\/www.revistarambla.com\/wp-content\/uploads\/2025\/10\/Ciudad-sin-sueno.jpg","datePublished":"2025-10-13T16:51:34+00:00","breadcrumb":{"@id":"https:\/\/www.revistarambla.com\/ciudad-sin-sueno-un-retrato-luminoso-de-la-resiliencia-en-las-sombras-de-la-canada-real\/#breadcrumb"},"inLanguage":"en-GB","potentialAction":[{"@type":"ReadAction","target":["https:\/\/www.revistarambla.com\/ciudad-sin-sueno-un-retrato-luminoso-de-la-resiliencia-en-las-sombras-de-la-canada-real\/"]}]},{"@type":"ImageObject","inLanguage":"en-GB","@id":"https:\/\/www.revistarambla.com\/ciudad-sin-sueno-un-retrato-luminoso-de-la-resiliencia-en-las-sombras-de-la-canada-real\/#primaryimage","url":"https:\/\/www.revistarambla.com\/wp-content\/uploads\/2025\/10\/Ciudad-sin-sueno.jpg","contentUrl":"https:\/\/www.revistarambla.com\/wp-content\/uploads\/2025\/10\/Ciudad-sin-sueno.jpg","width":900,"height":507,"caption":"Ciudad sin sue\u00f1o"},{"@type":"BreadcrumbList","@id":"https:\/\/www.revistarambla.com\/ciudad-sin-sueno-un-retrato-luminoso-de-la-resiliencia-en-las-sombras-de-la-canada-real\/#breadcrumb","itemListElement":[{"@type":"ListItem","position":1,"name":"Portada","item":"https:\/\/www.revistarambla.com\/"},{"@type":"ListItem","position":2,"name":"\u00abCiudad sin sue\u00f1o\u00bb: Un retrato luminoso de la resiliencia en las sombras de la Ca\u00f1ada Real"}]},{"@type":"WebSite","@id":"https:\/\/www.revistarambla.com\/#website","url":"https:\/\/www.revistarambla.com\/","name":"Revista Rambla Barcelona","description":"Periodismo independiente","publisher":{"@id":"https:\/\/www.revistarambla.com\/#organization"},"potentialAction":[{"@type":"SearchAction","target":{"@type":"EntryPoint","urlTemplate":"https:\/\/www.revistarambla.com\/?s={search_term_string}"},"query-input":{"@type":"PropertyValueSpecification","valueRequired":true,"valueName":"search_term_string"}}],"inLanguage":"en-GB"},{"@type":"Organization","@id":"https:\/\/www.revistarambla.com\/#organization","name":"Revista Rambla","url":"https:\/\/www.revistarambla.com\/","logo":{"@type":"ImageObject","inLanguage":"en-GB","@id":"https:\/\/www.revistarambla.com\/#\/schema\/logo\/image\/","url":"https:\/\/www.revistarambla.com\/wp-content\/uploads\/2020\/09\/banner_rambla_1900x600_BB.png","contentUrl":"https:\/\/www.revistarambla.com\/wp-content\/uploads\/2020\/09\/banner_rambla_1900x600_BB.png","width":1900,"height":600,"caption":"Revista Rambla"},"image":{"@id":"https:\/\/www.revistarambla.com\/#\/schema\/logo\/image\/"},"sameAs":["https:\/\/www.facebook.com\/revistarambla\/","https:\/\/x.com\/revistarambla","https:\/\/www.instagram.com\/revista_rambla","https:\/\/es.linkedin.com\/company\/revista-rambla"]},{"@type":"Person","@id":"https:\/\/www.revistarambla.com\/#\/schema\/person\/a146a5a2550b94981a75131180e1bd9c","name":"R@mbla","description":"Este art\u00edculo ha sido redactado y\/o validado por el equipo de redacci\u00f3n de Revista Rambla.","sameAs":["https:\/\/www.revistarambla.com\/","https:\/\/www.facebook.com\/revistarambla","https:\/\/x.com\/revistarambla"]}]}},"_links":{"self":[{"href":"https:\/\/www.revistarambla.com\/en\/wp-json\/wp\/v2\/posts\/66878","targetHints":{"allow":["GET"]}}],"collection":[{"href":"https:\/\/www.revistarambla.com\/en\/wp-json\/wp\/v2\/posts"}],"about":[{"href":"https:\/\/www.revistarambla.com\/en\/wp-json\/wp\/v2\/types\/post"}],"author":[{"embeddable":true,"href":"https:\/\/www.revistarambla.com\/en\/wp-json\/wp\/v2\/users\/3"}],"replies":[{"embeddable":true,"href":"https:\/\/www.revistarambla.com\/en\/wp-json\/wp\/v2\/comments?post=66878"}],"version-history":[{"count":1,"href":"https:\/\/www.revistarambla.com\/en\/wp-json\/wp\/v2\/posts\/66878\/revisions"}],"predecessor-version":[{"id":66880,"href":"https:\/\/www.revistarambla.com\/en\/wp-json\/wp\/v2\/posts\/66878\/revisions\/66880"}],"wp:featuredmedia":[{"embeddable":true,"href":"https:\/\/www.revistarambla.com\/en\/wp-json\/wp\/v2\/media\/66879"}],"wp:attachment":[{"href":"https:\/\/www.revistarambla.com\/en\/wp-json\/wp\/v2\/media?parent=66878"}],"wp:term":[{"taxonomy":"category","embeddable":true,"href":"https:\/\/www.revistarambla.com\/en\/wp-json\/wp\/v2\/categories?post=66878"},{"taxonomy":"post_tag","embeddable":true,"href":"https:\/\/www.revistarambla.com\/en\/wp-json\/wp\/v2\/tags?post=66878"}],"curies":[{"name":"wp","href":"https:\/\/api.w.org\/{rel}","templated":true}]}}