{"id":66875,"date":"2025-10-13T18:43:27","date_gmt":"2025-10-13T16:43:27","guid":{"rendered":"https:\/\/www.revistarambla.com\/?p=66875"},"modified":"2025-10-13T18:43:27","modified_gmt":"2025-10-13T16:43:27","slug":"neix-la-confederacio-de-sindicats-de-llogateres-amb-lobjectiu-destendre-la-desobediencia-contra-el-rendisme","status":"publish","type":"post","link":"https:\/\/www.revistarambla.com\/en\/neix-la-confederacio-de-sindicats-de-llogateres-amb-lobjectiu-destendre-la-desobediencia-contra-el-rendisme\/","title":{"rendered":"Neix la Confederaci\u00f3 de Sindicats de Llogateres amb l\u2019objectiu d\u2019estendre la desobedi\u00e8ncia contra el rendisme"},"content":{"rendered":"<p>Despr\u00e9s d\u2019un cap de setmana hist\u00f2ric, neix la Confederaci\u00f3 de Sindicats de Llogateres, que posa les bases per estendre la lluita contra el rendisme a tot l\u2019Estat espanyol. Sota el lema \u201cTenim les claus per abaixar els lloguers. Acabem amb el negoci de l\u2019habitatge\u201d, s\u2019hi ha aprovat per aclamaci\u00f3 la Declaraci\u00f3 de principis, els Estatuts i un pla d\u2019acci\u00f3 orientat a enfortir les aliances amb el sindicalisme laboral i vincular la defensa de l\u2019habitatge amb la lluita contra l\u2019encariment de la vida. La Confederaci\u00f3 compta amb 10 sindicats membres i preveu ampliar-se amb nous sindicats durant els pr\u00f2xims mesos.<\/p>\n<p>La creaci\u00f3 d\u2019aquesta organitzaci\u00f3 estatal \u00e9s el resultat de vuit anys d\u2019hist\u00f2ria del sindicalisme llogater, iniciat el 2017, quan van sorgir els primers Sindicats de Llogateres a Madrid, Barcelona, M\u00e0laga, Saragossa i Eivissa davant l\u2019augment dels preus del lloguer. Durant l\u2019\u00faltim any s\u2019hi han sumat noves seus a Vigo, Sevilla, Cadis, Ast\u00faries, Guadalajara, Seg\u00f2via, Eivissa i Formentera, amb grups en formaci\u00f3 a Val\u00e8ncia, Mallorca, Almeria, Toledo i Zamora. La coordinaci\u00f3 entre aquests sindicats es va consolidar amb la manifestaci\u00f3 del 5 d\u2019abril en m\u00e9s de 40 ciutats i amb la campanya estatal \u201cEns Hi Quedem\u201d, que busca aturar les expulsions despr\u00e9s de la finalitzaci\u00f3 dels contractes mitjan\u00e7ant l\u2019organitzaci\u00f3 ve\u00efnal i la resist\u00e8ncia col\u00b7lectiva, aconseguint vict\u00f2ries importants com la de Casa Orsola.<\/p>\n<h3>Abaixar els lloguers, contractes indefinits i acabar amb els lloguers temporals i tur\u00edstics<\/h3>\n<p>La Confederaci\u00f3 de Sindicats de Llogateres neix amb l\u2019objectiu de dotar el moviment llogater d\u2019una eina pol\u00edtica i sindical capa\u00e7 d\u2019orientar i coordinar la lluita pel dret a l\u2019habitatge a tot l\u2019Estat. El seu programa t\u00e9 com a objectius abaixar dr\u00e0sticament els lloguers, garantir contractes indefinits, recuperar els pisos buits, tur\u00edstics i desviats al mercat temporal, i recon\u00e8ixer els drets sindicals de les llogateres. La Confederaci\u00f3 aposta tamb\u00e9 per la creaci\u00f3 d\u2019un parc d\u2019habitatge p\u00fablic i cooperatiu fora del mercat i per garantir un habitatge digne en la transici\u00f3 ecosocial. Tot plegat amb una convicci\u00f3 clara: nom\u00e9s l\u2019organitzaci\u00f3 col\u00b7lectiva de les llogateres, unida al sindicalisme laboral i a la resta de lluites socials, pot acabar amb el negoci de l\u2019habitatge i conquerir el dret real a una llar per a tothom.<\/p>\n<h3>M\u00e9s vagues de lloguers i una vaga general per l\u2019habitatge a l\u2019horitz\u00f3<\/h3>\n<p>Un dels acords centrals d\u2019aquest Congr\u00e9s \u00e9s el comprom\u00eds de la Confederaci\u00f3 d\u2019avan\u00e7ar en la construcci\u00f3 d\u2019una vaga general per l\u2019habitatge i contra l\u2019augment del cost de la vida. Amb aquest prop\u00f2sit, es posa al centre la necessitat de vincular les condicions materials de la poblaci\u00f3 amb el dret a l\u2019habitatge, i per aix\u00f2 es considera estrat\u00e8gic enfortir els vincles amb el sindicalisme laboral.<\/p>\n<p>Aquesta aposta s\u2019emmarca en l\u2019extensi\u00f3 d\u2019un moviment de vagues de lloguers iniciat el curs passat amb les llogateres de N\u00e9star a Madrid i les de La Caixa a Catalunya. Les vagues de lloguers s\u2019estan consolidant com una nova eina de lluita per defensar els drets de les llogateres. A Madrid, per fer front a cl\u00e0usules abusives i lloguers desorbitats, i a Catalunya, per defensar centenars de llogateres davant les expulsions d\u2019habitatges protegits en proc\u00e9s de desqualificaci\u00f3. Durant els pr\u00f2xims mesos, els sindicats anuncien noves vagues de lloguers coordinades en diversos territoris de l\u2019Estat.<\/p>\n<p>Despr\u00e9s de tres dies de trobada entre els Sindicats de Llogateres i una trentena d\u2019organitzacions del moviment per l\u2019habitatge i del sindicalisme laboral, la creaci\u00f3 de la Confederaci\u00f3 de Sindicats de Llogateres suposa un salt d\u2019escala decisiu per afrontar amb m\u00e9s for\u00e7a i coordinaci\u00f3 el problema de l\u2019habitatge a tot l\u2019Estat.<\/p>","protected":false},"excerpt":{"rendered":"<p>Els Sindicats fan una crida a les llogateres a resistir davant les expulsions i les pujades de preus, i acorden avan\u00e7ar cap a una vaga general per l\u2019habitatge<\/p>","protected":false},"author":328,"featured_media":66876,"comment_status":"closed","ping_status":"closed","sticky":false,"template":"","format":"standard","meta":{"footnotes":""},"categories":[4079],"tags":[],"class_list":["post-66875","post","type-post","status-publish","format-standard","has-post-thumbnail","hentry","category-tribuna-libre"],"yoast_head":"<!-- This site is optimized with the Yoast SEO plugin v27.5 - https:\/\/yoast.com\/product\/yoast-seo-wordpress\/ -->\n<title>Neix la Confederaci\u00f3 de Sindicats de Llogateres amb l\u2019objectiu d\u2019estendre la desobedi\u00e8ncia contra el rendisme - Revista Rambla<\/title>\n<meta name=\"robots\" content=\"index, follow, max-snippet:-1, max-image-preview:large, max-video-preview:-1\" \/>\n<link rel=\"canonical\" href=\"https:\/\/www.revistarambla.com\/en\/neix-la-confederacio-de-sindicats-de-llogateres-amb-lobjectiu-destendre-la-desobediencia-contra-el-rendisme\/\" \/>\n<meta property=\"og:locale\" content=\"en_GB\" \/>\n<meta property=\"og:type\" content=\"article\" \/>\n<meta property=\"og:title\" content=\"Neix la Confederaci\u00f3 de Sindicats de Llogateres amb l\u2019objectiu d\u2019estendre la desobedi\u00e8ncia contra el rendisme - Revista Rambla\" \/>\n<meta property=\"og:description\" content=\"Els Sindicats fan una crida a les llogateres a resistir davant les expulsions i les pujades de preus, i acorden avan\u00e7ar cap a una vaga general per l\u2019habitatge\" \/>\n<meta property=\"og:url\" content=\"https:\/\/www.revistarambla.com\/en\/neix-la-confederacio-de-sindicats-de-llogateres-amb-lobjectiu-destendre-la-desobediencia-contra-el-rendisme\/\" \/>\n<meta property=\"og:site_name\" content=\"Revista Rambla\" \/>\n<meta property=\"article:publisher\" content=\"https:\/\/www.facebook.com\/revistarambla\/\" \/>\n<meta property=\"article:author\" content=\"https:\/\/www.facebook.com\/SindicatLloguer\/\" \/>\n<meta property=\"article:published_time\" content=\"2025-10-13T16:43:27+00:00\" \/>\n<meta property=\"og:image\" content=\"https:\/\/www.revistarambla.com\/wp-content\/uploads\/2025\/10\/malaga2.jpg\" \/>\n\t<meta property=\"og:image:width\" content=\"1920\" \/>\n\t<meta property=\"og:image:height\" content=\"1080\" \/>\n\t<meta property=\"og:image:type\" content=\"image\/jpeg\" \/>\n<meta name=\"author\" content=\"Sindicat de Llogateres\" \/>\n<meta name=\"twitter:card\" content=\"summary_large_image\" \/>\n<meta name=\"twitter:creator\" content=\"@sindicatlloguer\" \/>\n<meta name=\"twitter:site\" content=\"@revistarambla\" \/>\n<meta name=\"twitter:label1\" content=\"Written by\" \/>\n\t<meta name=\"twitter:data1\" content=\"Sindicat de Llogateres\" \/>\n\t<meta name=\"twitter:label2\" content=\"Estimated reading time\" \/>\n\t<meta name=\"twitter:data2\" content=\"3 minutes\" \/>\n<script type=\"application\/ld+json\" class=\"yoast-schema-graph\">{\"@context\":\"https:\\\/\\\/schema.org\",\"@graph\":[{\"@type\":\"Article\",\"@id\":\"https:\\\/\\\/www.revistarambla.com\\\/neix-la-confederacio-de-sindicats-de-llogateres-amb-lobjectiu-destendre-la-desobediencia-contra-el-rendisme\\\/#article\",\"isPartOf\":{\"@id\":\"https:\\\/\\\/www.revistarambla.com\\\/neix-la-confederacio-de-sindicats-de-llogateres-amb-lobjectiu-destendre-la-desobediencia-contra-el-rendisme\\\/\"},\"author\":{\"name\":\"Sindicat de Llogateres\",\"@id\":\"https:\\\/\\\/www.revistarambla.com\\\/#\\\/schema\\\/person\\\/cdb47f1b20cae4529e0d80b9b620ee26\"},\"headline\":\"Neix la Confederaci\u00f3 de Sindicats de Llogateres amb l\u2019objectiu d\u2019estendre la desobedi\u00e8ncia contra el rendisme\",\"datePublished\":\"2025-10-13T16:43:27+00:00\",\"mainEntityOfPage\":{\"@id\":\"https:\\\/\\\/www.revistarambla.com\\\/neix-la-confederacio-de-sindicats-de-llogateres-amb-lobjectiu-destendre-la-desobediencia-contra-el-rendisme\\\/\"},\"wordCount\":676,\"publisher\":{\"@id\":\"https:\\\/\\\/www.revistarambla.com\\\/#organization\"},\"image\":{\"@id\":\"https:\\\/\\\/www.revistarambla.com\\\/neix-la-confederacio-de-sindicats-de-llogateres-amb-lobjectiu-destendre-la-desobediencia-contra-el-rendisme\\\/#primaryimage\"},\"thumbnailUrl\":\"https:\\\/\\\/www.revistarambla.com\\\/wp-content\\\/uploads\\\/2025\\\/10\\\/malaga2.jpg\",\"articleSection\":[\"Tribuna Libre\"],\"inLanguage\":\"en-GB\"},{\"@type\":\"WebPage\",\"@id\":\"https:\\\/\\\/www.revistarambla.com\\\/neix-la-confederacio-de-sindicats-de-llogateres-amb-lobjectiu-destendre-la-desobediencia-contra-el-rendisme\\\/\",\"url\":\"https:\\\/\\\/www.revistarambla.com\\\/neix-la-confederacio-de-sindicats-de-llogateres-amb-lobjectiu-destendre-la-desobediencia-contra-el-rendisme\\\/\",\"name\":\"Neix la Confederaci\u00f3 de Sindicats de Llogateres amb l\u2019objectiu d\u2019estendre la desobedi\u00e8ncia contra el rendisme - Revista Rambla\",\"isPartOf\":{\"@id\":\"https:\\\/\\\/www.revistarambla.com\\\/#website\"},\"primaryImageOfPage\":{\"@id\":\"https:\\\/\\\/www.revistarambla.com\\\/neix-la-confederacio-de-sindicats-de-llogateres-amb-lobjectiu-destendre-la-desobediencia-contra-el-rendisme\\\/#primaryimage\"},\"image\":{\"@id\":\"https:\\\/\\\/www.revistarambla.com\\\/neix-la-confederacio-de-sindicats-de-llogateres-amb-lobjectiu-destendre-la-desobediencia-contra-el-rendisme\\\/#primaryimage\"},\"thumbnailUrl\":\"https:\\\/\\\/www.revistarambla.com\\\/wp-content\\\/uploads\\\/2025\\\/10\\\/malaga2.jpg\",\"datePublished\":\"2025-10-13T16:43:27+00:00\",\"breadcrumb\":{\"@id\":\"https:\\\/\\\/www.revistarambla.com\\\/neix-la-confederacio-de-sindicats-de-llogateres-amb-lobjectiu-destendre-la-desobediencia-contra-el-rendisme\\\/#breadcrumb\"},\"inLanguage\":\"en-GB\",\"potentialAction\":[{\"@type\":\"ReadAction\",\"target\":[\"https:\\\/\\\/www.revistarambla.com\\\/neix-la-confederacio-de-sindicats-de-llogateres-amb-lobjectiu-destendre-la-desobediencia-contra-el-rendisme\\\/\"]}]},{\"@type\":\"ImageObject\",\"inLanguage\":\"en-GB\",\"@id\":\"https:\\\/\\\/www.revistarambla.com\\\/neix-la-confederacio-de-sindicats-de-llogateres-amb-lobjectiu-destendre-la-desobediencia-contra-el-rendisme\\\/#primaryimage\",\"url\":\"https:\\\/\\\/www.revistarambla.com\\\/wp-content\\\/uploads\\\/2025\\\/10\\\/malaga2.jpg\",\"contentUrl\":\"https:\\\/\\\/www.revistarambla.com\\\/wp-content\\\/uploads\\\/2025\\\/10\\\/malaga2.jpg\",\"width\":1920,\"height\":1080,\"caption\":\"Confederaci\u00f3 de Sindicats de Llogateres\"},{\"@type\":\"BreadcrumbList\",\"@id\":\"https:\\\/\\\/www.revistarambla.com\\\/neix-la-confederacio-de-sindicats-de-llogateres-amb-lobjectiu-destendre-la-desobediencia-contra-el-rendisme\\\/#breadcrumb\",\"itemListElement\":[{\"@type\":\"ListItem\",\"position\":1,\"name\":\"Portada\",\"item\":\"https:\\\/\\\/www.revistarambla.com\\\/\"},{\"@type\":\"ListItem\",\"position\":2,\"name\":\"Neix la Confederaci\u00f3 de Sindicats de Llogateres amb l\u2019objectiu d\u2019estendre la desobedi\u00e8ncia contra el rendisme\"}]},{\"@type\":\"WebSite\",\"@id\":\"https:\\\/\\\/www.revistarambla.com\\\/#website\",\"url\":\"https:\\\/\\\/www.revistarambla.com\\\/\",\"name\":\"Revista Rambla Barcelona\",\"description\":\"Periodismo independiente\",\"publisher\":{\"@id\":\"https:\\\/\\\/www.revistarambla.com\\\/#organization\"},\"potentialAction\":[{\"@type\":\"SearchAction\",\"target\":{\"@type\":\"EntryPoint\",\"urlTemplate\":\"https:\\\/\\\/www.revistarambla.com\\\/?s={search_term_string}\"},\"query-input\":{\"@type\":\"PropertyValueSpecification\",\"valueRequired\":true,\"valueName\":\"search_term_string\"}}],\"inLanguage\":\"en-GB\"},{\"@type\":\"Organization\",\"@id\":\"https:\\\/\\\/www.revistarambla.com\\\/#organization\",\"name\":\"Revista Rambla\",\"url\":\"https:\\\/\\\/www.revistarambla.com\\\/\",\"logo\":{\"@type\":\"ImageObject\",\"inLanguage\":\"en-GB\",\"@id\":\"https:\\\/\\\/www.revistarambla.com\\\/#\\\/schema\\\/logo\\\/image\\\/\",\"url\":\"https:\\\/\\\/www.revistarambla.com\\\/wp-content\\\/uploads\\\/2020\\\/09\\\/banner_rambla_1900x600_BB.png\",\"contentUrl\":\"https:\\\/\\\/www.revistarambla.com\\\/wp-content\\\/uploads\\\/2020\\\/09\\\/banner_rambla_1900x600_BB.png\",\"width\":1900,\"height\":600,\"caption\":\"Revista Rambla\"},\"image\":{\"@id\":\"https:\\\/\\\/www.revistarambla.com\\\/#\\\/schema\\\/logo\\\/image\\\/\"},\"sameAs\":[\"https:\\\/\\\/www.facebook.com\\\/revistarambla\\\/\",\"https:\\\/\\\/x.com\\\/revistarambla\",\"https:\\\/\\\/www.instagram.com\\\/revista_rambla\",\"https:\\\/\\\/es.linkedin.com\\\/company\\\/revista-rambla\"]},{\"@type\":\"Person\",\"@id\":\"https:\\\/\\\/www.revistarambla.com\\\/#\\\/schema\\\/person\\\/cdb47f1b20cae4529e0d80b9b620ee26\",\"name\":\"Sindicat de Llogateres\",\"description\":\"Protegim el dret a l'habitatge. Millorem la vida de la gent. Ajuda'ns a seguir canviant les coses i suma-t'hi.\",\"sameAs\":[\"http:\\\/\\\/sindicatdellogateres.org\\\/\",\"https:\\\/\\\/www.facebook.com\\\/SindicatLloguer\\\/\",\"https:\\\/\\\/x.com\\\/sindicatlloguer\"]}]}<\/script>\n<!-- \/ Yoast SEO plugin. -->","yoast_head_json":{"title":"Neix la Confederaci\u00f3 de Sindicats de Llogateres amb l\u2019objectiu d\u2019estendre la desobedi\u00e8ncia contra el rendisme - Revista Rambla","robots":{"index":"index","follow":"follow","max-snippet":"max-snippet:-1","max-image-preview":"max-image-preview:large","max-video-preview":"max-video-preview:-1"},"canonical":"https:\/\/www.revistarambla.com\/en\/neix-la-confederacio-de-sindicats-de-llogateres-amb-lobjectiu-destendre-la-desobediencia-contra-el-rendisme\/","og_locale":"en_GB","og_type":"article","og_title":"Neix la Confederaci\u00f3 de Sindicats de Llogateres amb l\u2019objectiu d\u2019estendre la desobedi\u00e8ncia contra el rendisme - Revista Rambla","og_description":"Els Sindicats fan una crida a les llogateres a resistir davant les expulsions i les pujades de preus, i acorden avan\u00e7ar cap a una vaga general per l\u2019habitatge","og_url":"https:\/\/www.revistarambla.com\/en\/neix-la-confederacio-de-sindicats-de-llogateres-amb-lobjectiu-destendre-la-desobediencia-contra-el-rendisme\/","og_site_name":"Revista Rambla","article_publisher":"https:\/\/www.facebook.com\/revistarambla\/","article_author":"https:\/\/www.facebook.com\/SindicatLloguer\/","article_published_time":"2025-10-13T16:43:27+00:00","og_image":[{"width":1920,"height":1080,"url":"https:\/\/www.revistarambla.com\/wp-content\/uploads\/2025\/10\/malaga2.jpg","type":"image\/jpeg"}],"author":"Sindicat de Llogateres","twitter_card":"summary_large_image","twitter_creator":"@sindicatlloguer","twitter_site":"@revistarambla","twitter_misc":{"Written by":"Sindicat de Llogateres","Estimated reading time":"3 minutes"},"schema":{"@context":"https:\/\/schema.org","@graph":[{"@type":"Article","@id":"https:\/\/www.revistarambla.com\/neix-la-confederacio-de-sindicats-de-llogateres-amb-lobjectiu-destendre-la-desobediencia-contra-el-rendisme\/#article","isPartOf":{"@id":"https:\/\/www.revistarambla.com\/neix-la-confederacio-de-sindicats-de-llogateres-amb-lobjectiu-destendre-la-desobediencia-contra-el-rendisme\/"},"author":{"name":"Sindicat de Llogateres","@id":"https:\/\/www.revistarambla.com\/#\/schema\/person\/cdb47f1b20cae4529e0d80b9b620ee26"},"headline":"Neix la Confederaci\u00f3 de Sindicats de Llogateres amb l\u2019objectiu d\u2019estendre la desobedi\u00e8ncia contra el rendisme","datePublished":"2025-10-13T16:43:27+00:00","mainEntityOfPage":{"@id":"https:\/\/www.revistarambla.com\/neix-la-confederacio-de-sindicats-de-llogateres-amb-lobjectiu-destendre-la-desobediencia-contra-el-rendisme\/"},"wordCount":676,"publisher":{"@id":"https:\/\/www.revistarambla.com\/#organization"},"image":{"@id":"https:\/\/www.revistarambla.com\/neix-la-confederacio-de-sindicats-de-llogateres-amb-lobjectiu-destendre-la-desobediencia-contra-el-rendisme\/#primaryimage"},"thumbnailUrl":"https:\/\/www.revistarambla.com\/wp-content\/uploads\/2025\/10\/malaga2.jpg","articleSection":["Tribuna Libre"],"inLanguage":"en-GB"},{"@type":"WebPage","@id":"https:\/\/www.revistarambla.com\/neix-la-confederacio-de-sindicats-de-llogateres-amb-lobjectiu-destendre-la-desobediencia-contra-el-rendisme\/","url":"https:\/\/www.revistarambla.com\/neix-la-confederacio-de-sindicats-de-llogateres-amb-lobjectiu-destendre-la-desobediencia-contra-el-rendisme\/","name":"Neix la Confederaci\u00f3 de Sindicats de Llogateres amb l\u2019objectiu d\u2019estendre la desobedi\u00e8ncia contra el rendisme - Revista Rambla","isPartOf":{"@id":"https:\/\/www.revistarambla.com\/#website"},"primaryImageOfPage":{"@id":"https:\/\/www.revistarambla.com\/neix-la-confederacio-de-sindicats-de-llogateres-amb-lobjectiu-destendre-la-desobediencia-contra-el-rendisme\/#primaryimage"},"image":{"@id":"https:\/\/www.revistarambla.com\/neix-la-confederacio-de-sindicats-de-llogateres-amb-lobjectiu-destendre-la-desobediencia-contra-el-rendisme\/#primaryimage"},"thumbnailUrl":"https:\/\/www.revistarambla.com\/wp-content\/uploads\/2025\/10\/malaga2.jpg","datePublished":"2025-10-13T16:43:27+00:00","breadcrumb":{"@id":"https:\/\/www.revistarambla.com\/neix-la-confederacio-de-sindicats-de-llogateres-amb-lobjectiu-destendre-la-desobediencia-contra-el-rendisme\/#breadcrumb"},"inLanguage":"en-GB","potentialAction":[{"@type":"ReadAction","target":["https:\/\/www.revistarambla.com\/neix-la-confederacio-de-sindicats-de-llogateres-amb-lobjectiu-destendre-la-desobediencia-contra-el-rendisme\/"]}]},{"@type":"ImageObject","inLanguage":"en-GB","@id":"https:\/\/www.revistarambla.com\/neix-la-confederacio-de-sindicats-de-llogateres-amb-lobjectiu-destendre-la-desobediencia-contra-el-rendisme\/#primaryimage","url":"https:\/\/www.revistarambla.com\/wp-content\/uploads\/2025\/10\/malaga2.jpg","contentUrl":"https:\/\/www.revistarambla.com\/wp-content\/uploads\/2025\/10\/malaga2.jpg","width":1920,"height":1080,"caption":"Confederaci\u00f3 de Sindicats de Llogateres"},{"@type":"BreadcrumbList","@id":"https:\/\/www.revistarambla.com\/neix-la-confederacio-de-sindicats-de-llogateres-amb-lobjectiu-destendre-la-desobediencia-contra-el-rendisme\/#breadcrumb","itemListElement":[{"@type":"ListItem","position":1,"name":"Portada","item":"https:\/\/www.revistarambla.com\/"},{"@type":"ListItem","position":2,"name":"Neix la Confederaci\u00f3 de Sindicats de Llogateres amb l\u2019objectiu d\u2019estendre la desobedi\u00e8ncia contra el rendisme"}]},{"@type":"WebSite","@id":"https:\/\/www.revistarambla.com\/#website","url":"https:\/\/www.revistarambla.com\/","name":"Revista Rambla Barcelona","description":"Periodismo independiente","publisher":{"@id":"https:\/\/www.revistarambla.com\/#organization"},"potentialAction":[{"@type":"SearchAction","target":{"@type":"EntryPoint","urlTemplate":"https:\/\/www.revistarambla.com\/?s={search_term_string}"},"query-input":{"@type":"PropertyValueSpecification","valueRequired":true,"valueName":"search_term_string"}}],"inLanguage":"en-GB"},{"@type":"Organization","@id":"https:\/\/www.revistarambla.com\/#organization","name":"Revista Rambla","url":"https:\/\/www.revistarambla.com\/","logo":{"@type":"ImageObject","inLanguage":"en-GB","@id":"https:\/\/www.revistarambla.com\/#\/schema\/logo\/image\/","url":"https:\/\/www.revistarambla.com\/wp-content\/uploads\/2020\/09\/banner_rambla_1900x600_BB.png","contentUrl":"https:\/\/www.revistarambla.com\/wp-content\/uploads\/2020\/09\/banner_rambla_1900x600_BB.png","width":1900,"height":600,"caption":"Revista Rambla"},"image":{"@id":"https:\/\/www.revistarambla.com\/#\/schema\/logo\/image\/"},"sameAs":["https:\/\/www.facebook.com\/revistarambla\/","https:\/\/x.com\/revistarambla","https:\/\/www.instagram.com\/revista_rambla","https:\/\/es.linkedin.com\/company\/revista-rambla"]},{"@type":"Person","@id":"https:\/\/www.revistarambla.com\/#\/schema\/person\/cdb47f1b20cae4529e0d80b9b620ee26","name":"Sindicat de Llogateres","description":"Protegim el dret a l'habitatge. Millorem la vida de la gent. Ajuda'ns a seguir canviant les coses i suma-t'hi.","sameAs":["http:\/\/sindicatdellogateres.org\/","https:\/\/www.facebook.com\/SindicatLloguer\/","https:\/\/x.com\/sindicatlloguer"]}]}},"_links":{"self":[{"href":"https:\/\/www.revistarambla.com\/en\/wp-json\/wp\/v2\/posts\/66875","targetHints":{"allow":["GET"]}}],"collection":[{"href":"https:\/\/www.revistarambla.com\/en\/wp-json\/wp\/v2\/posts"}],"about":[{"href":"https:\/\/www.revistarambla.com\/en\/wp-json\/wp\/v2\/types\/post"}],"author":[{"embeddable":true,"href":"https:\/\/www.revistarambla.com\/en\/wp-json\/wp\/v2\/users\/328"}],"replies":[{"embeddable":true,"href":"https:\/\/www.revistarambla.com\/en\/wp-json\/wp\/v2\/comments?post=66875"}],"version-history":[{"count":1,"href":"https:\/\/www.revistarambla.com\/en\/wp-json\/wp\/v2\/posts\/66875\/revisions"}],"predecessor-version":[{"id":66877,"href":"https:\/\/www.revistarambla.com\/en\/wp-json\/wp\/v2\/posts\/66875\/revisions\/66877"}],"wp:featuredmedia":[{"embeddable":true,"href":"https:\/\/www.revistarambla.com\/en\/wp-json\/wp\/v2\/media\/66876"}],"wp:attachment":[{"href":"https:\/\/www.revistarambla.com\/en\/wp-json\/wp\/v2\/media?parent=66875"}],"wp:term":[{"taxonomy":"category","embeddable":true,"href":"https:\/\/www.revistarambla.com\/en\/wp-json\/wp\/v2\/categories?post=66875"},{"taxonomy":"post_tag","embeddable":true,"href":"https:\/\/www.revistarambla.com\/en\/wp-json\/wp\/v2\/tags?post=66875"}],"curies":[{"name":"wp","href":"https:\/\/api.w.org\/{rel}","templated":true}]}}