{"id":66871,"date":"2025-10-13T18:40:00","date_gmt":"2025-10-13T16:40:00","guid":{"rendered":"https:\/\/www.revistarambla.com\/?p=66871"},"modified":"2025-10-13T18:40:00","modified_gmt":"2025-10-13T16:40:00","slug":"la-ternura-complice-de-la-solidaridad-internacional","status":"publish","type":"post","link":"https:\/\/www.revistarambla.com\/en\/la-ternura-complice-de-la-solidaridad-internacional\/","title":{"rendered":"La ternura c\u00f3mplice de la solidaridad internacional"},"content":{"rendered":"<p class=\"x_1909218525ydpdf7da610yiv1542016515ydpaaa53952yiv4170482648ydpe66f4d7byiv7839222089ydp487363c8yiv2430145202ydp34e5858fyiv6149735210ydp16daf3aeyiv4653827531ydpf469d48dMsoNormal\"><b><i>\u201cMe gustar\u00eda enviarles desde el Tesino, en la parte de habla italiana de Suiza, mis saludos fraternales y felicitaciones por los 30 a\u00f1os de existencia de H.I.J.O.S (Hijos e Hijas por la Identidad y la Justicia contra el Olvido y el Silencio) en Argentina\u201d. <\/i><\/b><b><i><span lang=\"ES\">Firma: Hermon, refugiado eritreo, 20 a\u00f1os.<\/span><\/i><\/b><\/p>\n<p class=\"x_1909218525ydpdf7da610yiv1542016515ydpaaa53952yiv4170482648ydpe66f4d7byiv7839222089ydp487363c8yiv2430145202ydp34e5858fyiv6149735210ydp16daf3aeyiv4653827531ydpf469d48dMsoNormal\"><span lang=\"ES\">El 27 de junio pasado, casi a la medianoche, recib\u00ed un mensaje telef\u00f3nico dirigido al colectivo de ex presos pol\u00edticos de la C\u00e1rcel de Coronda. Era tan breve como conmovedor: \u201c<i>Disculpe por la hora. No quer\u00eda molestarlo. Solo quer\u00eda decirle que, gracias a ustedes, con mi tesis final gan\u00e9 el premio al mejor trabajo de investigaci\u00f3n de toda mi escuela<\/i>\u201d.<\/p>\n<p>El mensaje lo firmaba Hermon, un joven de 20 a\u00f1os, hijo de una familia originaria de Eritrea. Su tesis se titula: \u201cMemoria Transicional en Argentina. El caso de los desaparecidos argentinos\u201d. <\/span><\/p>\n<p><img decoding=\"async\" class=\"aligncenter wp-image-66873 size-large\" src=\"https:\/\/www.revistarambla.com\/wp-content\/uploads\/2025\/10\/Hermon-el-dia-en-que-recibio-el-premio-por-su-mejor-trabajo-de-bachillerato-posa-con-la-bandera-de-su-pais-Etiopia.-Foto-libre-uso-560x840.jpg\" alt=\"refugiados eritreos\" width=\"560\" height=\"840\" srcset=\"https:\/\/www.revistarambla.com\/wp-content\/uploads\/2025\/10\/Hermon-el-dia-en-que-recibio-el-premio-por-su-mejor-trabajo-de-bachillerato-posa-con-la-bandera-de-su-pais-Etiopia.-Foto-libre-uso-560x840.jpg 560w, https:\/\/www.revistarambla.com\/wp-content\/uploads\/2025\/10\/Hermon-el-dia-en-que-recibio-el-premio-por-su-mejor-trabajo-de-bachillerato-posa-con-la-bandera-de-su-pais-Etiopia.-Foto-libre-uso-244x365.jpg 244w, https:\/\/www.revistarambla.com\/wp-content\/uploads\/2025\/10\/Hermon-el-dia-en-que-recibio-el-premio-por-su-mejor-trabajo-de-bachillerato-posa-con-la-bandera-de-su-pais-Etiopia.-Foto-libre-uso-768x1151.jpg 768w, https:\/\/www.revistarambla.com\/wp-content\/uploads\/2025\/10\/Hermon-el-dia-en-que-recibio-el-premio-por-su-mejor-trabajo-de-bachillerato-posa-con-la-bandera-de-su-pais-Etiopia.-Foto-libre-uso-1025x1536.jpg 1025w, https:\/\/www.revistarambla.com\/wp-content\/uploads\/2025\/10\/Hermon-el-dia-en-que-recibio-el-premio-por-su-mejor-trabajo-de-bachillerato-posa-con-la-bandera-de-su-pais-Etiopia.-Foto-libre-uso-8x12.jpg 8w, https:\/\/www.revistarambla.com\/wp-content\/uploads\/2025\/10\/Hermon-el-dia-en-que-recibio-el-premio-por-su-mejor-trabajo-de-bachillerato-posa-con-la-bandera-de-su-pais-Etiopia.-Foto-libre-uso.jpg 1281w\" sizes=\"(max-width: 560px) 100vw, 560px\" \/><\/p>\n<p class=\"x_1909218525ydpdf7da610yiv1542016515ydpaaa53952yiv4170482648ydpe66f4d7byiv7839222089ydp487363c8yiv2430145202ydp34e5858fyiv6149735210ydp16daf3aeyiv4653827531ydpf469d48dMsoNormal\"><span lang=\"ES\">Hermon, con su madre y su hermano llegaron a Suiza hace 14 a\u00f1os convocados por su progenitor gracias a un programa de reagrupaci\u00f3n familiar. Su padre, como tantos miles de emigrantes africanos, luego de recorrer tortuosos caminos en el norte de \u00c1frica hab\u00eda logrado arribar poco tiempo antes a la fat\u00eddica Isla de Lampedusa, en el sur de Italia. Su viaje lo hab\u00eda hecho en una de las numerosas embarcaciones de fortuna que a diario atraviesan el Mediterr\u00e1neo repleta de seres humanos que buscan huir de la miseria o de reg\u00edmenes represivos. Si uno llega a tierra, otro perece en la traves\u00eda. Habiendo sobrevivido milagrosamente, luego de Italia, el padre de Hermon logr\u00f3 entrar en Suiza y gestionar su estatus de refugiado.<\/span><\/p>\n<p class=\"x_1909218525ydpdf7da610yiv1542016515ydpaaa53952yiv4170482648ydpe66f4d7byiv7839222089ydp487363c8yiv2430145202ydp34e5858fyiv6149735210ydp16daf3aeyiv4653827531ydpf469d48dMsoNormal\"><b><span lang=\"ES\">La MEMORIA como meta y desaf\u00edo<br \/>\n<\/span><\/b><span lang=\"ES\"><br \/>\nDesde hace meses, Hermon tom\u00f3 contacto con el Colectivo El Periscopio, de los ex presos pol\u00edticos de la C\u00e1rcel argentina de Coronda. En su colegio, el Liceo Comercial de Bellinzona, en octubre de 2022 tres miembros de El Periscopio hab\u00edan presentado ante un centenar de estudiantes y una decena profesores \u201c<i>Grand Hotel Coronda<\/i>\u201d, la versi\u00f3n italiana del libro \u201c<i>Del otro lado de la mirilla. Olvidos y memorias de ex presos pol\u00edticos de Coronda\u201d.<\/i> El libro acababa de salir de la imprenta y ese encuentro era el bautismo de fuego en territorio europeo. Momento muy fuerte del relato de la resistencia unitaria <i>corondina<\/i>, de silencios prolongados, suspiros juveniles, algunas l\u00e1grimas contenidas y en el que no faltaron tambi\u00e9n, luego de dos horas de intenso intercambio, los conmovedores abrazos intergeneracionales. <\/span><\/p>\n<p class=\"x_1909218525ydpdf7da610yiv1542016515ydpaaa53952yiv4170482648ydpe66f4d7byiv7839222089ydp487363c8yiv2430145202ydp34e5858fyiv6149735210ydp16daf3aeyiv4653827531ydpf469d48dMsoNormal\"><span lang=\"ES\">Hermon no estaba entonces entre los presentes, aunque se enter\u00f3 de la visita a su colegio de los ex presos pol\u00edticos argentinos. Se devor\u00f3 el ejemplar de <i>Grand Hotel Coronda<\/i> que qued\u00f3 en la biblioteca de su escuela. Y a partir de entonces, no par\u00f3 de investigar, casi obsesivamente, un mont\u00f3n de fuentes sobre la historia de Argentina y muy en particular, de la \u00e9poca de la dictadura, empezando, por cierto, con el <i>Nunca M\u00e1s<\/i>. Conoci\u00f3 de esta forma, a trav\u00e9s de art\u00edculos, documentos y varias entrevistas a las Madres de Plaza de Mayo, las Abuelas, as\u00ed como a H.I.J.O.S. Y se empap\u00f3 de la lucha cotidiana y el trabajo colectivo que desde d\u00e9cadas viene librando una buena parte de la sociedad argentina por la Memoria, Verdad y Justicia.<\/p>\n<p>La tesis de Hermon, de casi 50 p\u00e1ginas (inusualmente extensa para un estudio de escuela secundaria preuniversitaria), con m\u00e1s de cuatro de pura bibliograf\u00eda, alcanz\u00f3 un alt\u00edsimo nivel hist\u00f3rico y anal\u00edtico, casi de licenciatura. Sin duda y por lejos, fue el mejor trabajo de todos los de su promoci\u00f3n premiado por consenso por el jurado evaluador. El d\u00eda que recibi\u00f3 el premio en el sal\u00f3n de actos de su colegio y ante compa\u00f1eros de graduaci\u00f3n, familiares, profesores y directivos, se vivi\u00f3 una verdadera \u201cfiesta\u201d de la diversidad. La profesora suiza que lo impuls\u00f3 a realizar su investigaci\u00f3n lo relat\u00f3 as\u00ed: \u201cLos colegas de clase estaban emocionad\u00edsimos. La madre lloraba. Yo, lloraba. Los hermanos estaban exultantes. El pecho de su padre creci\u00f3 en segundos unos 20 cent\u00edmetros por el orgullo que sent\u00eda por su hijo\u201d. Como luego afirmaba el propio Hermon: \u201cese premio demostraba que tambi\u00e9n nosotros [refugiados de color y muchas veces menospreciados] podemos lograr algo. No era una revancha, pero s\u00ed un reconocimiento a mi esfuerzo, a mi familia y a mi comunidad eritrea refugiada en Suiza\u201d.<\/span><\/p>\n<p class=\"x_1909218525ydpdf7da610yiv1542016515ydpaaa53952yiv4170482648ydpe66f4d7byiv7839222089ydp487363c8yiv2430145202ydp34e5858fyiv6149735210ydp16daf3aeyiv4653827531ydpf469d48dMsoNormal\"><span lang=\"ES\">Lo m\u00e1s impactante, m\u00e1s all\u00e1 de este relato que hubiera podido quedar en el marco de la simple an\u00e9cdota, es el contexto geogr\u00e1fico y temporal de la vivencia de Hermon: casi 50 a\u00f1os despu\u00e9s (s\u00ed, \u00a1medio siglo!) del Golpe de 1976 y a m\u00e1s de 11 mil kil\u00f3metros que son los que separan la escuela de Hermon de la tan lejana Argentina. \u201cDistancia\u201d temporal y geogr\u00e1fica que, sin embargo, casi m\u00e1gicamente acerc\u00f3 a un HIJO de refugiados africanos con los HIJOS de la memoriosa dignidad. Unos y otros, actores por igual, a su manera, de la b\u00fasqueda de la identidad, enfrentando silencios y olvidos. <\/span><\/p>\n<p class=\"x_1909218525ydpdf7da610yiv1542016515ydpaaa53952yiv4170482648ydpe66f4d7byiv7839222089ydp487363c8yiv2430145202ydp34e5858fyiv6149735210ydp16daf3aeyiv4653827531ydpf469d48dMsoNormal\"><b><span lang=\"ES\">En los principales peri\u00f3dicos<br \/>\n<\/span><\/b><span lang=\"ES\"><br \/>\nLas vivencias de Hermon y su tesis premiada llegaron a los o\u00eddos de una periodista del <i>Tages Anzeiger,<\/i> uno de los m\u00e1s destacados cotidianos suizos<i>. Hace algunas semanas<\/i>, el <i>Tagi<\/i> public\u00f3 la conmovedora \u201c<i>historia del refugiado eritreo ganador del premio por su tesis sobre la dictadura argentina inspirado en ex presos pol\u00edticos de ese pa\u00eds\u201d<\/i>. El reportaje -rebotado luego en una decena de otros peri\u00f3dicos regionales- tambi\u00e9n relacionaba el relato de Hermon con el de tantas y tantos argentinos perseguidos por los militares en los a\u00f1os 70 y 80, muchos de los cuales partieron al exilio. Con gran curiosidad propia de su profesi\u00f3n la periodista suiza pregunt\u00f3 al joven eritreo porqu\u00e9 hab\u00eda elegido ese tema. Hermon respondi\u00f3: \u201cQuisiera que tambi\u00e9n un d\u00eda mi pa\u00eds pueda transitar una experiencia tan importante de construcci\u00f3n de Memoria como la de Argentina\u201d. Y en esa entrevista agregaba: \u201cLo que me une a m\u00ed, refugiado eritreo, con los que lucharon y siguen luchando por la Memoria en Argentina y Am\u00e9rica Latina es la misma convicci\u00f3n de la necesidad de enfrentar las injusticias de todo tipo en cualquier lugar. \u00a1Gracias [j\u00f3venes argentinos] por vuestra historia!\u201d.<\/span><\/p>\n<p class=\"x_1909218525ydpdf7da610yiv1542016515ydpaaa53952yiv4170482648ydpe66f4d7byiv7839222089ydp487363c8yiv2430145202ydp34e5858fyiv6149735210ydp16daf3aeyiv4653827531ydpf469d48dMsoNormal\"><span lang=\"ES\">El pasado septiembre Hermon quiso asociarse al 30 aniversario de H.I.J.O.S de Argentina. Redact\u00f3 un mensaje que explica qui\u00e9n es, sus or\u00edgenes familiares y nacionales, su tesis de bachillerato, su apropiaci\u00f3n de la historia de lucha en Argentina por la Memoria, Verdad y Justicia. Su saludo empieza diciendo: \u201c<\/span>Me gustar\u00eda enviarles mis saludos fraternales y felicitaciones por los 30 a\u00f1os de existencia de H.I.J.O.S desde el Tesino, en la parte de habla italiana de Suiza. Soy hijo de una familia de refugiados eritreos que consigui\u00f3 venir aqu\u00ed hace 14 a\u00f1os\u2026\u201d Y concluye: \u201cEstoy convencido de que en este planeta global vuestra lucha en Argentina, como la nuestra, la de tantos miles de refugiados, demuestra que nos unen ideales y objetivos muy similares: la construcci\u00f3n de un mundo m\u00e1s justo y m\u00e1s humano\u201d.<\/p>\n<p class=\"x_1909218525ydpdf7da610yiv1542016515ydpaaa53952yiv4170482648ydpe66f4d7byiv7839222089ydp487363c8yiv2430145202ydp34e5858fyiv6149735210ydp16daf3aeyiv4653827531ydpf469d48dMsoNormal\"><b><span lang=\"ES\">*<i>Sergio Ferrari, ex preso pol\u00edtico de Coronda y miembro de El Periscopio<\/i><\/span><\/b><\/p>\n<p class=\"x_1909218525ydpdf7da610yiv1542016515ydpaaa53952yiv4170482648ydpe66f4d7byiv7839222089ydp487363c8yiv2430145202ydp34e5858fyiv6149735210ydp16daf3aeyiv4653827531ydpf469d48dMsoNormal\"><b><span lang=\"ES\">&#8212;&#8212;&#8212;&#8212;&#8212;&#8212;&#8212;&#8212;&#8212;&#8212;&#8212;&#8212;&#8212;&#8212;&#8212;&#8212;&#8212;&#8212;<br \/>\nMensaje textual de Hermon a H.I.J.O.S de Argentina<\/span><\/b><\/p>\n<p class=\"x_1909218525ydpdf7da610yiv1542016515ydpaaa53952yiv4170482648ydpe66f4d7byiv7839222089ydp487363c8yiv2430145202ydp34e5858fyiv6149735210ydp16daf3aeyiv4653827531ydpf469d48dMsoNormal\"><i>Queridos amigos de H.I.J.O.S.<\/i><\/p>\n<p class=\"x_1909218525ydpdf7da610yiv1542016515ydpaaa53952yiv4170482648ydpe66f4d7byiv7839222089ydp487363c8yiv2430145202ydp34e5858fyiv6149735210ydp16daf3aeyiv4653827531ydpf469d48dMsoNormal\"><i>Me gustar\u00eda enviarles mis saludos fraternales y felicitaciones por los 30 a\u00f1os de existencia de H.I.J.O.S desde el Tesino, en la parte de habla italiana de Suiza.<\/i><\/p>\n<p class=\"x_1909218525ydpdf7da610yiv1542016515ydpaaa53952yiv4170482648ydpe66f4d7byiv7839222089ydp487363c8yiv2430145202ydp34e5858fyiv6149735210ydp16daf3aeyiv4653827531ydpf469d48dMsoNormal\"><i>Soy hijo de una familia de refugiados eritreos que consigui\u00f3 venir aqu\u00ed hace 14 a\u00f1os. Para ello, mi padre, refugiado eritreo, tuvo que atravesar gran parte del norte de \u00c1frica en condiciones muy dif\u00edciles hasta llegar en barco a la isla italiana de Lampedusa.<\/i><\/p>\n<p class=\"x_1909218525ydpdf7da610yiv1542016515ydpaaa53952yiv4170482648ydpe66f4d7byiv7839222089ydp487363c8yiv2430145202ydp34e5858fyiv6149735210ydp16daf3aeyiv4653827531ydpf469d48dMsoNormal\"><i>\u00bfPor qu\u00e9 les cuento todo esto? Porque durante meses estudi\u00e9 la historia de Argentina en la \u00e9poca de la dictadura. Y encontr\u00e9 muchas fuentes, entre ellas las Madres y Abuelas de Plaza de Mayo y ustedes, los HIJOS. Mi tesis de bachillerato sobre la justicia transicional en Argentina, el caso de los desaparecidos, fue premiada como la mejor de mi Colegio<\/i><\/p>\n<p class=\"x_1909218525ydpdf7da610yiv1542016515ydpaaa53952yiv4170482648ydpe66f4d7byiv7839222089ydp487363c8yiv2430145202ydp34e5858fyiv6149735210ydp16daf3aeyiv4653827531ydpf469d48dMsoNormal\"><i>Un logro que me emocion\u00f3 mucho, porque acercar las historias represivas de Argentina, del ayer, y la situaci\u00f3n de la dictadura en mi patria me permiti\u00f3 acercar mundos y distancias. Su lucha es ejemplar por la Memoria, la Verdad y la Justicia. Y un ejemplo para todos nosotros, estemos donde estemos, en los m\u00e1s diversos rincones del mundo.<\/i><\/p>\n<p class=\"x_1909218525ydpdf7da610yiv1542016515ydpaaa53952yiv4170482648ydpe66f4d7byiv7839222089ydp487363c8yiv2430145202ydp34e5858fyiv6149735210ydp16daf3aeyiv4653827531ydpf469d48dMsoNormal\"><i>Estoy convencido de que en este planeta global vuestra lucha en Argentina, como la nuestra, la de tantos miles de refugiados, demuestra que nos unen ideales muy similares: la construcci\u00f3n de un mundo m\u00e1s justo y m\u00e1s humano.<\/i><\/p>\n<p class=\"x_1909218525ydpdf7da610yiv1542016515ydpaaa53952yiv4170482648ydpe66f4d7byiv7839222089ydp487363c8yiv2430145202ydp34e5858fyiv6149735210ydp16daf3aeyiv4653827531ydpf469d48dMsoNormal\"><i>Hermon, 20 a\u00f1os, refugiado eritreo en Suiza<\/i><\/p>\n","protected":false},"excerpt":{"rendered":"<p>Hijo de refugiados eritreos escribe a HIJOS de Argentina<\/p>","protected":false},"author":24,"featured_media":66872,"comment_status":"closed","ping_status":"closed","sticky":false,"template":"","format":"standard","meta":{"footnotes":""},"categories":[4108],"tags":[],"class_list":["post-66871","post","type-post","status-publish","format-standard","has-post-thumbnail","hentry","category-el-apunte-de-sergio-ferrari"],"yoast_head":"<!-- This site is optimized with the Yoast SEO plugin v27.5 - https:\/\/yoast.com\/product\/yoast-seo-wordpress\/ -->\n<title>La ternura c\u00f3mplice de la solidaridad internacional - Revista Rambla<\/title>\n<meta name=\"robots\" content=\"index, follow, max-snippet:-1, max-image-preview:large, max-video-preview:-1\" \/>\n<link rel=\"canonical\" href=\"https:\/\/www.revistarambla.com\/en\/la-ternura-complice-de-la-solidaridad-internacional\/\" \/>\n<meta property=\"og:locale\" content=\"en_GB\" \/>\n<meta property=\"og:type\" content=\"article\" \/>\n<meta property=\"og:title\" content=\"La ternura c\u00f3mplice de la solidaridad internacional - Revista Rambla\" \/>\n<meta property=\"og:description\" content=\"Hijo de refugiados eritreos escribe a HIJOS de Argentina\" \/>\n<meta property=\"og:url\" content=\"https:\/\/www.revistarambla.com\/en\/la-ternura-complice-de-la-solidaridad-internacional\/\" \/>\n<meta property=\"og:site_name\" content=\"Revista Rambla\" \/>\n<meta property=\"article:publisher\" content=\"https:\/\/www.facebook.com\/revistarambla\/\" \/>\n<meta property=\"article:author\" content=\"https:\/\/www.facebook.com\/sergio.ferrari.9655\" \/>\n<meta property=\"article:published_time\" content=\"2025-10-13T16:40:00+00:00\" \/>\n<meta property=\"og:image\" content=\"https:\/\/www.revistarambla.com\/wp-content\/uploads\/2025\/10\/Inmigrantes-africanos-en-la-isla-italiana-de-Lampedusa.-Foto-Amnesty-Internacional.jpg\" \/>\n\t<meta property=\"og:image:width\" content=\"990\" \/>\n\t<meta property=\"og:image:height\" content=\"495\" \/>\n\t<meta property=\"og:image:type\" content=\"image\/jpeg\" \/>\n<meta name=\"author\" content=\"Sergio Ferrari\" \/>\n<meta name=\"twitter:card\" content=\"summary_large_image\" \/>\n<meta name=\"twitter:creator\" content=\"@SergiooFerrari\" \/>\n<meta name=\"twitter:site\" content=\"@revistarambla\" \/>\n<meta name=\"twitter:label1\" content=\"Written by\" \/>\n\t<meta name=\"twitter:data1\" content=\"Sergio Ferrari\" \/>\n\t<meta name=\"twitter:label2\" content=\"Estimated reading time\" \/>\n\t<meta name=\"twitter:data2\" content=\"7 minutes\" \/>\n<script type=\"application\/ld+json\" class=\"yoast-schema-graph\">{\"@context\":\"https:\\\/\\\/schema.org\",\"@graph\":[{\"@type\":\"Article\",\"@id\":\"https:\\\/\\\/www.revistarambla.com\\\/la-ternura-complice-de-la-solidaridad-internacional\\\/#article\",\"isPartOf\":{\"@id\":\"https:\\\/\\\/www.revistarambla.com\\\/la-ternura-complice-de-la-solidaridad-internacional\\\/\"},\"author\":{\"name\":\"Sergio Ferrari\",\"@id\":\"https:\\\/\\\/www.revistarambla.com\\\/#\\\/schema\\\/person\\\/339e2410a25811f9912d8a8551fa5d96\"},\"headline\":\"La ternura c\u00f3mplice de la solidaridad internacional\",\"datePublished\":\"2025-10-13T16:40:00+00:00\",\"mainEntityOfPage\":{\"@id\":\"https:\\\/\\\/www.revistarambla.com\\\/la-ternura-complice-de-la-solidaridad-internacional\\\/\"},\"wordCount\":1506,\"publisher\":{\"@id\":\"https:\\\/\\\/www.revistarambla.com\\\/#organization\"},\"image\":{\"@id\":\"https:\\\/\\\/www.revistarambla.com\\\/la-ternura-complice-de-la-solidaridad-internacional\\\/#primaryimage\"},\"thumbnailUrl\":\"https:\\\/\\\/www.revistarambla.com\\\/wp-content\\\/uploads\\\/2025\\\/10\\\/Inmigrantes-africanos-en-la-isla-italiana-de-Lampedusa.-Foto-Amnesty-Internacional.jpg\",\"articleSection\":[\"El Apunte\"],\"inLanguage\":\"en-GB\"},{\"@type\":\"WebPage\",\"@id\":\"https:\\\/\\\/www.revistarambla.com\\\/la-ternura-complice-de-la-solidaridad-internacional\\\/\",\"url\":\"https:\\\/\\\/www.revistarambla.com\\\/la-ternura-complice-de-la-solidaridad-internacional\\\/\",\"name\":\"La ternura c\u00f3mplice de la solidaridad internacional - Revista Rambla\",\"isPartOf\":{\"@id\":\"https:\\\/\\\/www.revistarambla.com\\\/#website\"},\"primaryImageOfPage\":{\"@id\":\"https:\\\/\\\/www.revistarambla.com\\\/la-ternura-complice-de-la-solidaridad-internacional\\\/#primaryimage\"},\"image\":{\"@id\":\"https:\\\/\\\/www.revistarambla.com\\\/la-ternura-complice-de-la-solidaridad-internacional\\\/#primaryimage\"},\"thumbnailUrl\":\"https:\\\/\\\/www.revistarambla.com\\\/wp-content\\\/uploads\\\/2025\\\/10\\\/Inmigrantes-africanos-en-la-isla-italiana-de-Lampedusa.-Foto-Amnesty-Internacional.jpg\",\"datePublished\":\"2025-10-13T16:40:00+00:00\",\"breadcrumb\":{\"@id\":\"https:\\\/\\\/www.revistarambla.com\\\/la-ternura-complice-de-la-solidaridad-internacional\\\/#breadcrumb\"},\"inLanguage\":\"en-GB\",\"potentialAction\":[{\"@type\":\"ReadAction\",\"target\":[\"https:\\\/\\\/www.revistarambla.com\\\/la-ternura-complice-de-la-solidaridad-internacional\\\/\"]}]},{\"@type\":\"ImageObject\",\"inLanguage\":\"en-GB\",\"@id\":\"https:\\\/\\\/www.revistarambla.com\\\/la-ternura-complice-de-la-solidaridad-internacional\\\/#primaryimage\",\"url\":\"https:\\\/\\\/www.revistarambla.com\\\/wp-content\\\/uploads\\\/2025\\\/10\\\/Inmigrantes-africanos-en-la-isla-italiana-de-Lampedusa.-Foto-Amnesty-Internacional.jpg\",\"contentUrl\":\"https:\\\/\\\/www.revistarambla.com\\\/wp-content\\\/uploads\\\/2025\\\/10\\\/Inmigrantes-africanos-en-la-isla-italiana-de-Lampedusa.-Foto-Amnesty-Internacional.jpg\",\"width\":990,\"height\":495,\"caption\":\"refugiados eritreos\"},{\"@type\":\"BreadcrumbList\",\"@id\":\"https:\\\/\\\/www.revistarambla.com\\\/la-ternura-complice-de-la-solidaridad-internacional\\\/#breadcrumb\",\"itemListElement\":[{\"@type\":\"ListItem\",\"position\":1,\"name\":\"Portada\",\"item\":\"https:\\\/\\\/www.revistarambla.com\\\/\"},{\"@type\":\"ListItem\",\"position\":2,\"name\":\"La ternura c\u00f3mplice de la solidaridad internacional\"}]},{\"@type\":\"WebSite\",\"@id\":\"https:\\\/\\\/www.revistarambla.com\\\/#website\",\"url\":\"https:\\\/\\\/www.revistarambla.com\\\/\",\"name\":\"Revista Rambla Barcelona\",\"description\":\"Periodismo independiente\",\"publisher\":{\"@id\":\"https:\\\/\\\/www.revistarambla.com\\\/#organization\"},\"potentialAction\":[{\"@type\":\"SearchAction\",\"target\":{\"@type\":\"EntryPoint\",\"urlTemplate\":\"https:\\\/\\\/www.revistarambla.com\\\/?s={search_term_string}\"},\"query-input\":{\"@type\":\"PropertyValueSpecification\",\"valueRequired\":true,\"valueName\":\"search_term_string\"}}],\"inLanguage\":\"en-GB\"},{\"@type\":\"Organization\",\"@id\":\"https:\\\/\\\/www.revistarambla.com\\\/#organization\",\"name\":\"Revista Rambla\",\"url\":\"https:\\\/\\\/www.revistarambla.com\\\/\",\"logo\":{\"@type\":\"ImageObject\",\"inLanguage\":\"en-GB\",\"@id\":\"https:\\\/\\\/www.revistarambla.com\\\/#\\\/schema\\\/logo\\\/image\\\/\",\"url\":\"https:\\\/\\\/www.revistarambla.com\\\/wp-content\\\/uploads\\\/2020\\\/09\\\/banner_rambla_1900x600_BB.png\",\"contentUrl\":\"https:\\\/\\\/www.revistarambla.com\\\/wp-content\\\/uploads\\\/2020\\\/09\\\/banner_rambla_1900x600_BB.png\",\"width\":1900,\"height\":600,\"caption\":\"Revista Rambla\"},\"image\":{\"@id\":\"https:\\\/\\\/www.revistarambla.com\\\/#\\\/schema\\\/logo\\\/image\\\/\"},\"sameAs\":[\"https:\\\/\\\/www.facebook.com\\\/revistarambla\\\/\",\"https:\\\/\\\/x.com\\\/revistarambla\",\"https:\\\/\\\/www.instagram.com\\\/revista_rambla\",\"https:\\\/\\\/es.linkedin.com\\\/company\\\/revista-rambla\"]},{\"@type\":\"Person\",\"@id\":\"https:\\\/\\\/www.revistarambla.com\\\/#\\\/schema\\\/person\\\/339e2410a25811f9912d8a8551fa5d96\",\"name\":\"Sergio Ferrari\",\"description\":\"Periodista argentino radicado en Berna, Suiza. Acreditado ante el Gobierno suizo. Colaborador regular de numerosos medios latinoamericanos y europeos.\",\"sameAs\":[\"https:\\\/\\\/www.voltairenet.org\\\/auteur120173.html?lang=es\",\"https:\\\/\\\/www.facebook.com\\\/sergio.ferrari.9655\",\"https:\\\/\\\/x.com\\\/SergiooFerrari\"]}]}<\/script>\n<!-- \/ Yoast SEO plugin. -->","yoast_head_json":{"title":"La ternura c\u00f3mplice de la solidaridad internacional - Revista Rambla","robots":{"index":"index","follow":"follow","max-snippet":"max-snippet:-1","max-image-preview":"max-image-preview:large","max-video-preview":"max-video-preview:-1"},"canonical":"https:\/\/www.revistarambla.com\/en\/la-ternura-complice-de-la-solidaridad-internacional\/","og_locale":"en_GB","og_type":"article","og_title":"La ternura c\u00f3mplice de la solidaridad internacional - Revista Rambla","og_description":"Hijo de refugiados eritreos escribe a HIJOS de Argentina","og_url":"https:\/\/www.revistarambla.com\/en\/la-ternura-complice-de-la-solidaridad-internacional\/","og_site_name":"Revista Rambla","article_publisher":"https:\/\/www.facebook.com\/revistarambla\/","article_author":"https:\/\/www.facebook.com\/sergio.ferrari.9655","article_published_time":"2025-10-13T16:40:00+00:00","og_image":[{"width":990,"height":495,"url":"https:\/\/www.revistarambla.com\/wp-content\/uploads\/2025\/10\/Inmigrantes-africanos-en-la-isla-italiana-de-Lampedusa.-Foto-Amnesty-Internacional.jpg","type":"image\/jpeg"}],"author":"Sergio Ferrari","twitter_card":"summary_large_image","twitter_creator":"@SergiooFerrari","twitter_site":"@revistarambla","twitter_misc":{"Written by":"Sergio Ferrari","Estimated reading time":"7 minutes"},"schema":{"@context":"https:\/\/schema.org","@graph":[{"@type":"Article","@id":"https:\/\/www.revistarambla.com\/la-ternura-complice-de-la-solidaridad-internacional\/#article","isPartOf":{"@id":"https:\/\/www.revistarambla.com\/la-ternura-complice-de-la-solidaridad-internacional\/"},"author":{"name":"Sergio Ferrari","@id":"https:\/\/www.revistarambla.com\/#\/schema\/person\/339e2410a25811f9912d8a8551fa5d96"},"headline":"La ternura c\u00f3mplice de la solidaridad internacional","datePublished":"2025-10-13T16:40:00+00:00","mainEntityOfPage":{"@id":"https:\/\/www.revistarambla.com\/la-ternura-complice-de-la-solidaridad-internacional\/"},"wordCount":1506,"publisher":{"@id":"https:\/\/www.revistarambla.com\/#organization"},"image":{"@id":"https:\/\/www.revistarambla.com\/la-ternura-complice-de-la-solidaridad-internacional\/#primaryimage"},"thumbnailUrl":"https:\/\/www.revistarambla.com\/wp-content\/uploads\/2025\/10\/Inmigrantes-africanos-en-la-isla-italiana-de-Lampedusa.-Foto-Amnesty-Internacional.jpg","articleSection":["El Apunte"],"inLanguage":"en-GB"},{"@type":"WebPage","@id":"https:\/\/www.revistarambla.com\/la-ternura-complice-de-la-solidaridad-internacional\/","url":"https:\/\/www.revistarambla.com\/la-ternura-complice-de-la-solidaridad-internacional\/","name":"La ternura c\u00f3mplice de la solidaridad internacional - Revista Rambla","isPartOf":{"@id":"https:\/\/www.revistarambla.com\/#website"},"primaryImageOfPage":{"@id":"https:\/\/www.revistarambla.com\/la-ternura-complice-de-la-solidaridad-internacional\/#primaryimage"},"image":{"@id":"https:\/\/www.revistarambla.com\/la-ternura-complice-de-la-solidaridad-internacional\/#primaryimage"},"thumbnailUrl":"https:\/\/www.revistarambla.com\/wp-content\/uploads\/2025\/10\/Inmigrantes-africanos-en-la-isla-italiana-de-Lampedusa.-Foto-Amnesty-Internacional.jpg","datePublished":"2025-10-13T16:40:00+00:00","breadcrumb":{"@id":"https:\/\/www.revistarambla.com\/la-ternura-complice-de-la-solidaridad-internacional\/#breadcrumb"},"inLanguage":"en-GB","potentialAction":[{"@type":"ReadAction","target":["https:\/\/www.revistarambla.com\/la-ternura-complice-de-la-solidaridad-internacional\/"]}]},{"@type":"ImageObject","inLanguage":"en-GB","@id":"https:\/\/www.revistarambla.com\/la-ternura-complice-de-la-solidaridad-internacional\/#primaryimage","url":"https:\/\/www.revistarambla.com\/wp-content\/uploads\/2025\/10\/Inmigrantes-africanos-en-la-isla-italiana-de-Lampedusa.-Foto-Amnesty-Internacional.jpg","contentUrl":"https:\/\/www.revistarambla.com\/wp-content\/uploads\/2025\/10\/Inmigrantes-africanos-en-la-isla-italiana-de-Lampedusa.-Foto-Amnesty-Internacional.jpg","width":990,"height":495,"caption":"refugiados eritreos"},{"@type":"BreadcrumbList","@id":"https:\/\/www.revistarambla.com\/la-ternura-complice-de-la-solidaridad-internacional\/#breadcrumb","itemListElement":[{"@type":"ListItem","position":1,"name":"Portada","item":"https:\/\/www.revistarambla.com\/"},{"@type":"ListItem","position":2,"name":"La ternura c\u00f3mplice de la solidaridad internacional"}]},{"@type":"WebSite","@id":"https:\/\/www.revistarambla.com\/#website","url":"https:\/\/www.revistarambla.com\/","name":"Revista Rambla Barcelona","description":"Periodismo independiente","publisher":{"@id":"https:\/\/www.revistarambla.com\/#organization"},"potentialAction":[{"@type":"SearchAction","target":{"@type":"EntryPoint","urlTemplate":"https:\/\/www.revistarambla.com\/?s={search_term_string}"},"query-input":{"@type":"PropertyValueSpecification","valueRequired":true,"valueName":"search_term_string"}}],"inLanguage":"en-GB"},{"@type":"Organization","@id":"https:\/\/www.revistarambla.com\/#organization","name":"Revista Rambla","url":"https:\/\/www.revistarambla.com\/","logo":{"@type":"ImageObject","inLanguage":"en-GB","@id":"https:\/\/www.revistarambla.com\/#\/schema\/logo\/image\/","url":"https:\/\/www.revistarambla.com\/wp-content\/uploads\/2020\/09\/banner_rambla_1900x600_BB.png","contentUrl":"https:\/\/www.revistarambla.com\/wp-content\/uploads\/2020\/09\/banner_rambla_1900x600_BB.png","width":1900,"height":600,"caption":"Revista Rambla"},"image":{"@id":"https:\/\/www.revistarambla.com\/#\/schema\/logo\/image\/"},"sameAs":["https:\/\/www.facebook.com\/revistarambla\/","https:\/\/x.com\/revistarambla","https:\/\/www.instagram.com\/revista_rambla","https:\/\/es.linkedin.com\/company\/revista-rambla"]},{"@type":"Person","@id":"https:\/\/www.revistarambla.com\/#\/schema\/person\/339e2410a25811f9912d8a8551fa5d96","name":"Sergio Ferrari","description":"Periodista argentino radicado en Berna, Suiza. Acreditado ante el Gobierno suizo. Colaborador regular de numerosos medios latinoamericanos y europeos.","sameAs":["https:\/\/www.voltairenet.org\/auteur120173.html?lang=es","https:\/\/www.facebook.com\/sergio.ferrari.9655","https:\/\/x.com\/SergiooFerrari"]}]}},"_links":{"self":[{"href":"https:\/\/www.revistarambla.com\/en\/wp-json\/wp\/v2\/posts\/66871","targetHints":{"allow":["GET"]}}],"collection":[{"href":"https:\/\/www.revistarambla.com\/en\/wp-json\/wp\/v2\/posts"}],"about":[{"href":"https:\/\/www.revistarambla.com\/en\/wp-json\/wp\/v2\/types\/post"}],"author":[{"embeddable":true,"href":"https:\/\/www.revistarambla.com\/en\/wp-json\/wp\/v2\/users\/24"}],"replies":[{"embeddable":true,"href":"https:\/\/www.revistarambla.com\/en\/wp-json\/wp\/v2\/comments?post=66871"}],"version-history":[{"count":1,"href":"https:\/\/www.revistarambla.com\/en\/wp-json\/wp\/v2\/posts\/66871\/revisions"}],"predecessor-version":[{"id":66874,"href":"https:\/\/www.revistarambla.com\/en\/wp-json\/wp\/v2\/posts\/66871\/revisions\/66874"}],"wp:featuredmedia":[{"embeddable":true,"href":"https:\/\/www.revistarambla.com\/en\/wp-json\/wp\/v2\/media\/66872"}],"wp:attachment":[{"href":"https:\/\/www.revistarambla.com\/en\/wp-json\/wp\/v2\/media?parent=66871"}],"wp:term":[{"taxonomy":"category","embeddable":true,"href":"https:\/\/www.revistarambla.com\/en\/wp-json\/wp\/v2\/categories?post=66871"},{"taxonomy":"post_tag","embeddable":true,"href":"https:\/\/www.revistarambla.com\/en\/wp-json\/wp\/v2\/tags?post=66871"}],"curies":[{"name":"wp","href":"https:\/\/api.w.org\/{rel}","templated":true}]}}