{"id":66863,"date":"2025-10-08T19:54:58","date_gmt":"2025-10-08T17:54:58","guid":{"rendered":"https:\/\/www.revistarambla.com\/?p=66863"},"modified":"2025-10-08T19:54:58","modified_gmt":"2025-10-08T17:54:58","slug":"por-que-tantos-jovenes-y-en-especial-los-varones-viran-a-la-derecha","status":"publish","type":"post","link":"https:\/\/www.revistarambla.com\/en\/por-que-tantos-jovenes-y-en-especial-los-varones-viran-a-la-derecha\/","title":{"rendered":"Por qu\u00e9 tantos j\u00f3venes \u2014y en especial los varones\u2014 viran a la derecha"},"content":{"rendered":"<p>En las elecciones europeas de junio de 2024, un patr\u00f3n inesperado emergi\u00f3 en las urnas espa\u00f1olas: los j\u00f3venes, tradicionalmente alineados con opciones progresistas, mostraron un viraje hacia la derecha<!--more-->, especialmente entre los varones. Vox, el partido de ultraderecha, capt\u00f3 un apoyo significativo entre hombres de 18 a 34 a\u00f1os, mientras que las mujeres de la misma franja etaria se inclinaron hacia formaciones de izquierda como Sumar o el PSOE. Este fen\u00f3meno no es exclusivo de Espa\u00f1a; se replica en Francia, Alemania y Pa\u00edses Bajos, donde partidos como el Reagrupamiento Nacional (RN), Alternativa para Alemania (AfD) y el Partido por la Libertad (PVV) han ganado terreno entre la juventud masculina. Sin embargo, en nuestro pa\u00eds, la mezcla de precariedad econ\u00f3mica, bloqueo vital, desafecci\u00f3n pol\u00edtica y una intensa batalla cultural a\u00f1ade matices \u00fanicos.<\/p>\n<h3>El Panorama en Espa\u00f1a: Un Voto Juvenil Fragmentado por G\u00e9nero<\/h3>\n<p>Hist\u00f3ricamente, los j\u00f3venes espa\u00f1oles han sido un basti\u00f3n de la izquierda. En las elecciones generales de 2019, el PSOE y Unidas Podemos dominaban entre los votantes menores de 35 a\u00f1os. Pero los comicios de 2023 y las europeas de 2024 revelan un cambio dr\u00e1stico. Seg\u00fan un estudio del London School of Economics, el apoyo al extremo derecho entre j\u00f3venes varones espa\u00f1oles ha crecido un 15% en los \u00faltimos cinco a\u00f1os, superando al de las mujeres en un margen de hasta 20 puntos porcentuales. En Andaluc\u00eda, Vox irrumpi\u00f3 en 2018 captando votos juveniles desencantados con el bipartidismo, y para 2024, su base entre hombres j\u00f3venes se consolid\u00f3 en regiones como Madrid y Catalu\u00f1a.<\/p>\n<p>La polarizaci\u00f3n por g\u00e9nero es evidente. Un informe de la Universidad Pompeu Fabra destaca que, mientras las j\u00f3venes mujeres priorizan temas como la igualdad de g\u00e9nero y el cambio clim\u00e1tico \u2014inclin\u00e1ndose hacia partidos verdes o socialistas\u2014, los varones j\u00f3venes se sienten atra\u00eddos por discursos que enfatizan la soberan\u00eda nacional, la econom\u00eda y la cr\u00edtica al \u00abwokismo\u00bb. Encuestas del Centro de Investigaciones Sociol\u00f3gicas (CIS) postelectorales de 2023 muestran que el 28% de hombres de 18-24 a\u00f1os votaron a la derecha o ultraderecha, frente al 12% de mujeres. Este \u00abgender youth gap\u00bb no es solo electoral; se extiende a actitudes culturales, donde los j\u00f3venes varones expresan mayor escepticismo hacia el feminismo y la diversidad.<\/p>\n<p>Expertos como Toni Rodon, profesor de Ciencias Pol\u00edticas en la UPF, atribuyen este giro a una \u00abdesilusi\u00f3n generacional\u00bb. En entrevistas para estudios como el de la Foundation for European Progressive Studies (FEPS), j\u00f3venes de entornos desfavorecidos en Espa\u00f1a reportan una desconexi\u00f3n con la pol\u00edtica tradicional, viendo en la derecha una alternativa \u00abanti-sistema\u00bb. Pero, \u00bfqu\u00e9 impulsa espec\u00edficamente a los varones?<\/p>\n<h2>Un Fen\u00f3meno Europeo: Paralelismos en Francia, Alemania y Pa\u00edses Bajos<\/h2>\n<p>Espa\u00f1a no est\u00e1 sola. En Francia, el RN de Marine Le Pen y Jordan Bardella capt\u00f3 el 31% del voto juvenil en las europeas de 2024, con un predominio masculino. J\u00f3venes varones franceses, especialmente en \u00e1reas rurales y periurbanas, apoyan pol\u00edticas antiinmigraci\u00f3n y proteccionistas, citando inseguridad econ\u00f3mica como factor clave. En Alemania, la AfD ha ganado popularidad entre hombres j\u00f3venes, con un 16% de apoyo en las elecciones estatales de 2024 en Turingia y Sajonia. Un reportaje de la BBC destaca que estos votantes, a menudo de clase trabajadora, se sienten marginados por la globalizaci\u00f3n y la transici\u00f3n verde.<\/p>\n<p>En Pa\u00edses Bajos, el PVV de Geert Wilders triunf\u00f3 en 2023 con un 23% de esca\u00f1os, atrayendo a j\u00f3venes varones desencantados con la coalici\u00f3n liberal. Estudios del European Council on Foreign Relations indican que el 25% de hombres holandeses de 18-29 a\u00f1os apoyan a la ultraderecha, frente al 10% de mujeres. Com\u00fan a estos pa\u00edses es la precariedad: tasas de desempleo juvenil por encima del 20% en Francia y Espa\u00f1a, y un mercado laboral inestable en Alemania y Pa\u00edses Bajos. Sin embargo, en Espa\u00f1a, el impacto es m\u00e1s agudo debido a la herencia de la crisis de 2008, que dej\u00f3 a una generaci\u00f3n con contratos temporales y salarios bajos.<\/p>\n<p>Un an\u00e1lisis de Carnegie Europe subraya que, aunque la inmigraci\u00f3n es un tema recurrente, en Espa\u00f1a los j\u00f3venes priorizan vivienda y empleo sobre migraci\u00f3n, diferenci\u00e1ndose de Francia o Alemania, donde el discurso antiisl\u00e1mico es m\u00e1s central. Esta variaci\u00f3n local resalta c\u00f3mo el contexto nacional modula un trend europeo.<\/p>\n<h2>La Precaridad Econ\u00f3mica: El Motor Principal del Desplazamiento<\/h2>\n<p>La Gran Recesi\u00f3n de 2008-2014 marc\u00f3 a la juventud espa\u00f1ola. Hoy, el desempleo juvenil ronda el 28%, el m\u00e1s alto de la UE, con un 70% de contratos temporales entre menores de 30 a\u00f1os. Un estudio de la revista Societies analiza c\u00f3mo esta precariedad fomenta una \u00abpoliticizaci\u00f3n cr\u00edtica\u00bb, donde los j\u00f3venes ven en la derecha una promesa de estabilidad econ\u00f3mica. En regiones como Andaluc\u00eda o Valencia, Vox capitaliza el resentimiento contra pol\u00edticas de subsidios que perciben como ineficaces.<\/p>\n<p>La vivienda agrava el problema. El precio medio de alquiler en Madrid o Barcelona supera los 1.000 euros, inalcanzable para salarios juveniles de 900-1.200 euros. El Observatorio de Emancipaci\u00f3n del Consejo de la Juventud de Espa\u00f1a reporta que solo el 16% de j\u00f3venes menores de 30 a\u00f1os viven independientes, frente al 30% europeo. Esta \u00abtrampa de la temporalidad\u00bb \u2014como la denomina un art\u00edculo en el International Journal of Social Welfare\u2014 empuja a los varones j\u00f3venes, a menudo en sectores precarios como la construcci\u00f3n o la hosteler\u00eda, hacia discursos que critican la \u00abburocracia izquierdista\u00bb y promueven el libre mercado.<\/p>\n<p>La FEPS concluye que esta precariedad limita el tiempo y recursos para participaci\u00f3n pol\u00edtica, fomentando un voto reactivo hacia opciones que prometen \u00abmano dura\u00bb econ\u00f3mica. En contraste con mujeres j\u00f3venes, que acceden m\u00e1s a empleos en servicios p\u00fablicos, los varones sienten mayor exposici\u00f3n a la competencia laboral, amplificando su giro derechista.<\/p>\n<h2>Bloqueo Vital y Desafecci\u00f3n Pol\u00edtica: La Frustraci\u00f3n Acumulada<\/h2>\n<p>El \u00abbloqueo vital\u00bb \u2014dificultad para formar familias, acceder a hipotecas o planificar el futuro\u2014 es otro pilar. Un informe de Springer revela que j\u00f3venes espa\u00f1oles perciben su situaci\u00f3n como \u00abprecaridad subjetiva\u00bb, generando ansiedad y resentimiento. Encuestas de Eurobarometer muestran que el 60% de j\u00f3venes varones espa\u00f1oles desconf\u00edan en instituciones como el Congreso, viendo en la derecha una alternativa \u00abaut\u00e9ntica\u00bb.<\/p>\n<p>Esta desafecci\u00f3n se acent\u00faa por la percepci\u00f3n de que la izquierda ha fallado en promesas como la Garant\u00eda Juvenil de la UE, implementada en Espa\u00f1a desde 2014 pero criticada por su ineficacia. J\u00f3venes en focus groups de la UPF expresan frustraci\u00f3n: \u00abLa pol\u00edtica no nos representa; Vox al menos dice las cosas claras\u00bb.<\/p>\n<h2>La Batalla Cultural: Masculinidad en Crisis y el Rol de las Redes<\/h2>\n<p>Quiz\u00e1 el matiz m\u00e1s distintivo sea la batalla cultural. En Europa, la \u00abcrisis de masculinidad\u00bb impulsa a j\u00f3venes varones hacia la derecha. Podcasts del \u00abmanosphere\u00bb \u2014como los de Joe Rogan o equivalentes europeos\u2014 promueven narrativas anti-feministas, atrayendo a hombres que se sienten \u00abvillanizados\u00bb por el progresismo. En Espa\u00f1a, influencers en TikTok y YouTube amplifican discursos sobre \u00abfeminismo radical\u00bb y \u00abp\u00e9rdida de valores tradicionales\u00bb, resonando con varones j\u00f3venes.<\/p>\n<p>Un an\u00e1lisis en The New Yorker explica c\u00f3mo esta cultura \u00abguerrera\u00bb de la derecha ofrece un sentido de comunidad y empoderamiento a hombres en crisis econ\u00f3mica y social. En Alemania y Francia, la AfD y RN explotan ansiedades sobre identidad masculina, migraci\u00f3n y roles de g\u00e9nero. En Espa\u00f1a, Vox integra esto con cr\u00edticas al \u00abadoctrinamiento LGTBI\u00bb en escuelas, ganando adeptos entre varones que perciben una \u00abguerra cultural\u00bb contra la masculinidad tradicional.<\/p>\n<p>Estudios como el de The Growth Equation destacan datos alarmantes: mayor tasa de suicidio y abandono escolar entre j\u00f3venes varones, exacerbando su vulnerabilidad a narrativas derechistas. Sin embargo, expertos advierten que este shift podr\u00eda ser temporal; datos de American Survey Center sugieren que muchos j\u00f3venes varones se identifican como moderados, no extremistas.<\/p>\n<p>El viraje derechista de los j\u00f3venes varones en Espa\u00f1a, enmarcado en un contexto europeo, es un s\u00edntoma de fallos sist\u00e9micos: precariedad que bloquea vidas, desafecci\u00f3n que erosiona la democracia y batallas culturales que polarizan g\u00e9neros. Mientras la izquierda lucha por reconectar \u2014a trav\u00e9s de pol\u00edticas de vivienda y empleo juvenil\u2014, la derecha capitaliza el descontento. Si no se abordan estas ra\u00edces, este giro podr\u00eda consolidarse, redefiniendo el paisaje pol\u00edtico. Como se\u00f1ala un informe de Blavatnik School of Government, ignorar a la \u00abGeneraci\u00f3n Z\u00bb masculina es un riesgo para la democracia europea.<\/p>","protected":false},"excerpt":{"rendered":"<p>En las elecciones europeas de junio de 2024, un patr\u00f3n inesperado emergi\u00f3 en las urnas espa\u00f1olas: los j\u00f3venes, tradicionalmente alineados con opciones progresistas, mostraron un viraje hacia la derecha<\/p>","protected":false},"author":3,"featured_media":57404,"comment_status":"closed","ping_status":"closed","sticky":false,"template":"","format":"standard","meta":{"footnotes":""},"categories":[58],"tags":[],"class_list":["post-66863","post","type-post","status-publish","format-standard","has-post-thumbnail","hentry","category-estado-espanol"],"yoast_head":"<!-- This site is optimized with the Yoast SEO plugin v27.5 - https:\/\/yoast.com\/product\/yoast-seo-wordpress\/ -->\n<title>Por qu\u00e9 tantos j\u00f3venes \u2014y en especial los varones\u2014 viran a la derecha - Revista Rambla<\/title>\n<meta name=\"robots\" content=\"index, follow, max-snippet:-1, max-image-preview:large, max-video-preview:-1\" \/>\n<link rel=\"canonical\" href=\"https:\/\/www.revistarambla.com\/en\/por-que-tantos-jovenes-y-en-especial-los-varones-viran-a-la-derecha\/\" \/>\n<meta property=\"og:locale\" content=\"en_GB\" \/>\n<meta property=\"og:type\" content=\"article\" \/>\n<meta property=\"og:title\" content=\"Por qu\u00e9 tantos j\u00f3venes \u2014y en especial los varones\u2014 viran a la derecha - Revista Rambla\" \/>\n<meta property=\"og:description\" content=\"En las elecciones europeas de junio de 2024, un patr\u00f3n inesperado emergi\u00f3 en las urnas espa\u00f1olas: los j\u00f3venes, tradicionalmente alineados con opciones progresistas, mostraron un viraje hacia la derecha\" \/>\n<meta property=\"og:url\" content=\"https:\/\/www.revistarambla.com\/en\/por-que-tantos-jovenes-y-en-especial-los-varones-viran-a-la-derecha\/\" \/>\n<meta property=\"og:site_name\" content=\"Revista Rambla\" \/>\n<meta property=\"article:publisher\" content=\"https:\/\/www.facebook.com\/revistarambla\/\" \/>\n<meta property=\"article:author\" content=\"https:\/\/www.facebook.com\/revistarambla\" \/>\n<meta property=\"article:published_time\" content=\"2025-10-08T17:54:58+00:00\" \/>\n<meta property=\"og:image\" content=\"https:\/\/www.revistarambla.com\/wp-content\/uploads\/2023\/11\/imatge-de-la-concentracio-al-carrer-alcala-contra-lamnistia-secundada-pel-pp-i-vox-miquel-vera-aina-marti-acn.jpg\" \/>\n\t<meta property=\"og:image:width\" content=\"1200\" \/>\n\t<meta property=\"og:image:height\" content=\"628\" \/>\n\t<meta property=\"og:image:type\" content=\"image\/jpeg\" \/>\n<meta name=\"author\" content=\"R@mbla\" \/>\n<meta name=\"twitter:card\" content=\"summary_large_image\" \/>\n<meta name=\"twitter:creator\" content=\"@revistarambla\" \/>\n<meta name=\"twitter:site\" content=\"@revistarambla\" \/>\n<meta name=\"twitter:label1\" content=\"Written by\" \/>\n\t<meta name=\"twitter:data1\" content=\"R@mbla\" \/>\n\t<meta name=\"twitter:label2\" content=\"Estimated reading time\" \/>\n\t<meta name=\"twitter:data2\" content=\"7 minutes\" \/>\n<script type=\"application\/ld+json\" class=\"yoast-schema-graph\">{\"@context\":\"https:\\\/\\\/schema.org\",\"@graph\":[{\"@type\":\"Article\",\"@id\":\"https:\\\/\\\/www.revistarambla.com\\\/por-que-tantos-jovenes-y-en-especial-los-varones-viran-a-la-derecha\\\/#article\",\"isPartOf\":{\"@id\":\"https:\\\/\\\/www.revistarambla.com\\\/por-que-tantos-jovenes-y-en-especial-los-varones-viran-a-la-derecha\\\/\"},\"author\":{\"name\":\"R@mbla\",\"@id\":\"https:\\\/\\\/www.revistarambla.com\\\/#\\\/schema\\\/person\\\/a146a5a2550b94981a75131180e1bd9c\"},\"headline\":\"Por qu\u00e9 tantos j\u00f3venes \u2014y en especial los varones\u2014 viran a la derecha\",\"datePublished\":\"2025-10-08T17:54:58+00:00\",\"mainEntityOfPage\":{\"@id\":\"https:\\\/\\\/www.revistarambla.com\\\/por-que-tantos-jovenes-y-en-especial-los-varones-viran-a-la-derecha\\\/\"},\"wordCount\":1472,\"publisher\":{\"@id\":\"https:\\\/\\\/www.revistarambla.com\\\/#organization\"},\"image\":{\"@id\":\"https:\\\/\\\/www.revistarambla.com\\\/por-que-tantos-jovenes-y-en-especial-los-varones-viran-a-la-derecha\\\/#primaryimage\"},\"thumbnailUrl\":\"https:\\\/\\\/www.revistarambla.com\\\/wp-content\\\/uploads\\\/2023\\\/11\\\/imatge-de-la-concentracio-al-carrer-alcala-contra-lamnistia-secundada-pel-pp-i-vox-miquel-vera-aina-marti-acn.jpg\",\"articleSection\":[\"Estado Espa\u00f1ol\"],\"inLanguage\":\"en-GB\"},{\"@type\":\"WebPage\",\"@id\":\"https:\\\/\\\/www.revistarambla.com\\\/por-que-tantos-jovenes-y-en-especial-los-varones-viran-a-la-derecha\\\/\",\"url\":\"https:\\\/\\\/www.revistarambla.com\\\/por-que-tantos-jovenes-y-en-especial-los-varones-viran-a-la-derecha\\\/\",\"name\":\"Por qu\u00e9 tantos j\u00f3venes \u2014y en especial los varones\u2014 viran a la derecha - Revista Rambla\",\"isPartOf\":{\"@id\":\"https:\\\/\\\/www.revistarambla.com\\\/#website\"},\"primaryImageOfPage\":{\"@id\":\"https:\\\/\\\/www.revistarambla.com\\\/por-que-tantos-jovenes-y-en-especial-los-varones-viran-a-la-derecha\\\/#primaryimage\"},\"image\":{\"@id\":\"https:\\\/\\\/www.revistarambla.com\\\/por-que-tantos-jovenes-y-en-especial-los-varones-viran-a-la-derecha\\\/#primaryimage\"},\"thumbnailUrl\":\"https:\\\/\\\/www.revistarambla.com\\\/wp-content\\\/uploads\\\/2023\\\/11\\\/imatge-de-la-concentracio-al-carrer-alcala-contra-lamnistia-secundada-pel-pp-i-vox-miquel-vera-aina-marti-acn.jpg\",\"datePublished\":\"2025-10-08T17:54:58+00:00\",\"breadcrumb\":{\"@id\":\"https:\\\/\\\/www.revistarambla.com\\\/por-que-tantos-jovenes-y-en-especial-los-varones-viran-a-la-derecha\\\/#breadcrumb\"},\"inLanguage\":\"en-GB\",\"potentialAction\":[{\"@type\":\"ReadAction\",\"target\":[\"https:\\\/\\\/www.revistarambla.com\\\/por-que-tantos-jovenes-y-en-especial-los-varones-viran-a-la-derecha\\\/\"]}]},{\"@type\":\"ImageObject\",\"inLanguage\":\"en-GB\",\"@id\":\"https:\\\/\\\/www.revistarambla.com\\\/por-que-tantos-jovenes-y-en-especial-los-varones-viran-a-la-derecha\\\/#primaryimage\",\"url\":\"https:\\\/\\\/www.revistarambla.com\\\/wp-content\\\/uploads\\\/2023\\\/11\\\/imatge-de-la-concentracio-al-carrer-alcala-contra-lamnistia-secundada-pel-pp-i-vox-miquel-vera-aina-marti-acn.jpg\",\"contentUrl\":\"https:\\\/\\\/www.revistarambla.com\\\/wp-content\\\/uploads\\\/2023\\\/11\\\/imatge-de-la-concentracio-al-carrer-alcala-contra-lamnistia-secundada-pel-pp-i-vox-miquel-vera-aina-marti-acn.jpg\",\"width\":1200,\"height\":628,\"caption\":\"j\u00f3venes derecha\"},{\"@type\":\"BreadcrumbList\",\"@id\":\"https:\\\/\\\/www.revistarambla.com\\\/por-que-tantos-jovenes-y-en-especial-los-varones-viran-a-la-derecha\\\/#breadcrumb\",\"itemListElement\":[{\"@type\":\"ListItem\",\"position\":1,\"name\":\"Portada\",\"item\":\"https:\\\/\\\/www.revistarambla.com\\\/\"},{\"@type\":\"ListItem\",\"position\":2,\"name\":\"Por qu\u00e9 tantos j\u00f3venes \u2014y en especial los varones\u2014 viran a la derecha\"}]},{\"@type\":\"WebSite\",\"@id\":\"https:\\\/\\\/www.revistarambla.com\\\/#website\",\"url\":\"https:\\\/\\\/www.revistarambla.com\\\/\",\"name\":\"Revista Rambla Barcelona\",\"description\":\"Periodismo independiente\",\"publisher\":{\"@id\":\"https:\\\/\\\/www.revistarambla.com\\\/#organization\"},\"potentialAction\":[{\"@type\":\"SearchAction\",\"target\":{\"@type\":\"EntryPoint\",\"urlTemplate\":\"https:\\\/\\\/www.revistarambla.com\\\/?s={search_term_string}\"},\"query-input\":{\"@type\":\"PropertyValueSpecification\",\"valueRequired\":true,\"valueName\":\"search_term_string\"}}],\"inLanguage\":\"en-GB\"},{\"@type\":\"Organization\",\"@id\":\"https:\\\/\\\/www.revistarambla.com\\\/#organization\",\"name\":\"Revista Rambla\",\"url\":\"https:\\\/\\\/www.revistarambla.com\\\/\",\"logo\":{\"@type\":\"ImageObject\",\"inLanguage\":\"en-GB\",\"@id\":\"https:\\\/\\\/www.revistarambla.com\\\/#\\\/schema\\\/logo\\\/image\\\/\",\"url\":\"https:\\\/\\\/www.revistarambla.com\\\/wp-content\\\/uploads\\\/2020\\\/09\\\/banner_rambla_1900x600_BB.png\",\"contentUrl\":\"https:\\\/\\\/www.revistarambla.com\\\/wp-content\\\/uploads\\\/2020\\\/09\\\/banner_rambla_1900x600_BB.png\",\"width\":1900,\"height\":600,\"caption\":\"Revista Rambla\"},\"image\":{\"@id\":\"https:\\\/\\\/www.revistarambla.com\\\/#\\\/schema\\\/logo\\\/image\\\/\"},\"sameAs\":[\"https:\\\/\\\/www.facebook.com\\\/revistarambla\\\/\",\"https:\\\/\\\/x.com\\\/revistarambla\",\"https:\\\/\\\/www.instagram.com\\\/revista_rambla\",\"https:\\\/\\\/es.linkedin.com\\\/company\\\/revista-rambla\"]},{\"@type\":\"Person\",\"@id\":\"https:\\\/\\\/www.revistarambla.com\\\/#\\\/schema\\\/person\\\/a146a5a2550b94981a75131180e1bd9c\",\"name\":\"R@mbla\",\"description\":\"Este art\u00edculo ha sido redactado y\\\/o validado por el equipo de redacci\u00f3n de Revista Rambla.\",\"sameAs\":[\"https:\\\/\\\/www.revistarambla.com\\\/\",\"https:\\\/\\\/www.facebook.com\\\/revistarambla\",\"https:\\\/\\\/x.com\\\/revistarambla\"]}]}<\/script>\n<!-- \/ Yoast SEO plugin. -->","yoast_head_json":{"title":"Por qu\u00e9 tantos j\u00f3venes \u2014y en especial los varones\u2014 viran a la derecha - Revista Rambla","robots":{"index":"index","follow":"follow","max-snippet":"max-snippet:-1","max-image-preview":"max-image-preview:large","max-video-preview":"max-video-preview:-1"},"canonical":"https:\/\/www.revistarambla.com\/en\/por-que-tantos-jovenes-y-en-especial-los-varones-viran-a-la-derecha\/","og_locale":"en_GB","og_type":"article","og_title":"Por qu\u00e9 tantos j\u00f3venes \u2014y en especial los varones\u2014 viran a la derecha - Revista Rambla","og_description":"En las elecciones europeas de junio de 2024, un patr\u00f3n inesperado emergi\u00f3 en las urnas espa\u00f1olas: los j\u00f3venes, tradicionalmente alineados con opciones progresistas, mostraron un viraje hacia la derecha","og_url":"https:\/\/www.revistarambla.com\/en\/por-que-tantos-jovenes-y-en-especial-los-varones-viran-a-la-derecha\/","og_site_name":"Revista Rambla","article_publisher":"https:\/\/www.facebook.com\/revistarambla\/","article_author":"https:\/\/www.facebook.com\/revistarambla","article_published_time":"2025-10-08T17:54:58+00:00","og_image":[{"width":1200,"height":628,"url":"https:\/\/www.revistarambla.com\/wp-content\/uploads\/2023\/11\/imatge-de-la-concentracio-al-carrer-alcala-contra-lamnistia-secundada-pel-pp-i-vox-miquel-vera-aina-marti-acn.jpg","type":"image\/jpeg"}],"author":"R@mbla","twitter_card":"summary_large_image","twitter_creator":"@revistarambla","twitter_site":"@revistarambla","twitter_misc":{"Written by":"R@mbla","Estimated reading time":"7 minutes"},"schema":{"@context":"https:\/\/schema.org","@graph":[{"@type":"Article","@id":"https:\/\/www.revistarambla.com\/por-que-tantos-jovenes-y-en-especial-los-varones-viran-a-la-derecha\/#article","isPartOf":{"@id":"https:\/\/www.revistarambla.com\/por-que-tantos-jovenes-y-en-especial-los-varones-viran-a-la-derecha\/"},"author":{"name":"R@mbla","@id":"https:\/\/www.revistarambla.com\/#\/schema\/person\/a146a5a2550b94981a75131180e1bd9c"},"headline":"Por qu\u00e9 tantos j\u00f3venes \u2014y en especial los varones\u2014 viran a la derecha","datePublished":"2025-10-08T17:54:58+00:00","mainEntityOfPage":{"@id":"https:\/\/www.revistarambla.com\/por-que-tantos-jovenes-y-en-especial-los-varones-viran-a-la-derecha\/"},"wordCount":1472,"publisher":{"@id":"https:\/\/www.revistarambla.com\/#organization"},"image":{"@id":"https:\/\/www.revistarambla.com\/por-que-tantos-jovenes-y-en-especial-los-varones-viran-a-la-derecha\/#primaryimage"},"thumbnailUrl":"https:\/\/www.revistarambla.com\/wp-content\/uploads\/2023\/11\/imatge-de-la-concentracio-al-carrer-alcala-contra-lamnistia-secundada-pel-pp-i-vox-miquel-vera-aina-marti-acn.jpg","articleSection":["Estado Espa\u00f1ol"],"inLanguage":"en-GB"},{"@type":"WebPage","@id":"https:\/\/www.revistarambla.com\/por-que-tantos-jovenes-y-en-especial-los-varones-viran-a-la-derecha\/","url":"https:\/\/www.revistarambla.com\/por-que-tantos-jovenes-y-en-especial-los-varones-viran-a-la-derecha\/","name":"Por qu\u00e9 tantos j\u00f3venes \u2014y en especial los varones\u2014 viran a la derecha - Revista Rambla","isPartOf":{"@id":"https:\/\/www.revistarambla.com\/#website"},"primaryImageOfPage":{"@id":"https:\/\/www.revistarambla.com\/por-que-tantos-jovenes-y-en-especial-los-varones-viran-a-la-derecha\/#primaryimage"},"image":{"@id":"https:\/\/www.revistarambla.com\/por-que-tantos-jovenes-y-en-especial-los-varones-viran-a-la-derecha\/#primaryimage"},"thumbnailUrl":"https:\/\/www.revistarambla.com\/wp-content\/uploads\/2023\/11\/imatge-de-la-concentracio-al-carrer-alcala-contra-lamnistia-secundada-pel-pp-i-vox-miquel-vera-aina-marti-acn.jpg","datePublished":"2025-10-08T17:54:58+00:00","breadcrumb":{"@id":"https:\/\/www.revistarambla.com\/por-que-tantos-jovenes-y-en-especial-los-varones-viran-a-la-derecha\/#breadcrumb"},"inLanguage":"en-GB","potentialAction":[{"@type":"ReadAction","target":["https:\/\/www.revistarambla.com\/por-que-tantos-jovenes-y-en-especial-los-varones-viran-a-la-derecha\/"]}]},{"@type":"ImageObject","inLanguage":"en-GB","@id":"https:\/\/www.revistarambla.com\/por-que-tantos-jovenes-y-en-especial-los-varones-viran-a-la-derecha\/#primaryimage","url":"https:\/\/www.revistarambla.com\/wp-content\/uploads\/2023\/11\/imatge-de-la-concentracio-al-carrer-alcala-contra-lamnistia-secundada-pel-pp-i-vox-miquel-vera-aina-marti-acn.jpg","contentUrl":"https:\/\/www.revistarambla.com\/wp-content\/uploads\/2023\/11\/imatge-de-la-concentracio-al-carrer-alcala-contra-lamnistia-secundada-pel-pp-i-vox-miquel-vera-aina-marti-acn.jpg","width":1200,"height":628,"caption":"j\u00f3venes derecha"},{"@type":"BreadcrumbList","@id":"https:\/\/www.revistarambla.com\/por-que-tantos-jovenes-y-en-especial-los-varones-viran-a-la-derecha\/#breadcrumb","itemListElement":[{"@type":"ListItem","position":1,"name":"Portada","item":"https:\/\/www.revistarambla.com\/"},{"@type":"ListItem","position":2,"name":"Por qu\u00e9 tantos j\u00f3venes \u2014y en especial los varones\u2014 viran a la derecha"}]},{"@type":"WebSite","@id":"https:\/\/www.revistarambla.com\/#website","url":"https:\/\/www.revistarambla.com\/","name":"Revista Rambla Barcelona","description":"Periodismo independiente","publisher":{"@id":"https:\/\/www.revistarambla.com\/#organization"},"potentialAction":[{"@type":"SearchAction","target":{"@type":"EntryPoint","urlTemplate":"https:\/\/www.revistarambla.com\/?s={search_term_string}"},"query-input":{"@type":"PropertyValueSpecification","valueRequired":true,"valueName":"search_term_string"}}],"inLanguage":"en-GB"},{"@type":"Organization","@id":"https:\/\/www.revistarambla.com\/#organization","name":"Revista Rambla","url":"https:\/\/www.revistarambla.com\/","logo":{"@type":"ImageObject","inLanguage":"en-GB","@id":"https:\/\/www.revistarambla.com\/#\/schema\/logo\/image\/","url":"https:\/\/www.revistarambla.com\/wp-content\/uploads\/2020\/09\/banner_rambla_1900x600_BB.png","contentUrl":"https:\/\/www.revistarambla.com\/wp-content\/uploads\/2020\/09\/banner_rambla_1900x600_BB.png","width":1900,"height":600,"caption":"Revista Rambla"},"image":{"@id":"https:\/\/www.revistarambla.com\/#\/schema\/logo\/image\/"},"sameAs":["https:\/\/www.facebook.com\/revistarambla\/","https:\/\/x.com\/revistarambla","https:\/\/www.instagram.com\/revista_rambla","https:\/\/es.linkedin.com\/company\/revista-rambla"]},{"@type":"Person","@id":"https:\/\/www.revistarambla.com\/#\/schema\/person\/a146a5a2550b94981a75131180e1bd9c","name":"R@mbla","description":"Este art\u00edculo ha sido redactado y\/o validado por el equipo de redacci\u00f3n de Revista Rambla.","sameAs":["https:\/\/www.revistarambla.com\/","https:\/\/www.facebook.com\/revistarambla","https:\/\/x.com\/revistarambla"]}]}},"_links":{"self":[{"href":"https:\/\/www.revistarambla.com\/en\/wp-json\/wp\/v2\/posts\/66863","targetHints":{"allow":["GET"]}}],"collection":[{"href":"https:\/\/www.revistarambla.com\/en\/wp-json\/wp\/v2\/posts"}],"about":[{"href":"https:\/\/www.revistarambla.com\/en\/wp-json\/wp\/v2\/types\/post"}],"author":[{"embeddable":true,"href":"https:\/\/www.revistarambla.com\/en\/wp-json\/wp\/v2\/users\/3"}],"replies":[{"embeddable":true,"href":"https:\/\/www.revistarambla.com\/en\/wp-json\/wp\/v2\/comments?post=66863"}],"version-history":[{"count":1,"href":"https:\/\/www.revistarambla.com\/en\/wp-json\/wp\/v2\/posts\/66863\/revisions"}],"predecessor-version":[{"id":66864,"href":"https:\/\/www.revistarambla.com\/en\/wp-json\/wp\/v2\/posts\/66863\/revisions\/66864"}],"wp:featuredmedia":[{"embeddable":true,"href":"https:\/\/www.revistarambla.com\/en\/wp-json\/wp\/v2\/media\/57404"}],"wp:attachment":[{"href":"https:\/\/www.revistarambla.com\/en\/wp-json\/wp\/v2\/media?parent=66863"}],"wp:term":[{"taxonomy":"category","embeddable":true,"href":"https:\/\/www.revistarambla.com\/en\/wp-json\/wp\/v2\/categories?post=66863"},{"taxonomy":"post_tag","embeddable":true,"href":"https:\/\/www.revistarambla.com\/en\/wp-json\/wp\/v2\/tags?post=66863"}],"curies":[{"name":"wp","href":"https:\/\/api.w.org\/{rel}","templated":true}]}}