{"id":66860,"date":"2025-10-08T19:41:48","date_gmt":"2025-10-08T17:41:48","guid":{"rendered":"https:\/\/www.revistarambla.com\/?p=66860"},"modified":"2025-10-13T19:00:06","modified_gmt":"2025-10-13T17:00:06","slug":"el-imperio-educativo-del-opus-dei-en-catalunya","status":"publish","type":"post","link":"https:\/\/www.revistarambla.com\/en\/el-imperio-educativo-del-opus-dei-en-catalunya\/","title":{"rendered":"El imperio educativo del Opus Dei en Catalunya"},"content":{"rendered":"<p>En el coraz\u00f3n de la educaci\u00f3n catalana, un entramado de escuelas vinculadas al Opus Dei ha tejido una red influyente que combina tradici\u00f3n cat\u00f3lica, excelencia acad\u00e9mica y controversias persistentes. <!--more-->Fundada en 1928 por Josemar\u00eda Escriv\u00e1 de Balaguer, la Prelatura del Opus Dei \u2013una instituci\u00f3n personal de la Iglesia Cat\u00f3lica\u2013 ha extendido su influencia a trav\u00e9s de iniciativas educativas en todo el mundo, con un \u00e9nfasis en la santificaci\u00f3n del trabajo cotidiano y la formaci\u00f3n integral. En Catalunya, esta presencia se materializa en un grupo de colegios que, hasta recientemente, han operado bajo un modelo segregado por sexos, financiados en gran parte por fondos p\u00fablicos. Sin embargo, cambios legislativos y presiones sociales est\u00e1n reconfigurando este panorama, obligando a muchas de estas instituciones a elegir entre mantener su identidad diferenciada o preservar las subvenciones estatales.<\/p>\n<p>En un contexto donde la educaci\u00f3n concertada representa un 30% de la oferta en Catalunya, seg\u00fan datos del Ministerio de Educaci\u00f3n espa\u00f1ol, las escuelas del Opus Dei destacan por su modelo elitista y su vinculaci\u00f3n a redes de poder, pero tambi\u00e9n por las cr\u00edticas sobre desigualdad y uso de dinero p\u00fablico para promover valores conservadores. Con un presupuesto educativo catal\u00e1n que supera los 6.000 millones de euros anuales, el debate sobre estos centros no es solo econ\u00f3mico, sino ideol\u00f3gico: \u00bfdeben los impuestos financiar la segregaci\u00f3n por sexo en pleno siglo XXI?<\/p>\n<h3>Historia y Contexto: El Arraigo del Opus Dei en la Educaci\u00f3n Catalana<\/h3>\n<p>El Opus Dei lleg\u00f3 a Catalunya en la d\u00e9cada de 1950, aprovechando el franquismo para expandir su modelo educativo. Inicialmente, estos centros se enfocaron en la \u00e9lite burguesa barcelonesa, promoviendo una educaci\u00f3n cat\u00f3lica rigurosa que integraba valores como la disciplina, el esfuerzo y la piedad. A diferencia de otras congregaciones religiosas, el Opus Dei no gestiona directamente los colegios \u2013para evitar responsabilidades legales\u2013, sino que ofrece \u00abasistencia espiritual\u00bb a trav\u00e9s de acuerdos con entidades laicas como la Instituci\u00f3 Familiar d&#8217;Educaci\u00f3 (IFE), que agrupa la mayor\u00eda de estos centros en Catalunya y Baleares. IFE, fundada en 1969, opera como una sociedad an\u00f3nima y atiende a unos 8.000 alumnos en 13 escuelas, facturando alrededor de 45 millones de euros anuales, seg\u00fan informes financieros analizados por elDiario.es.<\/p>\n<p>En Espa\u00f1a, el Opus Dei est\u00e1 vinculado a cuatro grandes grupos educativos: Attendis (Andaluc\u00eda), COAS (Pa\u00eds Vasco), Fomento (nacional) e IFE (Catalunya y Baleares), controlando unas 90 escuelas infantiles y colegios que generan cerca de 1.000 millones de euros al a\u00f1o en total. En Catalunya, esta expansi\u00f3n se aceler\u00f3 en los a\u00f1os 80 con la Ley Org\u00e1nica del Derecho a la Educaci\u00f3n (LODE) de 1985, que permiti\u00f3 conciertos educativos \u2013subvenciones p\u00fablicas para centros privados\u2013. Esto transform\u00f3 escuelas elitistas en instituciones accesibles, aunque con cuotas voluntarias que filtran a familias de clase media-alta. Fuentes como Opus-Info.org, un portal cr\u00edtico compilado por exmiembros, listan colegios como Pineda o Xaloc como \u00abcontrolados\u00bb por el Opus, aunque la Prelatura lo niega oficialmente, insistiendo en que solo proporciona capellanes y orientaci\u00f3n doctrinal.<\/p>\n<h3>Cu\u00e1ntas Hay y Cu\u00e1les Son las M\u00e1s Importantes<\/h3>\n<p>En Catalunya, hay actualmente 13 escuelas vinculadas al Opus Dei, seg\u00fan datos cruzados de IFE y listas independientes como las de Opus-Info.org. Estas se concentran en Barcelona y su \u00e1rea metropolitana, con extensiones a Girona y Tarragona. No todas son estrictamente \u00abdel Opus Dei\u00bb, pero reciben su asesoramiento espiritual y siguen su ideario. La lista incluye:<\/p>\n<p>&#8211; <strong>Col\u00b7legi Pineda<\/strong> (L&#8217;Hospitalet de Llobregat, femenino): Uno de los m\u00e1s emblem\u00e1ticos, con 1.200 alumnas. Enfocado en educaci\u00f3n integral, ha sido centro de controversias por su segregaci\u00f3n.<\/p>\n<p>&#8211; <strong>Col\u00b7legi Xaloc<\/strong> (L&#8217;Hospitalet, masculino): Pareja de Pineda, con similar alumnado. Destaca por programas STEM y v\u00ednculos con la Universidad Internacional de Catalunya (UIC), tambi\u00e9n ligada al Opus.<\/p>\n<p>&#8211; <strong>Col\u00b7legi La Farga<\/strong> (Sant Cugat del Vall\u00e8s, masculino): Con 800 alumnos, es conocido por su excelencia acad\u00e9mica y actividades extracurriculares como clubs juveniles opusinos.<\/p>\n<p>&#8211; <strong>Col\u00b7legi La Vall<\/strong> (Bellaterra, femenino): Hermana de La Farga, enfatiza la formaci\u00f3n en valores femeninos tradicionales.<\/p>\n<p>&#8211; <strong>Col\u00b7legi Canig\u00f3<\/strong> (Barcelona, mixto en etapas iniciales): Uno de los primeros en transitar a mixto para mantener conciertos.<\/p>\n<p>&#8211; <strong>Col\u00b7legi Bell-lloc<\/strong> (Girona, masculino): Enfocado en innovaci\u00f3n educativa, con programas biling\u00fces.<\/p>\n<p>&#8211; <strong>Instituci\u00f3 Montserrat<\/strong> (Barcelona, mixto): Parte de IFE, con \u00e9nfasis en inclusi\u00f3n.<\/p>\n<p>Otros incluyen Viar\u00f3 (Sant Cugat, masculino), Les Alzines (Barcelona, femenino), Camp Joliu (Tarragona, masculino), Aura (Barcelona, femenino), Reixac (Montcada i Reixac, mixto) y Airesol (Barcelona, mixto). Las m\u00e1s importantes, por alumnado e influencia, son Pineda, Xaloc, La Farga y La Vall, que representan el n\u00facleo barcelon\u00e9s y generan ingresos superiores a los 10 millones anuales cada una, seg\u00fan estimaciones basadas en datos de la Generalitat. En total, atienden a unos 8.000-10.000 alumnos, un 1% del total en Catalunya, pero con tasas de \u00e9xito en selectividad superiores al 95%.<\/p>\n<h3>C\u00f3mo Funcionan: Modelo Educativo y Segregaci\u00f3n<\/h3>\n<p>El funcionamiento de estas escuelas gira en torno a un modelo \u00abdiferenciado\u00bb por sexos, justificado por el Opus Dei como una forma de personalizar la educaci\u00f3n seg\u00fan \u00abritmos madurativos distintos\u00bb. En pr\u00e1ctica, esto significa aulas separadas para ni\u00f1os y ni\u00f1as, con curr\u00edculos id\u00e9nticos pero enfoques adaptados: m\u00e1s \u00e9nfasis en liderazgo para chicos y en empat\u00eda para chicas, seg\u00fan cr\u00edticos como el portal Opus-Info. La jornada incluye misas voluntarias, tutor\u00edas personalizadas y actividades extraescolares vinculadas a clubs juveniles opusinos, donde se fomenta la vocaci\u00f3n religiosa.<\/p>\n<p>Sin embargo, la Ley Org\u00e1nica de Educaci\u00f3n (LOE) de 2006 y la LOMLOE de 2020 proh\u00edben la segregaci\u00f3n en centros concertados, obligando a cambios. Ocho escuelas, como Canig\u00f3 y Bell-lloc, han optado por mixtas en ESO para no perder fondos, mientras que siete \u2013incluyendo La Farga y La Vall\u2013 renuncian a conciertos y pasan a privadas desde 2026. Esto ha causado ca\u00eddas en inscripciones del 14%, seg\u00fan El Pa\u00eds, con familias migrando a p\u00fablicos por costos. Acad\u00e9micamente, destacan en rankings como el de El Mundo, con notas medias en PISA superiores a la media catalana, pero cr\u00edticos argumentan que esto se debe a selecci\u00f3n socioecon\u00f3mica, no al modelo segregado.<\/p>\n<h3>Financiamiento: Subvenciones P\u00fablicas y Transici\u00f3n a Privado<\/h3>\n<p>El financiamiento es h\u00edbrido: conciertos educativos cubren salarios docentes y operaciones b\u00e1sicas, representando el 60-70% de ingresos. En 2014, la Generalitat destin\u00f3 25 millones anuales a 16 escuelas opusinas, seg\u00fan CCOO. Nacionalmente, centros segregados recibieron 130 millones en un curso, con Opus Dei acaparando gran parte. Cuotas \u00abvoluntarias\u00bb de 300-600 euros mensuales por familia complementan, junto a donaciones de supernumerarios (miembros laicos del Opus) y fundaciones.<\/p>\n<p>La prohibici\u00f3n de segregaci\u00f3n ha roto este equilibrio. El TSJC mantuvo conciertos temporalmente en 2023, pero con fianzas. Desde 2026, siete escuelas perder\u00e1n 15-20 millones en subvenciones, forzando aumentos en cuotas a 800-1.000 euros mensuales para viabilidad. Fuentes oficiales como el Departament d&#8217;Educaci\u00f3 confirman que continuar\u00e1n financiando hasta entonces, pero enfatizan la coeducaci\u00f3n. Cr\u00edticos como La Marea ven esto como un \u00abnegocio\u00bb subsidiado, con Opus Dei evadiendo impuestos v\u00eda estructuras opacas.<\/p>\n<h3>Influencia, Desigualdad y Transparencia<\/h3>\n<p>Las controversias giran en torno a la segregaci\u00f3n, vista como \u00abhip\u00f3crita\u00bb por exalumnos en foros como Opus-Info, que alegan promoci\u00f3n de roles de g\u00e9nero tradicionales. Tambi\u00e9n se cuestiona la captaci\u00f3n: clubs juveniles sirven para reclutar, seg\u00fan testimonios en El Cuaderno Digital. Econ\u00f3micamente, el uso de fondos p\u00fablicos para \u00e9lites \u2013con becas m\u00ednimas\u2013 genera indignaci\u00f3n, como en informes de Izquierda Diario. La opacidad propietaria, con colegios en manos de SA controladas por opusinos, alimenta sospechas de lavado de influencia.<\/p>\n<p>Las escuelas del Opus Dei en Catalunya enfrentan un punto de inflexi\u00f3n: adaptarse a la mixticidad o abrazar lo privado, arriesgando exclusividad. Con 13 centros clave, un modelo segregado en declive y financiamiento p\u00fablico menguante, su legado perdurar\u00e1, pero bajo escrutinio. En una sociedad laica, el debate persiste: \u00bfeducaci\u00f3n de \u00e9lite o igualdad subsidiada?<\/p>","protected":false},"excerpt":{"rendered":"<p>Financiamiento P\u00fablico, Segregaci\u00f3n y Transiciones Forzadas<\/p>","protected":false},"author":3,"featured_media":66861,"comment_status":"closed","ping_status":"closed","sticky":false,"template":"","format":"standard","meta":{"footnotes":""},"categories":[59],"tags":[],"class_list":["post-66860","post","type-post","status-publish","format-standard","has-post-thumbnail","hentry","category-catalunya"],"yoast_head":"<!-- This site is optimized with the Yoast SEO plugin v27.5 - https:\/\/yoast.com\/product\/yoast-seo-wordpress\/ -->\n<title>El imperio educativo del Opus Dei en Catalunya - Revista Rambla<\/title>\n<meta name=\"robots\" content=\"index, follow, max-snippet:-1, max-image-preview:large, max-video-preview:-1\" \/>\n<link rel=\"canonical\" href=\"https:\/\/www.revistarambla.com\/en\/el-imperio-educativo-del-opus-dei-en-catalunya\/\" \/>\n<meta property=\"og:locale\" content=\"en_GB\" \/>\n<meta property=\"og:type\" content=\"article\" \/>\n<meta property=\"og:title\" content=\"El imperio educativo del Opus Dei en Catalunya - Revista Rambla\" \/>\n<meta property=\"og:description\" content=\"Financiamiento P\u00fablico, Segregaci\u00f3n y Transiciones Forzadas\" \/>\n<meta property=\"og:url\" content=\"https:\/\/www.revistarambla.com\/en\/el-imperio-educativo-del-opus-dei-en-catalunya\/\" \/>\n<meta property=\"og:site_name\" content=\"Revista Rambla\" \/>\n<meta property=\"article:publisher\" content=\"https:\/\/www.facebook.com\/revistarambla\/\" \/>\n<meta property=\"article:author\" content=\"https:\/\/www.facebook.com\/revistarambla\" \/>\n<meta property=\"article:published_time\" content=\"2025-10-08T17:41:48+00:00\" \/>\n<meta property=\"article:modified_time\" content=\"2025-10-13T17:00:06+00:00\" \/>\n<meta property=\"og:image\" content=\"https:\/\/www.revistarambla.com\/wp-content\/uploads\/2025\/10\/escuelas-opus-dei-catalunya.jpg\" \/>\n\t<meta property=\"og:image:width\" content=\"900\" \/>\n\t<meta property=\"og:image:height\" content=\"600\" \/>\n\t<meta property=\"og:image:type\" content=\"image\/jpeg\" \/>\n<meta name=\"author\" content=\"R@mbla\" \/>\n<meta name=\"twitter:card\" content=\"summary_large_image\" \/>\n<meta name=\"twitter:creator\" content=\"@revistarambla\" \/>\n<meta name=\"twitter:site\" content=\"@revistarambla\" \/>\n<meta name=\"twitter:label1\" content=\"Written by\" \/>\n\t<meta name=\"twitter:data1\" content=\"R@mbla\" \/>\n\t<meta name=\"twitter:label2\" content=\"Estimated reading time\" \/>\n\t<meta name=\"twitter:data2\" content=\"6 minutes\" \/>\n<script type=\"application\/ld+json\" class=\"yoast-schema-graph\">{\"@context\":\"https:\\\/\\\/schema.org\",\"@graph\":[{\"@type\":\"Article\",\"@id\":\"https:\\\/\\\/www.revistarambla.com\\\/el-imperio-educativo-del-opus-dei-en-catalunya\\\/#article\",\"isPartOf\":{\"@id\":\"https:\\\/\\\/www.revistarambla.com\\\/el-imperio-educativo-del-opus-dei-en-catalunya\\\/\"},\"author\":{\"name\":\"R@mbla\",\"@id\":\"https:\\\/\\\/www.revistarambla.com\\\/#\\\/schema\\\/person\\\/a146a5a2550b94981a75131180e1bd9c\"},\"headline\":\"El imperio educativo del Opus Dei en Catalunya\",\"datePublished\":\"2025-10-08T17:41:48+00:00\",\"dateModified\":\"2025-10-13T17:00:06+00:00\",\"mainEntityOfPage\":{\"@id\":\"https:\\\/\\\/www.revistarambla.com\\\/el-imperio-educativo-del-opus-dei-en-catalunya\\\/\"},\"wordCount\":1367,\"publisher\":{\"@id\":\"https:\\\/\\\/www.revistarambla.com\\\/#organization\"},\"image\":{\"@id\":\"https:\\\/\\\/www.revistarambla.com\\\/el-imperio-educativo-del-opus-dei-en-catalunya\\\/#primaryimage\"},\"thumbnailUrl\":\"https:\\\/\\\/www.revistarambla.com\\\/wp-content\\\/uploads\\\/2025\\\/10\\\/escuelas-opus-dei-catalunya.jpg\",\"articleSection\":[\"Catalunya\"],\"inLanguage\":\"en-GB\"},{\"@type\":\"WebPage\",\"@id\":\"https:\\\/\\\/www.revistarambla.com\\\/el-imperio-educativo-del-opus-dei-en-catalunya\\\/\",\"url\":\"https:\\\/\\\/www.revistarambla.com\\\/el-imperio-educativo-del-opus-dei-en-catalunya\\\/\",\"name\":\"El imperio educativo del Opus Dei en Catalunya - Revista Rambla\",\"isPartOf\":{\"@id\":\"https:\\\/\\\/www.revistarambla.com\\\/#website\"},\"primaryImageOfPage\":{\"@id\":\"https:\\\/\\\/www.revistarambla.com\\\/el-imperio-educativo-del-opus-dei-en-catalunya\\\/#primaryimage\"},\"image\":{\"@id\":\"https:\\\/\\\/www.revistarambla.com\\\/el-imperio-educativo-del-opus-dei-en-catalunya\\\/#primaryimage\"},\"thumbnailUrl\":\"https:\\\/\\\/www.revistarambla.com\\\/wp-content\\\/uploads\\\/2025\\\/10\\\/escuelas-opus-dei-catalunya.jpg\",\"datePublished\":\"2025-10-08T17:41:48+00:00\",\"dateModified\":\"2025-10-13T17:00:06+00:00\",\"breadcrumb\":{\"@id\":\"https:\\\/\\\/www.revistarambla.com\\\/el-imperio-educativo-del-opus-dei-en-catalunya\\\/#breadcrumb\"},\"inLanguage\":\"en-GB\",\"potentialAction\":[{\"@type\":\"ReadAction\",\"target\":[\"https:\\\/\\\/www.revistarambla.com\\\/el-imperio-educativo-del-opus-dei-en-catalunya\\\/\"]}]},{\"@type\":\"ImageObject\",\"inLanguage\":\"en-GB\",\"@id\":\"https:\\\/\\\/www.revistarambla.com\\\/el-imperio-educativo-del-opus-dei-en-catalunya\\\/#primaryimage\",\"url\":\"https:\\\/\\\/www.revistarambla.com\\\/wp-content\\\/uploads\\\/2025\\\/10\\\/escuelas-opus-dei-catalunya.jpg\",\"contentUrl\":\"https:\\\/\\\/www.revistarambla.com\\\/wp-content\\\/uploads\\\/2025\\\/10\\\/escuelas-opus-dei-catalunya.jpg\",\"width\":900,\"height\":600,\"caption\":\"escuelas opus dei catalunya\"},{\"@type\":\"BreadcrumbList\",\"@id\":\"https:\\\/\\\/www.revistarambla.com\\\/el-imperio-educativo-del-opus-dei-en-catalunya\\\/#breadcrumb\",\"itemListElement\":[{\"@type\":\"ListItem\",\"position\":1,\"name\":\"Portada\",\"item\":\"https:\\\/\\\/www.revistarambla.com\\\/\"},{\"@type\":\"ListItem\",\"position\":2,\"name\":\"El imperio educativo del Opus Dei en Catalunya\"}]},{\"@type\":\"WebSite\",\"@id\":\"https:\\\/\\\/www.revistarambla.com\\\/#website\",\"url\":\"https:\\\/\\\/www.revistarambla.com\\\/\",\"name\":\"Revista Rambla Barcelona\",\"description\":\"Periodismo independiente\",\"publisher\":{\"@id\":\"https:\\\/\\\/www.revistarambla.com\\\/#organization\"},\"potentialAction\":[{\"@type\":\"SearchAction\",\"target\":{\"@type\":\"EntryPoint\",\"urlTemplate\":\"https:\\\/\\\/www.revistarambla.com\\\/?s={search_term_string}\"},\"query-input\":{\"@type\":\"PropertyValueSpecification\",\"valueRequired\":true,\"valueName\":\"search_term_string\"}}],\"inLanguage\":\"en-GB\"},{\"@type\":\"Organization\",\"@id\":\"https:\\\/\\\/www.revistarambla.com\\\/#organization\",\"name\":\"Revista Rambla\",\"url\":\"https:\\\/\\\/www.revistarambla.com\\\/\",\"logo\":{\"@type\":\"ImageObject\",\"inLanguage\":\"en-GB\",\"@id\":\"https:\\\/\\\/www.revistarambla.com\\\/#\\\/schema\\\/logo\\\/image\\\/\",\"url\":\"https:\\\/\\\/www.revistarambla.com\\\/wp-content\\\/uploads\\\/2020\\\/09\\\/banner_rambla_1900x600_BB.png\",\"contentUrl\":\"https:\\\/\\\/www.revistarambla.com\\\/wp-content\\\/uploads\\\/2020\\\/09\\\/banner_rambla_1900x600_BB.png\",\"width\":1900,\"height\":600,\"caption\":\"Revista Rambla\"},\"image\":{\"@id\":\"https:\\\/\\\/www.revistarambla.com\\\/#\\\/schema\\\/logo\\\/image\\\/\"},\"sameAs\":[\"https:\\\/\\\/www.facebook.com\\\/revistarambla\\\/\",\"https:\\\/\\\/x.com\\\/revistarambla\",\"https:\\\/\\\/www.instagram.com\\\/revista_rambla\",\"https:\\\/\\\/es.linkedin.com\\\/company\\\/revista-rambla\"]},{\"@type\":\"Person\",\"@id\":\"https:\\\/\\\/www.revistarambla.com\\\/#\\\/schema\\\/person\\\/a146a5a2550b94981a75131180e1bd9c\",\"name\":\"R@mbla\",\"description\":\"Este art\u00edculo ha sido redactado y\\\/o validado por el equipo de redacci\u00f3n de Revista Rambla.\",\"sameAs\":[\"https:\\\/\\\/www.revistarambla.com\\\/\",\"https:\\\/\\\/www.facebook.com\\\/revistarambla\",\"https:\\\/\\\/x.com\\\/revistarambla\"]}]}<\/script>\n<!-- \/ Yoast SEO plugin. -->","yoast_head_json":{"title":"El imperio educativo del Opus Dei en Catalunya - Revista Rambla","robots":{"index":"index","follow":"follow","max-snippet":"max-snippet:-1","max-image-preview":"max-image-preview:large","max-video-preview":"max-video-preview:-1"},"canonical":"https:\/\/www.revistarambla.com\/en\/el-imperio-educativo-del-opus-dei-en-catalunya\/","og_locale":"en_GB","og_type":"article","og_title":"El imperio educativo del Opus Dei en Catalunya - Revista Rambla","og_description":"Financiamiento P\u00fablico, Segregaci\u00f3n y Transiciones Forzadas","og_url":"https:\/\/www.revistarambla.com\/en\/el-imperio-educativo-del-opus-dei-en-catalunya\/","og_site_name":"Revista Rambla","article_publisher":"https:\/\/www.facebook.com\/revistarambla\/","article_author":"https:\/\/www.facebook.com\/revistarambla","article_published_time":"2025-10-08T17:41:48+00:00","article_modified_time":"2025-10-13T17:00:06+00:00","og_image":[{"width":900,"height":600,"url":"https:\/\/www.revistarambla.com\/wp-content\/uploads\/2025\/10\/escuelas-opus-dei-catalunya.jpg","type":"image\/jpeg"}],"author":"R@mbla","twitter_card":"summary_large_image","twitter_creator":"@revistarambla","twitter_site":"@revistarambla","twitter_misc":{"Written by":"R@mbla","Estimated reading time":"6 minutes"},"schema":{"@context":"https:\/\/schema.org","@graph":[{"@type":"Article","@id":"https:\/\/www.revistarambla.com\/el-imperio-educativo-del-opus-dei-en-catalunya\/#article","isPartOf":{"@id":"https:\/\/www.revistarambla.com\/el-imperio-educativo-del-opus-dei-en-catalunya\/"},"author":{"name":"R@mbla","@id":"https:\/\/www.revistarambla.com\/#\/schema\/person\/a146a5a2550b94981a75131180e1bd9c"},"headline":"El imperio educativo del Opus Dei en Catalunya","datePublished":"2025-10-08T17:41:48+00:00","dateModified":"2025-10-13T17:00:06+00:00","mainEntityOfPage":{"@id":"https:\/\/www.revistarambla.com\/el-imperio-educativo-del-opus-dei-en-catalunya\/"},"wordCount":1367,"publisher":{"@id":"https:\/\/www.revistarambla.com\/#organization"},"image":{"@id":"https:\/\/www.revistarambla.com\/el-imperio-educativo-del-opus-dei-en-catalunya\/#primaryimage"},"thumbnailUrl":"https:\/\/www.revistarambla.com\/wp-content\/uploads\/2025\/10\/escuelas-opus-dei-catalunya.jpg","articleSection":["Catalunya"],"inLanguage":"en-GB"},{"@type":"WebPage","@id":"https:\/\/www.revistarambla.com\/el-imperio-educativo-del-opus-dei-en-catalunya\/","url":"https:\/\/www.revistarambla.com\/el-imperio-educativo-del-opus-dei-en-catalunya\/","name":"El imperio educativo del Opus Dei en Catalunya - Revista Rambla","isPartOf":{"@id":"https:\/\/www.revistarambla.com\/#website"},"primaryImageOfPage":{"@id":"https:\/\/www.revistarambla.com\/el-imperio-educativo-del-opus-dei-en-catalunya\/#primaryimage"},"image":{"@id":"https:\/\/www.revistarambla.com\/el-imperio-educativo-del-opus-dei-en-catalunya\/#primaryimage"},"thumbnailUrl":"https:\/\/www.revistarambla.com\/wp-content\/uploads\/2025\/10\/escuelas-opus-dei-catalunya.jpg","datePublished":"2025-10-08T17:41:48+00:00","dateModified":"2025-10-13T17:00:06+00:00","breadcrumb":{"@id":"https:\/\/www.revistarambla.com\/el-imperio-educativo-del-opus-dei-en-catalunya\/#breadcrumb"},"inLanguage":"en-GB","potentialAction":[{"@type":"ReadAction","target":["https:\/\/www.revistarambla.com\/el-imperio-educativo-del-opus-dei-en-catalunya\/"]}]},{"@type":"ImageObject","inLanguage":"en-GB","@id":"https:\/\/www.revistarambla.com\/el-imperio-educativo-del-opus-dei-en-catalunya\/#primaryimage","url":"https:\/\/www.revistarambla.com\/wp-content\/uploads\/2025\/10\/escuelas-opus-dei-catalunya.jpg","contentUrl":"https:\/\/www.revistarambla.com\/wp-content\/uploads\/2025\/10\/escuelas-opus-dei-catalunya.jpg","width":900,"height":600,"caption":"escuelas opus dei catalunya"},{"@type":"BreadcrumbList","@id":"https:\/\/www.revistarambla.com\/el-imperio-educativo-del-opus-dei-en-catalunya\/#breadcrumb","itemListElement":[{"@type":"ListItem","position":1,"name":"Portada","item":"https:\/\/www.revistarambla.com\/"},{"@type":"ListItem","position":2,"name":"El imperio educativo del Opus Dei en Catalunya"}]},{"@type":"WebSite","@id":"https:\/\/www.revistarambla.com\/#website","url":"https:\/\/www.revistarambla.com\/","name":"Revista Rambla Barcelona","description":"Periodismo independiente","publisher":{"@id":"https:\/\/www.revistarambla.com\/#organization"},"potentialAction":[{"@type":"SearchAction","target":{"@type":"EntryPoint","urlTemplate":"https:\/\/www.revistarambla.com\/?s={search_term_string}"},"query-input":{"@type":"PropertyValueSpecification","valueRequired":true,"valueName":"search_term_string"}}],"inLanguage":"en-GB"},{"@type":"Organization","@id":"https:\/\/www.revistarambla.com\/#organization","name":"Revista Rambla","url":"https:\/\/www.revistarambla.com\/","logo":{"@type":"ImageObject","inLanguage":"en-GB","@id":"https:\/\/www.revistarambla.com\/#\/schema\/logo\/image\/","url":"https:\/\/www.revistarambla.com\/wp-content\/uploads\/2020\/09\/banner_rambla_1900x600_BB.png","contentUrl":"https:\/\/www.revistarambla.com\/wp-content\/uploads\/2020\/09\/banner_rambla_1900x600_BB.png","width":1900,"height":600,"caption":"Revista Rambla"},"image":{"@id":"https:\/\/www.revistarambla.com\/#\/schema\/logo\/image\/"},"sameAs":["https:\/\/www.facebook.com\/revistarambla\/","https:\/\/x.com\/revistarambla","https:\/\/www.instagram.com\/revista_rambla","https:\/\/es.linkedin.com\/company\/revista-rambla"]},{"@type":"Person","@id":"https:\/\/www.revistarambla.com\/#\/schema\/person\/a146a5a2550b94981a75131180e1bd9c","name":"R@mbla","description":"Este art\u00edculo ha sido redactado y\/o validado por el equipo de redacci\u00f3n de Revista Rambla.","sameAs":["https:\/\/www.revistarambla.com\/","https:\/\/www.facebook.com\/revistarambla","https:\/\/x.com\/revistarambla"]}]}},"_links":{"self":[{"href":"https:\/\/www.revistarambla.com\/en\/wp-json\/wp\/v2\/posts\/66860","targetHints":{"allow":["GET"]}}],"collection":[{"href":"https:\/\/www.revistarambla.com\/en\/wp-json\/wp\/v2\/posts"}],"about":[{"href":"https:\/\/www.revistarambla.com\/en\/wp-json\/wp\/v2\/types\/post"}],"author":[{"embeddable":true,"href":"https:\/\/www.revistarambla.com\/en\/wp-json\/wp\/v2\/users\/3"}],"replies":[{"embeddable":true,"href":"https:\/\/www.revistarambla.com\/en\/wp-json\/wp\/v2\/comments?post=66860"}],"version-history":[{"count":2,"href":"https:\/\/www.revistarambla.com\/en\/wp-json\/wp\/v2\/posts\/66860\/revisions"}],"predecessor-version":[{"id":66884,"href":"https:\/\/www.revistarambla.com\/en\/wp-json\/wp\/v2\/posts\/66860\/revisions\/66884"}],"wp:featuredmedia":[{"embeddable":true,"href":"https:\/\/www.revistarambla.com\/en\/wp-json\/wp\/v2\/media\/66861"}],"wp:attachment":[{"href":"https:\/\/www.revistarambla.com\/en\/wp-json\/wp\/v2\/media?parent=66860"}],"wp:term":[{"taxonomy":"category","embeddable":true,"href":"https:\/\/www.revistarambla.com\/en\/wp-json\/wp\/v2\/categories?post=66860"},{"taxonomy":"post_tag","embeddable":true,"href":"https:\/\/www.revistarambla.com\/en\/wp-json\/wp\/v2\/tags?post=66860"}],"curies":[{"name":"wp","href":"https:\/\/api.w.org\/{rel}","templated":true}]}}