{"id":66852,"date":"2025-10-08T13:15:07","date_gmt":"2025-10-08T11:15:07","guid":{"rendered":"https:\/\/www.revistarambla.com\/?p=66852"},"modified":"2025-10-08T13:15:45","modified_gmt":"2025-10-08T11:15:45","slug":"els-mossos-desquadra-irrompen-de-forma-violenta-i-desproporcionada-a-la-vi-fira-deconomia-solidaria-migrant-i-diversa-de-barcelona","status":"publish","type":"post","link":"https:\/\/www.revistarambla.com\/en\/els-mossos-desquadra-irrompen-de-forma-violenta-i-desproporcionada-a-la-vi-fira-deconomia-solidaria-migrant-i-diversa-de-barcelona\/","title":{"rendered":"Els Mossos d\u2019Esquadra irrompen de forma violenta i desproporcionada a la VI Fira d\u2019Economia Solid\u00e0ria Migrant i Diversa de Barcelona"},"content":{"rendered":"<p>Les persones organitzadores i participants de la VI Fira d\u2019Economia Migrant i Diversa de Barcelona van ser testimonis, dissabte passat 4 d\u2019octubre, d\u2019una acci\u00f3 desmesurada per part dels Mossos d\u2019Esquadra, que van acordonar l\u2019espai tancant tots els accessos a la pla\u00e7a. Aquest fet va impossibilitar no nom\u00e9s l\u2019acc\u00e9s d\u2019ambul\u00e0ncies, sin\u00f3 que tamb\u00e9 va provocar que tant paradistes com persones assistents quedessin retingudes sense poder marxar, generant por, inseguretat, malestar i ansietat entre els assistents. Malgrat l\u2019ambient pac\u00edfic i cooperatiu de la Fira, l\u2019entrada sense justificaci\u00f3 per part del cos policial va trencar amb el que pretenia ser un espai segur i lliure de viol\u00e8ncies.<\/p>\n<p>Co\u00f2polis, l\u2019Ateneu Cooperatiu de Barcelona, com a impulsora de la Fira i el seu cercle de Migracions i ESS Antiracista encarregades de l\u2019organitzaci\u00f3 denuncien p\u00fablicament aquest ab\u00fas de l\u2019autoritat que contradiu les proclames de la Constituci\u00f3 i altres normatives internacionals que responen al respecte per la vida, la dignitat humana, la llibertat d\u2019associaci\u00f3 i la reuni\u00f3 pac\u00edfica, entre altres drets fonamentals.<\/p>\n<p>Els protocols internacionals sobre l\u2019\u00fas de la for\u00e7a, com la Guia de Nacions Unides sobre armes menys letals de 2020, i la normativa interna de les forces de seguretat estableixen que l\u2019\u00fas de la for\u00e7a ha d\u2019estar sempre guiat pels principis de necessitat, proporcionalitat, idone\u00eftat i pertin\u00e8ncia. En cap cas la irrupci\u00f3 en una fira de car\u00e0cter l\u00fadic, social i recreatiu, amb l\u2019\u00fas de bastons policials per intimidar i amena\u00e7ar els assistents, pot ser considerada una actuaci\u00f3 proporcional i adequada.<\/p>\n<h2>Agressions i intimidacions<\/h2>\n<p>Dues persones de l\u2019organitzaci\u00f3 van ser agredides, mentre que un menor d\u2019edat (16 anys) va ser extret de la pla\u00e7a per la for\u00e7a, emmanillat a terra sense motius i detingut, causant-li un maltractament inacceptable. Entre els assistents es va haver d\u2019atendre persones amb ferides de diversa gravetat, com un genoll trencat i cops a les costelles, a les cames i al cap.<\/p>\n<p>A m\u00e9s de la viol\u00e8ncia f\u00edsica viscuda, la irrupci\u00f3 policial va provocar un gran malestar psicol\u00f2gic entre els participants, entre els quals hi havia infants, creant un clima de desconcert i vulnerabilitat en un espai destinat a la solidaritat i la conviv\u00e8ncia pac\u00edfica, dificultant evidentment la programaci\u00f3 de l\u2019acte i el correcte tancament d&#8217;aquest.<\/p>\n<p>Durant el muntatge de la fira ja des de divendres a la tarda, la pres\u00e8ncia policial va ser constant i intrusiva. Les organitzadores de la fira denuncien que se&#8217;ls van demanar els permisos fins a 5 vegades i fent-les sentir indignes d&#8217;ocupar un espai p\u00fablic com la Pla\u00e7a Catalunya.<\/p>\n<p>\u201cEn un context global marcat per l\u2019augment del racisme i la xenof\u00f2bia, considerem especialment greu que aquestes accions tinguessin lloc en un esdeveniment organitzat per i per a persones migrades i racialitzades, fet que s\u2019inscriu en les viol\u00e8ncies quotidianes que patim contra els nostres cossos\u201d relaten.<\/p>\n<p>Les persones que van viure aquesta situaci\u00f3 asseguren haver-se sentit totalment desprotegides, ja que, malgrat haver complert tots els permisos, protocols i requisits exigits pel consistori, cap autoritat va donar resposta d\u2019urg\u00e8ncia mentre es vivien els moments de tensi\u00f3.<\/p>\n<p>La VI Fira d\u2019Economia Solid\u00e0ria Migrant i Diversa, organitzada pel Cercle de Migracions i Economia Solid\u00e0ria Antiracista de l\u2019Ateneu Cooperatiu de Barcelona &#8211; Co\u00f2polis, es va celebrar el dissabte 4 d\u2019octubre a la pla\u00e7a de Catalunya de la capital catalana amb tots els permisos municipals en ordre. En aquest espai m\u00e9s de 100 projectes socioproductius impulsats per persones migrants i racialitzades es van aplegar amb l\u2019objectiu de visibilitzar el seu treball i contribuci\u00f3 a la ciutat.<\/p>\n<p>Co\u00f2polis, i especialment el cercle de Migracions i ESS antiracista fa anys que treballa per aconseguir celebrar una Fira en un espai com la pla\u00e7a Catalunya per la seva significaci\u00f3 pol\u00edtica, perqu\u00e8 les persones migrants i racialitzades estiguin al centre \u2014i en aquest cas, literalment, al centre de la ciutat\u2014, per\u00f2 aquest tipus d\u2019agressions posen en risc la feina feta per poder ocupar aquests espais. Aquesta \u00e9s la segona edici\u00f3 que se celebrava en aquesta ubicaci\u00f3 tan c\u00e8ntrica i cal destacar que mai, en cap dels espais proporcionats pel consistori per celebrar la Fira hi ha hagut incidents de cap mena.<\/p>\n<h2>Den\u00fancia p\u00fablica<\/h2>\n<p>Totes les entitats que formem part de Co\u00f2polis denunciem aquests fets que rebutgem i que ens indignen. Exigim una resposta per part de l\u2019administraci\u00f3 responsable dels fets i un comprom\u00eds clar i ferm cap a la protecci\u00f3 dels drets fonamentals de totes les persones que habiten la ciutat de Barcelona, sense distincions ni discriminacions.<\/p>","protected":false},"excerpt":{"rendered":"<p>Les persones organitzadores i participants de la VI Fira d\u2019Economia Migrant i Diversa de Barcelona van ser testimonis, dissabte passat 4 d\u2019octubre, d\u2019una acci\u00f3 desmesurada per part dels Mossos d\u2019Esquadra, que van acordonar l\u2019espai tancant tots els accessos a la pla\u00e7a. Aquest fet va impossibilitar no nom\u00e9s l\u2019acc\u00e9s d\u2019ambul\u00e0ncies, sin\u00f3 [&hellip;]<\/p>\n","protected":false},"author":1,"featured_media":66853,"comment_status":"closed","ping_status":"closed","sticky":false,"template":"","format":"standard","meta":{"footnotes":""},"categories":[4079],"tags":[],"class_list":["post-66852","post","type-post","status-publish","format-standard","has-post-thumbnail","hentry","category-tribuna-libre"],"yoast_head":"<!-- This site is optimized with the Yoast SEO plugin v27.5 - https:\/\/yoast.com\/product\/yoast-seo-wordpress\/ -->\n<title>Els Mossos d\u2019Esquadra irrompen de forma violenta i desproporcionada a la VI Fira d\u2019Economia Solid\u00e0ria Migrant i Diversa de Barcelona - Revista Rambla<\/title>\n<meta name=\"robots\" content=\"index, follow, max-snippet:-1, max-image-preview:large, max-video-preview:-1\" \/>\n<link rel=\"canonical\" href=\"https:\/\/www.revistarambla.com\/en\/els-mossos-desquadra-irrompen-de-forma-violenta-i-desproporcionada-a-la-vi-fira-deconomia-solidaria-migrant-i-diversa-de-barcelona\/\" \/>\n<meta property=\"og:locale\" content=\"en_GB\" \/>\n<meta property=\"og:type\" content=\"article\" \/>\n<meta property=\"og:title\" content=\"Els Mossos d\u2019Esquadra irrompen de forma violenta i desproporcionada a la VI Fira d\u2019Economia Solid\u00e0ria Migrant i Diversa de Barcelona - Revista Rambla\" \/>\n<meta property=\"og:description\" content=\"Les persones organitzadores i participants de la VI Fira d\u2019Economia Migrant i Diversa de Barcelona van ser testimonis, dissabte passat 4 d\u2019octubre, d\u2019una acci\u00f3 desmesurada per part dels Mossos d\u2019Esquadra, que van acordonar l\u2019espai tancant tots els accessos a la pla\u00e7a. Aquest fet va impossibilitar no nom\u00e9s l\u2019acc\u00e9s d\u2019ambul\u00e0ncies, sin\u00f3 [&hellip;]\" \/>\n<meta property=\"og:url\" content=\"https:\/\/www.revistarambla.com\/en\/els-mossos-desquadra-irrompen-de-forma-violenta-i-desproporcionada-a-la-vi-fira-deconomia-solidaria-migrant-i-diversa-de-barcelona\/\" \/>\n<meta property=\"og:site_name\" content=\"Revista Rambla\" \/>\n<meta property=\"article:publisher\" content=\"https:\/\/www.facebook.com\/revistarambla\/\" \/>\n<meta property=\"article:published_time\" content=\"2025-10-08T11:15:07+00:00\" \/>\n<meta property=\"article:modified_time\" content=\"2025-10-08T11:15:45+00:00\" \/>\n<meta property=\"og:image\" content=\"https:\/\/www.revistarambla.com\/wp-content\/uploads\/2025\/10\/e8b46e68-1804-4c84-9e0d-ec2d35813b7f.jpeg\" \/>\n\t<meta property=\"og:image:width\" content=\"1920\" \/>\n\t<meta property=\"og:image:height\" content=\"1280\" \/>\n\t<meta property=\"og:image:type\" content=\"image\/jpeg\" \/>\n<meta name=\"author\" content=\"Lapera.coop\" \/>\n<meta name=\"twitter:card\" content=\"summary_large_image\" \/>\n<meta name=\"twitter:creator\" content=\"@revistarambla\" \/>\n<meta name=\"twitter:site\" content=\"@revistarambla\" \/>\n<meta name=\"twitter:label1\" content=\"Written by\" \/>\n\t<meta name=\"twitter:data1\" content=\"Lapera.coop\" \/>\n\t<meta name=\"twitter:label2\" content=\"Estimated reading time\" \/>\n\t<meta name=\"twitter:data2\" content=\"4 minutes\" \/>\n<script type=\"application\/ld+json\" class=\"yoast-schema-graph\">{\"@context\":\"https:\\\/\\\/schema.org\",\"@graph\":[{\"@type\":\"Article\",\"@id\":\"https:\\\/\\\/www.revistarambla.com\\\/els-mossos-desquadra-irrompen-de-forma-violenta-i-desproporcionada-a-la-vi-fira-deconomia-solidaria-migrant-i-diversa-de-barcelona\\\/#article\",\"isPartOf\":{\"@id\":\"https:\\\/\\\/www.revistarambla.com\\\/els-mossos-desquadra-irrompen-de-forma-violenta-i-desproporcionada-a-la-vi-fira-deconomia-solidaria-migrant-i-diversa-de-barcelona\\\/\"},\"author\":{\"name\":\"Lapera.coop\",\"@id\":\"https:\\\/\\\/www.revistarambla.com\\\/#\\\/schema\\\/person\\\/4a5652fc8c82df1f8593002d038cd79e\"},\"headline\":\"Els Mossos d\u2019Esquadra irrompen de forma violenta i desproporcionada a la VI Fira d\u2019Economia Solid\u00e0ria Migrant i Diversa de Barcelona\",\"datePublished\":\"2025-10-08T11:15:07+00:00\",\"dateModified\":\"2025-10-08T11:15:45+00:00\",\"mainEntityOfPage\":{\"@id\":\"https:\\\/\\\/www.revistarambla.com\\\/els-mossos-desquadra-irrompen-de-forma-violenta-i-desproporcionada-a-la-vi-fira-deconomia-solidaria-migrant-i-diversa-de-barcelona\\\/\"},\"wordCount\":825,\"publisher\":{\"@id\":\"https:\\\/\\\/www.revistarambla.com\\\/#organization\"},\"image\":{\"@id\":\"https:\\\/\\\/www.revistarambla.com\\\/els-mossos-desquadra-irrompen-de-forma-violenta-i-desproporcionada-a-la-vi-fira-deconomia-solidaria-migrant-i-diversa-de-barcelona\\\/#primaryimage\"},\"thumbnailUrl\":\"https:\\\/\\\/www.revistarambla.com\\\/wp-content\\\/uploads\\\/2025\\\/10\\\/e8b46e68-1804-4c84-9e0d-ec2d35813b7f.jpeg\",\"articleSection\":[\"Tribuna Libre\"],\"inLanguage\":\"en-GB\"},{\"@type\":\"WebPage\",\"@id\":\"https:\\\/\\\/www.revistarambla.com\\\/els-mossos-desquadra-irrompen-de-forma-violenta-i-desproporcionada-a-la-vi-fira-deconomia-solidaria-migrant-i-diversa-de-barcelona\\\/\",\"url\":\"https:\\\/\\\/www.revistarambla.com\\\/els-mossos-desquadra-irrompen-de-forma-violenta-i-desproporcionada-a-la-vi-fira-deconomia-solidaria-migrant-i-diversa-de-barcelona\\\/\",\"name\":\"Els Mossos d\u2019Esquadra irrompen de forma violenta i desproporcionada a la VI Fira d\u2019Economia Solid\u00e0ria Migrant i Diversa de Barcelona - Revista Rambla\",\"isPartOf\":{\"@id\":\"https:\\\/\\\/www.revistarambla.com\\\/#website\"},\"primaryImageOfPage\":{\"@id\":\"https:\\\/\\\/www.revistarambla.com\\\/els-mossos-desquadra-irrompen-de-forma-violenta-i-desproporcionada-a-la-vi-fira-deconomia-solidaria-migrant-i-diversa-de-barcelona\\\/#primaryimage\"},\"image\":{\"@id\":\"https:\\\/\\\/www.revistarambla.com\\\/els-mossos-desquadra-irrompen-de-forma-violenta-i-desproporcionada-a-la-vi-fira-deconomia-solidaria-migrant-i-diversa-de-barcelona\\\/#primaryimage\"},\"thumbnailUrl\":\"https:\\\/\\\/www.revistarambla.com\\\/wp-content\\\/uploads\\\/2025\\\/10\\\/e8b46e68-1804-4c84-9e0d-ec2d35813b7f.jpeg\",\"datePublished\":\"2025-10-08T11:15:07+00:00\",\"dateModified\":\"2025-10-08T11:15:45+00:00\",\"breadcrumb\":{\"@id\":\"https:\\\/\\\/www.revistarambla.com\\\/els-mossos-desquadra-irrompen-de-forma-violenta-i-desproporcionada-a-la-vi-fira-deconomia-solidaria-migrant-i-diversa-de-barcelona\\\/#breadcrumb\"},\"inLanguage\":\"en-GB\",\"potentialAction\":[{\"@type\":\"ReadAction\",\"target\":[\"https:\\\/\\\/www.revistarambla.com\\\/els-mossos-desquadra-irrompen-de-forma-violenta-i-desproporcionada-a-la-vi-fira-deconomia-solidaria-migrant-i-diversa-de-barcelona\\\/\"]}]},{\"@type\":\"ImageObject\",\"inLanguage\":\"en-GB\",\"@id\":\"https:\\\/\\\/www.revistarambla.com\\\/els-mossos-desquadra-irrompen-de-forma-violenta-i-desproporcionada-a-la-vi-fira-deconomia-solidaria-migrant-i-diversa-de-barcelona\\\/#primaryimage\",\"url\":\"https:\\\/\\\/www.revistarambla.com\\\/wp-content\\\/uploads\\\/2025\\\/10\\\/e8b46e68-1804-4c84-9e0d-ec2d35813b7f.jpeg\",\"contentUrl\":\"https:\\\/\\\/www.revistarambla.com\\\/wp-content\\\/uploads\\\/2025\\\/10\\\/e8b46e68-1804-4c84-9e0d-ec2d35813b7f.jpeg\",\"width\":1920,\"height\":1280,\"caption\":\"Fira d\u2019Economia Solid\u00e0ria Migrant i Diversa de Barcelona\"},{\"@type\":\"BreadcrumbList\",\"@id\":\"https:\\\/\\\/www.revistarambla.com\\\/els-mossos-desquadra-irrompen-de-forma-violenta-i-desproporcionada-a-la-vi-fira-deconomia-solidaria-migrant-i-diversa-de-barcelona\\\/#breadcrumb\",\"itemListElement\":[{\"@type\":\"ListItem\",\"position\":1,\"name\":\"Portada\",\"item\":\"https:\\\/\\\/www.revistarambla.com\\\/\"},{\"@type\":\"ListItem\",\"position\":2,\"name\":\"Els Mossos d\u2019Esquadra irrompen de forma violenta i desproporcionada a la VI Fira d\u2019Economia Solid\u00e0ria Migrant i Diversa de Barcelona\"}]},{\"@type\":\"WebSite\",\"@id\":\"https:\\\/\\\/www.revistarambla.com\\\/#website\",\"url\":\"https:\\\/\\\/www.revistarambla.com\\\/\",\"name\":\"Revista Rambla Barcelona\",\"description\":\"Periodismo independiente\",\"publisher\":{\"@id\":\"https:\\\/\\\/www.revistarambla.com\\\/#organization\"},\"potentialAction\":[{\"@type\":\"SearchAction\",\"target\":{\"@type\":\"EntryPoint\",\"urlTemplate\":\"https:\\\/\\\/www.revistarambla.com\\\/?s={search_term_string}\"},\"query-input\":{\"@type\":\"PropertyValueSpecification\",\"valueRequired\":true,\"valueName\":\"search_term_string\"}}],\"inLanguage\":\"en-GB\"},{\"@type\":\"Organization\",\"@id\":\"https:\\\/\\\/www.revistarambla.com\\\/#organization\",\"name\":\"Revista Rambla\",\"url\":\"https:\\\/\\\/www.revistarambla.com\\\/\",\"logo\":{\"@type\":\"ImageObject\",\"inLanguage\":\"en-GB\",\"@id\":\"https:\\\/\\\/www.revistarambla.com\\\/#\\\/schema\\\/logo\\\/image\\\/\",\"url\":\"https:\\\/\\\/www.revistarambla.com\\\/wp-content\\\/uploads\\\/2020\\\/09\\\/banner_rambla_1900x600_BB.png\",\"contentUrl\":\"https:\\\/\\\/www.revistarambla.com\\\/wp-content\\\/uploads\\\/2020\\\/09\\\/banner_rambla_1900x600_BB.png\",\"width\":1900,\"height\":600,\"caption\":\"Revista Rambla\"},\"image\":{\"@id\":\"https:\\\/\\\/www.revistarambla.com\\\/#\\\/schema\\\/logo\\\/image\\\/\"},\"sameAs\":[\"https:\\\/\\\/www.facebook.com\\\/revistarambla\\\/\",\"https:\\\/\\\/x.com\\\/revistarambla\",\"https:\\\/\\\/www.instagram.com\\\/revista_rambla\",\"https:\\\/\\\/es.linkedin.com\\\/company\\\/revista-rambla\"]},{\"@type\":\"Person\",\"@id\":\"https:\\\/\\\/www.revistarambla.com\\\/#\\\/schema\\\/person\\\/4a5652fc8c82df1f8593002d038cd79e\",\"name\":\"Lapera.coop\"}]}<\/script>\n<!-- \/ Yoast SEO plugin. -->","yoast_head_json":{"title":"Els Mossos d\u2019Esquadra irrompen de forma violenta i desproporcionada a la VI Fira d\u2019Economia Solid\u00e0ria Migrant i Diversa de Barcelona - Revista Rambla","robots":{"index":"index","follow":"follow","max-snippet":"max-snippet:-1","max-image-preview":"max-image-preview:large","max-video-preview":"max-video-preview:-1"},"canonical":"https:\/\/www.revistarambla.com\/en\/els-mossos-desquadra-irrompen-de-forma-violenta-i-desproporcionada-a-la-vi-fira-deconomia-solidaria-migrant-i-diversa-de-barcelona\/","og_locale":"en_GB","og_type":"article","og_title":"Els Mossos d\u2019Esquadra irrompen de forma violenta i desproporcionada a la VI Fira d\u2019Economia Solid\u00e0ria Migrant i Diversa de Barcelona - Revista Rambla","og_description":"Les persones organitzadores i participants de la VI Fira d\u2019Economia Migrant i Diversa de Barcelona van ser testimonis, dissabte passat 4 d\u2019octubre, d\u2019una acci\u00f3 desmesurada per part dels Mossos d\u2019Esquadra, que van acordonar l\u2019espai tancant tots els accessos a la pla\u00e7a. Aquest fet va impossibilitar no nom\u00e9s l\u2019acc\u00e9s d\u2019ambul\u00e0ncies, sin\u00f3 [&hellip;]","og_url":"https:\/\/www.revistarambla.com\/en\/els-mossos-desquadra-irrompen-de-forma-violenta-i-desproporcionada-a-la-vi-fira-deconomia-solidaria-migrant-i-diversa-de-barcelona\/","og_site_name":"Revista Rambla","article_publisher":"https:\/\/www.facebook.com\/revistarambla\/","article_published_time":"2025-10-08T11:15:07+00:00","article_modified_time":"2025-10-08T11:15:45+00:00","og_image":[{"width":1920,"height":1280,"url":"https:\/\/www.revistarambla.com\/wp-content\/uploads\/2025\/10\/e8b46e68-1804-4c84-9e0d-ec2d35813b7f.jpeg","type":"image\/jpeg"}],"author":"Lapera.coop","twitter_card":"summary_large_image","twitter_creator":"@revistarambla","twitter_site":"@revistarambla","twitter_misc":{"Written by":"Lapera.coop","Estimated reading time":"4 minutes"},"schema":{"@context":"https:\/\/schema.org","@graph":[{"@type":"Article","@id":"https:\/\/www.revistarambla.com\/els-mossos-desquadra-irrompen-de-forma-violenta-i-desproporcionada-a-la-vi-fira-deconomia-solidaria-migrant-i-diversa-de-barcelona\/#article","isPartOf":{"@id":"https:\/\/www.revistarambla.com\/els-mossos-desquadra-irrompen-de-forma-violenta-i-desproporcionada-a-la-vi-fira-deconomia-solidaria-migrant-i-diversa-de-barcelona\/"},"author":{"name":"Lapera.coop","@id":"https:\/\/www.revistarambla.com\/#\/schema\/person\/4a5652fc8c82df1f8593002d038cd79e"},"headline":"Els Mossos d\u2019Esquadra irrompen de forma violenta i desproporcionada a la VI Fira d\u2019Economia Solid\u00e0ria Migrant i Diversa de Barcelona","datePublished":"2025-10-08T11:15:07+00:00","dateModified":"2025-10-08T11:15:45+00:00","mainEntityOfPage":{"@id":"https:\/\/www.revistarambla.com\/els-mossos-desquadra-irrompen-de-forma-violenta-i-desproporcionada-a-la-vi-fira-deconomia-solidaria-migrant-i-diversa-de-barcelona\/"},"wordCount":825,"publisher":{"@id":"https:\/\/www.revistarambla.com\/#organization"},"image":{"@id":"https:\/\/www.revistarambla.com\/els-mossos-desquadra-irrompen-de-forma-violenta-i-desproporcionada-a-la-vi-fira-deconomia-solidaria-migrant-i-diversa-de-barcelona\/#primaryimage"},"thumbnailUrl":"https:\/\/www.revistarambla.com\/wp-content\/uploads\/2025\/10\/e8b46e68-1804-4c84-9e0d-ec2d35813b7f.jpeg","articleSection":["Tribuna Libre"],"inLanguage":"en-GB"},{"@type":"WebPage","@id":"https:\/\/www.revistarambla.com\/els-mossos-desquadra-irrompen-de-forma-violenta-i-desproporcionada-a-la-vi-fira-deconomia-solidaria-migrant-i-diversa-de-barcelona\/","url":"https:\/\/www.revistarambla.com\/els-mossos-desquadra-irrompen-de-forma-violenta-i-desproporcionada-a-la-vi-fira-deconomia-solidaria-migrant-i-diversa-de-barcelona\/","name":"Els Mossos d\u2019Esquadra irrompen de forma violenta i desproporcionada a la VI Fira d\u2019Economia Solid\u00e0ria Migrant i Diversa de Barcelona - Revista Rambla","isPartOf":{"@id":"https:\/\/www.revistarambla.com\/#website"},"primaryImageOfPage":{"@id":"https:\/\/www.revistarambla.com\/els-mossos-desquadra-irrompen-de-forma-violenta-i-desproporcionada-a-la-vi-fira-deconomia-solidaria-migrant-i-diversa-de-barcelona\/#primaryimage"},"image":{"@id":"https:\/\/www.revistarambla.com\/els-mossos-desquadra-irrompen-de-forma-violenta-i-desproporcionada-a-la-vi-fira-deconomia-solidaria-migrant-i-diversa-de-barcelona\/#primaryimage"},"thumbnailUrl":"https:\/\/www.revistarambla.com\/wp-content\/uploads\/2025\/10\/e8b46e68-1804-4c84-9e0d-ec2d35813b7f.jpeg","datePublished":"2025-10-08T11:15:07+00:00","dateModified":"2025-10-08T11:15:45+00:00","breadcrumb":{"@id":"https:\/\/www.revistarambla.com\/els-mossos-desquadra-irrompen-de-forma-violenta-i-desproporcionada-a-la-vi-fira-deconomia-solidaria-migrant-i-diversa-de-barcelona\/#breadcrumb"},"inLanguage":"en-GB","potentialAction":[{"@type":"ReadAction","target":["https:\/\/www.revistarambla.com\/els-mossos-desquadra-irrompen-de-forma-violenta-i-desproporcionada-a-la-vi-fira-deconomia-solidaria-migrant-i-diversa-de-barcelona\/"]}]},{"@type":"ImageObject","inLanguage":"en-GB","@id":"https:\/\/www.revistarambla.com\/els-mossos-desquadra-irrompen-de-forma-violenta-i-desproporcionada-a-la-vi-fira-deconomia-solidaria-migrant-i-diversa-de-barcelona\/#primaryimage","url":"https:\/\/www.revistarambla.com\/wp-content\/uploads\/2025\/10\/e8b46e68-1804-4c84-9e0d-ec2d35813b7f.jpeg","contentUrl":"https:\/\/www.revistarambla.com\/wp-content\/uploads\/2025\/10\/e8b46e68-1804-4c84-9e0d-ec2d35813b7f.jpeg","width":1920,"height":1280,"caption":"Fira d\u2019Economia Solid\u00e0ria Migrant i Diversa de Barcelona"},{"@type":"BreadcrumbList","@id":"https:\/\/www.revistarambla.com\/els-mossos-desquadra-irrompen-de-forma-violenta-i-desproporcionada-a-la-vi-fira-deconomia-solidaria-migrant-i-diversa-de-barcelona\/#breadcrumb","itemListElement":[{"@type":"ListItem","position":1,"name":"Portada","item":"https:\/\/www.revistarambla.com\/"},{"@type":"ListItem","position":2,"name":"Els Mossos d\u2019Esquadra irrompen de forma violenta i desproporcionada a la VI Fira d\u2019Economia Solid\u00e0ria Migrant i Diversa de Barcelona"}]},{"@type":"WebSite","@id":"https:\/\/www.revistarambla.com\/#website","url":"https:\/\/www.revistarambla.com\/","name":"Revista Rambla Barcelona","description":"Periodismo independiente","publisher":{"@id":"https:\/\/www.revistarambla.com\/#organization"},"potentialAction":[{"@type":"SearchAction","target":{"@type":"EntryPoint","urlTemplate":"https:\/\/www.revistarambla.com\/?s={search_term_string}"},"query-input":{"@type":"PropertyValueSpecification","valueRequired":true,"valueName":"search_term_string"}}],"inLanguage":"en-GB"},{"@type":"Organization","@id":"https:\/\/www.revistarambla.com\/#organization","name":"Revista Rambla","url":"https:\/\/www.revistarambla.com\/","logo":{"@type":"ImageObject","inLanguage":"en-GB","@id":"https:\/\/www.revistarambla.com\/#\/schema\/logo\/image\/","url":"https:\/\/www.revistarambla.com\/wp-content\/uploads\/2020\/09\/banner_rambla_1900x600_BB.png","contentUrl":"https:\/\/www.revistarambla.com\/wp-content\/uploads\/2020\/09\/banner_rambla_1900x600_BB.png","width":1900,"height":600,"caption":"Revista Rambla"},"image":{"@id":"https:\/\/www.revistarambla.com\/#\/schema\/logo\/image\/"},"sameAs":["https:\/\/www.facebook.com\/revistarambla\/","https:\/\/x.com\/revistarambla","https:\/\/www.instagram.com\/revista_rambla","https:\/\/es.linkedin.com\/company\/revista-rambla"]},{"@type":"Person","@id":"https:\/\/www.revistarambla.com\/#\/schema\/person\/4a5652fc8c82df1f8593002d038cd79e","name":"Lapera.coop"}]}},"_links":{"self":[{"href":"https:\/\/www.revistarambla.com\/en\/wp-json\/wp\/v2\/posts\/66852","targetHints":{"allow":["GET"]}}],"collection":[{"href":"https:\/\/www.revistarambla.com\/en\/wp-json\/wp\/v2\/posts"}],"about":[{"href":"https:\/\/www.revistarambla.com\/en\/wp-json\/wp\/v2\/types\/post"}],"author":[{"embeddable":true,"href":"https:\/\/www.revistarambla.com\/en\/wp-json\/wp\/v2\/users\/1"}],"replies":[{"embeddable":true,"href":"https:\/\/www.revistarambla.com\/en\/wp-json\/wp\/v2\/comments?post=66852"}],"version-history":[{"count":2,"href":"https:\/\/www.revistarambla.com\/en\/wp-json\/wp\/v2\/posts\/66852\/revisions"}],"predecessor-version":[{"id":66856,"href":"https:\/\/www.revistarambla.com\/en\/wp-json\/wp\/v2\/posts\/66852\/revisions\/66856"}],"wp:featuredmedia":[{"embeddable":true,"href":"https:\/\/www.revistarambla.com\/en\/wp-json\/wp\/v2\/media\/66853"}],"wp:attachment":[{"href":"https:\/\/www.revistarambla.com\/en\/wp-json\/wp\/v2\/media?parent=66852"}],"wp:term":[{"taxonomy":"category","embeddable":true,"href":"https:\/\/www.revistarambla.com\/en\/wp-json\/wp\/v2\/categories?post=66852"},{"taxonomy":"post_tag","embeddable":true,"href":"https:\/\/www.revistarambla.com\/en\/wp-json\/wp\/v2\/tags?post=66852"}],"curies":[{"name":"wp","href":"https:\/\/api.w.org\/{rel}","templated":true}]}}