{"id":66844,"date":"2025-10-08T12:32:05","date_gmt":"2025-10-08T10:32:05","guid":{"rendered":"https:\/\/www.revistarambla.com\/?p=66844"},"modified":"2025-10-08T19:42:21","modified_gmt":"2025-10-08T17:42:21","slug":"del-bosque-arrasado-a-la-mesa-europea","status":"publish","type":"post","link":"https:\/\/www.revistarambla.com\/en\/del-bosque-arrasado-a-la-mesa-europea\/","title":{"rendered":"Del bosque arrasado a la mesa europea"},"content":{"rendered":"<p><b>Los bosques amaz\u00f3nicos desaparecen aceleradamente. Son tierras arrasadas por la agricultura extensiva y la gran producci\u00f3n pecuaria, generalmente para beneficio de grandes monopolios exportadores.<\/b><\/p>\n<p><span lang=\"ES\">Un gran porcentaje de la deforestaci\u00f3n mundial est\u00e1 ligado a la producci\u00f3n agropecuaria. Seg\u00fan el Fondo Mundial para la Naturaleza (WWF, por sus siglas en ingl\u00e9s), una reconocida organizaci\u00f3n ecologista no gubernamental, este proceso desencadena consecuencias desastrosas: erosi\u00f3n de la biodiversidad, destrucci\u00f3n del suelo, contaminaci\u00f3n del agua, disminuci\u00f3n de los polinizadores, cambio clim\u00e1tico, inseguridad alimentaria, insatisfacci\u00f3n de los agricultores y enfermedades de los consumidores (<\/span><i><span lang=\"ES\"><a href=\"https:\/\/www.wwf.fr\/agir-au-quotidien\/alimentation\" target=\"_blank\" rel=\"nofollow noopener\" data-saferedirecturl=\"https:\/\/www.google.com\/url?q=https:\/\/www.wwf.fr\/agir-au-quotidien\/alimentation&amp;source=gmail&amp;ust=1760005633970000&amp;usg=AOvVaw0V1FgUhXLhixIhSCR8cwCt\">https:\/\/www.wwf.fr\/agir-au-<wbr \/>quotidien\/alimentation<\/a><\/span><\/i><span lang=\"ES\">).<\/span><\/p>\n<p><span lang=\"ES\">En este marco, alega el WWF, el consumo excesivo de carne tiene un impacto considerable sobre el medio ambiente por la intensa competencia por tierras agr\u00edcolas que genera, as\u00ed como por el incremento de las emisiones de gases de efecto invernadero y una mayor contaminaci\u00f3n ambiental.\u00a0\u201cLa producci\u00f3n agr\u00edcola por s\u00ed sola\u201d, se\u00f1ala el WWF, \u201ces responsable de alrededor del 20% de las emisiones de gases de efecto invernadero\u00a0y\u00a0el 70% al 80% de la deforestaci\u00f3n mundial debido a la ganader\u00eda intensiva, la producci\u00f3n de soja y aceite de palma y la agricultura de subsistencia\u201d. Y advierte que los principales ecosistemas naturales del planeta, incluidos los oc\u00e9anos, est\u00e1n desapareciendo gradualmente debido a que el 93% de las poblaciones de peces se sobreexplotan para satisfacer el creciente consumo de productos de mar.<\/span><\/p>\n<p><span lang=\"ES\">La realidad es tan chocante como indigna. Seg\u00fan el WWF, si bien la producci\u00f3n mundial de alimentos ya podr\u00eda satisfacer las necesidades alimentarias de 7.000 millones de seres humanos una de cada tres personas no tiene actualmente suficiente para comer y\u00a0el 30% de los alimentos que se producen se pierde o desperdicia. No deja de ser una realidad parad\u00f3jica, ya que el consumo de productos de mejor calidad, y con un menor impacto ambiental, est\u00e1 al alcance de todos. El WWF convoca a \u201crevisar urgentemente nuestros m\u00e9todos de producci\u00f3n\u201d para evitar la actual realidad deformada por \u201cel sabor amargo de nuestra dieta\u201d.<\/span><\/p>\n<p><b><span lang=\"ES\">Indigesto: pollo brasilero a la salsa helv\u00e9tica<\/span><\/b><\/p>\n<p><span lang=\"ES\">Brasil es el mayor proveedor mundial de carne av\u00edcola. En 2023 vendi\u00f3 casi 5 millones de toneladas, lo que representa el 13% de las exportaciones mundiales en ese rubro. Seara, una procesadora y distribuidora de carnes brasile\u00f1a y miembro de la multinacional de la alimentaci\u00f3n JBS, cuenta con el segundo matadero de aves m\u00e1s grande del mundo; all\u00ed se sacrifican diariamente m\u00e1s de 5 millones de pollos. Pero semejante producci\u00f3n demanda una enorme cantidad de forraje, principalmente harina de soja y ma\u00edz. A escala planetaria, por ejemplo, la cr\u00eda de aves de corral utiliza alrededor del 43% de la producci\u00f3n total de forraje. Como es de imaginar, esta demanda se traduce, inevitablemente, en la destrucci\u00f3n sistem\u00e1tica de vastas superficies de bosques para hacer lugar a la siembra exclusiva de soja y ma\u00edz, como ocurre sistem\u00e1ticamente en Brasil. No es casualidad que ese pa\u00eds se haya convertido en uno de los mayores productores internacionales de ambos cultivos (41% de la soja y 11% del ma\u00edz). <\/span><\/p>\n<p><span lang=\"ES\">Esta significativa correlaci\u00f3n entre una fabulosa producci\u00f3n av\u00edcola y una no menos fabulosa destrucci\u00f3n forestal no ha pasado inadvertida para la organizaci\u00f3n Greenpeace Suiza. En una reciente investigaci\u00f3n publicada el 29 de septiembre, Greenpeace\u00a0revela que \u201ccomercios minoristas y mayoristas en Suiza venden aves de corral brasile\u00f1as posiblemente vinculadas a la destrucci\u00f3n de la Amazonia y la regi\u00f3n del Cerrado\u201d. Con estad\u00edsticas a la mano, su estudio afirma que entre 2002 y 2023 se destruyeron en Brasil 43.5 millones de hect\u00e1reas de bosque, m\u00e1s de diez veces la superficie de Suiza. Adem\u00e1s, que una de las principales causas de esta deforestaci\u00f3n ha sido el cultivo de la soja especialmente destinada a la alimentaci\u00f3n av\u00edcola. Debido a que en 2024 el 42% de las importaciones suizas de aves de corral provino de Brasil, esta ONG se pregunta: \u201c\u00bfConsume la poblaci\u00f3n suiza carne de pollo y pavo para cuya producci\u00f3n se deforest\u00f3 la selva brasile\u00f1a?\u201d.<\/span><\/p>\n<p><span lang=\"ES\">Con el prop\u00f3sito de documentar su denuncia, Greenpeace le encarg\u00f3 a AidEnvironment que rastreara el origen de los productos av\u00edcolas que Suiza importa de Brasil. Primera constataci\u00f3n: alrededor del 98% de los productores av\u00edcolas en ese pa\u00eds utilizan el llamado sistema de \u201cintegraci\u00f3n\u201d. Seg\u00fan esta pr\u00e1ctica, los mataderos les suministran a los avicultores todos los recursos necesarios, es decir, los animales, el alimento, la asistencia t\u00e9cnica, el transporte y el sacrificio, entre otros. Aunque este modelo mejora en cierta medida la trazabilidad de los proveedores, sin embargo, sigue siendo insuficiente en el caso de la soja porque los distribuidores \u201cno les proporcionan informaci\u00f3n transparente sobre el origen del producto a sus clientes\u201d. Solo muy espor\u00e1dicamente las etiquetas identifican el matadero brasile\u00f1o o el origen de la soja utilizada como alimento av\u00edcola.<\/span><\/p>\n<p><span lang=\"ES\">Segunda constataci\u00f3n: los silos de los productores av\u00edcolas se ubican cerca de las granjas de soja responsables de la deforestaci\u00f3n ilegal. Seg\u00fan Greenpeace, se trata de una tendencia recurrente, evidencia suficiente de que \u201cel riesgo comprobado de que la carne de pollo y pavo vendida en tiendas minoristas y mayoristas en Suiza contribuye &#8211; en diferentes productos y presentaciones-, a trav\u00e9s del alimento que se les proporciona, a la destrucci\u00f3n de la Amazonia y el Cerrado\u201d.<\/span><\/p>\n<p><img decoding=\"async\" class=\"aligncenter size-full wp-image-66846\" src=\"https:\/\/www.revistarambla.com\/wp-content\/uploads\/2025\/10\/Milanesas-de-pollo-brasilero-para-el-consumo-suizo.-Foto-Marc-Meier-Greenpeace.jpg\" alt=\"bosques amaz\u00f3nicos\" width=\"800\" height=\"600\" srcset=\"https:\/\/www.revistarambla.com\/wp-content\/uploads\/2025\/10\/Milanesas-de-pollo-brasilero-para-el-consumo-suizo.-Foto-Marc-Meier-Greenpeace.jpg 800w, https:\/\/www.revistarambla.com\/wp-content\/uploads\/2025\/10\/Milanesas-de-pollo-brasilero-para-el-consumo-suizo.-Foto-Marc-Meier-Greenpeace-487x365.jpg 487w, https:\/\/www.revistarambla.com\/wp-content\/uploads\/2025\/10\/Milanesas-de-pollo-brasilero-para-el-consumo-suizo.-Foto-Marc-Meier-Greenpeace-768x576.jpg 768w, https:\/\/www.revistarambla.com\/wp-content\/uploads\/2025\/10\/Milanesas-de-pollo-brasilero-para-el-consumo-suizo.-Foto-Marc-Meier-Greenpeace-16x12.jpg 16w\" sizes=\"(max-width: 800px) 100vw, 800px\" \/><\/p>\n<p><span lang=\"ES\">Si bien los minoristas y los mayoristas suizos han adoptado gradualmente medidas de diversa \u00edndole contra la deforestaci\u00f3n, no clasifican la carne de ave como \u201cmateria prima cr\u00edtica\u201d, ignorando as\u00ed el posible v\u00ednculo entre esta carne y la deforestaci\u00f3n en su pa\u00eds de origen. Por esta raz\u00f3n, Greenpeace concluye que \u201cson c\u00f3mplices de la destrucci\u00f3n de la selva amaz\u00f3nica y la sabana brasile\u00f1a e implican a los consumidores suizos, quienes est\u00e1n mal informados sobre esta cadena de destrucci\u00f3n\u201d. Por otra parte, advierte que expandir la producci\u00f3n av\u00edcola helv\u00e9tica no resolver\u00e1 el problema ya que el pa\u00eds alpino importa actualmente alrededor del 80% del alimento utilizado para la cr\u00eda de pollos &#8212; qui\u00e9rase o no, de pa\u00edses como Brasil (<\/span><i><span lang=\"ES\"><a href=\"https:\/\/www.greenpeace.ch\/fr\/story-fr\/125787\/volaille-bresil-importation-suisse\/\" target=\"_blank\" rel=\"nofollow noopener\" data-saferedirecturl=\"https:\/\/www.google.com\/url?q=https:\/\/www.greenpeace.ch\/fr\/story-fr\/125787\/volaille-bresil-importation-suisse\/&amp;source=gmail&amp;ust=1760005633970000&amp;usg=AOvVaw1Qd0wV_HQZ2u54wHv_rojw\">https:\/\/www.greenpeace.ch\/fr\/<wbr \/>story-fr\/125787\/volaille-<wbr \/>bresil-importation-suisse\/<\/a><\/span><\/i><span lang=\"ES\">).<\/span><\/p>\n<p><b><span lang=\"IT\">Men\u00fa diferente: costeleta con condimento antiind\u00edgena<\/span><\/b><\/p>\n<p><span lang=\"ES\">Un art\u00edculo publicado por la cadena informativa alemana Deutsche Welle (DW) en diciembre pasado sostiene que, debido a que <\/span><span lang=\"ES\">la mayor parte de la ganader\u00eda brasile\u00f1a se ubica en la Amazonia, la industria c\u00e1rnica de ese pa\u00eds \u201csigue sin poder garantizar un producto de exportaci\u00f3n ajeno a la deforestaci\u00f3n\u201d. En efecto: de <\/span>los m\u00e1s de 238 millones de cabezas de ganado en Brasil, 97 millones se encuentran en la regi\u00f3n amaz\u00f3nica. DW contextualiz\u00f3 as\u00ed la expansi\u00f3n de ese sector y su importancia econ\u00f3mica: <span lang=\"ES\">entre enero y noviembre de 2024, esas exportaciones superaron en un 40% las del mismo periodo el a\u00f1o anterior.<\/span><\/p>\n<p><span lang=\"ES\">La \u00faltima semana de septiembre, Greenpeace Brasil afirm\u00f3 \u201cque la carne de ganado criado ilegalmente en tierras ind\u00edgenas protegidas de la selva amaz\u00f3nica puede haber terminado en los platos de consumidores de todo el mundo\u201d despu\u00e9s de ingresar a las cadenas de suministro del gigante brasile\u00f1o JBS, la principal multinacional brasilera de la industria agroalimentaria y una de las m\u00e1s grandes transformadoras de carne a nivel internacional. <\/span><\/p>\n<p><span lang=\"ES\">La investigaci\u00f3n de esta ONG ecologista brasilera se centra en los v\u00ednculos comerciales entre la JBS y Mauro Fernando Schaedler, un empresario agroindustrial brasilero y due\u00f1o de cuatro grandes propiedades que limitan o que se superponen parcialmente con la Tierra Ind\u00edgena Pequizal do <\/span>Naruv\u00f4tu<span lang=\"ES\">, un territorio nativo en el Estado de Mato Grosso legalmente protegido desde 2016 tras varias d\u00e9cadas de lucha.\u00a0A pesar de la protecci\u00f3n oficial plena de parte del gobierno, los ganaderos de la regi\u00f3n han seguido impugnando su demarcaci\u00f3n como tierra ind\u00edgena y Schaedler es uno de los que han procurado desacreditar la reivindicaci\u00f3n del pueblo Naruv\u00f4tu sobre su propio territorio.<\/span><\/p>\n<p><span lang=\"ES\">Las granjas de Schaedler en la regi\u00f3n amaz\u00f3nica enfrentan actualmente multas de casi medio mill\u00f3n de euros por una serie de delitos ambientales. El mismo Schaedler ha sido multado en varias ocasiones desde el a\u00f1o 2000 por el Instituto Brasile\u00f1o de Medio Ambiente y Recursos Naturales (IBAMA). M\u00e1s recientemente, en 2023, 592 hect\u00e1reas de su hacienda Fazenda Tr\u00eas Coqueiros II fueron embargadas por\u00a0criar ganado sin licencia dentro del territorio Naruv\u00f4tu. Entre enero de 2018 y noviembre de 2024, esta misma hacienda envi\u00f3 ganado\u00a0a la Fazenda Itapirana, que abastece de ganado a dos mataderos de la multinacional JBS. Para Greenpeace Brasil, \u201cesto significa que\u00a0la carne de la granja de Schaedler, procedente de ganado criado ilegalmente en tierras ind\u00edgenas, bien podr\u00eda haber sido servida a consumidores involuntarios en toda Europa y en muchos otros pa\u00edses\u201d.\u00a0<\/span><\/p>\n<p><span lang=\"ES\">Seg\u00fan datos oficiales de Brasil, el primer semestre de 2025 Europa fue el segundo mayor mercado importador de carne vacuna procedente de los mataderos de JBS en ese pa\u00eds \u2013esta carne lleg\u00f3 a Espa\u00f1a, Alemania, Reino Unido, Italia y Pa\u00edses Bajos. Hasta que no se implemente el emblem\u00e1tico Reglamento de la Uni\u00f3n Europea sobre Deforestaci\u00f3n (EUDR), no existir\u00e1n medios para garantizar que la carne vinculada con la deforestaci\u00f3n de la Amazonia o con conflictos territoriales no llegue a los mercados y los consumidores europeos.<\/span><\/p>\n<p><span lang=\"ES\">La investigaci\u00f3n de Greenpeace Brasil proporciona un ejemplo ilustrativo de c\u00f3mo JBS y otras grandes corporaciones se benefician y expanden debido a la ausencia de un sistema de control integral, efectivo y transparente de su cadena de suministro. Tambi\u00e9n ilustra c\u00f3mo este accionar provoca no solo da\u00f1o ambiental, sino que adem\u00e1s viola derechos y garant\u00edas constitucionales, especialmente derechos fundamentales de los pueblos ind\u00edgenas de Brasil (<\/span><i><span lang=\"ES\"><a href=\"https:\/\/www.greenpeace.org\/international\/story\/78760\/jbs-beef-exports-illegal-cattle-indigenous-land\/\" target=\"_blank\" rel=\"nofollow noopener\" data-saferedirecturl=\"https:\/\/www.google.com\/url?q=https:\/\/www.greenpeace.org\/international\/story\/78760\/jbs-beef-exports-illegal-cattle-indigenous-land\/&amp;source=gmail&amp;ust=1760005633970000&amp;usg=AOvVaw12Pef0KdPe4iNyY49E-RM6\">https:\/\/www.greenpeace.org\/<wbr \/>international\/story\/78760\/jbs-<wbr \/>beef-exports-illegal-cattle-<wbr \/>indigenous-land\/<\/a><\/span><\/i><span lang=\"ES\">).<\/span><\/p>\n<p><span lang=\"ES\">De la deforestaci\u00f3n irreversible de la selva al consumo c\u00e1rnico en Europa y en otras regiones del mundo: un circuito econ\u00f3mico tan expansivo como insostenible en el tiempo y para el medioambiente. Un tema esencial del debate econ\u00f3mico-social entre Am\u00e9rica Latina y Europa en momentos en que el Acuerdo Econ\u00f3mico MERCOSUR-Uni\u00f3n Europea, que podr\u00eda liberalizar a\u00fan m\u00e1s ese circuito, entra en la fase final de an\u00e1lisis en ambas orillas del Atl\u00e1ntico. Mientras tanto, cada minuto la Amazonia desaparece un poco m\u00e1s.<\/span><\/p>","protected":false},"excerpt":{"rendered":"<p>Los bosques amaz\u00f3nicos desaparecen aceleradamente. Son tierras arrasadas por la agricultura extensiva y la gran producci\u00f3n pecuaria, generalmente para beneficio de grandes monopolios exportadores. Un gran porcentaje de la deforestaci\u00f3n mundial est\u00e1 ligado a la producci\u00f3n agropecuaria. Seg\u00fan el Fondo Mundial para la Naturaleza (WWF, por sus siglas en ingl\u00e9s), [&hellip;]<\/p>\n","protected":false},"author":24,"featured_media":66845,"comment_status":"closed","ping_status":"closed","sticky":false,"template":"","format":"standard","meta":{"footnotes":""},"categories":[4108],"tags":[],"class_list":["post-66844","post","type-post","status-publish","format-standard","has-post-thumbnail","hentry","category-el-apunte-de-sergio-ferrari"],"yoast_head":"<!-- This site is optimized with the Yoast SEO plugin v27.5 - https:\/\/yoast.com\/product\/yoast-seo-wordpress\/ -->\n<title>Del bosque arrasado a la mesa europea - Revista Rambla<\/title>\n<meta name=\"robots\" content=\"index, follow, max-snippet:-1, max-image-preview:large, max-video-preview:-1\" \/>\n<link rel=\"canonical\" href=\"https:\/\/www.revistarambla.com\/en\/del-bosque-arrasado-a-la-mesa-europea\/\" \/>\n<meta property=\"og:locale\" content=\"en_GB\" \/>\n<meta property=\"og:type\" content=\"article\" \/>\n<meta property=\"og:title\" content=\"Del bosque arrasado a la mesa europea - Revista Rambla\" \/>\n<meta property=\"og:description\" content=\"Los bosques amaz\u00f3nicos desaparecen aceleradamente. Son tierras arrasadas por la agricultura extensiva y la gran producci\u00f3n pecuaria, generalmente para beneficio de grandes monopolios exportadores. Un gran porcentaje de la deforestaci\u00f3n mundial est\u00e1 ligado a la producci\u00f3n agropecuaria. Seg\u00fan el Fondo Mundial para la Naturaleza (WWF, por sus siglas en ingl\u00e9s), [&hellip;]\" \/>\n<meta property=\"og:url\" content=\"https:\/\/www.revistarambla.com\/en\/del-bosque-arrasado-a-la-mesa-europea\/\" \/>\n<meta property=\"og:site_name\" content=\"Revista Rambla\" \/>\n<meta property=\"article:publisher\" content=\"https:\/\/www.facebook.com\/revistarambla\/\" \/>\n<meta property=\"article:author\" content=\"https:\/\/www.facebook.com\/sergio.ferrari.9655\" \/>\n<meta property=\"article:published_time\" content=\"2025-10-08T10:32:05+00:00\" \/>\n<meta property=\"article:modified_time\" content=\"2025-10-08T17:42:21+00:00\" \/>\n<meta property=\"og:image\" content=\"https:\/\/www.revistarambla.com\/wp-content\/uploads\/2025\/10\/LASCOM1.jpg\" \/>\n\t<meta property=\"og:image:width\" content=\"1000\" \/>\n\t<meta property=\"og:image:height\" content=\"667\" \/>\n\t<meta property=\"og:image:type\" content=\"image\/jpeg\" \/>\n<meta name=\"author\" content=\"Sergio Ferrari\" \/>\n<meta name=\"twitter:card\" content=\"summary_large_image\" \/>\n<meta name=\"twitter:creator\" content=\"@SergiooFerrari\" \/>\n<meta name=\"twitter:site\" content=\"@revistarambla\" \/>\n<meta name=\"twitter:label1\" content=\"Written by\" \/>\n\t<meta name=\"twitter:data1\" content=\"Sergio Ferrari\" \/>\n\t<meta name=\"twitter:label2\" content=\"Estimated reading time\" \/>\n\t<meta name=\"twitter:data2\" content=\"8 minutes\" \/>\n<script type=\"application\/ld+json\" class=\"yoast-schema-graph\">{\"@context\":\"https:\\\/\\\/schema.org\",\"@graph\":[{\"@type\":\"Article\",\"@id\":\"https:\\\/\\\/www.revistarambla.com\\\/del-bosque-arrasado-a-la-mesa-europea\\\/#article\",\"isPartOf\":{\"@id\":\"https:\\\/\\\/www.revistarambla.com\\\/del-bosque-arrasado-a-la-mesa-europea\\\/\"},\"author\":{\"name\":\"Sergio Ferrari\",\"@id\":\"https:\\\/\\\/www.revistarambla.com\\\/#\\\/schema\\\/person\\\/339e2410a25811f9912d8a8551fa5d96\"},\"headline\":\"Del bosque arrasado a la mesa europea\",\"datePublished\":\"2025-10-08T10:32:05+00:00\",\"dateModified\":\"2025-10-08T17:42:21+00:00\",\"mainEntityOfPage\":{\"@id\":\"https:\\\/\\\/www.revistarambla.com\\\/del-bosque-arrasado-a-la-mesa-europea\\\/\"},\"wordCount\":1788,\"publisher\":{\"@id\":\"https:\\\/\\\/www.revistarambla.com\\\/#organization\"},\"image\":{\"@id\":\"https:\\\/\\\/www.revistarambla.com\\\/del-bosque-arrasado-a-la-mesa-europea\\\/#primaryimage\"},\"thumbnailUrl\":\"https:\\\/\\\/www.revistarambla.com\\\/wp-content\\\/uploads\\\/2025\\\/10\\\/LASCOM1.jpg\",\"articleSection\":[\"El Apunte\"],\"inLanguage\":\"en-GB\"},{\"@type\":\"WebPage\",\"@id\":\"https:\\\/\\\/www.revistarambla.com\\\/del-bosque-arrasado-a-la-mesa-europea\\\/\",\"url\":\"https:\\\/\\\/www.revistarambla.com\\\/del-bosque-arrasado-a-la-mesa-europea\\\/\",\"name\":\"Del bosque arrasado a la mesa europea - Revista Rambla\",\"isPartOf\":{\"@id\":\"https:\\\/\\\/www.revistarambla.com\\\/#website\"},\"primaryImageOfPage\":{\"@id\":\"https:\\\/\\\/www.revistarambla.com\\\/del-bosque-arrasado-a-la-mesa-europea\\\/#primaryimage\"},\"image\":{\"@id\":\"https:\\\/\\\/www.revistarambla.com\\\/del-bosque-arrasado-a-la-mesa-europea\\\/#primaryimage\"},\"thumbnailUrl\":\"https:\\\/\\\/www.revistarambla.com\\\/wp-content\\\/uploads\\\/2025\\\/10\\\/LASCOM1.jpg\",\"datePublished\":\"2025-10-08T10:32:05+00:00\",\"dateModified\":\"2025-10-08T17:42:21+00:00\",\"breadcrumb\":{\"@id\":\"https:\\\/\\\/www.revistarambla.com\\\/del-bosque-arrasado-a-la-mesa-europea\\\/#breadcrumb\"},\"inLanguage\":\"en-GB\",\"potentialAction\":[{\"@type\":\"ReadAction\",\"target\":[\"https:\\\/\\\/www.revistarambla.com\\\/del-bosque-arrasado-a-la-mesa-europea\\\/\"]}]},{\"@type\":\"ImageObject\",\"inLanguage\":\"en-GB\",\"@id\":\"https:\\\/\\\/www.revistarambla.com\\\/del-bosque-arrasado-a-la-mesa-europea\\\/#primaryimage\",\"url\":\"https:\\\/\\\/www.revistarambla.com\\\/wp-content\\\/uploads\\\/2025\\\/10\\\/LASCOM1.jpg\",\"contentUrl\":\"https:\\\/\\\/www.revistarambla.com\\\/wp-content\\\/uploads\\\/2025\\\/10\\\/LASCOM1.jpg\",\"width\":1000,\"height\":667,\"caption\":\"bosques amaz\u00f3nicos\"},{\"@type\":\"BreadcrumbList\",\"@id\":\"https:\\\/\\\/www.revistarambla.com\\\/del-bosque-arrasado-a-la-mesa-europea\\\/#breadcrumb\",\"itemListElement\":[{\"@type\":\"ListItem\",\"position\":1,\"name\":\"Portada\",\"item\":\"https:\\\/\\\/www.revistarambla.com\\\/\"},{\"@type\":\"ListItem\",\"position\":2,\"name\":\"Del bosque arrasado a la mesa europea\"}]},{\"@type\":\"WebSite\",\"@id\":\"https:\\\/\\\/www.revistarambla.com\\\/#website\",\"url\":\"https:\\\/\\\/www.revistarambla.com\\\/\",\"name\":\"Revista Rambla Barcelona\",\"description\":\"Periodismo independiente\",\"publisher\":{\"@id\":\"https:\\\/\\\/www.revistarambla.com\\\/#organization\"},\"potentialAction\":[{\"@type\":\"SearchAction\",\"target\":{\"@type\":\"EntryPoint\",\"urlTemplate\":\"https:\\\/\\\/www.revistarambla.com\\\/?s={search_term_string}\"},\"query-input\":{\"@type\":\"PropertyValueSpecification\",\"valueRequired\":true,\"valueName\":\"search_term_string\"}}],\"inLanguage\":\"en-GB\"},{\"@type\":\"Organization\",\"@id\":\"https:\\\/\\\/www.revistarambla.com\\\/#organization\",\"name\":\"Revista Rambla\",\"url\":\"https:\\\/\\\/www.revistarambla.com\\\/\",\"logo\":{\"@type\":\"ImageObject\",\"inLanguage\":\"en-GB\",\"@id\":\"https:\\\/\\\/www.revistarambla.com\\\/#\\\/schema\\\/logo\\\/image\\\/\",\"url\":\"https:\\\/\\\/www.revistarambla.com\\\/wp-content\\\/uploads\\\/2020\\\/09\\\/banner_rambla_1900x600_BB.png\",\"contentUrl\":\"https:\\\/\\\/www.revistarambla.com\\\/wp-content\\\/uploads\\\/2020\\\/09\\\/banner_rambla_1900x600_BB.png\",\"width\":1900,\"height\":600,\"caption\":\"Revista Rambla\"},\"image\":{\"@id\":\"https:\\\/\\\/www.revistarambla.com\\\/#\\\/schema\\\/logo\\\/image\\\/\"},\"sameAs\":[\"https:\\\/\\\/www.facebook.com\\\/revistarambla\\\/\",\"https:\\\/\\\/x.com\\\/revistarambla\",\"https:\\\/\\\/www.instagram.com\\\/revista_rambla\",\"https:\\\/\\\/es.linkedin.com\\\/company\\\/revista-rambla\"]},{\"@type\":\"Person\",\"@id\":\"https:\\\/\\\/www.revistarambla.com\\\/#\\\/schema\\\/person\\\/339e2410a25811f9912d8a8551fa5d96\",\"name\":\"Sergio Ferrari\",\"description\":\"Periodista argentino radicado en Berna, Suiza. Acreditado ante el Gobierno suizo. Colaborador regular de numerosos medios latinoamericanos y europeos.\",\"sameAs\":[\"https:\\\/\\\/www.voltairenet.org\\\/auteur120173.html?lang=es\",\"https:\\\/\\\/www.facebook.com\\\/sergio.ferrari.9655\",\"https:\\\/\\\/x.com\\\/SergiooFerrari\"]}]}<\/script>\n<!-- \/ Yoast SEO plugin. -->","yoast_head_json":{"title":"Del bosque arrasado a la mesa europea - Revista Rambla","robots":{"index":"index","follow":"follow","max-snippet":"max-snippet:-1","max-image-preview":"max-image-preview:large","max-video-preview":"max-video-preview:-1"},"canonical":"https:\/\/www.revistarambla.com\/en\/del-bosque-arrasado-a-la-mesa-europea\/","og_locale":"en_GB","og_type":"article","og_title":"Del bosque arrasado a la mesa europea - Revista Rambla","og_description":"Los bosques amaz\u00f3nicos desaparecen aceleradamente. Son tierras arrasadas por la agricultura extensiva y la gran producci\u00f3n pecuaria, generalmente para beneficio de grandes monopolios exportadores. Un gran porcentaje de la deforestaci\u00f3n mundial est\u00e1 ligado a la producci\u00f3n agropecuaria. Seg\u00fan el Fondo Mundial para la Naturaleza (WWF, por sus siglas en ingl\u00e9s), [&hellip;]","og_url":"https:\/\/www.revistarambla.com\/en\/del-bosque-arrasado-a-la-mesa-europea\/","og_site_name":"Revista Rambla","article_publisher":"https:\/\/www.facebook.com\/revistarambla\/","article_author":"https:\/\/www.facebook.com\/sergio.ferrari.9655","article_published_time":"2025-10-08T10:32:05+00:00","article_modified_time":"2025-10-08T17:42:21+00:00","og_image":[{"width":1000,"height":667,"url":"https:\/\/www.revistarambla.com\/wp-content\/uploads\/2025\/10\/LASCOM1.jpg","type":"image\/jpeg"}],"author":"Sergio Ferrari","twitter_card":"summary_large_image","twitter_creator":"@SergiooFerrari","twitter_site":"@revistarambla","twitter_misc":{"Written by":"Sergio Ferrari","Estimated reading time":"8 minutes"},"schema":{"@context":"https:\/\/schema.org","@graph":[{"@type":"Article","@id":"https:\/\/www.revistarambla.com\/del-bosque-arrasado-a-la-mesa-europea\/#article","isPartOf":{"@id":"https:\/\/www.revistarambla.com\/del-bosque-arrasado-a-la-mesa-europea\/"},"author":{"name":"Sergio Ferrari","@id":"https:\/\/www.revistarambla.com\/#\/schema\/person\/339e2410a25811f9912d8a8551fa5d96"},"headline":"Del bosque arrasado a la mesa europea","datePublished":"2025-10-08T10:32:05+00:00","dateModified":"2025-10-08T17:42:21+00:00","mainEntityOfPage":{"@id":"https:\/\/www.revistarambla.com\/del-bosque-arrasado-a-la-mesa-europea\/"},"wordCount":1788,"publisher":{"@id":"https:\/\/www.revistarambla.com\/#organization"},"image":{"@id":"https:\/\/www.revistarambla.com\/del-bosque-arrasado-a-la-mesa-europea\/#primaryimage"},"thumbnailUrl":"https:\/\/www.revistarambla.com\/wp-content\/uploads\/2025\/10\/LASCOM1.jpg","articleSection":["El Apunte"],"inLanguage":"en-GB"},{"@type":"WebPage","@id":"https:\/\/www.revistarambla.com\/del-bosque-arrasado-a-la-mesa-europea\/","url":"https:\/\/www.revistarambla.com\/del-bosque-arrasado-a-la-mesa-europea\/","name":"Del bosque arrasado a la mesa europea - Revista Rambla","isPartOf":{"@id":"https:\/\/www.revistarambla.com\/#website"},"primaryImageOfPage":{"@id":"https:\/\/www.revistarambla.com\/del-bosque-arrasado-a-la-mesa-europea\/#primaryimage"},"image":{"@id":"https:\/\/www.revistarambla.com\/del-bosque-arrasado-a-la-mesa-europea\/#primaryimage"},"thumbnailUrl":"https:\/\/www.revistarambla.com\/wp-content\/uploads\/2025\/10\/LASCOM1.jpg","datePublished":"2025-10-08T10:32:05+00:00","dateModified":"2025-10-08T17:42:21+00:00","breadcrumb":{"@id":"https:\/\/www.revistarambla.com\/del-bosque-arrasado-a-la-mesa-europea\/#breadcrumb"},"inLanguage":"en-GB","potentialAction":[{"@type":"ReadAction","target":["https:\/\/www.revistarambla.com\/del-bosque-arrasado-a-la-mesa-europea\/"]}]},{"@type":"ImageObject","inLanguage":"en-GB","@id":"https:\/\/www.revistarambla.com\/del-bosque-arrasado-a-la-mesa-europea\/#primaryimage","url":"https:\/\/www.revistarambla.com\/wp-content\/uploads\/2025\/10\/LASCOM1.jpg","contentUrl":"https:\/\/www.revistarambla.com\/wp-content\/uploads\/2025\/10\/LASCOM1.jpg","width":1000,"height":667,"caption":"bosques amaz\u00f3nicos"},{"@type":"BreadcrumbList","@id":"https:\/\/www.revistarambla.com\/del-bosque-arrasado-a-la-mesa-europea\/#breadcrumb","itemListElement":[{"@type":"ListItem","position":1,"name":"Portada","item":"https:\/\/www.revistarambla.com\/"},{"@type":"ListItem","position":2,"name":"Del bosque arrasado a la mesa europea"}]},{"@type":"WebSite","@id":"https:\/\/www.revistarambla.com\/#website","url":"https:\/\/www.revistarambla.com\/","name":"Revista Rambla Barcelona","description":"Periodismo independiente","publisher":{"@id":"https:\/\/www.revistarambla.com\/#organization"},"potentialAction":[{"@type":"SearchAction","target":{"@type":"EntryPoint","urlTemplate":"https:\/\/www.revistarambla.com\/?s={search_term_string}"},"query-input":{"@type":"PropertyValueSpecification","valueRequired":true,"valueName":"search_term_string"}}],"inLanguage":"en-GB"},{"@type":"Organization","@id":"https:\/\/www.revistarambla.com\/#organization","name":"Revista Rambla","url":"https:\/\/www.revistarambla.com\/","logo":{"@type":"ImageObject","inLanguage":"en-GB","@id":"https:\/\/www.revistarambla.com\/#\/schema\/logo\/image\/","url":"https:\/\/www.revistarambla.com\/wp-content\/uploads\/2020\/09\/banner_rambla_1900x600_BB.png","contentUrl":"https:\/\/www.revistarambla.com\/wp-content\/uploads\/2020\/09\/banner_rambla_1900x600_BB.png","width":1900,"height":600,"caption":"Revista Rambla"},"image":{"@id":"https:\/\/www.revistarambla.com\/#\/schema\/logo\/image\/"},"sameAs":["https:\/\/www.facebook.com\/revistarambla\/","https:\/\/x.com\/revistarambla","https:\/\/www.instagram.com\/revista_rambla","https:\/\/es.linkedin.com\/company\/revista-rambla"]},{"@type":"Person","@id":"https:\/\/www.revistarambla.com\/#\/schema\/person\/339e2410a25811f9912d8a8551fa5d96","name":"Sergio Ferrari","description":"Periodista argentino radicado en Berna, Suiza. Acreditado ante el Gobierno suizo. Colaborador regular de numerosos medios latinoamericanos y europeos.","sameAs":["https:\/\/www.voltairenet.org\/auteur120173.html?lang=es","https:\/\/www.facebook.com\/sergio.ferrari.9655","https:\/\/x.com\/SergiooFerrari"]}]}},"_links":{"self":[{"href":"https:\/\/www.revistarambla.com\/en\/wp-json\/wp\/v2\/posts\/66844","targetHints":{"allow":["GET"]}}],"collection":[{"href":"https:\/\/www.revistarambla.com\/en\/wp-json\/wp\/v2\/posts"}],"about":[{"href":"https:\/\/www.revistarambla.com\/en\/wp-json\/wp\/v2\/types\/post"}],"author":[{"embeddable":true,"href":"https:\/\/www.revistarambla.com\/en\/wp-json\/wp\/v2\/users\/24"}],"replies":[{"embeddable":true,"href":"https:\/\/www.revistarambla.com\/en\/wp-json\/wp\/v2\/comments?post=66844"}],"version-history":[{"count":1,"href":"https:\/\/www.revistarambla.com\/en\/wp-json\/wp\/v2\/posts\/66844\/revisions"}],"predecessor-version":[{"id":66847,"href":"https:\/\/www.revistarambla.com\/en\/wp-json\/wp\/v2\/posts\/66844\/revisions\/66847"}],"wp:featuredmedia":[{"embeddable":true,"href":"https:\/\/www.revistarambla.com\/en\/wp-json\/wp\/v2\/media\/66845"}],"wp:attachment":[{"href":"https:\/\/www.revistarambla.com\/en\/wp-json\/wp\/v2\/media?parent=66844"}],"wp:term":[{"taxonomy":"category","embeddable":true,"href":"https:\/\/www.revistarambla.com\/en\/wp-json\/wp\/v2\/categories?post=66844"},{"taxonomy":"post_tag","embeddable":true,"href":"https:\/\/www.revistarambla.com\/en\/wp-json\/wp\/v2\/tags?post=66844"}],"curies":[{"name":"wp","href":"https:\/\/api.w.org\/{rel}","templated":true}]}}