{"id":66841,"date":"2025-10-08T12:20:14","date_gmt":"2025-10-08T10:20:14","guid":{"rendered":"https:\/\/www.revistarambla.com\/?p=66841"},"modified":"2025-10-08T12:20:14","modified_gmt":"2025-10-08T10:20:14","slug":"armando-masse-fernandez-proyecta-a-apdayc-como-un-referente-en-gestion-cultural","status":"publish","type":"post","link":"https:\/\/www.revistarambla.com\/en\/armando-masse-fernandez-proyecta-a-apdayc-como-un-referente-en-gestion-cultural\/","title":{"rendered":"Armando Mass\u00e9 Fern\u00e1ndez proyecta a Apdayc como un referente en gesti\u00f3n cultural"},"content":{"rendered":"<p>El nombre de <b>Armando Mass\u00e9 Fern\u00e1ndez<\/b> est\u00e1 directamente asociado a la Asociaci\u00f3n Peruana de Autores y <b>Compositores<\/b>, instituci\u00f3n clave en la defensa de los <b>derechos de autor<\/b> en el Per\u00fa. Desde ese lugar, ha desarrollado un modelo que conecta la creaci\u00f3n musical con estructura organizativa y servicios de respaldo a los autores. La pr\u00e1ctica art\u00edstica se articula con formaci\u00f3n, asesor\u00eda legal y un marco normativo que brinda continuidad al trabajo creativo.<\/p>\n<p>En paralelo, su repertorio personal, con m\u00e1s de trescientas obras, le otorg\u00f3 una identidad reconocible en la canci\u00f3n peruana. <b>Mass\u00e9 Fern\u00e1ndez<\/b> elabor\u00f3 una narrativa que privilegia la emoci\u00f3n cotidiana, plasmada en canciones \u00edntimas, himnos colectivos y composiciones solidarias. Su versatilidad lo llev\u00f3 a colaborar con int\u00e9rpretes de diferentes g\u00e9neros, ampliando la difusi\u00f3n de su obra m\u00e1s all\u00e1 de los c\u00edrculos autorales tradicionales.<\/p>\n<p>La dimensi\u00f3n institucional adquiri\u00f3 gran relevancia durante su presidencia en <b>APDAYC<\/b>. <b>Armando Mass\u00e9 Fern\u00e1ndez<\/b>condujo una agenda enfocada en la valorizaci\u00f3n del autor, la eficiencia administrativa y la transparencia en los sistemas de distribuci\u00f3n. Su gesti\u00f3n se bas\u00f3 en mecanismos de recaudaci\u00f3n eficaces, auditor\u00edas claras y atenci\u00f3n permanente a los socios. Esa experiencia trascendi\u00f3 fronteras y lo proyect\u00f3 en foros internacionales y redes regionales, donde represent\u00f3 un modelo de profesionalizaci\u00f3n con resultados tangibles.<\/p>\n<h3><b>En Apdayc, Armando Mass\u00e9 Fern\u00e1ndez lidera una gesti\u00f3n con foco en el compositor<\/b><\/h3>\n<p>Tras culminar su presidencia, <b>Armando Mass\u00e9 Fern\u00e1ndez<\/b>permaneci\u00f3 en la instituci\u00f3n como parte del Consejo Directivo y hoy ejerce la Secretar\u00eda General. Desde esa posici\u00f3n promueve consultas preventivas, acompa\u00f1a a m\u00fasicos en situaciones dif\u00edciles y asesora en <b>derechos de autor<\/b>. <b>APDAYC<\/b> convierte esas tareas en procedimientos claros y duraderos. Los resultados se reflejan en asistencia m\u00e9dica, cobertura descentralizada, continuidad de pagos y campa\u00f1as que integran cultura con bienestar. Esa din\u00e1mica fortalece el v\u00ednculo entre creaci\u00f3n musical y protecci\u00f3n institucional.<\/p>\n<p>Su experiencia en radio ampl\u00eda esa labor: al dirigir programas de <b>salud p\u00fablica<\/b>, difunde orientaci\u00f3n preventiva a p\u00fablicos amplios. Esa pr\u00e1ctica se integra en la comunicaci\u00f3n institucional y se traduce en beneficios que trascienden lo administrativo. Desde la Secretar\u00eda General de <b>APDAYC<\/b>, <b>Mass\u00e9 Fern\u00e1ndez<\/b>consolida un modelo que reconoce la creaci\u00f3n musical como trabajo leg\u00edtimo con soporte integral.<\/p>\n<h3><b>Formaci\u00f3n, medicina y repertorio como pilares en apoyo a los creadores<\/b><\/h3>\n<p>La formaci\u00f3n de <b>Armando Mass\u00e9 Fern\u00e1ndez<\/b> explica su visi\u00f3n estrat\u00e9gica. Con estudios en <a href=\"https:\/\/www.munisurco.gob.pe\/la-municipalidad-de-santiago-de-surco-y-apdayc-firman-convenio-para-proteger-los-derechos-de-autor\/\"><b>medicina cl\u00ednica<\/b><\/a>, derecho, propiedad intelectual y un <b>MBA<\/b>en gesti\u00f3n cultural, interpreta la industria musical como sistema completo: creaci\u00f3n, circulaci\u00f3n, recaudaci\u00f3n, reparto y formaci\u00f3n. A ello incorpora investigaci\u00f3n en inteligencia artificial aplicada a sociedades de gesti\u00f3n, anticipando retos en trazabilidad, identificaci\u00f3n de obras y riesgos digitales. <b>APDAYC<\/b> convierte esas ideas en pol\u00edticas y mejoras continuas.<\/p>\n<p>Sus composiciones han sido interpretadas por artistas de distintos pa\u00edses, confirmando un estilo que cruza g\u00e9neros sin perder identidad. La l\u00edrica del amor \u2014con contradicci\u00f3n, intensidad y sutileza\u2014 conecta con oyentes que reconocen en <b>Mass\u00e9 Fern\u00e1ndez<\/b>un narrador cercano. A esa producci\u00f3n se suman himnos institucionales y canciones creadas para campa\u00f1as sociales y de salud. El repertorio, entendido como patrimonio cultural y recurso econ\u00f3mico, encuentra en la gesti\u00f3n colectiva la v\u00eda que garantiza retorno al autor.<\/p>\n<p>En el \u00e1mbito m\u00e9dico, <b>Armando Mass\u00e9 Fern\u00e1ndez<\/b> instaur\u00f3 pr\u00e1cticas de prevenci\u00f3n en beneficio de m\u00fasicos. Consultorios, chequeos, educaci\u00f3n sanitaria y acompa\u00f1amiento componen una red estable de apoyo. <b>APDAYC<\/b> funciona como plataforma que une bienestar, asesor\u00eda jur\u00eddica y gesti\u00f3n de regal\u00edas. Ese esquema organiza procesos, previene riesgos y fortalece la vida profesional de los creadores.<\/p>\n<p>La docencia completa esa trayectoria. <b>Mass\u00e9 Fern\u00e1ndez<\/b>comparte en aulas experiencias pr\u00e1cticas sobre licencias, l\u00edmites del uso justo y responsabilidades de los usuarios de repertorio. Esa transmisi\u00f3n nutre a nuevas generaciones con mayor claridad normativa y h\u00e1bitos documentales m\u00e1s s\u00f3lidos. La instituci\u00f3n absorbe ese conocimiento y lo devuelve en talleres, manuales y gu\u00edas, con el prop\u00f3sito de que cada creador ejerza plenamente sus derechos.<\/p>\n<p>La biograf\u00eda de <b>Armando Mass\u00e9 Fern\u00e1ndez<\/b> enlaza composici\u00f3n, docencia, medicina y gesti\u00f3n cultural. Su obra, el apoyo a m\u00fasicos vulnerables y la modernizaci\u00f3n de procesos trazan un escenario donde la m\u00fasica se integra con la vida social.<\/p>","protected":false},"excerpt":{"rendered":"<p>El nombre de Armando Mass\u00e9 Fern\u00e1ndez est\u00e1 directamente asociado a la Asociaci\u00f3n Peruana de Autores y Compositores, instituci\u00f3n clave en la defensa de los derechos de autor en el Per\u00fa. Desde ese lugar, ha desarrollado un modelo que conecta la creaci\u00f3n musical con estructura organizativa y servicios de respaldo a [&hellip;]<\/p>\n","protected":false},"author":3,"featured_media":66842,"comment_status":"closed","ping_status":"closed","sticky":false,"template":"","format":"standard","meta":{"footnotes":""},"categories":[3790],"tags":[],"class_list":["post-66841","post","type-post","status-publish","format-standard","has-post-thumbnail","hentry","category-otras-noticias"],"yoast_head":"<!-- This site is optimized with the Yoast SEO plugin v27.5 - https:\/\/yoast.com\/product\/yoast-seo-wordpress\/ -->\n<title>Armando Mass\u00e9 Fern\u00e1ndez proyecta a Apdayc como un referente en gesti\u00f3n cultural - Revista Rambla<\/title>\n<meta name=\"robots\" content=\"index, follow, max-snippet:-1, max-image-preview:large, max-video-preview:-1\" \/>\n<link rel=\"canonical\" href=\"https:\/\/www.revistarambla.com\/en\/armando-masse-fernandez-proyecta-a-apdayc-como-un-referente-en-gestion-cultural\/\" \/>\n<meta property=\"og:locale\" content=\"en_GB\" \/>\n<meta property=\"og:type\" content=\"article\" \/>\n<meta property=\"og:title\" content=\"Armando Mass\u00e9 Fern\u00e1ndez proyecta a Apdayc como un referente en gesti\u00f3n cultural - Revista Rambla\" \/>\n<meta property=\"og:description\" content=\"El nombre de Armando Mass\u00e9 Fern\u00e1ndez est\u00e1 directamente asociado a la Asociaci\u00f3n Peruana de Autores y Compositores, instituci\u00f3n clave en la defensa de los derechos de autor en el Per\u00fa. Desde ese lugar, ha desarrollado un modelo que conecta la creaci\u00f3n musical con estructura organizativa y servicios de respaldo a [&hellip;]\" \/>\n<meta property=\"og:url\" content=\"https:\/\/www.revistarambla.com\/en\/armando-masse-fernandez-proyecta-a-apdayc-como-un-referente-en-gestion-cultural\/\" \/>\n<meta property=\"og:site_name\" content=\"Revista Rambla\" \/>\n<meta property=\"article:publisher\" content=\"https:\/\/www.facebook.com\/revistarambla\/\" \/>\n<meta property=\"article:author\" content=\"https:\/\/www.facebook.com\/revistarambla\" \/>\n<meta property=\"article:published_time\" content=\"2025-10-08T10:20:14+00:00\" \/>\n<meta property=\"og:image\" content=\"https:\/\/www.revistarambla.com\/wp-content\/uploads\/2025\/10\/phpLKHJdP68e4f153158a8.jpg\" \/>\n\t<meta property=\"og:image:width\" content=\"1920\" \/>\n\t<meta property=\"og:image:height\" content=\"1274\" \/>\n\t<meta property=\"og:image:type\" content=\"image\/jpeg\" \/>\n<meta name=\"author\" content=\"R@mbla\" \/>\n<meta name=\"twitter:card\" content=\"summary_large_image\" \/>\n<meta name=\"twitter:creator\" content=\"@revistarambla\" \/>\n<meta name=\"twitter:site\" content=\"@revistarambla\" \/>\n<meta name=\"twitter:label1\" content=\"Written by\" \/>\n\t<meta name=\"twitter:data1\" content=\"R@mbla\" \/>\n\t<meta name=\"twitter:label2\" content=\"Estimated reading time\" \/>\n\t<meta name=\"twitter:data2\" content=\"4 minutes\" \/>\n<script type=\"application\/ld+json\" class=\"yoast-schema-graph\">{\"@context\":\"https:\\\/\\\/schema.org\",\"@graph\":[{\"@type\":\"Article\",\"@id\":\"https:\\\/\\\/www.revistarambla.com\\\/armando-masse-fernandez-proyecta-a-apdayc-como-un-referente-en-gestion-cultural\\\/#article\",\"isPartOf\":{\"@id\":\"https:\\\/\\\/www.revistarambla.com\\\/armando-masse-fernandez-proyecta-a-apdayc-como-un-referente-en-gestion-cultural\\\/\"},\"author\":{\"name\":\"R@mbla\",\"@id\":\"https:\\\/\\\/www.revistarambla.com\\\/#\\\/schema\\\/person\\\/a146a5a2550b94981a75131180e1bd9c\"},\"headline\":\"Armando Mass\u00e9 Fern\u00e1ndez proyecta a Apdayc como un referente en gesti\u00f3n cultural\",\"datePublished\":\"2025-10-08T10:20:14+00:00\",\"mainEntityOfPage\":{\"@id\":\"https:\\\/\\\/www.revistarambla.com\\\/armando-masse-fernandez-proyecta-a-apdayc-como-un-referente-en-gestion-cultural\\\/\"},\"wordCount\":778,\"publisher\":{\"@id\":\"https:\\\/\\\/www.revistarambla.com\\\/#organization\"},\"image\":{\"@id\":\"https:\\\/\\\/www.revistarambla.com\\\/armando-masse-fernandez-proyecta-a-apdayc-como-un-referente-en-gestion-cultural\\\/#primaryimage\"},\"thumbnailUrl\":\"https:\\\/\\\/www.revistarambla.com\\\/wp-content\\\/uploads\\\/2025\\\/10\\\/phpLKHJdP68e4f153158a8.jpg\",\"articleSection\":[\"Otras Noticias\"],\"inLanguage\":\"en-GB\"},{\"@type\":\"WebPage\",\"@id\":\"https:\\\/\\\/www.revistarambla.com\\\/armando-masse-fernandez-proyecta-a-apdayc-como-un-referente-en-gestion-cultural\\\/\",\"url\":\"https:\\\/\\\/www.revistarambla.com\\\/armando-masse-fernandez-proyecta-a-apdayc-como-un-referente-en-gestion-cultural\\\/\",\"name\":\"Armando Mass\u00e9 Fern\u00e1ndez proyecta a Apdayc como un referente en gesti\u00f3n cultural - Revista Rambla\",\"isPartOf\":{\"@id\":\"https:\\\/\\\/www.revistarambla.com\\\/#website\"},\"primaryImageOfPage\":{\"@id\":\"https:\\\/\\\/www.revistarambla.com\\\/armando-masse-fernandez-proyecta-a-apdayc-como-un-referente-en-gestion-cultural\\\/#primaryimage\"},\"image\":{\"@id\":\"https:\\\/\\\/www.revistarambla.com\\\/armando-masse-fernandez-proyecta-a-apdayc-como-un-referente-en-gestion-cultural\\\/#primaryimage\"},\"thumbnailUrl\":\"https:\\\/\\\/www.revistarambla.com\\\/wp-content\\\/uploads\\\/2025\\\/10\\\/phpLKHJdP68e4f153158a8.jpg\",\"datePublished\":\"2025-10-08T10:20:14+00:00\",\"breadcrumb\":{\"@id\":\"https:\\\/\\\/www.revistarambla.com\\\/armando-masse-fernandez-proyecta-a-apdayc-como-un-referente-en-gestion-cultural\\\/#breadcrumb\"},\"inLanguage\":\"en-GB\",\"potentialAction\":[{\"@type\":\"ReadAction\",\"target\":[\"https:\\\/\\\/www.revistarambla.com\\\/armando-masse-fernandez-proyecta-a-apdayc-como-un-referente-en-gestion-cultural\\\/\"]}]},{\"@type\":\"ImageObject\",\"inLanguage\":\"en-GB\",\"@id\":\"https:\\\/\\\/www.revistarambla.com\\\/armando-masse-fernandez-proyecta-a-apdayc-como-un-referente-en-gestion-cultural\\\/#primaryimage\",\"url\":\"https:\\\/\\\/www.revistarambla.com\\\/wp-content\\\/uploads\\\/2025\\\/10\\\/phpLKHJdP68e4f153158a8.jpg\",\"contentUrl\":\"https:\\\/\\\/www.revistarambla.com\\\/wp-content\\\/uploads\\\/2025\\\/10\\\/phpLKHJdP68e4f153158a8.jpg\",\"width\":1920,\"height\":1274,\"caption\":\"Armando Mass\u00e9 Fern\u00e1ndez\"},{\"@type\":\"BreadcrumbList\",\"@id\":\"https:\\\/\\\/www.revistarambla.com\\\/armando-masse-fernandez-proyecta-a-apdayc-como-un-referente-en-gestion-cultural\\\/#breadcrumb\",\"itemListElement\":[{\"@type\":\"ListItem\",\"position\":1,\"name\":\"Portada\",\"item\":\"https:\\\/\\\/www.revistarambla.com\\\/\"},{\"@type\":\"ListItem\",\"position\":2,\"name\":\"Armando Mass\u00e9 Fern\u00e1ndez proyecta a Apdayc como un referente en gesti\u00f3n cultural\"}]},{\"@type\":\"WebSite\",\"@id\":\"https:\\\/\\\/www.revistarambla.com\\\/#website\",\"url\":\"https:\\\/\\\/www.revistarambla.com\\\/\",\"name\":\"Revista Rambla Barcelona\",\"description\":\"Periodismo independiente\",\"publisher\":{\"@id\":\"https:\\\/\\\/www.revistarambla.com\\\/#organization\"},\"potentialAction\":[{\"@type\":\"SearchAction\",\"target\":{\"@type\":\"EntryPoint\",\"urlTemplate\":\"https:\\\/\\\/www.revistarambla.com\\\/?s={search_term_string}\"},\"query-input\":{\"@type\":\"PropertyValueSpecification\",\"valueRequired\":true,\"valueName\":\"search_term_string\"}}],\"inLanguage\":\"en-GB\"},{\"@type\":\"Organization\",\"@id\":\"https:\\\/\\\/www.revistarambla.com\\\/#organization\",\"name\":\"Revista Rambla\",\"url\":\"https:\\\/\\\/www.revistarambla.com\\\/\",\"logo\":{\"@type\":\"ImageObject\",\"inLanguage\":\"en-GB\",\"@id\":\"https:\\\/\\\/www.revistarambla.com\\\/#\\\/schema\\\/logo\\\/image\\\/\",\"url\":\"https:\\\/\\\/www.revistarambla.com\\\/wp-content\\\/uploads\\\/2020\\\/09\\\/banner_rambla_1900x600_BB.png\",\"contentUrl\":\"https:\\\/\\\/www.revistarambla.com\\\/wp-content\\\/uploads\\\/2020\\\/09\\\/banner_rambla_1900x600_BB.png\",\"width\":1900,\"height\":600,\"caption\":\"Revista Rambla\"},\"image\":{\"@id\":\"https:\\\/\\\/www.revistarambla.com\\\/#\\\/schema\\\/logo\\\/image\\\/\"},\"sameAs\":[\"https:\\\/\\\/www.facebook.com\\\/revistarambla\\\/\",\"https:\\\/\\\/x.com\\\/revistarambla\",\"https:\\\/\\\/www.instagram.com\\\/revista_rambla\",\"https:\\\/\\\/es.linkedin.com\\\/company\\\/revista-rambla\"]},{\"@type\":\"Person\",\"@id\":\"https:\\\/\\\/www.revistarambla.com\\\/#\\\/schema\\\/person\\\/a146a5a2550b94981a75131180e1bd9c\",\"name\":\"R@mbla\",\"description\":\"Este art\u00edculo ha sido redactado y\\\/o validado por el equipo de redacci\u00f3n de Revista Rambla.\",\"sameAs\":[\"https:\\\/\\\/www.revistarambla.com\\\/\",\"https:\\\/\\\/www.facebook.com\\\/revistarambla\",\"https:\\\/\\\/x.com\\\/revistarambla\"]}]}<\/script>\n<!-- \/ Yoast SEO plugin. -->","yoast_head_json":{"title":"Armando Mass\u00e9 Fern\u00e1ndez proyecta a Apdayc como un referente en gesti\u00f3n cultural - Revista Rambla","robots":{"index":"index","follow":"follow","max-snippet":"max-snippet:-1","max-image-preview":"max-image-preview:large","max-video-preview":"max-video-preview:-1"},"canonical":"https:\/\/www.revistarambla.com\/en\/armando-masse-fernandez-proyecta-a-apdayc-como-un-referente-en-gestion-cultural\/","og_locale":"en_GB","og_type":"article","og_title":"Armando Mass\u00e9 Fern\u00e1ndez proyecta a Apdayc como un referente en gesti\u00f3n cultural - Revista Rambla","og_description":"El nombre de Armando Mass\u00e9 Fern\u00e1ndez est\u00e1 directamente asociado a la Asociaci\u00f3n Peruana de Autores y Compositores, instituci\u00f3n clave en la defensa de los derechos de autor en el Per\u00fa. Desde ese lugar, ha desarrollado un modelo que conecta la creaci\u00f3n musical con estructura organizativa y servicios de respaldo a [&hellip;]","og_url":"https:\/\/www.revistarambla.com\/en\/armando-masse-fernandez-proyecta-a-apdayc-como-un-referente-en-gestion-cultural\/","og_site_name":"Revista Rambla","article_publisher":"https:\/\/www.facebook.com\/revistarambla\/","article_author":"https:\/\/www.facebook.com\/revistarambla","article_published_time":"2025-10-08T10:20:14+00:00","og_image":[{"width":1920,"height":1274,"url":"https:\/\/www.revistarambla.com\/wp-content\/uploads\/2025\/10\/phpLKHJdP68e4f153158a8.jpg","type":"image\/jpeg"}],"author":"R@mbla","twitter_card":"summary_large_image","twitter_creator":"@revistarambla","twitter_site":"@revistarambla","twitter_misc":{"Written by":"R@mbla","Estimated reading time":"4 minutes"},"schema":{"@context":"https:\/\/schema.org","@graph":[{"@type":"Article","@id":"https:\/\/www.revistarambla.com\/armando-masse-fernandez-proyecta-a-apdayc-como-un-referente-en-gestion-cultural\/#article","isPartOf":{"@id":"https:\/\/www.revistarambla.com\/armando-masse-fernandez-proyecta-a-apdayc-como-un-referente-en-gestion-cultural\/"},"author":{"name":"R@mbla","@id":"https:\/\/www.revistarambla.com\/#\/schema\/person\/a146a5a2550b94981a75131180e1bd9c"},"headline":"Armando Mass\u00e9 Fern\u00e1ndez proyecta a Apdayc como un referente en gesti\u00f3n cultural","datePublished":"2025-10-08T10:20:14+00:00","mainEntityOfPage":{"@id":"https:\/\/www.revistarambla.com\/armando-masse-fernandez-proyecta-a-apdayc-como-un-referente-en-gestion-cultural\/"},"wordCount":778,"publisher":{"@id":"https:\/\/www.revistarambla.com\/#organization"},"image":{"@id":"https:\/\/www.revistarambla.com\/armando-masse-fernandez-proyecta-a-apdayc-como-un-referente-en-gestion-cultural\/#primaryimage"},"thumbnailUrl":"https:\/\/www.revistarambla.com\/wp-content\/uploads\/2025\/10\/phpLKHJdP68e4f153158a8.jpg","articleSection":["Otras Noticias"],"inLanguage":"en-GB"},{"@type":"WebPage","@id":"https:\/\/www.revistarambla.com\/armando-masse-fernandez-proyecta-a-apdayc-como-un-referente-en-gestion-cultural\/","url":"https:\/\/www.revistarambla.com\/armando-masse-fernandez-proyecta-a-apdayc-como-un-referente-en-gestion-cultural\/","name":"Armando Mass\u00e9 Fern\u00e1ndez proyecta a Apdayc como un referente en gesti\u00f3n cultural - Revista Rambla","isPartOf":{"@id":"https:\/\/www.revistarambla.com\/#website"},"primaryImageOfPage":{"@id":"https:\/\/www.revistarambla.com\/armando-masse-fernandez-proyecta-a-apdayc-como-un-referente-en-gestion-cultural\/#primaryimage"},"image":{"@id":"https:\/\/www.revistarambla.com\/armando-masse-fernandez-proyecta-a-apdayc-como-un-referente-en-gestion-cultural\/#primaryimage"},"thumbnailUrl":"https:\/\/www.revistarambla.com\/wp-content\/uploads\/2025\/10\/phpLKHJdP68e4f153158a8.jpg","datePublished":"2025-10-08T10:20:14+00:00","breadcrumb":{"@id":"https:\/\/www.revistarambla.com\/armando-masse-fernandez-proyecta-a-apdayc-como-un-referente-en-gestion-cultural\/#breadcrumb"},"inLanguage":"en-GB","potentialAction":[{"@type":"ReadAction","target":["https:\/\/www.revistarambla.com\/armando-masse-fernandez-proyecta-a-apdayc-como-un-referente-en-gestion-cultural\/"]}]},{"@type":"ImageObject","inLanguage":"en-GB","@id":"https:\/\/www.revistarambla.com\/armando-masse-fernandez-proyecta-a-apdayc-como-un-referente-en-gestion-cultural\/#primaryimage","url":"https:\/\/www.revistarambla.com\/wp-content\/uploads\/2025\/10\/phpLKHJdP68e4f153158a8.jpg","contentUrl":"https:\/\/www.revistarambla.com\/wp-content\/uploads\/2025\/10\/phpLKHJdP68e4f153158a8.jpg","width":1920,"height":1274,"caption":"Armando Mass\u00e9 Fern\u00e1ndez"},{"@type":"BreadcrumbList","@id":"https:\/\/www.revistarambla.com\/armando-masse-fernandez-proyecta-a-apdayc-como-un-referente-en-gestion-cultural\/#breadcrumb","itemListElement":[{"@type":"ListItem","position":1,"name":"Portada","item":"https:\/\/www.revistarambla.com\/"},{"@type":"ListItem","position":2,"name":"Armando Mass\u00e9 Fern\u00e1ndez proyecta a Apdayc como un referente en gesti\u00f3n cultural"}]},{"@type":"WebSite","@id":"https:\/\/www.revistarambla.com\/#website","url":"https:\/\/www.revistarambla.com\/","name":"Revista Rambla Barcelona","description":"Periodismo independiente","publisher":{"@id":"https:\/\/www.revistarambla.com\/#organization"},"potentialAction":[{"@type":"SearchAction","target":{"@type":"EntryPoint","urlTemplate":"https:\/\/www.revistarambla.com\/?s={search_term_string}"},"query-input":{"@type":"PropertyValueSpecification","valueRequired":true,"valueName":"search_term_string"}}],"inLanguage":"en-GB"},{"@type":"Organization","@id":"https:\/\/www.revistarambla.com\/#organization","name":"Revista Rambla","url":"https:\/\/www.revistarambla.com\/","logo":{"@type":"ImageObject","inLanguage":"en-GB","@id":"https:\/\/www.revistarambla.com\/#\/schema\/logo\/image\/","url":"https:\/\/www.revistarambla.com\/wp-content\/uploads\/2020\/09\/banner_rambla_1900x600_BB.png","contentUrl":"https:\/\/www.revistarambla.com\/wp-content\/uploads\/2020\/09\/banner_rambla_1900x600_BB.png","width":1900,"height":600,"caption":"Revista Rambla"},"image":{"@id":"https:\/\/www.revistarambla.com\/#\/schema\/logo\/image\/"},"sameAs":["https:\/\/www.facebook.com\/revistarambla\/","https:\/\/x.com\/revistarambla","https:\/\/www.instagram.com\/revista_rambla","https:\/\/es.linkedin.com\/company\/revista-rambla"]},{"@type":"Person","@id":"https:\/\/www.revistarambla.com\/#\/schema\/person\/a146a5a2550b94981a75131180e1bd9c","name":"R@mbla","description":"Este art\u00edculo ha sido redactado y\/o validado por el equipo de redacci\u00f3n de Revista Rambla.","sameAs":["https:\/\/www.revistarambla.com\/","https:\/\/www.facebook.com\/revistarambla","https:\/\/x.com\/revistarambla"]}]}},"_links":{"self":[{"href":"https:\/\/www.revistarambla.com\/en\/wp-json\/wp\/v2\/posts\/66841","targetHints":{"allow":["GET"]}}],"collection":[{"href":"https:\/\/www.revistarambla.com\/en\/wp-json\/wp\/v2\/posts"}],"about":[{"href":"https:\/\/www.revistarambla.com\/en\/wp-json\/wp\/v2\/types\/post"}],"author":[{"embeddable":true,"href":"https:\/\/www.revistarambla.com\/en\/wp-json\/wp\/v2\/users\/3"}],"replies":[{"embeddable":true,"href":"https:\/\/www.revistarambla.com\/en\/wp-json\/wp\/v2\/comments?post=66841"}],"version-history":[{"count":1,"href":"https:\/\/www.revistarambla.com\/en\/wp-json\/wp\/v2\/posts\/66841\/revisions"}],"predecessor-version":[{"id":66843,"href":"https:\/\/www.revistarambla.com\/en\/wp-json\/wp\/v2\/posts\/66841\/revisions\/66843"}],"wp:featuredmedia":[{"embeddable":true,"href":"https:\/\/www.revistarambla.com\/en\/wp-json\/wp\/v2\/media\/66842"}],"wp:attachment":[{"href":"https:\/\/www.revistarambla.com\/en\/wp-json\/wp\/v2\/media?parent=66841"}],"wp:term":[{"taxonomy":"category","embeddable":true,"href":"https:\/\/www.revistarambla.com\/en\/wp-json\/wp\/v2\/categories?post=66841"},{"taxonomy":"post_tag","embeddable":true,"href":"https:\/\/www.revistarambla.com\/en\/wp-json\/wp\/v2\/tags?post=66841"}],"curies":[{"name":"wp","href":"https:\/\/api.w.org\/{rel}","templated":true}]}}