{"id":66838,"date":"2025-10-08T12:17:58","date_gmt":"2025-10-08T10:17:58","guid":{"rendered":"https:\/\/www.revistarambla.com\/?p=66838"},"modified":"2025-10-08T12:17:58","modified_gmt":"2025-10-08T10:17:58","slug":"cual-es-la-apuesta-verde-de-jose-buenaventura-guardado-dentro-del-grupo-guardado","status":"publish","type":"post","link":"https:\/\/www.revistarambla.com\/en\/cual-es-la-apuesta-verde-de-jose-buenaventura-guardado-dentro-del-grupo-guardado\/","title":{"rendered":"\u00bfCu\u00e1l es la apuesta verde de Jos\u00e9 Buenaventura Guardado dentro del Grupo Guardado?"},"content":{"rendered":"<p><img decoding=\"async\" class=\"aligncenter wp-image-66839 size-large\" src=\"https:\/\/www.revistarambla.com\/wp-content\/uploads\/2025\/10\/phphCefDj68e3c2ae70077-560x840.jpg\" alt=\"energ\u00edas limpias\" width=\"560\" height=\"840\" srcset=\"https:\/\/www.revistarambla.com\/wp-content\/uploads\/2025\/10\/phphCefDj68e3c2ae70077-560x840.jpg 560w, https:\/\/www.revistarambla.com\/wp-content\/uploads\/2025\/10\/phphCefDj68e3c2ae70077-243x365.jpg 243w, https:\/\/www.revistarambla.com\/wp-content\/uploads\/2025\/10\/phphCefDj68e3c2ae70077-768x1152.jpg 768w, https:\/\/www.revistarambla.com\/wp-content\/uploads\/2025\/10\/phphCefDj68e3c2ae70077-8x12.jpg 8w, https:\/\/www.revistarambla.com\/wp-content\/uploads\/2025\/10\/phphCefDj68e3c2ae70077.jpg 1024w\" sizes=\"(max-width: 560px) 100vw, 560px\" \/><\/p>\n<p>La sostenibilidad ya no es un diferencial, se ha convertido en un <b>est\u00e1ndar empresarial<\/b>. Hoy, la gran mayor\u00eda de las <b>compa\u00f1\u00edas l\u00edderes del mundo<\/b> publica informaci\u00f3n ESG y rinde cuentas sobre su desempe\u00f1o ambiental, social y de gobernanza, como muestran los principales relevamientos internacionales. Ante este escenario, <a href=\"https:\/\/issuu.com\/jose-buenaventura-guardado\/docs\/jos_buenaventura_guardado_-_biograf_a_tica_y_ap\"><b>Jos\u00e9 Buenaventura <\/b><\/a><b>Guardado<\/b> encuadra la estrategia de <a href=\"https:\/\/elpais.com.sv\/el-hombre-detras-de-grupo-guardado-jose-buenaventura-guardado\/\"><b>Grupo Guardado<\/b><\/a> bajo una premisa clara: <b>integrar criterios ambientales al coraz\u00f3n operativo para reforzar competitividad, credibilidad y continuidad<\/b>. La adopci\u00f3n de energ\u00edas limpias, la mejora en el uso de recursos y la disciplina de medici\u00f3n interna dan forma a una apuesta verde que no responde a modas, sino a una lectura precisa del mercado y de la regulaci\u00f3n emergente.<\/p>\n<p>Desde la direcci\u00f3n de la compa\u00f1\u00eda, <b>Buenaventura Guardado<\/b> impulsa decisiones que conectan impacto y eficiencia. La instalaci\u00f3n de paneles solares en la planta de producci\u00f3n es un ejemplo palpable, pues reduce la dependencia de fuentes tradicionales, estabiliza costos y crea una base de datos energ\u00e9tica m\u00e1s transparente para planificar inversiones. <b>\u201cNos preocupamos por el futuro del planeta, implementando pr\u00e1cticas que minimicen nuestro impacto ambiental\u201d<\/b>, sostiene. Ese enfoque se extiende al tratamiento de agua, la reducci\u00f3n de desperdicios y la adopci\u00f3n de tecnolog\u00edas que eleven la productividad sin incrementar la huella.<\/p>\n<h2><b>Gesti\u00f3n sostenible en Grupo Guardado con Jos\u00e9 Buenaventura Guardado<\/b><\/h2>\n<p>Para <b>Jos\u00e9 Buenaventura<\/b>, la sostenibilidad solo es efectiva cuando se vuelve verificable. Por eso, la modernizaci\u00f3n va acompa\u00f1ada de indicadores de desempe\u00f1o y de revisiones peri\u00f3dicas que convierten la eficiencia energ\u00e9tica en disciplina operativa. <b>No se trata de iniciativas aisladas, sino de una arquitectura de gesti\u00f3n que integra objetivos ambientales a la matriz de riesgos<\/b>, con trazabilidad de insumos y protocolos de mantenimiento orientados a ahorro y confiabilidad.<\/p>\n<p>Su \u00e9nfasis en la energ\u00eda solar obedece tambi\u00e9n a se\u00f1ales de mercado. La capacidad fotovoltaica global se expande impulsada por precios competitivos y mejoras tecnol\u00f3gicas que sostienen su adopci\u00f3n a gran escala, condiciones que fortalecen la l\u00f3gica econ\u00f3mica de invertir en generaci\u00f3n limpia dentro de la industria. As\u00ed, <b>Jos\u00e9 Buenaventura<\/b> convierte la transici\u00f3n energ\u00e9tica en palanca de valor: menos exposici\u00f3n a la volatilidad de combustibles, mayor previsibilidad de costos y un perfil de riesgo m\u00e1s atractivo para financiadores y socios.<\/p>\n<p>Su liderazgo se traduce en una cultura de mejora continua. <b>La empresa incorpora sistemas de monitoreo en tiempo real, rutinas de mantenimiento preventivo y programas de capacitaci\u00f3n para equipos t\u00e9cnicos<\/b>, con metas claras de reducci\u00f3n de consumo y de emisiones. La premisa directiva incluye escuchar de manera sistem\u00e1tica a clientes y proveedores. En sus palabras: <b>\u201cLa clave del \u00e9xito reside en escuchar atentamente la voz del mercado\u201d<\/b>. Esa escucha se complementa con el an\u00e1lisis de benchmarks sectoriales para detectar oportunidades de ahorro y de innovaci\u00f3n que impacten en productividad.<\/p>\n<p>El enfoque financiero acompa\u00f1a. Diversas investigaciones subrayan que una gesti\u00f3n ambiental rigurosa puede asociarse con reducci\u00f3n de costos operativos, mejor gesti\u00f3n de riesgos y, en determinados casos, condiciones de capital m\u00e1s favorables. <b>Al ordenar datos y metas, es m\u00e1s f\u00e1cil que la sostenibilidad deje de ser un relato y se convierta en resultados comparables, auditables y \u00fatiles para la toma de decisiones<\/b>.<\/p>\n<h2><b>Responsabilidad social y cadena de valor<\/b><\/h2>\n<p>El empresario tambi\u00e9n impulsa un modelo de negocio con responsabilidades expl\u00edcitas en la comunidad. <b>\u201cNuestra empresa es mucho m\u00e1s que un proveedor de productos; somos un agente de cambio comprometido con la sociedad y el medio ambiente\u201d<\/b>, afirma <b>Buenaventura Guardado<\/b> al describir programas de salud y apoyo institucional que la organizaci\u00f3n ha sostenido junto con pr\u00e1cticas internas para optimizar recursos. Esa agenda social no opera de forma aislada: se integra a compras, log\u00edstica y desarrollo de proveedores, alineando est\u00e1ndares y expectativas con los actores de su cadena de valor.<\/p>\n<p>En el plano cultural, <b>Jos\u00e9 Buenaventura<\/b> remarca que <b>\u201cla responsabilidad social y ambiental van de la mano\u201d<\/b>. Dicha convicci\u00f3n permea objetivos internos, incentivos y programas de formaci\u00f3n. La entidad trabaja con metas de uso eficiente del agua, manejo de residuos y seguridad ocupacional, articulando \u00e1reas t\u00e9cnicas y de gesti\u00f3n para evitar duplicidades y capturar mejoras en productividad. A medida que maduran los sistemas de medici\u00f3n y reporte, el grupo consolida un lenguaje com\u00fan entre operaciones, finanzas y sostenibilidad que facilita priorizar proyectos de alto retorno ambiental y econ\u00f3mico. El resultado de esta apuesta verde es un modelo operativo m\u00e1s resiliente. Con <b>Jos\u00e9 Buenaventura Guardado<\/b> al frente, <b>Grupo Guardado<\/b> fortalece su perfil energ\u00e9tico con generaci\u00f3n solar, ordena su consumo con m\u00e9tricas exigentes y profundiza un compromiso social que dialoga con la eficiencia.<\/p>","protected":false},"excerpt":{"rendered":"<p>La sostenibilidad ya no es un diferencial, se ha convertido en un est\u00e1ndar empresarial. Hoy, la gran mayor\u00eda de las compa\u00f1\u00edas l\u00edderes del mundo publica informaci\u00f3n ESG y rinde cuentas sobre su desempe\u00f1o ambiental, social y de gobernanza, como muestran los principales relevamientos internacionales. Ante este escenario, Jos\u00e9 Buenaventura Guardado [&hellip;]<\/p>\n","protected":false},"author":3,"featured_media":66839,"comment_status":"closed","ping_status":"closed","sticky":false,"template":"","format":"standard","meta":{"footnotes":""},"categories":[3790],"tags":[],"class_list":["post-66838","post","type-post","status-publish","format-standard","has-post-thumbnail","hentry","category-otras-noticias"],"yoast_head":"<!-- This site is optimized with the Yoast SEO plugin v27.5 - https:\/\/yoast.com\/product\/yoast-seo-wordpress\/ -->\n<title>\u00bfCu\u00e1l es la apuesta verde de Jos\u00e9 Buenaventura Guardado dentro del Grupo Guardado? - Revista Rambla<\/title>\n<meta name=\"robots\" content=\"index, follow, max-snippet:-1, max-image-preview:large, max-video-preview:-1\" \/>\n<link rel=\"canonical\" href=\"https:\/\/www.revistarambla.com\/en\/cual-es-la-apuesta-verde-de-jose-buenaventura-guardado-dentro-del-grupo-guardado\/\" \/>\n<meta property=\"og:locale\" content=\"en_GB\" \/>\n<meta property=\"og:type\" content=\"article\" \/>\n<meta property=\"og:title\" content=\"\u00bfCu\u00e1l es la apuesta verde de Jos\u00e9 Buenaventura Guardado dentro del Grupo Guardado? - Revista Rambla\" \/>\n<meta property=\"og:description\" content=\"La sostenibilidad ya no es un diferencial, se ha convertido en un est\u00e1ndar empresarial. Hoy, la gran mayor\u00eda de las compa\u00f1\u00edas l\u00edderes del mundo publica informaci\u00f3n ESG y rinde cuentas sobre su desempe\u00f1o ambiental, social y de gobernanza, como muestran los principales relevamientos internacionales. Ante este escenario, Jos\u00e9 Buenaventura Guardado [&hellip;]\" \/>\n<meta property=\"og:url\" content=\"https:\/\/www.revistarambla.com\/en\/cual-es-la-apuesta-verde-de-jose-buenaventura-guardado-dentro-del-grupo-guardado\/\" \/>\n<meta property=\"og:site_name\" content=\"Revista Rambla\" \/>\n<meta property=\"article:publisher\" content=\"https:\/\/www.facebook.com\/revistarambla\/\" \/>\n<meta property=\"article:author\" content=\"https:\/\/www.facebook.com\/revistarambla\" \/>\n<meta property=\"article:published_time\" content=\"2025-10-08T10:17:58+00:00\" \/>\n<meta property=\"og:image\" content=\"https:\/\/www.revistarambla.com\/wp-content\/uploads\/2025\/10\/phphCefDj68e3c2ae70077.jpg\" \/>\n\t<meta property=\"og:image:width\" content=\"1024\" \/>\n\t<meta property=\"og:image:height\" content=\"1536\" \/>\n\t<meta property=\"og:image:type\" content=\"image\/jpeg\" \/>\n<meta name=\"author\" content=\"R@mbla\" \/>\n<meta name=\"twitter:card\" content=\"summary_large_image\" \/>\n<meta name=\"twitter:creator\" content=\"@revistarambla\" \/>\n<meta name=\"twitter:site\" content=\"@revistarambla\" \/>\n<meta name=\"twitter:label1\" content=\"Written by\" \/>\n\t<meta name=\"twitter:data1\" content=\"R@mbla\" \/>\n\t<meta name=\"twitter:label2\" content=\"Estimated reading time\" \/>\n\t<meta name=\"twitter:data2\" content=\"4 minutes\" \/>\n<script type=\"application\/ld+json\" class=\"yoast-schema-graph\">{\"@context\":\"https:\\\/\\\/schema.org\",\"@graph\":[{\"@type\":\"Article\",\"@id\":\"https:\\\/\\\/www.revistarambla.com\\\/cual-es-la-apuesta-verde-de-jose-buenaventura-guardado-dentro-del-grupo-guardado\\\/#article\",\"isPartOf\":{\"@id\":\"https:\\\/\\\/www.revistarambla.com\\\/cual-es-la-apuesta-verde-de-jose-buenaventura-guardado-dentro-del-grupo-guardado\\\/\"},\"author\":{\"name\":\"R@mbla\",\"@id\":\"https:\\\/\\\/www.revistarambla.com\\\/#\\\/schema\\\/person\\\/a146a5a2550b94981a75131180e1bd9c\"},\"headline\":\"\u00bfCu\u00e1l es la apuesta verde de Jos\u00e9 Buenaventura Guardado dentro del Grupo Guardado?\",\"datePublished\":\"2025-10-08T10:17:58+00:00\",\"mainEntityOfPage\":{\"@id\":\"https:\\\/\\\/www.revistarambla.com\\\/cual-es-la-apuesta-verde-de-jose-buenaventura-guardado-dentro-del-grupo-guardado\\\/\"},\"wordCount\":822,\"publisher\":{\"@id\":\"https:\\\/\\\/www.revistarambla.com\\\/#organization\"},\"image\":{\"@id\":\"https:\\\/\\\/www.revistarambla.com\\\/cual-es-la-apuesta-verde-de-jose-buenaventura-guardado-dentro-del-grupo-guardado\\\/#primaryimage\"},\"thumbnailUrl\":\"https:\\\/\\\/www.revistarambla.com\\\/wp-content\\\/uploads\\\/2025\\\/10\\\/phphCefDj68e3c2ae70077.jpg\",\"articleSection\":[\"Otras Noticias\"],\"inLanguage\":\"en-GB\"},{\"@type\":\"WebPage\",\"@id\":\"https:\\\/\\\/www.revistarambla.com\\\/cual-es-la-apuesta-verde-de-jose-buenaventura-guardado-dentro-del-grupo-guardado\\\/\",\"url\":\"https:\\\/\\\/www.revistarambla.com\\\/cual-es-la-apuesta-verde-de-jose-buenaventura-guardado-dentro-del-grupo-guardado\\\/\",\"name\":\"\u00bfCu\u00e1l es la apuesta verde de Jos\u00e9 Buenaventura Guardado dentro del Grupo Guardado? - Revista Rambla\",\"isPartOf\":{\"@id\":\"https:\\\/\\\/www.revistarambla.com\\\/#website\"},\"primaryImageOfPage\":{\"@id\":\"https:\\\/\\\/www.revistarambla.com\\\/cual-es-la-apuesta-verde-de-jose-buenaventura-guardado-dentro-del-grupo-guardado\\\/#primaryimage\"},\"image\":{\"@id\":\"https:\\\/\\\/www.revistarambla.com\\\/cual-es-la-apuesta-verde-de-jose-buenaventura-guardado-dentro-del-grupo-guardado\\\/#primaryimage\"},\"thumbnailUrl\":\"https:\\\/\\\/www.revistarambla.com\\\/wp-content\\\/uploads\\\/2025\\\/10\\\/phphCefDj68e3c2ae70077.jpg\",\"datePublished\":\"2025-10-08T10:17:58+00:00\",\"breadcrumb\":{\"@id\":\"https:\\\/\\\/www.revistarambla.com\\\/cual-es-la-apuesta-verde-de-jose-buenaventura-guardado-dentro-del-grupo-guardado\\\/#breadcrumb\"},\"inLanguage\":\"en-GB\",\"potentialAction\":[{\"@type\":\"ReadAction\",\"target\":[\"https:\\\/\\\/www.revistarambla.com\\\/cual-es-la-apuesta-verde-de-jose-buenaventura-guardado-dentro-del-grupo-guardado\\\/\"]}]},{\"@type\":\"ImageObject\",\"inLanguage\":\"en-GB\",\"@id\":\"https:\\\/\\\/www.revistarambla.com\\\/cual-es-la-apuesta-verde-de-jose-buenaventura-guardado-dentro-del-grupo-guardado\\\/#primaryimage\",\"url\":\"https:\\\/\\\/www.revistarambla.com\\\/wp-content\\\/uploads\\\/2025\\\/10\\\/phphCefDj68e3c2ae70077.jpg\",\"contentUrl\":\"https:\\\/\\\/www.revistarambla.com\\\/wp-content\\\/uploads\\\/2025\\\/10\\\/phphCefDj68e3c2ae70077.jpg\",\"width\":1024,\"height\":1536,\"caption\":\"energ\u00edas limpias\"},{\"@type\":\"BreadcrumbList\",\"@id\":\"https:\\\/\\\/www.revistarambla.com\\\/cual-es-la-apuesta-verde-de-jose-buenaventura-guardado-dentro-del-grupo-guardado\\\/#breadcrumb\",\"itemListElement\":[{\"@type\":\"ListItem\",\"position\":1,\"name\":\"Portada\",\"item\":\"https:\\\/\\\/www.revistarambla.com\\\/\"},{\"@type\":\"ListItem\",\"position\":2,\"name\":\"\u00bfCu\u00e1l es la apuesta verde de Jos\u00e9 Buenaventura Guardado dentro del Grupo Guardado?\"}]},{\"@type\":\"WebSite\",\"@id\":\"https:\\\/\\\/www.revistarambla.com\\\/#website\",\"url\":\"https:\\\/\\\/www.revistarambla.com\\\/\",\"name\":\"Revista Rambla Barcelona\",\"description\":\"Periodismo independiente\",\"publisher\":{\"@id\":\"https:\\\/\\\/www.revistarambla.com\\\/#organization\"},\"potentialAction\":[{\"@type\":\"SearchAction\",\"target\":{\"@type\":\"EntryPoint\",\"urlTemplate\":\"https:\\\/\\\/www.revistarambla.com\\\/?s={search_term_string}\"},\"query-input\":{\"@type\":\"PropertyValueSpecification\",\"valueRequired\":true,\"valueName\":\"search_term_string\"}}],\"inLanguage\":\"en-GB\"},{\"@type\":\"Organization\",\"@id\":\"https:\\\/\\\/www.revistarambla.com\\\/#organization\",\"name\":\"Revista Rambla\",\"url\":\"https:\\\/\\\/www.revistarambla.com\\\/\",\"logo\":{\"@type\":\"ImageObject\",\"inLanguage\":\"en-GB\",\"@id\":\"https:\\\/\\\/www.revistarambla.com\\\/#\\\/schema\\\/logo\\\/image\\\/\",\"url\":\"https:\\\/\\\/www.revistarambla.com\\\/wp-content\\\/uploads\\\/2020\\\/09\\\/banner_rambla_1900x600_BB.png\",\"contentUrl\":\"https:\\\/\\\/www.revistarambla.com\\\/wp-content\\\/uploads\\\/2020\\\/09\\\/banner_rambla_1900x600_BB.png\",\"width\":1900,\"height\":600,\"caption\":\"Revista Rambla\"},\"image\":{\"@id\":\"https:\\\/\\\/www.revistarambla.com\\\/#\\\/schema\\\/logo\\\/image\\\/\"},\"sameAs\":[\"https:\\\/\\\/www.facebook.com\\\/revistarambla\\\/\",\"https:\\\/\\\/x.com\\\/revistarambla\",\"https:\\\/\\\/www.instagram.com\\\/revista_rambla\",\"https:\\\/\\\/es.linkedin.com\\\/company\\\/revista-rambla\"]},{\"@type\":\"Person\",\"@id\":\"https:\\\/\\\/www.revistarambla.com\\\/#\\\/schema\\\/person\\\/a146a5a2550b94981a75131180e1bd9c\",\"name\":\"R@mbla\",\"description\":\"Este art\u00edculo ha sido redactado y\\\/o validado por el equipo de redacci\u00f3n de Revista Rambla.\",\"sameAs\":[\"https:\\\/\\\/www.revistarambla.com\\\/\",\"https:\\\/\\\/www.facebook.com\\\/revistarambla\",\"https:\\\/\\\/x.com\\\/revistarambla\"]}]}<\/script>\n<!-- \/ Yoast SEO plugin. -->","yoast_head_json":{"title":"\u00bfCu\u00e1l es la apuesta verde de Jos\u00e9 Buenaventura Guardado dentro del Grupo Guardado? - Revista Rambla","robots":{"index":"index","follow":"follow","max-snippet":"max-snippet:-1","max-image-preview":"max-image-preview:large","max-video-preview":"max-video-preview:-1"},"canonical":"https:\/\/www.revistarambla.com\/en\/cual-es-la-apuesta-verde-de-jose-buenaventura-guardado-dentro-del-grupo-guardado\/","og_locale":"en_GB","og_type":"article","og_title":"\u00bfCu\u00e1l es la apuesta verde de Jos\u00e9 Buenaventura Guardado dentro del Grupo Guardado? - Revista Rambla","og_description":"La sostenibilidad ya no es un diferencial, se ha convertido en un est\u00e1ndar empresarial. Hoy, la gran mayor\u00eda de las compa\u00f1\u00edas l\u00edderes del mundo publica informaci\u00f3n ESG y rinde cuentas sobre su desempe\u00f1o ambiental, social y de gobernanza, como muestran los principales relevamientos internacionales. Ante este escenario, Jos\u00e9 Buenaventura Guardado [&hellip;]","og_url":"https:\/\/www.revistarambla.com\/en\/cual-es-la-apuesta-verde-de-jose-buenaventura-guardado-dentro-del-grupo-guardado\/","og_site_name":"Revista Rambla","article_publisher":"https:\/\/www.facebook.com\/revistarambla\/","article_author":"https:\/\/www.facebook.com\/revistarambla","article_published_time":"2025-10-08T10:17:58+00:00","og_image":[{"width":1024,"height":1536,"url":"https:\/\/www.revistarambla.com\/wp-content\/uploads\/2025\/10\/phphCefDj68e3c2ae70077.jpg","type":"image\/jpeg"}],"author":"R@mbla","twitter_card":"summary_large_image","twitter_creator":"@revistarambla","twitter_site":"@revistarambla","twitter_misc":{"Written by":"R@mbla","Estimated reading time":"4 minutes"},"schema":{"@context":"https:\/\/schema.org","@graph":[{"@type":"Article","@id":"https:\/\/www.revistarambla.com\/cual-es-la-apuesta-verde-de-jose-buenaventura-guardado-dentro-del-grupo-guardado\/#article","isPartOf":{"@id":"https:\/\/www.revistarambla.com\/cual-es-la-apuesta-verde-de-jose-buenaventura-guardado-dentro-del-grupo-guardado\/"},"author":{"name":"R@mbla","@id":"https:\/\/www.revistarambla.com\/#\/schema\/person\/a146a5a2550b94981a75131180e1bd9c"},"headline":"\u00bfCu\u00e1l es la apuesta verde de Jos\u00e9 Buenaventura Guardado dentro del Grupo Guardado?","datePublished":"2025-10-08T10:17:58+00:00","mainEntityOfPage":{"@id":"https:\/\/www.revistarambla.com\/cual-es-la-apuesta-verde-de-jose-buenaventura-guardado-dentro-del-grupo-guardado\/"},"wordCount":822,"publisher":{"@id":"https:\/\/www.revistarambla.com\/#organization"},"image":{"@id":"https:\/\/www.revistarambla.com\/cual-es-la-apuesta-verde-de-jose-buenaventura-guardado-dentro-del-grupo-guardado\/#primaryimage"},"thumbnailUrl":"https:\/\/www.revistarambla.com\/wp-content\/uploads\/2025\/10\/phphCefDj68e3c2ae70077.jpg","articleSection":["Otras Noticias"],"inLanguage":"en-GB"},{"@type":"WebPage","@id":"https:\/\/www.revistarambla.com\/cual-es-la-apuesta-verde-de-jose-buenaventura-guardado-dentro-del-grupo-guardado\/","url":"https:\/\/www.revistarambla.com\/cual-es-la-apuesta-verde-de-jose-buenaventura-guardado-dentro-del-grupo-guardado\/","name":"\u00bfCu\u00e1l es la apuesta verde de Jos\u00e9 Buenaventura Guardado dentro del Grupo Guardado? - Revista Rambla","isPartOf":{"@id":"https:\/\/www.revistarambla.com\/#website"},"primaryImageOfPage":{"@id":"https:\/\/www.revistarambla.com\/cual-es-la-apuesta-verde-de-jose-buenaventura-guardado-dentro-del-grupo-guardado\/#primaryimage"},"image":{"@id":"https:\/\/www.revistarambla.com\/cual-es-la-apuesta-verde-de-jose-buenaventura-guardado-dentro-del-grupo-guardado\/#primaryimage"},"thumbnailUrl":"https:\/\/www.revistarambla.com\/wp-content\/uploads\/2025\/10\/phphCefDj68e3c2ae70077.jpg","datePublished":"2025-10-08T10:17:58+00:00","breadcrumb":{"@id":"https:\/\/www.revistarambla.com\/cual-es-la-apuesta-verde-de-jose-buenaventura-guardado-dentro-del-grupo-guardado\/#breadcrumb"},"inLanguage":"en-GB","potentialAction":[{"@type":"ReadAction","target":["https:\/\/www.revistarambla.com\/cual-es-la-apuesta-verde-de-jose-buenaventura-guardado-dentro-del-grupo-guardado\/"]}]},{"@type":"ImageObject","inLanguage":"en-GB","@id":"https:\/\/www.revistarambla.com\/cual-es-la-apuesta-verde-de-jose-buenaventura-guardado-dentro-del-grupo-guardado\/#primaryimage","url":"https:\/\/www.revistarambla.com\/wp-content\/uploads\/2025\/10\/phphCefDj68e3c2ae70077.jpg","contentUrl":"https:\/\/www.revistarambla.com\/wp-content\/uploads\/2025\/10\/phphCefDj68e3c2ae70077.jpg","width":1024,"height":1536,"caption":"energ\u00edas limpias"},{"@type":"BreadcrumbList","@id":"https:\/\/www.revistarambla.com\/cual-es-la-apuesta-verde-de-jose-buenaventura-guardado-dentro-del-grupo-guardado\/#breadcrumb","itemListElement":[{"@type":"ListItem","position":1,"name":"Portada","item":"https:\/\/www.revistarambla.com\/"},{"@type":"ListItem","position":2,"name":"\u00bfCu\u00e1l es la apuesta verde de Jos\u00e9 Buenaventura Guardado dentro del Grupo Guardado?"}]},{"@type":"WebSite","@id":"https:\/\/www.revistarambla.com\/#website","url":"https:\/\/www.revistarambla.com\/","name":"Revista Rambla Barcelona","description":"Periodismo independiente","publisher":{"@id":"https:\/\/www.revistarambla.com\/#organization"},"potentialAction":[{"@type":"SearchAction","target":{"@type":"EntryPoint","urlTemplate":"https:\/\/www.revistarambla.com\/?s={search_term_string}"},"query-input":{"@type":"PropertyValueSpecification","valueRequired":true,"valueName":"search_term_string"}}],"inLanguage":"en-GB"},{"@type":"Organization","@id":"https:\/\/www.revistarambla.com\/#organization","name":"Revista Rambla","url":"https:\/\/www.revistarambla.com\/","logo":{"@type":"ImageObject","inLanguage":"en-GB","@id":"https:\/\/www.revistarambla.com\/#\/schema\/logo\/image\/","url":"https:\/\/www.revistarambla.com\/wp-content\/uploads\/2020\/09\/banner_rambla_1900x600_BB.png","contentUrl":"https:\/\/www.revistarambla.com\/wp-content\/uploads\/2020\/09\/banner_rambla_1900x600_BB.png","width":1900,"height":600,"caption":"Revista Rambla"},"image":{"@id":"https:\/\/www.revistarambla.com\/#\/schema\/logo\/image\/"},"sameAs":["https:\/\/www.facebook.com\/revistarambla\/","https:\/\/x.com\/revistarambla","https:\/\/www.instagram.com\/revista_rambla","https:\/\/es.linkedin.com\/company\/revista-rambla"]},{"@type":"Person","@id":"https:\/\/www.revistarambla.com\/#\/schema\/person\/a146a5a2550b94981a75131180e1bd9c","name":"R@mbla","description":"Este art\u00edculo ha sido redactado y\/o validado por el equipo de redacci\u00f3n de Revista Rambla.","sameAs":["https:\/\/www.revistarambla.com\/","https:\/\/www.facebook.com\/revistarambla","https:\/\/x.com\/revistarambla"]}]}},"_links":{"self":[{"href":"https:\/\/www.revistarambla.com\/en\/wp-json\/wp\/v2\/posts\/66838","targetHints":{"allow":["GET"]}}],"collection":[{"href":"https:\/\/www.revistarambla.com\/en\/wp-json\/wp\/v2\/posts"}],"about":[{"href":"https:\/\/www.revistarambla.com\/en\/wp-json\/wp\/v2\/types\/post"}],"author":[{"embeddable":true,"href":"https:\/\/www.revistarambla.com\/en\/wp-json\/wp\/v2\/users\/3"}],"replies":[{"embeddable":true,"href":"https:\/\/www.revistarambla.com\/en\/wp-json\/wp\/v2\/comments?post=66838"}],"version-history":[{"count":1,"href":"https:\/\/www.revistarambla.com\/en\/wp-json\/wp\/v2\/posts\/66838\/revisions"}],"predecessor-version":[{"id":66840,"href":"https:\/\/www.revistarambla.com\/en\/wp-json\/wp\/v2\/posts\/66838\/revisions\/66840"}],"wp:featuredmedia":[{"embeddable":true,"href":"https:\/\/www.revistarambla.com\/en\/wp-json\/wp\/v2\/media\/66839"}],"wp:attachment":[{"href":"https:\/\/www.revistarambla.com\/en\/wp-json\/wp\/v2\/media?parent=66838"}],"wp:term":[{"taxonomy":"category","embeddable":true,"href":"https:\/\/www.revistarambla.com\/en\/wp-json\/wp\/v2\/categories?post=66838"},{"taxonomy":"post_tag","embeddable":true,"href":"https:\/\/www.revistarambla.com\/en\/wp-json\/wp\/v2\/tags?post=66838"}],"curies":[{"name":"wp","href":"https:\/\/api.w.org\/{rel}","templated":true}]}}