{"id":66831,"date":"2025-10-05T20:35:30","date_gmt":"2025-10-05T18:35:30","guid":{"rendered":"https:\/\/www.revistarambla.com\/?p=66831"},"modified":"2025-10-05T20:35:30","modified_gmt":"2025-10-05T18:35:30","slug":"la-genz-212-sigue-asediando-el-regimen-de-mohamed-vi","status":"publish","type":"post","link":"https:\/\/www.revistarambla.com\/en\/la-genz-212-sigue-asediando-el-regimen-de-mohamed-vi\/","title":{"rendered":"La GenZ 212 sigue asediando el r\u00e9gimen de Mohamed VI"},"content":{"rendered":"<p>El Reino de Marruecos se encuentra al borde de un punto de inflexi\u00f3n hist\u00f3rico tras la quinta noche consecutiva de protestas masivas en sus principales ciudades<!--more-->, marcadas por una violencia sin precedentes que ha dejado un saldo tr\u00e1gico: dos manifestantes muertos por heridas de bala, 263 agentes de polic\u00eda heridos y m\u00e1s de 400 detenciones. Lo que comenz\u00f3 como un grito de indignaci\u00f3n por la muerte de al menos ocho mujeres en un hospital p\u00fablico ha evolucionado en un movimiento juvenil que cuestiona el coraz\u00f3n del sistema socioecon\u00f3mico marroqu\u00ed, exponiendo las grietas de un pa\u00eds donde la juventud, motor de las manifestaciones, exige reformas urgentes en sanidad, educaci\u00f3n y empleo.<\/p>\n<p>Las protestas, organizadas bajo el estandarte de \u00abGenZ 212\u00bb \u2013un colectivo descentralizado que toma su nombre del c\u00f3digo telef\u00f3nico de Marruecos (212) y se coordina a trav\u00e9s de plataformas digitales como Discord y TikTok\u2013, irrumpieron el pasado fin de semana, los d\u00edas 27 y 28 de septiembre. Este grupo, compuesto mayoritariamente por j\u00f3venes de entre 18 y 30 a\u00f1os, representa a una generaci\u00f3n frustrada por la precariedad econ\u00f3mica y la degradaci\u00f3n de los servicios p\u00fablicos. Seg\u00fan informes de organizaciones internacionales, el desempleo juvenil en Marruecos alcanza el 35,8%, con un 19% entre los graduados universitarios, lo que agrava la sensaci\u00f3n de un futuro robado. \u00abQueremos hospitales, no estadios de f\u00fatbol\u00bb, corean los manifestantes, aludiendo a los millonarios gastos del gobierno en preparativos para la Copa del Mundo de 2030, en contraste con el colapso de la sanidad p\u00fablica.<\/p>\n<h2>El detonante: Tragedia en el Hospital Hassan II de Agadir<\/h2>\n<p>El origen de esta ola de descontento se remonta a mediados de septiembre, cuando al menos ocho mujeres fallecieron en el Hospital Regional Hassan II de Agadir tras someterse a ces\u00e1reas. Residentes locales y activistas atribuyen estas muertes a las precarias condiciones del centro: escasez de personal, equipo m\u00e9dico defectuoso y una infraestructura en ruinas. Videos virales en redes sociales mostraron salas abarrotadas, camas improvisadas y un caos que los usuarios denominaron \u00abel hospital de la muerte\u00bb. Estas im\u00e1genes, compartidas en TikTok y Discord, exportaron el malestar desde la regi\u00f3n de Sous-Massa al resto del pa\u00eds, amplificando un problema sist\u00e9mico: el sistema de salud marroqu\u00ed, seg\u00fan el Banco Mundial, sufre de subfinanciamiento cr\u00f3nico, con solo el 5,7% del PIB destinado a sanidad en 2024, muy por debajo de la media regional.<\/p>\n<p>La indignaci\u00f3n inicial en Agadir se transform\u00f3 en protestas locales el 15 de septiembre, con decenas de personas congregadas frente al hospital exigiendo responsabilidades. Sin embargo, la respuesta oficial fue tibia: el Ministerio de Salud admiti\u00f3 \u00abdeficiencias\u00bb pero atribuy\u00f3 las muertes a \u00abcomplicaciones m\u00e9dicas inevitables\u00bb, lo que solo aviv\u00f3 la ira. Organizaciones como la Asociaci\u00f3n Marroqu\u00ed de Derechos Humanos (AMDH) condenaron la represi\u00f3n temprana, incluyendo detenciones arbitrarias de manifestantes que documentaban el incidente. Este evento no es aislado; informes de la Organizaci\u00f3n Mundial de la Salud (OMS) indican que las enfermedades no transmisibles causan el 85% de las muertes en Marruecos, exacerbadas por un sistema de salud colapsado que deja a millones sin acceso adecuado.<\/p>\n<h2>La expansi\u00f3n del movimiento: De las redes a las calles<\/h2>\n<p>Lo que distingue a \u00abGenZ 212\u00bb es su naturaleza digital y descentralizada. Sin l\u00edderes formales ni afiliaci\u00f3n partidista, el movimiento se organiza en servidores de Discord con miles de miembros \u2013de 3.000 a m\u00e1s de 130.000 en d\u00edas\u2013, donde se debaten estrategias y se coordinan acciones. Plataformas como TikTok han sido clave para viralizar consignas como \u00abEl pueblo quiere derrocar la corrupci\u00f3n\u00bb, inspiradas en revueltas pasadas como el Hirak de 2016-2017 en el Rif. En X (anteriormente Twitter), videos de enfrentamientos muestran a j\u00f3venes enfrentando a la polic\u00eda con piedras y barricadas, mientras fuerzas de seguridad responden con gases lacrim\u00f3genos y balas de goma \u2013o, en casos extremos, munici\u00f3n real.<\/p>\n<p>Las manifestaciones se han extendido a ciudades como Casablanca, Marrakech, T\u00e1nger, Rabat, Sal\u00e9 y Oujda. En la quinta noche, el 4 de octubre, la violencia escal\u00f3 dram\u00e1ticamente: en Lqliaa, cerca de Agadir, dos manifestantes fueron abatidos al intentar asaltar una comisar\u00eda, seg\u00fan medios estatales. Testigos reportan decenas de heridos por disparos, con equipos de emergencia respondiendo en medio del caos. En Rabat, veh\u00edculos policiales fueron incendiados, y en Marrakech, oficinas gubernamentales sufrieron vandalismo. El Ministerio del Interior reporta 326 agentes heridos, pero activistas denuncian un \u00abapag\u00f3n medi\u00e1tico\u00bb con confiscaci\u00f3n de tel\u00e9fonos para impedir la documentaci\u00f3n de abusos.<\/p>\n<p>Amnist\u00eda Internacional ha instado al gobierno a cesar el uso excesivo de fuerza, documentando casos de detenciones arbitrarias y violencia policial. Human Rights Watch, por su parte, urge a atender las demandas de los manifestantes, destacando que las protestas reflejan un descontento acumulado por corrupci\u00f3n y desigualdad.<\/p>\n<h2>Contexto socioecon\u00f3mico: Una bomba de relojer\u00eda<\/h2>\n<p>Marruecos, bajo el reinado de Mohamed VI, ha proyectado una imagen de estabilidad y crecimiento, con un PIB per c\u00e1pita que ronda los 3.800 d\u00f3lares en 2025. Sin embargo, detr\u00e1s de esta fachada se esconde una profunda desigualdad: el 22% de los j\u00f3venes est\u00e1n desempleados, y la tasa general se sit\u00faa en el 13,18%. El sistema educativo, criticado por su obsolescencia, deja a miles de graduados sin oportunidades, mientras la sanidad p\u00fablica sufre de escasez cr\u00f3nica de recursos. Un informe del Foro Econ\u00f3mico Mundial de 2025 resalta problemas como la escasez de agua agravada por el cambio clim\u00e1tico, que impacta en la agricultura \u2013fuente de empleo para el 40% de la poblaci\u00f3n\u2013 y exacerba la pobreza rural.<\/p>\n<p>Los manifestantes denuncian la priorizaci\u00f3n de mega-proyectos como los estadios para el Mundial 2030, con inversiones estimadas en miles de millones, mientras hospitales como el de Agadir carecen de lo b\u00e1sico. \u00abVivimos como animales\u00bb, afirma un periodista marroqu\u00ed en un an\u00e1lisis reciente, contrastando el lujo de la \u00e9lite con la miseria cotidiana. Esta brecha se agrava por la corrupci\u00f3n end\u00e9mica: Marruecos ocupa el puesto 97 en el \u00cdndice de Percepci\u00f3n de Corrupci\u00f3n de Transparencia Internacional en 2024, con casos de malversaci\u00f3n en sectores p\u00fablicos.<\/p>\n<p>El movimiento \u00abGenZ 212\u00bb no es aislado; se inscribe en una ola global de protestas juveniles, desde Nepal hasta Madagascar, donde la Generaci\u00f3n Z usa herramientas digitales para desafiar reg\u00edmenes autoritarios. En Marruecos, sin embargo, hay temores de islamizaci\u00f3n, con influencias externas como Turqu\u00eda apoyando el descontento v\u00eda soft power.<\/p>\n<h2>Respuesta gubernamental y perspectivas futuras<\/h2>\n<p>El gobierno de Aziz Akhannouch, del Partido de la Autenticidad y Modernidad (PAM), ha respondido con represi\u00f3n, pero tambi\u00e9n con promesas vagas de di\u00e1logo. El rey Mohamed VI, figura central del sistema, no ha emitido declaraciones directas, lo que alimenta especulaciones sobre una crisis de legitimidad. Analistas como los de Reuters advierten que, sin reformas estructurales, las protestas podr\u00edan escalar a un \u00abPrimavera Africana\u00bb.<\/p>\n<p>Organizaciones independientes como Al Jazeera reportan un saldo de al menos tres muertes en total, con protestas extendi\u00e9ndose a la sexta noche. Mientras, en X, videos muestran a detenidos sonrientes en furgones policiales, simbolizando la resiliencia juvenil. El futuro es incierto: \u00bfceder\u00e1 el r\u00e9gimen ante la presi\u00f3n, o endurecer\u00e1 la represi\u00f3n? Lo claro es que \u00abGenZ 212\u00bb ha despertado a una generaci\u00f3n que no acepta m\u00e1s promesas vac\u00edas.<\/p>","protected":false},"excerpt":{"rendered":"<p>El estallido de la Generaci\u00f3n Z en Marruecos: Cinco noches de furia contra la desigualdad y la represi\u00f3n<\/p>","protected":false},"author":3,"featured_media":66832,"comment_status":"closed","ping_status":"closed","sticky":false,"template":"","format":"standard","meta":{"footnotes":""},"categories":[57],"tags":[],"class_list":["post-66831","post","type-post","status-publish","format-standard","has-post-thumbnail","hentry","category-global"],"yoast_head":"<!-- This site is optimized with the Yoast SEO plugin v27.5 - https:\/\/yoast.com\/product\/yoast-seo-wordpress\/ -->\n<title>La GenZ 212 sigue asediando el r\u00e9gimen de Mohamed VI - Revista Rambla<\/title>\n<meta name=\"robots\" content=\"index, follow, max-snippet:-1, max-image-preview:large, max-video-preview:-1\" \/>\n<link rel=\"canonical\" href=\"https:\/\/www.revistarambla.com\/en\/la-genz-212-sigue-asediando-el-regimen-de-mohamed-vi\/\" \/>\n<meta property=\"og:locale\" content=\"en_GB\" \/>\n<meta property=\"og:type\" content=\"article\" \/>\n<meta property=\"og:title\" content=\"La GenZ 212 sigue asediando el r\u00e9gimen de Mohamed VI - Revista Rambla\" \/>\n<meta property=\"og:description\" content=\"El estallido de la Generaci\u00f3n Z en Marruecos: Cinco noches de furia contra la desigualdad y la represi\u00f3n\" \/>\n<meta property=\"og:url\" content=\"https:\/\/www.revistarambla.com\/en\/la-genz-212-sigue-asediando-el-regimen-de-mohamed-vi\/\" \/>\n<meta property=\"og:site_name\" content=\"Revista Rambla\" \/>\n<meta property=\"article:publisher\" content=\"https:\/\/www.facebook.com\/revistarambla\/\" \/>\n<meta property=\"article:author\" content=\"https:\/\/www.facebook.com\/revistarambla\" \/>\n<meta property=\"article:published_time\" content=\"2025-10-05T18:35:30+00:00\" \/>\n<meta property=\"og:image\" content=\"https:\/\/www.revistarambla.com\/wp-content\/uploads\/2025\/10\/Protestas-Marruecos.jpg\" \/>\n\t<meta property=\"og:image:width\" content=\"500\" \/>\n\t<meta property=\"og:image:height\" content=\"334\" \/>\n\t<meta property=\"og:image:type\" content=\"image\/jpeg\" \/>\n<meta name=\"author\" content=\"R@mbla\" \/>\n<meta name=\"twitter:card\" content=\"summary_large_image\" \/>\n<meta name=\"twitter:creator\" content=\"@revistarambla\" \/>\n<meta name=\"twitter:site\" content=\"@revistarambla\" \/>\n<meta name=\"twitter:label1\" content=\"Written by\" \/>\n\t<meta name=\"twitter:data1\" content=\"R@mbla\" \/>\n\t<meta name=\"twitter:label2\" content=\"Estimated reading time\" \/>\n\t<meta name=\"twitter:data2\" content=\"6 minutes\" \/>\n<script type=\"application\/ld+json\" class=\"yoast-schema-graph\">{\"@context\":\"https:\\\/\\\/schema.org\",\"@graph\":[{\"@type\":\"Article\",\"@id\":\"https:\\\/\\\/www.revistarambla.com\\\/la-genz-212-sigue-asediando-el-regimen-de-mohamed-vi\\\/#article\",\"isPartOf\":{\"@id\":\"https:\\\/\\\/www.revistarambla.com\\\/la-genz-212-sigue-asediando-el-regimen-de-mohamed-vi\\\/\"},\"author\":{\"name\":\"R@mbla\",\"@id\":\"https:\\\/\\\/www.revistarambla.com\\\/#\\\/schema\\\/person\\\/a146a5a2550b94981a75131180e1bd9c\"},\"headline\":\"La GenZ 212 sigue asediando el r\u00e9gimen de Mohamed VI\",\"datePublished\":\"2025-10-05T18:35:30+00:00\",\"mainEntityOfPage\":{\"@id\":\"https:\\\/\\\/www.revistarambla.com\\\/la-genz-212-sigue-asediando-el-regimen-de-mohamed-vi\\\/\"},\"wordCount\":1239,\"publisher\":{\"@id\":\"https:\\\/\\\/www.revistarambla.com\\\/#organization\"},\"image\":{\"@id\":\"https:\\\/\\\/www.revistarambla.com\\\/la-genz-212-sigue-asediando-el-regimen-de-mohamed-vi\\\/#primaryimage\"},\"thumbnailUrl\":\"https:\\\/\\\/www.revistarambla.com\\\/wp-content\\\/uploads\\\/2025\\\/10\\\/Protestas-Marruecos.jpg\",\"articleSection\":[\"Global\"],\"inLanguage\":\"en-GB\"},{\"@type\":\"WebPage\",\"@id\":\"https:\\\/\\\/www.revistarambla.com\\\/la-genz-212-sigue-asediando-el-regimen-de-mohamed-vi\\\/\",\"url\":\"https:\\\/\\\/www.revistarambla.com\\\/la-genz-212-sigue-asediando-el-regimen-de-mohamed-vi\\\/\",\"name\":\"La GenZ 212 sigue asediando el r\u00e9gimen de Mohamed VI - Revista Rambla\",\"isPartOf\":{\"@id\":\"https:\\\/\\\/www.revistarambla.com\\\/#website\"},\"primaryImageOfPage\":{\"@id\":\"https:\\\/\\\/www.revistarambla.com\\\/la-genz-212-sigue-asediando-el-regimen-de-mohamed-vi\\\/#primaryimage\"},\"image\":{\"@id\":\"https:\\\/\\\/www.revistarambla.com\\\/la-genz-212-sigue-asediando-el-regimen-de-mohamed-vi\\\/#primaryimage\"},\"thumbnailUrl\":\"https:\\\/\\\/www.revistarambla.com\\\/wp-content\\\/uploads\\\/2025\\\/10\\\/Protestas-Marruecos.jpg\",\"datePublished\":\"2025-10-05T18:35:30+00:00\",\"breadcrumb\":{\"@id\":\"https:\\\/\\\/www.revistarambla.com\\\/la-genz-212-sigue-asediando-el-regimen-de-mohamed-vi\\\/#breadcrumb\"},\"inLanguage\":\"en-GB\",\"potentialAction\":[{\"@type\":\"ReadAction\",\"target\":[\"https:\\\/\\\/www.revistarambla.com\\\/la-genz-212-sigue-asediando-el-regimen-de-mohamed-vi\\\/\"]}]},{\"@type\":\"ImageObject\",\"inLanguage\":\"en-GB\",\"@id\":\"https:\\\/\\\/www.revistarambla.com\\\/la-genz-212-sigue-asediando-el-regimen-de-mohamed-vi\\\/#primaryimage\",\"url\":\"https:\\\/\\\/www.revistarambla.com\\\/wp-content\\\/uploads\\\/2025\\\/10\\\/Protestas-Marruecos.jpg\",\"contentUrl\":\"https:\\\/\\\/www.revistarambla.com\\\/wp-content\\\/uploads\\\/2025\\\/10\\\/Protestas-Marruecos.jpg\",\"width\":500,\"height\":334,\"caption\":\"protestas marruecos\"},{\"@type\":\"BreadcrumbList\",\"@id\":\"https:\\\/\\\/www.revistarambla.com\\\/la-genz-212-sigue-asediando-el-regimen-de-mohamed-vi\\\/#breadcrumb\",\"itemListElement\":[{\"@type\":\"ListItem\",\"position\":1,\"name\":\"Portada\",\"item\":\"https:\\\/\\\/www.revistarambla.com\\\/\"},{\"@type\":\"ListItem\",\"position\":2,\"name\":\"La GenZ 212 sigue asediando el r\u00e9gimen de Mohamed VI\"}]},{\"@type\":\"WebSite\",\"@id\":\"https:\\\/\\\/www.revistarambla.com\\\/#website\",\"url\":\"https:\\\/\\\/www.revistarambla.com\\\/\",\"name\":\"Revista Rambla Barcelona\",\"description\":\"Periodismo independiente\",\"publisher\":{\"@id\":\"https:\\\/\\\/www.revistarambla.com\\\/#organization\"},\"potentialAction\":[{\"@type\":\"SearchAction\",\"target\":{\"@type\":\"EntryPoint\",\"urlTemplate\":\"https:\\\/\\\/www.revistarambla.com\\\/?s={search_term_string}\"},\"query-input\":{\"@type\":\"PropertyValueSpecification\",\"valueRequired\":true,\"valueName\":\"search_term_string\"}}],\"inLanguage\":\"en-GB\"},{\"@type\":\"Organization\",\"@id\":\"https:\\\/\\\/www.revistarambla.com\\\/#organization\",\"name\":\"Revista Rambla\",\"url\":\"https:\\\/\\\/www.revistarambla.com\\\/\",\"logo\":{\"@type\":\"ImageObject\",\"inLanguage\":\"en-GB\",\"@id\":\"https:\\\/\\\/www.revistarambla.com\\\/#\\\/schema\\\/logo\\\/image\\\/\",\"url\":\"https:\\\/\\\/www.revistarambla.com\\\/wp-content\\\/uploads\\\/2020\\\/09\\\/banner_rambla_1900x600_BB.png\",\"contentUrl\":\"https:\\\/\\\/www.revistarambla.com\\\/wp-content\\\/uploads\\\/2020\\\/09\\\/banner_rambla_1900x600_BB.png\",\"width\":1900,\"height\":600,\"caption\":\"Revista Rambla\"},\"image\":{\"@id\":\"https:\\\/\\\/www.revistarambla.com\\\/#\\\/schema\\\/logo\\\/image\\\/\"},\"sameAs\":[\"https:\\\/\\\/www.facebook.com\\\/revistarambla\\\/\",\"https:\\\/\\\/x.com\\\/revistarambla\",\"https:\\\/\\\/www.instagram.com\\\/revista_rambla\",\"https:\\\/\\\/es.linkedin.com\\\/company\\\/revista-rambla\"]},{\"@type\":\"Person\",\"@id\":\"https:\\\/\\\/www.revistarambla.com\\\/#\\\/schema\\\/person\\\/a146a5a2550b94981a75131180e1bd9c\",\"name\":\"R@mbla\",\"description\":\"Este art\u00edculo ha sido redactado y\\\/o validado por el equipo de redacci\u00f3n de Revista Rambla.\",\"sameAs\":[\"https:\\\/\\\/www.revistarambla.com\\\/\",\"https:\\\/\\\/www.facebook.com\\\/revistarambla\",\"https:\\\/\\\/x.com\\\/revistarambla\"]}]}<\/script>\n<!-- \/ Yoast SEO plugin. -->","yoast_head_json":{"title":"La GenZ 212 sigue asediando el r\u00e9gimen de Mohamed VI - Revista Rambla","robots":{"index":"index","follow":"follow","max-snippet":"max-snippet:-1","max-image-preview":"max-image-preview:large","max-video-preview":"max-video-preview:-1"},"canonical":"https:\/\/www.revistarambla.com\/en\/la-genz-212-sigue-asediando-el-regimen-de-mohamed-vi\/","og_locale":"en_GB","og_type":"article","og_title":"La GenZ 212 sigue asediando el r\u00e9gimen de Mohamed VI - Revista Rambla","og_description":"El estallido de la Generaci\u00f3n Z en Marruecos: Cinco noches de furia contra la desigualdad y la represi\u00f3n","og_url":"https:\/\/www.revistarambla.com\/en\/la-genz-212-sigue-asediando-el-regimen-de-mohamed-vi\/","og_site_name":"Revista Rambla","article_publisher":"https:\/\/www.facebook.com\/revistarambla\/","article_author":"https:\/\/www.facebook.com\/revistarambla","article_published_time":"2025-10-05T18:35:30+00:00","og_image":[{"width":500,"height":334,"url":"https:\/\/www.revistarambla.com\/wp-content\/uploads\/2025\/10\/Protestas-Marruecos.jpg","type":"image\/jpeg"}],"author":"R@mbla","twitter_card":"summary_large_image","twitter_creator":"@revistarambla","twitter_site":"@revistarambla","twitter_misc":{"Written by":"R@mbla","Estimated reading time":"6 minutes"},"schema":{"@context":"https:\/\/schema.org","@graph":[{"@type":"Article","@id":"https:\/\/www.revistarambla.com\/la-genz-212-sigue-asediando-el-regimen-de-mohamed-vi\/#article","isPartOf":{"@id":"https:\/\/www.revistarambla.com\/la-genz-212-sigue-asediando-el-regimen-de-mohamed-vi\/"},"author":{"name":"R@mbla","@id":"https:\/\/www.revistarambla.com\/#\/schema\/person\/a146a5a2550b94981a75131180e1bd9c"},"headline":"La GenZ 212 sigue asediando el r\u00e9gimen de Mohamed VI","datePublished":"2025-10-05T18:35:30+00:00","mainEntityOfPage":{"@id":"https:\/\/www.revistarambla.com\/la-genz-212-sigue-asediando-el-regimen-de-mohamed-vi\/"},"wordCount":1239,"publisher":{"@id":"https:\/\/www.revistarambla.com\/#organization"},"image":{"@id":"https:\/\/www.revistarambla.com\/la-genz-212-sigue-asediando-el-regimen-de-mohamed-vi\/#primaryimage"},"thumbnailUrl":"https:\/\/www.revistarambla.com\/wp-content\/uploads\/2025\/10\/Protestas-Marruecos.jpg","articleSection":["Global"],"inLanguage":"en-GB"},{"@type":"WebPage","@id":"https:\/\/www.revistarambla.com\/la-genz-212-sigue-asediando-el-regimen-de-mohamed-vi\/","url":"https:\/\/www.revistarambla.com\/la-genz-212-sigue-asediando-el-regimen-de-mohamed-vi\/","name":"La GenZ 212 sigue asediando el r\u00e9gimen de Mohamed VI - Revista Rambla","isPartOf":{"@id":"https:\/\/www.revistarambla.com\/#website"},"primaryImageOfPage":{"@id":"https:\/\/www.revistarambla.com\/la-genz-212-sigue-asediando-el-regimen-de-mohamed-vi\/#primaryimage"},"image":{"@id":"https:\/\/www.revistarambla.com\/la-genz-212-sigue-asediando-el-regimen-de-mohamed-vi\/#primaryimage"},"thumbnailUrl":"https:\/\/www.revistarambla.com\/wp-content\/uploads\/2025\/10\/Protestas-Marruecos.jpg","datePublished":"2025-10-05T18:35:30+00:00","breadcrumb":{"@id":"https:\/\/www.revistarambla.com\/la-genz-212-sigue-asediando-el-regimen-de-mohamed-vi\/#breadcrumb"},"inLanguage":"en-GB","potentialAction":[{"@type":"ReadAction","target":["https:\/\/www.revistarambla.com\/la-genz-212-sigue-asediando-el-regimen-de-mohamed-vi\/"]}]},{"@type":"ImageObject","inLanguage":"en-GB","@id":"https:\/\/www.revistarambla.com\/la-genz-212-sigue-asediando-el-regimen-de-mohamed-vi\/#primaryimage","url":"https:\/\/www.revistarambla.com\/wp-content\/uploads\/2025\/10\/Protestas-Marruecos.jpg","contentUrl":"https:\/\/www.revistarambla.com\/wp-content\/uploads\/2025\/10\/Protestas-Marruecos.jpg","width":500,"height":334,"caption":"protestas marruecos"},{"@type":"BreadcrumbList","@id":"https:\/\/www.revistarambla.com\/la-genz-212-sigue-asediando-el-regimen-de-mohamed-vi\/#breadcrumb","itemListElement":[{"@type":"ListItem","position":1,"name":"Portada","item":"https:\/\/www.revistarambla.com\/"},{"@type":"ListItem","position":2,"name":"La GenZ 212 sigue asediando el r\u00e9gimen de Mohamed VI"}]},{"@type":"WebSite","@id":"https:\/\/www.revistarambla.com\/#website","url":"https:\/\/www.revistarambla.com\/","name":"Revista Rambla Barcelona","description":"Periodismo independiente","publisher":{"@id":"https:\/\/www.revistarambla.com\/#organization"},"potentialAction":[{"@type":"SearchAction","target":{"@type":"EntryPoint","urlTemplate":"https:\/\/www.revistarambla.com\/?s={search_term_string}"},"query-input":{"@type":"PropertyValueSpecification","valueRequired":true,"valueName":"search_term_string"}}],"inLanguage":"en-GB"},{"@type":"Organization","@id":"https:\/\/www.revistarambla.com\/#organization","name":"Revista Rambla","url":"https:\/\/www.revistarambla.com\/","logo":{"@type":"ImageObject","inLanguage":"en-GB","@id":"https:\/\/www.revistarambla.com\/#\/schema\/logo\/image\/","url":"https:\/\/www.revistarambla.com\/wp-content\/uploads\/2020\/09\/banner_rambla_1900x600_BB.png","contentUrl":"https:\/\/www.revistarambla.com\/wp-content\/uploads\/2020\/09\/banner_rambla_1900x600_BB.png","width":1900,"height":600,"caption":"Revista Rambla"},"image":{"@id":"https:\/\/www.revistarambla.com\/#\/schema\/logo\/image\/"},"sameAs":["https:\/\/www.facebook.com\/revistarambla\/","https:\/\/x.com\/revistarambla","https:\/\/www.instagram.com\/revista_rambla","https:\/\/es.linkedin.com\/company\/revista-rambla"]},{"@type":"Person","@id":"https:\/\/www.revistarambla.com\/#\/schema\/person\/a146a5a2550b94981a75131180e1bd9c","name":"R@mbla","description":"Este art\u00edculo ha sido redactado y\/o validado por el equipo de redacci\u00f3n de Revista Rambla.","sameAs":["https:\/\/www.revistarambla.com\/","https:\/\/www.facebook.com\/revistarambla","https:\/\/x.com\/revistarambla"]}]}},"_links":{"self":[{"href":"https:\/\/www.revistarambla.com\/en\/wp-json\/wp\/v2\/posts\/66831","targetHints":{"allow":["GET"]}}],"collection":[{"href":"https:\/\/www.revistarambla.com\/en\/wp-json\/wp\/v2\/posts"}],"about":[{"href":"https:\/\/www.revistarambla.com\/en\/wp-json\/wp\/v2\/types\/post"}],"author":[{"embeddable":true,"href":"https:\/\/www.revistarambla.com\/en\/wp-json\/wp\/v2\/users\/3"}],"replies":[{"embeddable":true,"href":"https:\/\/www.revistarambla.com\/en\/wp-json\/wp\/v2\/comments?post=66831"}],"version-history":[{"count":1,"href":"https:\/\/www.revistarambla.com\/en\/wp-json\/wp\/v2\/posts\/66831\/revisions"}],"predecessor-version":[{"id":66833,"href":"https:\/\/www.revistarambla.com\/en\/wp-json\/wp\/v2\/posts\/66831\/revisions\/66833"}],"wp:featuredmedia":[{"embeddable":true,"href":"https:\/\/www.revistarambla.com\/en\/wp-json\/wp\/v2\/media\/66832"}],"wp:attachment":[{"href":"https:\/\/www.revistarambla.com\/en\/wp-json\/wp\/v2\/media?parent=66831"}],"wp:term":[{"taxonomy":"category","embeddable":true,"href":"https:\/\/www.revistarambla.com\/en\/wp-json\/wp\/v2\/categories?post=66831"},{"taxonomy":"post_tag","embeddable":true,"href":"https:\/\/www.revistarambla.com\/en\/wp-json\/wp\/v2\/tags?post=66831"}],"curies":[{"name":"wp","href":"https:\/\/api.w.org\/{rel}","templated":true}]}}