{"id":66825,"date":"2025-10-05T13:02:25","date_gmt":"2025-10-05T11:02:25","guid":{"rendered":"https:\/\/www.revistarambla.com\/?p=66825"},"modified":"2025-10-05T13:02:25","modified_gmt":"2025-10-05T11:02:25","slug":"el-macabro-detalle-del-entierro-de-bela-lugosi-mitos-verdades-y-el-legado-eterno-del-vampiro","status":"publish","type":"post","link":"https:\/\/www.revistarambla.com\/en\/el-macabro-detalle-del-entierro-de-bela-lugosi-mitos-verdades-y-el-legado-eterno-del-vampiro\/","title":{"rendered":"El macabro detalle del entierro de Bela Lugosi: Mitos, verdades y el legado eterno del vampiro"},"content":{"rendered":"<p>En el pante\u00f3n de iconos del cine de terror, pocos nombres evocan tanto misterio y fascinaci\u00f3n como Bela Lugosi. El actor h\u00fangaro, inmortalizado por su interpretaci\u00f3n de Dr\u00e1cula en la pel\u00edcula de 1931 dirigida por Tod Browning, se convirti\u00f3 en sin\u00f3nimo de la figura del vampiro transilvano. Sin embargo, su vida real fue un drama mucho m\u00e1s tr\u00e1gico que cualquier guion hollywoodense: marcado por la adicci\u00f3n, la ruina financiera y el olvido de la industria que lo encumbr\u00f3. Su muerte en 1956, a los 73 a\u00f1os, culmin\u00f3 con un detalle macabro que ha alimentado su leyenda: fue enterrado con su capa de Dr\u00e1cula. Pero, \u00bfqui\u00e9n pag\u00f3 por su funeral? La creencia popular apunta a Frank Sinatra, pero las fuentes fiables desmienten este mito, revelando una historia de generosidad limitada y familia resiliente.<\/p>\n<h3>Los or\u00edgenes de una estrella: De Hungr\u00eda a Hollywood<\/h3>\n<p>B\u00e9la Ferenc Dezs\u0151 Blask\u00f3, conocido art\u00edsticamente como Bela Lugosi, naci\u00f3 el 20 de octubre de 1882 en Lugos, Hungr\u00eda (actual Lugoj, Rumania). Hijo de un banquero, Lugosi desafi\u00f3 las expectativas familiares al perseguir una carrera en el teatro. Tras estudiar en la Academia de Artes Teatrales de Budapest, debut\u00f3 en el escenario en 1901 y pronto incursion\u00f3 en el cine mudo h\u00fangaro bajo el seud\u00f3nimo de Arisztid Olt. Su vida cambi\u00f3 dr\u00e1sticamente con la Primera Guerra Mundial: sirvi\u00f3 en el ej\u00e9rcito austroh\u00fangaro, alcanzando el rango de capit\u00e1n y sufriendo heridas que le causar\u00edan dolor cr\u00f3nico de por vida, espec\u00edficamente ci\u00e1tica neur\u00edtica.<\/p>\n<p>La agitaci\u00f3n pol\u00edtica postb\u00e9lica lo oblig\u00f3 a exiliarse. En 1919, tras participar en la ef\u00edmera Rep\u00fablica Sovi\u00e9tica H\u00fangara como organizador de un sindicato de actores, huy\u00f3 a Alemania y luego a Estados Unidos en 1921. En Nueva York, Lugosi se uni\u00f3 a la comunidad teatral h\u00fangara y eventualmente triunf\u00f3 en Broadway con la adaptaci\u00f3n de <em>Dracula<\/em> en 1927. Su acento marcado y presencia imponente lo hicieron perfecto para el rol, que interpret\u00f3 en m\u00e1s de 200 funciones antes de llevarlo a Los \u00c1ngeles.<\/p>\n<p>Hollywood lo llam\u00f3. Universal Pictures, buscando capitalizar el \u00e9xito teatral, lo contrat\u00f3 para la versi\u00f3n cinematogr\u00e1fica de <em>Dracula<\/em> (1931). La pel\u00edcula fue un \u00e9xito rotundo, catapultando a Lugosi a la fama mundial. Su interpretaci\u00f3n, con frases ic\u00f3nicas como \u00abI am Dracula\u00bb pronunciadas con un acento seductor y siniestro, defini\u00f3 al vampiro para generaciones. Sigui\u00f3 una serie de \u00e9xitos en el g\u00e9nero de terror: <em>White Zombie<\/em> (1932), <em>The Black Cat<\/em> (1934) junto a Boris Karloff, y <em>Mark of the Vampire<\/em> (1935). En su apogeo, Lugosi era una estrella, casado cinco veces (su tercer matrimonio con Lillian Arch le dio un hijo, Bela Jr., en 1938) y viviendo un estilo de vida lujoso.<\/p>\n<h3>El declive: Typecasting, adicci\u00f3n y olvido<\/h3>\n<p>Sin embargo, el \u00e9xito fue ef\u00edmero. Lugosi qued\u00f3 encasillado en roles de villano ex\u00f3tico, limitando sus oportunidades. La salida de los Laemmle de Universal en 1936, junto con una prohibici\u00f3n temporal de pel\u00edculas de terror en Gran Breta\u00f1a (su mayor mercado), hundi\u00f3 su carrera. Para finales de los a\u00f1os 30, sus problemas de salud empeoraron: el dolor cr\u00f3nico lo llev\u00f3 a depender de opi\u00e1ceos como morfina y metadona, prescritos inicialmente por m\u00e9dicos. Esta adicci\u00f3n, combinada con alcoholismo, afect\u00f3 su profesionalismo y reputaci\u00f3n. En 1937, tuvo que retirarse de un papel principal en <em>The Secret of Treasure Island<\/em> debido al dolor.<\/p>\n<p>Financieramente, Lugosi era un derrochador. A pesar de ganar miles en su pico, acumul\u00f3 deudas. En 1938, pidi\u00f3 prestado al Fondo de Actores para cubrir facturas hospitalarias de su hijo. Su carrera se redujo a papeles secundarios en pel\u00edculas B y apariciones teatrales. Colabor\u00f3 con Boris Karloff en <em>Son of Frankenstein<\/em> (1939) y <em>The Ghost of Frankenstein<\/em> (1942), pero su interpretaci\u00f3n del Monstruo en <em>Frankenstein Meets the Wolf Man<\/em> (1943) fue criticada por su uso de dobles y edici\u00f3n deficiente. Su \u00faltimo film \u00abA\u00bb fue <em>Abbott and Costello Meet Frankenstein <\/em>(1948), donde volvi\u00f3 a ser Dr\u00e1cula, pero los productores inicialmente creyeron que hab\u00eda muerto debido a su aislamiento.<\/p>\n<p>En los 50, Lugosi cay\u00f3 en la pobreza. Apareci\u00f3 en televisi\u00f3n temprana, como en <em>Texaco Star Theatre<\/em> (1949), y toured con espect\u00e1culos de \u00abspook show\u00bb. En Inglaterra, film\u00f3 la comedia de bajo presupuesto, <em>Mother Riley Meets the Vampire<\/em> (1952). Su asociaci\u00f3n con Edward D. Wood Jr., el \u00abpeor director de la historia\u00bb, marc\u00f3 su nadir: narr\u00f3 <em>Glen or Glenda<\/em> (1953), protagoniz\u00f3 <em>Bride of the Monster<\/em> (1955) y dej\u00f3 metraje p\u00f3stumo para <em>Plan 9 from Outer Space<\/em> (1957). En 1955, se intern\u00f3 voluntariamente en un hospital para tratar su adicci\u00f3n, declarando p\u00fablicamente: \u00abSoy el monstruo de Frankenstein creado por mis propias manos\u00bb. La premiere de <em>Bride of the Monster<\/em> se organiz\u00f3 para recaudar fondos para sus gastos m\u00e9dicos, pero rindi\u00f3 poco.<\/p>\n<p>Hollywood lo olvid\u00f3. Lugosi viv\u00eda en un apartamento modesto, dependiente de roles menores y apariciones personales. Su quinta esposa, Hope Lininger, una fan 37 a\u00f1os menor, lo conoci\u00f3 escribi\u00e9ndole cartas durante su rehabilitaci\u00f3n y se casaron en 1955. Pero la adicci\u00f3n persisti\u00f3, y su salud se deterior\u00f3.<\/p>\n<h3>La muerte y el entierro macabro<\/h3>\n<p>El 16 de agosto de 1956, Lugosi muri\u00f3 de un ataque al coraz\u00f3n mientras dorm\u00eda en su apartamento de Los \u00c1ngeles. Hope lo encontr\u00f3 al regresar del trabajo. Ten\u00eda 73 a\u00f1os, y su obituario en el <em>Los Angeles Times<\/em> fue breve, enfoc\u00e1ndose en su adicci\u00f3n m\u00e1s que en su legado. Su testamento, escrito en 1954, dejaba solo $1,000 en efectivo (equivalente a unos $11,565 actuales) y propiedades baratas a su hijo, compartidas con Hope. No encontr\u00f3 $3,000 que Hope sospechaba hab\u00eda escondido, posiblemente gastados en alcohol.<\/p>\n<p>El funeral se celebr\u00f3 el 18 de agosto en la capilla Utter-McKinley en Hollywood. Asistieron familiares, amigos como Ed Wood (quien fue portador del f\u00e9retro) y figuras del terror como Tor Johnson. Lugosi fue enterrado en el Cementerio Holy Cross de Culver City, con una l\u00e1pida simple: \u00abBela Lugosi, Beloved Father, 1882-1956\u00bb.<\/p>\n<p>El detalle macabro: fue sepultado en su traje completo de Dr\u00e1cula, incluyendo la capa y el anillo. Contrario al mito, no fue su deseo moribundo; la decisi\u00f3n la tomaron su hijo Bela Jr. y ex-esposa Lillian, creyendo que era lo que habr\u00eda querido. Hope afirm\u00f3 lo contrario en la prensa, pero fuentes como la biograf\u00eda de Gary D. Rhodes confirman que fue una elecci\u00f3n familiar para honrar su rol ic\u00f3nico. Este acto cement\u00f3 su leyenda como el vampiro eterno, atrayendo fans a su tumba hasta hoy.<\/p>\n<h3>El mito de Frank Sinatra: Generosidad y malentendidos<\/h3>\n<p>La narrativa popular sostiene que Frank Sinatra pag\u00f3 el funeral de Lugosi, incrementando la aura tr\u00e1gica. Sin embargo, esto es un mito persistente desmentido por m\u00faltiples fuentes. Sinatra, admirador de Lugosi, lo visit\u00f3 en el hospital durante su rehabilitaci\u00f3n en 1955 y le dio un cheque de $1,000, un gesto generoso considerando que no se conoc\u00edan. Lugosi record\u00f3 el encuentro con asombro: \u00abNunca lo hab\u00eda conocido antes\u00bb.<\/p>\n<p>Pero el funeral fue financiado por la familia: Lillian pag\u00f3 el lote y la l\u00e1pida, mientras Hope cubri\u00f3 el ata\u00fad y el servicio. El rumor sobre Sinatra probablemente surgi\u00f3 de su ayuda previa y se amplific\u00f3 en biograf\u00edas no verificadas, como trivia en IMDb o an\u00e9cdotas de Rat Pack. Libros autorizados, como <em>Bela Lugosi: Dreams and Nightmares<\/em> de Gary D. Rhodes y <em>The Immortal Count<\/em> de Arthur Lennig, confirman que Sinatra no intervino en el entierro.<\/p>\n<p>Este malentendido a\u00f1ade capas a la leyenda de Lugosi: un hombre olvidado por Hollywood, salvo por gestos aislados de estrellas como Sinatra. Ir\u00f3nicamente, el mito realza su imagen de vampiro tr\u00e1gico, un alma errante en la eternidad financiera y emocional.<\/p>\n<h3>Legado: El vampiro que trasciende la muerte<\/h3>\n<p>Bela Lugosi muri\u00f3 pobre, con menos de $2,000 en su cuenta, tras 20 a\u00f1os de adicci\u00f3n y aislamiento. Hollywood lo descart\u00f3, pero su Dr\u00e1cula influy\u00f3 en incontables adaptaciones, desde Christopher Lee hasta Gary Oldman. Su tumba, con la capa debajo, simboliza la fusi\u00f3n entre actor y personaje, un macabro recordatorio de c\u00f3mo el arte consume al artista.<\/p>\n<p>En una era de remakes y revivals de terror, Lugosi permanece inmortal. Su historia advierte sobre los peligros del typecasting y la adicci\u00f3n en la industria. Como dijo en una entrevista de 1955: \u00abSoy un monstruo, pero un monstruo humano\u00bb. Su entierro no fue pagado por Sinatra, pero su leyenda s\u00ed fue enriquecida por mitos que lo mantienen vivo en la cultura pop.<\/p>","protected":false},"excerpt":{"rendered":"<p>En el pante\u00f3n de iconos del cine de terror, pocos nombres evocan tanto misterio y fascinaci\u00f3n como Bela Lugosi. El actor h\u00fangaro, inmortalizado por su interpretaci\u00f3n de Dr\u00e1cula en la pel\u00edcula de 1931 dirigida por Tod Browning, se convirti\u00f3 en sin\u00f3nimo de la figura del vampiro transilvano. Sin embargo, su [&hellip;]<\/p>\n","protected":false},"author":3,"featured_media":66826,"comment_status":"closed","ping_status":"closed","sticky":false,"template":"","format":"standard","meta":{"footnotes":""},"categories":[61],"tags":[],"class_list":["post-66825","post","type-post","status-publish","format-standard","has-post-thumbnail","hentry","category-cine"],"yoast_head":"<!-- This site is optimized with the Yoast SEO plugin v27.5 - https:\/\/yoast.com\/product\/yoast-seo-wordpress\/ -->\n<title>El macabro detalle del entierro de Bela Lugosi: Mitos, verdades y el legado eterno del vampiro - Revista Rambla<\/title>\n<meta name=\"robots\" content=\"index, follow, max-snippet:-1, max-image-preview:large, max-video-preview:-1\" \/>\n<link rel=\"canonical\" href=\"https:\/\/www.revistarambla.com\/en\/el-macabro-detalle-del-entierro-de-bela-lugosi-mitos-verdades-y-el-legado-eterno-del-vampiro\/\" \/>\n<meta property=\"og:locale\" content=\"en_GB\" \/>\n<meta property=\"og:type\" content=\"article\" \/>\n<meta property=\"og:title\" content=\"El macabro detalle del entierro de Bela Lugosi: Mitos, verdades y el legado eterno del vampiro - Revista Rambla\" \/>\n<meta property=\"og:description\" content=\"En el pante\u00f3n de iconos del cine de terror, pocos nombres evocan tanto misterio y fascinaci\u00f3n como Bela Lugosi. El actor h\u00fangaro, inmortalizado por su interpretaci\u00f3n de Dr\u00e1cula en la pel\u00edcula de 1931 dirigida por Tod Browning, se convirti\u00f3 en sin\u00f3nimo de la figura del vampiro transilvano. Sin embargo, su [&hellip;]\" \/>\n<meta property=\"og:url\" content=\"https:\/\/www.revistarambla.com\/en\/el-macabro-detalle-del-entierro-de-bela-lugosi-mitos-verdades-y-el-legado-eterno-del-vampiro\/\" \/>\n<meta property=\"og:site_name\" content=\"Revista Rambla\" \/>\n<meta property=\"article:publisher\" content=\"https:\/\/www.facebook.com\/revistarambla\/\" \/>\n<meta property=\"article:author\" content=\"https:\/\/www.facebook.com\/revistarambla\" \/>\n<meta property=\"article:published_time\" content=\"2025-10-05T11:02:25+00:00\" \/>\n<meta property=\"og:image\" content=\"https:\/\/www.revistarambla.com\/wp-content\/uploads\/2025\/10\/Bela_Lugosis_grave.jpg\" \/>\n\t<meta property=\"og:image:width\" content=\"1280\" \/>\n\t<meta property=\"og:image:height\" content=\"960\" \/>\n\t<meta property=\"og:image:type\" content=\"image\/jpeg\" \/>\n<meta name=\"author\" content=\"R@mbla\" \/>\n<meta name=\"twitter:card\" content=\"summary_large_image\" \/>\n<meta name=\"twitter:creator\" content=\"@revistarambla\" \/>\n<meta name=\"twitter:site\" content=\"@revistarambla\" \/>\n<meta name=\"twitter:label1\" content=\"Written by\" \/>\n\t<meta name=\"twitter:data1\" content=\"R@mbla\" \/>\n\t<meta name=\"twitter:label2\" content=\"Estimated reading time\" \/>\n\t<meta name=\"twitter:data2\" content=\"7 minutes\" \/>\n<script type=\"application\/ld+json\" class=\"yoast-schema-graph\">{\"@context\":\"https:\\\/\\\/schema.org\",\"@graph\":[{\"@type\":\"Article\",\"@id\":\"https:\\\/\\\/www.revistarambla.com\\\/el-macabro-detalle-del-entierro-de-bela-lugosi-mitos-verdades-y-el-legado-eterno-del-vampiro\\\/#article\",\"isPartOf\":{\"@id\":\"https:\\\/\\\/www.revistarambla.com\\\/el-macabro-detalle-del-entierro-de-bela-lugosi-mitos-verdades-y-el-legado-eterno-del-vampiro\\\/\"},\"author\":{\"name\":\"R@mbla\",\"@id\":\"https:\\\/\\\/www.revistarambla.com\\\/#\\\/schema\\\/person\\\/a146a5a2550b94981a75131180e1bd9c\"},\"headline\":\"El macabro detalle del entierro de Bela Lugosi: Mitos, verdades y el legado eterno del vampiro\",\"datePublished\":\"2025-10-05T11:02:25+00:00\",\"mainEntityOfPage\":{\"@id\":\"https:\\\/\\\/www.revistarambla.com\\\/el-macabro-detalle-del-entierro-de-bela-lugosi-mitos-verdades-y-el-legado-eterno-del-vampiro\\\/\"},\"wordCount\":1443,\"publisher\":{\"@id\":\"https:\\\/\\\/www.revistarambla.com\\\/#organization\"},\"image\":{\"@id\":\"https:\\\/\\\/www.revistarambla.com\\\/el-macabro-detalle-del-entierro-de-bela-lugosi-mitos-verdades-y-el-legado-eterno-del-vampiro\\\/#primaryimage\"},\"thumbnailUrl\":\"https:\\\/\\\/www.revistarambla.com\\\/wp-content\\\/uploads\\\/2025\\\/10\\\/Bela_Lugosis_grave.jpg\",\"articleSection\":[\"Cine &amp; Series\"],\"inLanguage\":\"en-GB\"},{\"@type\":\"WebPage\",\"@id\":\"https:\\\/\\\/www.revistarambla.com\\\/el-macabro-detalle-del-entierro-de-bela-lugosi-mitos-verdades-y-el-legado-eterno-del-vampiro\\\/\",\"url\":\"https:\\\/\\\/www.revistarambla.com\\\/el-macabro-detalle-del-entierro-de-bela-lugosi-mitos-verdades-y-el-legado-eterno-del-vampiro\\\/\",\"name\":\"El macabro detalle del entierro de Bela Lugosi: Mitos, verdades y el legado eterno del vampiro - Revista Rambla\",\"isPartOf\":{\"@id\":\"https:\\\/\\\/www.revistarambla.com\\\/#website\"},\"primaryImageOfPage\":{\"@id\":\"https:\\\/\\\/www.revistarambla.com\\\/el-macabro-detalle-del-entierro-de-bela-lugosi-mitos-verdades-y-el-legado-eterno-del-vampiro\\\/#primaryimage\"},\"image\":{\"@id\":\"https:\\\/\\\/www.revistarambla.com\\\/el-macabro-detalle-del-entierro-de-bela-lugosi-mitos-verdades-y-el-legado-eterno-del-vampiro\\\/#primaryimage\"},\"thumbnailUrl\":\"https:\\\/\\\/www.revistarambla.com\\\/wp-content\\\/uploads\\\/2025\\\/10\\\/Bela_Lugosis_grave.jpg\",\"datePublished\":\"2025-10-05T11:02:25+00:00\",\"breadcrumb\":{\"@id\":\"https:\\\/\\\/www.revistarambla.com\\\/el-macabro-detalle-del-entierro-de-bela-lugosi-mitos-verdades-y-el-legado-eterno-del-vampiro\\\/#breadcrumb\"},\"inLanguage\":\"en-GB\",\"potentialAction\":[{\"@type\":\"ReadAction\",\"target\":[\"https:\\\/\\\/www.revistarambla.com\\\/el-macabro-detalle-del-entierro-de-bela-lugosi-mitos-verdades-y-el-legado-eterno-del-vampiro\\\/\"]}]},{\"@type\":\"ImageObject\",\"inLanguage\":\"en-GB\",\"@id\":\"https:\\\/\\\/www.revistarambla.com\\\/el-macabro-detalle-del-entierro-de-bela-lugosi-mitos-verdades-y-el-legado-eterno-del-vampiro\\\/#primaryimage\",\"url\":\"https:\\\/\\\/www.revistarambla.com\\\/wp-content\\\/uploads\\\/2025\\\/10\\\/Bela_Lugosis_grave.jpg\",\"contentUrl\":\"https:\\\/\\\/www.revistarambla.com\\\/wp-content\\\/uploads\\\/2025\\\/10\\\/Bela_Lugosis_grave.jpg\",\"width\":1280,\"height\":960,\"caption\":\"Bela Lugosi\"},{\"@type\":\"BreadcrumbList\",\"@id\":\"https:\\\/\\\/www.revistarambla.com\\\/el-macabro-detalle-del-entierro-de-bela-lugosi-mitos-verdades-y-el-legado-eterno-del-vampiro\\\/#breadcrumb\",\"itemListElement\":[{\"@type\":\"ListItem\",\"position\":1,\"name\":\"Portada\",\"item\":\"https:\\\/\\\/www.revistarambla.com\\\/\"},{\"@type\":\"ListItem\",\"position\":2,\"name\":\"El macabro detalle del entierro de Bela Lugosi: Mitos, verdades y el legado eterno del vampiro\"}]},{\"@type\":\"WebSite\",\"@id\":\"https:\\\/\\\/www.revistarambla.com\\\/#website\",\"url\":\"https:\\\/\\\/www.revistarambla.com\\\/\",\"name\":\"Revista Rambla Barcelona\",\"description\":\"Periodismo independiente\",\"publisher\":{\"@id\":\"https:\\\/\\\/www.revistarambla.com\\\/#organization\"},\"potentialAction\":[{\"@type\":\"SearchAction\",\"target\":{\"@type\":\"EntryPoint\",\"urlTemplate\":\"https:\\\/\\\/www.revistarambla.com\\\/?s={search_term_string}\"},\"query-input\":{\"@type\":\"PropertyValueSpecification\",\"valueRequired\":true,\"valueName\":\"search_term_string\"}}],\"inLanguage\":\"en-GB\"},{\"@type\":\"Organization\",\"@id\":\"https:\\\/\\\/www.revistarambla.com\\\/#organization\",\"name\":\"Revista Rambla\",\"url\":\"https:\\\/\\\/www.revistarambla.com\\\/\",\"logo\":{\"@type\":\"ImageObject\",\"inLanguage\":\"en-GB\",\"@id\":\"https:\\\/\\\/www.revistarambla.com\\\/#\\\/schema\\\/logo\\\/image\\\/\",\"url\":\"https:\\\/\\\/www.revistarambla.com\\\/wp-content\\\/uploads\\\/2020\\\/09\\\/banner_rambla_1900x600_BB.png\",\"contentUrl\":\"https:\\\/\\\/www.revistarambla.com\\\/wp-content\\\/uploads\\\/2020\\\/09\\\/banner_rambla_1900x600_BB.png\",\"width\":1900,\"height\":600,\"caption\":\"Revista Rambla\"},\"image\":{\"@id\":\"https:\\\/\\\/www.revistarambla.com\\\/#\\\/schema\\\/logo\\\/image\\\/\"},\"sameAs\":[\"https:\\\/\\\/www.facebook.com\\\/revistarambla\\\/\",\"https:\\\/\\\/x.com\\\/revistarambla\",\"https:\\\/\\\/www.instagram.com\\\/revista_rambla\",\"https:\\\/\\\/es.linkedin.com\\\/company\\\/revista-rambla\"]},{\"@type\":\"Person\",\"@id\":\"https:\\\/\\\/www.revistarambla.com\\\/#\\\/schema\\\/person\\\/a146a5a2550b94981a75131180e1bd9c\",\"name\":\"R@mbla\",\"description\":\"Este art\u00edculo ha sido redactado y\\\/o validado por el equipo de redacci\u00f3n de Revista Rambla.\",\"sameAs\":[\"https:\\\/\\\/www.revistarambla.com\\\/\",\"https:\\\/\\\/www.facebook.com\\\/revistarambla\",\"https:\\\/\\\/x.com\\\/revistarambla\"]}]}<\/script>\n<!-- \/ Yoast SEO plugin. -->","yoast_head_json":{"title":"El macabro detalle del entierro de Bela Lugosi: Mitos, verdades y el legado eterno del vampiro - Revista Rambla","robots":{"index":"index","follow":"follow","max-snippet":"max-snippet:-1","max-image-preview":"max-image-preview:large","max-video-preview":"max-video-preview:-1"},"canonical":"https:\/\/www.revistarambla.com\/en\/el-macabro-detalle-del-entierro-de-bela-lugosi-mitos-verdades-y-el-legado-eterno-del-vampiro\/","og_locale":"en_GB","og_type":"article","og_title":"El macabro detalle del entierro de Bela Lugosi: Mitos, verdades y el legado eterno del vampiro - Revista Rambla","og_description":"En el pante\u00f3n de iconos del cine de terror, pocos nombres evocan tanto misterio y fascinaci\u00f3n como Bela Lugosi. El actor h\u00fangaro, inmortalizado por su interpretaci\u00f3n de Dr\u00e1cula en la pel\u00edcula de 1931 dirigida por Tod Browning, se convirti\u00f3 en sin\u00f3nimo de la figura del vampiro transilvano. Sin embargo, su [&hellip;]","og_url":"https:\/\/www.revistarambla.com\/en\/el-macabro-detalle-del-entierro-de-bela-lugosi-mitos-verdades-y-el-legado-eterno-del-vampiro\/","og_site_name":"Revista Rambla","article_publisher":"https:\/\/www.facebook.com\/revistarambla\/","article_author":"https:\/\/www.facebook.com\/revistarambla","article_published_time":"2025-10-05T11:02:25+00:00","og_image":[{"width":1280,"height":960,"url":"https:\/\/www.revistarambla.com\/wp-content\/uploads\/2025\/10\/Bela_Lugosis_grave.jpg","type":"image\/jpeg"}],"author":"R@mbla","twitter_card":"summary_large_image","twitter_creator":"@revistarambla","twitter_site":"@revistarambla","twitter_misc":{"Written by":"R@mbla","Estimated reading time":"7 minutes"},"schema":{"@context":"https:\/\/schema.org","@graph":[{"@type":"Article","@id":"https:\/\/www.revistarambla.com\/el-macabro-detalle-del-entierro-de-bela-lugosi-mitos-verdades-y-el-legado-eterno-del-vampiro\/#article","isPartOf":{"@id":"https:\/\/www.revistarambla.com\/el-macabro-detalle-del-entierro-de-bela-lugosi-mitos-verdades-y-el-legado-eterno-del-vampiro\/"},"author":{"name":"R@mbla","@id":"https:\/\/www.revistarambla.com\/#\/schema\/person\/a146a5a2550b94981a75131180e1bd9c"},"headline":"El macabro detalle del entierro de Bela Lugosi: Mitos, verdades y el legado eterno del vampiro","datePublished":"2025-10-05T11:02:25+00:00","mainEntityOfPage":{"@id":"https:\/\/www.revistarambla.com\/el-macabro-detalle-del-entierro-de-bela-lugosi-mitos-verdades-y-el-legado-eterno-del-vampiro\/"},"wordCount":1443,"publisher":{"@id":"https:\/\/www.revistarambla.com\/#organization"},"image":{"@id":"https:\/\/www.revistarambla.com\/el-macabro-detalle-del-entierro-de-bela-lugosi-mitos-verdades-y-el-legado-eterno-del-vampiro\/#primaryimage"},"thumbnailUrl":"https:\/\/www.revistarambla.com\/wp-content\/uploads\/2025\/10\/Bela_Lugosis_grave.jpg","articleSection":["Cine &amp; Series"],"inLanguage":"en-GB"},{"@type":"WebPage","@id":"https:\/\/www.revistarambla.com\/el-macabro-detalle-del-entierro-de-bela-lugosi-mitos-verdades-y-el-legado-eterno-del-vampiro\/","url":"https:\/\/www.revistarambla.com\/el-macabro-detalle-del-entierro-de-bela-lugosi-mitos-verdades-y-el-legado-eterno-del-vampiro\/","name":"El macabro detalle del entierro de Bela Lugosi: Mitos, verdades y el legado eterno del vampiro - Revista Rambla","isPartOf":{"@id":"https:\/\/www.revistarambla.com\/#website"},"primaryImageOfPage":{"@id":"https:\/\/www.revistarambla.com\/el-macabro-detalle-del-entierro-de-bela-lugosi-mitos-verdades-y-el-legado-eterno-del-vampiro\/#primaryimage"},"image":{"@id":"https:\/\/www.revistarambla.com\/el-macabro-detalle-del-entierro-de-bela-lugosi-mitos-verdades-y-el-legado-eterno-del-vampiro\/#primaryimage"},"thumbnailUrl":"https:\/\/www.revistarambla.com\/wp-content\/uploads\/2025\/10\/Bela_Lugosis_grave.jpg","datePublished":"2025-10-05T11:02:25+00:00","breadcrumb":{"@id":"https:\/\/www.revistarambla.com\/el-macabro-detalle-del-entierro-de-bela-lugosi-mitos-verdades-y-el-legado-eterno-del-vampiro\/#breadcrumb"},"inLanguage":"en-GB","potentialAction":[{"@type":"ReadAction","target":["https:\/\/www.revistarambla.com\/el-macabro-detalle-del-entierro-de-bela-lugosi-mitos-verdades-y-el-legado-eterno-del-vampiro\/"]}]},{"@type":"ImageObject","inLanguage":"en-GB","@id":"https:\/\/www.revistarambla.com\/el-macabro-detalle-del-entierro-de-bela-lugosi-mitos-verdades-y-el-legado-eterno-del-vampiro\/#primaryimage","url":"https:\/\/www.revistarambla.com\/wp-content\/uploads\/2025\/10\/Bela_Lugosis_grave.jpg","contentUrl":"https:\/\/www.revistarambla.com\/wp-content\/uploads\/2025\/10\/Bela_Lugosis_grave.jpg","width":1280,"height":960,"caption":"Bela Lugosi"},{"@type":"BreadcrumbList","@id":"https:\/\/www.revistarambla.com\/el-macabro-detalle-del-entierro-de-bela-lugosi-mitos-verdades-y-el-legado-eterno-del-vampiro\/#breadcrumb","itemListElement":[{"@type":"ListItem","position":1,"name":"Portada","item":"https:\/\/www.revistarambla.com\/"},{"@type":"ListItem","position":2,"name":"El macabro detalle del entierro de Bela Lugosi: Mitos, verdades y el legado eterno del vampiro"}]},{"@type":"WebSite","@id":"https:\/\/www.revistarambla.com\/#website","url":"https:\/\/www.revistarambla.com\/","name":"Revista Rambla Barcelona","description":"Periodismo independiente","publisher":{"@id":"https:\/\/www.revistarambla.com\/#organization"},"potentialAction":[{"@type":"SearchAction","target":{"@type":"EntryPoint","urlTemplate":"https:\/\/www.revistarambla.com\/?s={search_term_string}"},"query-input":{"@type":"PropertyValueSpecification","valueRequired":true,"valueName":"search_term_string"}}],"inLanguage":"en-GB"},{"@type":"Organization","@id":"https:\/\/www.revistarambla.com\/#organization","name":"Revista Rambla","url":"https:\/\/www.revistarambla.com\/","logo":{"@type":"ImageObject","inLanguage":"en-GB","@id":"https:\/\/www.revistarambla.com\/#\/schema\/logo\/image\/","url":"https:\/\/www.revistarambla.com\/wp-content\/uploads\/2020\/09\/banner_rambla_1900x600_BB.png","contentUrl":"https:\/\/www.revistarambla.com\/wp-content\/uploads\/2020\/09\/banner_rambla_1900x600_BB.png","width":1900,"height":600,"caption":"Revista Rambla"},"image":{"@id":"https:\/\/www.revistarambla.com\/#\/schema\/logo\/image\/"},"sameAs":["https:\/\/www.facebook.com\/revistarambla\/","https:\/\/x.com\/revistarambla","https:\/\/www.instagram.com\/revista_rambla","https:\/\/es.linkedin.com\/company\/revista-rambla"]},{"@type":"Person","@id":"https:\/\/www.revistarambla.com\/#\/schema\/person\/a146a5a2550b94981a75131180e1bd9c","name":"R@mbla","description":"Este art\u00edculo ha sido redactado y\/o validado por el equipo de redacci\u00f3n de Revista Rambla.","sameAs":["https:\/\/www.revistarambla.com\/","https:\/\/www.facebook.com\/revistarambla","https:\/\/x.com\/revistarambla"]}]}},"_links":{"self":[{"href":"https:\/\/www.revistarambla.com\/en\/wp-json\/wp\/v2\/posts\/66825","targetHints":{"allow":["GET"]}}],"collection":[{"href":"https:\/\/www.revistarambla.com\/en\/wp-json\/wp\/v2\/posts"}],"about":[{"href":"https:\/\/www.revistarambla.com\/en\/wp-json\/wp\/v2\/types\/post"}],"author":[{"embeddable":true,"href":"https:\/\/www.revistarambla.com\/en\/wp-json\/wp\/v2\/users\/3"}],"replies":[{"embeddable":true,"href":"https:\/\/www.revistarambla.com\/en\/wp-json\/wp\/v2\/comments?post=66825"}],"version-history":[{"count":1,"href":"https:\/\/www.revistarambla.com\/en\/wp-json\/wp\/v2\/posts\/66825\/revisions"}],"predecessor-version":[{"id":66827,"href":"https:\/\/www.revistarambla.com\/en\/wp-json\/wp\/v2\/posts\/66825\/revisions\/66827"}],"wp:featuredmedia":[{"embeddable":true,"href":"https:\/\/www.revistarambla.com\/en\/wp-json\/wp\/v2\/media\/66826"}],"wp:attachment":[{"href":"https:\/\/www.revistarambla.com\/en\/wp-json\/wp\/v2\/media?parent=66825"}],"wp:term":[{"taxonomy":"category","embeddable":true,"href":"https:\/\/www.revistarambla.com\/en\/wp-json\/wp\/v2\/categories?post=66825"},{"taxonomy":"post_tag","embeddable":true,"href":"https:\/\/www.revistarambla.com\/en\/wp-json\/wp\/v2\/tags?post=66825"}],"curies":[{"name":"wp","href":"https:\/\/api.w.org\/{rel}","templated":true}]}}