{"id":66796,"date":"2025-10-05T10:43:46","date_gmt":"2025-10-05T08:43:46","guid":{"rendered":"https:\/\/www.revistarambla.com\/?p=66796"},"modified":"2025-10-05T12:56:31","modified_gmt":"2025-10-05T10:56:31","slug":"barcelona-11-detenidos-y-19-agentes-heridos-tras-una-jornada-de-protestas-propalestinas","status":"publish","type":"post","link":"https:\/\/www.revistarambla.com\/en\/barcelona-11-detenidos-y-19-agentes-heridos-tras-una-jornada-de-protestas-propalestinas\/","title":{"rendered":"Barcelona: 11 detenidos y 19 agentes heridos tras una jornada de protestas propalestinas"},"content":{"rendered":"<p>La Ciudad Condal vivi\u00f3 ayer una jornada intensa de movilizaciones en solidaridad con Palestina, que culmin\u00f3 con disturbios en el centro urbano. <!--more-->Los Mossos d&#8217;Esquadra detuvieron a un total de 11 personas: una durante la manifestaci\u00f3n matutina por un delito de da\u00f1os, y diez m\u00e1s en la tarde por des\u00f3rdenes p\u00fablicos, da\u00f1os y atentado contra agentes de la autoridad. Adem\u00e1s, 19 agentes tuvieron que ser atendidos por heridas leves, seg\u00fan el balance oficial del Sistema de Emergencias M\u00e9dicas (SEM). Esta oleada de protestas se enmarca en el contexto de las mayores manifestaciones en Espa\u00f1a desde el inicio del conflicto en Gaza, agravado recientemente por el asalto israel\u00ed a la Flotilla Global Sumud, que transportaba ayuda humanitaria.<\/p>\n<p>La ma\u00f1ana comenz\u00f3 con un tono pac\u00edfico y masivo. M\u00e1s de 70.000 personas, seg\u00fan estimaciones de los organizadores, se congregaron en el centro de Barcelona para marchar en apoyo a Palestina y contra la escalada de violencia en Gaza y L\u00edbano. Convocada por m\u00e1s de 600 entidades, sindicatos y organizaciones civiles, la protesta formaba parte de una serie de acciones a nivel nacional e internacional para denunciar lo que los manifestantes califican como \u00abgenocidio\u00bb en la Franja de Gaza. Entre los participantes destacaban figuras p\u00fablicas como la activista clim\u00e1tica Greta Thunberg y la exalcaldesa de Barcelona, Ada Colau, quienes fueron detenidas temporalmente en un acto relacionado con la flotilla, aunque no directamente en esta manifestaci\u00f3n. La marcha matutina transcurri\u00f3 sin incidentes mayores, salvo el arresto de una persona acusada de causar da\u00f1os materiales, posiblemente en pintadas o destrozos menores en locales comerciales.<\/p>\n<p>Sin embargo, la atm\u00f3sfera cambi\u00f3 dr\u00e1sticamente por la tarde. Alrededor de las 17:00 horas, un grupo minoritario de manifestantes, estimado en unas pocas centenas, inici\u00f3 una \u00abcercavila\u00bb por el centro de la ciudad, enfocada en denunciar la complicidad de empresas internacionales con el gobierno israel\u00ed. Seg\u00fan testigos y fuentes policiales, este colectivo realiz\u00f3 pintadas, rompi\u00f3 vidrios y caus\u00f3 destrozos en establecimientos de marcas como Starbucks, McDonald&#8217;s y otras cadenas acusadas de apoyar econ\u00f3micamente a Israel o de tener v\u00ednculos con el conflicto. Los Mossos d&#8217;Esquadra intervinieron para dispersar al grupo, utilizando gases lacrim\u00f3genos y cargas policiales en \u00e1reas como la Plaza de Catalu\u00f1a y Las Ramblas.<\/p>\n<p>Uno de los momentos m\u00e1s tensos se produjo en la Plaza de Catalu\u00f1a, donde los agentes formaron un cord\u00f3n para impedir el avance de los manifestantes. Videos circulando en redes sociales muestran escenas de confrontaci\u00f3n: lanzamientos de objetos por parte de algunos protestantes y respuestas con porras y proyectiles de foam por los antidisturbios. \u00abFue un caos absoluto\u00bb, relata Mar\u00eda L\u00f3pez, una vecina del barrio G\u00f3tico que presenci\u00f3 los hechos. \u00abLa mayor\u00eda ven\u00eda en paz, pero un grupo radicalizado empez\u00f3 a romper todo. Los Mossos tuvieron que actuar, pero quiz\u00e1s con exceso de fuerza\u00bb. L\u00f3pez, como muchos barceloneses, expresa preocupaci\u00f3n por el impacto en el turismo y el comercio local, ya de por s\u00ed afectado por la crisis econ\u00f3mica post-pandemia.<\/p>\n<p>El balance oficial de los Mossos confirma diez detenciones en la tarde, con cargos que incluyen des\u00f3rdenes p\u00fablicos \u2013por alterar el orden en v\u00edas p\u00fablicas\u2013, da\u00f1os materiales \u2013valorados en miles de euros en locales afectados\u2013 y atentado contra la autoridad \u2013debido a agresiones directas a agentes\u2013. Fuentes policiales indican que varios de los detenidos tienen antecedentes por acciones similares en protestas pasadas, aunque no se han revelado identidades por respeto a la presunci\u00f3n de inocencia. Paralelamente, el SEM report\u00f3 que 19 mossos recibieron atenci\u00f3n m\u00e9dica por contusiones leves, esguinces y exposici\u00f3n a gases. Ninguno requiri\u00f3 hospitalizaci\u00f3n prolongada, pero el sindicato de polic\u00edas ha calificado el incidente como \u00abun ataque deliberado\u00bb y exige mayor protecci\u00f3n para sus efectivos.<\/p>\n<p>Este episodio no es aislado. Barcelona ha sido escenario recurrente de protestas propalestinas desde el estallido del conflicto en octubre de 2023, tras el ataque de Ham\u00e1s a Israel y la subsiguiente ofensiva israel\u00ed en Gaza, que ha causado decenas de miles de muertes civiles, seg\u00fan organizaciones internacionales como la ONU y Amnist\u00eda Internacional. En los \u00faltimos dos a\u00f1os, la ciudad ha visto movilizaciones masivas, a menudo pac\u00edficas, pero salpicadas de incidentes violentos. El asalto reciente a la Flotilla Global Sumud \u2013una iniciativa humanitaria con participaci\u00f3n espa\u00f1ola\u2013 ha reavivado la indignaci\u00f3n. La flotilla, que parti\u00f3 de varios puertos europeos con suministros m\u00e9dicos y alimentos, fue interceptada por fuerzas israel\u00edes en aguas internacionales, resultando en detenciones masivas, incluyendo a activistas catalanes.<\/p>\n<p>Organizaciones como la Plataforma per Palestina, una de las convocantes, han condenado los disturbios pero defienden el derecho a la protesta. \u00abLa violencia de un grupo no representa al movimiento entero\u00bb, afirma Jordi Soler, portavoz de la entidad. \u00abEstamos aqu\u00ed para denunciar la complicidad de gobiernos y empresas en un genocidio que dura ya dos a\u00f1os. Espa\u00f1a debe romper relaciones comerciales con Israel y presionar por un alto el fuego inmediato\u00bb. Soler critica la respuesta policial, alegando que las cargas fueron \u00abdesproporcionadas\u00bb y que varios manifestantes resultaron heridos, aunque no hay cifras oficiales al respecto.<\/p>\n<p>Desde el \u00e1mbito pol\u00edtico, las reacciones no se han hecho esperar. El alcalde de Barcelona, Jaume Collboni (PSC), ha expresado su \u00abpreocupaci\u00f3n\u00bb por los da\u00f1os al patrimonio urbano y ha llamado a la \u00abresponsabilidad\u00bb en las manifestaciones. \u00abBarcelona es una ciudad de paz y di\u00e1logo, pero no toleraremos vandalismo\u00bb, declar\u00f3 en una rueda de prensa improvisada anoche. Por su parte, partidos independentistas como ERC y Junts han apoyado las protestas, vincul\u00e1ndolas a la lucha por los derechos humanos, mientras que Vox y PP han exigido mano dura contra los \u00abradicales\u00bb y han acusado al gobierno central de laxitud en materia de seguridad.<\/p>\n<p>El impacto econ\u00f3mico de los disturbios es otro \u00e1ngulo preocupante. Comercios del centro reportan p\u00e9rdidas por cristales rotos, mercanc\u00eda da\u00f1ada y cierre forzoso durante horas pico. La Asociaci\u00f3n de Comerciantes de Las Ramblas estima da\u00f1os en al menos 50.000 euros, sumados a la p\u00e9rdida de ingresos por el \u00e9xodo de turistas. \u00abEs frustrante\u00bb, dice Ana Ruiz, propietaria de una tienda afectada. \u00abApoyamos causas justas, pero esto solo genera m\u00e1s divisi\u00f3n y perjuicios para todos\u00bb.<\/p>\n<p>En un contexto m\u00e1s amplio, estas protestas reflejan una creciente polarizaci\u00f3n en Europa respecto al conflicto palestino-israel\u00ed. En ciudades como Madrid, Par\u00eds y Londres, manifestaciones similares han reunido a cientos de miles, pero tambi\u00e9n han derivado en choques con la polic\u00eda. En Espa\u00f1a, el gobierno de coalici\u00f3n PSOE-Sumar ha condenado la violencia en Gaza y ha impulsado medidas como el reconocimiento del Estado palestino, pero cr\u00edticos argumentan que no es suficiente, especialmente con exportaciones de armas a Israel que superan los 100 millones de euros anuales, seg\u00fan datos de ONG como Greenpeace.<\/p>\n<p>Expertos en seguridad urbana, como el profesor de Criminolog\u00eda de la UB, Marc Ferrer, analizan estos eventos como s\u00edntoma de frustraci\u00f3n acumulada. \u00abLas protestas pac\u00edficas son esenciales para la democracia, pero cuando un sector radicaliza, pone en riesgo el mensaje principal. Los Mossos han mejorado su protocolo desde el 1-O, pero a\u00fan hay margen para desescalar mejor\u00bb, opina Ferrer.<\/p>","protected":false},"excerpt":{"rendered":"<p>La Ciudad Condal vivi\u00f3 ayer una jornada intensa de movilizaciones en solidaridad con Palestina, que culmin\u00f3 con disturbios en el centro urbano.<\/p>","protected":false},"author":3,"featured_media":66797,"comment_status":"closed","ping_status":"closed","sticky":false,"template":"","format":"standard","meta":{"footnotes":""},"categories":[76],"tags":[],"class_list":["post-66796","post","type-post","status-publish","format-standard","has-post-thumbnail","hentry","category-barcelona"],"yoast_head":"<!-- This site is optimized with the Yoast SEO plugin v27.5 - https:\/\/yoast.com\/product\/yoast-seo-wordpress\/ -->\n<title>Barcelona: 11 detenidos y 19 agentes heridos tras una jornada de protestas propalestinas - Revista Rambla<\/title>\n<meta name=\"robots\" content=\"index, follow, max-snippet:-1, max-image-preview:large, max-video-preview:-1\" \/>\n<link rel=\"canonical\" href=\"https:\/\/www.revistarambla.com\/en\/barcelona-11-detenidos-y-19-agentes-heridos-tras-una-jornada-de-protestas-propalestinas\/\" \/>\n<meta property=\"og:locale\" content=\"en_GB\" \/>\n<meta property=\"og:type\" content=\"article\" \/>\n<meta property=\"og:title\" content=\"Barcelona: 11 detenidos y 19 agentes heridos tras una jornada de protestas propalestinas - Revista Rambla\" \/>\n<meta property=\"og:description\" content=\"La Ciudad Condal vivi\u00f3 ayer una jornada intensa de movilizaciones en solidaridad con Palestina, que culmin\u00f3 con disturbios en el centro urbano.\" \/>\n<meta property=\"og:url\" content=\"https:\/\/www.revistarambla.com\/en\/barcelona-11-detenidos-y-19-agentes-heridos-tras-una-jornada-de-protestas-propalestinas\/\" \/>\n<meta property=\"og:site_name\" content=\"Revista Rambla\" \/>\n<meta property=\"article:publisher\" content=\"https:\/\/www.facebook.com\/revistarambla\/\" \/>\n<meta property=\"article:author\" content=\"https:\/\/www.facebook.com\/revistarambla\" \/>\n<meta property=\"article:published_time\" content=\"2025-10-05T08:43:46+00:00\" \/>\n<meta property=\"article:modified_time\" content=\"2025-10-05T10:56:31+00:00\" \/>\n<meta property=\"og:image\" content=\"https:\/\/www.revistarambla.com\/wp-content\/uploads\/2025\/10\/protestas-propalestinas-barcelona.jpg\" \/>\n\t<meta property=\"og:image:width\" content=\"1920\" \/>\n\t<meta property=\"og:image:height\" content=\"1080\" \/>\n\t<meta property=\"og:image:type\" content=\"image\/jpeg\" \/>\n<meta name=\"author\" content=\"R@mbla\" \/>\n<meta name=\"twitter:card\" content=\"summary_large_image\" \/>\n<meta name=\"twitter:creator\" content=\"@revistarambla\" \/>\n<meta name=\"twitter:site\" content=\"@revistarambla\" \/>\n<meta name=\"twitter:label1\" content=\"Written by\" \/>\n\t<meta name=\"twitter:data1\" content=\"R@mbla\" \/>\n\t<meta name=\"twitter:label2\" content=\"Estimated reading time\" \/>\n\t<meta name=\"twitter:data2\" content=\"6 minutes\" \/>\n<script type=\"application\/ld+json\" class=\"yoast-schema-graph\">{\"@context\":\"https:\\\/\\\/schema.org\",\"@graph\":[{\"@type\":\"Article\",\"@id\":\"https:\\\/\\\/www.revistarambla.com\\\/barcelona-11-detenidos-y-19-agentes-heridos-tras-una-jornada-de-protestas-propalestinas\\\/#article\",\"isPartOf\":{\"@id\":\"https:\\\/\\\/www.revistarambla.com\\\/barcelona-11-detenidos-y-19-agentes-heridos-tras-una-jornada-de-protestas-propalestinas\\\/\"},\"author\":{\"name\":\"R@mbla\",\"@id\":\"https:\\\/\\\/www.revistarambla.com\\\/#\\\/schema\\\/person\\\/a146a5a2550b94981a75131180e1bd9c\"},\"headline\":\"Barcelona: 11 detenidos y 19 agentes heridos tras una jornada de protestas propalestinas\",\"datePublished\":\"2025-10-05T08:43:46+00:00\",\"dateModified\":\"2025-10-05T10:56:31+00:00\",\"mainEntityOfPage\":{\"@id\":\"https:\\\/\\\/www.revistarambla.com\\\/barcelona-11-detenidos-y-19-agentes-heridos-tras-una-jornada-de-protestas-propalestinas\\\/\"},\"wordCount\":1240,\"publisher\":{\"@id\":\"https:\\\/\\\/www.revistarambla.com\\\/#organization\"},\"image\":{\"@id\":\"https:\\\/\\\/www.revistarambla.com\\\/barcelona-11-detenidos-y-19-agentes-heridos-tras-una-jornada-de-protestas-propalestinas\\\/#primaryimage\"},\"thumbnailUrl\":\"https:\\\/\\\/www.revistarambla.com\\\/wp-content\\\/uploads\\\/2025\\\/10\\\/protestas-propalestinas-barcelona.jpg\",\"articleSection\":[\"Barcelona\"],\"inLanguage\":\"en-GB\"},{\"@type\":\"WebPage\",\"@id\":\"https:\\\/\\\/www.revistarambla.com\\\/barcelona-11-detenidos-y-19-agentes-heridos-tras-una-jornada-de-protestas-propalestinas\\\/\",\"url\":\"https:\\\/\\\/www.revistarambla.com\\\/barcelona-11-detenidos-y-19-agentes-heridos-tras-una-jornada-de-protestas-propalestinas\\\/\",\"name\":\"Barcelona: 11 detenidos y 19 agentes heridos tras una jornada de protestas propalestinas - Revista Rambla\",\"isPartOf\":{\"@id\":\"https:\\\/\\\/www.revistarambla.com\\\/#website\"},\"primaryImageOfPage\":{\"@id\":\"https:\\\/\\\/www.revistarambla.com\\\/barcelona-11-detenidos-y-19-agentes-heridos-tras-una-jornada-de-protestas-propalestinas\\\/#primaryimage\"},\"image\":{\"@id\":\"https:\\\/\\\/www.revistarambla.com\\\/barcelona-11-detenidos-y-19-agentes-heridos-tras-una-jornada-de-protestas-propalestinas\\\/#primaryimage\"},\"thumbnailUrl\":\"https:\\\/\\\/www.revistarambla.com\\\/wp-content\\\/uploads\\\/2025\\\/10\\\/protestas-propalestinas-barcelona.jpg\",\"datePublished\":\"2025-10-05T08:43:46+00:00\",\"dateModified\":\"2025-10-05T10:56:31+00:00\",\"breadcrumb\":{\"@id\":\"https:\\\/\\\/www.revistarambla.com\\\/barcelona-11-detenidos-y-19-agentes-heridos-tras-una-jornada-de-protestas-propalestinas\\\/#breadcrumb\"},\"inLanguage\":\"en-GB\",\"potentialAction\":[{\"@type\":\"ReadAction\",\"target\":[\"https:\\\/\\\/www.revistarambla.com\\\/barcelona-11-detenidos-y-19-agentes-heridos-tras-una-jornada-de-protestas-propalestinas\\\/\"]}]},{\"@type\":\"ImageObject\",\"inLanguage\":\"en-GB\",\"@id\":\"https:\\\/\\\/www.revistarambla.com\\\/barcelona-11-detenidos-y-19-agentes-heridos-tras-una-jornada-de-protestas-propalestinas\\\/#primaryimage\",\"url\":\"https:\\\/\\\/www.revistarambla.com\\\/wp-content\\\/uploads\\\/2025\\\/10\\\/protestas-propalestinas-barcelona.jpg\",\"contentUrl\":\"https:\\\/\\\/www.revistarambla.com\\\/wp-content\\\/uploads\\\/2025\\\/10\\\/protestas-propalestinas-barcelona.jpg\",\"width\":1920,\"height\":1080,\"caption\":\"protestas propalestinas barcelona\"},{\"@type\":\"BreadcrumbList\",\"@id\":\"https:\\\/\\\/www.revistarambla.com\\\/barcelona-11-detenidos-y-19-agentes-heridos-tras-una-jornada-de-protestas-propalestinas\\\/#breadcrumb\",\"itemListElement\":[{\"@type\":\"ListItem\",\"position\":1,\"name\":\"Portada\",\"item\":\"https:\\\/\\\/www.revistarambla.com\\\/\"},{\"@type\":\"ListItem\",\"position\":2,\"name\":\"Barcelona: 11 detenidos y 19 agentes heridos tras una jornada de protestas propalestinas\"}]},{\"@type\":\"WebSite\",\"@id\":\"https:\\\/\\\/www.revistarambla.com\\\/#website\",\"url\":\"https:\\\/\\\/www.revistarambla.com\\\/\",\"name\":\"Revista Rambla Barcelona\",\"description\":\"Periodismo independiente\",\"publisher\":{\"@id\":\"https:\\\/\\\/www.revistarambla.com\\\/#organization\"},\"potentialAction\":[{\"@type\":\"SearchAction\",\"target\":{\"@type\":\"EntryPoint\",\"urlTemplate\":\"https:\\\/\\\/www.revistarambla.com\\\/?s={search_term_string}\"},\"query-input\":{\"@type\":\"PropertyValueSpecification\",\"valueRequired\":true,\"valueName\":\"search_term_string\"}}],\"inLanguage\":\"en-GB\"},{\"@type\":\"Organization\",\"@id\":\"https:\\\/\\\/www.revistarambla.com\\\/#organization\",\"name\":\"Revista Rambla\",\"url\":\"https:\\\/\\\/www.revistarambla.com\\\/\",\"logo\":{\"@type\":\"ImageObject\",\"inLanguage\":\"en-GB\",\"@id\":\"https:\\\/\\\/www.revistarambla.com\\\/#\\\/schema\\\/logo\\\/image\\\/\",\"url\":\"https:\\\/\\\/www.revistarambla.com\\\/wp-content\\\/uploads\\\/2020\\\/09\\\/banner_rambla_1900x600_BB.png\",\"contentUrl\":\"https:\\\/\\\/www.revistarambla.com\\\/wp-content\\\/uploads\\\/2020\\\/09\\\/banner_rambla_1900x600_BB.png\",\"width\":1900,\"height\":600,\"caption\":\"Revista Rambla\"},\"image\":{\"@id\":\"https:\\\/\\\/www.revistarambla.com\\\/#\\\/schema\\\/logo\\\/image\\\/\"},\"sameAs\":[\"https:\\\/\\\/www.facebook.com\\\/revistarambla\\\/\",\"https:\\\/\\\/x.com\\\/revistarambla\",\"https:\\\/\\\/www.instagram.com\\\/revista_rambla\",\"https:\\\/\\\/es.linkedin.com\\\/company\\\/revista-rambla\"]},{\"@type\":\"Person\",\"@id\":\"https:\\\/\\\/www.revistarambla.com\\\/#\\\/schema\\\/person\\\/a146a5a2550b94981a75131180e1bd9c\",\"name\":\"R@mbla\",\"description\":\"Este art\u00edculo ha sido redactado y\\\/o validado por el equipo de redacci\u00f3n de Revista Rambla.\",\"sameAs\":[\"https:\\\/\\\/www.revistarambla.com\\\/\",\"https:\\\/\\\/www.facebook.com\\\/revistarambla\",\"https:\\\/\\\/x.com\\\/revistarambla\"]}]}<\/script>\n<!-- \/ Yoast SEO plugin. -->","yoast_head_json":{"title":"Barcelona: 11 detenidos y 19 agentes heridos tras una jornada de protestas propalestinas - Revista Rambla","robots":{"index":"index","follow":"follow","max-snippet":"max-snippet:-1","max-image-preview":"max-image-preview:large","max-video-preview":"max-video-preview:-1"},"canonical":"https:\/\/www.revistarambla.com\/en\/barcelona-11-detenidos-y-19-agentes-heridos-tras-una-jornada-de-protestas-propalestinas\/","og_locale":"en_GB","og_type":"article","og_title":"Barcelona: 11 detenidos y 19 agentes heridos tras una jornada de protestas propalestinas - Revista Rambla","og_description":"La Ciudad Condal vivi\u00f3 ayer una jornada intensa de movilizaciones en solidaridad con Palestina, que culmin\u00f3 con disturbios en el centro urbano.","og_url":"https:\/\/www.revistarambla.com\/en\/barcelona-11-detenidos-y-19-agentes-heridos-tras-una-jornada-de-protestas-propalestinas\/","og_site_name":"Revista Rambla","article_publisher":"https:\/\/www.facebook.com\/revistarambla\/","article_author":"https:\/\/www.facebook.com\/revistarambla","article_published_time":"2025-10-05T08:43:46+00:00","article_modified_time":"2025-10-05T10:56:31+00:00","og_image":[{"width":1920,"height":1080,"url":"https:\/\/www.revistarambla.com\/wp-content\/uploads\/2025\/10\/protestas-propalestinas-barcelona.jpg","type":"image\/jpeg"}],"author":"R@mbla","twitter_card":"summary_large_image","twitter_creator":"@revistarambla","twitter_site":"@revistarambla","twitter_misc":{"Written by":"R@mbla","Estimated reading time":"6 minutes"},"schema":{"@context":"https:\/\/schema.org","@graph":[{"@type":"Article","@id":"https:\/\/www.revistarambla.com\/barcelona-11-detenidos-y-19-agentes-heridos-tras-una-jornada-de-protestas-propalestinas\/#article","isPartOf":{"@id":"https:\/\/www.revistarambla.com\/barcelona-11-detenidos-y-19-agentes-heridos-tras-una-jornada-de-protestas-propalestinas\/"},"author":{"name":"R@mbla","@id":"https:\/\/www.revistarambla.com\/#\/schema\/person\/a146a5a2550b94981a75131180e1bd9c"},"headline":"Barcelona: 11 detenidos y 19 agentes heridos tras una jornada de protestas propalestinas","datePublished":"2025-10-05T08:43:46+00:00","dateModified":"2025-10-05T10:56:31+00:00","mainEntityOfPage":{"@id":"https:\/\/www.revistarambla.com\/barcelona-11-detenidos-y-19-agentes-heridos-tras-una-jornada-de-protestas-propalestinas\/"},"wordCount":1240,"publisher":{"@id":"https:\/\/www.revistarambla.com\/#organization"},"image":{"@id":"https:\/\/www.revistarambla.com\/barcelona-11-detenidos-y-19-agentes-heridos-tras-una-jornada-de-protestas-propalestinas\/#primaryimage"},"thumbnailUrl":"https:\/\/www.revistarambla.com\/wp-content\/uploads\/2025\/10\/protestas-propalestinas-barcelona.jpg","articleSection":["Barcelona"],"inLanguage":"en-GB"},{"@type":"WebPage","@id":"https:\/\/www.revistarambla.com\/barcelona-11-detenidos-y-19-agentes-heridos-tras-una-jornada-de-protestas-propalestinas\/","url":"https:\/\/www.revistarambla.com\/barcelona-11-detenidos-y-19-agentes-heridos-tras-una-jornada-de-protestas-propalestinas\/","name":"Barcelona: 11 detenidos y 19 agentes heridos tras una jornada de protestas propalestinas - Revista Rambla","isPartOf":{"@id":"https:\/\/www.revistarambla.com\/#website"},"primaryImageOfPage":{"@id":"https:\/\/www.revistarambla.com\/barcelona-11-detenidos-y-19-agentes-heridos-tras-una-jornada-de-protestas-propalestinas\/#primaryimage"},"image":{"@id":"https:\/\/www.revistarambla.com\/barcelona-11-detenidos-y-19-agentes-heridos-tras-una-jornada-de-protestas-propalestinas\/#primaryimage"},"thumbnailUrl":"https:\/\/www.revistarambla.com\/wp-content\/uploads\/2025\/10\/protestas-propalestinas-barcelona.jpg","datePublished":"2025-10-05T08:43:46+00:00","dateModified":"2025-10-05T10:56:31+00:00","breadcrumb":{"@id":"https:\/\/www.revistarambla.com\/barcelona-11-detenidos-y-19-agentes-heridos-tras-una-jornada-de-protestas-propalestinas\/#breadcrumb"},"inLanguage":"en-GB","potentialAction":[{"@type":"ReadAction","target":["https:\/\/www.revistarambla.com\/barcelona-11-detenidos-y-19-agentes-heridos-tras-una-jornada-de-protestas-propalestinas\/"]}]},{"@type":"ImageObject","inLanguage":"en-GB","@id":"https:\/\/www.revistarambla.com\/barcelona-11-detenidos-y-19-agentes-heridos-tras-una-jornada-de-protestas-propalestinas\/#primaryimage","url":"https:\/\/www.revistarambla.com\/wp-content\/uploads\/2025\/10\/protestas-propalestinas-barcelona.jpg","contentUrl":"https:\/\/www.revistarambla.com\/wp-content\/uploads\/2025\/10\/protestas-propalestinas-barcelona.jpg","width":1920,"height":1080,"caption":"protestas propalestinas barcelona"},{"@type":"BreadcrumbList","@id":"https:\/\/www.revistarambla.com\/barcelona-11-detenidos-y-19-agentes-heridos-tras-una-jornada-de-protestas-propalestinas\/#breadcrumb","itemListElement":[{"@type":"ListItem","position":1,"name":"Portada","item":"https:\/\/www.revistarambla.com\/"},{"@type":"ListItem","position":2,"name":"Barcelona: 11 detenidos y 19 agentes heridos tras una jornada de protestas propalestinas"}]},{"@type":"WebSite","@id":"https:\/\/www.revistarambla.com\/#website","url":"https:\/\/www.revistarambla.com\/","name":"Revista Rambla Barcelona","description":"Periodismo independiente","publisher":{"@id":"https:\/\/www.revistarambla.com\/#organization"},"potentialAction":[{"@type":"SearchAction","target":{"@type":"EntryPoint","urlTemplate":"https:\/\/www.revistarambla.com\/?s={search_term_string}"},"query-input":{"@type":"PropertyValueSpecification","valueRequired":true,"valueName":"search_term_string"}}],"inLanguage":"en-GB"},{"@type":"Organization","@id":"https:\/\/www.revistarambla.com\/#organization","name":"Revista Rambla","url":"https:\/\/www.revistarambla.com\/","logo":{"@type":"ImageObject","inLanguage":"en-GB","@id":"https:\/\/www.revistarambla.com\/#\/schema\/logo\/image\/","url":"https:\/\/www.revistarambla.com\/wp-content\/uploads\/2020\/09\/banner_rambla_1900x600_BB.png","contentUrl":"https:\/\/www.revistarambla.com\/wp-content\/uploads\/2020\/09\/banner_rambla_1900x600_BB.png","width":1900,"height":600,"caption":"Revista Rambla"},"image":{"@id":"https:\/\/www.revistarambla.com\/#\/schema\/logo\/image\/"},"sameAs":["https:\/\/www.facebook.com\/revistarambla\/","https:\/\/x.com\/revistarambla","https:\/\/www.instagram.com\/revista_rambla","https:\/\/es.linkedin.com\/company\/revista-rambla"]},{"@type":"Person","@id":"https:\/\/www.revistarambla.com\/#\/schema\/person\/a146a5a2550b94981a75131180e1bd9c","name":"R@mbla","description":"Este art\u00edculo ha sido redactado y\/o validado por el equipo de redacci\u00f3n de Revista Rambla.","sameAs":["https:\/\/www.revistarambla.com\/","https:\/\/www.facebook.com\/revistarambla","https:\/\/x.com\/revistarambla"]}]}},"_links":{"self":[{"href":"https:\/\/www.revistarambla.com\/en\/wp-json\/wp\/v2\/posts\/66796","targetHints":{"allow":["GET"]}}],"collection":[{"href":"https:\/\/www.revistarambla.com\/en\/wp-json\/wp\/v2\/posts"}],"about":[{"href":"https:\/\/www.revistarambla.com\/en\/wp-json\/wp\/v2\/types\/post"}],"author":[{"embeddable":true,"href":"https:\/\/www.revistarambla.com\/en\/wp-json\/wp\/v2\/users\/3"}],"replies":[{"embeddable":true,"href":"https:\/\/www.revistarambla.com\/en\/wp-json\/wp\/v2\/comments?post=66796"}],"version-history":[{"count":2,"href":"https:\/\/www.revistarambla.com\/en\/wp-json\/wp\/v2\/posts\/66796\/revisions"}],"predecessor-version":[{"id":66824,"href":"https:\/\/www.revistarambla.com\/en\/wp-json\/wp\/v2\/posts\/66796\/revisions\/66824"}],"wp:featuredmedia":[{"embeddable":true,"href":"https:\/\/www.revistarambla.com\/en\/wp-json\/wp\/v2\/media\/66797"}],"wp:attachment":[{"href":"https:\/\/www.revistarambla.com\/en\/wp-json\/wp\/v2\/media?parent=66796"}],"wp:term":[{"taxonomy":"category","embeddable":true,"href":"https:\/\/www.revistarambla.com\/en\/wp-json\/wp\/v2\/categories?post=66796"},{"taxonomy":"post_tag","embeddable":true,"href":"https:\/\/www.revistarambla.com\/en\/wp-json\/wp\/v2\/tags?post=66796"}],"curies":[{"name":"wp","href":"https:\/\/api.w.org\/{rel}","templated":true}]}}