{"id":66792,"date":"2025-10-05T10:17:54","date_gmt":"2025-10-05T08:17:54","guid":{"rendered":"https:\/\/www.revistarambla.com\/?p=66792"},"modified":"2025-10-05T10:17:54","modified_gmt":"2025-10-05T08:17:54","slug":"la-torre-oculus-un-coloso-abandonado-en-el-corazon-industrial-de-la-ferrara-fascista","status":"publish","type":"post","link":"https:\/\/www.revistarambla.com\/en\/la-torre-oculus-un-coloso-abandonado-en-el-corazon-industrial-de-la-ferrara-fascista\/","title":{"rendered":"La Torre Oculus: un coloso abandonado en el coraz\u00f3n industrial de la Ferrara fascista"},"content":{"rendered":"<p>En las afueras de Ferrara, una ciudad italiana conocida por su patrimonio renacentista y sus murallas medievales, se erige una estructura que parece sacada de una distop\u00eda industrial<!--more-->: la Torre Oculus. Este imponente cilindro de hormig\u00f3n armado, con su ojo vidriado en la cima que da nombre a la torre \u2013\u00bboculus\u00bb en lat\u00edn, refiri\u00e9ndose al gran tragaluz circular\u2013, domina un paisaje de ruinas fabriles. Construida en la era fascista y abandonada desde 2007, la torre no es solo un testimonio de la arquitectura racionalista italiana, sino tambi\u00e9n un s\u00edmbolo de la decadencia de la industria azucarera y alcoholera en el pa\u00eds. En este reportaje, exploramos su historia, su dise\u00f1o innovador y su potencial como patrimonio industrial, en un momento en que el urbanismo contempor\u00e1neo busca redimir espacios olvidados.<\/p>\n<p>Ferrara, en la regi\u00f3n de Emilia-Roma\u00f1a, no es ajena a la grandeza arquitect\u00f3nica. Su centro hist\u00f3rico, declarado Patrimonio de la Humanidad por la UNESCO, alberga castillos y palacios que evocan el esplendor de los Este, la dinast\u00eda que gobern\u00f3 la ciudad en el Renacimiento. Sin embargo, a pocos kil\u00f3metros al oeste, en la zona industrial de Pontelagoscuro junto al r\u00edo Po, la Torre Oculus representa un cap\u00edtulo m\u00e1s oscuro y moderno de la historia local. Parte del complejo de la antigua destiler\u00eda Eridania, esta estructura circular de siete pisos se eleva como un coloso moderno, recordando al Coliseo romano pero reinterpretado en clave industrial. Su silueta, visible desde lejos, ha atra\u00eddo a exploradores urbanos (urbex) de todo el mundo, quienes la describen como \u00abamenazante\u00bb y \u00abfunky\u00bb, un lugar donde el tiempo se ha detenido en medio de la vegetaci\u00f3n invasora y el hormig\u00f3n agrietado.<\/p>\n<h2>Or\u00edgenes en la Era Industrial Fascista<\/h2>\n<p>La historia de la Torre Oculus se remonta a la d\u00e9cada de 1930, un per\u00edodo de intensa industrializaci\u00f3n en Italia bajo el r\u00e9gimen de Benito Mussolini. En 1935, la compa\u00f1\u00eda Distillerie Italiane obtuvo permiso del gobierno para establecer una planta qu\u00edmica cerca de su destiler\u00eda existente en Pontelagoscuro. Al a\u00f1o siguiente, en 1936, se cre\u00f3 una zona industrial especial en el oeste de Ferrara, equipada con carreteras, ferrocarriles, canales y muelles para atraer industrias qu\u00edmicas y agroqu\u00edmicas. Este desarrollo fue parte de la pol\u00edtica aut\u00e1rquica fascista, que buscaba la autosuficiencia econ\u00f3mica mediante la explotaci\u00f3n de recursos locales como la remolacha azucarera, abundante en la llanura del Po.<\/p>\n<p>La construcci\u00f3n de la destiler\u00eda propiamente dicha comenz\u00f3 en 1939-1940, coincidiendo con la instalaci\u00f3n de la primera f\u00e1brica de caucho sint\u00e9tico en Italia. Sin embargo, la Segunda Guerra Mundial interrumpi\u00f3 el progreso: en 1944, bombardeos aliados destruyeron parcialmente el sitio. Tras la guerra, la f\u00e1brica de caucho no se reanud\u00f3, pero la destiler\u00eda de alcohol s\u00ed. Para 1953, se hab\u00eda convertido en la mayor destiler\u00eda de alcohol de Italia, produciendo m\u00e1s del 30% del total nacional mediante la fermentaci\u00f3n de etanol a partir de melaza de remolacha azucarera. Adem\u00e1s de alcohol, generaba subproductos como hielo seco, levadura, glicerina y az\u00facar recuperada.<\/p>\n<p>En 1967, la compa\u00f1\u00eda Eridania adquiri\u00f3 Distillerie Italiane, elevando su capacidad al 37% de la producci\u00f3n nacional de etanol, con 23 millones de litros anuales, m\u00e1s 18.000 toneladas de levadura y 5.500 toneladas de di\u00f3xido de carbono. La planta creci\u00f3 r\u00e1pidamente: en 1976, produc\u00eda 100.000 litros diarios, y para 1990, 220.000 litros. Sus productos \u2013esp\u00edritus crudos, rectificados y desnaturalizados\u2013 abastec\u00edan sectores alimentarios (como licores para Martini), industriales (perfumer\u00eda, cosm\u00e9ticos) y farmac\u00e9uticos. La destiler\u00eda era famosa por producir \u00abel mejor alcohol de Italia\u00bb, gracias a la calidad de la melaza local.<\/p>\n<p>El complejo ocupaba casi 120.000 metros cuadrados, con edificios auxiliares como almacenes, laboratorios, oficinas y una central el\u00e9ctrica con turbinas. Pero el coraz\u00f3n del sitio era la Torre Oculus, dise\u00f1ada para albergar el equipo de destilaci\u00f3n en un vac\u00edo central de altura completa. Un puente gr\u00faa instalado en 1951 facilitaba el movimiento de maquinaria pesada.<\/p>\n<h2>Arquitectura Racionalista: Funcionalidad y Est\u00e9tica Industrial<\/h2>\n<p>La Torre Oculus es un ejemplar paradigm\u00e1tico de la arquitectura racionalista italiana, un movimiento que surgi\u00f3 en los a\u00f1os 1920 con el Gruppo 7 (incluyendo a figuras como Giuseppe Terragni y Adalberto Libera) y que enfatizaba la funcionalidad, la simplicidad geom\u00e9trica y el uso de materiales modernos como el hormig\u00f3n armado. Influenciado por el racionalismo europeo de Le Corbusier y el Bauhaus, pero adaptado al contexto fascista, este estilo promov\u00eda edificios que simbolizaran el progreso industrial y la eficiencia estatal.<\/p>\n<p>La torre, de forma cil\u00edndrica y con siete pisos, mide aproximadamente 30-40 metros de altura (estimaciones basadas en descripciones de exploradores, ya que no hay datos oficiales precisos disponibles). Su estructura principal consiste en pilares de hormig\u00f3n armado que alternan con pares de ventanas, creando un ritmo visual repetitivo que evoca la serialidad industrial. En el interior, logias perimetrales rodean un vac\u00edo central, donde se ubicaban las columnas de destilaci\u00f3n. Este dise\u00f1o no solo optimizaba el flujo de producci\u00f3n \u2013permitiendo la circulaci\u00f3n vertical de vapores y l\u00edquidos\u2013 sino que tambi\u00e9n maximizaba la iluminaci\u00f3n natural a trav\u00e9s del gran oculus en el techo, un tragaluz de vidrio que inundaba el espacio con luz diurna, reduciendo la necesidad de iluminaci\u00f3n artificial.<\/p>\n<p><img decoding=\"async\" class=\"size-full wp-image-66794 aligncenter\" src=\"https:\/\/www.revistarambla.com\/wp-content\/uploads\/2025\/10\/7Q7A6671_AuroraHDR2019-edit.jpg\" alt=\"Torre Oculus\" width=\"1500\" height=\"1000\" srcset=\"https:\/\/www.revistarambla.com\/wp-content\/uploads\/2025\/10\/7Q7A6671_AuroraHDR2019-edit.jpg 1500w, https:\/\/www.revistarambla.com\/wp-content\/uploads\/2025\/10\/7Q7A6671_AuroraHDR2019-edit-548x365.jpg 548w, https:\/\/www.revistarambla.com\/wp-content\/uploads\/2025\/10\/7Q7A6671_AuroraHDR2019-edit-840x560.jpg 840w, https:\/\/www.revistarambla.com\/wp-content\/uploads\/2025\/10\/7Q7A6671_AuroraHDR2019-edit-768x512.jpg 768w, https:\/\/www.revistarambla.com\/wp-content\/uploads\/2025\/10\/7Q7A6671_AuroraHDR2019-edit-18x12.jpg 18w\" sizes=\"(max-width: 1500px) 100vw, 1500px\" \/><\/p>\n<p>Comparada por algunos con un \u00abColiseo moderno\u00bb, la torre combina robustez <a href=\"https:\/\/www.revistarambla.com\/en\/habitat-67-una-utopia-urbana-brutalista\/\">brutalista<\/a> con elegancia racionalista. El hormig\u00f3n expuesto, ahora agrietado por el tiempo, resalta su car\u00e1cter monumental. El puente gr\u00faa, a\u00fan presente en exploraciones de 2014, a\u00f1ade un elemento mec\u00e1nico que subraya su funci\u00f3n original. Arquitect\u00f3nicamente, la Torre Oculus representa la transici\u00f3n de la Italia agraria a la industrial: un monumento al ingenio humano en la transformaci\u00f3n de la remolacha en alcohol, pero tambi\u00e9n un recordatorio de la vulnerabilidad de tales estructuras ante cambios econ\u00f3micos.<\/p>\n<p>En comparaci\u00f3n con otras obras racionalistas, como la Casa del Fascio de Terragni en Como o la estaci\u00f3n de tren de Florencia de Giovanni Michelucci, la Torre Oculus es m\u00e1s utilitaria y menos ideol\u00f3gica. Sin embargo, su escala y forma la convierten en un hito del patrimonio industrial, similar a las minas abandonadas de Zollverein en Alemania o las f\u00e1bricas textiles de Manchester en Inglaterra. En un contexto italiano, se alinea con el racionalismo aplicado a infraestructuras, como las centrales hidroel\u00e9ctricas de los Alpes o los silos de grano en Puglia.<\/p>\n<h2>La Decadencia y el Abandono: V\u00edctima de Pol\u00edticas Europeas<\/h2>\n<p>La ca\u00edda de la Torre Oculus comenz\u00f3 en los primeros a\u00f1os del siglo XXI, cuando la industria azucarera italiana entr\u00f3 en crisis. La destiler\u00eda depend\u00eda totalmente de la melaza, un subproducto de las refiner\u00edas de az\u00facar locales. En 2006, la directiva de la Uni\u00f3n Europea EC 320\/2006 impuso cuotas estrictas de producci\u00f3n, reduciendo dr\u00e1sticamente el n\u00famero de refiner\u00edas en Italia de 19 a 4. Esto cort\u00f3 el suministro de materia prima, haciendo inviable la operaci\u00f3n.<\/p>\n<p>En 2005, hubo planes para convertir la planta en una productora de bioetanol, un combustible renovable, pero el proyecto nunca se materializ\u00f3. Tras m\u00faltiples cambios de propiedad, la destiler\u00eda cerr\u00f3 en 2007, dejando el sitio abandonado. Desde entonces, ha sufrido vandalismo, saqueos y el avance de la naturaleza: vegetaci\u00f3n invade los edificios, y el hormig\u00f3n se desmorona en algunos puntos.<\/p>\n<p>Para 2014, exploradores urbanos como los de Loreph documentaron un complejo accesible pero deteriorado, con laboratorios llenos de papeles y qu\u00edmicos, y una central el\u00e9ctrica despojada de cables de cobre. En exploraciones de 2019, como las reportadas en foros como 28DaysLater, el sitio segu\u00eda vac\u00edo, sin seguridad activa, aunque con rumores de perros guardianes. Hoy, gran parte del complejo ha sido demolida; solo la torre permanece, vigilando el paisaje como un centinela olvidado.<\/p>\n<p>El urbex ha popularizado la torre: videos en YouTube muestran ascensos arriesgados a su cima, revelando vistas panor\u00e1micas del Po. Sin embargo, esto plantea riesgos: el hormig\u00f3n crumbling y la falta de mantenimiento hacen que sea peligrosa. Arquitectos y preservacionistas argumentan que tales sitios merecen protecci\u00f3n, no demolici\u00f3n, como ejemplos de arqueolog\u00eda industrial.<\/p>\n<h2>Perspectivas de Futuro: \u00bfRevitalizaci\u00f3n o Olvido?<\/h2>\n<p>En los \u00faltimos a\u00f1os, han surgido propuestas para revitalizar el \u00e1rea. Un proyecto de tesis en el Polit\u00e9cnico de Mil\u00e1n, por ejemplo, imagina la reconversi\u00f3n del complejo Alc.Este (otro nombre para Eridania) en un espacio urbano mixto, con viviendas, parques y centros culturales. Similar al \u00abAgor\u00e0\u00bb en un ex-zuccherificio Eridania en otra parte de Ferrara, reimaginado en los 1980s por el arquitecto Stefano Marini como un centro comunitario.<\/p>\n<p>La Torre Oculus podr\u00eda convertirse en un museo de la industria alcoholera, un mirador p\u00fablico o incluso un hotel boutique, preservando su oculus como elemento ic\u00f3nico. En una era de sostenibilidad, su historia ligada al bioetanol resuena con transiciones energ\u00e9ticas actuales. Sin embargo, la propiedad privada y la falta de fondos estatales retrasan estos planes. Ferrara, con su enfoque en el turismo cultural, podr\u00eda integrar este sitio industrial en rutas patrimoniales, uniendo el Renacimiento con la modernidad.<\/p>\n<h2>Un Legado de Hormig\u00f3n y Memoria<\/h2>\n<p>La Torre Oculus no es solo una ruina; es un puente entre el pasado industrial de Italia y su futuro urbano. Su arquitectura racionalista, funcional y monumental, captura el esp\u00edritu de una \u00e9poca en que la industria era sin\u00f3nimo de progreso. Abandonada por pol\u00edticas econ\u00f3micas, hoy invita a reflexionar sobre la preservaci\u00f3n del patrimonio industrial en un mundo post-industrial. Para Ferrara, redimir la torre podr\u00eda significar no solo rescatar un edificio, sino revitalizar una comunidad. En las palabras de un explorador: \u00abEs un lugar funky, digno de ser visitado&#8230; y salvado\u00bb.<\/p>","protected":false},"excerpt":{"rendered":"<p>En las afueras de Ferrara, una ciudad italiana conocida por su patrimonio renacentista y sus murallas medievales, se erige una estructura que parece sacada de una distop\u00eda industrial<\/p>","protected":false},"author":3,"featured_media":66793,"comment_status":"closed","ping_status":"closed","sticky":false,"template":"","format":"standard","meta":{"footnotes":""},"categories":[4099],"tags":[],"class_list":["post-66792","post","type-post","status-publish","format-standard","has-post-thumbnail","hentry","category-otras-miradas"],"yoast_head":"<!-- This site is optimized with the Yoast SEO plugin v27.5 - https:\/\/yoast.com\/product\/yoast-seo-wordpress\/ -->\n<title>La Torre Oculus: un coloso abandonado en el coraz\u00f3n industrial de la Ferrara fascista - Revista Rambla<\/title>\n<meta name=\"robots\" content=\"index, follow, max-snippet:-1, max-image-preview:large, max-video-preview:-1\" \/>\n<link rel=\"canonical\" href=\"https:\/\/www.revistarambla.com\/en\/la-torre-oculus-un-coloso-abandonado-en-el-corazon-industrial-de-la-ferrara-fascista\/\" \/>\n<meta property=\"og:locale\" content=\"en_GB\" \/>\n<meta property=\"og:type\" content=\"article\" \/>\n<meta property=\"og:title\" content=\"La Torre Oculus: un coloso abandonado en el coraz\u00f3n industrial de la Ferrara fascista - Revista Rambla\" \/>\n<meta property=\"og:description\" content=\"En las afueras de Ferrara, una ciudad italiana conocida por su patrimonio renacentista y sus murallas medievales, se erige una estructura que parece sacada de una distop\u00eda industrial\" \/>\n<meta property=\"og:url\" content=\"https:\/\/www.revistarambla.com\/en\/la-torre-oculus-un-coloso-abandonado-en-el-corazon-industrial-de-la-ferrara-fascista\/\" \/>\n<meta property=\"og:site_name\" content=\"Revista Rambla\" \/>\n<meta property=\"article:publisher\" content=\"https:\/\/www.facebook.com\/revistarambla\/\" \/>\n<meta property=\"article:author\" content=\"https:\/\/www.facebook.com\/revistarambla\" \/>\n<meta property=\"article:published_time\" content=\"2025-10-05T08:17:54+00:00\" \/>\n<meta property=\"og:image\" content=\"https:\/\/www.revistarambla.com\/wp-content\/uploads\/2025\/10\/Oculus-Tower1-1.jpg\" \/>\n\t<meta property=\"og:image:width\" content=\"1920\" \/>\n\t<meta property=\"og:image:height\" content=\"1280\" \/>\n\t<meta property=\"og:image:type\" content=\"image\/jpeg\" \/>\n<meta name=\"author\" content=\"R@mbla\" \/>\n<meta name=\"twitter:card\" content=\"summary_large_image\" \/>\n<meta name=\"twitter:creator\" content=\"@revistarambla\" \/>\n<meta name=\"twitter:site\" content=\"@revistarambla\" \/>\n<meta name=\"twitter:label1\" content=\"Written by\" \/>\n\t<meta name=\"twitter:data1\" content=\"R@mbla\" \/>\n\t<meta name=\"twitter:label2\" content=\"Estimated reading time\" \/>\n\t<meta name=\"twitter:data2\" content=\"8 minutes\" \/>\n<script type=\"application\/ld+json\" class=\"yoast-schema-graph\">{\"@context\":\"https:\\\/\\\/schema.org\",\"@graph\":[{\"@type\":\"Article\",\"@id\":\"https:\\\/\\\/www.revistarambla.com\\\/la-torre-oculus-un-coloso-abandonado-en-el-corazon-industrial-de-la-ferrara-fascista\\\/#article\",\"isPartOf\":{\"@id\":\"https:\\\/\\\/www.revistarambla.com\\\/la-torre-oculus-un-coloso-abandonado-en-el-corazon-industrial-de-la-ferrara-fascista\\\/\"},\"author\":{\"name\":\"R@mbla\",\"@id\":\"https:\\\/\\\/www.revistarambla.com\\\/#\\\/schema\\\/person\\\/a146a5a2550b94981a75131180e1bd9c\"},\"headline\":\"La Torre Oculus: un coloso abandonado en el coraz\u00f3n industrial de la Ferrara fascista\",\"datePublished\":\"2025-10-05T08:17:54+00:00\",\"mainEntityOfPage\":{\"@id\":\"https:\\\/\\\/www.revistarambla.com\\\/la-torre-oculus-un-coloso-abandonado-en-el-corazon-industrial-de-la-ferrara-fascista\\\/\"},\"wordCount\":1665,\"publisher\":{\"@id\":\"https:\\\/\\\/www.revistarambla.com\\\/#organization\"},\"image\":{\"@id\":\"https:\\\/\\\/www.revistarambla.com\\\/la-torre-oculus-un-coloso-abandonado-en-el-corazon-industrial-de-la-ferrara-fascista\\\/#primaryimage\"},\"thumbnailUrl\":\"https:\\\/\\\/www.revistarambla.com\\\/wp-content\\\/uploads\\\/2025\\\/10\\\/Oculus-Tower1-1.jpg\",\"articleSection\":[\"Otras Miradas\"],\"inLanguage\":\"en-GB\"},{\"@type\":\"WebPage\",\"@id\":\"https:\\\/\\\/www.revistarambla.com\\\/la-torre-oculus-un-coloso-abandonado-en-el-corazon-industrial-de-la-ferrara-fascista\\\/\",\"url\":\"https:\\\/\\\/www.revistarambla.com\\\/la-torre-oculus-un-coloso-abandonado-en-el-corazon-industrial-de-la-ferrara-fascista\\\/\",\"name\":\"La Torre Oculus: un coloso abandonado en el coraz\u00f3n industrial de la Ferrara fascista - Revista Rambla\",\"isPartOf\":{\"@id\":\"https:\\\/\\\/www.revistarambla.com\\\/#website\"},\"primaryImageOfPage\":{\"@id\":\"https:\\\/\\\/www.revistarambla.com\\\/la-torre-oculus-un-coloso-abandonado-en-el-corazon-industrial-de-la-ferrara-fascista\\\/#primaryimage\"},\"image\":{\"@id\":\"https:\\\/\\\/www.revistarambla.com\\\/la-torre-oculus-un-coloso-abandonado-en-el-corazon-industrial-de-la-ferrara-fascista\\\/#primaryimage\"},\"thumbnailUrl\":\"https:\\\/\\\/www.revistarambla.com\\\/wp-content\\\/uploads\\\/2025\\\/10\\\/Oculus-Tower1-1.jpg\",\"datePublished\":\"2025-10-05T08:17:54+00:00\",\"breadcrumb\":{\"@id\":\"https:\\\/\\\/www.revistarambla.com\\\/la-torre-oculus-un-coloso-abandonado-en-el-corazon-industrial-de-la-ferrara-fascista\\\/#breadcrumb\"},\"inLanguage\":\"en-GB\",\"potentialAction\":[{\"@type\":\"ReadAction\",\"target\":[\"https:\\\/\\\/www.revistarambla.com\\\/la-torre-oculus-un-coloso-abandonado-en-el-corazon-industrial-de-la-ferrara-fascista\\\/\"]}]},{\"@type\":\"ImageObject\",\"inLanguage\":\"en-GB\",\"@id\":\"https:\\\/\\\/www.revistarambla.com\\\/la-torre-oculus-un-coloso-abandonado-en-el-corazon-industrial-de-la-ferrara-fascista\\\/#primaryimage\",\"url\":\"https:\\\/\\\/www.revistarambla.com\\\/wp-content\\\/uploads\\\/2025\\\/10\\\/Oculus-Tower1-1.jpg\",\"contentUrl\":\"https:\\\/\\\/www.revistarambla.com\\\/wp-content\\\/uploads\\\/2025\\\/10\\\/Oculus-Tower1-1.jpg\",\"width\":1920,\"height\":1280,\"caption\":\"Torre Oculus\"},{\"@type\":\"BreadcrumbList\",\"@id\":\"https:\\\/\\\/www.revistarambla.com\\\/la-torre-oculus-un-coloso-abandonado-en-el-corazon-industrial-de-la-ferrara-fascista\\\/#breadcrumb\",\"itemListElement\":[{\"@type\":\"ListItem\",\"position\":1,\"name\":\"Portada\",\"item\":\"https:\\\/\\\/www.revistarambla.com\\\/\"},{\"@type\":\"ListItem\",\"position\":2,\"name\":\"La Torre Oculus: un coloso abandonado en el coraz\u00f3n industrial de la Ferrara fascista\"}]},{\"@type\":\"WebSite\",\"@id\":\"https:\\\/\\\/www.revistarambla.com\\\/#website\",\"url\":\"https:\\\/\\\/www.revistarambla.com\\\/\",\"name\":\"Revista Rambla Barcelona\",\"description\":\"Periodismo independiente\",\"publisher\":{\"@id\":\"https:\\\/\\\/www.revistarambla.com\\\/#organization\"},\"potentialAction\":[{\"@type\":\"SearchAction\",\"target\":{\"@type\":\"EntryPoint\",\"urlTemplate\":\"https:\\\/\\\/www.revistarambla.com\\\/?s={search_term_string}\"},\"query-input\":{\"@type\":\"PropertyValueSpecification\",\"valueRequired\":true,\"valueName\":\"search_term_string\"}}],\"inLanguage\":\"en-GB\"},{\"@type\":\"Organization\",\"@id\":\"https:\\\/\\\/www.revistarambla.com\\\/#organization\",\"name\":\"Revista Rambla\",\"url\":\"https:\\\/\\\/www.revistarambla.com\\\/\",\"logo\":{\"@type\":\"ImageObject\",\"inLanguage\":\"en-GB\",\"@id\":\"https:\\\/\\\/www.revistarambla.com\\\/#\\\/schema\\\/logo\\\/image\\\/\",\"url\":\"https:\\\/\\\/www.revistarambla.com\\\/wp-content\\\/uploads\\\/2020\\\/09\\\/banner_rambla_1900x600_BB.png\",\"contentUrl\":\"https:\\\/\\\/www.revistarambla.com\\\/wp-content\\\/uploads\\\/2020\\\/09\\\/banner_rambla_1900x600_BB.png\",\"width\":1900,\"height\":600,\"caption\":\"Revista Rambla\"},\"image\":{\"@id\":\"https:\\\/\\\/www.revistarambla.com\\\/#\\\/schema\\\/logo\\\/image\\\/\"},\"sameAs\":[\"https:\\\/\\\/www.facebook.com\\\/revistarambla\\\/\",\"https:\\\/\\\/x.com\\\/revistarambla\",\"https:\\\/\\\/www.instagram.com\\\/revista_rambla\",\"https:\\\/\\\/es.linkedin.com\\\/company\\\/revista-rambla\"]},{\"@type\":\"Person\",\"@id\":\"https:\\\/\\\/www.revistarambla.com\\\/#\\\/schema\\\/person\\\/a146a5a2550b94981a75131180e1bd9c\",\"name\":\"R@mbla\",\"description\":\"Este art\u00edculo ha sido redactado y\\\/o validado por el equipo de redacci\u00f3n de Revista Rambla.\",\"sameAs\":[\"https:\\\/\\\/www.revistarambla.com\\\/\",\"https:\\\/\\\/www.facebook.com\\\/revistarambla\",\"https:\\\/\\\/x.com\\\/revistarambla\"]}]}<\/script>\n<!-- \/ Yoast SEO plugin. -->","yoast_head_json":{"title":"La Torre Oculus: un coloso abandonado en el coraz\u00f3n industrial de la Ferrara fascista - Revista Rambla","robots":{"index":"index","follow":"follow","max-snippet":"max-snippet:-1","max-image-preview":"max-image-preview:large","max-video-preview":"max-video-preview:-1"},"canonical":"https:\/\/www.revistarambla.com\/en\/la-torre-oculus-un-coloso-abandonado-en-el-corazon-industrial-de-la-ferrara-fascista\/","og_locale":"en_GB","og_type":"article","og_title":"La Torre Oculus: un coloso abandonado en el coraz\u00f3n industrial de la Ferrara fascista - Revista Rambla","og_description":"En las afueras de Ferrara, una ciudad italiana conocida por su patrimonio renacentista y sus murallas medievales, se erige una estructura que parece sacada de una distop\u00eda industrial","og_url":"https:\/\/www.revistarambla.com\/en\/la-torre-oculus-un-coloso-abandonado-en-el-corazon-industrial-de-la-ferrara-fascista\/","og_site_name":"Revista Rambla","article_publisher":"https:\/\/www.facebook.com\/revistarambla\/","article_author":"https:\/\/www.facebook.com\/revistarambla","article_published_time":"2025-10-05T08:17:54+00:00","og_image":[{"width":1920,"height":1280,"url":"https:\/\/www.revistarambla.com\/wp-content\/uploads\/2025\/10\/Oculus-Tower1-1.jpg","type":"image\/jpeg"}],"author":"R@mbla","twitter_card":"summary_large_image","twitter_creator":"@revistarambla","twitter_site":"@revistarambla","twitter_misc":{"Written by":"R@mbla","Estimated reading time":"8 minutes"},"schema":{"@context":"https:\/\/schema.org","@graph":[{"@type":"Article","@id":"https:\/\/www.revistarambla.com\/la-torre-oculus-un-coloso-abandonado-en-el-corazon-industrial-de-la-ferrara-fascista\/#article","isPartOf":{"@id":"https:\/\/www.revistarambla.com\/la-torre-oculus-un-coloso-abandonado-en-el-corazon-industrial-de-la-ferrara-fascista\/"},"author":{"name":"R@mbla","@id":"https:\/\/www.revistarambla.com\/#\/schema\/person\/a146a5a2550b94981a75131180e1bd9c"},"headline":"La Torre Oculus: un coloso abandonado en el coraz\u00f3n industrial de la Ferrara fascista","datePublished":"2025-10-05T08:17:54+00:00","mainEntityOfPage":{"@id":"https:\/\/www.revistarambla.com\/la-torre-oculus-un-coloso-abandonado-en-el-corazon-industrial-de-la-ferrara-fascista\/"},"wordCount":1665,"publisher":{"@id":"https:\/\/www.revistarambla.com\/#organization"},"image":{"@id":"https:\/\/www.revistarambla.com\/la-torre-oculus-un-coloso-abandonado-en-el-corazon-industrial-de-la-ferrara-fascista\/#primaryimage"},"thumbnailUrl":"https:\/\/www.revistarambla.com\/wp-content\/uploads\/2025\/10\/Oculus-Tower1-1.jpg","articleSection":["Otras Miradas"],"inLanguage":"en-GB"},{"@type":"WebPage","@id":"https:\/\/www.revistarambla.com\/la-torre-oculus-un-coloso-abandonado-en-el-corazon-industrial-de-la-ferrara-fascista\/","url":"https:\/\/www.revistarambla.com\/la-torre-oculus-un-coloso-abandonado-en-el-corazon-industrial-de-la-ferrara-fascista\/","name":"La Torre Oculus: un coloso abandonado en el coraz\u00f3n industrial de la Ferrara fascista - Revista Rambla","isPartOf":{"@id":"https:\/\/www.revistarambla.com\/#website"},"primaryImageOfPage":{"@id":"https:\/\/www.revistarambla.com\/la-torre-oculus-un-coloso-abandonado-en-el-corazon-industrial-de-la-ferrara-fascista\/#primaryimage"},"image":{"@id":"https:\/\/www.revistarambla.com\/la-torre-oculus-un-coloso-abandonado-en-el-corazon-industrial-de-la-ferrara-fascista\/#primaryimage"},"thumbnailUrl":"https:\/\/www.revistarambla.com\/wp-content\/uploads\/2025\/10\/Oculus-Tower1-1.jpg","datePublished":"2025-10-05T08:17:54+00:00","breadcrumb":{"@id":"https:\/\/www.revistarambla.com\/la-torre-oculus-un-coloso-abandonado-en-el-corazon-industrial-de-la-ferrara-fascista\/#breadcrumb"},"inLanguage":"en-GB","potentialAction":[{"@type":"ReadAction","target":["https:\/\/www.revistarambla.com\/la-torre-oculus-un-coloso-abandonado-en-el-corazon-industrial-de-la-ferrara-fascista\/"]}]},{"@type":"ImageObject","inLanguage":"en-GB","@id":"https:\/\/www.revistarambla.com\/la-torre-oculus-un-coloso-abandonado-en-el-corazon-industrial-de-la-ferrara-fascista\/#primaryimage","url":"https:\/\/www.revistarambla.com\/wp-content\/uploads\/2025\/10\/Oculus-Tower1-1.jpg","contentUrl":"https:\/\/www.revistarambla.com\/wp-content\/uploads\/2025\/10\/Oculus-Tower1-1.jpg","width":1920,"height":1280,"caption":"Torre Oculus"},{"@type":"BreadcrumbList","@id":"https:\/\/www.revistarambla.com\/la-torre-oculus-un-coloso-abandonado-en-el-corazon-industrial-de-la-ferrara-fascista\/#breadcrumb","itemListElement":[{"@type":"ListItem","position":1,"name":"Portada","item":"https:\/\/www.revistarambla.com\/"},{"@type":"ListItem","position":2,"name":"La Torre Oculus: un coloso abandonado en el coraz\u00f3n industrial de la Ferrara fascista"}]},{"@type":"WebSite","@id":"https:\/\/www.revistarambla.com\/#website","url":"https:\/\/www.revistarambla.com\/","name":"Revista Rambla Barcelona","description":"Periodismo independiente","publisher":{"@id":"https:\/\/www.revistarambla.com\/#organization"},"potentialAction":[{"@type":"SearchAction","target":{"@type":"EntryPoint","urlTemplate":"https:\/\/www.revistarambla.com\/?s={search_term_string}"},"query-input":{"@type":"PropertyValueSpecification","valueRequired":true,"valueName":"search_term_string"}}],"inLanguage":"en-GB"},{"@type":"Organization","@id":"https:\/\/www.revistarambla.com\/#organization","name":"Revista Rambla","url":"https:\/\/www.revistarambla.com\/","logo":{"@type":"ImageObject","inLanguage":"en-GB","@id":"https:\/\/www.revistarambla.com\/#\/schema\/logo\/image\/","url":"https:\/\/www.revistarambla.com\/wp-content\/uploads\/2020\/09\/banner_rambla_1900x600_BB.png","contentUrl":"https:\/\/www.revistarambla.com\/wp-content\/uploads\/2020\/09\/banner_rambla_1900x600_BB.png","width":1900,"height":600,"caption":"Revista Rambla"},"image":{"@id":"https:\/\/www.revistarambla.com\/#\/schema\/logo\/image\/"},"sameAs":["https:\/\/www.facebook.com\/revistarambla\/","https:\/\/x.com\/revistarambla","https:\/\/www.instagram.com\/revista_rambla","https:\/\/es.linkedin.com\/company\/revista-rambla"]},{"@type":"Person","@id":"https:\/\/www.revistarambla.com\/#\/schema\/person\/a146a5a2550b94981a75131180e1bd9c","name":"R@mbla","description":"Este art\u00edculo ha sido redactado y\/o validado por el equipo de redacci\u00f3n de Revista Rambla.","sameAs":["https:\/\/www.revistarambla.com\/","https:\/\/www.facebook.com\/revistarambla","https:\/\/x.com\/revistarambla"]}]}},"_links":{"self":[{"href":"https:\/\/www.revistarambla.com\/en\/wp-json\/wp\/v2\/posts\/66792","targetHints":{"allow":["GET"]}}],"collection":[{"href":"https:\/\/www.revistarambla.com\/en\/wp-json\/wp\/v2\/posts"}],"about":[{"href":"https:\/\/www.revistarambla.com\/en\/wp-json\/wp\/v2\/types\/post"}],"author":[{"embeddable":true,"href":"https:\/\/www.revistarambla.com\/en\/wp-json\/wp\/v2\/users\/3"}],"replies":[{"embeddable":true,"href":"https:\/\/www.revistarambla.com\/en\/wp-json\/wp\/v2\/comments?post=66792"}],"version-history":[{"count":1,"href":"https:\/\/www.revistarambla.com\/en\/wp-json\/wp\/v2\/posts\/66792\/revisions"}],"predecessor-version":[{"id":66795,"href":"https:\/\/www.revistarambla.com\/en\/wp-json\/wp\/v2\/posts\/66792\/revisions\/66795"}],"wp:featuredmedia":[{"embeddable":true,"href":"https:\/\/www.revistarambla.com\/en\/wp-json\/wp\/v2\/media\/66793"}],"wp:attachment":[{"href":"https:\/\/www.revistarambla.com\/en\/wp-json\/wp\/v2\/media?parent=66792"}],"wp:term":[{"taxonomy":"category","embeddable":true,"href":"https:\/\/www.revistarambla.com\/en\/wp-json\/wp\/v2\/categories?post=66792"},{"taxonomy":"post_tag","embeddable":true,"href":"https:\/\/www.revistarambla.com\/en\/wp-json\/wp\/v2\/tags?post=66792"}],"curies":[{"name":"wp","href":"https:\/\/api.w.org\/{rel}","templated":true}]}}