{"id":66790,"date":"2025-10-05T10:04:50","date_gmt":"2025-10-05T08:04:50","guid":{"rendered":"https:\/\/www.revistarambla.com\/?p=66790"},"modified":"2025-10-05T10:04:50","modified_gmt":"2025-10-05T08:04:50","slug":"invasion-interna-o-ajuste-de-cuentas-donald-trump-reune-a-800-generales-para-no-tener-que-hablar-de-economia","status":"publish","type":"post","link":"https:\/\/www.revistarambla.com\/en\/invasion-interna-o-ajuste-de-cuentas-donald-trump-reune-a-800-generales-para-no-tener-que-hablar-de-economia\/","title":{"rendered":"\u00bfInvasi\u00f3n interna o ajuste de cuentas? Donald Trump re\u00fane a 800 generales para no tener que hablar de econom\u00eda"},"content":{"rendered":"<p>En los debates sobre econom\u00eda global suele hablarse de la masa monetaria como indicador de liquidez y de fortaleza financiera de un pa\u00eds o bloque. Bajo esa \u00f3ptica, China lidera con comodidad: su M2 (que incluye billetes, monedas y dep\u00f3sitos bancarios) ronda los 40 billones de d\u00f3lares, una cifra que supera ampliamente la suma de Estados Unidos y la Eurozona. Sin embargo, si a\u00f1adimos un giro de perspectiva \u2014restar la deuda p\u00fablica a esa masa monetaria\u2014 la comparaci\u00f3n adquiere un matiz mucho m\u00e1s revelador.<\/p>\n<h2>Masa monetaria vs. deuda p\u00fablica<\/h2>\n<p>&#8211; China:<br \/>\n&#8211; M2: ~40 billones USD<br \/>\n&#8211; Deuda p\u00fablica: ~13\u201314 billones USD<br \/>\n&#8211; Saldo neto: ~26 billones USD positivos<\/p>\n<p>&#8211; Estados Unidos:<br \/>\n&#8211; M2: ~21 billones USD<br \/>\n&#8211; Deuda p\u00fablica: ~33 billones USD<br \/>\n&#8211; Saldo neto: \u201312 billones USD (negativo)<\/p>\n<p>&#8211; Eurozona:<br \/>\n&#8211; M3: ~17 billones USD<br \/>\n&#8211; Deuda p\u00fablica: ~15\u201316 billones USD<br \/>\n&#8211; Saldo neto: +1\u20132 billones USD<\/p>\n<h2>Qu\u00e9 nos dice este contraste<\/h2>\n<ol>\n<li>China: la econom\u00eda china mantiene un volumen gigantesco de liquidez interna, respaldada principalmente por dep\u00f3sitos bancarios y ahorro dom\u00e9stico. Su deuda p\u00fablica, aunque creciente, sigue siendo proporcionalmente baja frente a la masa monetaria. Esto le otorga un colch\u00f3n de liquidez neta dif\u00edcil de igualar.<\/li>\n<li>Estados Unidos: la paradoja es evidente: pese a tener la moneda de reserva global y el mercado financiero m\u00e1s l\u00edquido del planeta, su saldo neto es negativo. La deuda federal supera con holgura la masa monetaria dom\u00e9stica. Dicho de otro modo, EE.UU. sostiene su posici\u00f3n gracias a la confianza mundial en el d\u00f3lar, m\u00e1s que a su liquidez interna.<\/li>\n<li>Eurozona: se sit\u00faa en un punto intermedio. Su masa monetaria es m\u00e1s contenida, pero tambi\u00e9n lo es su nivel de endeudamiento en relaci\u00f3n al PIB. El saldo neto es apenas positivo, lo que refleja un cierto equilibrio, pero sin el margen holgado que muestra China.<\/li>\n<\/ol>\n<h2>El trasfondo estrat\u00e9gico<\/h2>\n<p>Al restar deuda a la masa monetaria, surge un contraste n\u00edtido:<br \/>\n&#8211; China proyecta solvencia interna, sustentada en ahorro y cr\u00e9dito bancario dom\u00e9stico.<br \/>\n&#8211; Europa conserva un balance m\u00e1s o menos equilibrado, aunque limitado en escala.<br \/>\n&#8211; EE.UU. depende estructuralmente de la confianza internacional y de la capacidad de colocar su deuda en el exterior.<\/p>\n<p>La lecci\u00f3n es clara: no basta con medir el tama\u00f1o de la masa monetaria. El verdadero \u00abajuste de cuentas\u00bb se da cuando se confronta con el volumen de deuda p\u00fablica. Y en ese terreno, la jerarqu\u00eda cambia: China lidera con ventaja, Europa aguanta, y Estados Unidos aparece como el m\u00e1s vulnerable.<\/p>\n<h2>Ep\u00edlogo<\/h2>\n<p>En una econom\u00eda mundial interdependiente, la comparaci\u00f3n no es definitiva ni absoluta. La fortaleza de EE.UU. sigue descansando en el rol global del d\u00f3lar; Europa se sostiene sobre la estabilidad institucional del euro; y China enfrenta riesgos derivados de su modelo de cr\u00e9dito expansivo. El ejercicio de ajustar la masa monetaria por la deuda p\u00fablica revela una verdad inc\u00f3moda: el tama\u00f1o del dinero es solo la mitad de la historia. La otra mitad se mide en pasivos. No se incluyen comentarios sobre despedir a Donald Trump ni ninguna sugerencia ir\u00f3nica; el an\u00e1lisis se mantiene estrictamente econ\u00f3mico y neutral.<\/p>","protected":false},"excerpt":{"rendered":"<p>En los debates sobre econom\u00eda global suele hablarse de la masa monetaria como indicador de liquidez y de fortaleza financiera de un pa\u00eds o bloque. Bajo esa \u00f3ptica, China lidera con comodidad: su M2 (que incluye billetes, monedas y dep\u00f3sitos bancarios) ronda los 40 billones de d\u00f3lares, una cifra que [&hellip;]<\/p>\n","protected":false},"author":294,"featured_media":10716,"comment_status":"closed","ping_status":"closed","sticky":false,"template":"","format":"standard","meta":{"footnotes":""},"categories":[3908],"tags":[],"class_list":["post-66790","post","type-post","status-publish","format-standard","has-post-thumbnail","hentry","category-la-bodeguita-de-hemingway"],"yoast_head":"<!-- This site is optimized with the Yoast SEO plugin v27.5 - https:\/\/yoast.com\/product\/yoast-seo-wordpress\/ -->\n<title>\u00bfInvasi\u00f3n interna o ajuste de cuentas? Donald Trump re\u00fane a 800 generales para no tener que hablar de econom\u00eda - Revista Rambla<\/title>\n<meta name=\"robots\" content=\"index, follow, max-snippet:-1, max-image-preview:large, max-video-preview:-1\" \/>\n<link rel=\"canonical\" href=\"https:\/\/www.revistarambla.com\/en\/invasion-interna-o-ajuste-de-cuentas-donald-trump-reune-a-800-generales-para-no-tener-que-hablar-de-economia\/\" \/>\n<meta property=\"og:locale\" content=\"en_GB\" \/>\n<meta property=\"og:type\" content=\"article\" \/>\n<meta property=\"og:title\" content=\"\u00bfInvasi\u00f3n interna o ajuste de cuentas? Donald Trump re\u00fane a 800 generales para no tener que hablar de econom\u00eda - Revista Rambla\" \/>\n<meta property=\"og:description\" content=\"En los debates sobre econom\u00eda global suele hablarse de la masa monetaria como indicador de liquidez y de fortaleza financiera de un pa\u00eds o bloque. Bajo esa \u00f3ptica, China lidera con comodidad: su M2 (que incluye billetes, monedas y dep\u00f3sitos bancarios) ronda los 40 billones de d\u00f3lares, una cifra que [&hellip;]\" \/>\n<meta property=\"og:url\" content=\"https:\/\/www.revistarambla.com\/en\/invasion-interna-o-ajuste-de-cuentas-donald-trump-reune-a-800-generales-para-no-tener-que-hablar-de-economia\/\" \/>\n<meta property=\"og:site_name\" content=\"Revista Rambla\" \/>\n<meta property=\"article:publisher\" content=\"https:\/\/www.facebook.com\/revistarambla\/\" \/>\n<meta property=\"article:published_time\" content=\"2025-10-05T08:04:50+00:00\" \/>\n<meta property=\"og:image\" content=\"https:\/\/www.revistarambla.com\/wp-content\/uploads\/2016\/11\/Donald-Trump2.jpg\" \/>\n\t<meta property=\"og:image:width\" content=\"2152\" \/>\n\t<meta property=\"og:image:height\" content=\"1591\" \/>\n\t<meta property=\"og:image:type\" content=\"image\/jpeg\" \/>\n<meta name=\"author\" content=\"Jos\u00e9 Antonio Gamero Romero\" \/>\n<meta name=\"twitter:card\" content=\"summary_large_image\" \/>\n<meta name=\"twitter:creator\" content=\"@revistarambla\" \/>\n<meta name=\"twitter:site\" content=\"@revistarambla\" \/>\n<meta name=\"twitter:label1\" content=\"Written by\" \/>\n\t<meta name=\"twitter:data1\" content=\"Jos\u00e9 Antonio Gamero Romero\" \/>\n\t<meta name=\"twitter:label2\" content=\"Estimated reading time\" \/>\n\t<meta name=\"twitter:data2\" content=\"3 minutes\" \/>\n<script type=\"application\/ld+json\" class=\"yoast-schema-graph\">{\"@context\":\"https:\\\/\\\/schema.org\",\"@graph\":[{\"@type\":\"Article\",\"@id\":\"https:\\\/\\\/www.revistarambla.com\\\/invasion-interna-o-ajuste-de-cuentas-donald-trump-reune-a-800-generales-para-no-tener-que-hablar-de-economia\\\/#article\",\"isPartOf\":{\"@id\":\"https:\\\/\\\/www.revistarambla.com\\\/invasion-interna-o-ajuste-de-cuentas-donald-trump-reune-a-800-generales-para-no-tener-que-hablar-de-economia\\\/\"},\"author\":{\"name\":\"Jos\u00e9 Antonio Gamero Romero\",\"@id\":\"https:\\\/\\\/www.revistarambla.com\\\/#\\\/schema\\\/person\\\/94294f57cf4910853e3280fda7339bfc\"},\"headline\":\"\u00bfInvasi\u00f3n interna o ajuste de cuentas? Donald Trump re\u00fane a 800 generales para no tener que hablar de econom\u00eda\",\"datePublished\":\"2025-10-05T08:04:50+00:00\",\"mainEntityOfPage\":{\"@id\":\"https:\\\/\\\/www.revistarambla.com\\\/invasion-interna-o-ajuste-de-cuentas-donald-trump-reune-a-800-generales-para-no-tener-que-hablar-de-economia\\\/\"},\"wordCount\":573,\"publisher\":{\"@id\":\"https:\\\/\\\/www.revistarambla.com\\\/#organization\"},\"image\":{\"@id\":\"https:\\\/\\\/www.revistarambla.com\\\/invasion-interna-o-ajuste-de-cuentas-donald-trump-reune-a-800-generales-para-no-tener-que-hablar-de-economia\\\/#primaryimage\"},\"thumbnailUrl\":\"https:\\\/\\\/www.revistarambla.com\\\/wp-content\\\/uploads\\\/2016\\\/11\\\/Donald-Trump2.jpg\",\"articleSection\":[\"La bodeguita de Hemingway\"],\"inLanguage\":\"en-GB\"},{\"@type\":\"WebPage\",\"@id\":\"https:\\\/\\\/www.revistarambla.com\\\/invasion-interna-o-ajuste-de-cuentas-donald-trump-reune-a-800-generales-para-no-tener-que-hablar-de-economia\\\/\",\"url\":\"https:\\\/\\\/www.revistarambla.com\\\/invasion-interna-o-ajuste-de-cuentas-donald-trump-reune-a-800-generales-para-no-tener-que-hablar-de-economia\\\/\",\"name\":\"\u00bfInvasi\u00f3n interna o ajuste de cuentas? Donald Trump re\u00fane a 800 generales para no tener que hablar de econom\u00eda - Revista Rambla\",\"isPartOf\":{\"@id\":\"https:\\\/\\\/www.revistarambla.com\\\/#website\"},\"primaryImageOfPage\":{\"@id\":\"https:\\\/\\\/www.revistarambla.com\\\/invasion-interna-o-ajuste-de-cuentas-donald-trump-reune-a-800-generales-para-no-tener-que-hablar-de-economia\\\/#primaryimage\"},\"image\":{\"@id\":\"https:\\\/\\\/www.revistarambla.com\\\/invasion-interna-o-ajuste-de-cuentas-donald-trump-reune-a-800-generales-para-no-tener-que-hablar-de-economia\\\/#primaryimage\"},\"thumbnailUrl\":\"https:\\\/\\\/www.revistarambla.com\\\/wp-content\\\/uploads\\\/2016\\\/11\\\/Donald-Trump2.jpg\",\"datePublished\":\"2025-10-05T08:04:50+00:00\",\"breadcrumb\":{\"@id\":\"https:\\\/\\\/www.revistarambla.com\\\/invasion-interna-o-ajuste-de-cuentas-donald-trump-reune-a-800-generales-para-no-tener-que-hablar-de-economia\\\/#breadcrumb\"},\"inLanguage\":\"en-GB\",\"potentialAction\":[{\"@type\":\"ReadAction\",\"target\":[\"https:\\\/\\\/www.revistarambla.com\\\/invasion-interna-o-ajuste-de-cuentas-donald-trump-reune-a-800-generales-para-no-tener-que-hablar-de-economia\\\/\"]}]},{\"@type\":\"ImageObject\",\"inLanguage\":\"en-GB\",\"@id\":\"https:\\\/\\\/www.revistarambla.com\\\/invasion-interna-o-ajuste-de-cuentas-donald-trump-reune-a-800-generales-para-no-tener-que-hablar-de-economia\\\/#primaryimage\",\"url\":\"https:\\\/\\\/www.revistarambla.com\\\/wp-content\\\/uploads\\\/2016\\\/11\\\/Donald-Trump2.jpg\",\"contentUrl\":\"https:\\\/\\\/www.revistarambla.com\\\/wp-content\\\/uploads\\\/2016\\\/11\\\/Donald-Trump2.jpg\",\"width\":2152,\"height\":1591,\"caption\":\"trump china\"},{\"@type\":\"BreadcrumbList\",\"@id\":\"https:\\\/\\\/www.revistarambla.com\\\/invasion-interna-o-ajuste-de-cuentas-donald-trump-reune-a-800-generales-para-no-tener-que-hablar-de-economia\\\/#breadcrumb\",\"itemListElement\":[{\"@type\":\"ListItem\",\"position\":1,\"name\":\"Portada\",\"item\":\"https:\\\/\\\/www.revistarambla.com\\\/\"},{\"@type\":\"ListItem\",\"position\":2,\"name\":\"\u00bfInvasi\u00f3n interna o ajuste de cuentas? Donald Trump re\u00fane a 800 generales para no tener que hablar de econom\u00eda\"}]},{\"@type\":\"WebSite\",\"@id\":\"https:\\\/\\\/www.revistarambla.com\\\/#website\",\"url\":\"https:\\\/\\\/www.revistarambla.com\\\/\",\"name\":\"Revista Rambla Barcelona\",\"description\":\"Periodismo independiente\",\"publisher\":{\"@id\":\"https:\\\/\\\/www.revistarambla.com\\\/#organization\"},\"potentialAction\":[{\"@type\":\"SearchAction\",\"target\":{\"@type\":\"EntryPoint\",\"urlTemplate\":\"https:\\\/\\\/www.revistarambla.com\\\/?s={search_term_string}\"},\"query-input\":{\"@type\":\"PropertyValueSpecification\",\"valueRequired\":true,\"valueName\":\"search_term_string\"}}],\"inLanguage\":\"en-GB\"},{\"@type\":\"Organization\",\"@id\":\"https:\\\/\\\/www.revistarambla.com\\\/#organization\",\"name\":\"Revista Rambla\",\"url\":\"https:\\\/\\\/www.revistarambla.com\\\/\",\"logo\":{\"@type\":\"ImageObject\",\"inLanguage\":\"en-GB\",\"@id\":\"https:\\\/\\\/www.revistarambla.com\\\/#\\\/schema\\\/logo\\\/image\\\/\",\"url\":\"https:\\\/\\\/www.revistarambla.com\\\/wp-content\\\/uploads\\\/2020\\\/09\\\/banner_rambla_1900x600_BB.png\",\"contentUrl\":\"https:\\\/\\\/www.revistarambla.com\\\/wp-content\\\/uploads\\\/2020\\\/09\\\/banner_rambla_1900x600_BB.png\",\"width\":1900,\"height\":600,\"caption\":\"Revista Rambla\"},\"image\":{\"@id\":\"https:\\\/\\\/www.revistarambla.com\\\/#\\\/schema\\\/logo\\\/image\\\/\"},\"sameAs\":[\"https:\\\/\\\/www.facebook.com\\\/revistarambla\\\/\",\"https:\\\/\\\/x.com\\\/revistarambla\",\"https:\\\/\\\/www.instagram.com\\\/revista_rambla\",\"https:\\\/\\\/es.linkedin.com\\\/company\\\/revista-rambla\"]},{\"@type\":\"Person\",\"@id\":\"https:\\\/\\\/www.revistarambla.com\\\/#\\\/schema\\\/person\\\/94294f57cf4910853e3280fda7339bfc\",\"name\":\"Jos\u00e9 Antonio Gamero Romero\",\"description\":\"Escritor sevillano finalista del premio Azor\u00edn 2014. Ha publicado en diferentes revistas como Culturamas, E\u00f1e, Visor, etc. Sus libros son: 'La invenci\u00f3n de los gigantes' (Buc\u00e9falo 2016); 'Literatura tridimensional' (Adarve 2018); 'S\u00f3crates no vino a Espa\u00f1a' (Samarcanda 2018); 'La rep\u00fablica del fin del mundo' (Tandaia 2018) y 'La bodeguita de Hemingway'.\"}]}<\/script>\n<!-- \/ Yoast SEO plugin. -->","yoast_head_json":{"title":"\u00bfInvasi\u00f3n interna o ajuste de cuentas? Donald Trump re\u00fane a 800 generales para no tener que hablar de econom\u00eda - Revista Rambla","robots":{"index":"index","follow":"follow","max-snippet":"max-snippet:-1","max-image-preview":"max-image-preview:large","max-video-preview":"max-video-preview:-1"},"canonical":"https:\/\/www.revistarambla.com\/en\/invasion-interna-o-ajuste-de-cuentas-donald-trump-reune-a-800-generales-para-no-tener-que-hablar-de-economia\/","og_locale":"en_GB","og_type":"article","og_title":"\u00bfInvasi\u00f3n interna o ajuste de cuentas? Donald Trump re\u00fane a 800 generales para no tener que hablar de econom\u00eda - Revista Rambla","og_description":"En los debates sobre econom\u00eda global suele hablarse de la masa monetaria como indicador de liquidez y de fortaleza financiera de un pa\u00eds o bloque. Bajo esa \u00f3ptica, China lidera con comodidad: su M2 (que incluye billetes, monedas y dep\u00f3sitos bancarios) ronda los 40 billones de d\u00f3lares, una cifra que [&hellip;]","og_url":"https:\/\/www.revistarambla.com\/en\/invasion-interna-o-ajuste-de-cuentas-donald-trump-reune-a-800-generales-para-no-tener-que-hablar-de-economia\/","og_site_name":"Revista Rambla","article_publisher":"https:\/\/www.facebook.com\/revistarambla\/","article_published_time":"2025-10-05T08:04:50+00:00","og_image":[{"width":2152,"height":1591,"url":"https:\/\/www.revistarambla.com\/wp-content\/uploads\/2016\/11\/Donald-Trump2.jpg","type":"image\/jpeg"}],"author":"Jos\u00e9 Antonio Gamero Romero","twitter_card":"summary_large_image","twitter_creator":"@revistarambla","twitter_site":"@revistarambla","twitter_misc":{"Written by":"Jos\u00e9 Antonio Gamero Romero","Estimated reading time":"3 minutes"},"schema":{"@context":"https:\/\/schema.org","@graph":[{"@type":"Article","@id":"https:\/\/www.revistarambla.com\/invasion-interna-o-ajuste-de-cuentas-donald-trump-reune-a-800-generales-para-no-tener-que-hablar-de-economia\/#article","isPartOf":{"@id":"https:\/\/www.revistarambla.com\/invasion-interna-o-ajuste-de-cuentas-donald-trump-reune-a-800-generales-para-no-tener-que-hablar-de-economia\/"},"author":{"name":"Jos\u00e9 Antonio Gamero Romero","@id":"https:\/\/www.revistarambla.com\/#\/schema\/person\/94294f57cf4910853e3280fda7339bfc"},"headline":"\u00bfInvasi\u00f3n interna o ajuste de cuentas? Donald Trump re\u00fane a 800 generales para no tener que hablar de econom\u00eda","datePublished":"2025-10-05T08:04:50+00:00","mainEntityOfPage":{"@id":"https:\/\/www.revistarambla.com\/invasion-interna-o-ajuste-de-cuentas-donald-trump-reune-a-800-generales-para-no-tener-que-hablar-de-economia\/"},"wordCount":573,"publisher":{"@id":"https:\/\/www.revistarambla.com\/#organization"},"image":{"@id":"https:\/\/www.revistarambla.com\/invasion-interna-o-ajuste-de-cuentas-donald-trump-reune-a-800-generales-para-no-tener-que-hablar-de-economia\/#primaryimage"},"thumbnailUrl":"https:\/\/www.revistarambla.com\/wp-content\/uploads\/2016\/11\/Donald-Trump2.jpg","articleSection":["La bodeguita de Hemingway"],"inLanguage":"en-GB"},{"@type":"WebPage","@id":"https:\/\/www.revistarambla.com\/invasion-interna-o-ajuste-de-cuentas-donald-trump-reune-a-800-generales-para-no-tener-que-hablar-de-economia\/","url":"https:\/\/www.revistarambla.com\/invasion-interna-o-ajuste-de-cuentas-donald-trump-reune-a-800-generales-para-no-tener-que-hablar-de-economia\/","name":"\u00bfInvasi\u00f3n interna o ajuste de cuentas? Donald Trump re\u00fane a 800 generales para no tener que hablar de econom\u00eda - Revista Rambla","isPartOf":{"@id":"https:\/\/www.revistarambla.com\/#website"},"primaryImageOfPage":{"@id":"https:\/\/www.revistarambla.com\/invasion-interna-o-ajuste-de-cuentas-donald-trump-reune-a-800-generales-para-no-tener-que-hablar-de-economia\/#primaryimage"},"image":{"@id":"https:\/\/www.revistarambla.com\/invasion-interna-o-ajuste-de-cuentas-donald-trump-reune-a-800-generales-para-no-tener-que-hablar-de-economia\/#primaryimage"},"thumbnailUrl":"https:\/\/www.revistarambla.com\/wp-content\/uploads\/2016\/11\/Donald-Trump2.jpg","datePublished":"2025-10-05T08:04:50+00:00","breadcrumb":{"@id":"https:\/\/www.revistarambla.com\/invasion-interna-o-ajuste-de-cuentas-donald-trump-reune-a-800-generales-para-no-tener-que-hablar-de-economia\/#breadcrumb"},"inLanguage":"en-GB","potentialAction":[{"@type":"ReadAction","target":["https:\/\/www.revistarambla.com\/invasion-interna-o-ajuste-de-cuentas-donald-trump-reune-a-800-generales-para-no-tener-que-hablar-de-economia\/"]}]},{"@type":"ImageObject","inLanguage":"en-GB","@id":"https:\/\/www.revistarambla.com\/invasion-interna-o-ajuste-de-cuentas-donald-trump-reune-a-800-generales-para-no-tener-que-hablar-de-economia\/#primaryimage","url":"https:\/\/www.revistarambla.com\/wp-content\/uploads\/2016\/11\/Donald-Trump2.jpg","contentUrl":"https:\/\/www.revistarambla.com\/wp-content\/uploads\/2016\/11\/Donald-Trump2.jpg","width":2152,"height":1591,"caption":"trump china"},{"@type":"BreadcrumbList","@id":"https:\/\/www.revistarambla.com\/invasion-interna-o-ajuste-de-cuentas-donald-trump-reune-a-800-generales-para-no-tener-que-hablar-de-economia\/#breadcrumb","itemListElement":[{"@type":"ListItem","position":1,"name":"Portada","item":"https:\/\/www.revistarambla.com\/"},{"@type":"ListItem","position":2,"name":"\u00bfInvasi\u00f3n interna o ajuste de cuentas? Donald Trump re\u00fane a 800 generales para no tener que hablar de econom\u00eda"}]},{"@type":"WebSite","@id":"https:\/\/www.revistarambla.com\/#website","url":"https:\/\/www.revistarambla.com\/","name":"Revista Rambla Barcelona","description":"Periodismo independiente","publisher":{"@id":"https:\/\/www.revistarambla.com\/#organization"},"potentialAction":[{"@type":"SearchAction","target":{"@type":"EntryPoint","urlTemplate":"https:\/\/www.revistarambla.com\/?s={search_term_string}"},"query-input":{"@type":"PropertyValueSpecification","valueRequired":true,"valueName":"search_term_string"}}],"inLanguage":"en-GB"},{"@type":"Organization","@id":"https:\/\/www.revistarambla.com\/#organization","name":"Revista Rambla","url":"https:\/\/www.revistarambla.com\/","logo":{"@type":"ImageObject","inLanguage":"en-GB","@id":"https:\/\/www.revistarambla.com\/#\/schema\/logo\/image\/","url":"https:\/\/www.revistarambla.com\/wp-content\/uploads\/2020\/09\/banner_rambla_1900x600_BB.png","contentUrl":"https:\/\/www.revistarambla.com\/wp-content\/uploads\/2020\/09\/banner_rambla_1900x600_BB.png","width":1900,"height":600,"caption":"Revista Rambla"},"image":{"@id":"https:\/\/www.revistarambla.com\/#\/schema\/logo\/image\/"},"sameAs":["https:\/\/www.facebook.com\/revistarambla\/","https:\/\/x.com\/revistarambla","https:\/\/www.instagram.com\/revista_rambla","https:\/\/es.linkedin.com\/company\/revista-rambla"]},{"@type":"Person","@id":"https:\/\/www.revistarambla.com\/#\/schema\/person\/94294f57cf4910853e3280fda7339bfc","name":"Jos\u00e9 Antonio Gamero Romero","description":"Escritor sevillano finalista del premio Azor\u00edn 2014. Ha publicado en diferentes revistas como Culturamas, E\u00f1e, Visor, etc. Sus libros son: 'La invenci\u00f3n de los gigantes' (Buc\u00e9falo 2016); 'Literatura tridimensional' (Adarve 2018); 'S\u00f3crates no vino a Espa\u00f1a' (Samarcanda 2018); 'La rep\u00fablica del fin del mundo' (Tandaia 2018) y 'La bodeguita de Hemingway'."}]}},"_links":{"self":[{"href":"https:\/\/www.revistarambla.com\/en\/wp-json\/wp\/v2\/posts\/66790","targetHints":{"allow":["GET"]}}],"collection":[{"href":"https:\/\/www.revistarambla.com\/en\/wp-json\/wp\/v2\/posts"}],"about":[{"href":"https:\/\/www.revistarambla.com\/en\/wp-json\/wp\/v2\/types\/post"}],"author":[{"embeddable":true,"href":"https:\/\/www.revistarambla.com\/en\/wp-json\/wp\/v2\/users\/294"}],"replies":[{"embeddable":true,"href":"https:\/\/www.revistarambla.com\/en\/wp-json\/wp\/v2\/comments?post=66790"}],"version-history":[{"count":1,"href":"https:\/\/www.revistarambla.com\/en\/wp-json\/wp\/v2\/posts\/66790\/revisions"}],"predecessor-version":[{"id":66791,"href":"https:\/\/www.revistarambla.com\/en\/wp-json\/wp\/v2\/posts\/66790\/revisions\/66791"}],"wp:featuredmedia":[{"embeddable":true,"href":"https:\/\/www.revistarambla.com\/en\/wp-json\/wp\/v2\/media\/10716"}],"wp:attachment":[{"href":"https:\/\/www.revistarambla.com\/en\/wp-json\/wp\/v2\/media?parent=66790"}],"wp:term":[{"taxonomy":"category","embeddable":true,"href":"https:\/\/www.revistarambla.com\/en\/wp-json\/wp\/v2\/categories?post=66790"},{"taxonomy":"post_tag","embeddable":true,"href":"https:\/\/www.revistarambla.com\/en\/wp-json\/wp\/v2\/tags?post=66790"}],"curies":[{"name":"wp","href":"https:\/\/api.w.org\/{rel}","templated":true}]}}