{"id":66783,"date":"2025-10-05T09:58:22","date_gmt":"2025-10-05T07:58:22","guid":{"rendered":"https:\/\/www.revistarambla.com\/?p=66783"},"modified":"2025-10-05T09:58:37","modified_gmt":"2025-10-05T07:58:37","slug":"el-plan-de-netanyahu-y-el-fondo-del-pozo","status":"publish","type":"post","link":"https:\/\/www.revistarambla.com\/en\/el-plan-de-netanyahu-y-el-fondo-del-pozo\/","title":{"rendered":"El plan de Netanyahu y el fondo del pozo"},"content":{"rendered":"<p>No quiero ahondar en la controversia en torno a la <a href=\"https:\/\/www.revistarambla.com\/en\/se-autodestruira-el-sionismo-israel-iran\/\">Operaci\u00f3n Inundaci\u00f3n de Al-Aqsa del 7 de octubre de 2023<\/a>. <!--more-->\u00bfTuvo \u00e9xito en cuanto al momento oportuno, la magnitud del ataque contra una facci\u00f3n palestina y el grado de conocimiento que ten\u00eda la inteligencia israel\u00ed al respecto? \u00bfO es porque eso abrir\u00eda un debate importante? Pero hoy quiero presentarles c\u00f3mo Israel explot\u00f3 el ataque como pretexto para avanzar con sus planes. \u00bfEs este plan unificado y secuencial, o existe un nuevo m\u00e9todo empleado por la entidad sionista para implementar todos sus sue\u00f1os, ya sea en Gaza, Cisjordania o su visi\u00f3n regional? \u00bfTenemos ahora, como pueblo palestino y todos los que toman las decisiones, otro plan o curso de acci\u00f3n en caso de que se rechace el plan de Trump?<\/p>\n<p>Francamente, lo que he logrado, como resultado de mi esfuerzo, es un plan din\u00e1mico, multifac\u00e9tico y evolutivo, cuyos resultados contribuyen a la visi\u00f3n israel\u00ed. Lo he dividido en varias etapas, cada una con fases que se superponen.<\/p>\n<p>Pero antes de mencionar las etapas del plan, \u00bfen qu\u00e9 mecanismo se bas\u00f3 para lograr su objetivo?<\/p>\n<p>Es la imposici\u00f3n de capas superpuestas de caminos lo que ha erosionado la implementaci\u00f3n del derecho internacional y socavado la eficacia de las instituciones. Las Naciones Unidas que operan en Gaza han buscado generar caos explotando la inseguridad ciudadana (social, econ\u00f3mica y de seguridad) creando espacios para la violencia callejera organizada:<\/p>\n<p>Aumento de robos y violencia, ataques contra equipos de ayuda humanitaria y facilitaci\u00f3n del robo de ayuda. Esto estuvo acompa\u00f1ado de intentos de fomentar la formaci\u00f3n de milicias locales o grupos armados subversivos para robar, matar y sembrar el caos. Tambi\u00e9n intentaron extender el fen\u00f3meno del sur al norte y, ocasionalmente, asaltar instituciones y hospitales para aumentar la presi\u00f3n social. No descarto que, si el per\u00edodo se prolonga y el reclutamiento tiene \u00e9xito, siembren discordia entre las propias milicias y participen en enfrentamientos aleatorios para intimidar a la gente y acelerar el desplazamiento, as\u00ed como para presionar a los <em>mukhtars<\/em> de familias y clanes.<\/p>\n<p>As\u00ed pues, el plan avanza seg\u00fan los caminos, el terreno, las circunstancias y los datos, con condiciones muy estrictas, desde la eliminaci\u00f3n de Ham\u00e1s hasta el desplazamiento de la poblaci\u00f3n de Gaza hacia un r\u00e9gimen militar, la eliminaci\u00f3n de las instituciones existentes y su sustituci\u00f3n por administraciones locales. No se ha cerrado la puerta a circunstancias cambiantes, como el plan del Comit\u00e9 de Apoyo a Gaza, que fue una forma de postergaci\u00f3n, ni a su variante, el plan de Tony Blair, que condujo a la variante m\u00e1s amplia, el plan Trump, el \u00fanico plan que se ha presentado por escrito y hecho p\u00fablico. En esta etapa, como autoridad, como facciones y como pueblo palestino, no contamos con un proceso de toma de decisiones y no estamos unidos. De hecho, para imponer nuestras condiciones, nos encontramos en la fase m\u00e1s dif\u00edcil que jam\u00e1s haya atravesado la causa palestina. Ya no existe la posibilidad de decir: \u00abUnidos con una sola voz o una sola decisi\u00f3n\u00bb. Ahora bien, cualquier decisi\u00f3n de Ham\u00e1s y las facciones es muy dif\u00edcil si aceptan el plan de Trump, lo que somete la decisi\u00f3n palestina a control externo, y un gobernador militar designado por Trump ocupar\u00e1 el cargo en Gaza. Si nos negamos, Israel continuar\u00e1 con sus planes y maniobras para matar al mayor n\u00famero posible de gazat\u00edes y destruir la gran mayor\u00eda de los edificios, instituciones y capacidades nacionales. Todo esto fue resultado de nuestra desuni\u00f3n y de la toma de decisiones individuales en el momento equivocado, de la falta de evaluaci\u00f3n de la fuerza del oponente y su reacci\u00f3n, de la falta de un fuerte apoyo del eje y de la falta de comunicaci\u00f3n entre la OLP, la Autoridad Palestina y Ham\u00e1s para tomar medidas conjuntas.<\/p>\n<p>As\u00ed pues, cada decisi\u00f3n palestina ahora les sabe a ajenjo, pero las circunstancias no les permiten el lujo de elegir entre derrocar a Ham\u00e1s en Gaza, expulsar a la poblaci\u00f3n, a Ham\u00e1s y los edificios de Gaza, o reemplazarlo con una fuerza internacional \u00e1rabe-isl\u00e1mica (de dudosa credibilidad) por un per\u00edodo no inferior a cinco a\u00f1os bajo el liderazgo de un gobernante. Designada por el gobernador Trump, la Autoridad Palestina est\u00e1 inhabilitada para cualquier funci\u00f3n hasta que se completen las reformas. As\u00ed pues, los han acorralado y les han pedido que firmen la decisi\u00f3n de derrota y se rindan. El camino estar\u00e1 allanado y listo para que los estados \u00e1rabes reconozcan a Israel a cambio de un cese de la guerra, la no anexi\u00f3n y el no desplazamiento, no del reconocimiento por parte de Israel del Estado palestino. Este logro se otorgar\u00e1 a los gobiernos \u00e1rabes, y no nos opondremos a la normalizaci\u00f3n ni a los Acuerdos de Abraham, que forman parte del plan de transici\u00f3n. Neutralizar a Hezbol\u00e1 en el L\u00edbano, asesinar al Secretario General, derrocar el r\u00e9gimen sirio, dominar y controlar a las facciones iraqu\u00edes y atacar a Teher\u00e1n formaban parte de los Estados Unidos abrah\u00e1micos, cuyo capital central en el plan ser\u00e1 Israel. \u00bfComprenden ahora por qu\u00e9 Netanyahu prolonga la guerra, maniobra y da largas, todo para ganar tiempo y avanzar su cambiante plan en paralelo y sucesivamente, avanzando y retrocediendo cuidadosamente para demostrar su afirmaci\u00f3n de que reestructurar\u00e1 Oriente Medio?<\/p>\n<p>Pero ahora la pregunta dif\u00edcil es: \u00bfTenemos ahora la oportunidad de pensar o rechazar, porque nosotros, como pueblo palestino, los que toman las decisiones y las facciones, estamos todos\u2026? \u00bfNos pusieron o nos arrojaron al fondo del pozo, y quienes te extienden una mano para que no perezcas y mueras son manos cuestionables, y desafortunadamente, los dioses israel\u00edes los respaldan y los dirigen? Entonces, \u00bfc\u00f3mo es que ahora yo, como escritor, me veo obligado a idear escenarios para una soluci\u00f3n mientras el pueblo y los que toman las decisiones est\u00e1n en el fondo del pozo, a menos que pase un coche o Dios disponga algo y suceda?<\/p>\n<p>Por supuesto, para quienes preguntan sobre la rendici\u00f3n y sus resultados, existen ejemplos hist\u00f3ricos de diferentes entradas y salidas en t\u00e9rminos de rendici\u00f3n. Por ejemplo, en el caso de la rendici\u00f3n del califa abas\u00ed a los mongoles y la entrega de las armas de los bosnios, se produjeron masacres, destrucci\u00f3n y numerosos desastres. Adem\u00e1s, cuando Jap\u00f3n y Alemania se rindieron en la Segunda Guerra Mundial, hubo tutela y divisi\u00f3n, seguidas de reconstrucci\u00f3n. \u00bfCu\u00e1l es su opini\u00f3n ahora, como ciudadano, sobre las diferencias de tama\u00f1o, peso, circunstancias, tiempo, lugar y, sobre todo, los garantes?<\/p>\n<p>Nos encontraremos en el pr\u00f3ximo art\u00edculo, mientras estemos en el fondo del pozo, o en otro pozo menos profundo, o si el coche de nuestro amo Jos\u00e9 nos ha recogido.<\/p>\n<p><em>Nota. Supongamos la buena fe de la flota espa\u00f1ola acompa\u00f1ante, pero \u00bfqu\u00e9 pasa con la flota italiana, cuyo pa\u00eds se niega a reconocer al Estado palestino?<\/em><\/p>","protected":false},"excerpt":{"rendered":"<p>No quiero ahondar en la controversia en torno a la Operaci\u00f3n Inundaci\u00f3n de Al-Aqsa del 7 de octubre de 2023.<\/p>","protected":false},"author":15,"featured_media":37636,"comment_status":"closed","ping_status":"closed","sticky":false,"template":"","format":"standard","meta":{"footnotes":""},"categories":[72],"tags":[],"class_list":["post-66783","post","type-post","status-publish","format-standard","has-post-thumbnail","hentry","category-opinion"],"yoast_head":"<!-- This site is optimized with the Yoast SEO plugin v27.5 - https:\/\/yoast.com\/product\/yoast-seo-wordpress\/ -->\n<title>El plan de Netanyahu y el fondo del pozo - Revista Rambla<\/title>\n<meta name=\"robots\" content=\"index, follow, max-snippet:-1, max-image-preview:large, max-video-preview:-1\" \/>\n<link rel=\"canonical\" href=\"https:\/\/www.revistarambla.com\/en\/el-plan-de-netanyahu-y-el-fondo-del-pozo\/\" \/>\n<meta property=\"og:locale\" content=\"en_GB\" \/>\n<meta property=\"og:type\" content=\"article\" \/>\n<meta property=\"og:title\" content=\"El plan de Netanyahu y el fondo del pozo - Revista Rambla\" \/>\n<meta property=\"og:description\" content=\"No quiero ahondar en la controversia en torno a la Operaci\u00f3n Inundaci\u00f3n de Al-Aqsa del 7 de octubre de 2023.\" \/>\n<meta property=\"og:url\" content=\"https:\/\/www.revistarambla.com\/en\/el-plan-de-netanyahu-y-el-fondo-del-pozo\/\" \/>\n<meta property=\"og:site_name\" content=\"Revista Rambla\" \/>\n<meta property=\"article:publisher\" content=\"https:\/\/www.facebook.com\/revistarambla\/\" \/>\n<meta property=\"article:published_time\" content=\"2025-10-05T07:58:22+00:00\" \/>\n<meta property=\"article:modified_time\" content=\"2025-10-05T07:58:37+00:00\" \/>\n<meta property=\"og:image\" content=\"https:\/\/www.revistarambla.com\/wp-content\/uploads\/2021\/12\/Capture_of_a_Palestinian_civilian_by_Israeli_soldiers.jpg\" \/>\n\t<meta property=\"og:image:width\" content=\"800\" \/>\n\t<meta property=\"og:image:height\" content=\"529\" \/>\n\t<meta property=\"og:image:type\" content=\"image\/jpeg\" \/>\n<meta name=\"author\" content=\"Mohsen Aqelan\" \/>\n<meta name=\"twitter:card\" content=\"summary_large_image\" \/>\n<meta name=\"twitter:creator\" content=\"@revistarambla\" \/>\n<meta name=\"twitter:site\" content=\"@revistarambla\" \/>\n<meta name=\"twitter:label1\" content=\"Written by\" \/>\n\t<meta name=\"twitter:data1\" content=\"Mohsen Aqelan\" \/>\n\t<meta name=\"twitter:label2\" content=\"Estimated reading time\" \/>\n\t<meta name=\"twitter:data2\" content=\"6 minutes\" \/>\n<script type=\"application\/ld+json\" class=\"yoast-schema-graph\">{\"@context\":\"https:\\\/\\\/schema.org\",\"@graph\":[{\"@type\":\"Article\",\"@id\":\"https:\\\/\\\/www.revistarambla.com\\\/el-plan-de-netanyahu-y-el-fondo-del-pozo\\\/#article\",\"isPartOf\":{\"@id\":\"https:\\\/\\\/www.revistarambla.com\\\/el-plan-de-netanyahu-y-el-fondo-del-pozo\\\/\"},\"author\":{\"name\":\"Mohsen Aqelan\",\"@id\":\"https:\\\/\\\/www.revistarambla.com\\\/#\\\/schema\\\/person\\\/2b19179a8ace334b829ad72cc6e6ce97\"},\"headline\":\"El plan de Netanyahu y el fondo del pozo\",\"datePublished\":\"2025-10-05T07:58:22+00:00\",\"dateModified\":\"2025-10-05T07:58:37+00:00\",\"mainEntityOfPage\":{\"@id\":\"https:\\\/\\\/www.revistarambla.com\\\/el-plan-de-netanyahu-y-el-fondo-del-pozo\\\/\"},\"wordCount\":1224,\"publisher\":{\"@id\":\"https:\\\/\\\/www.revistarambla.com\\\/#organization\"},\"image\":{\"@id\":\"https:\\\/\\\/www.revistarambla.com\\\/el-plan-de-netanyahu-y-el-fondo-del-pozo\\\/#primaryimage\"},\"thumbnailUrl\":\"https:\\\/\\\/www.revistarambla.com\\\/wp-content\\\/uploads\\\/2021\\\/12\\\/Capture_of_a_Palestinian_civilian_by_Israeli_soldiers.jpg\",\"articleSection\":[\"Opiniones\"],\"inLanguage\":\"en-GB\"},{\"@type\":\"WebPage\",\"@id\":\"https:\\\/\\\/www.revistarambla.com\\\/el-plan-de-netanyahu-y-el-fondo-del-pozo\\\/\",\"url\":\"https:\\\/\\\/www.revistarambla.com\\\/el-plan-de-netanyahu-y-el-fondo-del-pozo\\\/\",\"name\":\"El plan de Netanyahu y el fondo del pozo - Revista Rambla\",\"isPartOf\":{\"@id\":\"https:\\\/\\\/www.revistarambla.com\\\/#website\"},\"primaryImageOfPage\":{\"@id\":\"https:\\\/\\\/www.revistarambla.com\\\/el-plan-de-netanyahu-y-el-fondo-del-pozo\\\/#primaryimage\"},\"image\":{\"@id\":\"https:\\\/\\\/www.revistarambla.com\\\/el-plan-de-netanyahu-y-el-fondo-del-pozo\\\/#primaryimage\"},\"thumbnailUrl\":\"https:\\\/\\\/www.revistarambla.com\\\/wp-content\\\/uploads\\\/2021\\\/12\\\/Capture_of_a_Palestinian_civilian_by_Israeli_soldiers.jpg\",\"datePublished\":\"2025-10-05T07:58:22+00:00\",\"dateModified\":\"2025-10-05T07:58:37+00:00\",\"breadcrumb\":{\"@id\":\"https:\\\/\\\/www.revistarambla.com\\\/el-plan-de-netanyahu-y-el-fondo-del-pozo\\\/#breadcrumb\"},\"inLanguage\":\"en-GB\",\"potentialAction\":[{\"@type\":\"ReadAction\",\"target\":[\"https:\\\/\\\/www.revistarambla.com\\\/el-plan-de-netanyahu-y-el-fondo-del-pozo\\\/\"]}]},{\"@type\":\"ImageObject\",\"inLanguage\":\"en-GB\",\"@id\":\"https:\\\/\\\/www.revistarambla.com\\\/el-plan-de-netanyahu-y-el-fondo-del-pozo\\\/#primaryimage\",\"url\":\"https:\\\/\\\/www.revistarambla.com\\\/wp-content\\\/uploads\\\/2021\\\/12\\\/Capture_of_a_Palestinian_civilian_by_Israeli_soldiers.jpg\",\"contentUrl\":\"https:\\\/\\\/www.revistarambla.com\\\/wp-content\\\/uploads\\\/2021\\\/12\\\/Capture_of_a_Palestinian_civilian_by_Israeli_soldiers.jpg\",\"width\":800,\"height\":529,\"caption\":\"plan de Netanyahu\"},{\"@type\":\"BreadcrumbList\",\"@id\":\"https:\\\/\\\/www.revistarambla.com\\\/el-plan-de-netanyahu-y-el-fondo-del-pozo\\\/#breadcrumb\",\"itemListElement\":[{\"@type\":\"ListItem\",\"position\":1,\"name\":\"Portada\",\"item\":\"https:\\\/\\\/www.revistarambla.com\\\/\"},{\"@type\":\"ListItem\",\"position\":2,\"name\":\"El plan de Netanyahu y el fondo del pozo\"}]},{\"@type\":\"WebSite\",\"@id\":\"https:\\\/\\\/www.revistarambla.com\\\/#website\",\"url\":\"https:\\\/\\\/www.revistarambla.com\\\/\",\"name\":\"Revista Rambla Barcelona\",\"description\":\"Periodismo independiente\",\"publisher\":{\"@id\":\"https:\\\/\\\/www.revistarambla.com\\\/#organization\"},\"potentialAction\":[{\"@type\":\"SearchAction\",\"target\":{\"@type\":\"EntryPoint\",\"urlTemplate\":\"https:\\\/\\\/www.revistarambla.com\\\/?s={search_term_string}\"},\"query-input\":{\"@type\":\"PropertyValueSpecification\",\"valueRequired\":true,\"valueName\":\"search_term_string\"}}],\"inLanguage\":\"en-GB\"},{\"@type\":\"Organization\",\"@id\":\"https:\\\/\\\/www.revistarambla.com\\\/#organization\",\"name\":\"Revista Rambla\",\"url\":\"https:\\\/\\\/www.revistarambla.com\\\/\",\"logo\":{\"@type\":\"ImageObject\",\"inLanguage\":\"en-GB\",\"@id\":\"https:\\\/\\\/www.revistarambla.com\\\/#\\\/schema\\\/logo\\\/image\\\/\",\"url\":\"https:\\\/\\\/www.revistarambla.com\\\/wp-content\\\/uploads\\\/2020\\\/09\\\/banner_rambla_1900x600_BB.png\",\"contentUrl\":\"https:\\\/\\\/www.revistarambla.com\\\/wp-content\\\/uploads\\\/2020\\\/09\\\/banner_rambla_1900x600_BB.png\",\"width\":1900,\"height\":600,\"caption\":\"Revista Rambla\"},\"image\":{\"@id\":\"https:\\\/\\\/www.revistarambla.com\\\/#\\\/schema\\\/logo\\\/image\\\/\"},\"sameAs\":[\"https:\\\/\\\/www.facebook.com\\\/revistarambla\\\/\",\"https:\\\/\\\/x.com\\\/revistarambla\",\"https:\\\/\\\/www.instagram.com\\\/revista_rambla\",\"https:\\\/\\\/es.linkedin.com\\\/company\\\/revista-rambla\"]},{\"@type\":\"Person\",\"@id\":\"https:\\\/\\\/www.revistarambla.com\\\/#\\\/schema\\\/person\\\/2b19179a8ace334b829ad72cc6e6ce97\",\"name\":\"Mohsen Aqelan\"}]}<\/script>\n<!-- \/ Yoast SEO plugin. -->","yoast_head_json":{"title":"El plan de Netanyahu y el fondo del pozo - Revista Rambla","robots":{"index":"index","follow":"follow","max-snippet":"max-snippet:-1","max-image-preview":"max-image-preview:large","max-video-preview":"max-video-preview:-1"},"canonical":"https:\/\/www.revistarambla.com\/en\/el-plan-de-netanyahu-y-el-fondo-del-pozo\/","og_locale":"en_GB","og_type":"article","og_title":"El plan de Netanyahu y el fondo del pozo - Revista Rambla","og_description":"No quiero ahondar en la controversia en torno a la Operaci\u00f3n Inundaci\u00f3n de Al-Aqsa del 7 de octubre de 2023.","og_url":"https:\/\/www.revistarambla.com\/en\/el-plan-de-netanyahu-y-el-fondo-del-pozo\/","og_site_name":"Revista Rambla","article_publisher":"https:\/\/www.facebook.com\/revistarambla\/","article_published_time":"2025-10-05T07:58:22+00:00","article_modified_time":"2025-10-05T07:58:37+00:00","og_image":[{"width":800,"height":529,"url":"https:\/\/www.revistarambla.com\/wp-content\/uploads\/2021\/12\/Capture_of_a_Palestinian_civilian_by_Israeli_soldiers.jpg","type":"image\/jpeg"}],"author":"Mohsen Aqelan","twitter_card":"summary_large_image","twitter_creator":"@revistarambla","twitter_site":"@revistarambla","twitter_misc":{"Written by":"Mohsen Aqelan","Estimated reading time":"6 minutes"},"schema":{"@context":"https:\/\/schema.org","@graph":[{"@type":"Article","@id":"https:\/\/www.revistarambla.com\/el-plan-de-netanyahu-y-el-fondo-del-pozo\/#article","isPartOf":{"@id":"https:\/\/www.revistarambla.com\/el-plan-de-netanyahu-y-el-fondo-del-pozo\/"},"author":{"name":"Mohsen Aqelan","@id":"https:\/\/www.revistarambla.com\/#\/schema\/person\/2b19179a8ace334b829ad72cc6e6ce97"},"headline":"El plan de Netanyahu y el fondo del pozo","datePublished":"2025-10-05T07:58:22+00:00","dateModified":"2025-10-05T07:58:37+00:00","mainEntityOfPage":{"@id":"https:\/\/www.revistarambla.com\/el-plan-de-netanyahu-y-el-fondo-del-pozo\/"},"wordCount":1224,"publisher":{"@id":"https:\/\/www.revistarambla.com\/#organization"},"image":{"@id":"https:\/\/www.revistarambla.com\/el-plan-de-netanyahu-y-el-fondo-del-pozo\/#primaryimage"},"thumbnailUrl":"https:\/\/www.revistarambla.com\/wp-content\/uploads\/2021\/12\/Capture_of_a_Palestinian_civilian_by_Israeli_soldiers.jpg","articleSection":["Opiniones"],"inLanguage":"en-GB"},{"@type":"WebPage","@id":"https:\/\/www.revistarambla.com\/el-plan-de-netanyahu-y-el-fondo-del-pozo\/","url":"https:\/\/www.revistarambla.com\/el-plan-de-netanyahu-y-el-fondo-del-pozo\/","name":"El plan de Netanyahu y el fondo del pozo - Revista Rambla","isPartOf":{"@id":"https:\/\/www.revistarambla.com\/#website"},"primaryImageOfPage":{"@id":"https:\/\/www.revistarambla.com\/el-plan-de-netanyahu-y-el-fondo-del-pozo\/#primaryimage"},"image":{"@id":"https:\/\/www.revistarambla.com\/el-plan-de-netanyahu-y-el-fondo-del-pozo\/#primaryimage"},"thumbnailUrl":"https:\/\/www.revistarambla.com\/wp-content\/uploads\/2021\/12\/Capture_of_a_Palestinian_civilian_by_Israeli_soldiers.jpg","datePublished":"2025-10-05T07:58:22+00:00","dateModified":"2025-10-05T07:58:37+00:00","breadcrumb":{"@id":"https:\/\/www.revistarambla.com\/el-plan-de-netanyahu-y-el-fondo-del-pozo\/#breadcrumb"},"inLanguage":"en-GB","potentialAction":[{"@type":"ReadAction","target":["https:\/\/www.revistarambla.com\/el-plan-de-netanyahu-y-el-fondo-del-pozo\/"]}]},{"@type":"ImageObject","inLanguage":"en-GB","@id":"https:\/\/www.revistarambla.com\/el-plan-de-netanyahu-y-el-fondo-del-pozo\/#primaryimage","url":"https:\/\/www.revistarambla.com\/wp-content\/uploads\/2021\/12\/Capture_of_a_Palestinian_civilian_by_Israeli_soldiers.jpg","contentUrl":"https:\/\/www.revistarambla.com\/wp-content\/uploads\/2021\/12\/Capture_of_a_Palestinian_civilian_by_Israeli_soldiers.jpg","width":800,"height":529,"caption":"plan de Netanyahu"},{"@type":"BreadcrumbList","@id":"https:\/\/www.revistarambla.com\/el-plan-de-netanyahu-y-el-fondo-del-pozo\/#breadcrumb","itemListElement":[{"@type":"ListItem","position":1,"name":"Portada","item":"https:\/\/www.revistarambla.com\/"},{"@type":"ListItem","position":2,"name":"El plan de Netanyahu y el fondo del pozo"}]},{"@type":"WebSite","@id":"https:\/\/www.revistarambla.com\/#website","url":"https:\/\/www.revistarambla.com\/","name":"Revista Rambla Barcelona","description":"Periodismo independiente","publisher":{"@id":"https:\/\/www.revistarambla.com\/#organization"},"potentialAction":[{"@type":"SearchAction","target":{"@type":"EntryPoint","urlTemplate":"https:\/\/www.revistarambla.com\/?s={search_term_string}"},"query-input":{"@type":"PropertyValueSpecification","valueRequired":true,"valueName":"search_term_string"}}],"inLanguage":"en-GB"},{"@type":"Organization","@id":"https:\/\/www.revistarambla.com\/#organization","name":"Revista Rambla","url":"https:\/\/www.revistarambla.com\/","logo":{"@type":"ImageObject","inLanguage":"en-GB","@id":"https:\/\/www.revistarambla.com\/#\/schema\/logo\/image\/","url":"https:\/\/www.revistarambla.com\/wp-content\/uploads\/2020\/09\/banner_rambla_1900x600_BB.png","contentUrl":"https:\/\/www.revistarambla.com\/wp-content\/uploads\/2020\/09\/banner_rambla_1900x600_BB.png","width":1900,"height":600,"caption":"Revista Rambla"},"image":{"@id":"https:\/\/www.revistarambla.com\/#\/schema\/logo\/image\/"},"sameAs":["https:\/\/www.facebook.com\/revistarambla\/","https:\/\/x.com\/revistarambla","https:\/\/www.instagram.com\/revista_rambla","https:\/\/es.linkedin.com\/company\/revista-rambla"]},{"@type":"Person","@id":"https:\/\/www.revistarambla.com\/#\/schema\/person\/2b19179a8ace334b829ad72cc6e6ce97","name":"Mohsen Aqelan"}]}},"_links":{"self":[{"href":"https:\/\/www.revistarambla.com\/en\/wp-json\/wp\/v2\/posts\/66783","targetHints":{"allow":["GET"]}}],"collection":[{"href":"https:\/\/www.revistarambla.com\/en\/wp-json\/wp\/v2\/posts"}],"about":[{"href":"https:\/\/www.revistarambla.com\/en\/wp-json\/wp\/v2\/types\/post"}],"author":[{"embeddable":true,"href":"https:\/\/www.revistarambla.com\/en\/wp-json\/wp\/v2\/users\/15"}],"replies":[{"embeddable":true,"href":"https:\/\/www.revistarambla.com\/en\/wp-json\/wp\/v2\/comments?post=66783"}],"version-history":[{"count":3,"href":"https:\/\/www.revistarambla.com\/en\/wp-json\/wp\/v2\/posts\/66783\/revisions"}],"predecessor-version":[{"id":66789,"href":"https:\/\/www.revistarambla.com\/en\/wp-json\/wp\/v2\/posts\/66783\/revisions\/66789"}],"wp:featuredmedia":[{"embeddable":true,"href":"https:\/\/www.revistarambla.com\/en\/wp-json\/wp\/v2\/media\/37636"}],"wp:attachment":[{"href":"https:\/\/www.revistarambla.com\/en\/wp-json\/wp\/v2\/media?parent=66783"}],"wp:term":[{"taxonomy":"category","embeddable":true,"href":"https:\/\/www.revistarambla.com\/en\/wp-json\/wp\/v2\/categories?post=66783"},{"taxonomy":"post_tag","embeddable":true,"href":"https:\/\/www.revistarambla.com\/en\/wp-json\/wp\/v2\/tags?post=66783"}],"curies":[{"name":"wp","href":"https:\/\/api.w.org\/{rel}","templated":true}]}}