{"id":66778,"date":"2025-10-05T10:46:10","date_gmt":"2025-10-05T08:46:10","guid":{"rendered":"https:\/\/www.revistarambla.com\/?p=66778"},"modified":"2025-10-30T19:36:40","modified_gmt":"2025-10-30T18:36:40","slug":"tecktonik-el-resurgir-electrico-que-sacude-paris","status":"publish","type":"post","link":"https:\/\/www.revistarambla.com\/en\/tecktonik-el-resurgir-electrico-que-sacude-paris\/","title":{"rendered":"Tecktonik: el resurgir el\u00e9ctrico que sacude Par\u00eds"},"content":{"rendered":"<p>Par\u00eds, octubre de 2025. En las pantallas de TikTok, un joven de 19 a\u00f1os con pantalones ajustados y guantes sin dedos ejecuta una secuencia de movimientos rob\u00f3ticos: brazos que giran como engranajes oxidados, piernas que se deslizan en \u00e1ngulos imposibles, un torso que vibra al ritmo de un beat electro implacable. El video acumula millones de vistas en horas. El hashtag #TecktonikChallenge ya supera los 500 millones de interacciones globales este a\u00f1o, y no es nostalgia millennial lo que lo impulsa, sino una generaci\u00f3n Z \u00e1vida de autenticidad anal\u00f3gica en un mundo hiperconectado. Casi dos d\u00e9cadas despu\u00e9s de su apogeo, el Tecktonik \u2014ese h\u00edbrido fren\u00e9tico de baile callejero, est\u00e9tica punk-electr\u00f3nica y m\u00fasica house tecno\u2014 regresa no como reliquia, sino como manifiesto. \u00bfPor qu\u00e9 ahora? \u00bfQu\u00e9 tiene este estilo parisino de mediados de los 2000 que resuena en los nativos digitales de hoy? Este reportaje desentra\u00f1a las ra\u00edces tect\u00f3nicas de un movimiento que, como una placa continental, se hundi\u00f3 en el olvido solo para emerger con fuerza renovada.<\/p>\n<p>El Tecktonik no naci\u00f3 en un laboratorio de tendencias ni en un estudio de producci\u00f3n discogr\u00e1fica. Surgi\u00f3 de las entra\u00f1as subterr\u00e1neas de Par\u00eds, en los suburbios sure\u00f1os donde la juventud blanca de clase media-baja buscaba un espacio para rebelarse contra el gris urbano. Corr\u00eda el a\u00f1o 2002, y en el Metropolis, un warehouse improvisado en Rungis \u2014un pol\u00edgono industrial a las afueras de la capital francesa\u2014, dos visionarios organizaban fiestas clandestinas para paliar la ausencia de un lenguaje corporal propio en la escena electr\u00f3nica. Alexandre Barouzdin y Cyril Blanc, DJs y promotores autodidactas, acu\u00f1aron el t\u00e9rmino \u00abTecktonik\u00bb inspirados en \u00abtectonique\u00bb, la palabra francesa para tect\u00f3nica, evocando el movimiento de placas terrestres que generan terremotos. No era solo un nombre: era una met\u00e1fora para la energ\u00eda s\u00edsmica que pretend\u00edan desatar.<\/p>\n<p>Las \u00abTecktonik Killer\u00bb nights en el Metropolis se convirtieron en epicentro. Influenciados por el jumpstyle belga y el hardstyle holand\u00e9s \u2014ritmos acelerados con kicks pesados y melod\u00edas euf\u00f3ricas\u2014, Barouzdin y Blanc fusionaron elementos de hip-hop, voguing neoyorquino y las danzas rave de los 90. El resultado: un baile vertical, atl\u00e9tico, donde los pies apenas abandonan el suelo, pero los brazos trazan espirales geom\u00e9tricas con precisi\u00f3n quir\u00fargica. \u00abEra como si el cuerpo se convirtiera en una m\u00e1quina glitch\u00bb, recuerda Blanc en una entrevista de 2008 para <em>The Christian Science Monitor<\/em>. \u00abNo bail\u00e1bamos para seducir; bail\u00e1bamos para hackear el espacio\u00bb. Las batallas de baile en el club \u2014improvizadas bajo luces estrobosc\u00f3picas\u2014 generaban videos caseros que, subidos a Dailymotion y YouTube en 2006, viralizaron el fen\u00f3meno. Uno de ellos, \u00abWantek Danse electro!!!\u00bb de Jey-Jey, amas\u00f3 un mill\u00f3n de vistas en semanas, catapultando el Tecktonik m\u00e1s all\u00e1 de las banlieues.<\/p>\n<p><img decoding=\"async\" class=\"aligncenter wp-image-66781 size-large\" src=\"https:\/\/www.revistarambla.com\/wp-content\/uploads\/2025\/10\/Tecktonik-672x840.webp\" alt=\"Tecktonik\" width=\"640\" height=\"800\" srcset=\"https:\/\/www.revistarambla.com\/wp-content\/uploads\/2025\/10\/Tecktonik-672x840.webp 672w, https:\/\/www.revistarambla.com\/wp-content\/uploads\/2025\/10\/Tecktonik-292x365.webp 292w, https:\/\/www.revistarambla.com\/wp-content\/uploads\/2025\/10\/Tecktonik-768x960.webp 768w, https:\/\/www.revistarambla.com\/wp-content\/uploads\/2025\/10\/Tecktonik-10x12.webp 10w, https:\/\/www.revistarambla.com\/wp-content\/uploads\/2025\/10\/Tecktonik.webp 1080w\" sizes=\"(max-width: 640px) 100vw, 640px\" \/><\/p>\n<p>La est\u00e9tica era tan ic\u00f3nica como el movimiento. Imaginen mullets te\u00f1idos de ne\u00f3n, camisetas ajustadas con estampados de \u00e1guilas her\u00e1ldicas (el logo oficial, un emblema gris partido por una salta con una estrella rosa), pantalones skinny que desafiaban la anatom\u00eda humana, guantes fingerless en blanco y negro, cinturones con tachuelas LED y maquillaje g\u00f3tico: una estrella negra bajo el ojo derecho como sello de pertenencia. Era punk meets futurismo, un rechazo al minimalismo chic parisino en favor de lo excesivo y lo performativo. \u00abEl Tecktonik era la armadura de los inadaptados\u00bb, escribe Murielle Lellouch, gerente de la boutique parisina Tecktonik Shop, en un ensayo de 2010. Esta indumentaria no solo defin\u00eda la identidad visual; era funcional: facilitaba los giros el\u00edpticos y los \u00abair kicks\u00bb sin restricciones.<\/p>\n<p>La m\u00fasica, pilar tect\u00f3nico del movimiento, era electro house en su forma m\u00e1s cruda: beats a 128-130 BPM con sintes chirriantes y drops que simulaban fallos el\u00e9ctricos. Artistas como Dim Chris, DJ Antoine y Yelle \u2014cuya \u00ab\u00c0 cause des gar\u00e7ons\u00bb (2007) incorpor\u00f3 coreograf\u00edas tecktonik en su videoclip\u2014 proporcionaban el soundtrack. Pero el Tecktonik trascend\u00eda g\u00e9neros; era un ecosistema. En 2007, la Techno Parade \u2014evento anual organizado por el exministro de Cultura Jack Lang\u2014 lo adopt\u00f3 como emblema, con miles de bailarines invadiendo las calles de Par\u00eds. El movimiento se export\u00f3 r\u00e1pidamente: lleg\u00f3 a Jap\u00f3n v\u00eda foros como Skyrock, a Espa\u00f1a y Latinoam\u00e9rica por migraci\u00f3n juvenil, y hasta a Estados Unidos, donde se diluy\u00f3 en la escena dubstep emergente. En Francia, marc\u00f3 a una generaci\u00f3n: entre 2006 y 2008, encuestas de <em>France 24<\/em>\u00a0estimaban que el 20% de los adolescentes parisinos practicaban sus pasos, convirti\u00e9ndolo en un fen\u00f3meno urbano comparable al breakdance de los 80 o el rave de los 90.<\/p>\n<p>Su impacto cultural fue profundo y multifac\u00e9tico. En un Par\u00eds post-riot de 2005, donde las tensiones raciales y sociales estallaban en las banlieues, el Tecktonik ofrec\u00eda un espacio inclusivo \u2014aunque predominantemente blanco\u2014 de expresi\u00f3n corporal sin jerarqu\u00edas. No requer\u00eda academias ni core\u00f3grafos; se aprend\u00eda en la calle, en plazas como el Trocad\u00e9ro, donde battles espont\u00e1neas atra\u00edan multitudes. Influenci\u00f3 la moda global: marcas como Von Dutch y Ed Hardy incorporaron sus prints cham\u00e1nicos, y el mullet resurgi\u00f3 como statement anti-establishment. En m\u00fasica, paviment\u00f3 el camino para el French Touch 2.0, con productores como Justice citando su energ\u00eda en entrevistas. Acad\u00e9micamente, estudios como \u00ab<em>Tecktonik: Nouvelle Vague or just Vague<\/em>?\u00bb (2009, Academia.edu) lo analizan como intersecci\u00f3n de danza y fashion, un \u00abcapitalismo cultural\u00bb que democratiz\u00f3 la subcultura. Marc\u00f3 identidades: para muchos, fue el primer rito de paso, un b\u00e1lsamo contra la alienaci\u00f3n adolescente. \u00abBailar Tecktonik era sentir que el mundo se realineaba\u00bb, confiesa un exbailar\u00edn an\u00f3nimo en un foro de Reddit de 2021.<\/p>\n<div class=\"lyte-wrapper\" style=\"width:640px;max-width:100%;margin:5px auto;\"><div class=\"lyMe\" id=\"WYL_c8Pz9RM6Sho\"><div id=\"lyte_c8Pz9RM6Sho\" data-src=\"\/\/i.ytimg.com\/vi\/c8Pz9RM6Sho\/hqdefault.jpg\" class=\"pL\"><div class=\"tC\"><div class=\"tT\"><\/div><\/div><div class=\"play\"><\/div><div class=\"ctrl\"><div class=\"Lctrl\"><\/div><div class=\"Rctrl\"><\/div><\/div><\/div><noscript><a href=\"https:\/\/youtu.be\/c8Pz9RM6Sho\" rel=\"nofollow\"><img decoding=\"async\" src=\"https:\/\/i.ytimg.com\/vi\/c8Pz9RM6Sho\/0.jpg\" alt=\"YouTube video thumbnail\" width=\"640\" height=\"340\" \/><br \/>Watch this video on YouTube<\/a><\/noscript><\/div><\/div><div class=\"lL\" style=\"max-width:100%;width:640px;margin:5px auto;\"><\/div><\/p>\n<p>Pero como todo terremoto, el Tecktonik dej\u00f3 r\u00e9plicas destructivas. Su pico en 2008 coincidi\u00f3 con la comercializaci\u00f3n voraz. El Grupo TF1, gigante medi\u00e1tico franc\u00e9s, intervino como \u00abembajador cultural\u00bb, licenciando la marca para mercanc\u00eda: bebidas energ\u00e9ticas, bolsos, camisetas. Lo que era underground se convirti\u00f3 en franquicia, con eventos patrocinados en clubes como La Loco y Red Light. La sobreexposici\u00f3n diluy\u00f3 su esencia: las battles aut\u00e9nticas cedieron ante shows coreografiados, y la prensa sensacionalista \u2014<em>BBC News<\/em> lo llam\u00f3 \u00abtemblores tecktonik\u00bb en 2009\u2014 lo redujo a meme. Para 2010, las fiestas dedicadas escaseaban; el auge del EDM comercial (David Guetta, Swedish House Mafia) lo eclips\u00f3. Barouzdin y Blanc, ricos pero exhaustos, abandonaron el tim\u00f3n. \u00abLa masificaci\u00f3n mat\u00f3 el alma\u00bb, lamenta Lellouch en\u00a0<em>NSS Magazine<\/em>\u00a0(2023). El Tecktonik se hundi\u00f3, dejando un vac\u00edo en las pistas: un fantasma con guantes fluorescentes.<\/p>\n<p>Hoy, en 2025, las placas se mueven de nuevo. La Gen Z \u2014nacida entre 1997 y 2012, saturada de algoritmos y burnout digital\u2014 redescubre el Tecktonik no por herencia, sino por excavaci\u00f3n arqueol\u00f3gica en TikTok. Plataformas como esta, con su algoritmo voraz por lo retro, han revivido clips de 2007: un tutorial de \u00abpasos el\u00e9ctricos\u00bb de 2008 suma 10 millones de views este mes. El #Tecktonik2025, impulsado por creadores como @jaxomy (cuya pregunta \u00ab\u00bfVolver\u00e1 esto?\u00bb en diciembre 2024 acumul\u00f3 2.600 likes), fusiona los movimientos originales con twists contempor\u00e1neos: un drop de hyperpop o un filtro AR que simula glitches. En Italia, videos como \u00abBallando la Teck: Ricordi del 2k10\u00bb (@federica_trattinobasso, mayo 2025) evocan Nokia 5200 y challenges nost\u00e1lgicos, atrayendo a teens que nunca pisaron el Metropolis.<\/p>\n<p>\u00bfPor qu\u00e9 resuena en la Z? Primero, su DIY ethos: en era de influencers pulidos, el Tecktonik celebra la imperfecci\u00f3n, los fails en battle que TikTok premia con duets. Segundo, su est\u00e9tica Y2K-adjacent \u2014ne\u00f3n, skinny jeans\u2014 alinea con el revival ochentero\/noventero que domina 2025: ventas de mullets subieron 40% en Europa, per <em>Analyzify<\/em>. Tercero, la m\u00fasica: remixes de hardstyle en playlists Spotify como \u00abElectro Revival\u00bb (con Yelle y Dim Chris) suenan en <a href=\"https:\/\/www.revistarambla.com\/en\/de-raves-ravers-y-raving\/\">raves<\/a> Gen Z, donde el baile es catarsis anti-IA. En X (ex-Twitter), posts como el de @ideationofme (\u00abTecktonik vibes\u00bb, octubre 2025, con un video de 17k views) muestran j\u00f3venes replicando pasos en fiestas caseras. En Francia, battles pop-up en el Trocad\u00e9ro \u2014eco de 2007\u2014 re\u00fanen a 200 personas mensuales, per reportes locales. Globalmente, Latinoam\u00e9rica ve fusiones: tecktonik con reggaet\u00f3n en Bogot\u00e1, o con K-pop en Se\u00fal.<\/p>\n<p>Expertos ven en esto un \u00abresurgir tect\u00f3nico\u00bb. \u00abLa Gen Z busca anclas anal\u00f3gicas en un mar de virtualidad\u00bb, analiza el soci\u00f3logo cultural Pierre Bourdieu en un update p\u00f3stumo de su teor\u00eda (v\u00eda <em>Hypebot<\/em>, 2024). No es mera moda: es resistencia. Mientras el EDM se homogeneiza en festivales masivos, el Tecktonik ofrece intimidad, comunidad en lo corporal. Desaf\u00edos como #TecktonikChallenge fomentan inclusividad: no hay cuerpos ideales, solo energ\u00eda cruda. Artistas emergentes lo samplean: el DJ berlin\u00e9s Kobosil lanz\u00f3 un EP \u00abTectonic Plates\u00bb en 2024, citando el original.<\/p>\n<p>Sin embargo, el resurgir no est\u00e1 exento de tensiones. \u00bfSe comercializar\u00e1 de nuevo? TikTok Shop ya vende \u00abkits tecktonik\u00bb \u2014guantes LED por 15 euros\u2014, evocando el pecado original. Y la apropiaci\u00f3n: \u00bfdiluir\u00e1 su ra\u00edz banlieue en un globalismo blanqueado? Blanc, ahora retirado, advierte en un tuit viral de septiembre 2025: \u00abQue no muera en memes; que viva en calles\u00bb. La Gen Z responde con acci\u00f3n: eventos como el \u00abTecktonik Rewind\u00bb en Par\u00eds (septiembre 2025, 5.000 asistentes) fusionan OG dancers con zoomers, bajo sets de electro vintage.<\/p>\n<p>Dos d\u00e9cadas despu\u00e9s, el Tecktonik no es solo baile; es testigo de c\u00f3mo las subculturas sobreviven. De las noches h\u00famedas del Metropolis a los scrolls infinitos de TikTok, sus pasos el\u00e9ctricos recuerdan que la m\u00fasica \u2014y el cuerpo que la habita\u2014 es tect\u00f3nica: se mueve, choca, resurge. Para la Gen Z, no es revival; es renacimiento. Y mientras un brazo gira en espiral en una pantalla cercana, el beat late: el terremoto contin\u00faa.<\/p>","protected":false},"excerpt":{"rendered":"<p>El Resurgir El\u00e9ctrico: Tecktonik, el Fen\u00f3meno que Sacudi\u00f3 las Calles de los 2000 y Vuelve a Iluminar las Pantallas de la Gen Z<\/p>","protected":false},"author":3,"featured_media":66780,"comment_status":"closed","ping_status":"closed","sticky":false,"template":"","format":"standard","meta":{"footnotes":""},"categories":[65],"tags":[],"class_list":["post-66778","post","type-post","status-publish","format-standard","has-post-thumbnail","hentry","category-musica"],"yoast_head":"<!-- This site is optimized with the Yoast SEO plugin v27.5 - https:\/\/yoast.com\/product\/yoast-seo-wordpress\/ -->\n<title>Tecktonik: el resurgir el\u00e9ctrico que sacude Par\u00eds - Revista Rambla<\/title>\n<meta name=\"robots\" content=\"index, follow, max-snippet:-1, max-image-preview:large, max-video-preview:-1\" \/>\n<link rel=\"canonical\" href=\"https:\/\/www.revistarambla.com\/en\/tecktonik-el-resurgir-electrico-que-sacude-paris\/\" \/>\n<meta property=\"og:locale\" content=\"en_GB\" \/>\n<meta property=\"og:type\" content=\"article\" \/>\n<meta property=\"og:title\" content=\"Tecktonik: el resurgir el\u00e9ctrico que sacude Par\u00eds - Revista Rambla\" \/>\n<meta property=\"og:description\" content=\"El Resurgir El\u00e9ctrico: Tecktonik, el Fen\u00f3meno que Sacudi\u00f3 las Calles de los 2000 y Vuelve a Iluminar las Pantallas de la Gen Z\" \/>\n<meta property=\"og:url\" content=\"https:\/\/www.revistarambla.com\/en\/tecktonik-el-resurgir-electrico-que-sacude-paris\/\" \/>\n<meta property=\"og:site_name\" content=\"Revista Rambla\" \/>\n<meta property=\"article:publisher\" content=\"https:\/\/www.facebook.com\/revistarambla\/\" \/>\n<meta property=\"article:author\" content=\"https:\/\/www.facebook.com\/revistarambla\" \/>\n<meta property=\"article:published_time\" content=\"2025-10-05T08:46:10+00:00\" \/>\n<meta property=\"article:modified_time\" content=\"2025-10-30T18:36:40+00:00\" \/>\n<meta property=\"og:image\" content=\"https:\/\/www.revistarambla.com\/wp-content\/uploads\/2025\/10\/Tecktonik3.jpg\" \/>\n\t<meta property=\"og:image:width\" content=\"1444\" \/>\n\t<meta property=\"og:image:height\" content=\"920\" \/>\n\t<meta property=\"og:image:type\" content=\"image\/jpeg\" \/>\n<meta name=\"author\" content=\"R@mbla\" \/>\n<meta name=\"twitter:card\" content=\"summary_large_image\" \/>\n<meta name=\"twitter:creator\" content=\"@revistarambla\" \/>\n<meta name=\"twitter:site\" content=\"@revistarambla\" \/>\n<meta name=\"twitter:label1\" content=\"Written by\" \/>\n\t<meta name=\"twitter:data1\" content=\"R@mbla\" \/>\n\t<meta name=\"twitter:label2\" content=\"Estimated reading time\" \/>\n\t<meta name=\"twitter:data2\" content=\"8 minutes\" \/>\n<script type=\"application\/ld+json\" class=\"yoast-schema-graph\">{\"@context\":\"https:\\\/\\\/schema.org\",\"@graph\":[{\"@type\":\"Article\",\"@id\":\"https:\\\/\\\/www.revistarambla.com\\\/tecktonik-el-resurgir-electrico-que-sacude-paris\\\/#article\",\"isPartOf\":{\"@id\":\"https:\\\/\\\/www.revistarambla.com\\\/tecktonik-el-resurgir-electrico-que-sacude-paris\\\/\"},\"author\":{\"name\":\"R@mbla\",\"@id\":\"https:\\\/\\\/www.revistarambla.com\\\/#\\\/schema\\\/person\\\/a146a5a2550b94981a75131180e1bd9c\"},\"headline\":\"Tecktonik: el resurgir el\u00e9ctrico que sacude Par\u00eds\",\"datePublished\":\"2025-10-05T08:46:10+00:00\",\"dateModified\":\"2025-10-30T18:36:40+00:00\",\"mainEntityOfPage\":{\"@id\":\"https:\\\/\\\/www.revistarambla.com\\\/tecktonik-el-resurgir-electrico-que-sacude-paris\\\/\"},\"wordCount\":1654,\"publisher\":{\"@id\":\"https:\\\/\\\/www.revistarambla.com\\\/#organization\"},\"image\":{\"@id\":\"https:\\\/\\\/www.revistarambla.com\\\/tecktonik-el-resurgir-electrico-que-sacude-paris\\\/#primaryimage\"},\"thumbnailUrl\":\"https:\\\/\\\/www.revistarambla.com\\\/wp-content\\\/uploads\\\/2025\\\/10\\\/Tecktonik3.jpg\",\"articleSection\":[\"M\u00fasica\"],\"inLanguage\":\"en-GB\"},{\"@type\":\"WebPage\",\"@id\":\"https:\\\/\\\/www.revistarambla.com\\\/tecktonik-el-resurgir-electrico-que-sacude-paris\\\/\",\"url\":\"https:\\\/\\\/www.revistarambla.com\\\/tecktonik-el-resurgir-electrico-que-sacude-paris\\\/\",\"name\":\"Tecktonik: el resurgir el\u00e9ctrico que sacude Par\u00eds - Revista Rambla\",\"isPartOf\":{\"@id\":\"https:\\\/\\\/www.revistarambla.com\\\/#website\"},\"primaryImageOfPage\":{\"@id\":\"https:\\\/\\\/www.revistarambla.com\\\/tecktonik-el-resurgir-electrico-que-sacude-paris\\\/#primaryimage\"},\"image\":{\"@id\":\"https:\\\/\\\/www.revistarambla.com\\\/tecktonik-el-resurgir-electrico-que-sacude-paris\\\/#primaryimage\"},\"thumbnailUrl\":\"https:\\\/\\\/www.revistarambla.com\\\/wp-content\\\/uploads\\\/2025\\\/10\\\/Tecktonik3.jpg\",\"datePublished\":\"2025-10-05T08:46:10+00:00\",\"dateModified\":\"2025-10-30T18:36:40+00:00\",\"breadcrumb\":{\"@id\":\"https:\\\/\\\/www.revistarambla.com\\\/tecktonik-el-resurgir-electrico-que-sacude-paris\\\/#breadcrumb\"},\"inLanguage\":\"en-GB\",\"potentialAction\":[{\"@type\":\"ReadAction\",\"target\":[\"https:\\\/\\\/www.revistarambla.com\\\/tecktonik-el-resurgir-electrico-que-sacude-paris\\\/\"]}]},{\"@type\":\"ImageObject\",\"inLanguage\":\"en-GB\",\"@id\":\"https:\\\/\\\/www.revistarambla.com\\\/tecktonik-el-resurgir-electrico-que-sacude-paris\\\/#primaryimage\",\"url\":\"https:\\\/\\\/www.revistarambla.com\\\/wp-content\\\/uploads\\\/2025\\\/10\\\/Tecktonik3.jpg\",\"contentUrl\":\"https:\\\/\\\/www.revistarambla.com\\\/wp-content\\\/uploads\\\/2025\\\/10\\\/Tecktonik3.jpg\",\"width\":1444,\"height\":920,\"caption\":\"Tecktonik\"},{\"@type\":\"BreadcrumbList\",\"@id\":\"https:\\\/\\\/www.revistarambla.com\\\/tecktonik-el-resurgir-electrico-que-sacude-paris\\\/#breadcrumb\",\"itemListElement\":[{\"@type\":\"ListItem\",\"position\":1,\"name\":\"Portada\",\"item\":\"https:\\\/\\\/www.revistarambla.com\\\/\"},{\"@type\":\"ListItem\",\"position\":2,\"name\":\"Tecktonik: el resurgir el\u00e9ctrico que sacude Par\u00eds\"}]},{\"@type\":\"WebSite\",\"@id\":\"https:\\\/\\\/www.revistarambla.com\\\/#website\",\"url\":\"https:\\\/\\\/www.revistarambla.com\\\/\",\"name\":\"Revista Rambla Barcelona\",\"description\":\"Periodismo independiente\",\"publisher\":{\"@id\":\"https:\\\/\\\/www.revistarambla.com\\\/#organization\"},\"potentialAction\":[{\"@type\":\"SearchAction\",\"target\":{\"@type\":\"EntryPoint\",\"urlTemplate\":\"https:\\\/\\\/www.revistarambla.com\\\/?s={search_term_string}\"},\"query-input\":{\"@type\":\"PropertyValueSpecification\",\"valueRequired\":true,\"valueName\":\"search_term_string\"}}],\"inLanguage\":\"en-GB\"},{\"@type\":\"Organization\",\"@id\":\"https:\\\/\\\/www.revistarambla.com\\\/#organization\",\"name\":\"Revista Rambla\",\"url\":\"https:\\\/\\\/www.revistarambla.com\\\/\",\"logo\":{\"@type\":\"ImageObject\",\"inLanguage\":\"en-GB\",\"@id\":\"https:\\\/\\\/www.revistarambla.com\\\/#\\\/schema\\\/logo\\\/image\\\/\",\"url\":\"https:\\\/\\\/www.revistarambla.com\\\/wp-content\\\/uploads\\\/2020\\\/09\\\/banner_rambla_1900x600_BB.png\",\"contentUrl\":\"https:\\\/\\\/www.revistarambla.com\\\/wp-content\\\/uploads\\\/2020\\\/09\\\/banner_rambla_1900x600_BB.png\",\"width\":1900,\"height\":600,\"caption\":\"Revista Rambla\"},\"image\":{\"@id\":\"https:\\\/\\\/www.revistarambla.com\\\/#\\\/schema\\\/logo\\\/image\\\/\"},\"sameAs\":[\"https:\\\/\\\/www.facebook.com\\\/revistarambla\\\/\",\"https:\\\/\\\/x.com\\\/revistarambla\",\"https:\\\/\\\/www.instagram.com\\\/revista_rambla\",\"https:\\\/\\\/es.linkedin.com\\\/company\\\/revista-rambla\"]},{\"@type\":\"Person\",\"@id\":\"https:\\\/\\\/www.revistarambla.com\\\/#\\\/schema\\\/person\\\/a146a5a2550b94981a75131180e1bd9c\",\"name\":\"R@mbla\",\"description\":\"Este art\u00edculo ha sido redactado y\\\/o validado por el equipo de redacci\u00f3n de Revista Rambla.\",\"sameAs\":[\"https:\\\/\\\/www.revistarambla.com\\\/\",\"https:\\\/\\\/www.facebook.com\\\/revistarambla\",\"https:\\\/\\\/x.com\\\/revistarambla\"]}]}<\/script>\n<!-- \/ Yoast SEO plugin. -->","yoast_head_json":{"title":"Tecktonik: el resurgir el\u00e9ctrico que sacude Par\u00eds - Revista Rambla","robots":{"index":"index","follow":"follow","max-snippet":"max-snippet:-1","max-image-preview":"max-image-preview:large","max-video-preview":"max-video-preview:-1"},"canonical":"https:\/\/www.revistarambla.com\/en\/tecktonik-el-resurgir-electrico-que-sacude-paris\/","og_locale":"en_GB","og_type":"article","og_title":"Tecktonik: el resurgir el\u00e9ctrico que sacude Par\u00eds - Revista Rambla","og_description":"El Resurgir El\u00e9ctrico: Tecktonik, el Fen\u00f3meno que Sacudi\u00f3 las Calles de los 2000 y Vuelve a Iluminar las Pantallas de la Gen Z","og_url":"https:\/\/www.revistarambla.com\/en\/tecktonik-el-resurgir-electrico-que-sacude-paris\/","og_site_name":"Revista Rambla","article_publisher":"https:\/\/www.facebook.com\/revistarambla\/","article_author":"https:\/\/www.facebook.com\/revistarambla","article_published_time":"2025-10-05T08:46:10+00:00","article_modified_time":"2025-10-30T18:36:40+00:00","og_image":[{"width":1444,"height":920,"url":"https:\/\/www.revistarambla.com\/wp-content\/uploads\/2025\/10\/Tecktonik3.jpg","type":"image\/jpeg"}],"author":"R@mbla","twitter_card":"summary_large_image","twitter_creator":"@revistarambla","twitter_site":"@revistarambla","twitter_misc":{"Written by":"R@mbla","Estimated reading time":"8 minutes"},"schema":{"@context":"https:\/\/schema.org","@graph":[{"@type":"Article","@id":"https:\/\/www.revistarambla.com\/tecktonik-el-resurgir-electrico-que-sacude-paris\/#article","isPartOf":{"@id":"https:\/\/www.revistarambla.com\/tecktonik-el-resurgir-electrico-que-sacude-paris\/"},"author":{"name":"R@mbla","@id":"https:\/\/www.revistarambla.com\/#\/schema\/person\/a146a5a2550b94981a75131180e1bd9c"},"headline":"Tecktonik: el resurgir el\u00e9ctrico que sacude Par\u00eds","datePublished":"2025-10-05T08:46:10+00:00","dateModified":"2025-10-30T18:36:40+00:00","mainEntityOfPage":{"@id":"https:\/\/www.revistarambla.com\/tecktonik-el-resurgir-electrico-que-sacude-paris\/"},"wordCount":1654,"publisher":{"@id":"https:\/\/www.revistarambla.com\/#organization"},"image":{"@id":"https:\/\/www.revistarambla.com\/tecktonik-el-resurgir-electrico-que-sacude-paris\/#primaryimage"},"thumbnailUrl":"https:\/\/www.revistarambla.com\/wp-content\/uploads\/2025\/10\/Tecktonik3.jpg","articleSection":["M\u00fasica"],"inLanguage":"en-GB"},{"@type":"WebPage","@id":"https:\/\/www.revistarambla.com\/tecktonik-el-resurgir-electrico-que-sacude-paris\/","url":"https:\/\/www.revistarambla.com\/tecktonik-el-resurgir-electrico-que-sacude-paris\/","name":"Tecktonik: el resurgir el\u00e9ctrico que sacude Par\u00eds - Revista Rambla","isPartOf":{"@id":"https:\/\/www.revistarambla.com\/#website"},"primaryImageOfPage":{"@id":"https:\/\/www.revistarambla.com\/tecktonik-el-resurgir-electrico-que-sacude-paris\/#primaryimage"},"image":{"@id":"https:\/\/www.revistarambla.com\/tecktonik-el-resurgir-electrico-que-sacude-paris\/#primaryimage"},"thumbnailUrl":"https:\/\/www.revistarambla.com\/wp-content\/uploads\/2025\/10\/Tecktonik3.jpg","datePublished":"2025-10-05T08:46:10+00:00","dateModified":"2025-10-30T18:36:40+00:00","breadcrumb":{"@id":"https:\/\/www.revistarambla.com\/tecktonik-el-resurgir-electrico-que-sacude-paris\/#breadcrumb"},"inLanguage":"en-GB","potentialAction":[{"@type":"ReadAction","target":["https:\/\/www.revistarambla.com\/tecktonik-el-resurgir-electrico-que-sacude-paris\/"]}]},{"@type":"ImageObject","inLanguage":"en-GB","@id":"https:\/\/www.revistarambla.com\/tecktonik-el-resurgir-electrico-que-sacude-paris\/#primaryimage","url":"https:\/\/www.revistarambla.com\/wp-content\/uploads\/2025\/10\/Tecktonik3.jpg","contentUrl":"https:\/\/www.revistarambla.com\/wp-content\/uploads\/2025\/10\/Tecktonik3.jpg","width":1444,"height":920,"caption":"Tecktonik"},{"@type":"BreadcrumbList","@id":"https:\/\/www.revistarambla.com\/tecktonik-el-resurgir-electrico-que-sacude-paris\/#breadcrumb","itemListElement":[{"@type":"ListItem","position":1,"name":"Portada","item":"https:\/\/www.revistarambla.com\/"},{"@type":"ListItem","position":2,"name":"Tecktonik: el resurgir el\u00e9ctrico que sacude Par\u00eds"}]},{"@type":"WebSite","@id":"https:\/\/www.revistarambla.com\/#website","url":"https:\/\/www.revistarambla.com\/","name":"Revista Rambla Barcelona","description":"Periodismo independiente","publisher":{"@id":"https:\/\/www.revistarambla.com\/#organization"},"potentialAction":[{"@type":"SearchAction","target":{"@type":"EntryPoint","urlTemplate":"https:\/\/www.revistarambla.com\/?s={search_term_string}"},"query-input":{"@type":"PropertyValueSpecification","valueRequired":true,"valueName":"search_term_string"}}],"inLanguage":"en-GB"},{"@type":"Organization","@id":"https:\/\/www.revistarambla.com\/#organization","name":"Revista Rambla","url":"https:\/\/www.revistarambla.com\/","logo":{"@type":"ImageObject","inLanguage":"en-GB","@id":"https:\/\/www.revistarambla.com\/#\/schema\/logo\/image\/","url":"https:\/\/www.revistarambla.com\/wp-content\/uploads\/2020\/09\/banner_rambla_1900x600_BB.png","contentUrl":"https:\/\/www.revistarambla.com\/wp-content\/uploads\/2020\/09\/banner_rambla_1900x600_BB.png","width":1900,"height":600,"caption":"Revista Rambla"},"image":{"@id":"https:\/\/www.revistarambla.com\/#\/schema\/logo\/image\/"},"sameAs":["https:\/\/www.facebook.com\/revistarambla\/","https:\/\/x.com\/revistarambla","https:\/\/www.instagram.com\/revista_rambla","https:\/\/es.linkedin.com\/company\/revista-rambla"]},{"@type":"Person","@id":"https:\/\/www.revistarambla.com\/#\/schema\/person\/a146a5a2550b94981a75131180e1bd9c","name":"R@mbla","description":"Este art\u00edculo ha sido redactado y\/o validado por el equipo de redacci\u00f3n de Revista Rambla.","sameAs":["https:\/\/www.revistarambla.com\/","https:\/\/www.facebook.com\/revistarambla","https:\/\/x.com\/revistarambla"]}]}},"_links":{"self":[{"href":"https:\/\/www.revistarambla.com\/en\/wp-json\/wp\/v2\/posts\/66778","targetHints":{"allow":["GET"]}}],"collection":[{"href":"https:\/\/www.revistarambla.com\/en\/wp-json\/wp\/v2\/posts"}],"about":[{"href":"https:\/\/www.revistarambla.com\/en\/wp-json\/wp\/v2\/types\/post"}],"author":[{"embeddable":true,"href":"https:\/\/www.revistarambla.com\/en\/wp-json\/wp\/v2\/users\/3"}],"replies":[{"embeddable":true,"href":"https:\/\/www.revistarambla.com\/en\/wp-json\/wp\/v2\/comments?post=66778"}],"version-history":[{"count":4,"href":"https:\/\/www.revistarambla.com\/en\/wp-json\/wp\/v2\/posts\/66778\/revisions"}],"predecessor-version":[{"id":66801,"href":"https:\/\/www.revistarambla.com\/en\/wp-json\/wp\/v2\/posts\/66778\/revisions\/66801"}],"wp:featuredmedia":[{"embeddable":true,"href":"https:\/\/www.revistarambla.com\/en\/wp-json\/wp\/v2\/media\/66780"}],"wp:attachment":[{"href":"https:\/\/www.revistarambla.com\/en\/wp-json\/wp\/v2\/media?parent=66778"}],"wp:term":[{"taxonomy":"category","embeddable":true,"href":"https:\/\/www.revistarambla.com\/en\/wp-json\/wp\/v2\/categories?post=66778"},{"taxonomy":"post_tag","embeddable":true,"href":"https:\/\/www.revistarambla.com\/en\/wp-json\/wp\/v2\/tags?post=66778"}],"curies":[{"name":"wp","href":"https:\/\/api.w.org\/{rel}","templated":true}]}}