{"id":66775,"date":"2025-09-30T20:58:19","date_gmt":"2025-09-30T18:58:19","guid":{"rendered":"https:\/\/www.revistarambla.com\/?p=66775"},"modified":"2025-09-30T20:58:19","modified_gmt":"2025-09-30T18:58:19","slug":"la-diseccion-del-gen-del-mal-el-diablo-bajo-la-piel","status":"publish","type":"post","link":"https:\/\/www.revistarambla.com\/en\/la-diseccion-del-gen-del-mal-el-diablo-bajo-la-piel\/","title":{"rendered":"La disecci\u00f3n del gen del mal"},"content":{"rendered":"<p><em>El Diablo Bajo la Piel<\/em> (The Killer Inside Me, 2010), dirigida por el vers\u00e1til Michael Winterbottom, es la adaptaci\u00f3n de la ic\u00f3nica novela hom\u00f3nima de Jim Thompson publicada en 1952, que se erige como un testimonio magistral de c\u00f3mo el cine puede diseccionar la psique humana, revelando las sombras que acechan bajo la fachada de la normalidad. Winterbottom, conocido por su eclecticismo estil\u00edstico en obras como <em>24 Hour Party People<\/em> (2002) o <em>The Trip<\/em> (2010), aqu\u00ed se sumerge en el territorio del noir con una maestr\u00eda que fusiona el realismo crudo con una introspecci\u00f3n psicol\u00f3gica profunda. Una joya subestimada del g\u00e9nero, que destaca por su direcci\u00f3n innovadora, las actuaciones estelares, la fidelidad a la fuente literaria y su impacto tem\u00e1tico en el contexto del cine moderno. <em>El Diablo Bajo la Piel<\/em> no solo merece un lugar destacado en la filmograf\u00eda de Winterbottom, sino que representa un hito en la representaci\u00f3n cinematogr\u00e1fica de la violencia y la alienaci\u00f3n.<\/p>\n<p>Para contextualizar, la pel\u00edcula se ambienta en la Texas rural de los a\u00f1os 50, un escenario que evoca el clasicismo del western y el noir americano, pero con un giro contempor\u00e1neo que lo despoja de romanticismo. El protagonista, Lou Ford (interpretado por Casey Affleck), es un deputy sheriff aparentemente afable y educado, cuya vida cotidiana se ve interrumpida por un encargo rutinario: expulsar a una prostituta local, Joyce Lakeland (Jessica Alba), de la ciudad. Lo que comienza como una interacci\u00f3n profesional deriva en una espiral de pasi\u00f3n, traici\u00f3n y violencia que desvela la verdadera naturaleza de Ford: un psic\u00f3pata calculador cuya mente alberga impulsos destructivos. Winterbottom, fiel al esp\u00edritu de Thompson, evita los clich\u00e9s del thriller convencional, optando por una narrativa introspectiva que privilegia la voz en off del protagonista, un dispositivo que remite a los cl\u00e1sicos del noir como <em>Double Indemnity<\/em>\u00a0(1944) de Billy Wilder, pero con una modernidad que lo hace sentir fresco y perturbador.<\/p>\n<p>Uno de los mayores aciertos de Winterbottom radica en su direcci\u00f3n, que combina un estilo visual meticuloso con una edici\u00f3n r\u00edtmica que amplifica la tensi\u00f3n interna del personaje. El director brit\u00e1nico, cuya carrera ha transitado desde el documentalismo en <em>In This World<\/em> (2002) hasta la comedia improvisada, demuestra aqu\u00ed una versatilidad impresionante al adoptar un enfoque casi cl\u00ednico para retratar la violencia. Las escenas de agresi\u00f3n no son gratuitas ni estilizadas a la manera de Tarantino; en cambio, se presentan con una crudeza realista que obliga al espectador a confrontar la banalidad del mal, un concepto hannaharendtiano que resuena en la cotidianidad de Ford. La cinematograf\u00eda de Marcel Zyskind, colaborador habitual de Winterbottom, captura la vastedad \u00e1rida de Texas con tomas amplias que contrastan con los close-ups asfixiantes en los momentos de intimidad violenta, creando un efecto de claustrofobia en un espacio abierto. Esta dicotom\u00eda visual no solo enriquece la atm\u00f3sfera, sino que simboliza la dualidad del protagonista: un hombre integrado en la sociedad que, sin embargo, se desintegra internamente.<\/p>\n<p>La banda sonora, compuesta por Melissa Parmenter y con aportes de m\u00fasica dieg\u00e9tica de la \u00e9poca como canciones de Hank Williams, refuerza esta ambientaci\u00f3n retro sin caer en la nostalgia facilona. Winterbottom utiliza el sonido de manera magistral: los silencios prolongados durante las escenas de violencia contrastan con los di\u00e1logos casuales, acentuando la disociaci\u00f3n emocional de Ford. En t\u00e9rminos t\u00e9cnicos, la pel\u00edcula destaca por su uso del color desaturado, que evoca las novelas pulp de los 50, pero con un toque digital que la ancla en el siglo XXI. Esta fusi\u00f3n de estilos hace que <em>El Diablo Bajo la Piel<\/em> se sienta como un puente entre el cine cl\u00e1sico y el moderno, influenciando obras posteriores como <em><a href=\"https:\/\/www.revistarambla.com\/en\/nightcrawler\/\">Nightcrawler<\/a><\/em> (2014) de Dan Gilroy, donde la psicopat\u00eda se explora con similar frialdad.<\/p>\n<p>Pasando a las actuaciones, Casey Affleck entrega una interpretaci\u00f3n que, en mi opini\u00f3n experta, es una de las m\u00e1s subvaloradas de su carrera, rivalizando con su Oscar por <em>Manchester by the Sea<\/em> (2016). Affleck encarna a Lou Ford con una sutileza escalofriante: su voz suave y su sonrisa cort\u00e9s ocultan un vac\u00edo emocional que se revela en miradas fugaces y gestos m\u00ednimos. No es el psic\u00f3pata histri\u00f3nico de Anthony Hopkins en <em>The Silence of the Lambs<\/em> (1991); Ford es un everyman, un vecino cualquiera cuya normalidad es su mayor arma. Affleck, con su f\u00edsico delgado y su acento sure\u00f1o impecable, logra que el espectador se identifique inicialmente con el personaje, solo para subvertir esa empat\u00eda en un giro maestro. Esta performance no solo captura la esencia del antih\u00e9roe thompsoniano, sino que eleva el filme a un estudio psicol\u00f3gico profundo, comparable a las de Robert De Niro en <em>Taxi Driver<\/em> (1976).<\/p>\n<p>El elenco secundario no se queda atr\u00e1s. Jessica Alba, en un rol que desaf\u00eda su imagen de estrella glamorosa, interpreta a Joyce con una vulnerabilidad cruda que hace cre\u00edble su atracci\u00f3n fatal por Ford. Su qu\u00edmica con Affleck es palpable, cargada de erotismo y peligro, recordando parejas ic\u00f3nicas del noir como Fred MacMurray y Barbara Stanwyck en <em>Double Indemnity<\/em>. Kate Hudson, como Amy Stanton, la novia de Ford, aporta una inocencia que contrasta con la oscuridad del protagonista, mientras que Bill Pullman y Elias Koteas, en roles menores, a\u00f1aden profundidad a la trama secundaria de corrupci\u00f3n y poder. Winterbottom dirige a sus actores con una precisi\u00f3n que permite improvisaciones sutiles, un sello de su estilo, lo que resulta en interpretaciones org\u00e1nicas y convincentes.<\/p>\n<p>Tem\u00e1ticamente, <em>El Diablo Bajo la Piel<\/em> es un tratado sobre la masculinidad t\u00f3xica y la represi\u00f3n emocional en la Am\u00e9rica de posguerra. Thompson, a trav\u00e9s de su novela, exploraba la hipocres\u00eda de la sociedad conservadora, y Winterbottom actualiza esto para un p\u00fablico contempor\u00e1neo, sin caer en didactismo. La pel\u00edcula cuestiona la noci\u00f3n de empat\u00eda: \u00bfc\u00f3mo puede un hombre aparentemente normal cometer actos atroces? Esta interrogante resuena en la era de los true crime podcasts y series como <em>Mindhunter<\/em> (2017-2019), donde la psicopat\u00eda se disecciona con frialdad cient\u00edfica. Winterbottom evita moralizar; en cambio, presenta la violencia como un s\u00edntoma de una sociedad que valora la apariencia sobre la sustancia. La representaci\u00f3n de la misoginia inherente en Ford no es apolog\u00e9tica, sino un espejo inc\u00f3modo para el espectador, invit\u00e1ndonos a reflexionar sobre las ra\u00edces culturales de la agresi\u00f3n.<\/p>\n<p>En comparaci\u00f3n con otras adaptaciones de Thompson, como <em>The Getaway<\/em> (1972) de Sam Peckinpah o <em>After Dark, My Sweet<\/em>\u00a0(1990) de James Foley, la versi\u00f3n de Winterbottom destaca por su fidelidad al tono nihilista del autor. Mientras que Peckinpah enfatizaba la acci\u00f3n, Winterbottom prioriza la introspecci\u00f3n, utilizando la voz en off para sumergirnos en la mente de Ford, un recurso que evoca las narraciones en primera persona de la literatura negra. Esta elecci\u00f3n narrativa no solo respeta la fuente, sino que la enriquece cinematogr\u00e1ficamente, convirtiendo el mon\u00f3logo interno en un elemento visual a trav\u00e9s de flashbacks y montajes on\u00edricos.<\/p>\n<p>Desde una perspectiva hist\u00f3rica, la pel\u00edcula se inscribe en el renacimiento del neo-noir en los 2000, junto a filmes como <em>No Country for Old Men<\/em> (2007) de los Coen o <em>Drive<\/em> (2011) de Refn. Winterbottom, al rodar en locaciones reales de Oklahoma (simulando Texas), infunde autenticidad al relato, contrastando con producciones hollywoodenses m\u00e1s estilizadas. Su presupuesto modesto (alrededor de 13 millones de d\u00f3lares) no limita la ambici\u00f3n art\u00edstica; al contrario, fomenta una econom\u00eda narrativa que elimina lo superfluo, resultando en un metraje de 109 minutos que se siente intenso y conciso.<\/p>\n<p>Cr\u00edticamente, <em>El Diablo Bajo la Piel<\/em> recibi\u00f3 rese\u00f1as mixtas en su estreno en Sundance 2010, con algunos acus\u00e1ndola de exceso de violencia gr\u00e1fica. Sin embargo, desde una lente experta, esta cr\u00edtica subestima el prop\u00f3sito: la violencia no es sensacionalista, sino funcional para ilustrar la desconexi\u00f3n emocional de Ford. Influenciados por el puritanismo cultural, algunos rese\u00f1adores obviaron c\u00f3mo Winterbottom usa estos elementos para criticar la glorificaci\u00f3n de la violencia en el cine mainstream. En retrospectiva, el filme ha ganado culto, influenciando series como <em>True Detective<\/em>\u00a0(2014), donde la psicopat\u00eda rural se explora con similar profundidad.<\/p>\n<p>En cuanto a su legado, <em>El Diablo Bajo la Piel<\/em> consolida a Winterbottom como un director camale\u00f3nico capaz de transitar g\u00e9neros con facilidad. Su colaboraci\u00f3n con el guionista John Curran asegura una adaptaci\u00f3n que respeta el original mientras lo adapta al medio visual. T\u00e9cnicamente, el uso de la c\u00e1mara en mano en escenas clave a\u00f1ade un realismo documental, un eco de sus ra\u00edces en el Free Cinema brit\u00e1nico.<\/p>\n<p>Para concluir, <em>El Diablo Bajo la Piel<\/em>\u00a0es una obra maestra subestimada que combina direcci\u00f3n audaz, actuaciones memorables y temas profundos en un paquete que desaf\u00eda al espectador. En un mundo saturado de thrillers predecibles, Winterbottom nos recuerda el poder del cine para explorar las profundidades del alma humana. Recomiendo encarecidamente esta pel\u00edcula a aficionados del noir y la psicolog\u00eda cinematogr\u00e1fica; su impacto perdura, invit\u00e1ndonos a cuestionar lo que yace bajo nuestra propia piel. Con una duraci\u00f3n que permite m\u00faltiples visionados, esta cinta no solo entretiene, sino que transforma nuestra percepci\u00f3n de la normalidad. En definitiva, un triunfo absoluto que merece ser redescubierto.<\/p>","protected":false},"excerpt":{"rendered":"<p>Cr\u00edtica Cinematogr\u00e1fica: \u00abEl Diablo Bajo la Piel\u00bb de Michael Winterbottom<\/p>","protected":false},"author":3,"featured_media":66777,"comment_status":"closed","ping_status":"closed","sticky":false,"template":"","format":"standard","meta":{"footnotes":""},"categories":[61],"tags":[],"class_list":["post-66775","post","type-post","status-publish","format-standard","has-post-thumbnail","hentry","category-cine"],"yoast_head":"<!-- This site is optimized with the Yoast SEO plugin v27.5 - https:\/\/yoast.com\/product\/yoast-seo-wordpress\/ -->\n<title>La disecci\u00f3n del gen del mal - Revista Rambla<\/title>\n<meta name=\"robots\" content=\"index, follow, max-snippet:-1, max-image-preview:large, max-video-preview:-1\" \/>\n<link rel=\"canonical\" href=\"https:\/\/www.revistarambla.com\/en\/la-diseccion-del-gen-del-mal-el-diablo-bajo-la-piel\/\" \/>\n<meta property=\"og:locale\" content=\"en_GB\" \/>\n<meta property=\"og:type\" content=\"article\" \/>\n<meta property=\"og:title\" content=\"La disecci\u00f3n del gen del mal - Revista Rambla\" \/>\n<meta property=\"og:description\" content=\"Cr\u00edtica Cinematogr\u00e1fica: &quot;El Diablo Bajo la Piel&quot; de Michael Winterbottom\" \/>\n<meta property=\"og:url\" content=\"https:\/\/www.revistarambla.com\/en\/la-diseccion-del-gen-del-mal-el-diablo-bajo-la-piel\/\" \/>\n<meta property=\"og:site_name\" content=\"Revista Rambla\" \/>\n<meta property=\"article:publisher\" content=\"https:\/\/www.facebook.com\/revistarambla\/\" \/>\n<meta property=\"article:author\" content=\"https:\/\/www.facebook.com\/revistarambla\" \/>\n<meta property=\"article:published_time\" content=\"2025-09-30T18:58:19+00:00\" \/>\n<meta property=\"og:image\" content=\"https:\/\/www.revistarambla.com\/wp-content\/uploads\/2025\/09\/El-Diablo-Bajo-la-Piel.jpg\" \/>\n\t<meta property=\"og:image:width\" content=\"1280\" \/>\n\t<meta property=\"og:image:height\" content=\"720\" \/>\n\t<meta property=\"og:image:type\" content=\"image\/jpeg\" \/>\n<meta name=\"author\" content=\"R@mbla\" \/>\n<meta name=\"twitter:card\" content=\"summary_large_image\" \/>\n<meta name=\"twitter:creator\" content=\"@revistarambla\" \/>\n<meta name=\"twitter:site\" content=\"@revistarambla\" \/>\n<meta name=\"twitter:label1\" content=\"Written by\" \/>\n\t<meta name=\"twitter:data1\" content=\"R@mbla\" \/>\n\t<meta name=\"twitter:label2\" content=\"Estimated reading time\" \/>\n\t<meta name=\"twitter:data2\" content=\"7 minutes\" \/>\n<script type=\"application\/ld+json\" class=\"yoast-schema-graph\">{\"@context\":\"https:\\\/\\\/schema.org\",\"@graph\":[{\"@type\":\"Article\",\"@id\":\"https:\\\/\\\/www.revistarambla.com\\\/la-diseccion-del-gen-del-mal-el-diablo-bajo-la-piel\\\/#article\",\"isPartOf\":{\"@id\":\"https:\\\/\\\/www.revistarambla.com\\\/la-diseccion-del-gen-del-mal-el-diablo-bajo-la-piel\\\/\"},\"author\":{\"name\":\"R@mbla\",\"@id\":\"https:\\\/\\\/www.revistarambla.com\\\/#\\\/schema\\\/person\\\/a146a5a2550b94981a75131180e1bd9c\"},\"headline\":\"La disecci\u00f3n del gen del mal\",\"datePublished\":\"2025-09-30T18:58:19+00:00\",\"mainEntityOfPage\":{\"@id\":\"https:\\\/\\\/www.revistarambla.com\\\/la-diseccion-del-gen-del-mal-el-diablo-bajo-la-piel\\\/\"},\"wordCount\":1598,\"publisher\":{\"@id\":\"https:\\\/\\\/www.revistarambla.com\\\/#organization\"},\"image\":{\"@id\":\"https:\\\/\\\/www.revistarambla.com\\\/la-diseccion-del-gen-del-mal-el-diablo-bajo-la-piel\\\/#primaryimage\"},\"thumbnailUrl\":\"https:\\\/\\\/www.revistarambla.com\\\/wp-content\\\/uploads\\\/2025\\\/09\\\/El-Diablo-Bajo-la-Piel.jpg\",\"articleSection\":[\"Cine &amp; Series\"],\"inLanguage\":\"en-GB\"},{\"@type\":\"WebPage\",\"@id\":\"https:\\\/\\\/www.revistarambla.com\\\/la-diseccion-del-gen-del-mal-el-diablo-bajo-la-piel\\\/\",\"url\":\"https:\\\/\\\/www.revistarambla.com\\\/la-diseccion-del-gen-del-mal-el-diablo-bajo-la-piel\\\/\",\"name\":\"La disecci\u00f3n del gen del mal - Revista Rambla\",\"isPartOf\":{\"@id\":\"https:\\\/\\\/www.revistarambla.com\\\/#website\"},\"primaryImageOfPage\":{\"@id\":\"https:\\\/\\\/www.revistarambla.com\\\/la-diseccion-del-gen-del-mal-el-diablo-bajo-la-piel\\\/#primaryimage\"},\"image\":{\"@id\":\"https:\\\/\\\/www.revistarambla.com\\\/la-diseccion-del-gen-del-mal-el-diablo-bajo-la-piel\\\/#primaryimage\"},\"thumbnailUrl\":\"https:\\\/\\\/www.revistarambla.com\\\/wp-content\\\/uploads\\\/2025\\\/09\\\/El-Diablo-Bajo-la-Piel.jpg\",\"datePublished\":\"2025-09-30T18:58:19+00:00\",\"breadcrumb\":{\"@id\":\"https:\\\/\\\/www.revistarambla.com\\\/la-diseccion-del-gen-del-mal-el-diablo-bajo-la-piel\\\/#breadcrumb\"},\"inLanguage\":\"en-GB\",\"potentialAction\":[{\"@type\":\"ReadAction\",\"target\":[\"https:\\\/\\\/www.revistarambla.com\\\/la-diseccion-del-gen-del-mal-el-diablo-bajo-la-piel\\\/\"]}]},{\"@type\":\"ImageObject\",\"inLanguage\":\"en-GB\",\"@id\":\"https:\\\/\\\/www.revistarambla.com\\\/la-diseccion-del-gen-del-mal-el-diablo-bajo-la-piel\\\/#primaryimage\",\"url\":\"https:\\\/\\\/www.revistarambla.com\\\/wp-content\\\/uploads\\\/2025\\\/09\\\/El-Diablo-Bajo-la-Piel.jpg\",\"contentUrl\":\"https:\\\/\\\/www.revistarambla.com\\\/wp-content\\\/uploads\\\/2025\\\/09\\\/El-Diablo-Bajo-la-Piel.jpg\",\"width\":1280,\"height\":720,\"caption\":\"El Diablo Bajo la Piel\"},{\"@type\":\"BreadcrumbList\",\"@id\":\"https:\\\/\\\/www.revistarambla.com\\\/la-diseccion-del-gen-del-mal-el-diablo-bajo-la-piel\\\/#breadcrumb\",\"itemListElement\":[{\"@type\":\"ListItem\",\"position\":1,\"name\":\"Portada\",\"item\":\"https:\\\/\\\/www.revistarambla.com\\\/\"},{\"@type\":\"ListItem\",\"position\":2,\"name\":\"La disecci\u00f3n del gen del mal\"}]},{\"@type\":\"WebSite\",\"@id\":\"https:\\\/\\\/www.revistarambla.com\\\/#website\",\"url\":\"https:\\\/\\\/www.revistarambla.com\\\/\",\"name\":\"Revista Rambla Barcelona\",\"description\":\"Periodismo independiente\",\"publisher\":{\"@id\":\"https:\\\/\\\/www.revistarambla.com\\\/#organization\"},\"potentialAction\":[{\"@type\":\"SearchAction\",\"target\":{\"@type\":\"EntryPoint\",\"urlTemplate\":\"https:\\\/\\\/www.revistarambla.com\\\/?s={search_term_string}\"},\"query-input\":{\"@type\":\"PropertyValueSpecification\",\"valueRequired\":true,\"valueName\":\"search_term_string\"}}],\"inLanguage\":\"en-GB\"},{\"@type\":\"Organization\",\"@id\":\"https:\\\/\\\/www.revistarambla.com\\\/#organization\",\"name\":\"Revista Rambla\",\"url\":\"https:\\\/\\\/www.revistarambla.com\\\/\",\"logo\":{\"@type\":\"ImageObject\",\"inLanguage\":\"en-GB\",\"@id\":\"https:\\\/\\\/www.revistarambla.com\\\/#\\\/schema\\\/logo\\\/image\\\/\",\"url\":\"https:\\\/\\\/www.revistarambla.com\\\/wp-content\\\/uploads\\\/2020\\\/09\\\/banner_rambla_1900x600_BB.png\",\"contentUrl\":\"https:\\\/\\\/www.revistarambla.com\\\/wp-content\\\/uploads\\\/2020\\\/09\\\/banner_rambla_1900x600_BB.png\",\"width\":1900,\"height\":600,\"caption\":\"Revista Rambla\"},\"image\":{\"@id\":\"https:\\\/\\\/www.revistarambla.com\\\/#\\\/schema\\\/logo\\\/image\\\/\"},\"sameAs\":[\"https:\\\/\\\/www.facebook.com\\\/revistarambla\\\/\",\"https:\\\/\\\/x.com\\\/revistarambla\",\"https:\\\/\\\/www.instagram.com\\\/revista_rambla\",\"https:\\\/\\\/es.linkedin.com\\\/company\\\/revista-rambla\"]},{\"@type\":\"Person\",\"@id\":\"https:\\\/\\\/www.revistarambla.com\\\/#\\\/schema\\\/person\\\/a146a5a2550b94981a75131180e1bd9c\",\"name\":\"R@mbla\",\"description\":\"Este art\u00edculo ha sido redactado y\\\/o validado por el equipo de redacci\u00f3n de Revista Rambla.\",\"sameAs\":[\"https:\\\/\\\/www.revistarambla.com\\\/\",\"https:\\\/\\\/www.facebook.com\\\/revistarambla\",\"https:\\\/\\\/x.com\\\/revistarambla\"]}]}<\/script>\n<!-- \/ Yoast SEO plugin. -->","yoast_head_json":{"title":"La disecci\u00f3n del gen del mal - Revista Rambla","robots":{"index":"index","follow":"follow","max-snippet":"max-snippet:-1","max-image-preview":"max-image-preview:large","max-video-preview":"max-video-preview:-1"},"canonical":"https:\/\/www.revistarambla.com\/en\/la-diseccion-del-gen-del-mal-el-diablo-bajo-la-piel\/","og_locale":"en_GB","og_type":"article","og_title":"La disecci\u00f3n del gen del mal - Revista Rambla","og_description":"Cr\u00edtica Cinematogr\u00e1fica: \"El Diablo Bajo la Piel\" de Michael Winterbottom","og_url":"https:\/\/www.revistarambla.com\/en\/la-diseccion-del-gen-del-mal-el-diablo-bajo-la-piel\/","og_site_name":"Revista Rambla","article_publisher":"https:\/\/www.facebook.com\/revistarambla\/","article_author":"https:\/\/www.facebook.com\/revistarambla","article_published_time":"2025-09-30T18:58:19+00:00","og_image":[{"width":1280,"height":720,"url":"https:\/\/www.revistarambla.com\/wp-content\/uploads\/2025\/09\/El-Diablo-Bajo-la-Piel.jpg","type":"image\/jpeg"}],"author":"R@mbla","twitter_card":"summary_large_image","twitter_creator":"@revistarambla","twitter_site":"@revistarambla","twitter_misc":{"Written by":"R@mbla","Estimated reading time":"7 minutes"},"schema":{"@context":"https:\/\/schema.org","@graph":[{"@type":"Article","@id":"https:\/\/www.revistarambla.com\/la-diseccion-del-gen-del-mal-el-diablo-bajo-la-piel\/#article","isPartOf":{"@id":"https:\/\/www.revistarambla.com\/la-diseccion-del-gen-del-mal-el-diablo-bajo-la-piel\/"},"author":{"name":"R@mbla","@id":"https:\/\/www.revistarambla.com\/#\/schema\/person\/a146a5a2550b94981a75131180e1bd9c"},"headline":"La disecci\u00f3n del gen del mal","datePublished":"2025-09-30T18:58:19+00:00","mainEntityOfPage":{"@id":"https:\/\/www.revistarambla.com\/la-diseccion-del-gen-del-mal-el-diablo-bajo-la-piel\/"},"wordCount":1598,"publisher":{"@id":"https:\/\/www.revistarambla.com\/#organization"},"image":{"@id":"https:\/\/www.revistarambla.com\/la-diseccion-del-gen-del-mal-el-diablo-bajo-la-piel\/#primaryimage"},"thumbnailUrl":"https:\/\/www.revistarambla.com\/wp-content\/uploads\/2025\/09\/El-Diablo-Bajo-la-Piel.jpg","articleSection":["Cine &amp; Series"],"inLanguage":"en-GB"},{"@type":"WebPage","@id":"https:\/\/www.revistarambla.com\/la-diseccion-del-gen-del-mal-el-diablo-bajo-la-piel\/","url":"https:\/\/www.revistarambla.com\/la-diseccion-del-gen-del-mal-el-diablo-bajo-la-piel\/","name":"La disecci\u00f3n del gen del mal - Revista Rambla","isPartOf":{"@id":"https:\/\/www.revistarambla.com\/#website"},"primaryImageOfPage":{"@id":"https:\/\/www.revistarambla.com\/la-diseccion-del-gen-del-mal-el-diablo-bajo-la-piel\/#primaryimage"},"image":{"@id":"https:\/\/www.revistarambla.com\/la-diseccion-del-gen-del-mal-el-diablo-bajo-la-piel\/#primaryimage"},"thumbnailUrl":"https:\/\/www.revistarambla.com\/wp-content\/uploads\/2025\/09\/El-Diablo-Bajo-la-Piel.jpg","datePublished":"2025-09-30T18:58:19+00:00","breadcrumb":{"@id":"https:\/\/www.revistarambla.com\/la-diseccion-del-gen-del-mal-el-diablo-bajo-la-piel\/#breadcrumb"},"inLanguage":"en-GB","potentialAction":[{"@type":"ReadAction","target":["https:\/\/www.revistarambla.com\/la-diseccion-del-gen-del-mal-el-diablo-bajo-la-piel\/"]}]},{"@type":"ImageObject","inLanguage":"en-GB","@id":"https:\/\/www.revistarambla.com\/la-diseccion-del-gen-del-mal-el-diablo-bajo-la-piel\/#primaryimage","url":"https:\/\/www.revistarambla.com\/wp-content\/uploads\/2025\/09\/El-Diablo-Bajo-la-Piel.jpg","contentUrl":"https:\/\/www.revistarambla.com\/wp-content\/uploads\/2025\/09\/El-Diablo-Bajo-la-Piel.jpg","width":1280,"height":720,"caption":"El Diablo Bajo la Piel"},{"@type":"BreadcrumbList","@id":"https:\/\/www.revistarambla.com\/la-diseccion-del-gen-del-mal-el-diablo-bajo-la-piel\/#breadcrumb","itemListElement":[{"@type":"ListItem","position":1,"name":"Portada","item":"https:\/\/www.revistarambla.com\/"},{"@type":"ListItem","position":2,"name":"La disecci\u00f3n del gen del mal"}]},{"@type":"WebSite","@id":"https:\/\/www.revistarambla.com\/#website","url":"https:\/\/www.revistarambla.com\/","name":"Revista Rambla Barcelona","description":"Periodismo independiente","publisher":{"@id":"https:\/\/www.revistarambla.com\/#organization"},"potentialAction":[{"@type":"SearchAction","target":{"@type":"EntryPoint","urlTemplate":"https:\/\/www.revistarambla.com\/?s={search_term_string}"},"query-input":{"@type":"PropertyValueSpecification","valueRequired":true,"valueName":"search_term_string"}}],"inLanguage":"en-GB"},{"@type":"Organization","@id":"https:\/\/www.revistarambla.com\/#organization","name":"Revista Rambla","url":"https:\/\/www.revistarambla.com\/","logo":{"@type":"ImageObject","inLanguage":"en-GB","@id":"https:\/\/www.revistarambla.com\/#\/schema\/logo\/image\/","url":"https:\/\/www.revistarambla.com\/wp-content\/uploads\/2020\/09\/banner_rambla_1900x600_BB.png","contentUrl":"https:\/\/www.revistarambla.com\/wp-content\/uploads\/2020\/09\/banner_rambla_1900x600_BB.png","width":1900,"height":600,"caption":"Revista Rambla"},"image":{"@id":"https:\/\/www.revistarambla.com\/#\/schema\/logo\/image\/"},"sameAs":["https:\/\/www.facebook.com\/revistarambla\/","https:\/\/x.com\/revistarambla","https:\/\/www.instagram.com\/revista_rambla","https:\/\/es.linkedin.com\/company\/revista-rambla"]},{"@type":"Person","@id":"https:\/\/www.revistarambla.com\/#\/schema\/person\/a146a5a2550b94981a75131180e1bd9c","name":"R@mbla","description":"Este art\u00edculo ha sido redactado y\/o validado por el equipo de redacci\u00f3n de Revista Rambla.","sameAs":["https:\/\/www.revistarambla.com\/","https:\/\/www.facebook.com\/revistarambla","https:\/\/x.com\/revistarambla"]}]}},"_links":{"self":[{"href":"https:\/\/www.revistarambla.com\/en\/wp-json\/wp\/v2\/posts\/66775","targetHints":{"allow":["GET"]}}],"collection":[{"href":"https:\/\/www.revistarambla.com\/en\/wp-json\/wp\/v2\/posts"}],"about":[{"href":"https:\/\/www.revistarambla.com\/en\/wp-json\/wp\/v2\/types\/post"}],"author":[{"embeddable":true,"href":"https:\/\/www.revistarambla.com\/en\/wp-json\/wp\/v2\/users\/3"}],"replies":[{"embeddable":true,"href":"https:\/\/www.revistarambla.com\/en\/wp-json\/wp\/v2\/comments?post=66775"}],"version-history":[{"count":1,"href":"https:\/\/www.revistarambla.com\/en\/wp-json\/wp\/v2\/posts\/66775\/revisions"}],"predecessor-version":[{"id":66776,"href":"https:\/\/www.revistarambla.com\/en\/wp-json\/wp\/v2\/posts\/66775\/revisions\/66776"}],"wp:featuredmedia":[{"embeddable":true,"href":"https:\/\/www.revistarambla.com\/en\/wp-json\/wp\/v2\/media\/66777"}],"wp:attachment":[{"href":"https:\/\/www.revistarambla.com\/en\/wp-json\/wp\/v2\/media?parent=66775"}],"wp:term":[{"taxonomy":"category","embeddable":true,"href":"https:\/\/www.revistarambla.com\/en\/wp-json\/wp\/v2\/categories?post=66775"},{"taxonomy":"post_tag","embeddable":true,"href":"https:\/\/www.revistarambla.com\/en\/wp-json\/wp\/v2\/tags?post=66775"}],"curies":[{"name":"wp","href":"https:\/\/api.w.org\/{rel}","templated":true}]}}