{"id":66770,"date":"2025-09-30T20:42:33","date_gmt":"2025-09-30T18:42:33","guid":{"rendered":"https:\/\/www.revistarambla.com\/?p=66770"},"modified":"2025-10-05T10:44:48","modified_gmt":"2025-10-05T08:44:48","slug":"gaza-la-tumba-del-periodismo","status":"publish","type":"post","link":"https:\/\/www.revistarambla.com\/en\/gaza-la-tumba-del-periodismo\/","title":{"rendered":"Gaza, la tumba del periodismo"},"content":{"rendered":"<p class=\"x_1636219328ydpcf145796yiv6013673332ydp3082cc61yiv2355930755ydpb12920c0MsoNormal\">La historia solo ser\u00e1 clemente con los testigos. En Gaza, recordar\u00e1 el nombre de Anas al-Sharif, joven reportero de Al Jazeera asesinado el 10 de agosto de 2025<!--more-->, y los de los otros 222 periodistas asesinados en dos a\u00f1os por el ej\u00e9rcito israel\u00ed. Quienes decidieron eliminarlos quedar\u00e1n condenados para siempre.<\/p>\n<p class=\"x_1636219328ydpcf145796yiv6013673332ydp3082cc61yiv2355930755ydpb12920c0MsoNormal\"><span lang=\"ES\">Desde hace casi dos a\u00f1os, Gaza es el territorio m\u00e1s peligroso del mundo para ejercer nuestra profesi\u00f3n. Israel proh\u00edbe el acceso a los periodistas extranjeros. La verdad recae exclusivamente en los reporteros palestinos, casi todas las cuales son miembros del <\/span><span lang=\"fr\"><a href=\"https:\/\/www.pjs.ps\/ar\/index.html\" target=\"_blank\" rel=\"nofollow noopener\"><span lang=\"ES\">Sindicato de Periodistas Palestinos<\/span><\/a><\/span><span lang=\"ES\">, afiliado a la FIP. A menudo trabajan sin protecci\u00f3n, sin refugio para sus familias. Y con demasiada frecuencia son blanco directo de los ataques.<\/span><\/p>\n<p class=\"x_1636219328ydpcf145796yiv6013673332ydp3082cc61yiv2355930755ydpb12920c0MsoNormal\"><span lang=\"ES\">Nunca antes la profesi\u00f3n hab\u00eda sufrido una masacre semejante. La Federaci\u00f3n Internacional de Periodistas, fundada en 1926 y que celebrar\u00e1 su centenario en Par\u00eds en mayo de 2026, no ha registrado ning\u00fan balance comparable, ni durante la Segunda Guerra Mundial, ni en Vietnam, ni en Siria o Irak. Gaza se ha convertido en el peor cementerio de periodistas de la historia contempor\u00e1nea.<\/span><\/p>\n<p class=\"x_1636219328ydpcf145796yiv6013673332ydp3082cc61yiv2355930755ydpb12920c0MsoNormal\"><span lang=\"ES\">No se trata de una serie de tragedias accidentales. Es una estrategia: matar a los testigos, cerrar Gaza, bloquear la informaci\u00f3n. Impedir la entrada de la prensa internacional es silenciar a los observadores independientes. Y en un momento en el que el primer ministro israel\u00ed, Benjamin Netanyahu, promete \u00abrecolonizar\u00bb Gaza, controlar la informaci\u00f3n se vuelve tan crucial como controlar el territorio. Colonizar tambi\u00e9n significa borrar las ruinas, los muertos, los supervivientes y quienes los cuentan.<\/span><\/p>\n<p class=\"x_1636219328ydpcf145796yiv6013673332ydp3082cc61yiv2355930755ydpb12920c0MsoNormal\"><span lang=\"ES\">Desde la frontera norte hasta la ciudad de Gaza, cientos de miles de habitantes se han visto obligados a huir hacia el sur. Pero ese sur no es un refugio: no ofrece seguridad ni salida. Las familias se api\u00f1an all\u00ed, atrapadas entre las bombas y el mar, sin posibilidad de escapar de la guerra. Esta realidad de asedio total es tambi\u00e9n la de los periodistas, condenados a trabajar encerrados en un enclave donde la supervivencia se vuelve cada d\u00eda m\u00e1s improbable.<\/span><\/p>\n<p class=\"x_1636219328ydpcf145796yiv6013673332ydp3082cc61yiv2355930755ydpb12920c0MsoNormal\"><span lang=\"ES\">En este contexto, el reconocimiento del Estado de Palestina por un n\u00famero cada vez mayor de pa\u00edses en la ONU tiene un valor simb\u00f3lico. Pero llega muy tarde. No protege a los vivos ni hace justicia a los muertos. La diplomacia alcanza a la Historia, pero despu\u00e9s de lo irreparable.<\/span><\/p>\n<p class=\"x_1636219328ydpcf145796yiv6013673332ydp3082cc61yiv2355930755ydpb12920c0MsoNormal\"><span lang=\"ES\">\u00bfQui\u00e9n protege entonces a estos testigos? Ni la ONU, paralizada, ni las grandes potencias, c\u00f3mplices por sus entregas de armas y su silencio. Los periodistas palestinos contin\u00faan solos con su misi\u00f3n, hasta el agotamiento. Hasta la muerte.<\/span><\/p>\n<p class=\"x_1636219328ydpcf145796yiv6013673332ydp3082cc61yiv2355930755ydpb12920c0MsoNormal\"><span lang=\"ES\">La FIP, por su parte, act\u00faa sobre el terreno. Apoya directamente a los reporteros y a sus familias gracias a su <\/span><span lang=\"fr\"><a href=\"https:\/\/www.ifj.org\/fr\/faire-un-don\" target=\"_blank\" rel=\"nofollow noopener\"><span lang=\"ES\">Fondo Internacional de Seguridad<\/span><\/a><\/span><span lang=\"ES\">. Cuenta la vida cotidiana de sus compa\u00f1eros y compa\u00f1eras, Sami, Gharda y los dem\u00e1s, para que su cruel realidad no se reduzca a cifras. Y lleva varios a\u00f1os reclamando una <\/span><span lang=\"fr\"><a href=\"https:\/\/www.ifj.org\/fr\/activites\/campagnes-de-la-fij\/pour-une-convention-des-nations-unies-en-faveur-de-la-protection-des-journalistes\" target=\"_blank\" rel=\"nofollow noopener\"><span lang=\"ES\">Convenci\u00f3n Internacional<\/span><\/a><\/span><span lang=\"ES\"> de las Naciones Unidas que obligue a los Estados a proteger a los periodistas y a sancionar a sus asesinos. Mientras no exista esta convenci\u00f3n, la impunidad seguir\u00e1 imperando y protegiendo a los dirigentes israel\u00edes.<\/span><\/p>\n<p class=\"x_1636219328ydpcf145796yiv6013673332ydp3082cc61yiv2355930755ydpb12920c0MsoNormal\"><span lang=\"ES\">Un recordatorio esencial, repetido desde hace a\u00f1os por la FIP a los periodistas y trabajadores de los medios de comunicaci\u00f3n titulares de la tarjeta de prensa internacional: <i>\u00abNing\u00fan reportaje vale la vida de un ser humano<\/i>\u00bb. No es un eslogan: es una regla de supervivencia. La misi\u00f3n de los periodistas no es morir como m\u00e1rtires, sino dar testimonio en condiciones de seguridad. Su protecci\u00f3n es una responsabilidad colectiva. Cada casco, cada chaleco antibalas, cada formaci\u00f3n en seguridad es vital.<\/span><\/p>\n<p class=\"x_1636219328ydpcf145796yiv6013673332ydp3082cc61yiv2355930755ydpb12920c0MsoNormal\"><span lang=\"ES\">En Gaza, muchos se preguntan: \u00ab\u00bfqu\u00e9 sentido tiene seguir adelante?\u00bb. Las pruebas abundan, los testimonios se acumulan y, sin embargo, nada cambia. Pero rendirse ser\u00eda peor. Porque el silencio es la victoria de los verdugos, que les permitir\u00e1 decir que no ha pasado nada.<\/span><\/p>\n<p class=\"x_1636219328ydpcf145796yiv6013673332ydp3082cc61yiv2355930755ydpb12920c0MsoNormal\"><span lang=\"ES\">Cien a\u00f1os despu\u00e9s de su creaci\u00f3n, la FIP se enfrenta a la prueba m\u00e1s terrible de su historia. Gaza se ha convertido en la tumba del periodismo. Si aceptamos que los reporteros mueran all\u00ed en medio de la indiferencia, abriremos el camino a otros reg\u00edmenes que, ma\u00f1ana, considerar\u00e1n el asesinato de periodistas como un instrumento habitual de guerra.<\/span><\/p>\n<p class=\"x_1636219328ydpcf145796yiv6013673332ydp3082cc61yiv2355930755ydpb12920c0MsoNormal\"><span lang=\"ES\">Anas al-Sharif no quer\u00eda morir. Quer\u00eda informar al mundo, en condiciones de seguridad. Su muerte, y la de nuestros 222 compa\u00f1eros y compa\u00f1eras, nos obliga a ello.<\/span><\/p>\n<p class=\"x_1636219328ydpcf145796yiv6013673332ydp3082cc61yiv2355930755ydpb12920c0MsoNormal\"><span lang=\"ES\">Israel mata a los periodistas. Matar a los periodistas es matar la verdad. Y un mundo sin verdad es un mundo en el que los verdugos reinan sin oposici\u00f3n.<\/span><span lang=\"ES\">\u00a0<\/span><\/p>","protected":false},"excerpt":{"rendered":"<p>La historia solo ser\u00e1 clemente con los testigos. En Gaza, recordar\u00e1 el nombre de Anas al-Sharif, joven reportero de Al Jazeera asesinado el 10 de agosto de 2025<\/p>","protected":false},"author":15,"featured_media":42117,"comment_status":"closed","ping_status":"closed","sticky":false,"template":"","format":"standard","meta":{"footnotes":""},"categories":[72],"tags":[],"class_list":["post-66770","post","type-post","status-publish","format-standard","has-post-thumbnail","hentry","category-opinion"],"yoast_head":"<!-- This site is optimized with the Yoast SEO plugin v27.5 - https:\/\/yoast.com\/product\/yoast-seo-wordpress\/ -->\n<title>Gaza, la tumba del periodismo - Revista Rambla<\/title>\n<meta name=\"robots\" content=\"index, follow, max-snippet:-1, max-image-preview:large, max-video-preview:-1\" \/>\n<link rel=\"canonical\" href=\"https:\/\/www.revistarambla.com\/en\/gaza-la-tumba-del-periodismo\/\" \/>\n<meta property=\"og:locale\" content=\"en_GB\" \/>\n<meta property=\"og:type\" content=\"article\" \/>\n<meta property=\"og:title\" content=\"Gaza, la tumba del periodismo - Revista Rambla\" \/>\n<meta property=\"og:description\" content=\"La historia solo ser\u00e1 clemente con los testigos. En Gaza, recordar\u00e1 el nombre de Anas al-Sharif, joven reportero de Al Jazeera asesinado el 10 de agosto de 2025\" \/>\n<meta property=\"og:url\" content=\"https:\/\/www.revistarambla.com\/en\/gaza-la-tumba-del-periodismo\/\" \/>\n<meta property=\"og:site_name\" content=\"Revista Rambla\" \/>\n<meta property=\"article:publisher\" content=\"https:\/\/www.facebook.com\/revistarambla\/\" \/>\n<meta property=\"article:published_time\" content=\"2025-09-30T18:42:33+00:00\" \/>\n<meta property=\"article:modified_time\" content=\"2025-10-05T08:44:48+00:00\" \/>\n<meta property=\"og:image\" content=\"https:\/\/www.revistarambla.com\/wp-content\/uploads\/2022\/05\/funeral-al-jazeera-israel-palestina.webp\" \/>\n\t<meta property=\"og:image:width\" content=\"670\" \/>\n\t<meta property=\"og:image:height\" content=\"378\" \/>\n\t<meta property=\"og:image:type\" content=\"image\/webp\" \/>\n<meta name=\"author\" content=\"Anthony Bellanger\" \/>\n<meta name=\"twitter:card\" content=\"summary_large_image\" \/>\n<meta name=\"twitter:creator\" content=\"@revistarambla\" \/>\n<meta name=\"twitter:site\" content=\"@revistarambla\" \/>\n<meta name=\"twitter:label1\" content=\"Written by\" \/>\n\t<meta name=\"twitter:data1\" content=\"Anthony Bellanger\" \/>\n\t<meta name=\"twitter:label2\" content=\"Estimated reading time\" \/>\n\t<meta name=\"twitter:data2\" content=\"4 minutes\" \/>\n<script type=\"application\/ld+json\" class=\"yoast-schema-graph\">{\"@context\":\"https:\\\/\\\/schema.org\",\"@graph\":[{\"@type\":\"Article\",\"@id\":\"https:\\\/\\\/www.revistarambla.com\\\/gaza-la-tumba-del-periodismo\\\/#article\",\"isPartOf\":{\"@id\":\"https:\\\/\\\/www.revistarambla.com\\\/gaza-la-tumba-del-periodismo\\\/\"},\"author\":{\"name\":\"Anthony Bellanger\",\"@id\":\"https:\\\/\\\/www.revistarambla.com\\\/#\\\/schema\\\/person\\\/2b19179a8ace334b829ad72cc6e6ce97\"},\"headline\":\"Gaza, la tumba del periodismo\",\"datePublished\":\"2025-09-30T18:42:33+00:00\",\"dateModified\":\"2025-10-05T08:44:48+00:00\",\"mainEntityOfPage\":{\"@id\":\"https:\\\/\\\/www.revistarambla.com\\\/gaza-la-tumba-del-periodismo\\\/\"},\"wordCount\":808,\"publisher\":{\"@id\":\"https:\\\/\\\/www.revistarambla.com\\\/#organization\"},\"image\":{\"@id\":\"https:\\\/\\\/www.revistarambla.com\\\/gaza-la-tumba-del-periodismo\\\/#primaryimage\"},\"thumbnailUrl\":\"https:\\\/\\\/www.revistarambla.com\\\/wp-content\\\/uploads\\\/2022\\\/05\\\/funeral-al-jazeera-israel-palestina.webp\",\"articleSection\":[\"Opiniones\"],\"inLanguage\":\"en-GB\"},{\"@type\":\"WebPage\",\"@id\":\"https:\\\/\\\/www.revistarambla.com\\\/gaza-la-tumba-del-periodismo\\\/\",\"url\":\"https:\\\/\\\/www.revistarambla.com\\\/gaza-la-tumba-del-periodismo\\\/\",\"name\":\"Gaza, la tumba del periodismo - Revista Rambla\",\"isPartOf\":{\"@id\":\"https:\\\/\\\/www.revistarambla.com\\\/#website\"},\"primaryImageOfPage\":{\"@id\":\"https:\\\/\\\/www.revistarambla.com\\\/gaza-la-tumba-del-periodismo\\\/#primaryimage\"},\"image\":{\"@id\":\"https:\\\/\\\/www.revistarambla.com\\\/gaza-la-tumba-del-periodismo\\\/#primaryimage\"},\"thumbnailUrl\":\"https:\\\/\\\/www.revistarambla.com\\\/wp-content\\\/uploads\\\/2022\\\/05\\\/funeral-al-jazeera-israel-palestina.webp\",\"datePublished\":\"2025-09-30T18:42:33+00:00\",\"dateModified\":\"2025-10-05T08:44:48+00:00\",\"breadcrumb\":{\"@id\":\"https:\\\/\\\/www.revistarambla.com\\\/gaza-la-tumba-del-periodismo\\\/#breadcrumb\"},\"inLanguage\":\"en-GB\",\"potentialAction\":[{\"@type\":\"ReadAction\",\"target\":[\"https:\\\/\\\/www.revistarambla.com\\\/gaza-la-tumba-del-periodismo\\\/\"]}]},{\"@type\":\"ImageObject\",\"inLanguage\":\"en-GB\",\"@id\":\"https:\\\/\\\/www.revistarambla.com\\\/gaza-la-tumba-del-periodismo\\\/#primaryimage\",\"url\":\"https:\\\/\\\/www.revistarambla.com\\\/wp-content\\\/uploads\\\/2022\\\/05\\\/funeral-al-jazeera-israel-palestina.webp\",\"contentUrl\":\"https:\\\/\\\/www.revistarambla.com\\\/wp-content\\\/uploads\\\/2022\\\/05\\\/funeral-al-jazeera-israel-palestina.webp\",\"width\":670,\"height\":378,\"caption\":\"asesinatos de periodistas GAZA PERIODISMO\"},{\"@type\":\"BreadcrumbList\",\"@id\":\"https:\\\/\\\/www.revistarambla.com\\\/gaza-la-tumba-del-periodismo\\\/#breadcrumb\",\"itemListElement\":[{\"@type\":\"ListItem\",\"position\":1,\"name\":\"Portada\",\"item\":\"https:\\\/\\\/www.revistarambla.com\\\/\"},{\"@type\":\"ListItem\",\"position\":2,\"name\":\"Gaza, la tumba del periodismo\"}]},{\"@type\":\"WebSite\",\"@id\":\"https:\\\/\\\/www.revistarambla.com\\\/#website\",\"url\":\"https:\\\/\\\/www.revistarambla.com\\\/\",\"name\":\"Revista Rambla Barcelona\",\"description\":\"Periodismo independiente\",\"publisher\":{\"@id\":\"https:\\\/\\\/www.revistarambla.com\\\/#organization\"},\"potentialAction\":[{\"@type\":\"SearchAction\",\"target\":{\"@type\":\"EntryPoint\",\"urlTemplate\":\"https:\\\/\\\/www.revistarambla.com\\\/?s={search_term_string}\"},\"query-input\":{\"@type\":\"PropertyValueSpecification\",\"valueRequired\":true,\"valueName\":\"search_term_string\"}}],\"inLanguage\":\"en-GB\"},{\"@type\":\"Organization\",\"@id\":\"https:\\\/\\\/www.revistarambla.com\\\/#organization\",\"name\":\"Revista Rambla\",\"url\":\"https:\\\/\\\/www.revistarambla.com\\\/\",\"logo\":{\"@type\":\"ImageObject\",\"inLanguage\":\"en-GB\",\"@id\":\"https:\\\/\\\/www.revistarambla.com\\\/#\\\/schema\\\/logo\\\/image\\\/\",\"url\":\"https:\\\/\\\/www.revistarambla.com\\\/wp-content\\\/uploads\\\/2020\\\/09\\\/banner_rambla_1900x600_BB.png\",\"contentUrl\":\"https:\\\/\\\/www.revistarambla.com\\\/wp-content\\\/uploads\\\/2020\\\/09\\\/banner_rambla_1900x600_BB.png\",\"width\":1900,\"height\":600,\"caption\":\"Revista Rambla\"},\"image\":{\"@id\":\"https:\\\/\\\/www.revistarambla.com\\\/#\\\/schema\\\/logo\\\/image\\\/\"},\"sameAs\":[\"https:\\\/\\\/www.facebook.com\\\/revistarambla\\\/\",\"https:\\\/\\\/x.com\\\/revistarambla\",\"https:\\\/\\\/www.instagram.com\\\/revista_rambla\",\"https:\\\/\\\/es.linkedin.com\\\/company\\\/revista-rambla\"]},{\"@type\":\"Person\",\"@id\":\"https:\\\/\\\/www.revistarambla.com\\\/#\\\/schema\\\/person\\\/2b19179a8ace334b829ad72cc6e6ce97\",\"name\":\"Anthony Bellanger\",\"description\":\"Secretario general de la Federaci\u00f3n Internacional de Periodistas.\"}]}<\/script>\n<!-- \/ Yoast SEO plugin. -->","yoast_head_json":{"title":"Gaza, la tumba del periodismo - Revista Rambla","robots":{"index":"index","follow":"follow","max-snippet":"max-snippet:-1","max-image-preview":"max-image-preview:large","max-video-preview":"max-video-preview:-1"},"canonical":"https:\/\/www.revistarambla.com\/en\/gaza-la-tumba-del-periodismo\/","og_locale":"en_GB","og_type":"article","og_title":"Gaza, la tumba del periodismo - Revista Rambla","og_description":"La historia solo ser\u00e1 clemente con los testigos. En Gaza, recordar\u00e1 el nombre de Anas al-Sharif, joven reportero de Al Jazeera asesinado el 10 de agosto de 2025","og_url":"https:\/\/www.revistarambla.com\/en\/gaza-la-tumba-del-periodismo\/","og_site_name":"Revista Rambla","article_publisher":"https:\/\/www.facebook.com\/revistarambla\/","article_published_time":"2025-09-30T18:42:33+00:00","article_modified_time":"2025-10-05T08:44:48+00:00","og_image":[{"width":670,"height":378,"url":"https:\/\/www.revistarambla.com\/wp-content\/uploads\/2022\/05\/funeral-al-jazeera-israel-palestina.webp","type":"image\/webp"}],"author":"Anthony Bellanger","twitter_card":"summary_large_image","twitter_creator":"@revistarambla","twitter_site":"@revistarambla","twitter_misc":{"Written by":"Anthony Bellanger","Estimated reading time":"4 minutes"},"schema":{"@context":"https:\/\/schema.org","@graph":[{"@type":"Article","@id":"https:\/\/www.revistarambla.com\/gaza-la-tumba-del-periodismo\/#article","isPartOf":{"@id":"https:\/\/www.revistarambla.com\/gaza-la-tumba-del-periodismo\/"},"author":{"name":"Anthony Bellanger","@id":"https:\/\/www.revistarambla.com\/#\/schema\/person\/2b19179a8ace334b829ad72cc6e6ce97"},"headline":"Gaza, la tumba del periodismo","datePublished":"2025-09-30T18:42:33+00:00","dateModified":"2025-10-05T08:44:48+00:00","mainEntityOfPage":{"@id":"https:\/\/www.revistarambla.com\/gaza-la-tumba-del-periodismo\/"},"wordCount":808,"publisher":{"@id":"https:\/\/www.revistarambla.com\/#organization"},"image":{"@id":"https:\/\/www.revistarambla.com\/gaza-la-tumba-del-periodismo\/#primaryimage"},"thumbnailUrl":"https:\/\/www.revistarambla.com\/wp-content\/uploads\/2022\/05\/funeral-al-jazeera-israel-palestina.webp","articleSection":["Opiniones"],"inLanguage":"en-GB"},{"@type":"WebPage","@id":"https:\/\/www.revistarambla.com\/gaza-la-tumba-del-periodismo\/","url":"https:\/\/www.revistarambla.com\/gaza-la-tumba-del-periodismo\/","name":"Gaza, la tumba del periodismo - Revista Rambla","isPartOf":{"@id":"https:\/\/www.revistarambla.com\/#website"},"primaryImageOfPage":{"@id":"https:\/\/www.revistarambla.com\/gaza-la-tumba-del-periodismo\/#primaryimage"},"image":{"@id":"https:\/\/www.revistarambla.com\/gaza-la-tumba-del-periodismo\/#primaryimage"},"thumbnailUrl":"https:\/\/www.revistarambla.com\/wp-content\/uploads\/2022\/05\/funeral-al-jazeera-israel-palestina.webp","datePublished":"2025-09-30T18:42:33+00:00","dateModified":"2025-10-05T08:44:48+00:00","breadcrumb":{"@id":"https:\/\/www.revistarambla.com\/gaza-la-tumba-del-periodismo\/#breadcrumb"},"inLanguage":"en-GB","potentialAction":[{"@type":"ReadAction","target":["https:\/\/www.revistarambla.com\/gaza-la-tumba-del-periodismo\/"]}]},{"@type":"ImageObject","inLanguage":"en-GB","@id":"https:\/\/www.revistarambla.com\/gaza-la-tumba-del-periodismo\/#primaryimage","url":"https:\/\/www.revistarambla.com\/wp-content\/uploads\/2022\/05\/funeral-al-jazeera-israel-palestina.webp","contentUrl":"https:\/\/www.revistarambla.com\/wp-content\/uploads\/2022\/05\/funeral-al-jazeera-israel-palestina.webp","width":670,"height":378,"caption":"asesinatos de periodistas GAZA PERIODISMO"},{"@type":"BreadcrumbList","@id":"https:\/\/www.revistarambla.com\/gaza-la-tumba-del-periodismo\/#breadcrumb","itemListElement":[{"@type":"ListItem","position":1,"name":"Portada","item":"https:\/\/www.revistarambla.com\/"},{"@type":"ListItem","position":2,"name":"Gaza, la tumba del periodismo"}]},{"@type":"WebSite","@id":"https:\/\/www.revistarambla.com\/#website","url":"https:\/\/www.revistarambla.com\/","name":"Revista Rambla Barcelona","description":"Periodismo independiente","publisher":{"@id":"https:\/\/www.revistarambla.com\/#organization"},"potentialAction":[{"@type":"SearchAction","target":{"@type":"EntryPoint","urlTemplate":"https:\/\/www.revistarambla.com\/?s={search_term_string}"},"query-input":{"@type":"PropertyValueSpecification","valueRequired":true,"valueName":"search_term_string"}}],"inLanguage":"en-GB"},{"@type":"Organization","@id":"https:\/\/www.revistarambla.com\/#organization","name":"Revista Rambla","url":"https:\/\/www.revistarambla.com\/","logo":{"@type":"ImageObject","inLanguage":"en-GB","@id":"https:\/\/www.revistarambla.com\/#\/schema\/logo\/image\/","url":"https:\/\/www.revistarambla.com\/wp-content\/uploads\/2020\/09\/banner_rambla_1900x600_BB.png","contentUrl":"https:\/\/www.revistarambla.com\/wp-content\/uploads\/2020\/09\/banner_rambla_1900x600_BB.png","width":1900,"height":600,"caption":"Revista Rambla"},"image":{"@id":"https:\/\/www.revistarambla.com\/#\/schema\/logo\/image\/"},"sameAs":["https:\/\/www.facebook.com\/revistarambla\/","https:\/\/x.com\/revistarambla","https:\/\/www.instagram.com\/revista_rambla","https:\/\/es.linkedin.com\/company\/revista-rambla"]},{"@type":"Person","@id":"https:\/\/www.revistarambla.com\/#\/schema\/person\/2b19179a8ace334b829ad72cc6e6ce97","name":"Anthony Bellanger","description":"Secretario general de la Federaci\u00f3n Internacional de Periodistas."}]}},"_links":{"self":[{"href":"https:\/\/www.revistarambla.com\/en\/wp-json\/wp\/v2\/posts\/66770","targetHints":{"allow":["GET"]}}],"collection":[{"href":"https:\/\/www.revistarambla.com\/en\/wp-json\/wp\/v2\/posts"}],"about":[{"href":"https:\/\/www.revistarambla.com\/en\/wp-json\/wp\/v2\/types\/post"}],"author":[{"embeddable":true,"href":"https:\/\/www.revistarambla.com\/en\/wp-json\/wp\/v2\/users\/15"}],"replies":[{"embeddable":true,"href":"https:\/\/www.revistarambla.com\/en\/wp-json\/wp\/v2\/comments?post=66770"}],"version-history":[{"count":2,"href":"https:\/\/www.revistarambla.com\/en\/wp-json\/wp\/v2\/posts\/66770\/revisions"}],"predecessor-version":[{"id":66799,"href":"https:\/\/www.revistarambla.com\/en\/wp-json\/wp\/v2\/posts\/66770\/revisions\/66799"}],"wp:featuredmedia":[{"embeddable":true,"href":"https:\/\/www.revistarambla.com\/en\/wp-json\/wp\/v2\/media\/42117"}],"wp:attachment":[{"href":"https:\/\/www.revistarambla.com\/en\/wp-json\/wp\/v2\/media?parent=66770"}],"wp:term":[{"taxonomy":"category","embeddable":true,"href":"https:\/\/www.revistarambla.com\/en\/wp-json\/wp\/v2\/categories?post=66770"},{"taxonomy":"post_tag","embeddable":true,"href":"https:\/\/www.revistarambla.com\/en\/wp-json\/wp\/v2\/tags?post=66770"}],"curies":[{"name":"wp","href":"https:\/\/api.w.org\/{rel}","templated":true}]}}