{"id":66761,"date":"2025-09-30T20:31:40","date_gmt":"2025-09-30T18:31:40","guid":{"rendered":"https:\/\/www.revistarambla.com\/?p=66761"},"modified":"2025-09-30T20:31:40","modified_gmt":"2025-09-30T18:31:40","slug":"fotomaton-y-photocall-las-tendencias-imperdibles-para-tus-eventos-y-bodas","status":"publish","type":"post","link":"https:\/\/www.revistarambla.com\/en\/fotomaton-y-photocall-las-tendencias-imperdibles-para-tus-eventos-y-bodas\/","title":{"rendered":"Fotomat\u00f3n y photocall: Las tendencias imperdibles para tus eventos y bodas"},"content":{"rendered":"<p><b>Casarse es uno de los eventos m\u00e1s importantes <\/b>en la vida de una pareja. Sin embargo, la planificaci\u00f3n puede ser tan emocionante como demandante y llena de desaf\u00edos que incluye el clima, la fecha, las flores, entre muchos otros. En el caso de<b> las bodas en Sevilla, destacan por su encanto<\/b>, agradable clima, y escenarios naturales llenos de magia que hacen de esta ciudad el lugar ideal para celebrar. No obstante, no es lo \u00fanico que se debe tener en consideraci\u00f3n.Es necesario<b> considerar hasta los m\u00e1s m\u00ednimos detalles <\/b>para que estos queden grabados como uno de los recuerdos m\u00e1s hermosos en la memoria de la pareja y sus invitados. Por esta raz\u00f3n, presentamos las \u00faltimas tendencias que lo hacen posible.<\/p>\n<h2><b>Photocall: Diversi\u00f3n y recuerdos \u00fanicos<\/b><\/h2>\n<p>Un photocall es un <b>fondo con dise\u00f1o exclusivo <\/b>dise\u00f1ado para un evento espec\u00edfico en el que las personas pueden posar y sacarse fotos para el recuerdo, en otras palabras: es un escenario con tem\u00e1tica relacionada con la celebraci\u00f3n.Con el tiempo, el photocall ha dejado de ser una simple decoraci\u00f3n para posar y es una de las <b>tendencias actuales m\u00e1s utilizadas en las bodas y eventos<\/b> en Sevilla, ya que aporta personalidad, diversi\u00f3n y distinci\u00f3n. Adem\u00e1s, son<b> totalmente personalizables <\/b>seg\u00fan se necesite, sin importar que se trate de un estilo casual o elegante, puesto que se adapta con gran facilidad a las necesidades de los anfitriones, logrando que se convierta en un distintivo \u00fanico, especialmente si se cuenta con la ayuda de una <a href=\"https:\/\/fotomatonmr.com\/\" target=\"_blank\" rel=\"nofollow noopener\">empresa de fotomat\u00f3n y photocall en Sevilla<\/a>.<\/p>\n<h2><b>Fotomat\u00f3n: El complemento perfecto<\/b><\/h2>\n<p>El photocall por s\u00ed solo es <b>el inicio de un gran recuerdo <\/b>que, al ser complementado con el fotomat\u00f3n, se vuelve tangible para llevarlo consigo al terminar el evento y enmarcarlo por siempre. Se trata de una m\u00e1quina de<b> fotograf\u00edas instant\u00e1neas<\/b>, ya sea tipo cabina o abierta, donde los invitados pueden posar para sacar sus fotos en un instante y llevarlas impresas de manera inmediata en cualquier momento de la celebraci\u00f3n. Debido al valor agregado que ofrece el fotomat\u00f3n a cualquier ocasi\u00f3n, se ha convertido en otra de las tendencias que no puede faltar al momento de<b> organizar un evento en Sevilla o Andaluc\u00eda. De<\/b> este modo, los invitados pueden<b> inmortalizar el momento junto a sus amigos<\/b>, familiares o parejas en una linda foto o tira de fotos junto a un fondo ambientado para dicha ocasi\u00f3n.<\/p>\n<h2><b>\u00bfPor qu\u00e9 contratar un photocall y un fotomat\u00f3n en Sevilla?<\/b><\/h2>\n<p>El photocall en uni\u00f3n con el fotomat\u00f3n se ha convertido en una<b> tendencia exitosa<\/b> para cualquier tipo de celebraci\u00f3n, ya que es capaz de crear experiencias inolvidables que permanecen en el tiempo y que fomentan la conexi\u00f3n entre los invitados. Adem\u00e1s, aportan diversi\u00f3n a la ocasi\u00f3n, logrando que<b> los visitantes conecten entre s\u00ed <\/b>y disfruten de un momento divertido. Es por esto que cada vez m\u00e1s personas en Sevilla incluyen estos dos servicios dentro de sus celebraciones, uno para marcar la diferencia, agregar emoci\u00f3n y el otro para enmarcarlo.<\/p>\n<h3><b>Recuerdos personalizados y duraderos<\/b><\/h3>\n<p>Dentro de las caracter\u00edsticas que resaltan de los photocalls y fotomatones est\u00e1 la<b> facilidad de personalizaci\u00f3n.<\/b> Tanto el dise\u00f1o como los accesorios para volver la foto m\u00e1s graciosa, y tambi\u00e9n los marcos para imprimir las fotograf\u00edas, que reflejan la tem\u00e1tica. En el caso de las bodas, se integran detalles clave como el nombre de los novios, ilustraciones de anillos, flores, colores alineados con la paleta de color e incluso la fecha del evento. Por otro lado, al tratarse de un <b>evento corporativo, <\/b>se decora con im\u00e1genes representativas como el logotipo de la organizaci\u00f3n, los patrocinadores, el eslogan, hasta es posible incluir accesorios promocionales de la marca. Independientemente de la ocasi\u00f3n, ambos se pueden <b>adaptar con total armon\u00eda <\/b>sin parecer invasivos o desencajados, a la vez que transforman una simple foto en un recuerdo cargado de sentimientos.<\/p>\n<h3><b>M\u00e1s all\u00e1 de las bodas<\/b><\/h3>\n<p>Hoy en d\u00eda, tanto <b>el photocall como el fotomat\u00f3n se han convertido en invitados frecuentes <\/b>en las bodas de Sevilla y Andaluc\u00eda. Sin embargo, no est\u00e1n ligados exclusivamente a este tipo de eventos, sino a muchos otros m\u00e1s. Tambi\u00e9n suelen ser <b>utilizados en comuniones, fiestas de cumplea\u00f1os<\/b>, eventos p\u00fablicos como galas y cualquier otro, ya sea de \u00edndole p\u00fablica o privada, aportando diversi\u00f3n y distinci\u00f3n.En conclusi\u00f3n, Sevilla cuenta con un ambiente<b> lleno de historia y personas que desprenden alegr\u00eda<\/b> en cada paso. Lo que lo vuelve especial para realizar cualquier evento, ya sea al aire libre, rodeado de naturaleza o en un hermoso sal\u00f3n. Pese a ello, combinar esta belleza con experiencias es vital para lograr que se convierta en un <b>momento inolvidable,<\/b> siendo el photocall y el fotomat\u00f3n los socios ideales para lograrlo y animar a todos los invitados. Entonces, si est\u00e1s pensando en<b> celebrar tu boda o cualquier otro acontecimiento<\/b>, no olvides tomar en consideraci\u00f3n estos servicios y dejar en cada uno de los presentes algo para recordar no solo en sus memorias, sino tambi\u00e9n en una foto \u00fanica.<\/p>","protected":false},"excerpt":{"rendered":"<p>Casarse es uno de los eventos m\u00e1s importantes en la vida de una pareja. Sin embargo, la planificaci\u00f3n puede ser tan emocionante como demandante y llena de desaf\u00edos que incluye el clima, la fecha, las flores, entre muchos otros. En el caso de las bodas en Sevilla, destacan por su [&hellip;]<\/p>\n","protected":false},"author":3,"featured_media":66762,"comment_status":"closed","ping_status":"closed","sticky":false,"template":"","format":"standard","meta":{"footnotes":""},"categories":[3790],"tags":[],"class_list":["post-66761","post","type-post","status-publish","format-standard","has-post-thumbnail","hentry","category-otras-noticias"],"yoast_head":"<!-- This site is optimized with the Yoast SEO plugin v27.5 - https:\/\/yoast.com\/product\/yoast-seo-wordpress\/ -->\n<title>Fotomat\u00f3n y photocall: Las tendencias imperdibles para tus eventos y bodas - Revista Rambla<\/title>\n<meta name=\"robots\" content=\"index, follow, max-snippet:-1, max-image-preview:large, max-video-preview:-1\" \/>\n<link rel=\"canonical\" href=\"https:\/\/www.revistarambla.com\/en\/fotomaton-y-photocall-las-tendencias-imperdibles-para-tus-eventos-y-bodas\/\" \/>\n<meta property=\"og:locale\" content=\"en_GB\" \/>\n<meta property=\"og:type\" content=\"article\" \/>\n<meta property=\"og:title\" content=\"Fotomat\u00f3n y photocall: Las tendencias imperdibles para tus eventos y bodas - Revista Rambla\" \/>\n<meta property=\"og:description\" content=\"Casarse es uno de los eventos m\u00e1s importantes en la vida de una pareja. Sin embargo, la planificaci\u00f3n puede ser tan emocionante como demandante y llena de desaf\u00edos que incluye el clima, la fecha, las flores, entre muchos otros. En el caso de las bodas en Sevilla, destacan por su [&hellip;]\" \/>\n<meta property=\"og:url\" content=\"https:\/\/www.revistarambla.com\/en\/fotomaton-y-photocall-las-tendencias-imperdibles-para-tus-eventos-y-bodas\/\" \/>\n<meta property=\"og:site_name\" content=\"Revista Rambla\" \/>\n<meta property=\"article:publisher\" content=\"https:\/\/www.facebook.com\/revistarambla\/\" \/>\n<meta property=\"article:author\" content=\"https:\/\/www.facebook.com\/revistarambla\" \/>\n<meta property=\"article:published_time\" content=\"2025-09-30T18:31:40+00:00\" \/>\n<meta property=\"og:image\" content=\"https:\/\/www.revistarambla.com\/wp-content\/uploads\/2025\/09\/phpbeAbeo68d672a86b8dd.jpg\" \/>\n\t<meta property=\"og:image:width\" content=\"604\" \/>\n\t<meta property=\"og:image:height\" content=\"406\" \/>\n\t<meta property=\"og:image:type\" content=\"image\/jpeg\" \/>\n<meta name=\"author\" content=\"R@mbla\" \/>\n<meta name=\"twitter:card\" content=\"summary_large_image\" \/>\n<meta name=\"twitter:creator\" content=\"@revistarambla\" \/>\n<meta name=\"twitter:site\" content=\"@revistarambla\" \/>\n<meta name=\"twitter:label1\" content=\"Written by\" \/>\n\t<meta name=\"twitter:data1\" content=\"R@mbla\" \/>\n\t<meta name=\"twitter:label2\" content=\"Estimated reading time\" \/>\n\t<meta name=\"twitter:data2\" content=\"4 minutes\" \/>\n<script type=\"application\/ld+json\" class=\"yoast-schema-graph\">{\"@context\":\"https:\\\/\\\/schema.org\",\"@graph\":[{\"@type\":\"Article\",\"@id\":\"https:\\\/\\\/www.revistarambla.com\\\/fotomaton-y-photocall-las-tendencias-imperdibles-para-tus-eventos-y-bodas\\\/#article\",\"isPartOf\":{\"@id\":\"https:\\\/\\\/www.revistarambla.com\\\/fotomaton-y-photocall-las-tendencias-imperdibles-para-tus-eventos-y-bodas\\\/\"},\"author\":{\"name\":\"R@mbla\",\"@id\":\"https:\\\/\\\/www.revistarambla.com\\\/#\\\/schema\\\/person\\\/a146a5a2550b94981a75131180e1bd9c\"},\"headline\":\"Fotomat\u00f3n y photocall: Las tendencias imperdibles para tus eventos y bodas\",\"datePublished\":\"2025-09-30T18:31:40+00:00\",\"mainEntityOfPage\":{\"@id\":\"https:\\\/\\\/www.revistarambla.com\\\/fotomaton-y-photocall-las-tendencias-imperdibles-para-tus-eventos-y-bodas\\\/\"},\"wordCount\":905,\"publisher\":{\"@id\":\"https:\\\/\\\/www.revistarambla.com\\\/#organization\"},\"image\":{\"@id\":\"https:\\\/\\\/www.revistarambla.com\\\/fotomaton-y-photocall-las-tendencias-imperdibles-para-tus-eventos-y-bodas\\\/#primaryimage\"},\"thumbnailUrl\":\"https:\\\/\\\/www.revistarambla.com\\\/wp-content\\\/uploads\\\/2025\\\/09\\\/phpbeAbeo68d672a86b8dd.jpg\",\"articleSection\":[\"Otras Noticias\"],\"inLanguage\":\"en-GB\"},{\"@type\":\"WebPage\",\"@id\":\"https:\\\/\\\/www.revistarambla.com\\\/fotomaton-y-photocall-las-tendencias-imperdibles-para-tus-eventos-y-bodas\\\/\",\"url\":\"https:\\\/\\\/www.revistarambla.com\\\/fotomaton-y-photocall-las-tendencias-imperdibles-para-tus-eventos-y-bodas\\\/\",\"name\":\"Fotomat\u00f3n y photocall: Las tendencias imperdibles para tus eventos y bodas - Revista Rambla\",\"isPartOf\":{\"@id\":\"https:\\\/\\\/www.revistarambla.com\\\/#website\"},\"primaryImageOfPage\":{\"@id\":\"https:\\\/\\\/www.revistarambla.com\\\/fotomaton-y-photocall-las-tendencias-imperdibles-para-tus-eventos-y-bodas\\\/#primaryimage\"},\"image\":{\"@id\":\"https:\\\/\\\/www.revistarambla.com\\\/fotomaton-y-photocall-las-tendencias-imperdibles-para-tus-eventos-y-bodas\\\/#primaryimage\"},\"thumbnailUrl\":\"https:\\\/\\\/www.revistarambla.com\\\/wp-content\\\/uploads\\\/2025\\\/09\\\/phpbeAbeo68d672a86b8dd.jpg\",\"datePublished\":\"2025-09-30T18:31:40+00:00\",\"breadcrumb\":{\"@id\":\"https:\\\/\\\/www.revistarambla.com\\\/fotomaton-y-photocall-las-tendencias-imperdibles-para-tus-eventos-y-bodas\\\/#breadcrumb\"},\"inLanguage\":\"en-GB\",\"potentialAction\":[{\"@type\":\"ReadAction\",\"target\":[\"https:\\\/\\\/www.revistarambla.com\\\/fotomaton-y-photocall-las-tendencias-imperdibles-para-tus-eventos-y-bodas\\\/\"]}]},{\"@type\":\"ImageObject\",\"inLanguage\":\"en-GB\",\"@id\":\"https:\\\/\\\/www.revistarambla.com\\\/fotomaton-y-photocall-las-tendencias-imperdibles-para-tus-eventos-y-bodas\\\/#primaryimage\",\"url\":\"https:\\\/\\\/www.revistarambla.com\\\/wp-content\\\/uploads\\\/2025\\\/09\\\/phpbeAbeo68d672a86b8dd.jpg\",\"contentUrl\":\"https:\\\/\\\/www.revistarambla.com\\\/wp-content\\\/uploads\\\/2025\\\/09\\\/phpbeAbeo68d672a86b8dd.jpg\",\"width\":604,\"height\":406,\"caption\":\"Fotomat\u00f3n y photocall\"},{\"@type\":\"BreadcrumbList\",\"@id\":\"https:\\\/\\\/www.revistarambla.com\\\/fotomaton-y-photocall-las-tendencias-imperdibles-para-tus-eventos-y-bodas\\\/#breadcrumb\",\"itemListElement\":[{\"@type\":\"ListItem\",\"position\":1,\"name\":\"Portada\",\"item\":\"https:\\\/\\\/www.revistarambla.com\\\/\"},{\"@type\":\"ListItem\",\"position\":2,\"name\":\"Fotomat\u00f3n y photocall: Las tendencias imperdibles para tus eventos y bodas\"}]},{\"@type\":\"WebSite\",\"@id\":\"https:\\\/\\\/www.revistarambla.com\\\/#website\",\"url\":\"https:\\\/\\\/www.revistarambla.com\\\/\",\"name\":\"Revista Rambla Barcelona\",\"description\":\"Periodismo independiente\",\"publisher\":{\"@id\":\"https:\\\/\\\/www.revistarambla.com\\\/#organization\"},\"potentialAction\":[{\"@type\":\"SearchAction\",\"target\":{\"@type\":\"EntryPoint\",\"urlTemplate\":\"https:\\\/\\\/www.revistarambla.com\\\/?s={search_term_string}\"},\"query-input\":{\"@type\":\"PropertyValueSpecification\",\"valueRequired\":true,\"valueName\":\"search_term_string\"}}],\"inLanguage\":\"en-GB\"},{\"@type\":\"Organization\",\"@id\":\"https:\\\/\\\/www.revistarambla.com\\\/#organization\",\"name\":\"Revista Rambla\",\"url\":\"https:\\\/\\\/www.revistarambla.com\\\/\",\"logo\":{\"@type\":\"ImageObject\",\"inLanguage\":\"en-GB\",\"@id\":\"https:\\\/\\\/www.revistarambla.com\\\/#\\\/schema\\\/logo\\\/image\\\/\",\"url\":\"https:\\\/\\\/www.revistarambla.com\\\/wp-content\\\/uploads\\\/2020\\\/09\\\/banner_rambla_1900x600_BB.png\",\"contentUrl\":\"https:\\\/\\\/www.revistarambla.com\\\/wp-content\\\/uploads\\\/2020\\\/09\\\/banner_rambla_1900x600_BB.png\",\"width\":1900,\"height\":600,\"caption\":\"Revista Rambla\"},\"image\":{\"@id\":\"https:\\\/\\\/www.revistarambla.com\\\/#\\\/schema\\\/logo\\\/image\\\/\"},\"sameAs\":[\"https:\\\/\\\/www.facebook.com\\\/revistarambla\\\/\",\"https:\\\/\\\/x.com\\\/revistarambla\",\"https:\\\/\\\/www.instagram.com\\\/revista_rambla\",\"https:\\\/\\\/es.linkedin.com\\\/company\\\/revista-rambla\"]},{\"@type\":\"Person\",\"@id\":\"https:\\\/\\\/www.revistarambla.com\\\/#\\\/schema\\\/person\\\/a146a5a2550b94981a75131180e1bd9c\",\"name\":\"R@mbla\",\"description\":\"Este art\u00edculo ha sido redactado y\\\/o validado por el equipo de redacci\u00f3n de Revista Rambla.\",\"sameAs\":[\"https:\\\/\\\/www.revistarambla.com\\\/\",\"https:\\\/\\\/www.facebook.com\\\/revistarambla\",\"https:\\\/\\\/x.com\\\/revistarambla\"]}]}<\/script>\n<!-- \/ Yoast SEO plugin. -->","yoast_head_json":{"title":"Fotomat\u00f3n y photocall: Las tendencias imperdibles para tus eventos y bodas - Revista Rambla","robots":{"index":"index","follow":"follow","max-snippet":"max-snippet:-1","max-image-preview":"max-image-preview:large","max-video-preview":"max-video-preview:-1"},"canonical":"https:\/\/www.revistarambla.com\/en\/fotomaton-y-photocall-las-tendencias-imperdibles-para-tus-eventos-y-bodas\/","og_locale":"en_GB","og_type":"article","og_title":"Fotomat\u00f3n y photocall: Las tendencias imperdibles para tus eventos y bodas - Revista Rambla","og_description":"Casarse es uno de los eventos m\u00e1s importantes en la vida de una pareja. Sin embargo, la planificaci\u00f3n puede ser tan emocionante como demandante y llena de desaf\u00edos que incluye el clima, la fecha, las flores, entre muchos otros. En el caso de las bodas en Sevilla, destacan por su [&hellip;]","og_url":"https:\/\/www.revistarambla.com\/en\/fotomaton-y-photocall-las-tendencias-imperdibles-para-tus-eventos-y-bodas\/","og_site_name":"Revista Rambla","article_publisher":"https:\/\/www.facebook.com\/revistarambla\/","article_author":"https:\/\/www.facebook.com\/revistarambla","article_published_time":"2025-09-30T18:31:40+00:00","og_image":[{"width":604,"height":406,"url":"https:\/\/www.revistarambla.com\/wp-content\/uploads\/2025\/09\/phpbeAbeo68d672a86b8dd.jpg","type":"image\/jpeg"}],"author":"R@mbla","twitter_card":"summary_large_image","twitter_creator":"@revistarambla","twitter_site":"@revistarambla","twitter_misc":{"Written by":"R@mbla","Estimated reading time":"4 minutes"},"schema":{"@context":"https:\/\/schema.org","@graph":[{"@type":"Article","@id":"https:\/\/www.revistarambla.com\/fotomaton-y-photocall-las-tendencias-imperdibles-para-tus-eventos-y-bodas\/#article","isPartOf":{"@id":"https:\/\/www.revistarambla.com\/fotomaton-y-photocall-las-tendencias-imperdibles-para-tus-eventos-y-bodas\/"},"author":{"name":"R@mbla","@id":"https:\/\/www.revistarambla.com\/#\/schema\/person\/a146a5a2550b94981a75131180e1bd9c"},"headline":"Fotomat\u00f3n y photocall: Las tendencias imperdibles para tus eventos y bodas","datePublished":"2025-09-30T18:31:40+00:00","mainEntityOfPage":{"@id":"https:\/\/www.revistarambla.com\/fotomaton-y-photocall-las-tendencias-imperdibles-para-tus-eventos-y-bodas\/"},"wordCount":905,"publisher":{"@id":"https:\/\/www.revistarambla.com\/#organization"},"image":{"@id":"https:\/\/www.revistarambla.com\/fotomaton-y-photocall-las-tendencias-imperdibles-para-tus-eventos-y-bodas\/#primaryimage"},"thumbnailUrl":"https:\/\/www.revistarambla.com\/wp-content\/uploads\/2025\/09\/phpbeAbeo68d672a86b8dd.jpg","articleSection":["Otras Noticias"],"inLanguage":"en-GB"},{"@type":"WebPage","@id":"https:\/\/www.revistarambla.com\/fotomaton-y-photocall-las-tendencias-imperdibles-para-tus-eventos-y-bodas\/","url":"https:\/\/www.revistarambla.com\/fotomaton-y-photocall-las-tendencias-imperdibles-para-tus-eventos-y-bodas\/","name":"Fotomat\u00f3n y photocall: Las tendencias imperdibles para tus eventos y bodas - Revista Rambla","isPartOf":{"@id":"https:\/\/www.revistarambla.com\/#website"},"primaryImageOfPage":{"@id":"https:\/\/www.revistarambla.com\/fotomaton-y-photocall-las-tendencias-imperdibles-para-tus-eventos-y-bodas\/#primaryimage"},"image":{"@id":"https:\/\/www.revistarambla.com\/fotomaton-y-photocall-las-tendencias-imperdibles-para-tus-eventos-y-bodas\/#primaryimage"},"thumbnailUrl":"https:\/\/www.revistarambla.com\/wp-content\/uploads\/2025\/09\/phpbeAbeo68d672a86b8dd.jpg","datePublished":"2025-09-30T18:31:40+00:00","breadcrumb":{"@id":"https:\/\/www.revistarambla.com\/fotomaton-y-photocall-las-tendencias-imperdibles-para-tus-eventos-y-bodas\/#breadcrumb"},"inLanguage":"en-GB","potentialAction":[{"@type":"ReadAction","target":["https:\/\/www.revistarambla.com\/fotomaton-y-photocall-las-tendencias-imperdibles-para-tus-eventos-y-bodas\/"]}]},{"@type":"ImageObject","inLanguage":"en-GB","@id":"https:\/\/www.revistarambla.com\/fotomaton-y-photocall-las-tendencias-imperdibles-para-tus-eventos-y-bodas\/#primaryimage","url":"https:\/\/www.revistarambla.com\/wp-content\/uploads\/2025\/09\/phpbeAbeo68d672a86b8dd.jpg","contentUrl":"https:\/\/www.revistarambla.com\/wp-content\/uploads\/2025\/09\/phpbeAbeo68d672a86b8dd.jpg","width":604,"height":406,"caption":"Fotomat\u00f3n y photocall"},{"@type":"BreadcrumbList","@id":"https:\/\/www.revistarambla.com\/fotomaton-y-photocall-las-tendencias-imperdibles-para-tus-eventos-y-bodas\/#breadcrumb","itemListElement":[{"@type":"ListItem","position":1,"name":"Portada","item":"https:\/\/www.revistarambla.com\/"},{"@type":"ListItem","position":2,"name":"Fotomat\u00f3n y photocall: Las tendencias imperdibles para tus eventos y bodas"}]},{"@type":"WebSite","@id":"https:\/\/www.revistarambla.com\/#website","url":"https:\/\/www.revistarambla.com\/","name":"Revista Rambla Barcelona","description":"Periodismo independiente","publisher":{"@id":"https:\/\/www.revistarambla.com\/#organization"},"potentialAction":[{"@type":"SearchAction","target":{"@type":"EntryPoint","urlTemplate":"https:\/\/www.revistarambla.com\/?s={search_term_string}"},"query-input":{"@type":"PropertyValueSpecification","valueRequired":true,"valueName":"search_term_string"}}],"inLanguage":"en-GB"},{"@type":"Organization","@id":"https:\/\/www.revistarambla.com\/#organization","name":"Revista Rambla","url":"https:\/\/www.revistarambla.com\/","logo":{"@type":"ImageObject","inLanguage":"en-GB","@id":"https:\/\/www.revistarambla.com\/#\/schema\/logo\/image\/","url":"https:\/\/www.revistarambla.com\/wp-content\/uploads\/2020\/09\/banner_rambla_1900x600_BB.png","contentUrl":"https:\/\/www.revistarambla.com\/wp-content\/uploads\/2020\/09\/banner_rambla_1900x600_BB.png","width":1900,"height":600,"caption":"Revista Rambla"},"image":{"@id":"https:\/\/www.revistarambla.com\/#\/schema\/logo\/image\/"},"sameAs":["https:\/\/www.facebook.com\/revistarambla\/","https:\/\/x.com\/revistarambla","https:\/\/www.instagram.com\/revista_rambla","https:\/\/es.linkedin.com\/company\/revista-rambla"]},{"@type":"Person","@id":"https:\/\/www.revistarambla.com\/#\/schema\/person\/a146a5a2550b94981a75131180e1bd9c","name":"R@mbla","description":"Este art\u00edculo ha sido redactado y\/o validado por el equipo de redacci\u00f3n de Revista Rambla.","sameAs":["https:\/\/www.revistarambla.com\/","https:\/\/www.facebook.com\/revistarambla","https:\/\/x.com\/revistarambla"]}]}},"_links":{"self":[{"href":"https:\/\/www.revistarambla.com\/en\/wp-json\/wp\/v2\/posts\/66761","targetHints":{"allow":["GET"]}}],"collection":[{"href":"https:\/\/www.revistarambla.com\/en\/wp-json\/wp\/v2\/posts"}],"about":[{"href":"https:\/\/www.revistarambla.com\/en\/wp-json\/wp\/v2\/types\/post"}],"author":[{"embeddable":true,"href":"https:\/\/www.revistarambla.com\/en\/wp-json\/wp\/v2\/users\/3"}],"replies":[{"embeddable":true,"href":"https:\/\/www.revistarambla.com\/en\/wp-json\/wp\/v2\/comments?post=66761"}],"version-history":[{"count":1,"href":"https:\/\/www.revistarambla.com\/en\/wp-json\/wp\/v2\/posts\/66761\/revisions"}],"predecessor-version":[{"id":66763,"href":"https:\/\/www.revistarambla.com\/en\/wp-json\/wp\/v2\/posts\/66761\/revisions\/66763"}],"wp:featuredmedia":[{"embeddable":true,"href":"https:\/\/www.revistarambla.com\/en\/wp-json\/wp\/v2\/media\/66762"}],"wp:attachment":[{"href":"https:\/\/www.revistarambla.com\/en\/wp-json\/wp\/v2\/media?parent=66761"}],"wp:term":[{"taxonomy":"category","embeddable":true,"href":"https:\/\/www.revistarambla.com\/en\/wp-json\/wp\/v2\/categories?post=66761"},{"taxonomy":"post_tag","embeddable":true,"href":"https:\/\/www.revistarambla.com\/en\/wp-json\/wp\/v2\/tags?post=66761"}],"curies":[{"name":"wp","href":"https:\/\/api.w.org\/{rel}","templated":true}]}}