{"id":66758,"date":"2025-09-30T20:29:17","date_gmt":"2025-09-30T18:29:17","guid":{"rendered":"https:\/\/www.revistarambla.com\/?p=66758"},"modified":"2025-09-30T20:29:17","modified_gmt":"2025-09-30T18:29:17","slug":"de-teknon-a-clinica-albareda-el-boom-de-la-medicina-regenerativa-privada-en-barcelona","status":"publish","type":"post","link":"https:\/\/www.revistarambla.com\/en\/de-teknon-a-clinica-albareda-el-boom-de-la-medicina-regenerativa-privada-en-barcelona\/","title":{"rendered":"De Teknon a Cl\u00ednica Albareda: El boom de la medicina regenerativa privada en Barcelona"},"content":{"rendered":"<p>Barcelona se ha consolidado como uno de los <b>epicentros europeos de la innovaci\u00f3n m\u00e9dica<\/b>, especialmente en el campo de la <b>medicina regenerativa<\/b>. Solo en 2022, Catalu\u00f1a atrajo <b>445 millones de euros en inversi\u00f3n en startups de salud<\/b>, seg\u00fan <b><i>Biocat<\/i><\/b>, lo que supuso un crecimiento del 185 % respecto al a\u00f1o anterior. A ello se suma que la capital catalana ocupa la <b>sexta posici\u00f3n europea en ensayos cl\u00ednicos activos<\/b>, con m\u00e1s de 1.200 en marcha, una cifra que ilustra el dinamismo del ecosistema biom\u00e9dico.<\/p>\n<p>La ciudad ha sabido capitalizar su posici\u00f3n estrat\u00e9gica como puerta sur de Europa y su red de hospitales universitarios para atraer inversi\u00f3n y talento. Este proceso ha impulsado una transici\u00f3n clara: del <b>liderazgo del sistema p\u00fablico en investigaci\u00f3n<\/b> a un boom privado que convierte a Barcelona en polo de atracci\u00f3n para pacientes internacionales.<\/p>\n<p>El <b>Instituto de Terapia Regenerativa Tisular (ITRT) del Centro M\u00e9dico Teknon<\/b> es uno de los ejemplos m\u00e1s notorios. Fue all\u00ed donde en 2021 se demostr\u00f3 por primera vez en el mundo la <b>regeneraci\u00f3n completa de un tend\u00f3n<\/b>, un hito reconocido por la <b>Agencia Espa\u00f1ola de Medicamentos y Productos Sanitarios (AEMPS)<\/b>. Ese logro abri\u00f3 la puerta a una avalancha de cl\u00ednicas privadas especializadas que han diversificado la oferta de <b>tratamientos regenerativos privados en Barcelona<\/b>.<\/p>\n<h2><b>Teknon: el pionero que marc\u00f3 el camino<\/b><\/h2>\n<p>La historia del auge regenerativo en Barcelona no se entiende sin el <b>Instituto de Terapia Regenerativa Tisular (ITRT)<\/b>, creado en 2003 en el <b>Centro M\u00e9dico Teknon<\/b> por los doctores Lluis Orozco y Robert Soler. Con el respaldo cient\u00edfico de la Universidad Aut\u00f3noma de Barcelona y el CSIC, este centro ha completado <b>22 ensayos cl\u00ednicos certificados por la AEMPS<\/b>, muchos de ellos centrados en terapias con c\u00e9lulas madre mesenquimales.<\/p>\n<p>En 2021 alcanzaron un hito mundial: <b>la primera evidencia cl\u00ednica de regeneraci\u00f3n completa de tend\u00f3n humano<\/b>, demostrada en pacientes que hab\u00edan agotado las opciones convencionales. La relevancia fue tal que el ITRT se convirti\u00f3 en <b>referente internacional en formaci\u00f3n m\u00e9dica<\/b> y en modelo de colaboraci\u00f3n entre hospitales, universidades y biotecnol\u00f3gicas.<\/p>\n<p>Entre los casos m\u00e1s medi\u00e1ticos figura el del piloto de MotoGP,<b> Dani Pedrosa<\/b>, que logr\u00f3 la regeneraci\u00f3n \u00f3sea completa tras recibir <b>40 millones de c\u00e9lulas madre mesenquimales<\/b> en el brazo lesionado. En total, m\u00e1s de <b>1.200 pacientes han sido tratados con \u00e9xito<\/b> en sus instalaciones, muchos de ellos con lesiones degenerativas de cart\u00edlago, hueso o tend\u00f3n.<\/p>\n<p>El prestigio alcanzado por el <b>Teknon-ITRT<\/b> lo ha convertido en <b>destino de m\u00e9dicos en formaci\u00f3n de toda Europa y Latinoam\u00e9rica<\/b>, que acuden para aprender t\u00e9cnicas de cultivo celular, implantaci\u00f3n y monitorizaci\u00f3n cl\u00ednica. Barcelona pas\u00f3 de ser un nodo perif\u00e9rico de investigaci\u00f3n biom\u00e9dica a consolidarse como <b>referente global en medicina regenerativa aplicada<\/b>.<\/p>\n<h2><b>La explosi\u00f3n: de grandes hospitales a cl\u00ednicas muy especializadas<\/b><\/h2>\n<p>A partir de ese impulso inicial, la medicina regenerativa comenz\u00f3 a extenderse m\u00e1s all\u00e1 de los grandes hospitales. Hoy, en Barcelona conviven <b>centros punteros de investigaci\u00f3n<\/b> con <b>cl\u00ednicas privadas especializadas en terapias avanzadas<\/b>. Una de las m\u00e1s destacadas es la <b>Cl\u00ednica Albareda<\/b>, una reconocida <a href=\"https:\/\/www.clinicaalbareda.cat\/servicio\/medicina-regenerativa\">Cl\u00ednica de medicina regenerativa en Barcelona<\/a> con 25 a\u00f1os de experiencia en traumatolog\u00eda avanzada.<\/p>\n<p>Dirigida por el doctor<b> Daniel Albareda<\/b>, la cl\u00ednica ha apostado por una oferta integral de terapias regenerativas en traumatolog\u00eda, con t\u00e9cnicas que van desde la ozonoterapia hasta programas personalizados con c\u00e9lulas madre. El<b> Dr. Albareda<\/b> ha sido pionero en su campo, aplicando protocolos innovadores en lesiones articulares y musculoesquel\u00e9ticas.<\/p>\n<p>La cl\u00ednica tambi\u00e9n ha consolidado el uso de <a href=\"https:\/\/www.clinicaalbareda.cat\/servicio\/terapia-regenerativa-celulas-madre-barcelona\">tratamiento con c\u00e9lulas madre<\/a> en casos donde la cirug\u00eda convencional presenta limitaciones. Gracias a ello, se ha convertido en un referente dentro de los <b>centros de medicina regenerativa en Barcelona<\/b>, atrayendo pacientes que buscan alternativas menos invasivas y con mejores tiempos de recuperaci\u00f3n. Este modelo de <b>cl\u00ednicas privadas altamente especializadas<\/b> se ha multiplicado en la ciudad, generando un ecosistema complementario al de los grandes hospitales. Barcelona no solo concentra investigaci\u00f3n de vanguardia, sino tambi\u00e9n una <b>red privada que acerca estas terapias a un p\u00fablico m\u00e1s amplio<\/b>.<\/p>\n<h2><b>La ciencia detr\u00e1s del boom<\/b><\/h2>\n<p>M\u00e1s all\u00e1 de la cl\u00ednica, el motor de este crecimiento est\u00e1 en la <b>ciencia b\u00e1sica y aplicada<\/b>. El <b>Centro de Medicina Regenerativa de Barcelona (CMR[B])<\/b>, inaugurado en 2008 bajo convenio entre la Generalitat y el Instituto de Salud Carlos III, es un ejemplo. Dirigido por el doctor \u00c1ngel Raya, este centro en el campus de Bellvitge cuenta con el <b>Banco de L\u00edneas Celulares<\/b> y coordina proyectos de referencia en <b>terapias celulares, iPSC e ingenier\u00eda tisular<\/b>.<\/p>\n<p>La inversi\u00f3n en biotecnolog\u00eda ha alcanzado cifras r\u00e9cord. En 2022, Catalu\u00f1a concentr\u00f3 <b>185 millones de euros en I+D biotecnol\u00f3gica<\/b>, con rondas destacadas como Minoryx Therapeutics (51 millones) y SpliceBio (50 millones). Seg\u00fan<b> Biocat<\/b>, el 75 % de los ensayos cl\u00ednicos con terapias celulares en Espa\u00f1a cuentan con participaci\u00f3n catalana, lo que coloca a Barcelona en la <b>novena posici\u00f3n mundial<\/b> en actividad investigadora.<\/p>\n<p>Dentro de estas terapias, el <a href=\"https:\/\/www.clinicaalbareda.cat\/servicio\/tratamiento-plasma-rico-plaquetas-barcelona\">tratamiento con PRP<\/a> (plasma rico en plaquetas) ha ganado terreno como opci\u00f3n intermedia entre los f\u00e1rmacos convencionales y las terapias con c\u00e9lulas madre. Su eficacia en regeneraci\u00f3n tisular est\u00e1 respaldada por m\u00faltiples ensayos y ya se aplica con \u00e9xito tanto en traumatolog\u00eda deportiva como en investigaci\u00f3n est\u00e9tica. La integraci\u00f3n en la <b>Red TERCEL del Instituto Carlos III<\/b>, que agrupa a m\u00e1s de 30 grupos espa\u00f1oles especializados en terapia celular, refuerza la proyecci\u00f3n internacional de la ciudad. Colaboraciones con universidades estadounidenses y centros de Jap\u00f3n han permitido acelerar el trasvase de descubrimientos de laboratorio a ensayos cl\u00ednicos.<\/p>\n<h2><b>El dinero que mueve y el turismo m\u00e9dico<\/b><\/h2>\n<p>El auge regenerativo tambi\u00e9n tiene un impacto econ\u00f3mico creciente. Solo en 2022, las tecnolog\u00edas m\u00e9dicas captaron <b>193 millones de euros de inversi\u00f3n<\/b>, con hitos como la primera megaronda espa\u00f1ola en salud liderada por la dental tech Impress (122 millones). El segmento de digital health a\u00f1adi\u00f3 otros 39 millones, en un sector que crece <b>a ritmos superiores al 80 % anual<\/b>.<\/p>\n<p>El atractivo de Barcelona no se limita a la inversi\u00f3n: la ciudad se ha convertido en destino de <b>turismo m\u00e9dico<\/b>. Pacientes de Europa, Oriente Medio y Latinoam\u00e9rica viajan para acceder a terapias avanzadas no disponibles en sus pa\u00edses o con listas de espera p\u00fablicas interminables. Este flujo aporta riqueza al PIB sanitario y genera empleo especializado: solo el ITRT mantiene m\u00e1s de 50 puestos de alta cualificaci\u00f3n, con equipos multidisciplinares de m\u00e9dicos, bi\u00f3logos y t\u00e9cnicos de laboratorio.<\/p>\n<p>Las universidades catalanas tambi\u00e9n se benefician, al formar profesionales en m\u00e1steres y programas de especializaci\u00f3n que alimentan el ecosistema. La atracci\u00f3n de talento internacional consolida la marca Barcelona como <b>hub biom\u00e9dico global<\/b>.<\/p>\n<h2><b>\u00bfQu\u00e9 viene despu\u00e9s?<\/b><\/h2>\n<p>La medicina regenerativa avanza hacia nuevas fronteras. Una de ellas es la <b>bioimpresi\u00f3n 3D de tejidos e ingenier\u00eda tisular<\/b>, que promete producir estructuras biol\u00f3gicas personalizadas para trasplantes. Otra es la aplicaci\u00f3n de <b>c\u00e9lulas madre pluripotentes inducidas (iPSC)<\/b>, con potencial para regenerar \u00f3rganos completos.<\/p>\n<p>La integraci\u00f3n de la <b>inteligencia artificial en medicina regenerativa<\/b> permitir\u00e1 personalizar tratamientos a partir de grandes bases de datos cl\u00ednicos, optimizando la eficacia terap\u00e9utica. Adem\u00e1s, la expansi\u00f3n hacia la <b>medicina est\u00e9tica regenerativa<\/b> ya es una realidad, con t\u00e9cnicas celulares aplicadas al rejuvenecimiento cut\u00e1neo.<\/p>\n<p>En este punto, es clave recordar que <b>los tratamientos mencionados requieren siempre una evaluaci\u00f3n m\u00e9dica profesional y deben aplicarse en centros acreditados<\/b>. El control de la AEMPS y de los comit\u00e9s \u00e9ticos garantiza que solo se autoricen protocolos seguros y con respaldo cient\u00edfico. Centros como <b>Cl\u00ednica Albareda, especializada en medicina regenerativa en Barcelona<\/b>, representan esta <b>nueva generaci\u00f3n de cl\u00ednicas privadas<\/b> que acercan terapias avanzadas a un p\u00fablico cada vez m\u00e1s amplio, desde el <b>tratamiento con c\u00e9lulas madre<\/b> hasta la <b>ozonoterapia traumatol\u00f3gica<\/b>.<\/p>\n","protected":false},"excerpt":{"rendered":"<p>Barcelona se ha consolidado como uno de los epicentros europeos de la innovaci\u00f3n m\u00e9dica, especialmente en el campo de la medicina regenerativa. Solo en 2022, Catalu\u00f1a atrajo 445 millones de euros en inversi\u00f3n en startups de salud, seg\u00fan Biocat, lo que supuso un crecimiento del 185 % respecto al a\u00f1o [&hellip;]<\/p>\n","protected":false},"author":3,"featured_media":66759,"comment_status":"closed","ping_status":"closed","sticky":false,"template":"","format":"standard","meta":{"footnotes":""},"categories":[350],"tags":[],"class_list":["post-66758","post","type-post","status-publish","format-standard","has-post-thumbnail","hentry","category-miscelanea"],"yoast_head":"<!-- This site is optimized with the Yoast SEO plugin v27.5 - https:\/\/yoast.com\/product\/yoast-seo-wordpress\/ -->\n<title>De Teknon a Cl\u00ednica Albareda: El boom de la medicina regenerativa privada en Barcelona - Revista Rambla<\/title>\n<meta name=\"robots\" content=\"index, follow, max-snippet:-1, max-image-preview:large, max-video-preview:-1\" \/>\n<link rel=\"canonical\" href=\"https:\/\/www.revistarambla.com\/en\/de-teknon-a-clinica-albareda-el-boom-de-la-medicina-regenerativa-privada-en-barcelona\/\" \/>\n<meta property=\"og:locale\" content=\"en_GB\" \/>\n<meta property=\"og:type\" content=\"article\" \/>\n<meta property=\"og:title\" content=\"De Teknon a Cl\u00ednica Albareda: El boom de la medicina regenerativa privada en Barcelona - Revista Rambla\" \/>\n<meta property=\"og:description\" content=\"Barcelona se ha consolidado como uno de los epicentros europeos de la innovaci\u00f3n m\u00e9dica, especialmente en el campo de la medicina regenerativa. Solo en 2022, Catalu\u00f1a atrajo 445 millones de euros en inversi\u00f3n en startups de salud, seg\u00fan Biocat, lo que supuso un crecimiento del 185 % respecto al a\u00f1o [&hellip;]\" \/>\n<meta property=\"og:url\" content=\"https:\/\/www.revistarambla.com\/en\/de-teknon-a-clinica-albareda-el-boom-de-la-medicina-regenerativa-privada-en-barcelona\/\" \/>\n<meta property=\"og:site_name\" content=\"Revista Rambla\" \/>\n<meta property=\"article:publisher\" content=\"https:\/\/www.facebook.com\/revistarambla\/\" \/>\n<meta property=\"article:author\" content=\"https:\/\/www.facebook.com\/revistarambla\" \/>\n<meta property=\"article:published_time\" content=\"2025-09-30T18:29:17+00:00\" \/>\n<meta property=\"og:image\" content=\"https:\/\/www.revistarambla.com\/wp-content\/uploads\/2025\/09\/img_02.jpg\" \/>\n\t<meta property=\"og:image:width\" content=\"1500\" \/>\n\t<meta property=\"og:image:height\" content=\"856\" \/>\n\t<meta property=\"og:image:type\" content=\"image\/jpeg\" \/>\n<meta name=\"author\" content=\"R@mbla\" \/>\n<meta name=\"twitter:card\" content=\"summary_large_image\" \/>\n<meta name=\"twitter:creator\" content=\"@revistarambla\" \/>\n<meta name=\"twitter:site\" content=\"@revistarambla\" \/>\n<meta name=\"twitter:label1\" content=\"Written by\" \/>\n\t<meta name=\"twitter:data1\" content=\"R@mbla\" \/>\n\t<meta name=\"twitter:label2\" content=\"Estimated reading time\" \/>\n\t<meta name=\"twitter:data2\" content=\"6 minutes\" \/>\n<script type=\"application\/ld+json\" class=\"yoast-schema-graph\">{\"@context\":\"https:\\\/\\\/schema.org\",\"@graph\":[{\"@type\":\"Article\",\"@id\":\"https:\\\/\\\/www.revistarambla.com\\\/de-teknon-a-clinica-albareda-el-boom-de-la-medicina-regenerativa-privada-en-barcelona\\\/#article\",\"isPartOf\":{\"@id\":\"https:\\\/\\\/www.revistarambla.com\\\/de-teknon-a-clinica-albareda-el-boom-de-la-medicina-regenerativa-privada-en-barcelona\\\/\"},\"author\":{\"name\":\"R@mbla\",\"@id\":\"https:\\\/\\\/www.revistarambla.com\\\/#\\\/schema\\\/person\\\/a146a5a2550b94981a75131180e1bd9c\"},\"headline\":\"De Teknon a Cl\u00ednica Albareda: El boom de la medicina regenerativa privada en Barcelona\",\"datePublished\":\"2025-09-30T18:29:17+00:00\",\"mainEntityOfPage\":{\"@id\":\"https:\\\/\\\/www.revistarambla.com\\\/de-teknon-a-clinica-albareda-el-boom-de-la-medicina-regenerativa-privada-en-barcelona\\\/\"},\"wordCount\":1387,\"publisher\":{\"@id\":\"https:\\\/\\\/www.revistarambla.com\\\/#organization\"},\"image\":{\"@id\":\"https:\\\/\\\/www.revistarambla.com\\\/de-teknon-a-clinica-albareda-el-boom-de-la-medicina-regenerativa-privada-en-barcelona\\\/#primaryimage\"},\"thumbnailUrl\":\"https:\\\/\\\/www.revistarambla.com\\\/wp-content\\\/uploads\\\/2025\\\/09\\\/img_02.jpg\",\"articleSection\":[\"Noticias de la vida\"],\"inLanguage\":\"en-GB\"},{\"@type\":\"WebPage\",\"@id\":\"https:\\\/\\\/www.revistarambla.com\\\/de-teknon-a-clinica-albareda-el-boom-de-la-medicina-regenerativa-privada-en-barcelona\\\/\",\"url\":\"https:\\\/\\\/www.revistarambla.com\\\/de-teknon-a-clinica-albareda-el-boom-de-la-medicina-regenerativa-privada-en-barcelona\\\/\",\"name\":\"De Teknon a Cl\u00ednica Albareda: El boom de la medicina regenerativa privada en Barcelona - Revista Rambla\",\"isPartOf\":{\"@id\":\"https:\\\/\\\/www.revistarambla.com\\\/#website\"},\"primaryImageOfPage\":{\"@id\":\"https:\\\/\\\/www.revistarambla.com\\\/de-teknon-a-clinica-albareda-el-boom-de-la-medicina-regenerativa-privada-en-barcelona\\\/#primaryimage\"},\"image\":{\"@id\":\"https:\\\/\\\/www.revistarambla.com\\\/de-teknon-a-clinica-albareda-el-boom-de-la-medicina-regenerativa-privada-en-barcelona\\\/#primaryimage\"},\"thumbnailUrl\":\"https:\\\/\\\/www.revistarambla.com\\\/wp-content\\\/uploads\\\/2025\\\/09\\\/img_02.jpg\",\"datePublished\":\"2025-09-30T18:29:17+00:00\",\"breadcrumb\":{\"@id\":\"https:\\\/\\\/www.revistarambla.com\\\/de-teknon-a-clinica-albareda-el-boom-de-la-medicina-regenerativa-privada-en-barcelona\\\/#breadcrumb\"},\"inLanguage\":\"en-GB\",\"potentialAction\":[{\"@type\":\"ReadAction\",\"target\":[\"https:\\\/\\\/www.revistarambla.com\\\/de-teknon-a-clinica-albareda-el-boom-de-la-medicina-regenerativa-privada-en-barcelona\\\/\"]}]},{\"@type\":\"ImageObject\",\"inLanguage\":\"en-GB\",\"@id\":\"https:\\\/\\\/www.revistarambla.com\\\/de-teknon-a-clinica-albareda-el-boom-de-la-medicina-regenerativa-privada-en-barcelona\\\/#primaryimage\",\"url\":\"https:\\\/\\\/www.revistarambla.com\\\/wp-content\\\/uploads\\\/2025\\\/09\\\/img_02.jpg\",\"contentUrl\":\"https:\\\/\\\/www.revistarambla.com\\\/wp-content\\\/uploads\\\/2025\\\/09\\\/img_02.jpg\",\"width\":1500,\"height\":856,\"caption\":\"medicina regenerativa\"},{\"@type\":\"BreadcrumbList\",\"@id\":\"https:\\\/\\\/www.revistarambla.com\\\/de-teknon-a-clinica-albareda-el-boom-de-la-medicina-regenerativa-privada-en-barcelona\\\/#breadcrumb\",\"itemListElement\":[{\"@type\":\"ListItem\",\"position\":1,\"name\":\"Portada\",\"item\":\"https:\\\/\\\/www.revistarambla.com\\\/\"},{\"@type\":\"ListItem\",\"position\":2,\"name\":\"De Teknon a Cl\u00ednica Albareda: El boom de la medicina regenerativa privada en Barcelona\"}]},{\"@type\":\"WebSite\",\"@id\":\"https:\\\/\\\/www.revistarambla.com\\\/#website\",\"url\":\"https:\\\/\\\/www.revistarambla.com\\\/\",\"name\":\"Revista Rambla Barcelona\",\"description\":\"Periodismo independiente\",\"publisher\":{\"@id\":\"https:\\\/\\\/www.revistarambla.com\\\/#organization\"},\"potentialAction\":[{\"@type\":\"SearchAction\",\"target\":{\"@type\":\"EntryPoint\",\"urlTemplate\":\"https:\\\/\\\/www.revistarambla.com\\\/?s={search_term_string}\"},\"query-input\":{\"@type\":\"PropertyValueSpecification\",\"valueRequired\":true,\"valueName\":\"search_term_string\"}}],\"inLanguage\":\"en-GB\"},{\"@type\":\"Organization\",\"@id\":\"https:\\\/\\\/www.revistarambla.com\\\/#organization\",\"name\":\"Revista Rambla\",\"url\":\"https:\\\/\\\/www.revistarambla.com\\\/\",\"logo\":{\"@type\":\"ImageObject\",\"inLanguage\":\"en-GB\",\"@id\":\"https:\\\/\\\/www.revistarambla.com\\\/#\\\/schema\\\/logo\\\/image\\\/\",\"url\":\"https:\\\/\\\/www.revistarambla.com\\\/wp-content\\\/uploads\\\/2020\\\/09\\\/banner_rambla_1900x600_BB.png\",\"contentUrl\":\"https:\\\/\\\/www.revistarambla.com\\\/wp-content\\\/uploads\\\/2020\\\/09\\\/banner_rambla_1900x600_BB.png\",\"width\":1900,\"height\":600,\"caption\":\"Revista Rambla\"},\"image\":{\"@id\":\"https:\\\/\\\/www.revistarambla.com\\\/#\\\/schema\\\/logo\\\/image\\\/\"},\"sameAs\":[\"https:\\\/\\\/www.facebook.com\\\/revistarambla\\\/\",\"https:\\\/\\\/x.com\\\/revistarambla\",\"https:\\\/\\\/www.instagram.com\\\/revista_rambla\",\"https:\\\/\\\/es.linkedin.com\\\/company\\\/revista-rambla\"]},{\"@type\":\"Person\",\"@id\":\"https:\\\/\\\/www.revistarambla.com\\\/#\\\/schema\\\/person\\\/a146a5a2550b94981a75131180e1bd9c\",\"name\":\"R@mbla\",\"description\":\"Este art\u00edculo ha sido redactado y\\\/o validado por el equipo de redacci\u00f3n de Revista Rambla.\",\"sameAs\":[\"https:\\\/\\\/www.revistarambla.com\\\/\",\"https:\\\/\\\/www.facebook.com\\\/revistarambla\",\"https:\\\/\\\/x.com\\\/revistarambla\"]}]}<\/script>\n<!-- \/ Yoast SEO plugin. -->","yoast_head_json":{"title":"De Teknon a Cl\u00ednica Albareda: El boom de la medicina regenerativa privada en Barcelona - Revista Rambla","robots":{"index":"index","follow":"follow","max-snippet":"max-snippet:-1","max-image-preview":"max-image-preview:large","max-video-preview":"max-video-preview:-1"},"canonical":"https:\/\/www.revistarambla.com\/en\/de-teknon-a-clinica-albareda-el-boom-de-la-medicina-regenerativa-privada-en-barcelona\/","og_locale":"en_GB","og_type":"article","og_title":"De Teknon a Cl\u00ednica Albareda: El boom de la medicina regenerativa privada en Barcelona - Revista Rambla","og_description":"Barcelona se ha consolidado como uno de los epicentros europeos de la innovaci\u00f3n m\u00e9dica, especialmente en el campo de la medicina regenerativa. Solo en 2022, Catalu\u00f1a atrajo 445 millones de euros en inversi\u00f3n en startups de salud, seg\u00fan Biocat, lo que supuso un crecimiento del 185 % respecto al a\u00f1o [&hellip;]","og_url":"https:\/\/www.revistarambla.com\/en\/de-teknon-a-clinica-albareda-el-boom-de-la-medicina-regenerativa-privada-en-barcelona\/","og_site_name":"Revista Rambla","article_publisher":"https:\/\/www.facebook.com\/revistarambla\/","article_author":"https:\/\/www.facebook.com\/revistarambla","article_published_time":"2025-09-30T18:29:17+00:00","og_image":[{"width":1500,"height":856,"url":"https:\/\/www.revistarambla.com\/wp-content\/uploads\/2025\/09\/img_02.jpg","type":"image\/jpeg"}],"author":"R@mbla","twitter_card":"summary_large_image","twitter_creator":"@revistarambla","twitter_site":"@revistarambla","twitter_misc":{"Written by":"R@mbla","Estimated reading time":"6 minutes"},"schema":{"@context":"https:\/\/schema.org","@graph":[{"@type":"Article","@id":"https:\/\/www.revistarambla.com\/de-teknon-a-clinica-albareda-el-boom-de-la-medicina-regenerativa-privada-en-barcelona\/#article","isPartOf":{"@id":"https:\/\/www.revistarambla.com\/de-teknon-a-clinica-albareda-el-boom-de-la-medicina-regenerativa-privada-en-barcelona\/"},"author":{"name":"R@mbla","@id":"https:\/\/www.revistarambla.com\/#\/schema\/person\/a146a5a2550b94981a75131180e1bd9c"},"headline":"De Teknon a Cl\u00ednica Albareda: El boom de la medicina regenerativa privada en Barcelona","datePublished":"2025-09-30T18:29:17+00:00","mainEntityOfPage":{"@id":"https:\/\/www.revistarambla.com\/de-teknon-a-clinica-albareda-el-boom-de-la-medicina-regenerativa-privada-en-barcelona\/"},"wordCount":1387,"publisher":{"@id":"https:\/\/www.revistarambla.com\/#organization"},"image":{"@id":"https:\/\/www.revistarambla.com\/de-teknon-a-clinica-albareda-el-boom-de-la-medicina-regenerativa-privada-en-barcelona\/#primaryimage"},"thumbnailUrl":"https:\/\/www.revistarambla.com\/wp-content\/uploads\/2025\/09\/img_02.jpg","articleSection":["Noticias de la vida"],"inLanguage":"en-GB"},{"@type":"WebPage","@id":"https:\/\/www.revistarambla.com\/de-teknon-a-clinica-albareda-el-boom-de-la-medicina-regenerativa-privada-en-barcelona\/","url":"https:\/\/www.revistarambla.com\/de-teknon-a-clinica-albareda-el-boom-de-la-medicina-regenerativa-privada-en-barcelona\/","name":"De Teknon a Cl\u00ednica Albareda: El boom de la medicina regenerativa privada en Barcelona - Revista Rambla","isPartOf":{"@id":"https:\/\/www.revistarambla.com\/#website"},"primaryImageOfPage":{"@id":"https:\/\/www.revistarambla.com\/de-teknon-a-clinica-albareda-el-boom-de-la-medicina-regenerativa-privada-en-barcelona\/#primaryimage"},"image":{"@id":"https:\/\/www.revistarambla.com\/de-teknon-a-clinica-albareda-el-boom-de-la-medicina-regenerativa-privada-en-barcelona\/#primaryimage"},"thumbnailUrl":"https:\/\/www.revistarambla.com\/wp-content\/uploads\/2025\/09\/img_02.jpg","datePublished":"2025-09-30T18:29:17+00:00","breadcrumb":{"@id":"https:\/\/www.revistarambla.com\/de-teknon-a-clinica-albareda-el-boom-de-la-medicina-regenerativa-privada-en-barcelona\/#breadcrumb"},"inLanguage":"en-GB","potentialAction":[{"@type":"ReadAction","target":["https:\/\/www.revistarambla.com\/de-teknon-a-clinica-albareda-el-boom-de-la-medicina-regenerativa-privada-en-barcelona\/"]}]},{"@type":"ImageObject","inLanguage":"en-GB","@id":"https:\/\/www.revistarambla.com\/de-teknon-a-clinica-albareda-el-boom-de-la-medicina-regenerativa-privada-en-barcelona\/#primaryimage","url":"https:\/\/www.revistarambla.com\/wp-content\/uploads\/2025\/09\/img_02.jpg","contentUrl":"https:\/\/www.revistarambla.com\/wp-content\/uploads\/2025\/09\/img_02.jpg","width":1500,"height":856,"caption":"medicina regenerativa"},{"@type":"BreadcrumbList","@id":"https:\/\/www.revistarambla.com\/de-teknon-a-clinica-albareda-el-boom-de-la-medicina-regenerativa-privada-en-barcelona\/#breadcrumb","itemListElement":[{"@type":"ListItem","position":1,"name":"Portada","item":"https:\/\/www.revistarambla.com\/"},{"@type":"ListItem","position":2,"name":"De Teknon a Cl\u00ednica Albareda: El boom de la medicina regenerativa privada en Barcelona"}]},{"@type":"WebSite","@id":"https:\/\/www.revistarambla.com\/#website","url":"https:\/\/www.revistarambla.com\/","name":"Revista Rambla Barcelona","description":"Periodismo independiente","publisher":{"@id":"https:\/\/www.revistarambla.com\/#organization"},"potentialAction":[{"@type":"SearchAction","target":{"@type":"EntryPoint","urlTemplate":"https:\/\/www.revistarambla.com\/?s={search_term_string}"},"query-input":{"@type":"PropertyValueSpecification","valueRequired":true,"valueName":"search_term_string"}}],"inLanguage":"en-GB"},{"@type":"Organization","@id":"https:\/\/www.revistarambla.com\/#organization","name":"Revista Rambla","url":"https:\/\/www.revistarambla.com\/","logo":{"@type":"ImageObject","inLanguage":"en-GB","@id":"https:\/\/www.revistarambla.com\/#\/schema\/logo\/image\/","url":"https:\/\/www.revistarambla.com\/wp-content\/uploads\/2020\/09\/banner_rambla_1900x600_BB.png","contentUrl":"https:\/\/www.revistarambla.com\/wp-content\/uploads\/2020\/09\/banner_rambla_1900x600_BB.png","width":1900,"height":600,"caption":"Revista Rambla"},"image":{"@id":"https:\/\/www.revistarambla.com\/#\/schema\/logo\/image\/"},"sameAs":["https:\/\/www.facebook.com\/revistarambla\/","https:\/\/x.com\/revistarambla","https:\/\/www.instagram.com\/revista_rambla","https:\/\/es.linkedin.com\/company\/revista-rambla"]},{"@type":"Person","@id":"https:\/\/www.revistarambla.com\/#\/schema\/person\/a146a5a2550b94981a75131180e1bd9c","name":"R@mbla","description":"Este art\u00edculo ha sido redactado y\/o validado por el equipo de redacci\u00f3n de Revista Rambla.","sameAs":["https:\/\/www.revistarambla.com\/","https:\/\/www.facebook.com\/revistarambla","https:\/\/x.com\/revistarambla"]}]}},"_links":{"self":[{"href":"https:\/\/www.revistarambla.com\/en\/wp-json\/wp\/v2\/posts\/66758","targetHints":{"allow":["GET"]}}],"collection":[{"href":"https:\/\/www.revistarambla.com\/en\/wp-json\/wp\/v2\/posts"}],"about":[{"href":"https:\/\/www.revistarambla.com\/en\/wp-json\/wp\/v2\/types\/post"}],"author":[{"embeddable":true,"href":"https:\/\/www.revistarambla.com\/en\/wp-json\/wp\/v2\/users\/3"}],"replies":[{"embeddable":true,"href":"https:\/\/www.revistarambla.com\/en\/wp-json\/wp\/v2\/comments?post=66758"}],"version-history":[{"count":1,"href":"https:\/\/www.revistarambla.com\/en\/wp-json\/wp\/v2\/posts\/66758\/revisions"}],"predecessor-version":[{"id":66760,"href":"https:\/\/www.revistarambla.com\/en\/wp-json\/wp\/v2\/posts\/66758\/revisions\/66760"}],"wp:featuredmedia":[{"embeddable":true,"href":"https:\/\/www.revistarambla.com\/en\/wp-json\/wp\/v2\/media\/66759"}],"wp:attachment":[{"href":"https:\/\/www.revistarambla.com\/en\/wp-json\/wp\/v2\/media?parent=66758"}],"wp:term":[{"taxonomy":"category","embeddable":true,"href":"https:\/\/www.revistarambla.com\/en\/wp-json\/wp\/v2\/categories?post=66758"},{"taxonomy":"post_tag","embeddable":true,"href":"https:\/\/www.revistarambla.com\/en\/wp-json\/wp\/v2\/tags?post=66758"}],"curies":[{"name":"wp","href":"https:\/\/api.w.org\/{rel}","templated":true}]}}