{"id":66752,"date":"2025-09-28T12:17:16","date_gmt":"2025-09-28T10:17:16","guid":{"rendered":"https:\/\/www.revistarambla.com\/?p=66752"},"modified":"2025-09-30T20:46:08","modified_gmt":"2025-09-30T18:46:08","slug":"la-doble-moral-toxica-europea-pesticidas-prohibidos","status":"publish","type":"post","link":"https:\/\/www.revistarambla.com\/en\/la-doble-moral-toxica-europea-pesticidas-prohibidos\/","title":{"rendered":"La doble moral t\u00f3xica europea"},"content":{"rendered":"<p class=\"x_747701675ydp9a5fe8beyiv8639082269ydpd6235fd4yiv0898752638ydpbd639565yiv4437979025ydpfe115b4bMsoNormal\"><b><span lang=\"ES\">La \u00e9tica no tiene lugar cuando se trata de grandes negocios. A pesar de promesas contrarias, la Uni\u00f3n Europea contin\u00faa a exportar a gran escala pesticidas cuyo uso es prohibido en su propio territorio.<\/span><\/b><\/p>\n<p class=\"x_747701675ydp9a5fe8beyiv8639082269ydpd6235fd4yiv0898752638ydpbd639565yiv4437979025ydpfe115b4bMsoNormal\"><span lang=\"ES\">En 2024 salieron de la Uni\u00f3n Europea (UE) 122.000 toneladas de plaguicidas no autorizados en su suelo, en contradicci\u00f3n directa con los compromisos asumidos en 2020 por la propia Comisi\u00f3n Europea -ejecutivo comunitario- que hab\u00eda decidido poner fin a la exportaci\u00f3n de productos qu\u00edmicos no autorizados en la propia Uni\u00f3n. <\/span><\/p>\n<p class=\"x_747701675ydp9a5fe8beyiv8639082269ydpd6235fd4yiv0898752638ydpbd639565yiv4437979025ydpfe115b4bMsoNormal\"><span lang=\"ES\">La denuncia sobre las exportaciones acaba de ser revelada por la organizaci\u00f3n no gubernamental (ONG) suiza <i>Public Eye<\/i> (<i>Mirada Ciudadana<\/i>) a trav\u00e9s de un informe elaborado en com\u00fan con\u00a0 <i>Unearthed<\/i>, equipo de investigaci\u00f3n de <i>Greenpeace<\/i> del Reino Unido de Gran Breta\u00f1a, la primera ONG en denunciar hace ya algunos a\u00f1os el esc\u00e1ndalo de los pesticidas prohibidos <i>made in Europa<\/i>. Seg\u00fan las dos denunciantes, el total exportado en 2024 es un 50% mayor que en 2018<\/span>. <span lang=\"ES\">Ambas organizaciones llevan varios a\u00f1os cartografiando este comercio con el fin de que los Estados pongan fin a \u00abuna doble moral odiosa [que] representa una forma de explotaci\u00f3n moderna\u00bb, seg\u00fan las palabras del relator especial de las Naciones Unidas sobre productos t\u00f3xicos. Casi el 60 % del volumen exportado va a pa\u00edses de renta baja o media, donde las regulaciones son m\u00e1s laxas y las consecuencias sanitarias y medioambientales se vuelven devastadoras.\u00a0 <\/span><span lang=\"ES\">\u00a0<\/span><\/p>\n<p><img decoding=\"async\" class=\"size-full wp-image-66753 aligncenter\" src=\"https:\/\/www.revistarambla.com\/wp-content\/uploads\/2025\/09\/Mapa-de-las-exportaciones-desde-la-Union-Europea-de-los-pesticidas-cuyo-uso-esta-prohibido-en-la-propia-Europa.-Grafico-Public-Eye.jpg\" alt=\"Pesticidas prohibidos\" width=\"1000\" height=\"612\" srcset=\"https:\/\/www.revistarambla.com\/wp-content\/uploads\/2025\/09\/Mapa-de-las-exportaciones-desde-la-Union-Europea-de-los-pesticidas-cuyo-uso-esta-prohibido-en-la-propia-Europa.-Grafico-Public-Eye.jpg 1000w, https:\/\/www.revistarambla.com\/wp-content\/uploads\/2025\/09\/Mapa-de-las-exportaciones-desde-la-Union-Europea-de-los-pesticidas-cuyo-uso-esta-prohibido-en-la-propia-Europa.-Grafico-Public-Eye-596x365.jpg 596w, https:\/\/www.revistarambla.com\/wp-content\/uploads\/2025\/09\/Mapa-de-las-exportaciones-desde-la-Union-Europea-de-los-pesticidas-cuyo-uso-esta-prohibido-en-la-propia-Europa.-Grafico-Public-Eye-840x514.jpg 840w, https:\/\/www.revistarambla.com\/wp-content\/uploads\/2025\/09\/Mapa-de-las-exportaciones-desde-la-Union-Europea-de-los-pesticidas-cuyo-uso-esta-prohibido-en-la-propia-Europa.-Grafico-Public-Eye-768x470.jpg 768w, https:\/\/www.revistarambla.com\/wp-content\/uploads\/2025\/09\/Mapa-de-las-exportaciones-desde-la-Union-Europea-de-los-pesticidas-cuyo-uso-esta-prohibido-en-la-propia-Europa.-Grafico-Public-Eye-18x12.jpg 18w\" sizes=\"(max-width: 1000px) 100vw, 1000px\" \/><\/p>\n<p class=\"x_747701675ydp9a5fe8beyiv8639082269ydpd6235fd4yiv0898752638ydpbd639565yiv4437979025ydpfe115b4bMsoNormal\"><span lang=\"ES\">Las revelaciones difundidas se sustentan en datos brindados por la Agencia Europea de Sustancias y Mezclas qu\u00edmicos (ECHA), creada en 2007 y que tiene su sede en Helsinki, Finlandia. Si bien las fuentes originarias son los propios fabricantes &#8211; y pueden diferir en cuanto a vol\u00famenes y cifras- son, en la actualidad, las m\u00e1s completas a disposici\u00f3n. Tal como explican <i>Public Eye<\/i> y <i>Unearthed,<\/i> el crecimiento estad\u00edstico espectacular de las exportaciones europeas de esos pesticidas se debe a que desde 2018 en adelante fueron prohibidos para su uso en el territorio europeo un centenar de t\u00f3xicos peligrosos que pasaron a formar parte de la lista de sustancias sometidas a la legislaci\u00f3n sobre la exportaci\u00f3n. Muchos de esos productos se exportaban con anterioridad, pero dado que su utilizaci\u00f3n estaba autorizada en la Uni\u00f3n Europea no figuraban como prohibidos para la venta internacional (<\/span><i><span lang=\"ES\"><a href=\"https:\/\/www.publiceye.ch\/fr\/thematiques\/pesticides\/les-exportations-de-lue-en-forte-hausse-malgre-les-promesses-de-la-commission\" target=\"_blank\" rel=\"nofollow noopener\">https:\/\/www.publiceye.ch\/fr\/thematiques\/pesticides\/les-exportations-de-lue-en-forte-hausse-malgre-les-promesses-de-la-commission<\/a><\/span><\/i><span lang=\"ES\">).<\/span><\/p>\n<h2 class=\"x_747701675ydp9a5fe8beyiv8639082269ydpd6235fd4yiv0898752638ydpbd639565yiv4437979025ydpfe115b4bMsoNormal\"><span lang=\"ES\">Venenos <i>made<\/i><\/span><span lang=\"ES\"><i>in Europa<\/i><\/span><b> <\/b><\/h2>\n<p class=\"x_747701675ydp9a5fe8beyiv8639082269ydpd6235fd4yiv0898752638ydpbd639565yiv4437979025ydpfe115b4bMsoNormal\">El informe divulgado en los \u00faltimos d\u00edas de septiembre muestra que 75 pesticidas prohibidos en la Uni\u00f3n Europea fueron exportados en 2024 (contra 41 en 2018). En la cima, con 20.000 toneladas exportadas, se encuentra el Dicloropropeno (1,3-D), l\u00edquido incoloro de olor dulce que se utiliza como fumigante y nematicida antes de la siembra, as\u00ed como en el cultivo de frutas y verduras. Excluido de la UE desde 2007 por el riesgo de contaminar las aguas subterr\u00e1neas, es considerado en Estados Unidos como potencial carcin\u00f3geno, aunque siga siendo empleado.<\/p>\n<p class=\"x_747701675ydp9a5fe8beyiv8639082269ydpd6235fd4yiv0898752638ydpbd639565yiv4437979025ydpfe115b4bMsoNormal\">Seg\u00fan diversas fuentes, la segunda mayor exportaci\u00f3n fue la de Cianamida, un regulador del crecimiento vegetal sospechoso de provocar c\u00e1ncer y da\u00f1ar la fertilidad que se prohibi\u00f3 debido a los claros indicios de que tiene efectos nocivos para la salud humana y, en particular, para las y los trabajadores. As\u00ed mismo los insecticidas neonicotinoides, identificados como un factor clave en el declive de las abejas y otros polinizadores en todo el mundo; el Mancozeb, fungicida prohibido en 2020 tras descubrirse que es t\u00f3xico para la reproducci\u00f3n y un perturbador endocrino. Entre los t\u00f3xicos exportados, tambi\u00e9n se halla el Diquat, herbicida de toxicidad aguda, que recientemente se descubri\u00f3 que estaba implicado en envenenamientos de agricultores en Brasil; el Clorpirifos, pesticida prohibido relacionado con da\u00f1os cerebrales en ni\u00f1os; el Clorotalonil, sustancia qu\u00edmica vetada por su potencial para contaminar las aguas subterr\u00e1neas y provocar c\u00e1ncer.<\/p>\n<p class=\"x_747701675ydp9a5fe8beyiv8639082269ydpd6235fd4yiv0898752638ydpbd639565yiv4437979025ydpfe115b4bMsoNormal\">Seg\u00fan el estudio de <i>Public Eye <\/i>y <i><span lang=\"ES\">Unearthed<\/span><\/i>, 93 pa\u00edses importan pesticidas prohibidos en Europa. En primer lugar, Estados Unidos y en segundo, Brasil, que constituye el principal mercado mundial de plaguicidas y que el a\u00f1o pasado compr\u00f3 15 mil toneladas a la Uni\u00f3n Europea. Entre los importadores latinoamericanos m\u00e1s activos est\u00e1n tambi\u00e9n Argentina, Chile, Per\u00fa, Colombia, Ecuador y M\u00e9xico. La investigaci\u00f3n revela que 9.000 toneladas fueron a \u00c1frica, siendo Marruecos y \u00c1frica del Sur los dos principales importadores en 2024. Este comercio se extiende, entre otros pa\u00edses, a Rusia, China, Australia, India, Jap\u00f3n, en su mayor\u00eda grandes potencias agr\u00edcolas mundiales.<\/p>\n<p class=\"x_747701675ydp9a5fe8beyiv8639082269ydpd6235fd4yiv0898752638ydpbd639565yiv4437979025ydpfe115b4bMsoNormal\">Alemania se encuentra a la cabeza de los miembros de la Uni\u00f3n Europea que exportan esos t\u00f3xicos, con cerca de 50 mil toneladas durante el a\u00f1o pasado, seguido por B\u00e9lgica, con m\u00e1s de 15 mil. Inmediatamente por detr\u00e1s, Espa\u00f1a, Pa\u00edses Bajos y Bulgaria superando cada uno las 10 mil toneladas. Espa\u00f1a aprob\u00f3 en 2024 la exportaci\u00f3n de casi 12.900 toneladas de plaguicidas prohibidos, lo que representa un incremento significativo frente a las 5.200 toneladas exportadas en 2018, primer a\u00f1o con datos completos disponibles. Francia e Italia cierran la lista de los exportadores con m\u00e1s de 5 mil toneladas.<\/p>\n<p class=\"x_747701675ydp9a5fe8beyiv8639082269ydpd6235fd4yiv0898752638ydpbd639565yiv4437979025ydpfe115b4bMsoNormal\">La empresa <i>reina<\/i> de las ventas es la BASF alemana, principal grupo qu\u00edmico a nivel mundial, con 33 mil toneladas de ese tipo de productos t\u00f3xicos. En un abanico de entre 5 y 12 mil toneladas se ubican las transnacionales Teleos Ag Solutions, Agria, Corteva, Bayer, Alzchem y Syngenta. Esta \u00faltima, la gigante qu\u00edmica de Suiza &#8211;pa\u00eds que no integra la Uni\u00f3n Europea&#8211;, vendi\u00f3 cerca de 9 mil toneladas en su mayor\u00eda a trav\u00e9s de filiales alemanas.<\/p>\n<h2 class=\"x_747701675ydp9a5fe8beyiv8639082269ydpd6235fd4yiv0898752638ydpbd639565yiv4437979025ydpfe115b4bMsoNormal\">Protesta ciudadana<\/h2>\n<p class=\"x_747701675ydp9a5fe8beyiv8639082269ydpd6235fd4yiv0898752638ydpbd639565yiv4437979025ydpfe115b4bMsoNormal\">Durante una manifestaci\u00f3n organizada en Bruselas a fin de junio pasado, una alianza que re\u00fane a m\u00e1s de 600 organizaciones no gubernamentales (ONG) y sindicatos exigieron a Ursula von der Leyen, presidenta de la Comisi\u00f3n Europea, que cumpla con su promesa de poner fin a las exportaciones europeas de pesticidas prohibidos (<i><a href=\"https:\/\/pan-international.org\/wp-content\/uploads\/Banned-pesticides_ESP_FINAL.pdf\" target=\"_blank\" rel=\"nofollow noopener\">https:\/\/pan-international.org\/wp-content\/uploads\/Banned-pesticides_ESP_FINAL.pdf<\/a><\/i>).<\/p>\n<p class=\"x_747701675ydp9a5fe8beyiv8639082269ydpd6235fd4yiv0898752638ydpbd639565yiv4437979025ydpfe115b4bMsoNormal\">Esta alianza condena la pasividad de las autoridades europeas y su pol\u00edtica de \u201cdos pesos, dos medidas\u201d que conspira contra la credibilidad de la Uni\u00f3n en relaci\u00f3n a los productos qu\u00edmicos peligrosos. Por otra parte, esta actitud de la UE hace correr un \u201criesgo inaceptable\u201d a la poblaci\u00f3n de los pa\u00edses de bajos y medianos ingresos que importan esos pesticidas. Adicionalmente, la alianza advierte sobre los riesgos para las y los consumidores europeos que se exponen a residuos de pesticidas prohibidos en los alimentos importados.<\/p>\n<p class=\"x_747701675ydp9a5fe8beyiv8639082269ydpd6235fd4yiv0898752638ydpbd639565yiv4437979025ydpfe115b4bMsoNormal\">Las ONG piden a la Comisi\u00f3n Europea que, \u201ccon la m\u00e1xima urgencia, mantenga su compromiso y garantice, sin m\u00e1s demora, que todos los plaguicidas que han sido prohibidos en la UE para proteger la salud humana y el medio ambiente tengan tambi\u00e9n prohibida su fabricaci\u00f3n y exportaci\u00f3n, y que no se permita la presencia de residuos de estos productos qu\u00edmicos t\u00f3xicos en las importaciones de alimentos\u201d.<\/p>\n<h2 class=\"x_747701675ydp9a5fe8beyiv8639082269ydpd6235fd4yiv0898752638ydpbd639565yiv4437979025ydpfe115b4bMsoNormal\">Productos t\u00f3xicos y \u201cacuerdos t\u00f3xicos\u201d<\/h2>\n<p class=\"x_747701675ydp9a5fe8beyiv8639082269ydpd6235fd4yiv0898752638ydpbd639565yiv4437979025ydpfe115b4bMsoNormal\">Esa manifestaci\u00f3n protestaba al mismo tiempo contra el Acuerdo de libre comercio entre la Uni\u00f3n Europea y el MERCOSUR firmado en diciembre pasado y que se encuentra en fase de discusi\u00f3n en las instituciones ejecutivas de las dos alianzas, as\u00ed como en los parlamentos nacionales de ambas regiones.<\/p>\n<p class=\"x_747701675ydp9a5fe8beyiv8639082269ydpd6235fd4yiv0898752638ydpbd639565yiv4437979025ydpfe115b4bMsoNormal\">Seg\u00fan las voces cr\u00edticas, si se ratificara el acuerdo UE-MERCOSUR, se eliminar\u00edan los aranceles aduaneros sobre m\u00e1s del 90 % de los productos qu\u00edmicos, incluidos los pesticidas. Por lo tanto, se podr\u00edan exportar m\u00e1s pesticidas producidos en Europa a los pa\u00edses del Mercosur y, a cambio, se exportar\u00edan del MERCOSUR a Europa m\u00e1s productos agr\u00edcolas y alimentarios que corren el riesgo de estar contaminados por los propios plaguicidas europeos. Todo esto generar\u00eda contaminaci\u00f3n de suelos y r\u00edos, as\u00ed como efectos negativos en la salud de las poblaciones locales, beneficiando solamente a las grandes multinacionales qu\u00edmicas.<\/p>\n<p class=\"x_747701675ydp9a5fe8beyiv8639082269ydpd6235fd4yiv0898752638ydpbd639565yiv4437979025ydpfe115b4bMsoNormal\">Por otra parte, en 2025 se cumplen 25 a\u00f1os desde que el primer tratado de libre comercio entre la Uni\u00f3n Europea y un pa\u00eds latinoamericano -M\u00e9xico- entr\u00f3 en vigor. <span lang=\"ES\">En ese marco, <\/span>m\u00e1s de 50 organizaciones de casi una veintena de pa\u00edses de los dos continentes acaban de lanzar en la segunda quincena de septiembre una campa\u00f1a internacional <span lang=\"ES\">contra los tratados comerciales \u201ct\u00f3xicos\u201d entre la UE y Am\u00e9rica Latina.<\/span><span lang=\"ES\"> El objetivo de la campa\u00f1a es demostrar lo que han implicado [y seguir\u00e1n implicando] estos acuerdos para el sector agr\u00edcola, la industria, las condiciones laborales, el ambiente y el acceso a servicios b\u00e1sicos, entre otros sectores. En este sentido busca sensibilizar sobre los efectos nocivos que han tenido estos acuerdos tanto para los pa\u00edses de Am\u00e9rica Latina como para los de la Uni\u00f3n Europea (<\/span><i><span lang=\"ES\"><a href=\"https:\/\/www.youtube.com\/watch?v=A6B6mZk1eRE\" target=\"_blank\" rel=\"nofollow noopener\">https:\/\/www.youtube.com\/watch?v=A6B6mZk1eRE<\/a><\/span><\/i><span lang=\"ES\">). <\/span><\/p>\n<p class=\"x_747701675ydp9a5fe8beyiv8639082269ydpd6235fd4yiv0898752638ydpbd639565yiv4437979025ydpfe115b4bMsoNormal\"><span lang=\"ES\">Los promotores de la campa\u00f1a argumentan que \u201c25 a\u00f1os son m\u00e1s que suficiente para poder evaluar si los tratados comerciales han cumplido con lo prometido\u201d. Y recuerdan que las organizaciones implicadas \u201chan trabajado durante d\u00e9cadas para desenmascarar los tratados de libre comercio [injustos y t\u00f3xicos] dejando a la luz lo que son: instrumentos de dominaci\u00f3n, que profundizan la desigualdad entre regiones y pueblos e incrementan el poder de corporaciones transnacionales\u201d \u00a0(<\/span><i><span lang=\"ES\"><a href=\"https:\/\/americalatinasintlc.org\/2025\/09\/16\/paremos-los-tratados-comerciales-toxicos\/\" target=\"_blank\" rel=\"nofollow noopener\">https:\/\/americalatinasintlc.org\/2025\/09\/16\/paremos-los-tratados-comerciales-toxicos\/<\/a><\/span><\/i><span lang=\"ES\">).<\/span><\/p>\n<p class=\"x_747701675ydp9a5fe8beyiv8639082269ydpd6235fd4yiv0898752638ydpbd639565yiv4437979025ydpfe115b4bMsoNormal\"><span lang=\"ES\">De la exportaci\u00f3n de pesticidas t\u00f3xicos a la firma de acuerdos comerciales t\u00f3xicos. Un combo comercial y geopol\u00edtico en el cual los pueblos no son consultados ni considerados y solo la voz de la sociedad civil internacional organizada logra advertir y denunciar.<\/span><\/p>\n","protected":false},"excerpt":{"rendered":"<p>Pesticidas prohibidos pero exportados masivamente<\/p>","protected":false},"author":24,"featured_media":66754,"comment_status":"closed","ping_status":"closed","sticky":false,"template":"","format":"standard","meta":{"footnotes":""},"categories":[4108],"tags":[],"class_list":["post-66752","post","type-post","status-publish","format-standard","has-post-thumbnail","hentry","category-el-apunte-de-sergio-ferrari"],"yoast_head":"<!-- This site is optimized with the Yoast SEO plugin v27.5 - https:\/\/yoast.com\/product\/yoast-seo-wordpress\/ -->\n<title>La doble moral t\u00f3xica europea - Revista Rambla<\/title>\n<meta name=\"robots\" content=\"index, follow, max-snippet:-1, max-image-preview:large, max-video-preview:-1\" \/>\n<link rel=\"canonical\" href=\"https:\/\/www.revistarambla.com\/en\/la-doble-moral-toxica-europea-pesticidas-prohibidos\/\" \/>\n<meta property=\"og:locale\" content=\"en_GB\" \/>\n<meta property=\"og:type\" content=\"article\" \/>\n<meta property=\"og:title\" content=\"La doble moral t\u00f3xica europea - Revista Rambla\" \/>\n<meta property=\"og:description\" content=\"Pesticidas prohibidos pero exportados masivamente\" \/>\n<meta property=\"og:url\" content=\"https:\/\/www.revistarambla.com\/en\/la-doble-moral-toxica-europea-pesticidas-prohibidos\/\" \/>\n<meta property=\"og:site_name\" content=\"Revista Rambla\" \/>\n<meta property=\"article:publisher\" content=\"https:\/\/www.facebook.com\/revistarambla\/\" \/>\n<meta property=\"article:author\" content=\"https:\/\/www.facebook.com\/sergio.ferrari.9655\" \/>\n<meta property=\"article:published_time\" content=\"2025-09-28T10:17:16+00:00\" \/>\n<meta property=\"article:modified_time\" content=\"2025-09-30T18:46:08+00:00\" \/>\n<meta property=\"og:image\" content=\"https:\/\/www.revistarambla.com\/wp-content\/uploads\/2025\/09\/Europa-exporta-a-paises-del-Sur-Global-peticidas-muy-toxicos-cuyo-uso-esta-prohibido-en-la-misma-Union-Europea.jpg\" \/>\n\t<meta property=\"og:image:width\" content=\"1000\" \/>\n\t<meta property=\"og:image:height\" content=\"612\" \/>\n\t<meta property=\"og:image:type\" content=\"image\/jpeg\" \/>\n<meta name=\"author\" content=\"Sergio Ferrari\" \/>\n<meta name=\"twitter:card\" content=\"summary_large_image\" \/>\n<meta name=\"twitter:creator\" content=\"@SergiooFerrari\" \/>\n<meta name=\"twitter:site\" content=\"@revistarambla\" \/>\n<meta name=\"twitter:label1\" content=\"Written by\" \/>\n\t<meta name=\"twitter:data1\" content=\"Sergio Ferrari\" \/>\n\t<meta name=\"twitter:label2\" content=\"Estimated reading time\" \/>\n\t<meta name=\"twitter:data2\" content=\"8 minutes\" \/>\n<script type=\"application\/ld+json\" class=\"yoast-schema-graph\">{\"@context\":\"https:\\\/\\\/schema.org\",\"@graph\":[{\"@type\":\"Article\",\"@id\":\"https:\\\/\\\/www.revistarambla.com\\\/la-doble-moral-toxica-europea-pesticidas-prohibidos\\\/#article\",\"isPartOf\":{\"@id\":\"https:\\\/\\\/www.revistarambla.com\\\/la-doble-moral-toxica-europea-pesticidas-prohibidos\\\/\"},\"author\":{\"name\":\"Sergio Ferrari\",\"@id\":\"https:\\\/\\\/www.revistarambla.com\\\/#\\\/schema\\\/person\\\/339e2410a25811f9912d8a8551fa5d96\"},\"headline\":\"La doble moral t\u00f3xica europea\",\"datePublished\":\"2025-09-28T10:17:16+00:00\",\"dateModified\":\"2025-09-30T18:46:08+00:00\",\"mainEntityOfPage\":{\"@id\":\"https:\\\/\\\/www.revistarambla.com\\\/la-doble-moral-toxica-europea-pesticidas-prohibidos\\\/\"},\"wordCount\":1624,\"publisher\":{\"@id\":\"https:\\\/\\\/www.revistarambla.com\\\/#organization\"},\"image\":{\"@id\":\"https:\\\/\\\/www.revistarambla.com\\\/la-doble-moral-toxica-europea-pesticidas-prohibidos\\\/#primaryimage\"},\"thumbnailUrl\":\"https:\\\/\\\/www.revistarambla.com\\\/wp-content\\\/uploads\\\/2025\\\/09\\\/Europa-exporta-a-paises-del-Sur-Global-peticidas-muy-toxicos-cuyo-uso-esta-prohibido-en-la-misma-Union-Europea.jpg\",\"articleSection\":[\"El Apunte\"],\"inLanguage\":\"en-GB\"},{\"@type\":\"WebPage\",\"@id\":\"https:\\\/\\\/www.revistarambla.com\\\/la-doble-moral-toxica-europea-pesticidas-prohibidos\\\/\",\"url\":\"https:\\\/\\\/www.revistarambla.com\\\/la-doble-moral-toxica-europea-pesticidas-prohibidos\\\/\",\"name\":\"La doble moral t\u00f3xica europea - Revista Rambla\",\"isPartOf\":{\"@id\":\"https:\\\/\\\/www.revistarambla.com\\\/#website\"},\"primaryImageOfPage\":{\"@id\":\"https:\\\/\\\/www.revistarambla.com\\\/la-doble-moral-toxica-europea-pesticidas-prohibidos\\\/#primaryimage\"},\"image\":{\"@id\":\"https:\\\/\\\/www.revistarambla.com\\\/la-doble-moral-toxica-europea-pesticidas-prohibidos\\\/#primaryimage\"},\"thumbnailUrl\":\"https:\\\/\\\/www.revistarambla.com\\\/wp-content\\\/uploads\\\/2025\\\/09\\\/Europa-exporta-a-paises-del-Sur-Global-peticidas-muy-toxicos-cuyo-uso-esta-prohibido-en-la-misma-Union-Europea.jpg\",\"datePublished\":\"2025-09-28T10:17:16+00:00\",\"dateModified\":\"2025-09-30T18:46:08+00:00\",\"breadcrumb\":{\"@id\":\"https:\\\/\\\/www.revistarambla.com\\\/la-doble-moral-toxica-europea-pesticidas-prohibidos\\\/#breadcrumb\"},\"inLanguage\":\"en-GB\",\"potentialAction\":[{\"@type\":\"ReadAction\",\"target\":[\"https:\\\/\\\/www.revistarambla.com\\\/la-doble-moral-toxica-europea-pesticidas-prohibidos\\\/\"]}]},{\"@type\":\"ImageObject\",\"inLanguage\":\"en-GB\",\"@id\":\"https:\\\/\\\/www.revistarambla.com\\\/la-doble-moral-toxica-europea-pesticidas-prohibidos\\\/#primaryimage\",\"url\":\"https:\\\/\\\/www.revistarambla.com\\\/wp-content\\\/uploads\\\/2025\\\/09\\\/Europa-exporta-a-paises-del-Sur-Global-peticidas-muy-toxicos-cuyo-uso-esta-prohibido-en-la-misma-Union-Europea.jpg\",\"contentUrl\":\"https:\\\/\\\/www.revistarambla.com\\\/wp-content\\\/uploads\\\/2025\\\/09\\\/Europa-exporta-a-paises-del-Sur-Global-peticidas-muy-toxicos-cuyo-uso-esta-prohibido-en-la-misma-Union-Europea.jpg\",\"width\":1000,\"height\":612,\"caption\":\"Pesticidas prohibidos\"},{\"@type\":\"BreadcrumbList\",\"@id\":\"https:\\\/\\\/www.revistarambla.com\\\/la-doble-moral-toxica-europea-pesticidas-prohibidos\\\/#breadcrumb\",\"itemListElement\":[{\"@type\":\"ListItem\",\"position\":1,\"name\":\"Portada\",\"item\":\"https:\\\/\\\/www.revistarambla.com\\\/\"},{\"@type\":\"ListItem\",\"position\":2,\"name\":\"La doble moral t\u00f3xica europea\"}]},{\"@type\":\"WebSite\",\"@id\":\"https:\\\/\\\/www.revistarambla.com\\\/#website\",\"url\":\"https:\\\/\\\/www.revistarambla.com\\\/\",\"name\":\"Revista Rambla Barcelona\",\"description\":\"Periodismo independiente\",\"publisher\":{\"@id\":\"https:\\\/\\\/www.revistarambla.com\\\/#organization\"},\"potentialAction\":[{\"@type\":\"SearchAction\",\"target\":{\"@type\":\"EntryPoint\",\"urlTemplate\":\"https:\\\/\\\/www.revistarambla.com\\\/?s={search_term_string}\"},\"query-input\":{\"@type\":\"PropertyValueSpecification\",\"valueRequired\":true,\"valueName\":\"search_term_string\"}}],\"inLanguage\":\"en-GB\"},{\"@type\":\"Organization\",\"@id\":\"https:\\\/\\\/www.revistarambla.com\\\/#organization\",\"name\":\"Revista Rambla\",\"url\":\"https:\\\/\\\/www.revistarambla.com\\\/\",\"logo\":{\"@type\":\"ImageObject\",\"inLanguage\":\"en-GB\",\"@id\":\"https:\\\/\\\/www.revistarambla.com\\\/#\\\/schema\\\/logo\\\/image\\\/\",\"url\":\"https:\\\/\\\/www.revistarambla.com\\\/wp-content\\\/uploads\\\/2020\\\/09\\\/banner_rambla_1900x600_BB.png\",\"contentUrl\":\"https:\\\/\\\/www.revistarambla.com\\\/wp-content\\\/uploads\\\/2020\\\/09\\\/banner_rambla_1900x600_BB.png\",\"width\":1900,\"height\":600,\"caption\":\"Revista Rambla\"},\"image\":{\"@id\":\"https:\\\/\\\/www.revistarambla.com\\\/#\\\/schema\\\/logo\\\/image\\\/\"},\"sameAs\":[\"https:\\\/\\\/www.facebook.com\\\/revistarambla\\\/\",\"https:\\\/\\\/x.com\\\/revistarambla\",\"https:\\\/\\\/www.instagram.com\\\/revista_rambla\",\"https:\\\/\\\/es.linkedin.com\\\/company\\\/revista-rambla\"]},{\"@type\":\"Person\",\"@id\":\"https:\\\/\\\/www.revistarambla.com\\\/#\\\/schema\\\/person\\\/339e2410a25811f9912d8a8551fa5d96\",\"name\":\"Sergio Ferrari\",\"description\":\"Periodista argentino radicado en Berna, Suiza. Acreditado ante el Gobierno suizo. Colaborador regular de numerosos medios latinoamericanos y europeos.\",\"sameAs\":[\"https:\\\/\\\/www.voltairenet.org\\\/auteur120173.html?lang=es\",\"https:\\\/\\\/www.facebook.com\\\/sergio.ferrari.9655\",\"https:\\\/\\\/x.com\\\/SergiooFerrari\"]}]}<\/script>\n<!-- \/ Yoast SEO plugin. -->","yoast_head_json":{"title":"La doble moral t\u00f3xica europea - Revista Rambla","robots":{"index":"index","follow":"follow","max-snippet":"max-snippet:-1","max-image-preview":"max-image-preview:large","max-video-preview":"max-video-preview:-1"},"canonical":"https:\/\/www.revistarambla.com\/en\/la-doble-moral-toxica-europea-pesticidas-prohibidos\/","og_locale":"en_GB","og_type":"article","og_title":"La doble moral t\u00f3xica europea - Revista Rambla","og_description":"Pesticidas prohibidos pero exportados masivamente","og_url":"https:\/\/www.revistarambla.com\/en\/la-doble-moral-toxica-europea-pesticidas-prohibidos\/","og_site_name":"Revista Rambla","article_publisher":"https:\/\/www.facebook.com\/revistarambla\/","article_author":"https:\/\/www.facebook.com\/sergio.ferrari.9655","article_published_time":"2025-09-28T10:17:16+00:00","article_modified_time":"2025-09-30T18:46:08+00:00","og_image":[{"width":1000,"height":612,"url":"https:\/\/www.revistarambla.com\/wp-content\/uploads\/2025\/09\/Europa-exporta-a-paises-del-Sur-Global-peticidas-muy-toxicos-cuyo-uso-esta-prohibido-en-la-misma-Union-Europea.jpg","type":"image\/jpeg"}],"author":"Sergio Ferrari","twitter_card":"summary_large_image","twitter_creator":"@SergiooFerrari","twitter_site":"@revistarambla","twitter_misc":{"Written by":"Sergio Ferrari","Estimated reading time":"8 minutes"},"schema":{"@context":"https:\/\/schema.org","@graph":[{"@type":"Article","@id":"https:\/\/www.revistarambla.com\/la-doble-moral-toxica-europea-pesticidas-prohibidos\/#article","isPartOf":{"@id":"https:\/\/www.revistarambla.com\/la-doble-moral-toxica-europea-pesticidas-prohibidos\/"},"author":{"name":"Sergio Ferrari","@id":"https:\/\/www.revistarambla.com\/#\/schema\/person\/339e2410a25811f9912d8a8551fa5d96"},"headline":"La doble moral t\u00f3xica europea","datePublished":"2025-09-28T10:17:16+00:00","dateModified":"2025-09-30T18:46:08+00:00","mainEntityOfPage":{"@id":"https:\/\/www.revistarambla.com\/la-doble-moral-toxica-europea-pesticidas-prohibidos\/"},"wordCount":1624,"publisher":{"@id":"https:\/\/www.revistarambla.com\/#organization"},"image":{"@id":"https:\/\/www.revistarambla.com\/la-doble-moral-toxica-europea-pesticidas-prohibidos\/#primaryimage"},"thumbnailUrl":"https:\/\/www.revistarambla.com\/wp-content\/uploads\/2025\/09\/Europa-exporta-a-paises-del-Sur-Global-peticidas-muy-toxicos-cuyo-uso-esta-prohibido-en-la-misma-Union-Europea.jpg","articleSection":["El Apunte"],"inLanguage":"en-GB"},{"@type":"WebPage","@id":"https:\/\/www.revistarambla.com\/la-doble-moral-toxica-europea-pesticidas-prohibidos\/","url":"https:\/\/www.revistarambla.com\/la-doble-moral-toxica-europea-pesticidas-prohibidos\/","name":"La doble moral t\u00f3xica europea - Revista Rambla","isPartOf":{"@id":"https:\/\/www.revistarambla.com\/#website"},"primaryImageOfPage":{"@id":"https:\/\/www.revistarambla.com\/la-doble-moral-toxica-europea-pesticidas-prohibidos\/#primaryimage"},"image":{"@id":"https:\/\/www.revistarambla.com\/la-doble-moral-toxica-europea-pesticidas-prohibidos\/#primaryimage"},"thumbnailUrl":"https:\/\/www.revistarambla.com\/wp-content\/uploads\/2025\/09\/Europa-exporta-a-paises-del-Sur-Global-peticidas-muy-toxicos-cuyo-uso-esta-prohibido-en-la-misma-Union-Europea.jpg","datePublished":"2025-09-28T10:17:16+00:00","dateModified":"2025-09-30T18:46:08+00:00","breadcrumb":{"@id":"https:\/\/www.revistarambla.com\/la-doble-moral-toxica-europea-pesticidas-prohibidos\/#breadcrumb"},"inLanguage":"en-GB","potentialAction":[{"@type":"ReadAction","target":["https:\/\/www.revistarambla.com\/la-doble-moral-toxica-europea-pesticidas-prohibidos\/"]}]},{"@type":"ImageObject","inLanguage":"en-GB","@id":"https:\/\/www.revistarambla.com\/la-doble-moral-toxica-europea-pesticidas-prohibidos\/#primaryimage","url":"https:\/\/www.revistarambla.com\/wp-content\/uploads\/2025\/09\/Europa-exporta-a-paises-del-Sur-Global-peticidas-muy-toxicos-cuyo-uso-esta-prohibido-en-la-misma-Union-Europea.jpg","contentUrl":"https:\/\/www.revistarambla.com\/wp-content\/uploads\/2025\/09\/Europa-exporta-a-paises-del-Sur-Global-peticidas-muy-toxicos-cuyo-uso-esta-prohibido-en-la-misma-Union-Europea.jpg","width":1000,"height":612,"caption":"Pesticidas prohibidos"},{"@type":"BreadcrumbList","@id":"https:\/\/www.revistarambla.com\/la-doble-moral-toxica-europea-pesticidas-prohibidos\/#breadcrumb","itemListElement":[{"@type":"ListItem","position":1,"name":"Portada","item":"https:\/\/www.revistarambla.com\/"},{"@type":"ListItem","position":2,"name":"La doble moral t\u00f3xica europea"}]},{"@type":"WebSite","@id":"https:\/\/www.revistarambla.com\/#website","url":"https:\/\/www.revistarambla.com\/","name":"Revista Rambla Barcelona","description":"Periodismo independiente","publisher":{"@id":"https:\/\/www.revistarambla.com\/#organization"},"potentialAction":[{"@type":"SearchAction","target":{"@type":"EntryPoint","urlTemplate":"https:\/\/www.revistarambla.com\/?s={search_term_string}"},"query-input":{"@type":"PropertyValueSpecification","valueRequired":true,"valueName":"search_term_string"}}],"inLanguage":"en-GB"},{"@type":"Organization","@id":"https:\/\/www.revistarambla.com\/#organization","name":"Revista Rambla","url":"https:\/\/www.revistarambla.com\/","logo":{"@type":"ImageObject","inLanguage":"en-GB","@id":"https:\/\/www.revistarambla.com\/#\/schema\/logo\/image\/","url":"https:\/\/www.revistarambla.com\/wp-content\/uploads\/2020\/09\/banner_rambla_1900x600_BB.png","contentUrl":"https:\/\/www.revistarambla.com\/wp-content\/uploads\/2020\/09\/banner_rambla_1900x600_BB.png","width":1900,"height":600,"caption":"Revista Rambla"},"image":{"@id":"https:\/\/www.revistarambla.com\/#\/schema\/logo\/image\/"},"sameAs":["https:\/\/www.facebook.com\/revistarambla\/","https:\/\/x.com\/revistarambla","https:\/\/www.instagram.com\/revista_rambla","https:\/\/es.linkedin.com\/company\/revista-rambla"]},{"@type":"Person","@id":"https:\/\/www.revistarambla.com\/#\/schema\/person\/339e2410a25811f9912d8a8551fa5d96","name":"Sergio Ferrari","description":"Periodista argentino radicado en Berna, Suiza. Acreditado ante el Gobierno suizo. Colaborador regular de numerosos medios latinoamericanos y europeos.","sameAs":["https:\/\/www.voltairenet.org\/auteur120173.html?lang=es","https:\/\/www.facebook.com\/sergio.ferrari.9655","https:\/\/x.com\/SergiooFerrari"]}]}},"_links":{"self":[{"href":"https:\/\/www.revistarambla.com\/en\/wp-json\/wp\/v2\/posts\/66752","targetHints":{"allow":["GET"]}}],"collection":[{"href":"https:\/\/www.revistarambla.com\/en\/wp-json\/wp\/v2\/posts"}],"about":[{"href":"https:\/\/www.revistarambla.com\/en\/wp-json\/wp\/v2\/types\/post"}],"author":[{"embeddable":true,"href":"https:\/\/www.revistarambla.com\/en\/wp-json\/wp\/v2\/users\/24"}],"replies":[{"embeddable":true,"href":"https:\/\/www.revistarambla.com\/en\/wp-json\/wp\/v2\/comments?post=66752"}],"version-history":[{"count":1,"href":"https:\/\/www.revistarambla.com\/en\/wp-json\/wp\/v2\/posts\/66752\/revisions"}],"predecessor-version":[{"id":66755,"href":"https:\/\/www.revistarambla.com\/en\/wp-json\/wp\/v2\/posts\/66752\/revisions\/66755"}],"wp:featuredmedia":[{"embeddable":true,"href":"https:\/\/www.revistarambla.com\/en\/wp-json\/wp\/v2\/media\/66754"}],"wp:attachment":[{"href":"https:\/\/www.revistarambla.com\/en\/wp-json\/wp\/v2\/media?parent=66752"}],"wp:term":[{"taxonomy":"category","embeddable":true,"href":"https:\/\/www.revistarambla.com\/en\/wp-json\/wp\/v2\/categories?post=66752"},{"taxonomy":"post_tag","embeddable":true,"href":"https:\/\/www.revistarambla.com\/en\/wp-json\/wp\/v2\/tags?post=66752"}],"curies":[{"name":"wp","href":"https:\/\/api.w.org\/{rel}","templated":true}]}}