{"id":6674,"date":"2015-01-13T06:57:08","date_gmt":"2015-01-13T06:57:08","guid":{"rendered":"https:\/\/www.revistarambla.com\/gobiernos-que-reprimen-la-libertad-de-expresion-en-la-marcha-de-paris\/"},"modified":"2025-08-10T16:12:52","modified_gmt":"2025-08-10T14:12:52","slug":"gobiernos-que-reprimen-la-libertad-de-expresion-en-la-marcha-de-paris","status":"publish","type":"post","link":"https:\/\/www.revistarambla.com\/en\/gobiernos-que-reprimen-la-libertad-de-expresion-en-la-marcha-de-paris\/","title":{"rendered":"Gobiernos que reprimen la libertad de expresi\u00f3n en la marcha de Par\u00eds"},"content":{"rendered":"<p>Reporteros Sin Fronteras (RSF) celebra que numerosos jefes de Estado y dirigentes pol\u00edticos extranjeros hayan participado en la marcha de Par\u00eds, el domingo 11 de enero, en homenaje a las v\u00edctimas de los atentados, pero expresa su indignaci\u00f3n por la presencia de representantes de pa\u00edses que reprimen la libertad de informaci\u00f3n.<\/p>\n<p>\u00bfEn nombre de qu\u00e9 los representantes de reg\u00edmenes depredadores de la libertad de la prensa vienen a marchar a Par\u00eds en un homenaje a una publicaci\u00f3n que siempre ha defendido la concepci\u00f3n m\u00e1s alta de la libertad de expresi\u00f3n? Reporteros Sin Fronteras (RSF) expresa su indignaci\u00f3n por la presencia en la \u201cmarcha republicana\u201d realizada en Par\u00eds de dirigentes de pa\u00edses en los que los periodistas y los blogueros son constantemente reprimidos, como Egipto, Rusia, Turqu\u00eda, Argelia y los Emiratos \u00c1rabes Unidos. Estos pa\u00edses se encuentran en los lugares 159, 148, 154, 121 y 118, respectivamente, entre 180 pa\u00edses, en la Clasificaci\u00f3n Mundial de la Libertad de Prensa de RSF.<\/p>\n<p>\u00abDebemos ser solidarios con Charlie sin olvidar a todos los Charlies del mundo\u00bb, se\u00f1al\u00f3 Christophe Deloire, Secretario General de Reporteros sin Fronteras. \u00abSer\u00eda intolerable que los representantes de Estados que siguen haciendo callar a los periodistas en su pa\u00eds, se aprovechen de la emoci\u00f3n suscitada para intentar mejorar su imagen internacional. Es de temer que, de regreso a su pa\u00eds, estos dirigentes pol\u00edticos que marcharon contin\u00faen con sus pol\u00edticas represivas. No debemos dejar que los depredadores de la libertad de prensa escupan sobre las tumbas de Charlie Hebdo\u00bb, agreg\u00f3.<\/p>\n<p>Las autoridades anunciaron la presencia del Primer Ministro turco, Ahmet Davuto\u011flu; los Ministros de Asuntos Exteriores egipcio y ruso, Sameh Choukry y Sergue\u00ef Lavrov; los Ministros de Asuntos Exteriores de Argelia y los Emiratos \u00c1rabes Unidos, Ramtane Lamamra y Cheikh Abdallah ben Zayed Al-Nahyane, as\u00ed como del presidente de Gab\u00f3n, Ali Bongo.<\/p>","protected":false},"excerpt":{"rendered":"<p>Reporteros Sin Fronteras (RSF) celebra que numerosos jefes de Estado y dirigentes pol\u00edticos extranjeros hayan participado en la marcha de Par\u00eds, el domingo 11 de enero, en homenaje a las v\u00edctimas de los atentados, pero expresa su indignaci\u00f3n por la presencia de representantes de pa\u00edses que reprimen la libertad de [&hellip;]<\/p>\n","protected":false},"author":3,"featured_media":6673,"comment_status":"open","ping_status":"open","sticky":false,"template":"","format":"standard","meta":{"footnotes":""},"categories":[57],"tags":[],"class_list":["post-6674","post","type-post","status-publish","format-standard","has-post-thumbnail","hentry","category-global"],"yoast_head":"<!-- This site is optimized with the Yoast SEO plugin v27.5 - https:\/\/yoast.com\/product\/yoast-seo-wordpress\/ -->\n<title>Gobiernos que reprimen la libertad de expresi\u00f3n en la marcha de Par\u00eds - Revista Rambla<\/title>\n<meta name=\"robots\" content=\"index, follow, max-snippet:-1, max-image-preview:large, max-video-preview:-1\" \/>\n<link rel=\"canonical\" href=\"https:\/\/www.revistarambla.com\/en\/gobiernos-que-reprimen-la-libertad-de-expresion-en-la-marcha-de-paris\/\" \/>\n<meta property=\"og:locale\" content=\"en_GB\" \/>\n<meta property=\"og:type\" content=\"article\" \/>\n<meta property=\"og:title\" content=\"Gobiernos que reprimen la libertad de expresi\u00f3n en la marcha de Par\u00eds - Revista Rambla\" \/>\n<meta property=\"og:description\" content=\"Reporteros Sin Fronteras (RSF) celebra que numerosos jefes de Estado y dirigentes pol\u00edticos extranjeros hayan participado en la marcha de Par\u00eds, el domingo 11 de enero, en homenaje a las v\u00edctimas de los atentados, pero expresa su indignaci\u00f3n por la presencia de representantes de pa\u00edses que reprimen la libertad de [&hellip;]\" \/>\n<meta property=\"og:url\" content=\"https:\/\/www.revistarambla.com\/en\/gobiernos-que-reprimen-la-libertad-de-expresion-en-la-marcha-de-paris\/\" \/>\n<meta property=\"og:site_name\" content=\"Revista Rambla\" \/>\n<meta property=\"article:publisher\" content=\"https:\/\/www.facebook.com\/revistarambla\/\" \/>\n<meta property=\"article:author\" content=\"https:\/\/www.facebook.com\/revistarambla\" \/>\n<meta property=\"article:published_time\" content=\"2015-01-13T06:57:08+00:00\" \/>\n<meta property=\"article:modified_time\" content=\"2025-08-10T14:12:52+00:00\" \/>\n<meta property=\"og:image\" content=\"https:\/\/www.revistarambla.com\/wp-content\/uploads\/2015\/01\/foto2.jpg\" \/>\n\t<meta property=\"og:image:width\" content=\"700\" \/>\n\t<meta property=\"og:image:height\" content=\"380\" \/>\n\t<meta property=\"og:image:type\" content=\"image\/jpeg\" \/>\n<meta name=\"author\" content=\"R@mbla\" \/>\n<meta name=\"twitter:card\" content=\"summary_large_image\" \/>\n<meta name=\"twitter:creator\" content=\"@revistarambla\" \/>\n<meta name=\"twitter:site\" content=\"@revistarambla\" \/>\n<meta name=\"twitter:label1\" content=\"Written by\" \/>\n\t<meta name=\"twitter:data1\" content=\"R@mbla\" \/>\n\t<meta name=\"twitter:label2\" content=\"Estimated reading time\" \/>\n\t<meta name=\"twitter:data2\" content=\"2 minutes\" \/>\n<script type=\"application\/ld+json\" class=\"yoast-schema-graph\">{\"@context\":\"https:\\\/\\\/schema.org\",\"@graph\":[{\"@type\":\"Article\",\"@id\":\"https:\\\/\\\/www.revistarambla.com\\\/gobiernos-que-reprimen-la-libertad-de-expresion-en-la-marcha-de-paris\\\/#article\",\"isPartOf\":{\"@id\":\"https:\\\/\\\/www.revistarambla.com\\\/gobiernos-que-reprimen-la-libertad-de-expresion-en-la-marcha-de-paris\\\/\"},\"author\":{\"name\":\"R@mbla\",\"@id\":\"https:\\\/\\\/www.revistarambla.com\\\/#\\\/schema\\\/person\\\/a146a5a2550b94981a75131180e1bd9c\"},\"headline\":\"Gobiernos que reprimen la libertad de expresi\u00f3n en la marcha de Par\u00eds\",\"datePublished\":\"2015-01-13T06:57:08+00:00\",\"dateModified\":\"2025-08-10T14:12:52+00:00\",\"mainEntityOfPage\":{\"@id\":\"https:\\\/\\\/www.revistarambla.com\\\/gobiernos-que-reprimen-la-libertad-de-expresion-en-la-marcha-de-paris\\\/\"},\"wordCount\":337,\"commentCount\":0,\"publisher\":{\"@id\":\"https:\\\/\\\/www.revistarambla.com\\\/#organization\"},\"image\":{\"@id\":\"https:\\\/\\\/www.revistarambla.com\\\/gobiernos-que-reprimen-la-libertad-de-expresion-en-la-marcha-de-paris\\\/#primaryimage\"},\"thumbnailUrl\":\"https:\\\/\\\/www.revistarambla.com\\\/wp-content\\\/uploads\\\/2015\\\/01\\\/foto2.jpg\",\"articleSection\":[\"Global\"],\"inLanguage\":\"en-GB\",\"potentialAction\":[{\"@type\":\"CommentAction\",\"name\":\"Comment\",\"target\":[\"https:\\\/\\\/www.revistarambla.com\\\/gobiernos-que-reprimen-la-libertad-de-expresion-en-la-marcha-de-paris\\\/#respond\"]}]},{\"@type\":\"WebPage\",\"@id\":\"https:\\\/\\\/www.revistarambla.com\\\/gobiernos-que-reprimen-la-libertad-de-expresion-en-la-marcha-de-paris\\\/\",\"url\":\"https:\\\/\\\/www.revistarambla.com\\\/gobiernos-que-reprimen-la-libertad-de-expresion-en-la-marcha-de-paris\\\/\",\"name\":\"Gobiernos que reprimen la libertad de expresi\u00f3n en la marcha de Par\u00eds - Revista Rambla\",\"isPartOf\":{\"@id\":\"https:\\\/\\\/www.revistarambla.com\\\/#website\"},\"primaryImageOfPage\":{\"@id\":\"https:\\\/\\\/www.revistarambla.com\\\/gobiernos-que-reprimen-la-libertad-de-expresion-en-la-marcha-de-paris\\\/#primaryimage\"},\"image\":{\"@id\":\"https:\\\/\\\/www.revistarambla.com\\\/gobiernos-que-reprimen-la-libertad-de-expresion-en-la-marcha-de-paris\\\/#primaryimage\"},\"thumbnailUrl\":\"https:\\\/\\\/www.revistarambla.com\\\/wp-content\\\/uploads\\\/2015\\\/01\\\/foto2.jpg\",\"datePublished\":\"2015-01-13T06:57:08+00:00\",\"dateModified\":\"2025-08-10T14:12:52+00:00\",\"breadcrumb\":{\"@id\":\"https:\\\/\\\/www.revistarambla.com\\\/gobiernos-que-reprimen-la-libertad-de-expresion-en-la-marcha-de-paris\\\/#breadcrumb\"},\"inLanguage\":\"en-GB\",\"potentialAction\":[{\"@type\":\"ReadAction\",\"target\":[\"https:\\\/\\\/www.revistarambla.com\\\/gobiernos-que-reprimen-la-libertad-de-expresion-en-la-marcha-de-paris\\\/\"]}]},{\"@type\":\"ImageObject\",\"inLanguage\":\"en-GB\",\"@id\":\"https:\\\/\\\/www.revistarambla.com\\\/gobiernos-que-reprimen-la-libertad-de-expresion-en-la-marcha-de-paris\\\/#primaryimage\",\"url\":\"https:\\\/\\\/www.revistarambla.com\\\/wp-content\\\/uploads\\\/2015\\\/01\\\/foto2.jpg\",\"contentUrl\":\"https:\\\/\\\/www.revistarambla.com\\\/wp-content\\\/uploads\\\/2015\\\/01\\\/foto2.jpg\",\"width\":700,\"height\":380,\"caption\":\"libertad de expresi\u00f3n paris\"},{\"@type\":\"BreadcrumbList\",\"@id\":\"https:\\\/\\\/www.revistarambla.com\\\/gobiernos-que-reprimen-la-libertad-de-expresion-en-la-marcha-de-paris\\\/#breadcrumb\",\"itemListElement\":[{\"@type\":\"ListItem\",\"position\":1,\"name\":\"Portada\",\"item\":\"https:\\\/\\\/www.revistarambla.com\\\/\"},{\"@type\":\"ListItem\",\"position\":2,\"name\":\"Gobiernos que reprimen la libertad de expresi\u00f3n en la marcha de Par\u00eds\"}]},{\"@type\":\"WebSite\",\"@id\":\"https:\\\/\\\/www.revistarambla.com\\\/#website\",\"url\":\"https:\\\/\\\/www.revistarambla.com\\\/\",\"name\":\"Revista Rambla Barcelona\",\"description\":\"Periodismo independiente\",\"publisher\":{\"@id\":\"https:\\\/\\\/www.revistarambla.com\\\/#organization\"},\"potentialAction\":[{\"@type\":\"SearchAction\",\"target\":{\"@type\":\"EntryPoint\",\"urlTemplate\":\"https:\\\/\\\/www.revistarambla.com\\\/?s={search_term_string}\"},\"query-input\":{\"@type\":\"PropertyValueSpecification\",\"valueRequired\":true,\"valueName\":\"search_term_string\"}}],\"inLanguage\":\"en-GB\"},{\"@type\":\"Organization\",\"@id\":\"https:\\\/\\\/www.revistarambla.com\\\/#organization\",\"name\":\"Revista Rambla\",\"url\":\"https:\\\/\\\/www.revistarambla.com\\\/\",\"logo\":{\"@type\":\"ImageObject\",\"inLanguage\":\"en-GB\",\"@id\":\"https:\\\/\\\/www.revistarambla.com\\\/#\\\/schema\\\/logo\\\/image\\\/\",\"url\":\"https:\\\/\\\/www.revistarambla.com\\\/wp-content\\\/uploads\\\/2020\\\/09\\\/banner_rambla_1900x600_BB.png\",\"contentUrl\":\"https:\\\/\\\/www.revistarambla.com\\\/wp-content\\\/uploads\\\/2020\\\/09\\\/banner_rambla_1900x600_BB.png\",\"width\":1900,\"height\":600,\"caption\":\"Revista Rambla\"},\"image\":{\"@id\":\"https:\\\/\\\/www.revistarambla.com\\\/#\\\/schema\\\/logo\\\/image\\\/\"},\"sameAs\":[\"https:\\\/\\\/www.facebook.com\\\/revistarambla\\\/\",\"https:\\\/\\\/x.com\\\/revistarambla\",\"https:\\\/\\\/www.instagram.com\\\/revista_rambla\",\"https:\\\/\\\/es.linkedin.com\\\/company\\\/revista-rambla\"]},{\"@type\":\"Person\",\"@id\":\"https:\\\/\\\/www.revistarambla.com\\\/#\\\/schema\\\/person\\\/a146a5a2550b94981a75131180e1bd9c\",\"name\":\"R@mbla\",\"description\":\"Este art\u00edculo ha sido redactado y\\\/o validado por el equipo de redacci\u00f3n de Revista Rambla.\",\"sameAs\":[\"https:\\\/\\\/www.revistarambla.com\\\/\",\"https:\\\/\\\/www.facebook.com\\\/revistarambla\",\"https:\\\/\\\/x.com\\\/revistarambla\"]}]}<\/script>\n<!-- \/ Yoast SEO plugin. -->","yoast_head_json":{"title":"Gobiernos que reprimen la libertad de expresi\u00f3n en la marcha de Par\u00eds - Revista Rambla","robots":{"index":"index","follow":"follow","max-snippet":"max-snippet:-1","max-image-preview":"max-image-preview:large","max-video-preview":"max-video-preview:-1"},"canonical":"https:\/\/www.revistarambla.com\/en\/gobiernos-que-reprimen-la-libertad-de-expresion-en-la-marcha-de-paris\/","og_locale":"en_GB","og_type":"article","og_title":"Gobiernos que reprimen la libertad de expresi\u00f3n en la marcha de Par\u00eds - Revista Rambla","og_description":"Reporteros Sin Fronteras (RSF) celebra que numerosos jefes de Estado y dirigentes pol\u00edticos extranjeros hayan participado en la marcha de Par\u00eds, el domingo 11 de enero, en homenaje a las v\u00edctimas de los atentados, pero expresa su indignaci\u00f3n por la presencia de representantes de pa\u00edses que reprimen la libertad de [&hellip;]","og_url":"https:\/\/www.revistarambla.com\/en\/gobiernos-que-reprimen-la-libertad-de-expresion-en-la-marcha-de-paris\/","og_site_name":"Revista Rambla","article_publisher":"https:\/\/www.facebook.com\/revistarambla\/","article_author":"https:\/\/www.facebook.com\/revistarambla","article_published_time":"2015-01-13T06:57:08+00:00","article_modified_time":"2025-08-10T14:12:52+00:00","og_image":[{"width":700,"height":380,"url":"https:\/\/www.revistarambla.com\/wp-content\/uploads\/2015\/01\/foto2.jpg","type":"image\/jpeg"}],"author":"R@mbla","twitter_card":"summary_large_image","twitter_creator":"@revistarambla","twitter_site":"@revistarambla","twitter_misc":{"Written by":"R@mbla","Estimated reading time":"2 minutes"},"schema":{"@context":"https:\/\/schema.org","@graph":[{"@type":"Article","@id":"https:\/\/www.revistarambla.com\/gobiernos-que-reprimen-la-libertad-de-expresion-en-la-marcha-de-paris\/#article","isPartOf":{"@id":"https:\/\/www.revistarambla.com\/gobiernos-que-reprimen-la-libertad-de-expresion-en-la-marcha-de-paris\/"},"author":{"name":"R@mbla","@id":"https:\/\/www.revistarambla.com\/#\/schema\/person\/a146a5a2550b94981a75131180e1bd9c"},"headline":"Gobiernos que reprimen la libertad de expresi\u00f3n en la marcha de Par\u00eds","datePublished":"2015-01-13T06:57:08+00:00","dateModified":"2025-08-10T14:12:52+00:00","mainEntityOfPage":{"@id":"https:\/\/www.revistarambla.com\/gobiernos-que-reprimen-la-libertad-de-expresion-en-la-marcha-de-paris\/"},"wordCount":337,"commentCount":0,"publisher":{"@id":"https:\/\/www.revistarambla.com\/#organization"},"image":{"@id":"https:\/\/www.revistarambla.com\/gobiernos-que-reprimen-la-libertad-de-expresion-en-la-marcha-de-paris\/#primaryimage"},"thumbnailUrl":"https:\/\/www.revistarambla.com\/wp-content\/uploads\/2015\/01\/foto2.jpg","articleSection":["Global"],"inLanguage":"en-GB","potentialAction":[{"@type":"CommentAction","name":"Comment","target":["https:\/\/www.revistarambla.com\/gobiernos-que-reprimen-la-libertad-de-expresion-en-la-marcha-de-paris\/#respond"]}]},{"@type":"WebPage","@id":"https:\/\/www.revistarambla.com\/gobiernos-que-reprimen-la-libertad-de-expresion-en-la-marcha-de-paris\/","url":"https:\/\/www.revistarambla.com\/gobiernos-que-reprimen-la-libertad-de-expresion-en-la-marcha-de-paris\/","name":"Gobiernos que reprimen la libertad de expresi\u00f3n en la marcha de Par\u00eds - Revista Rambla","isPartOf":{"@id":"https:\/\/www.revistarambla.com\/#website"},"primaryImageOfPage":{"@id":"https:\/\/www.revistarambla.com\/gobiernos-que-reprimen-la-libertad-de-expresion-en-la-marcha-de-paris\/#primaryimage"},"image":{"@id":"https:\/\/www.revistarambla.com\/gobiernos-que-reprimen-la-libertad-de-expresion-en-la-marcha-de-paris\/#primaryimage"},"thumbnailUrl":"https:\/\/www.revistarambla.com\/wp-content\/uploads\/2015\/01\/foto2.jpg","datePublished":"2015-01-13T06:57:08+00:00","dateModified":"2025-08-10T14:12:52+00:00","breadcrumb":{"@id":"https:\/\/www.revistarambla.com\/gobiernos-que-reprimen-la-libertad-de-expresion-en-la-marcha-de-paris\/#breadcrumb"},"inLanguage":"en-GB","potentialAction":[{"@type":"ReadAction","target":["https:\/\/www.revistarambla.com\/gobiernos-que-reprimen-la-libertad-de-expresion-en-la-marcha-de-paris\/"]}]},{"@type":"ImageObject","inLanguage":"en-GB","@id":"https:\/\/www.revistarambla.com\/gobiernos-que-reprimen-la-libertad-de-expresion-en-la-marcha-de-paris\/#primaryimage","url":"https:\/\/www.revistarambla.com\/wp-content\/uploads\/2015\/01\/foto2.jpg","contentUrl":"https:\/\/www.revistarambla.com\/wp-content\/uploads\/2015\/01\/foto2.jpg","width":700,"height":380,"caption":"libertad de expresi\u00f3n paris"},{"@type":"BreadcrumbList","@id":"https:\/\/www.revistarambla.com\/gobiernos-que-reprimen-la-libertad-de-expresion-en-la-marcha-de-paris\/#breadcrumb","itemListElement":[{"@type":"ListItem","position":1,"name":"Portada","item":"https:\/\/www.revistarambla.com\/"},{"@type":"ListItem","position":2,"name":"Gobiernos que reprimen la libertad de expresi\u00f3n en la marcha de Par\u00eds"}]},{"@type":"WebSite","@id":"https:\/\/www.revistarambla.com\/#website","url":"https:\/\/www.revistarambla.com\/","name":"Revista Rambla Barcelona","description":"Periodismo independiente","publisher":{"@id":"https:\/\/www.revistarambla.com\/#organization"},"potentialAction":[{"@type":"SearchAction","target":{"@type":"EntryPoint","urlTemplate":"https:\/\/www.revistarambla.com\/?s={search_term_string}"},"query-input":{"@type":"PropertyValueSpecification","valueRequired":true,"valueName":"search_term_string"}}],"inLanguage":"en-GB"},{"@type":"Organization","@id":"https:\/\/www.revistarambla.com\/#organization","name":"Revista Rambla","url":"https:\/\/www.revistarambla.com\/","logo":{"@type":"ImageObject","inLanguage":"en-GB","@id":"https:\/\/www.revistarambla.com\/#\/schema\/logo\/image\/","url":"https:\/\/www.revistarambla.com\/wp-content\/uploads\/2020\/09\/banner_rambla_1900x600_BB.png","contentUrl":"https:\/\/www.revistarambla.com\/wp-content\/uploads\/2020\/09\/banner_rambla_1900x600_BB.png","width":1900,"height":600,"caption":"Revista Rambla"},"image":{"@id":"https:\/\/www.revistarambla.com\/#\/schema\/logo\/image\/"},"sameAs":["https:\/\/www.facebook.com\/revistarambla\/","https:\/\/x.com\/revistarambla","https:\/\/www.instagram.com\/revista_rambla","https:\/\/es.linkedin.com\/company\/revista-rambla"]},{"@type":"Person","@id":"https:\/\/www.revistarambla.com\/#\/schema\/person\/a146a5a2550b94981a75131180e1bd9c","name":"R@mbla","description":"Este art\u00edculo ha sido redactado y\/o validado por el equipo de redacci\u00f3n de Revista Rambla.","sameAs":["https:\/\/www.revistarambla.com\/","https:\/\/www.facebook.com\/revistarambla","https:\/\/x.com\/revistarambla"]}]}},"_links":{"self":[{"href":"https:\/\/www.revistarambla.com\/en\/wp-json\/wp\/v2\/posts\/6674","targetHints":{"allow":["GET"]}}],"collection":[{"href":"https:\/\/www.revistarambla.com\/en\/wp-json\/wp\/v2\/posts"}],"about":[{"href":"https:\/\/www.revistarambla.com\/en\/wp-json\/wp\/v2\/types\/post"}],"author":[{"embeddable":true,"href":"https:\/\/www.revistarambla.com\/en\/wp-json\/wp\/v2\/users\/3"}],"replies":[{"embeddable":true,"href":"https:\/\/www.revistarambla.com\/en\/wp-json\/wp\/v2\/comments?post=6674"}],"version-history":[{"count":2,"href":"https:\/\/www.revistarambla.com\/en\/wp-json\/wp\/v2\/posts\/6674\/revisions"}],"predecessor-version":[{"id":66051,"href":"https:\/\/www.revistarambla.com\/en\/wp-json\/wp\/v2\/posts\/6674\/revisions\/66051"}],"wp:featuredmedia":[{"embeddable":true,"href":"https:\/\/www.revistarambla.com\/en\/wp-json\/wp\/v2\/media\/6673"}],"wp:attachment":[{"href":"https:\/\/www.revistarambla.com\/en\/wp-json\/wp\/v2\/media?parent=6674"}],"wp:term":[{"taxonomy":"category","embeddable":true,"href":"https:\/\/www.revistarambla.com\/en\/wp-json\/wp\/v2\/categories?post=6674"},{"taxonomy":"post_tag","embeddable":true,"href":"https:\/\/www.revistarambla.com\/en\/wp-json\/wp\/v2\/tags?post=6674"}],"curies":[{"name":"wp","href":"https:\/\/api.w.org\/{rel}","templated":true}]}}