{"id":66729,"date":"2025-09-26T20:43:43","date_gmt":"2025-09-26T18:43:43","guid":{"rendered":"https:\/\/www.revistarambla.com\/?p=66729"},"modified":"2025-09-28T12:18:49","modified_gmt":"2025-09-28T10:18:49","slug":"los-andaluces-tienen-perro-y-van-al-gimnasio-gracias-al-dinero-de-los-catalanes","status":"publish","type":"post","link":"https:\/\/www.revistarambla.com\/en\/los-andaluces-tienen-perro-y-van-al-gimnasio-gracias-al-dinero-de-los-catalanes\/","title":{"rendered":"\u00abLos andaluces tienen perro y van al gimnasio gracias al dinero de los catalanes\u00bb"},"content":{"rendered":"<p>En las vol\u00e1tiles aguas de la pol\u00edtica catalana, donde el independentismo se reinventa entre pactos clandestinos y demandas perentorias, una frase ha irrumpido como un ob\u00fas<!--more-->: \u00abCon el dinero de los catalanes, los andaluces subvencionan el gimnasio y el perro de compa\u00f1\u00eda\u00bb. Pronunciada por Jordi Turull, secretario general de Junts per Catalunya (JxCat), durante una intervenci\u00f3n en el programa <em>Caf\u00e8 d&#8217;Idees<\/em>\u00a0de RTVE el 26 de septiembre de 2025, esta declaraci\u00f3n no es solo un exabrupto ret\u00f3rico. Es un destilado de frustraci\u00f3n acumulada, un revulsivo calculado para reavivar el debate sobre el \u00abespoli fiscal\u00bb y un dardo envenenado que ha herido la fr\u00e1gil cohesi\u00f3n territorial de Espa\u00f1a. En un momento en que el Gobierno de Pedro S\u00e1nchez negocia en la penumbra con los postconvergentes para blindar su investidura, Turull ha optado por la confrontaci\u00f3n abierta, vinculando la financiaci\u00f3n auton\u00f3mica con el controvertido reto migratorio. \u00bfEs esta la nueva t\u00e1ctica de un Junts en busca de ox\u00edgeno electoral, o el preludio de una crisis que podr\u00eda desestabilizar el delicado equilibrio presupuestario nacional? Este reportaje desentra\u00f1a las capas de un conflicto que trasciende la an\u00e9cdota y toca las fibras de la solidaridad interterritorial.<\/p>\n<p>Jordi Turull i Negre, nacido en Parets del Vall\u00e8s (Barcelona) en 1966, no es un novato en el arte de la provocaci\u00f3n pol\u00edtica. Abogado de formaci\u00f3n y militante de Converg\u00e8ncia i Uni\u00f3 (CiU) desde los a\u00f1os ochenta, Turull encarna la metamorfosis del pujolismo: de pragm\u00e1tico gestor a m\u00e1rtir independentista. Diputado en el Parlament de Catalunya entre 2004 y 2018, presidi\u00f3 el grupo parlamentario Junts pel S\u00ed durante la legislatura de la DUI (Declaraci\u00f3n Unilateral de Independencia) en 2017. Su trayectoria incluye sombras: investigado en el caso del 3% por presuntas comisiones ilegales en adjudicaciones p\u00fablicas, un esc\u00e1ndalo que empa\u00f1\u00f3 a CiU en sus \u00faltimos estertores. Pero su bautismo de fuego lleg\u00f3 en marzo de 2018, cuando el Tribunal Supremo lo conden\u00f3 a doce a\u00f1os de prisi\u00f3n por sedici\u00f3n y malversaci\u00f3n en el proc\u00e9s. Encerrado en Lledoners, Turull se convirti\u00f3 en s\u00edmbolo de la represi\u00f3n estatal, hasta que los indultos parciales de S\u00e1nchez en 2021 lo liberaron, aunque con restricciones. Hoy, como secretario general de Junts desde 2023 \u2013sucesor de un Carles Puigdemont exiliado y err\u00e1tico\u2013, Turull lidera un partido que oscila entre el europe\u00edsmo cosmopolita y un giro antimigratorio que huele a la ret\u00f3rica de Alian\u00e7a Catalana, la formaci\u00f3n ultra de S\u00edlvia Orriols. Su declaraci\u00f3n no surge de la nada: llega tras el fracaso en el Congreso de la transferencia de competencias migratorias a la Generalitat, un caballo de Troya independentista para \u00abregular\u00bb el flujo de llegadas irregulares, que Junts atribuye a un \u00abcolapso\u00bb orquestado por Madrid para asfixiar Catalu\u00f1a financieramente.<\/p>\n<p>El n\u00facleo de la afrenta radica en el modelo de financiaci\u00f3n auton\u00f3mica, ese laberinto normativo heredado de la Ley Org\u00e1nica de 2009 y pendiente de reforma desde hace una d\u00e9cada. Turull no se limit\u00f3 a la pulla andalus\u00ed; extendi\u00f3 su lamento: \u00abMientras aqu\u00ed no le podemos dar ayudas a la beca de comedor o a la dependencia a alguna gente de la clase media trabajadora que es financiadora del Estado de bienestar\u00bb. En su visi\u00f3n, el \u00abcuerpo ha crecido y el vestido es el mismo\u00bb: Catalu\u00f1a, con un PIB per c\u00e1pita de 36.628 euros en 2023 \u2013frente a los 23.218 de Andaluc\u00eda\u2013, act\u00faa como contribuyente neto, transfiriendo recursos que Sevilla malgasta en \u00ablujos\u00bb como deducciones fiscales por cuotas de gimnasio (hasta 100 euros anuales) o gastos veterinarios en mascotas (hasta 150 euros), medidas anunciadas por la Junta de Andaluc\u00eda en su presupuesto de 2025 para paliar la inflaci\u00f3n postpand\u00e9mica. Estas bonificaciones, que benefician a unas 500.000 familias andaluzas seg\u00fan estimaciones de la Consejer\u00eda de Hacienda, se financian en parte con fondos del Fondo de Garant\u00eda de Servicios P\u00fablicos Fundamentales (FGSPF), alimentado por las cuotas de solidaridad de regiones ricas como Catalu\u00f1a y Madrid.<\/p>\n<p>Para contextualizar la magnitud del desequilibrio, basta recurrir a los datos del Ministerio de Hacienda. En 2023, el balance fiscal de Catalu\u00f1a registr\u00f3 un d\u00e9ficit del 8,5% de su PIB: unos 22.000 millones de euros transferidos al Estado central, que a su vez redistribuye v\u00eda entregas a cuenta y fondos de compensaci\u00f3n. Andaluc\u00eda, por el contrario, es receptora neta: recibi\u00f3 14.800 millones en transferencias no financieras, equivalentes al 7,4% de su PIB, lo que la sit\u00faa como la segunda comunidad m\u00e1s beneficiada tras Extremadura. Este mecanismo, dise\u00f1ado para mitigar desigualdades hist\u00f3ricas \u2013Andaluc\u00eda arrastra un PIB per c\u00e1pita un 37% inferior al catal\u00e1n desde la Transici\u00f3n\u2013, es calificado por Turull como \u00abespoli\u00bb: Catalu\u00f1a aporta el 19,4% del IRPF nacional pero recibe solo el 15,8% en retorno, seg\u00fan el Institut d&#8217;Estad\u00edstica de Catalunya (Idescat). Cr\u00edticos como el economista Xavier Cuadras, asesor de ERC, argumentan que este flujo no solo financia infraestructuras sure\u00f1as \u2013el AVE a M\u00e1laga o el hospital de alta resoluci\u00f3n en C\u00f3rdoba\u2013, sino que subsidia pol\u00edticas populistas que erosionan la base imponible com\u00fan. En 2024, con un crecimiento andaluz del 3,5% impulsado por el turismo y la agroindustria, la Junta ha ampliado deducciones por alquiler (hasta 300 euros para j\u00f3venes) y actividades deportivas, medidas que, en palabras de Turull, \u00abcolapsan\u00bb los servicios catalanes como residencias de ancianos o becas escolares, donde las listas de espera superan las 50.000 personas.<\/p>\n<p>La reacci\u00f3n ha sido un torbellino de indignaci\u00f3n, amplificado por las redes sociales y los pasillos del Congreso. Desde Andaluc\u00eda, el frente ha sido un\u00e1nime. Juanma Moreno Bonilla, presidente de la Junta y l\u00edder del PP andaluz, respondi\u00f3 en X (antiguo Twitter) con sorna y desaf\u00edo: \u00abSiempre la misma cantinela: atacar a Andaluc\u00eda y mirarnos por encima del hombro. Exijo respeto y espero que el Gobierno de Espa\u00f1a se sume a defender la dignidad de Andaluc\u00eda. Adem\u00e1s, ya anuncio que habr\u00e1 otra deducci\u00f3n fiscal. Lo siento, independentistas\u00bb. Su portavoz, Carolina Espa\u00f1a, elev\u00f3 el tono en rueda de prensa: \u00abYa est\u00e1 bien de que nos miren por encima del hombro. Lo que ocurre es que ya Catalu\u00f1a ha empezado a ver a Andaluc\u00eda como una amenaza\u00bb, reclamando disculpas p\u00fablicas de la vicepresidenta Mar\u00eda Jes\u00fas Montero, candidata socialista a la Junta. Montero, fiel a su estilo templado pero firme, replic\u00f3 en la misma plataforma: \u00abLos andaluces no viven de las subvenciones de nadie. Ni cuando lo dijo Esperanza Aguirre ni ahora cuando lo dice Turull. Ni a unos ni a otros se lo vamos a permitir\u00bb. Esta defensa trasciende partidos: incluso Vox, a trav\u00e9s de su portavoz Roc\u00edo Monasterio, ha calificado las palabras de Turull como \u00abandalusofobia supremacista\u00bb, un eco de la ret\u00f3rica antiindependentista que resucita fantasmas de la Espa\u00f1a de los dos velocidades.<\/p>\n<p>En las redes, el pulso ha sido visceral. Un post de Ram\u00f3n Rouco, tuitero conservador con 50.000 seguidores, acumul\u00f3 162 likes en horas: \u00abJordi Turull condenado a 12 a\u00f1os de c\u00e1rcel por sedici\u00f3n y malversaci\u00f3n y liberado por S\u00e1nchez dice: &#8216;con el dinero de los catalanes, los andaluces subvencionan el gimnasio y el perro de compa\u00f1\u00eda&#8217;. L\u00e1vate la boca mierdecilla y no mientas @jorditurull\u00bb, acompa\u00f1ado de un v\u00eddeo del proc\u00e9s. Guaje Salvaje, un usuario catal\u00e1n no independentista, viraliz\u00f3 un clip con 746 likes: \u00abAndaluzofobia del se\u00f1orito catal\u00e0 desde tiempos de Jordi Pujol. &#8216;Espa\u00f1a nos roba&#8217; mientras los lazis despilfarran en el proc\u00e9s\u00bb. Incluso I\u00f1aki L\u00f3pez, presentador de <em>M\u00e1s Vale Tarde<\/em>, intervino con 420 interacciones: \u00ab\u201cLos andaluces se pagan el gimnasio y el perro de compa\u00f1\u00eda gracias a los catalanes\u201d. Jordi Turull hoy en un ejercicio de intolerancia y supremacismo\u00bb. En el otro flanco, simpatizantes de Junts defienden la \u00abverdad inc\u00f3moda\u00bb: un tuit de Duray argumenta que \u00abJordi Turull tiene raz\u00f3n al criticar las deducciones fiscales&#8230; \u00bfTiene sentido que esta regi\u00f3n reciba subvenciones de otras CCAA y se utilicen en cubrir esos gastos?\u00bb. El debate en X, con m\u00e1s de 20.000 menciones en las \u00faltimas 24 horas, ilustra una polarizaci\u00f3n que trasciende lo fiscal: es un choque cultural, donde el catalanismo elitista choca con el andalucismo resiliente.<\/p>\n<p>M\u00e1s all\u00e1 de la bronca inmediata, las implicaciones de las palabras de Turull son profundas y multifac\u00e9ticas. Estrat\u00e9gicamente, Junts busca erosionar al PSOE en su flanco sur: con Montero como candidata en Andaluc\u00eda \u2013donde las encuestas dan al PSOE un 35% frente al 40% del PP\u2013, vincular las transferencias con \u00absubvenciones fr\u00edvolas\u00bb podr\u00eda galvanizar el voto castigado en las generales de 2023. Pol\u00edticamente, refuerza la narrativa puigdemontista de un Estado \u00absaboteador\u00bb: el exiliado l\u00edder insiste en que Madrid \u00abimpide regular la inmigraci\u00f3n para colapsar Catalu\u00f1a\u00bb, una tesis que alinea a Junts con el ascenso de la extrema derecha local, como Orriols, cuya Alian\u00e7a Catalana roza el 5% en sondeos barceloneses. Econ\u00f3micamente, el pulso acelera la demanda de un \u00abconcierto econ\u00f3mico\u00bb al estilo vasco-navarro, donde Catalu\u00f1a recaudar\u00eda el 100% de sus impuestos y ceder\u00eda una cuota fija a Madrid. Expertos como el catedr\u00e1tico de Hacienda P\u00fablica Josep Maria Dur\u00e0 i Balaguer advierten de riesgos: \u00abUn concierto fragmentar\u00eda el mercado interior, agravando desigualdades y exponiendo a regiones como Andaluc\u00eda a recortes dr\u00e1sticos en sanidad y educaci\u00f3n, que dependen en un 80% de fondos estatales\u00bb. En un 2025 marcado por la deuda auton\u00f3mica \u2013Catalu\u00f1a al 40% de su PIB, Andaluc\u00eda al 28%\u2013, esta ofensiva podr\u00eda precipitar una reforma expr\u00e9s del sistema, pero a costa de tensiones que recuerdan al 155 de 2017.<\/p>\n<p>En el panorama m\u00e1s amplio, el estallido turulliano expone las grietas de una Espa\u00f1a posconstitucional: un pa\u00eds donde la solidaridad interterritorial, pilar del art\u00edculo 2 de la Carta Magna, se percibe como carga en el norte y limosna en el sur. Andaluc\u00eda, con 8,4 millones de habitantes y un paro juvenil del 28%, no es solo receptora pasiva; su econom\u00eda, impulsada por el olivar, el sol y la industria aeron\u00e1utica de C\u00e1diz, genera un super\u00e1vit comercial de 5.000 millones anuales. Catalu\u00f1a, motor industrial con un 20% del export nacional, sufre la presi\u00f3n fiscal m\u00e1s alta (45% del PIB), pero tambi\u00e9n despilfarros pasados en embajadas proc\u00e9s o el aeropuerto de Barcelona. Turull, al humanizar el agravio con im\u00e1genes cotidianas \u2013el gimnasio como s\u00edmbolo de ocio, el perro como capricho\u2013, toca una vena populista que resuena en un electorado catal\u00e1n harto de listas de espera y colas en comedores escolares.<\/p>\n<p>\u00bfHacia d\u00f3nde nos lleva esto? Si el Gobierno cede a las demandas de Junts \u2013reuniones \u00abclandestinas\u00bb ya en marcha en Waterloo\u2013, podr\u00eda abrir la caja de Pandora: Valencia y Baleares claman por su \u00abespoli\u00bb, mientras Galicia y el Pa\u00eds Vasco observan con recelo. En Andaluc\u00eda, Moreno podr\u00eda capitalizar la ofensa para un \u00abefecto rebote\u00bb, fortaleciendo su mayor\u00eda absoluta en 2026. Turull, por su parte, ha inyectado adrenalina a un Junts lastrado por el 7,7% en las europeas de junio. Pero en esta guerra de percepciones, el perdedor podr\u00eda ser la idea misma de Espa\u00f1a: un Estado plurinacional donde el dinero de unos no compre el resentimiento de otros.<\/p>\n<p>En \u00faltima instancia, las palabras de Turull no son solo un insulto al sur; son un espejo roto que refleja la incompletud de nuestra arquitectura territorial. Mientras el debate se enquista en tuits y titulares, urge una reforma valiente: un fondo de convergencia transparente, con condicionalidad en eficiencia y no en ideolog\u00eda. De lo contrario, el gimnasio subvencionado y el perro de compa\u00f1\u00eda no ser\u00e1n m\u00e1s que chivos expiatorios de un mal mayor: la deriva hacia dos Espa\u00f1a irreconciliables.<\/p>","protected":false},"excerpt":{"rendered":"<p>El eco de un agravio: Turull y la fractura fiscal que envenena el sur-norte espa\u00f1ol<\/p>","protected":false},"author":3,"featured_media":57269,"comment_status":"closed","ping_status":"closed","sticky":false,"template":"","format":"standard","meta":{"footnotes":""},"categories":[59],"tags":[],"class_list":["post-66729","post","type-post","status-publish","format-standard","has-post-thumbnail","hentry","category-catalunya"],"yoast_head":"<!-- This site is optimized with the Yoast SEO plugin v27.5 - https:\/\/yoast.com\/product\/yoast-seo-wordpress\/ -->\n<title>&quot;Los andaluces tienen perro y van al gimnasio gracias al dinero de los catalanes&quot; - Revista Rambla<\/title>\n<meta name=\"robots\" content=\"index, follow, max-snippet:-1, max-image-preview:large, max-video-preview:-1\" \/>\n<link rel=\"canonical\" href=\"https:\/\/www.revistarambla.com\/en\/los-andaluces-tienen-perro-y-van-al-gimnasio-gracias-al-dinero-de-los-catalanes\/\" \/>\n<meta property=\"og:locale\" content=\"en_GB\" \/>\n<meta property=\"og:type\" content=\"article\" \/>\n<meta property=\"og:title\" content=\"&quot;Los andaluces tienen perro y van al gimnasio gracias al dinero de los catalanes&quot; - Revista Rambla\" \/>\n<meta property=\"og:description\" content=\"El eco de un agravio: Turull y la fractura fiscal que envenena el sur-norte espa\u00f1ol\" \/>\n<meta property=\"og:url\" content=\"https:\/\/www.revistarambla.com\/en\/los-andaluces-tienen-perro-y-van-al-gimnasio-gracias-al-dinero-de-los-catalanes\/\" \/>\n<meta property=\"og:site_name\" content=\"Revista Rambla\" \/>\n<meta property=\"article:publisher\" content=\"https:\/\/www.facebook.com\/revistarambla\/\" \/>\n<meta property=\"article:author\" content=\"https:\/\/www.facebook.com\/revistarambla\" \/>\n<meta property=\"article:published_time\" content=\"2025-09-26T18:43:43+00:00\" \/>\n<meta property=\"article:modified_time\" content=\"2025-09-28T10:18:49+00:00\" \/>\n<meta property=\"og:image\" content=\"https:\/\/www.revistarambla.com\/wp-content\/uploads\/2023\/11\/nogueras-puigdemont-i-turull.jpg\" \/>\n\t<meta property=\"og:image:width\" content=\"1200\" \/>\n\t<meta property=\"og:image:height\" content=\"811\" \/>\n\t<meta property=\"og:image:type\" content=\"image\/jpeg\" \/>\n<meta name=\"author\" content=\"R@mbla\" \/>\n<meta name=\"twitter:card\" content=\"summary_large_image\" \/>\n<meta name=\"twitter:creator\" content=\"@revistarambla\" \/>\n<meta name=\"twitter:site\" content=\"@revistarambla\" \/>\n<meta name=\"twitter:label1\" content=\"Written by\" \/>\n\t<meta name=\"twitter:data1\" content=\"R@mbla\" \/>\n\t<meta name=\"twitter:label2\" content=\"Estimated reading time\" \/>\n\t<meta name=\"twitter:data2\" content=\"9 minutes\" \/>\n<script type=\"application\/ld+json\" class=\"yoast-schema-graph\">{\"@context\":\"https:\\\/\\\/schema.org\",\"@graph\":[{\"@type\":\"Article\",\"@id\":\"https:\\\/\\\/www.revistarambla.com\\\/los-andaluces-tienen-perro-y-van-al-gimnasio-gracias-al-dinero-de-los-catalanes\\\/#article\",\"isPartOf\":{\"@id\":\"https:\\\/\\\/www.revistarambla.com\\\/los-andaluces-tienen-perro-y-van-al-gimnasio-gracias-al-dinero-de-los-catalanes\\\/\"},\"author\":{\"name\":\"R@mbla\",\"@id\":\"https:\\\/\\\/www.revistarambla.com\\\/#\\\/schema\\\/person\\\/a146a5a2550b94981a75131180e1bd9c\"},\"headline\":\"\u00abLos andaluces tienen perro y van al gimnasio gracias al dinero de los catalanes\u00bb\",\"datePublished\":\"2025-09-26T18:43:43+00:00\",\"dateModified\":\"2025-09-28T10:18:49+00:00\",\"mainEntityOfPage\":{\"@id\":\"https:\\\/\\\/www.revistarambla.com\\\/los-andaluces-tienen-perro-y-van-al-gimnasio-gracias-al-dinero-de-los-catalanes\\\/\"},\"wordCount\":2007,\"publisher\":{\"@id\":\"https:\\\/\\\/www.revistarambla.com\\\/#organization\"},\"image\":{\"@id\":\"https:\\\/\\\/www.revistarambla.com\\\/los-andaluces-tienen-perro-y-van-al-gimnasio-gracias-al-dinero-de-los-catalanes\\\/#primaryimage\"},\"thumbnailUrl\":\"https:\\\/\\\/www.revistarambla.com\\\/wp-content\\\/uploads\\\/2023\\\/11\\\/nogueras-puigdemont-i-turull.jpg\",\"articleSection\":[\"Catalunya\"],\"inLanguage\":\"en-GB\"},{\"@type\":\"WebPage\",\"@id\":\"https:\\\/\\\/www.revistarambla.com\\\/los-andaluces-tienen-perro-y-van-al-gimnasio-gracias-al-dinero-de-los-catalanes\\\/\",\"url\":\"https:\\\/\\\/www.revistarambla.com\\\/los-andaluces-tienen-perro-y-van-al-gimnasio-gracias-al-dinero-de-los-catalanes\\\/\",\"name\":\"\\\"Los andaluces tienen perro y van al gimnasio gracias al dinero de los catalanes\\\" - Revista Rambla\",\"isPartOf\":{\"@id\":\"https:\\\/\\\/www.revistarambla.com\\\/#website\"},\"primaryImageOfPage\":{\"@id\":\"https:\\\/\\\/www.revistarambla.com\\\/los-andaluces-tienen-perro-y-van-al-gimnasio-gracias-al-dinero-de-los-catalanes\\\/#primaryimage\"},\"image\":{\"@id\":\"https:\\\/\\\/www.revistarambla.com\\\/los-andaluces-tienen-perro-y-van-al-gimnasio-gracias-al-dinero-de-los-catalanes\\\/#primaryimage\"},\"thumbnailUrl\":\"https:\\\/\\\/www.revistarambla.com\\\/wp-content\\\/uploads\\\/2023\\\/11\\\/nogueras-puigdemont-i-turull.jpg\",\"datePublished\":\"2025-09-26T18:43:43+00:00\",\"dateModified\":\"2025-09-28T10:18:49+00:00\",\"breadcrumb\":{\"@id\":\"https:\\\/\\\/www.revistarambla.com\\\/los-andaluces-tienen-perro-y-van-al-gimnasio-gracias-al-dinero-de-los-catalanes\\\/#breadcrumb\"},\"inLanguage\":\"en-GB\",\"potentialAction\":[{\"@type\":\"ReadAction\",\"target\":[\"https:\\\/\\\/www.revistarambla.com\\\/los-andaluces-tienen-perro-y-van-al-gimnasio-gracias-al-dinero-de-los-catalanes\\\/\"]}]},{\"@type\":\"ImageObject\",\"inLanguage\":\"en-GB\",\"@id\":\"https:\\\/\\\/www.revistarambla.com\\\/los-andaluces-tienen-perro-y-van-al-gimnasio-gracias-al-dinero-de-los-catalanes\\\/#primaryimage\",\"url\":\"https:\\\/\\\/www.revistarambla.com\\\/wp-content\\\/uploads\\\/2023\\\/11\\\/nogueras-puigdemont-i-turull.jpg\",\"contentUrl\":\"https:\\\/\\\/www.revistarambla.com\\\/wp-content\\\/uploads\\\/2023\\\/11\\\/nogueras-puigdemont-i-turull.jpg\",\"width\":1200,\"height\":811,\"caption\":\"Junts gobierno opera bufa acuerdo en inmigraci\u00f3n turull andaluces\"},{\"@type\":\"BreadcrumbList\",\"@id\":\"https:\\\/\\\/www.revistarambla.com\\\/los-andaluces-tienen-perro-y-van-al-gimnasio-gracias-al-dinero-de-los-catalanes\\\/#breadcrumb\",\"itemListElement\":[{\"@type\":\"ListItem\",\"position\":1,\"name\":\"Portada\",\"item\":\"https:\\\/\\\/www.revistarambla.com\\\/\"},{\"@type\":\"ListItem\",\"position\":2,\"name\":\"\u00abLos andaluces tienen perro y van al gimnasio gracias al dinero de los catalanes\u00bb\"}]},{\"@type\":\"WebSite\",\"@id\":\"https:\\\/\\\/www.revistarambla.com\\\/#website\",\"url\":\"https:\\\/\\\/www.revistarambla.com\\\/\",\"name\":\"Revista Rambla Barcelona\",\"description\":\"Periodismo independiente\",\"publisher\":{\"@id\":\"https:\\\/\\\/www.revistarambla.com\\\/#organization\"},\"potentialAction\":[{\"@type\":\"SearchAction\",\"target\":{\"@type\":\"EntryPoint\",\"urlTemplate\":\"https:\\\/\\\/www.revistarambla.com\\\/?s={search_term_string}\"},\"query-input\":{\"@type\":\"PropertyValueSpecification\",\"valueRequired\":true,\"valueName\":\"search_term_string\"}}],\"inLanguage\":\"en-GB\"},{\"@type\":\"Organization\",\"@id\":\"https:\\\/\\\/www.revistarambla.com\\\/#organization\",\"name\":\"Revista Rambla\",\"url\":\"https:\\\/\\\/www.revistarambla.com\\\/\",\"logo\":{\"@type\":\"ImageObject\",\"inLanguage\":\"en-GB\",\"@id\":\"https:\\\/\\\/www.revistarambla.com\\\/#\\\/schema\\\/logo\\\/image\\\/\",\"url\":\"https:\\\/\\\/www.revistarambla.com\\\/wp-content\\\/uploads\\\/2020\\\/09\\\/banner_rambla_1900x600_BB.png\",\"contentUrl\":\"https:\\\/\\\/www.revistarambla.com\\\/wp-content\\\/uploads\\\/2020\\\/09\\\/banner_rambla_1900x600_BB.png\",\"width\":1900,\"height\":600,\"caption\":\"Revista Rambla\"},\"image\":{\"@id\":\"https:\\\/\\\/www.revistarambla.com\\\/#\\\/schema\\\/logo\\\/image\\\/\"},\"sameAs\":[\"https:\\\/\\\/www.facebook.com\\\/revistarambla\\\/\",\"https:\\\/\\\/x.com\\\/revistarambla\",\"https:\\\/\\\/www.instagram.com\\\/revista_rambla\",\"https:\\\/\\\/es.linkedin.com\\\/company\\\/revista-rambla\"]},{\"@type\":\"Person\",\"@id\":\"https:\\\/\\\/www.revistarambla.com\\\/#\\\/schema\\\/person\\\/a146a5a2550b94981a75131180e1bd9c\",\"name\":\"R@mbla\",\"description\":\"Este art\u00edculo ha sido redactado y\\\/o validado por el equipo de redacci\u00f3n de Revista Rambla.\",\"sameAs\":[\"https:\\\/\\\/www.revistarambla.com\\\/\",\"https:\\\/\\\/www.facebook.com\\\/revistarambla\",\"https:\\\/\\\/x.com\\\/revistarambla\"]}]}<\/script>\n<!-- \/ Yoast SEO plugin. -->","yoast_head_json":{"title":"\"Los andaluces tienen perro y van al gimnasio gracias al dinero de los catalanes\" - Revista Rambla","robots":{"index":"index","follow":"follow","max-snippet":"max-snippet:-1","max-image-preview":"max-image-preview:large","max-video-preview":"max-video-preview:-1"},"canonical":"https:\/\/www.revistarambla.com\/en\/los-andaluces-tienen-perro-y-van-al-gimnasio-gracias-al-dinero-de-los-catalanes\/","og_locale":"en_GB","og_type":"article","og_title":"\"Los andaluces tienen perro y van al gimnasio gracias al dinero de los catalanes\" - Revista Rambla","og_description":"El eco de un agravio: Turull y la fractura fiscal que envenena el sur-norte espa\u00f1ol","og_url":"https:\/\/www.revistarambla.com\/en\/los-andaluces-tienen-perro-y-van-al-gimnasio-gracias-al-dinero-de-los-catalanes\/","og_site_name":"Revista Rambla","article_publisher":"https:\/\/www.facebook.com\/revistarambla\/","article_author":"https:\/\/www.facebook.com\/revistarambla","article_published_time":"2025-09-26T18:43:43+00:00","article_modified_time":"2025-09-28T10:18:49+00:00","og_image":[{"width":1200,"height":811,"url":"https:\/\/www.revistarambla.com\/wp-content\/uploads\/2023\/11\/nogueras-puigdemont-i-turull.jpg","type":"image\/jpeg"}],"author":"R@mbla","twitter_card":"summary_large_image","twitter_creator":"@revistarambla","twitter_site":"@revistarambla","twitter_misc":{"Written by":"R@mbla","Estimated reading time":"9 minutes"},"schema":{"@context":"https:\/\/schema.org","@graph":[{"@type":"Article","@id":"https:\/\/www.revistarambla.com\/los-andaluces-tienen-perro-y-van-al-gimnasio-gracias-al-dinero-de-los-catalanes\/#article","isPartOf":{"@id":"https:\/\/www.revistarambla.com\/los-andaluces-tienen-perro-y-van-al-gimnasio-gracias-al-dinero-de-los-catalanes\/"},"author":{"name":"R@mbla","@id":"https:\/\/www.revistarambla.com\/#\/schema\/person\/a146a5a2550b94981a75131180e1bd9c"},"headline":"\u00abLos andaluces tienen perro y van al gimnasio gracias al dinero de los catalanes\u00bb","datePublished":"2025-09-26T18:43:43+00:00","dateModified":"2025-09-28T10:18:49+00:00","mainEntityOfPage":{"@id":"https:\/\/www.revistarambla.com\/los-andaluces-tienen-perro-y-van-al-gimnasio-gracias-al-dinero-de-los-catalanes\/"},"wordCount":2007,"publisher":{"@id":"https:\/\/www.revistarambla.com\/#organization"},"image":{"@id":"https:\/\/www.revistarambla.com\/los-andaluces-tienen-perro-y-van-al-gimnasio-gracias-al-dinero-de-los-catalanes\/#primaryimage"},"thumbnailUrl":"https:\/\/www.revistarambla.com\/wp-content\/uploads\/2023\/11\/nogueras-puigdemont-i-turull.jpg","articleSection":["Catalunya"],"inLanguage":"en-GB"},{"@type":"WebPage","@id":"https:\/\/www.revistarambla.com\/los-andaluces-tienen-perro-y-van-al-gimnasio-gracias-al-dinero-de-los-catalanes\/","url":"https:\/\/www.revistarambla.com\/los-andaluces-tienen-perro-y-van-al-gimnasio-gracias-al-dinero-de-los-catalanes\/","name":"\"Los andaluces tienen perro y van al gimnasio gracias al dinero de los catalanes\" - Revista Rambla","isPartOf":{"@id":"https:\/\/www.revistarambla.com\/#website"},"primaryImageOfPage":{"@id":"https:\/\/www.revistarambla.com\/los-andaluces-tienen-perro-y-van-al-gimnasio-gracias-al-dinero-de-los-catalanes\/#primaryimage"},"image":{"@id":"https:\/\/www.revistarambla.com\/los-andaluces-tienen-perro-y-van-al-gimnasio-gracias-al-dinero-de-los-catalanes\/#primaryimage"},"thumbnailUrl":"https:\/\/www.revistarambla.com\/wp-content\/uploads\/2023\/11\/nogueras-puigdemont-i-turull.jpg","datePublished":"2025-09-26T18:43:43+00:00","dateModified":"2025-09-28T10:18:49+00:00","breadcrumb":{"@id":"https:\/\/www.revistarambla.com\/los-andaluces-tienen-perro-y-van-al-gimnasio-gracias-al-dinero-de-los-catalanes\/#breadcrumb"},"inLanguage":"en-GB","potentialAction":[{"@type":"ReadAction","target":["https:\/\/www.revistarambla.com\/los-andaluces-tienen-perro-y-van-al-gimnasio-gracias-al-dinero-de-los-catalanes\/"]}]},{"@type":"ImageObject","inLanguage":"en-GB","@id":"https:\/\/www.revistarambla.com\/los-andaluces-tienen-perro-y-van-al-gimnasio-gracias-al-dinero-de-los-catalanes\/#primaryimage","url":"https:\/\/www.revistarambla.com\/wp-content\/uploads\/2023\/11\/nogueras-puigdemont-i-turull.jpg","contentUrl":"https:\/\/www.revistarambla.com\/wp-content\/uploads\/2023\/11\/nogueras-puigdemont-i-turull.jpg","width":1200,"height":811,"caption":"Junts gobierno opera bufa acuerdo en inmigraci\u00f3n turull andaluces"},{"@type":"BreadcrumbList","@id":"https:\/\/www.revistarambla.com\/los-andaluces-tienen-perro-y-van-al-gimnasio-gracias-al-dinero-de-los-catalanes\/#breadcrumb","itemListElement":[{"@type":"ListItem","position":1,"name":"Portada","item":"https:\/\/www.revistarambla.com\/"},{"@type":"ListItem","position":2,"name":"\u00abLos andaluces tienen perro y van al gimnasio gracias al dinero de los catalanes\u00bb"}]},{"@type":"WebSite","@id":"https:\/\/www.revistarambla.com\/#website","url":"https:\/\/www.revistarambla.com\/","name":"Revista Rambla Barcelona","description":"Periodismo independiente","publisher":{"@id":"https:\/\/www.revistarambla.com\/#organization"},"potentialAction":[{"@type":"SearchAction","target":{"@type":"EntryPoint","urlTemplate":"https:\/\/www.revistarambla.com\/?s={search_term_string}"},"query-input":{"@type":"PropertyValueSpecification","valueRequired":true,"valueName":"search_term_string"}}],"inLanguage":"en-GB"},{"@type":"Organization","@id":"https:\/\/www.revistarambla.com\/#organization","name":"Revista Rambla","url":"https:\/\/www.revistarambla.com\/","logo":{"@type":"ImageObject","inLanguage":"en-GB","@id":"https:\/\/www.revistarambla.com\/#\/schema\/logo\/image\/","url":"https:\/\/www.revistarambla.com\/wp-content\/uploads\/2020\/09\/banner_rambla_1900x600_BB.png","contentUrl":"https:\/\/www.revistarambla.com\/wp-content\/uploads\/2020\/09\/banner_rambla_1900x600_BB.png","width":1900,"height":600,"caption":"Revista Rambla"},"image":{"@id":"https:\/\/www.revistarambla.com\/#\/schema\/logo\/image\/"},"sameAs":["https:\/\/www.facebook.com\/revistarambla\/","https:\/\/x.com\/revistarambla","https:\/\/www.instagram.com\/revista_rambla","https:\/\/es.linkedin.com\/company\/revista-rambla"]},{"@type":"Person","@id":"https:\/\/www.revistarambla.com\/#\/schema\/person\/a146a5a2550b94981a75131180e1bd9c","name":"R@mbla","description":"Este art\u00edculo ha sido redactado y\/o validado por el equipo de redacci\u00f3n de Revista Rambla.","sameAs":["https:\/\/www.revistarambla.com\/","https:\/\/www.facebook.com\/revistarambla","https:\/\/x.com\/revistarambla"]}]}},"_links":{"self":[{"href":"https:\/\/www.revistarambla.com\/en\/wp-json\/wp\/v2\/posts\/66729","targetHints":{"allow":["GET"]}}],"collection":[{"href":"https:\/\/www.revistarambla.com\/en\/wp-json\/wp\/v2\/posts"}],"about":[{"href":"https:\/\/www.revistarambla.com\/en\/wp-json\/wp\/v2\/types\/post"}],"author":[{"embeddable":true,"href":"https:\/\/www.revistarambla.com\/en\/wp-json\/wp\/v2\/users\/3"}],"replies":[{"embeddable":true,"href":"https:\/\/www.revistarambla.com\/en\/wp-json\/wp\/v2\/comments?post=66729"}],"version-history":[{"count":2,"href":"https:\/\/www.revistarambla.com\/en\/wp-json\/wp\/v2\/posts\/66729\/revisions"}],"predecessor-version":[{"id":66756,"href":"https:\/\/www.revistarambla.com\/en\/wp-json\/wp\/v2\/posts\/66729\/revisions\/66756"}],"wp:featuredmedia":[{"embeddable":true,"href":"https:\/\/www.revistarambla.com\/en\/wp-json\/wp\/v2\/media\/57269"}],"wp:attachment":[{"href":"https:\/\/www.revistarambla.com\/en\/wp-json\/wp\/v2\/media?parent=66729"}],"wp:term":[{"taxonomy":"category","embeddable":true,"href":"https:\/\/www.revistarambla.com\/en\/wp-json\/wp\/v2\/categories?post=66729"},{"taxonomy":"post_tag","embeddable":true,"href":"https:\/\/www.revistarambla.com\/en\/wp-json\/wp\/v2\/tags?post=66729"}],"curies":[{"name":"wp","href":"https:\/\/api.w.org\/{rel}","templated":true}]}}