{"id":66726,"date":"2025-09-25T19:59:00","date_gmt":"2025-09-25T17:59:00","guid":{"rendered":"https:\/\/www.revistarambla.com\/?p=66726"},"modified":"2025-09-25T19:59:00","modified_gmt":"2025-09-25T17:59:00","slug":"jubilacion-anticipada-al-parlamento-europeo-foto-del-orgullo-y-de-la-verguenza","status":"publish","type":"post","link":"https:\/\/www.revistarambla.com\/en\/jubilacion-anticipada-al-parlamento-europeo-foto-del-orgullo-y-de-la-verguenza\/","title":{"rendered":"Jubilaci\u00f3n anticipada al Parlamento Europeo. Foto del orgullo y de la verg\u00fcenza"},"content":{"rendered":"<p>La asociaci\u00f3n ASJUBI40, que reivindica la eliminaci\u00f3n de los coeficientes reductores que penalizan la pensi\u00f3n de las personas jubiladas antes de la edad ordinaria, a pesar de haber cotizado por m\u00e1s de 40 a\u00f1os, ha comparecido en el Parlamento Europeo. Las fotos de ese acto representan el orgullo, pero tambi\u00e9n la verg\u00fcenza. El orgullo de unas personas que luchan por su dignidad y contra unas leyes injustas y discriminatorias. El orgullo de unas personas que empezaron a trabajar con 14 o 15 a\u00f1os, en trabajos de 40, 45 y hasta 48 horas semanales. El orgullo de quienes, con m\u00e1s de 65 a\u00f1os, se ven ahora obligados a defender en Bruselas lo que en Espa\u00f1a le han negado.<\/p>\n<p>Pero esas fotos representan tambi\u00e9n la verg\u00fcenza de muchos partidos pol\u00edticos que, a pesar de haber aprobado Proposiciones en 16 Parlamentos Auton\u00f3micos con la reivindicaci\u00f3n de ASJUBI40, a la hora de la verdad nos han abandonado. Lo mismo puede decirse de los sindicatos mayoritarios. Actualmente, hay una Propuesta de Ley, ya aprobada por la Mesa del Congreso, pero que est\u00e1 siendo bloqueada desde hace m\u00e1s de un a\u00f1o por parte del Gobierno, impidiendo su debate democr\u00e1tico en el Congreso. Por esas mentiras y traiciones esa es tambi\u00e9n la foto de la verg\u00fcenza.<\/p>\n<p>La discriminaci\u00f3n que sufre ese colectivo es triple. Frente a las clases pasivas del Estado y los reg\u00edmenes especiales como toreros, artistas, ferroviarios, etc. que pueden jubilarse con 59\/60 a\u00f1os y 35 de servicio con pensi\u00f3n completa. Tambi\u00e9n discriminaci\u00f3n frente al r\u00e9gimen general de SS. Lo justo ser\u00eda crear un nuevo r\u00e9gimen especial para personas con m\u00e1s de 40 a\u00f1os cotizados. As\u00ed de f\u00e1cil. La legislaci\u00f3n espa\u00f1ola, adem\u00e1s, contraviene el principio fundamental de CONTRIBUTIVIDAD por el cual debe haber una relaci\u00f3n equilibrada entre esfuerzo (a\u00f1os cotizados) y prestaci\u00f3n (pensi\u00f3n). Otros pa\u00edses de la Comunidad SI establecen jubilaci\u00f3n anticipada sin penalizaci\u00f3n seg\u00fan los a\u00f1os cotizados.<br \/>\nA la excusa de pol\u00edticos y tertulianos que se limitan a decir \u201cesto es lo que establece la Ley\u201d hay que recordarles que las leyes injustas deben modificarse. Lo contrario es PREVARICACI\u00d3N.<\/p>","protected":false},"excerpt":{"rendered":"<p>La asociaci\u00f3n ASJUBI40, que reivindica la eliminaci\u00f3n de los coeficientes reductores que penalizan la pensi\u00f3n de las personas jubiladas antes de la edad ordinaria, a pesar de haber cotizado por m\u00e1s de 40 a\u00f1os, ha comparecido en el Parlamento Europeo. Las fotos de ese acto representan el orgullo, pero tambi\u00e9n [&hellip;]<\/p>\n","protected":false},"author":15,"featured_media":66727,"comment_status":"closed","ping_status":"closed","sticky":false,"template":"","format":"standard","meta":{"footnotes":""},"categories":[4079],"tags":[],"class_list":["post-66726","post","type-post","status-publish","format-standard","has-post-thumbnail","hentry","category-tribuna-libre"],"yoast_head":"<!-- This site is optimized with the Yoast SEO plugin v27.5 - https:\/\/yoast.com\/product\/yoast-seo-wordpress\/ -->\n<title>Jubilaci\u00f3n anticipada al Parlamento Europeo. Foto del orgullo y de la verg\u00fcenza - Revista Rambla<\/title>\n<meta name=\"robots\" content=\"index, follow, max-snippet:-1, max-image-preview:large, max-video-preview:-1\" \/>\n<link rel=\"canonical\" href=\"https:\/\/www.revistarambla.com\/en\/jubilacion-anticipada-al-parlamento-europeo-foto-del-orgullo-y-de-la-verguenza\/\" \/>\n<meta property=\"og:locale\" content=\"en_GB\" \/>\n<meta property=\"og:type\" content=\"article\" \/>\n<meta property=\"og:title\" content=\"Jubilaci\u00f3n anticipada al Parlamento Europeo. Foto del orgullo y de la verg\u00fcenza - Revista Rambla\" \/>\n<meta property=\"og:description\" content=\"La asociaci\u00f3n ASJUBI40, que reivindica la eliminaci\u00f3n de los coeficientes reductores que penalizan la pensi\u00f3n de las personas jubiladas antes de la edad ordinaria, a pesar de haber cotizado por m\u00e1s de 40 a\u00f1os, ha comparecido en el Parlamento Europeo. Las fotos de ese acto representan el orgullo, pero tambi\u00e9n [&hellip;]\" \/>\n<meta property=\"og:url\" content=\"https:\/\/www.revistarambla.com\/en\/jubilacion-anticipada-al-parlamento-europeo-foto-del-orgullo-y-de-la-verguenza\/\" \/>\n<meta property=\"og:site_name\" content=\"Revista Rambla\" \/>\n<meta property=\"article:publisher\" content=\"https:\/\/www.facebook.com\/revistarambla\/\" \/>\n<meta property=\"article:published_time\" content=\"2025-09-25T17:59:00+00:00\" \/>\n<meta property=\"og:image\" content=\"https:\/\/www.revistarambla.com\/wp-content\/uploads\/2025\/09\/asjubi-bruselas-septiembre-25.jpeg\" \/>\n\t<meta property=\"og:image:width\" content=\"1762\" \/>\n\t<meta property=\"og:image:height\" content=\"814\" \/>\n\t<meta property=\"og:image:type\" content=\"image\/jpeg\" \/>\n<meta name=\"author\" content=\"Luis Ortiga Gim\u00e9nez\" \/>\n<meta name=\"twitter:card\" content=\"summary_large_image\" \/>\n<meta name=\"twitter:creator\" content=\"@revistarambla\" \/>\n<meta name=\"twitter:site\" content=\"@revistarambla\" \/>\n<meta name=\"twitter:label1\" content=\"Written by\" \/>\n\t<meta name=\"twitter:data1\" content=\"Luis Ortiga Gim\u00e9nez\" \/>\n\t<meta name=\"twitter:label2\" content=\"Estimated reading time\" \/>\n\t<meta name=\"twitter:data2\" content=\"2 minutes\" \/>\n<script type=\"application\/ld+json\" class=\"yoast-schema-graph\">{\"@context\":\"https:\\\/\\\/schema.org\",\"@graph\":[{\"@type\":\"Article\",\"@id\":\"https:\\\/\\\/www.revistarambla.com\\\/jubilacion-anticipada-al-parlamento-europeo-foto-del-orgullo-y-de-la-verguenza\\\/#article\",\"isPartOf\":{\"@id\":\"https:\\\/\\\/www.revistarambla.com\\\/jubilacion-anticipada-al-parlamento-europeo-foto-del-orgullo-y-de-la-verguenza\\\/\"},\"author\":{\"name\":\"Luis Ortiga Gim\u00e9nez\",\"@id\":\"https:\\\/\\\/www.revistarambla.com\\\/#\\\/schema\\\/person\\\/2b19179a8ace334b829ad72cc6e6ce97\"},\"headline\":\"Jubilaci\u00f3n anticipada al Parlamento Europeo. Foto del orgullo y de la verg\u00fcenza\",\"datePublished\":\"2025-09-25T17:59:00+00:00\",\"mainEntityOfPage\":{\"@id\":\"https:\\\/\\\/www.revistarambla.com\\\/jubilacion-anticipada-al-parlamento-europeo-foto-del-orgullo-y-de-la-verguenza\\\/\"},\"wordCount\":395,\"publisher\":{\"@id\":\"https:\\\/\\\/www.revistarambla.com\\\/#organization\"},\"image\":{\"@id\":\"https:\\\/\\\/www.revistarambla.com\\\/jubilacion-anticipada-al-parlamento-europeo-foto-del-orgullo-y-de-la-verguenza\\\/#primaryimage\"},\"thumbnailUrl\":\"https:\\\/\\\/www.revistarambla.com\\\/wp-content\\\/uploads\\\/2025\\\/09\\\/asjubi-bruselas-septiembre-25.jpeg\",\"articleSection\":[\"Tribuna Libre\"],\"inLanguage\":\"en-GB\"},{\"@type\":\"WebPage\",\"@id\":\"https:\\\/\\\/www.revistarambla.com\\\/jubilacion-anticipada-al-parlamento-europeo-foto-del-orgullo-y-de-la-verguenza\\\/\",\"url\":\"https:\\\/\\\/www.revistarambla.com\\\/jubilacion-anticipada-al-parlamento-europeo-foto-del-orgullo-y-de-la-verguenza\\\/\",\"name\":\"Jubilaci\u00f3n anticipada al Parlamento Europeo. Foto del orgullo y de la verg\u00fcenza - Revista Rambla\",\"isPartOf\":{\"@id\":\"https:\\\/\\\/www.revistarambla.com\\\/#website\"},\"primaryImageOfPage\":{\"@id\":\"https:\\\/\\\/www.revistarambla.com\\\/jubilacion-anticipada-al-parlamento-europeo-foto-del-orgullo-y-de-la-verguenza\\\/#primaryimage\"},\"image\":{\"@id\":\"https:\\\/\\\/www.revistarambla.com\\\/jubilacion-anticipada-al-parlamento-europeo-foto-del-orgullo-y-de-la-verguenza\\\/#primaryimage\"},\"thumbnailUrl\":\"https:\\\/\\\/www.revistarambla.com\\\/wp-content\\\/uploads\\\/2025\\\/09\\\/asjubi-bruselas-septiembre-25.jpeg\",\"datePublished\":\"2025-09-25T17:59:00+00:00\",\"breadcrumb\":{\"@id\":\"https:\\\/\\\/www.revistarambla.com\\\/jubilacion-anticipada-al-parlamento-europeo-foto-del-orgullo-y-de-la-verguenza\\\/#breadcrumb\"},\"inLanguage\":\"en-GB\",\"potentialAction\":[{\"@type\":\"ReadAction\",\"target\":[\"https:\\\/\\\/www.revistarambla.com\\\/jubilacion-anticipada-al-parlamento-europeo-foto-del-orgullo-y-de-la-verguenza\\\/\"]}]},{\"@type\":\"ImageObject\",\"inLanguage\":\"en-GB\",\"@id\":\"https:\\\/\\\/www.revistarambla.com\\\/jubilacion-anticipada-al-parlamento-europeo-foto-del-orgullo-y-de-la-verguenza\\\/#primaryimage\",\"url\":\"https:\\\/\\\/www.revistarambla.com\\\/wp-content\\\/uploads\\\/2025\\\/09\\\/asjubi-bruselas-septiembre-25.jpeg\",\"contentUrl\":\"https:\\\/\\\/www.revistarambla.com\\\/wp-content\\\/uploads\\\/2025\\\/09\\\/asjubi-bruselas-septiembre-25.jpeg\",\"width\":1762,\"height\":814,\"caption\":\"ASJUBI40\"},{\"@type\":\"BreadcrumbList\",\"@id\":\"https:\\\/\\\/www.revistarambla.com\\\/jubilacion-anticipada-al-parlamento-europeo-foto-del-orgullo-y-de-la-verguenza\\\/#breadcrumb\",\"itemListElement\":[{\"@type\":\"ListItem\",\"position\":1,\"name\":\"Portada\",\"item\":\"https:\\\/\\\/www.revistarambla.com\\\/\"},{\"@type\":\"ListItem\",\"position\":2,\"name\":\"Jubilaci\u00f3n anticipada al Parlamento Europeo. Foto del orgullo y de la verg\u00fcenza\"}]},{\"@type\":\"WebSite\",\"@id\":\"https:\\\/\\\/www.revistarambla.com\\\/#website\",\"url\":\"https:\\\/\\\/www.revistarambla.com\\\/\",\"name\":\"Revista Rambla Barcelona\",\"description\":\"Periodismo independiente\",\"publisher\":{\"@id\":\"https:\\\/\\\/www.revistarambla.com\\\/#organization\"},\"potentialAction\":[{\"@type\":\"SearchAction\",\"target\":{\"@type\":\"EntryPoint\",\"urlTemplate\":\"https:\\\/\\\/www.revistarambla.com\\\/?s={search_term_string}\"},\"query-input\":{\"@type\":\"PropertyValueSpecification\",\"valueRequired\":true,\"valueName\":\"search_term_string\"}}],\"inLanguage\":\"en-GB\"},{\"@type\":\"Organization\",\"@id\":\"https:\\\/\\\/www.revistarambla.com\\\/#organization\",\"name\":\"Revista Rambla\",\"url\":\"https:\\\/\\\/www.revistarambla.com\\\/\",\"logo\":{\"@type\":\"ImageObject\",\"inLanguage\":\"en-GB\",\"@id\":\"https:\\\/\\\/www.revistarambla.com\\\/#\\\/schema\\\/logo\\\/image\\\/\",\"url\":\"https:\\\/\\\/www.revistarambla.com\\\/wp-content\\\/uploads\\\/2020\\\/09\\\/banner_rambla_1900x600_BB.png\",\"contentUrl\":\"https:\\\/\\\/www.revistarambla.com\\\/wp-content\\\/uploads\\\/2020\\\/09\\\/banner_rambla_1900x600_BB.png\",\"width\":1900,\"height\":600,\"caption\":\"Revista Rambla\"},\"image\":{\"@id\":\"https:\\\/\\\/www.revistarambla.com\\\/#\\\/schema\\\/logo\\\/image\\\/\"},\"sameAs\":[\"https:\\\/\\\/www.facebook.com\\\/revistarambla\\\/\",\"https:\\\/\\\/x.com\\\/revistarambla\",\"https:\\\/\\\/www.instagram.com\\\/revista_rambla\",\"https:\\\/\\\/es.linkedin.com\\\/company\\\/revista-rambla\"]},{\"@type\":\"Person\",\"@id\":\"https:\\\/\\\/www.revistarambla.com\\\/#\\\/schema\\\/person\\\/2b19179a8ace334b829ad72cc6e6ce97\",\"name\":\"Luis Ortiga Gim\u00e9nez\"}]}<\/script>\n<!-- \/ Yoast SEO plugin. -->","yoast_head_json":{"title":"Jubilaci\u00f3n anticipada al Parlamento Europeo. Foto del orgullo y de la verg\u00fcenza - Revista Rambla","robots":{"index":"index","follow":"follow","max-snippet":"max-snippet:-1","max-image-preview":"max-image-preview:large","max-video-preview":"max-video-preview:-1"},"canonical":"https:\/\/www.revistarambla.com\/en\/jubilacion-anticipada-al-parlamento-europeo-foto-del-orgullo-y-de-la-verguenza\/","og_locale":"en_GB","og_type":"article","og_title":"Jubilaci\u00f3n anticipada al Parlamento Europeo. Foto del orgullo y de la verg\u00fcenza - Revista Rambla","og_description":"La asociaci\u00f3n ASJUBI40, que reivindica la eliminaci\u00f3n de los coeficientes reductores que penalizan la pensi\u00f3n de las personas jubiladas antes de la edad ordinaria, a pesar de haber cotizado por m\u00e1s de 40 a\u00f1os, ha comparecido en el Parlamento Europeo. Las fotos de ese acto representan el orgullo, pero tambi\u00e9n [&hellip;]","og_url":"https:\/\/www.revistarambla.com\/en\/jubilacion-anticipada-al-parlamento-europeo-foto-del-orgullo-y-de-la-verguenza\/","og_site_name":"Revista Rambla","article_publisher":"https:\/\/www.facebook.com\/revistarambla\/","article_published_time":"2025-09-25T17:59:00+00:00","og_image":[{"width":1762,"height":814,"url":"https:\/\/www.revistarambla.com\/wp-content\/uploads\/2025\/09\/asjubi-bruselas-septiembre-25.jpeg","type":"image\/jpeg"}],"author":"Luis Ortiga Gim\u00e9nez","twitter_card":"summary_large_image","twitter_creator":"@revistarambla","twitter_site":"@revistarambla","twitter_misc":{"Written by":"Luis Ortiga Gim\u00e9nez","Estimated reading time":"2 minutes"},"schema":{"@context":"https:\/\/schema.org","@graph":[{"@type":"Article","@id":"https:\/\/www.revistarambla.com\/jubilacion-anticipada-al-parlamento-europeo-foto-del-orgullo-y-de-la-verguenza\/#article","isPartOf":{"@id":"https:\/\/www.revistarambla.com\/jubilacion-anticipada-al-parlamento-europeo-foto-del-orgullo-y-de-la-verguenza\/"},"author":{"name":"Luis Ortiga Gim\u00e9nez","@id":"https:\/\/www.revistarambla.com\/#\/schema\/person\/2b19179a8ace334b829ad72cc6e6ce97"},"headline":"Jubilaci\u00f3n anticipada al Parlamento Europeo. Foto del orgullo y de la verg\u00fcenza","datePublished":"2025-09-25T17:59:00+00:00","mainEntityOfPage":{"@id":"https:\/\/www.revistarambla.com\/jubilacion-anticipada-al-parlamento-europeo-foto-del-orgullo-y-de-la-verguenza\/"},"wordCount":395,"publisher":{"@id":"https:\/\/www.revistarambla.com\/#organization"},"image":{"@id":"https:\/\/www.revistarambla.com\/jubilacion-anticipada-al-parlamento-europeo-foto-del-orgullo-y-de-la-verguenza\/#primaryimage"},"thumbnailUrl":"https:\/\/www.revistarambla.com\/wp-content\/uploads\/2025\/09\/asjubi-bruselas-septiembre-25.jpeg","articleSection":["Tribuna Libre"],"inLanguage":"en-GB"},{"@type":"WebPage","@id":"https:\/\/www.revistarambla.com\/jubilacion-anticipada-al-parlamento-europeo-foto-del-orgullo-y-de-la-verguenza\/","url":"https:\/\/www.revistarambla.com\/jubilacion-anticipada-al-parlamento-europeo-foto-del-orgullo-y-de-la-verguenza\/","name":"Jubilaci\u00f3n anticipada al Parlamento Europeo. Foto del orgullo y de la verg\u00fcenza - Revista Rambla","isPartOf":{"@id":"https:\/\/www.revistarambla.com\/#website"},"primaryImageOfPage":{"@id":"https:\/\/www.revistarambla.com\/jubilacion-anticipada-al-parlamento-europeo-foto-del-orgullo-y-de-la-verguenza\/#primaryimage"},"image":{"@id":"https:\/\/www.revistarambla.com\/jubilacion-anticipada-al-parlamento-europeo-foto-del-orgullo-y-de-la-verguenza\/#primaryimage"},"thumbnailUrl":"https:\/\/www.revistarambla.com\/wp-content\/uploads\/2025\/09\/asjubi-bruselas-septiembre-25.jpeg","datePublished":"2025-09-25T17:59:00+00:00","breadcrumb":{"@id":"https:\/\/www.revistarambla.com\/jubilacion-anticipada-al-parlamento-europeo-foto-del-orgullo-y-de-la-verguenza\/#breadcrumb"},"inLanguage":"en-GB","potentialAction":[{"@type":"ReadAction","target":["https:\/\/www.revistarambla.com\/jubilacion-anticipada-al-parlamento-europeo-foto-del-orgullo-y-de-la-verguenza\/"]}]},{"@type":"ImageObject","inLanguage":"en-GB","@id":"https:\/\/www.revistarambla.com\/jubilacion-anticipada-al-parlamento-europeo-foto-del-orgullo-y-de-la-verguenza\/#primaryimage","url":"https:\/\/www.revistarambla.com\/wp-content\/uploads\/2025\/09\/asjubi-bruselas-septiembre-25.jpeg","contentUrl":"https:\/\/www.revistarambla.com\/wp-content\/uploads\/2025\/09\/asjubi-bruselas-septiembre-25.jpeg","width":1762,"height":814,"caption":"ASJUBI40"},{"@type":"BreadcrumbList","@id":"https:\/\/www.revistarambla.com\/jubilacion-anticipada-al-parlamento-europeo-foto-del-orgullo-y-de-la-verguenza\/#breadcrumb","itemListElement":[{"@type":"ListItem","position":1,"name":"Portada","item":"https:\/\/www.revistarambla.com\/"},{"@type":"ListItem","position":2,"name":"Jubilaci\u00f3n anticipada al Parlamento Europeo. Foto del orgullo y de la verg\u00fcenza"}]},{"@type":"WebSite","@id":"https:\/\/www.revistarambla.com\/#website","url":"https:\/\/www.revistarambla.com\/","name":"Revista Rambla Barcelona","description":"Periodismo independiente","publisher":{"@id":"https:\/\/www.revistarambla.com\/#organization"},"potentialAction":[{"@type":"SearchAction","target":{"@type":"EntryPoint","urlTemplate":"https:\/\/www.revistarambla.com\/?s={search_term_string}"},"query-input":{"@type":"PropertyValueSpecification","valueRequired":true,"valueName":"search_term_string"}}],"inLanguage":"en-GB"},{"@type":"Organization","@id":"https:\/\/www.revistarambla.com\/#organization","name":"Revista Rambla","url":"https:\/\/www.revistarambla.com\/","logo":{"@type":"ImageObject","inLanguage":"en-GB","@id":"https:\/\/www.revistarambla.com\/#\/schema\/logo\/image\/","url":"https:\/\/www.revistarambla.com\/wp-content\/uploads\/2020\/09\/banner_rambla_1900x600_BB.png","contentUrl":"https:\/\/www.revistarambla.com\/wp-content\/uploads\/2020\/09\/banner_rambla_1900x600_BB.png","width":1900,"height":600,"caption":"Revista Rambla"},"image":{"@id":"https:\/\/www.revistarambla.com\/#\/schema\/logo\/image\/"},"sameAs":["https:\/\/www.facebook.com\/revistarambla\/","https:\/\/x.com\/revistarambla","https:\/\/www.instagram.com\/revista_rambla","https:\/\/es.linkedin.com\/company\/revista-rambla"]},{"@type":"Person","@id":"https:\/\/www.revistarambla.com\/#\/schema\/person\/2b19179a8ace334b829ad72cc6e6ce97","name":"Luis Ortiga Gim\u00e9nez"}]}},"_links":{"self":[{"href":"https:\/\/www.revistarambla.com\/en\/wp-json\/wp\/v2\/posts\/66726","targetHints":{"allow":["GET"]}}],"collection":[{"href":"https:\/\/www.revistarambla.com\/en\/wp-json\/wp\/v2\/posts"}],"about":[{"href":"https:\/\/www.revistarambla.com\/en\/wp-json\/wp\/v2\/types\/post"}],"author":[{"embeddable":true,"href":"https:\/\/www.revistarambla.com\/en\/wp-json\/wp\/v2\/users\/15"}],"replies":[{"embeddable":true,"href":"https:\/\/www.revistarambla.com\/en\/wp-json\/wp\/v2\/comments?post=66726"}],"version-history":[{"count":1,"href":"https:\/\/www.revistarambla.com\/en\/wp-json\/wp\/v2\/posts\/66726\/revisions"}],"predecessor-version":[{"id":66728,"href":"https:\/\/www.revistarambla.com\/en\/wp-json\/wp\/v2\/posts\/66726\/revisions\/66728"}],"wp:featuredmedia":[{"embeddable":true,"href":"https:\/\/www.revistarambla.com\/en\/wp-json\/wp\/v2\/media\/66727"}],"wp:attachment":[{"href":"https:\/\/www.revistarambla.com\/en\/wp-json\/wp\/v2\/media?parent=66726"}],"wp:term":[{"taxonomy":"category","embeddable":true,"href":"https:\/\/www.revistarambla.com\/en\/wp-json\/wp\/v2\/categories?post=66726"},{"taxonomy":"post_tag","embeddable":true,"href":"https:\/\/www.revistarambla.com\/en\/wp-json\/wp\/v2\/tags?post=66726"}],"curies":[{"name":"wp","href":"https:\/\/api.w.org\/{rel}","templated":true}]}}