{"id":66719,"date":"2025-09-25T19:34:11","date_gmt":"2025-09-25T17:34:11","guid":{"rendered":"https:\/\/www.revistarambla.com\/?p=66719"},"modified":"2025-09-25T19:34:11","modified_gmt":"2025-09-25T17:34:11","slug":"el-quebrantamiento-de-la-ley-la-reincidencia-que-acecha-a-las-victimas-de-violencia-machista-en-cataluna","status":"publish","type":"post","link":"https:\/\/www.revistarambla.com\/en\/el-quebrantamiento-de-la-ley-la-reincidencia-que-acecha-a-las-victimas-de-violencia-machista-en-cataluna\/","title":{"rendered":"El quebrantamiento de la ley: La reincidencia que acecha a las v\u00edctimas de violencia machista en Catalu\u00f1a"},"content":{"rendered":"<p>La comisaria Marta Fern\u00e1ndez, jefa de la Comisar\u00eda Superior de Seguridad Ciudadana (CSUSEC) de los Mossos d&#8217;Esquadra, desgranaba cifras que helaban la sangre. \u00abUno de cada tres agresores machistas rompe entre dos y cinco veces las \u00f3rdenes de alejamiento o prohibici\u00f3n de comunicaci\u00f3n\u00bb, declaraba con voz firme pero cargada de urgencia. Estamos en las jornadas \u00abFeminicidios y otras formas de violencia grave sobre las mujeres\u00bb, inauguradas por la consellera de Interior, N\u00faria Parlon, y los datos que Fern\u00e1ndez presenta no son solo n\u00fameros: son un retrato crudo de un sistema que, pese a sus avances, falla en disuadir a los violentos. Las denuncias por quebrantamiento de condena en casos de violencia machista han aumentado un 82,5% en Catalu\u00f1a entre 2012 y 2024. Y, en paralelo, las quejas por violencia sexual han escalado un vertiginoso 737% en el mismo periodo. Estas revelaciones, facilitadas por los Mossos d&#8217;Esquadra, no solo iluminan una tendencia alarmante, sino que cuestionan la efectividad de las medidas protectoras en un contexto donde la igualdad de g\u00e9nero sigue siendo una batalla inconclusa.<\/p>\n<p>Catalu\u00f1a, con su densidad poblacional y su tradici\u00f3n de pol\u00edticas progresistas en materia de derechos de las mujeres, se presenta como un laboratorio social para medir el pulso de la lucha contra la violencia de g\u00e9nero. Sin embargo, los datos desvelan una paradoja: mientras la sensibilizaci\u00f3n ha impulsado las denuncias \u2013un signo de empoderamiento\u2013, la reincidencia de los agresores expone grietas en el andamiaje judicial y policial. Desde 2012, a\u00f1o en que el movimiento #MeToo a\u00fan era un eco lejano y la ley org\u00e1nica 1\/2004 de Medidas de Protecci\u00f3n Integral contra la Violencia de G\u00e9nero cumpl\u00eda una d\u00e9cada, las curvas estad\u00edsticas han trazado una ascensi\u00f3n inexorable. En el \u00e1mbito de la pareja, las denuncias han crecido un 28,6%; en el familiar, un 54,3%. Pero es el quebrantamiento de las condenas \u2013\u00f3rdenes de alejamiento, prohibiciones de contacto o custodia compartida vigilada\u2013 el que m\u00e1s alarma genera. En los \u00faltimos cinco a\u00f1os, el 34% de los autores ha incurrido en entre dos y cinco violaciones de estas medidas, y un 4,4% ha superado las seis. \u00abEl sistema actual no hace desistir a los agresores\u00bb, sentencia Fern\u00e1ndez, subrayando c\u00f3mo este patr\u00f3n de reincidencia no solo perpet\u00faa el ciclo de abuso, sino que genera un \u00abaumento de inseguridad en la v\u00edctima, miedo y la invalida\u00bb en su proceso de recuperaci\u00f3n.<\/p>\n<p>Para entender esta escalada, hay que retroceder al contexto normativo y social que la ha propiciado. La ley 10\/2022, de garant\u00eda integral de la libertad sexual \u2013conocida como \u00abley del solo s\u00ed es s\u00ed\u00bb\u2013, y las reformas al C\u00f3digo Penal de 2015 ampliaron el espectro de lo punible, incorporando conductas como el acoso digital o la sumisi\u00f3n qu\u00edmica. Estas modificaciones no solo criminalizaron pr\u00e1cticas antes invisibilizadas, sino que fomentaron una mayor disposici\u00f3n a denunciar. En paralelo, campa\u00f1as como \u00abNo \u00e9s no\u00bb de la Generalitat y el trabajo de entidades como el Servei d&#8217;Atenci\u00f3 a la V\u00edctima han tejido una red de apoyo que ha desestigmatizado la denuncia. Seg\u00fan la Macroencuesta de Violencia contra la Mujer de 2019, actualizada en 2021 para Catalu\u00f1a, el 18,4% de las mujeres han sufrido agresiones f\u00edsicas por parte de parejas o exparejas, y el 14% relaciones sexuales no consentidas. Fuera del \u00e1mbito \u00edntimo, m\u00e1s de la mitad de las mujeres entre 16 y 29 a\u00f1os reportan violencia sexual o psicol\u00f3gica, y seis de cada diez, acoso digital. Entre las menores de 15 a\u00f1os, el 33,6% ha vivido al menos una situaci\u00f3n de violencia machista. Estos no son meros datos epidemiol\u00f3gicos; son indicadores de una prevalencia end\u00e9mica que, hasta hace poco, se ocultaba tras el silencio impuesto por el miedo y la verg\u00fcenza.<\/p>\n<p>El pico en violencia sexual es particularmente revelador. El 737% de aumento desde 2012 no es un fen\u00f3meno aislado: refleja una convergencia de factores. Por un lado, la mayor visibilidad post-#MeToo ha empoderado a las v\u00edctimas, especialmente a las j\u00f3venes, que representan el grueso de las denuncias por agresiones en entornos nocturnos o digitales. Por otro, el auge de las redes sociales ha multiplicado las formas de agresi\u00f3n: las denuncias por difusi\u00f3n no consentida de im\u00e1genes \u00edntimas han crecido un 762%, y las de acoso un 275,5% desde 2015. Expertos como el grupo de investigaci\u00f3n Ant\u00edgona de la Universitat Aut\u00f2noma de Barcelona, en su informe \u00abEl abordaje de las violencias sexuales en Catalu\u00f1a\u00bb (2023), atribuyen este incremento a una \u00abmayor detecci\u00f3n policial y judicial\u00bb, pero tambi\u00e9n a un \u00abefecto rebote\u00bb de la pandemia, donde el confinamiento exacerb\u00f3 vulnerabilidades. Sin embargo, Fern\u00e1ndez advierte de una \u00abcifra oculta\u00bb que oscurece el panorama: entre el 70% y el 80% de las mujeres no denuncian, por temor a represalias o desconfianza en el sistema. En 2024, los juzgados catalanes recibieron 25.489 denuncias por violencia de g\u00e9nero, un 2,16% m\u00e1s que en 2023, pero esta cifra palidece ante la prevalencia real.<\/p>\n<p>El impacto humano tras estas estad\u00edsticas es devastador. Desde 2008, la violencia machista ha cobrado 221 vidas en Catalu\u00f1a, de las cuales 179 ocurrieron en el \u00e1mbito de pareja o expareja \u2013168 mujeres y 11 hijos, nueve de ellos menores. En el 27% de estos feminicidios hab\u00eda denuncias previas; en el 9%, medidas de protecci\u00f3n activas. El 67% de las v\u00edctimas conviv\u00eda con el agresor al momento de los hechos, y el 65% dej\u00f3 hijos hu\u00e9rfanos. La media de edad de las mujeres asesinadas es de 42 a\u00f1os en el \u00e1mbito de pareja y 55 en el familiar, donde el 76% de los casos involucra a hijos matando a madres, a menudo en contextos de enfermedad mental o dependencia econ\u00f3mica. \u00abHay que poner m\u00e1s el foco en el agresor\u00bb, insiste Fern\u00e1ndez, recordando que el quebrantamiento no es un desliz, sino una estrategia de control que perpet\u00faa el terror.<\/p>\n<p>Para ilustrar esta realidad, consideremos el caso de Laura (nombre ficticio), una v\u00edctima de 38 a\u00f1os de Badalona que accedi\u00f3 a hablar bajo anonimato. \u00abDespu\u00e9s de la primera denuncia, obtuve una orden de alejamiento. Pero \u00e9l volvi\u00f3 tres veces en seis meses: mensajes, llamadas desde n\u00fameros falsos, incluso se present\u00f3 en mi trabajo. Cada quebrantamiento era como revivir el infierno; no dorm\u00eda, no confiaba en nadie\u00bb. Su experiencia resuena con las de miles: los Grupos de Atenci\u00f3n a la V\u00edctima de los Mossos realizan m\u00e1s de 25.000 seguimientos anuales a v\u00edctimas de violencia machista, dom\u00e9stica y delitos de odio. Y no es solo f\u00edsico o psicol\u00f3gico; el quebrantamiento se extiende a la esfera econ\u00f3mica. Los impagos de pensiones, calificados como violencia vicaria, han aumentado un 28,2% en la \u00faltima d\u00e9cada, dejando a madres y ni\u00f1os en precariedad.<\/p>\n<p>Las causas de esta reincidencia son multifactoriales. Fern\u00e1ndez apunta a \u00abdiscursos de odio que banalizan la violencia\u00bb en redes sociales, donde las nuevas generaciones, pese a su aparente progresismo, defienden posturas machistas \u00abindefendibles\u00bb. Estudios como el de Save the Children (2024) sobre agresiones sexuales a menores en Catalu\u00f1a revelan un \u00abcansancio generalizado\u00bb entre adolescentes ante el machismo estructural, con un 5% reportando intentos de violaci\u00f3n. A nivel macro, el aumento de delitos sexuales en Espa\u00f1a \u2013un 125% en Catalu\u00f1a en la \u00faltima d\u00e9cada\u2013 se vincula a la urbanizaci\u00f3n, la noche catalana y la impunidad percibida. Pero tambi\u00e9n hay un componente sist\u00e9mico: los enjuiciamientos tard\u00edos permiten que los agresores operen en un limbo de impunidad.<\/p>\n<p>Frente a este diagn\u00f3stico, las propuestas de los Mossos son un llamado a la acci\u00f3n integral. Fern\u00e1ndez aboga por \u00abun enjuiciamiento m\u00e1s cercano en el tiempo\u00bb y \u00abvincular el comportamiento prohibido con consecuencias que hagan al agresor replantearse quebrantar la medida\u00bb. Esto incluye actualizar el procedimiento de trabajo policial para integrar acciones contra el agresor, interconectar bases de datos con polic\u00edas locales y revisar el modelo de valoraci\u00f3n de riesgo. El control telem\u00e1tico \u2013pulseras GPS o apps de geolocalizaci\u00f3n\u2013 emerge como herramienta clave, aunque su implementaci\u00f3n requiere m\u00e1s recursos. Parlon, por su parte, enfatiza \u00abelementos de abordaje integral\u00bb para un mejor acompa\u00f1amiento a las v\u00edctimas, desde la atenci\u00f3n psicol\u00f3gica hasta la inserci\u00f3n laboral.<\/p>\n<p>En el panorama nacional, Catalu\u00f1a no es una excepci\u00f3n. En 2024, Espa\u00f1a registr\u00f3 199.094 denuncias por violencia machista, con una media de 544 al d\u00eda, y el primer trimestre de 2025 vio un 4,28% m\u00e1s. Pero la autonom\u00eda catalana destaca por su red de servicios: el 016, l\u00ednea de atenci\u00f3n 24\/7, y centros como el de Atenci\u00f3n Integral a V\u00edctimas de Violencia Sexual han atendido miles de casos. Aun as\u00ed, expertos como el Observatorio contra la Violencia Dom\u00e9stica y de G\u00e9nero del CGPJ insisten en que sin una reforma profunda \u2013que priorice la prevenci\u00f3n educativa y la rehabilitaci\u00f3n de agresores\u2013, las cifras seguir\u00e1n subiendo.<\/p>\n<p>Este reportaje no pretende ser un epitafio, sino un catalizador. Como Fern\u00e1ndez concluy\u00f3 en las jornadas: \u00ab\u00bfPor qu\u00e9 el sistema actual no hace desistir a los autores? Es importante que nos preguntemos qu\u00e9 podemos hacer al respecto\u00bb. En un Catalu\u00f1a que aspira a ser referente feminista, el desaf\u00edo es claro: pasar de denunciar a prevenir, de proteger a transformar. Las v\u00edctimas como Laura esperan no en vano. Y la sociedad, en su conjunto, debe responder con la urgencia que estas cifras demandan.<\/p>","protected":false},"excerpt":{"rendered":"<p>La comisaria Marta Fern\u00e1ndez, jefa de la Comisar\u00eda Superior de Seguridad Ciudadana (CSUSEC) de los Mossos d&#8217;Esquadra, desgranaba cifras que helaban la sangre. \u00abUno de cada tres agresores machistas rompe entre dos y cinco veces las \u00f3rdenes de alejamiento o prohibici\u00f3n de comunicaci\u00f3n\u00bb, declaraba con voz firme pero cargada de [&hellip;]<\/p>\n","protected":false},"author":3,"featured_media":66097,"comment_status":"closed","ping_status":"closed","sticky":false,"template":"","format":"standard","meta":{"footnotes":""},"categories":[59],"tags":[],"class_list":["post-66719","post","type-post","status-publish","format-standard","has-post-thumbnail","hentry","category-catalunya"],"yoast_head":"<!-- This site is optimized with the Yoast SEO plugin v27.5 - https:\/\/yoast.com\/product\/yoast-seo-wordpress\/ -->\n<title>El quebrantamiento de la ley: La reincidencia que acecha a las v\u00edctimas de violencia machista en Catalu\u00f1a - Revista Rambla<\/title>\n<meta name=\"robots\" content=\"index, follow, max-snippet:-1, max-image-preview:large, max-video-preview:-1\" \/>\n<link rel=\"canonical\" href=\"https:\/\/www.revistarambla.com\/en\/el-quebrantamiento-de-la-ley-la-reincidencia-que-acecha-a-las-victimas-de-violencia-machista-en-cataluna\/\" \/>\n<meta property=\"og:locale\" content=\"en_GB\" \/>\n<meta property=\"og:type\" content=\"article\" \/>\n<meta property=\"og:title\" content=\"El quebrantamiento de la ley: La reincidencia que acecha a las v\u00edctimas de violencia machista en Catalu\u00f1a - Revista Rambla\" \/>\n<meta property=\"og:description\" content=\"La comisaria Marta Fern\u00e1ndez, jefa de la Comisar\u00eda Superior de Seguridad Ciudadana (CSUSEC) de los Mossos d&#8217;Esquadra, desgranaba cifras que helaban la sangre. \u00abUno de cada tres agresores machistas rompe entre dos y cinco veces las \u00f3rdenes de alejamiento o prohibici\u00f3n de comunicaci\u00f3n\u00bb, declaraba con voz firme pero cargada de [&hellip;]\" \/>\n<meta property=\"og:url\" content=\"https:\/\/www.revistarambla.com\/en\/el-quebrantamiento-de-la-ley-la-reincidencia-que-acecha-a-las-victimas-de-violencia-machista-en-cataluna\/\" \/>\n<meta property=\"og:site_name\" content=\"Revista Rambla\" \/>\n<meta property=\"article:publisher\" content=\"https:\/\/www.facebook.com\/revistarambla\/\" \/>\n<meta property=\"article:author\" content=\"https:\/\/www.facebook.com\/revistarambla\" \/>\n<meta property=\"article:published_time\" content=\"2025-09-25T17:34:11+00:00\" \/>\n<meta property=\"og:image\" content=\"https:\/\/www.revistarambla.com\/wp-content\/uploads\/2025\/08\/asesinatos-cataluna-mossos.webp\" \/>\n\t<meta property=\"og:image:width\" content=\"1920\" \/>\n\t<meta property=\"og:image:height\" content=\"1080\" \/>\n\t<meta property=\"og:image:type\" content=\"image\/webp\" \/>\n<meta name=\"author\" content=\"R@mbla\" \/>\n<meta name=\"twitter:card\" content=\"summary_large_image\" \/>\n<meta name=\"twitter:creator\" content=\"@revistarambla\" \/>\n<meta name=\"twitter:site\" content=\"@revistarambla\" \/>\n<meta name=\"twitter:label1\" content=\"Written by\" \/>\n\t<meta name=\"twitter:data1\" content=\"R@mbla\" \/>\n\t<meta name=\"twitter:label2\" content=\"Estimated reading time\" \/>\n\t<meta name=\"twitter:data2\" content=\"8 minutes\" \/>\n<script type=\"application\/ld+json\" class=\"yoast-schema-graph\">{\"@context\":\"https:\\\/\\\/schema.org\",\"@graph\":[{\"@type\":\"Article\",\"@id\":\"https:\\\/\\\/www.revistarambla.com\\\/el-quebrantamiento-de-la-ley-la-reincidencia-que-acecha-a-las-victimas-de-violencia-machista-en-cataluna\\\/#article\",\"isPartOf\":{\"@id\":\"https:\\\/\\\/www.revistarambla.com\\\/el-quebrantamiento-de-la-ley-la-reincidencia-que-acecha-a-las-victimas-de-violencia-machista-en-cataluna\\\/\"},\"author\":{\"name\":\"R@mbla\",\"@id\":\"https:\\\/\\\/www.revistarambla.com\\\/#\\\/schema\\\/person\\\/a146a5a2550b94981a75131180e1bd9c\"},\"headline\":\"El quebrantamiento de la ley: La reincidencia que acecha a las v\u00edctimas de violencia machista en Catalu\u00f1a\",\"datePublished\":\"2025-09-25T17:34:11+00:00\",\"mainEntityOfPage\":{\"@id\":\"https:\\\/\\\/www.revistarambla.com\\\/el-quebrantamiento-de-la-ley-la-reincidencia-que-acecha-a-las-victimas-de-violencia-machista-en-cataluna\\\/\"},\"wordCount\":1603,\"publisher\":{\"@id\":\"https:\\\/\\\/www.revistarambla.com\\\/#organization\"},\"image\":{\"@id\":\"https:\\\/\\\/www.revistarambla.com\\\/el-quebrantamiento-de-la-ley-la-reincidencia-que-acecha-a-las-victimas-de-violencia-machista-en-cataluna\\\/#primaryimage\"},\"thumbnailUrl\":\"https:\\\/\\\/www.revistarambla.com\\\/wp-content\\\/uploads\\\/2025\\\/08\\\/asesinatos-cataluna-mossos.webp\",\"articleSection\":[\"Catalunya\"],\"inLanguage\":\"en-GB\"},{\"@type\":\"WebPage\",\"@id\":\"https:\\\/\\\/www.revistarambla.com\\\/el-quebrantamiento-de-la-ley-la-reincidencia-que-acecha-a-las-victimas-de-violencia-machista-en-cataluna\\\/\",\"url\":\"https:\\\/\\\/www.revistarambla.com\\\/el-quebrantamiento-de-la-ley-la-reincidencia-que-acecha-a-las-victimas-de-violencia-machista-en-cataluna\\\/\",\"name\":\"El quebrantamiento de la ley: La reincidencia que acecha a las v\u00edctimas de violencia machista en Catalu\u00f1a - Revista Rambla\",\"isPartOf\":{\"@id\":\"https:\\\/\\\/www.revistarambla.com\\\/#website\"},\"primaryImageOfPage\":{\"@id\":\"https:\\\/\\\/www.revistarambla.com\\\/el-quebrantamiento-de-la-ley-la-reincidencia-que-acecha-a-las-victimas-de-violencia-machista-en-cataluna\\\/#primaryimage\"},\"image\":{\"@id\":\"https:\\\/\\\/www.revistarambla.com\\\/el-quebrantamiento-de-la-ley-la-reincidencia-que-acecha-a-las-victimas-de-violencia-machista-en-cataluna\\\/#primaryimage\"},\"thumbnailUrl\":\"https:\\\/\\\/www.revistarambla.com\\\/wp-content\\\/uploads\\\/2025\\\/08\\\/asesinatos-cataluna-mossos.webp\",\"datePublished\":\"2025-09-25T17:34:11+00:00\",\"breadcrumb\":{\"@id\":\"https:\\\/\\\/www.revistarambla.com\\\/el-quebrantamiento-de-la-ley-la-reincidencia-que-acecha-a-las-victimas-de-violencia-machista-en-cataluna\\\/#breadcrumb\"},\"inLanguage\":\"en-GB\",\"potentialAction\":[{\"@type\":\"ReadAction\",\"target\":[\"https:\\\/\\\/www.revistarambla.com\\\/el-quebrantamiento-de-la-ley-la-reincidencia-que-acecha-a-las-victimas-de-violencia-machista-en-cataluna\\\/\"]}]},{\"@type\":\"ImageObject\",\"inLanguage\":\"en-GB\",\"@id\":\"https:\\\/\\\/www.revistarambla.com\\\/el-quebrantamiento-de-la-ley-la-reincidencia-que-acecha-a-las-victimas-de-violencia-machista-en-cataluna\\\/#primaryimage\",\"url\":\"https:\\\/\\\/www.revistarambla.com\\\/wp-content\\\/uploads\\\/2025\\\/08\\\/asesinatos-cataluna-mossos.webp\",\"contentUrl\":\"https:\\\/\\\/www.revistarambla.com\\\/wp-content\\\/uploads\\\/2025\\\/08\\\/asesinatos-cataluna-mossos.webp\",\"width\":1920,\"height\":1080,\"caption\":\"asesinatos catalu\u00f1a mossos v\u00edctimas de violencia machista en Catalu\u00f1a\"},{\"@type\":\"BreadcrumbList\",\"@id\":\"https:\\\/\\\/www.revistarambla.com\\\/el-quebrantamiento-de-la-ley-la-reincidencia-que-acecha-a-las-victimas-de-violencia-machista-en-cataluna\\\/#breadcrumb\",\"itemListElement\":[{\"@type\":\"ListItem\",\"position\":1,\"name\":\"Portada\",\"item\":\"https:\\\/\\\/www.revistarambla.com\\\/\"},{\"@type\":\"ListItem\",\"position\":2,\"name\":\"El quebrantamiento de la ley: La reincidencia que acecha a las v\u00edctimas de violencia machista en Catalu\u00f1a\"}]},{\"@type\":\"WebSite\",\"@id\":\"https:\\\/\\\/www.revistarambla.com\\\/#website\",\"url\":\"https:\\\/\\\/www.revistarambla.com\\\/\",\"name\":\"Revista Rambla Barcelona\",\"description\":\"Periodismo independiente\",\"publisher\":{\"@id\":\"https:\\\/\\\/www.revistarambla.com\\\/#organization\"},\"potentialAction\":[{\"@type\":\"SearchAction\",\"target\":{\"@type\":\"EntryPoint\",\"urlTemplate\":\"https:\\\/\\\/www.revistarambla.com\\\/?s={search_term_string}\"},\"query-input\":{\"@type\":\"PropertyValueSpecification\",\"valueRequired\":true,\"valueName\":\"search_term_string\"}}],\"inLanguage\":\"en-GB\"},{\"@type\":\"Organization\",\"@id\":\"https:\\\/\\\/www.revistarambla.com\\\/#organization\",\"name\":\"Revista Rambla\",\"url\":\"https:\\\/\\\/www.revistarambla.com\\\/\",\"logo\":{\"@type\":\"ImageObject\",\"inLanguage\":\"en-GB\",\"@id\":\"https:\\\/\\\/www.revistarambla.com\\\/#\\\/schema\\\/logo\\\/image\\\/\",\"url\":\"https:\\\/\\\/www.revistarambla.com\\\/wp-content\\\/uploads\\\/2020\\\/09\\\/banner_rambla_1900x600_BB.png\",\"contentUrl\":\"https:\\\/\\\/www.revistarambla.com\\\/wp-content\\\/uploads\\\/2020\\\/09\\\/banner_rambla_1900x600_BB.png\",\"width\":1900,\"height\":600,\"caption\":\"Revista Rambla\"},\"image\":{\"@id\":\"https:\\\/\\\/www.revistarambla.com\\\/#\\\/schema\\\/logo\\\/image\\\/\"},\"sameAs\":[\"https:\\\/\\\/www.facebook.com\\\/revistarambla\\\/\",\"https:\\\/\\\/x.com\\\/revistarambla\",\"https:\\\/\\\/www.instagram.com\\\/revista_rambla\",\"https:\\\/\\\/es.linkedin.com\\\/company\\\/revista-rambla\"]},{\"@type\":\"Person\",\"@id\":\"https:\\\/\\\/www.revistarambla.com\\\/#\\\/schema\\\/person\\\/a146a5a2550b94981a75131180e1bd9c\",\"name\":\"R@mbla\",\"description\":\"Este art\u00edculo ha sido redactado y\\\/o validado por el equipo de redacci\u00f3n de Revista Rambla.\",\"sameAs\":[\"https:\\\/\\\/www.revistarambla.com\\\/\",\"https:\\\/\\\/www.facebook.com\\\/revistarambla\",\"https:\\\/\\\/x.com\\\/revistarambla\"]}]}<\/script>\n<!-- \/ Yoast SEO plugin. -->","yoast_head_json":{"title":"El quebrantamiento de la ley: La reincidencia que acecha a las v\u00edctimas de violencia machista en Catalu\u00f1a - Revista Rambla","robots":{"index":"index","follow":"follow","max-snippet":"max-snippet:-1","max-image-preview":"max-image-preview:large","max-video-preview":"max-video-preview:-1"},"canonical":"https:\/\/www.revistarambla.com\/en\/el-quebrantamiento-de-la-ley-la-reincidencia-que-acecha-a-las-victimas-de-violencia-machista-en-cataluna\/","og_locale":"en_GB","og_type":"article","og_title":"El quebrantamiento de la ley: La reincidencia que acecha a las v\u00edctimas de violencia machista en Catalu\u00f1a - Revista Rambla","og_description":"La comisaria Marta Fern\u00e1ndez, jefa de la Comisar\u00eda Superior de Seguridad Ciudadana (CSUSEC) de los Mossos d&#8217;Esquadra, desgranaba cifras que helaban la sangre. \u00abUno de cada tres agresores machistas rompe entre dos y cinco veces las \u00f3rdenes de alejamiento o prohibici\u00f3n de comunicaci\u00f3n\u00bb, declaraba con voz firme pero cargada de [&hellip;]","og_url":"https:\/\/www.revistarambla.com\/en\/el-quebrantamiento-de-la-ley-la-reincidencia-que-acecha-a-las-victimas-de-violencia-machista-en-cataluna\/","og_site_name":"Revista Rambla","article_publisher":"https:\/\/www.facebook.com\/revistarambla\/","article_author":"https:\/\/www.facebook.com\/revistarambla","article_published_time":"2025-09-25T17:34:11+00:00","og_image":[{"width":1920,"height":1080,"url":"https:\/\/www.revistarambla.com\/wp-content\/uploads\/2025\/08\/asesinatos-cataluna-mossos.webp","type":"image\/webp"}],"author":"R@mbla","twitter_card":"summary_large_image","twitter_creator":"@revistarambla","twitter_site":"@revistarambla","twitter_misc":{"Written by":"R@mbla","Estimated reading time":"8 minutes"},"schema":{"@context":"https:\/\/schema.org","@graph":[{"@type":"Article","@id":"https:\/\/www.revistarambla.com\/el-quebrantamiento-de-la-ley-la-reincidencia-que-acecha-a-las-victimas-de-violencia-machista-en-cataluna\/#article","isPartOf":{"@id":"https:\/\/www.revistarambla.com\/el-quebrantamiento-de-la-ley-la-reincidencia-que-acecha-a-las-victimas-de-violencia-machista-en-cataluna\/"},"author":{"name":"R@mbla","@id":"https:\/\/www.revistarambla.com\/#\/schema\/person\/a146a5a2550b94981a75131180e1bd9c"},"headline":"El quebrantamiento de la ley: La reincidencia que acecha a las v\u00edctimas de violencia machista en Catalu\u00f1a","datePublished":"2025-09-25T17:34:11+00:00","mainEntityOfPage":{"@id":"https:\/\/www.revistarambla.com\/el-quebrantamiento-de-la-ley-la-reincidencia-que-acecha-a-las-victimas-de-violencia-machista-en-cataluna\/"},"wordCount":1603,"publisher":{"@id":"https:\/\/www.revistarambla.com\/#organization"},"image":{"@id":"https:\/\/www.revistarambla.com\/el-quebrantamiento-de-la-ley-la-reincidencia-que-acecha-a-las-victimas-de-violencia-machista-en-cataluna\/#primaryimage"},"thumbnailUrl":"https:\/\/www.revistarambla.com\/wp-content\/uploads\/2025\/08\/asesinatos-cataluna-mossos.webp","articleSection":["Catalunya"],"inLanguage":"en-GB"},{"@type":"WebPage","@id":"https:\/\/www.revistarambla.com\/el-quebrantamiento-de-la-ley-la-reincidencia-que-acecha-a-las-victimas-de-violencia-machista-en-cataluna\/","url":"https:\/\/www.revistarambla.com\/el-quebrantamiento-de-la-ley-la-reincidencia-que-acecha-a-las-victimas-de-violencia-machista-en-cataluna\/","name":"El quebrantamiento de la ley: La reincidencia que acecha a las v\u00edctimas de violencia machista en Catalu\u00f1a - Revista Rambla","isPartOf":{"@id":"https:\/\/www.revistarambla.com\/#website"},"primaryImageOfPage":{"@id":"https:\/\/www.revistarambla.com\/el-quebrantamiento-de-la-ley-la-reincidencia-que-acecha-a-las-victimas-de-violencia-machista-en-cataluna\/#primaryimage"},"image":{"@id":"https:\/\/www.revistarambla.com\/el-quebrantamiento-de-la-ley-la-reincidencia-que-acecha-a-las-victimas-de-violencia-machista-en-cataluna\/#primaryimage"},"thumbnailUrl":"https:\/\/www.revistarambla.com\/wp-content\/uploads\/2025\/08\/asesinatos-cataluna-mossos.webp","datePublished":"2025-09-25T17:34:11+00:00","breadcrumb":{"@id":"https:\/\/www.revistarambla.com\/el-quebrantamiento-de-la-ley-la-reincidencia-que-acecha-a-las-victimas-de-violencia-machista-en-cataluna\/#breadcrumb"},"inLanguage":"en-GB","potentialAction":[{"@type":"ReadAction","target":["https:\/\/www.revistarambla.com\/el-quebrantamiento-de-la-ley-la-reincidencia-que-acecha-a-las-victimas-de-violencia-machista-en-cataluna\/"]}]},{"@type":"ImageObject","inLanguage":"en-GB","@id":"https:\/\/www.revistarambla.com\/el-quebrantamiento-de-la-ley-la-reincidencia-que-acecha-a-las-victimas-de-violencia-machista-en-cataluna\/#primaryimage","url":"https:\/\/www.revistarambla.com\/wp-content\/uploads\/2025\/08\/asesinatos-cataluna-mossos.webp","contentUrl":"https:\/\/www.revistarambla.com\/wp-content\/uploads\/2025\/08\/asesinatos-cataluna-mossos.webp","width":1920,"height":1080,"caption":"asesinatos catalu\u00f1a mossos v\u00edctimas de violencia machista en Catalu\u00f1a"},{"@type":"BreadcrumbList","@id":"https:\/\/www.revistarambla.com\/el-quebrantamiento-de-la-ley-la-reincidencia-que-acecha-a-las-victimas-de-violencia-machista-en-cataluna\/#breadcrumb","itemListElement":[{"@type":"ListItem","position":1,"name":"Portada","item":"https:\/\/www.revistarambla.com\/"},{"@type":"ListItem","position":2,"name":"El quebrantamiento de la ley: La reincidencia que acecha a las v\u00edctimas de violencia machista en Catalu\u00f1a"}]},{"@type":"WebSite","@id":"https:\/\/www.revistarambla.com\/#website","url":"https:\/\/www.revistarambla.com\/","name":"Revista Rambla Barcelona","description":"Periodismo independiente","publisher":{"@id":"https:\/\/www.revistarambla.com\/#organization"},"potentialAction":[{"@type":"SearchAction","target":{"@type":"EntryPoint","urlTemplate":"https:\/\/www.revistarambla.com\/?s={search_term_string}"},"query-input":{"@type":"PropertyValueSpecification","valueRequired":true,"valueName":"search_term_string"}}],"inLanguage":"en-GB"},{"@type":"Organization","@id":"https:\/\/www.revistarambla.com\/#organization","name":"Revista Rambla","url":"https:\/\/www.revistarambla.com\/","logo":{"@type":"ImageObject","inLanguage":"en-GB","@id":"https:\/\/www.revistarambla.com\/#\/schema\/logo\/image\/","url":"https:\/\/www.revistarambla.com\/wp-content\/uploads\/2020\/09\/banner_rambla_1900x600_BB.png","contentUrl":"https:\/\/www.revistarambla.com\/wp-content\/uploads\/2020\/09\/banner_rambla_1900x600_BB.png","width":1900,"height":600,"caption":"Revista Rambla"},"image":{"@id":"https:\/\/www.revistarambla.com\/#\/schema\/logo\/image\/"},"sameAs":["https:\/\/www.facebook.com\/revistarambla\/","https:\/\/x.com\/revistarambla","https:\/\/www.instagram.com\/revista_rambla","https:\/\/es.linkedin.com\/company\/revista-rambla"]},{"@type":"Person","@id":"https:\/\/www.revistarambla.com\/#\/schema\/person\/a146a5a2550b94981a75131180e1bd9c","name":"R@mbla","description":"Este art\u00edculo ha sido redactado y\/o validado por el equipo de redacci\u00f3n de Revista Rambla.","sameAs":["https:\/\/www.revistarambla.com\/","https:\/\/www.facebook.com\/revistarambla","https:\/\/x.com\/revistarambla"]}]}},"_links":{"self":[{"href":"https:\/\/www.revistarambla.com\/en\/wp-json\/wp\/v2\/posts\/66719","targetHints":{"allow":["GET"]}}],"collection":[{"href":"https:\/\/www.revistarambla.com\/en\/wp-json\/wp\/v2\/posts"}],"about":[{"href":"https:\/\/www.revistarambla.com\/en\/wp-json\/wp\/v2\/types\/post"}],"author":[{"embeddable":true,"href":"https:\/\/www.revistarambla.com\/en\/wp-json\/wp\/v2\/users\/3"}],"replies":[{"embeddable":true,"href":"https:\/\/www.revistarambla.com\/en\/wp-json\/wp\/v2\/comments?post=66719"}],"version-history":[{"count":1,"href":"https:\/\/www.revistarambla.com\/en\/wp-json\/wp\/v2\/posts\/66719\/revisions"}],"predecessor-version":[{"id":66720,"href":"https:\/\/www.revistarambla.com\/en\/wp-json\/wp\/v2\/posts\/66719\/revisions\/66720"}],"wp:featuredmedia":[{"embeddable":true,"href":"https:\/\/www.revistarambla.com\/en\/wp-json\/wp\/v2\/media\/66097"}],"wp:attachment":[{"href":"https:\/\/www.revistarambla.com\/en\/wp-json\/wp\/v2\/media?parent=66719"}],"wp:term":[{"taxonomy":"category","embeddable":true,"href":"https:\/\/www.revistarambla.com\/en\/wp-json\/wp\/v2\/categories?post=66719"},{"taxonomy":"post_tag","embeddable":true,"href":"https:\/\/www.revistarambla.com\/en\/wp-json\/wp\/v2\/tags?post=66719"}],"curies":[{"name":"wp","href":"https:\/\/api.w.org\/{rel}","templated":true}]}}