{"id":66715,"date":"2025-09-25T19:24:48","date_gmt":"2025-09-25T17:24:48","guid":{"rendered":"https:\/\/www.revistarambla.com\/?p=66715"},"modified":"2025-09-25T19:45:06","modified_gmt":"2025-09-25T17:45:06","slug":"espana-despliega-un-buque-armado-con-canones-israelies-para-escoltar-la-flotilla-de-gaza","status":"publish","type":"post","link":"https:\/\/www.revistarambla.com\/en\/espana-despliega-un-buque-armado-con-canones-israelies-para-escoltar-la-flotilla-de-gaza\/","title":{"rendered":"Espa\u00f1a despliega un buque armado con ca\u00f1ones israel\u00edes para escoltar la Flotilla de Gaza"},"content":{"rendered":"<p>El Buque de Acci\u00f3n Mar\u00edtima (BAM) <em>Furor<\/em> (P-46) ultima sus maniobras en el Arsenal de Cartagena. Este jueves, a las 14:00 horas, la nave de 93 metros de eslora zarpaba rumbo al Mediterr\u00e1neo oriental, cargada no solo de v\u00edveres y pertrechos navales, sino de un simbolismo cargado de iron\u00edas geopol\u00edticas. Ordenado por el presidente del Gobierno, Pedro S\u00e1nchez, desde la tribuna de la Asamblea General de la ONU en Nueva York, el despliegue marca un giro audaz en la pol\u00edtica exterior espa\u00f1ola: un buque de la Armada, equipado con ca\u00f1ones fabricados por una empresa israel\u00ed, se dirige a proteger una flotilla humanitaria acusada por Tel Aviv de ser un \u00abcaballo de Troya\u00bb para Ham\u00e1s. En un conflicto que acumula casi dos d\u00e9cadas de bloqueo y violencia, esta misi\u00f3n podr\u00eda ser el catalizador de una nueva escalada o, qui\u00e9n sabe, un soplo de ox\u00edgeno para la fr\u00e1gil maquinaria diplom\u00e1tica europea.<\/p>\n<p>El anuncio, filtrado en primicia por el Ministerio de Defensa a media ma\u00f1ana, ha desatado un torbellino de reacciones. \u00abEspa\u00f1a no puede permanecer impasible ante los ataques a civiles desarmados que intentan llevar ayuda a Gaza\u00bb, declar\u00f3 S\u00e1nchez en un breve v\u00eddeo grabado en el hotel Lotte New York Palace, donde participaba en los m\u00e1rgenes de la cumbre clim\u00e1tica. Sus palabras, pronunciadas con la gravedad de quien sabe que cada s\u00edlaba ser\u00e1 diseccionada en Jerusal\u00e9n y Washington, subrayan un compromiso que trasciende lo humanitario: es un pulso a Israel, aliado hist\u00f3rico de Espa\u00f1a en materia de defensa, y un gui\u00f1o a los socios de coalici\u00f3n de S\u00e1nchez, como Sumar y ERC, que han presionado por una postura m\u00e1s firme contra el bloqueo gazat\u00ed. Pero el detalle que ha encendido las redes y los pasillos del Congreso \u2013el armamento israel\u00ed a bordo del <em>Furor<\/em>\u2013 a\u00f1ade una capa de absurdo shakespeariano a esta odisea mediterr\u00e1nea.<\/p>\n<h2>De Mavi Marmara a Global Sumud<\/h2>\n<p>Para entender el peso de esta decisi\u00f3n, hay que remontarse al 31 de mayo de 2010, cuando el asalto israel\u00ed al <em>Mavi Marmara<\/em>, buque insignia de la Freedom Flotilla I, dej\u00f3 un saldo de diez muertos, nueve de ellos turcos, y un rastro de indignaci\u00f3n global que a\u00fan enciende velas en manifestaciones pro-palestinas. Aquella operaci\u00f3n, justificada por Israel como una \u00abintercepci\u00f3n leg\u00edtima\u00bb contra un convoy vinculado a la Yihad Isl\u00e1mica, no solo tens\u00f3 las relaciones turco-israel\u00edes hasta el punto de ruptura, sino que galvaniz\u00f3 el movimiento BDS (Boicot, Desinversi\u00f3n y Sanciones) y oblig\u00f3 a la ONU a condenar el uso \u00abexcesivo\u00bb de la fuerza. Quince a\u00f1os despu\u00e9s, la historia parece rimar con sa\u00f1a: la Global Sumud Flotilla, organizada por la Coalici\u00f3n de la Flotilla de la Libertad (FFC), con sede en Turqu\u00eda y apoyo de ONGs europeas, parti\u00f3 el pasado 20 de septiembre desde el puerto griego de Atenas con tres buques civiles cargados de 500 toneladas de ayuda \u2013medicinas, harina, agua desalinizadora y paneles solares\u2013 para romper el bloqueo impuesto por Israel desde 2007.<\/p>\n<p>Pero el idilio humanitario se torci\u00f3 en las aguas egeas. El mi\u00e9rcoles 24, activistas a bordo reportaron \u00abataques con drones no identificados\u00bb que soltaron objetos incendiarios y jamming de comunicaciones, seguidos de explosiones que da\u00f1aron el casco del <em>Handala<\/em>, un velero con Greta Thunberg como figura visible. \u00abFue como si el mar se abriera bajo nosotros; sentimos el zumbido antes de ver las chispas\u00bb, relat\u00f3 la activista sueca en un tuit desde el <em>Sumud<\/em>, el buque matriz de la flotilla. La ONU, a trav\u00e9s de su Oficina de Derechos Humanos, exigi\u00f3 una \u00abinvestigaci\u00f3n independiente\u00bb inmediata, mientras Israel guardaba un silencio ensordecedor, aunque fuentes del Ministerio de Defensa hebreo filtraron a <em>Haaretz<\/em>\u00a0que los drones eran \u00abmeramente de vigilancia\u00bb. Organizaciones como Amnist\u00eda Internacional y Human Rights Watch han calificado los incidentes como \u00abprobables violaciones del derecho internacional humanitario\u00bb, recordando que el bloqueo de Gaza, declarado \u00abilegal\u00bb por el Tribunal Internacional de Justicia en 2024, impide el acceso a ayuda vital en un territorio donde el 90% de la poblaci\u00f3n depende de la asistencia externa.<\/p>\n<p>En este contexto, la respuesta de S\u00e1nchez no es un capricho, sino una jugada calculada. Espa\u00f1a, que en julio de 2024 reconoci\u00f3 el Estado palestino junto a Irlanda y Noruega, ha incrementado su ret\u00f3rica anti-bloqueo, donando 10 millones de euros en ayuda a Gaza y abogando por un alto el fuego en el Consejo de Seguridad. Sin embargo, el env\u00edo del <em>Furor<\/em> eleva la apuesta: no es una donaci\u00f3n simb\u00f3lica, sino un compromiso militar que involucra a 52 marinos \u2013hombres y mujeres entrenados en operaciones de la OTAN\u2013 en una zona de alta tensi\u00f3n. Italia, bajo Giorgia Meloni, ha seguido el ejemplo con las fragatas <em>Virgilio Fasan<\/em> y <em>Alpino<\/em>, un d\u00fao que escoltar\u00e1 a la flotilla junto al <em>Furor<\/em>, formando una \u00abcoalici\u00f3n mediterr\u00e1nea\u00bb improvisada que Bruselas observa con recelo. \u00abEs una victoria para el movimiento social\u00bb, tuite\u00f3 un activista italiano desde el <em>Fasan<\/em>, pero tambi\u00e9n un dolor de cabeza para la UE, dividida entre el apoyo incondicional a Israel de Alemania y Hungr\u00eda, y la empat\u00eda humanitaria de Francia y Espa\u00f1a.<\/p>\n<h2>El <em>Furor<\/em>: Un Patrullero con Alma B\u00e9lica y Contradicciones<\/h2>\n<p>Dise\u00f1ado por Navantia en los astilleros de Ferrol y botado en 2018, el <em>Furor<\/em> es el cuarto de su clase BAM, una serie de patrulleros oce\u00e1nicos vers\u00e1tiles que combinan vigilancia pesquera con misiones de paz. Con un desplazamiento de 2.840 toneladas y una autonom\u00eda de 15 d\u00edas a 15 nudos, la nave puede alcanzar los 20 nudos en emergencias, lo que le permite interceptar amenazas a 1.500 millas n\u00e1uticas. Su dotaci\u00f3n incluye un helic\u00f3ptero ligero (un SH-60 Seahawk en modo desarmado), dos lanchas semirr\u00edgidas para rescates y un hospital de campa\u00f1a con capacidad para 12 camastros. Pero es su armamento lo que genera titulares: un ca\u00f1\u00f3n principal Oto Melara 76\/62 mm \u2013de origen italiano, pero con sistemas de punter\u00eda y munici\u00f3n suministrados por Rafael Advanced Defense Systems, la firma israel\u00ed l\u00edder en misiles Spike y sistemas Typhoon\u2013 y dos ametralladoras gemelas MK-38 de 12,7 mm, tambi\u00e9n con \u00f3pticas israel\u00edes. \u00abEs como enviar un lobo con piel de oveja a defender a las ovejas\u00bb, ironiz\u00f3 un analista de defensa en <em>El Mundo<\/em>, destacando la paradoja de un buque espa\u00f1ol armado con tecnolog\u00eda del pa\u00eds que bloquea la flotilla.<\/p>\n<p>En Cartagena, el ambiente es de ebullici\u00f3n contenida. Periodistas y familiares se agolpan en el muelle del Arsenal, un enclave hist\u00f3rico donde anclaron galeones en la era de los tercios. El capit\u00e1n de nav\u00edo Javier Ruiz, al mando del <em>Furor<\/em>, declin\u00f3 entrevistas, pero un oficial subalterno \u2013bajo anonimato\u2013 confes\u00f3 a esta revista: \u00abNuestra misi\u00f3n es humanitaria y defensiva: escoltar, monitorear y, si es necesario, evacuar. No buscamos confrontaci\u00f3n, pero estamos preparados para cualquier escenario\u00bb. La tripulaci\u00f3n, compuesta por ingenieros de C\u00e1diz y artilleros de San Fernando, ha recibido briefings sobre protocolos OTAN para \u00abincursiones no autorizadas\u00bb, un eufemismo para posibles intercepciones israel\u00edes. Fuentes del Ministerio de Exteriores aseguran que el <em>Furor<\/em> no entrar\u00e1 en aguas territoriales israel\u00edes \u2013limit\u00e1ndose a 12 millas de Gaza\u2013, pero analistas como Pere Ortega, del CIDOB, advierten: \u00abCualquier aproximaci\u00f3n a la zona de exclusi\u00f3n podr\u00eda derivar en un incidente tipo <em>Mavi Marmara<\/em> 2.0, con Espa\u00f1a en el ojo del hurac\u00e1n\u00bb.<\/p>\n<p>La iron\u00eda del armamento israel\u00ed no pasa desapercibida en Jerusal\u00e9n. El embajador israel\u00ed en Madrid, Roden, convoc\u00f3 de urgencia al director de gabinete de Exteriores, \u00c1ngel Lossada, para \u00abexpresar preocupaci\u00f3n\u00bb. En un comunicado lac\u00f3nico, el Ministerio israel\u00ed de Asuntos Estrat\u00e9gicos acus\u00f3 a la flotilla de \u00abservir a los intereses de Ham\u00e1s\u00bb, citando \u00abpruebas de inteligencia\u00bb sobre fondos iran\u00edes canalizados a trav\u00e9s de la FFC. \u00abEspa\u00f1a, aliada en la lucha antiterrorista, no puede prestarse a esta farsa\u00bb, tuite\u00f3 el ministro de Defensa, Yoav Gallant, en un mensaje que acumul\u00f3 50.000 interacciones en horas. En el Congreso, la oposici\u00f3n conservadora del PP ha arremetido contra S\u00e1nchez: \u00abEs una provocaci\u00f3n irresponsable que pone en riesgo vidas espa\u00f1olas por un pu\u00f1ado de likes progresistas\u00bb, espet\u00f3 Alberto N\u00fa\u00f1ez Feij\u00f3o en una rueda de prensa expr\u00e9s. Sumar, por el contrario, aplaudi\u00f3 la movida: \u00abPor fin un Gobierno con reda\u00f1os para defender el derecho internacional\u00bb, proclam\u00f3 Yolanda D\u00edaz desde Bruselas.<\/p>\n<h2>Voces desde la Flotilla<\/h2>\n<p>A bordo del <em>Sumud<\/em>, anclado temporalmente en aguas chipriotas para reparaciones, el pulso de la misi\u00f3n late con urgencia. Greta Thunberg, cuya presencia ha multiplicado la visibilidad medi\u00e1tica, envi\u00f3 un audio a <em>Euronews<\/em>: \u00abEste no es un crucero de famosos; es una llamada a la conciencia global. Los drones nos recordaron que el bloqueo no es abstracto: mata silenciosamente\u00bb. Junto a ella, delegaciones de M\u00e9dicos Sin Fronteras y la Cruz Roja Palestina cargan contenedores con insulina y kits quir\u00fargicos, mientras activistas irlandeses y franceses debaten t\u00e1cticas de no violencia. La FFC, coalici\u00f3n que incluye a la Fundaci\u00f3n de Ayuda a Palestina de Estambul, ha documentado 1.200 intentos fallidos de romper el bloqueo desde 2008, con un saldo de 20 intercepciones y decenas de heridos.<\/p>\n<p>En X (antes Twitter), el debate hierve. Usuarios como @BabakTaghvaee1 advierten de \u00abriesgos para los 52 marinos espa\u00f1oles si entran en aguas israel\u00edes\u00bb, mientras pro-palestinos como @KlausUncle celebran: \u00ab\u00a1Gran noticia! Espa\u00f1a se une a la resistencia humanitaria\u00bb. En Cartagena, una concentraci\u00f3n de 200 personas \u2013mixtura de sindicatos portuarios y asociaciones jud\u00edas por la paz\u2013 ondea banderas palestinas y espa\u00f1olas, coreando \u00ab\u00a1No al bloqueo genocida!\u00bb. Pero no todo es euforia: pescadores locales, temerosos de repercusiones comerciales con Israel (Espa\u00f1a importa 150 millones en c\u00edtricos y tecnolog\u00eda anuales), murmuran sobre \u00abuna aventura que nos costar\u00e1 cara\u00bb.<\/p>\n<h2>\u00bfUn S\u00e1nchez Empoderado o un Tablero Desestabilizado?<\/h2>\n<p>Esta misi\u00f3n no ocurre en el vac\u00edo. Con el conflicto de Gaza en su tercer a\u00f1o \u2013tras el ataque de Ham\u00e1s del 7 de octubre de 2023 que dej\u00f3 1.200 israel\u00edes muertos y la respuesta que ha cobrado m\u00e1s de 40.000 vidas palestinas, seg\u00fan la ONU\u2013, Europa busca su voz. S\u00e1nchez, que en 2024 suspendi\u00f3 exportaciones de armas a Israel por valor de 40 millones, posiciona a Espa\u00f1a como \u00abpuente moral\u00bb en el Mediterr\u00e1neo. Pero expertos como Haizam Amirah-Fern\u00e1ndez, del Real Instituto Elcano, ven riesgos: \u00abEsto podr\u00eda erosionar la cooperaci\u00f3n en inteligencia antiterrorista con Israel, clave contra el ISIS en el Sahel\u00bb. Adem\u00e1s, con elecciones auton\u00f3micas en el horizonte, el PP acusa a S\u00e1nchez de \u00abelectoralismo con sangre ajena\u00bb.<\/p>\n<p>Internacionalmente, la \u00abcoalici\u00f3n naval\u00bb hispano-italiana podr\u00eda inspirar a Francia o Grecia, pero Washington \u2013aliado de Israel\u2013 ha emitido una nota tibia: \u00abApoyamos la ayuda humanitaria, pero instamos a la desescalada\u00bb. En Tel Aviv, el primer ministro Netanyahu, reelegido en coalici\u00f3n ultraderechista, podr\u00eda optar por una intercepci\u00f3n \u00absuave\u00bb \u2013como el desv\u00edo a Chipre propuesto por Meloni\u2013, pero analistas israel\u00edes como Alex Fishman en <em>Yedioth Ahronoth<\/em> especulan con \u00abmedidas disuasorias\u00bb si el\u00a0<em>Furor<\/em>\u00a0se acerca demasiado.<\/p>\n<p>Mientras el sol se pone sobre Cartagena, el <em>Furor<\/em> enciende sus motores di\u00e9sel-el\u00e9ctricos, un ronroneo grave que evoca los vientos de cambio. En las bodegas, marinos revisan cartas n\u00e1uticas hacia Chipre, primer punto de encuentro con la flotilla. \u00bfLlegar\u00e1 la ayuda a Gaza? \u00bfO ser\u00e1 este despliegue el preludio de un nuevo cap\u00edtulo sangriento? Solo el Mediterr\u00e1neo, testigo milenario de odiseas y tragedias, guarda la respuesta. Por ahora, Espa\u00f1a ha lanzado su <em>Furor<\/em>: un grito de solidaridad que resuena como un ca\u00f1onazo en la arena movediza de Oriente Pr\u00f3ximo.<\/p>","protected":false},"excerpt":{"rendered":"<p>El Buque de Acci\u00f3n Mar\u00edtima (BAM) Furor (P-46) ultima sus maniobras en el Arsenal de Cartagena. Este jueves, a las 14:00 horas, la nave de 93 metros de eslora zarpaba rumbo al Mediterr\u00e1neo oriental, cargada no solo de v\u00edveres y pertrechos navales, sino de un simbolismo cargado de iron\u00edas geopol\u00edticas. [&hellip;]<\/p>\n","protected":false},"author":3,"featured_media":66716,"comment_status":"closed","ping_status":"closed","sticky":false,"template":"","format":"standard","meta":{"footnotes":""},"categories":[58],"tags":[],"class_list":["post-66715","post","type-post","status-publish","format-standard","has-post-thumbnail","hentry","category-estado-espanol"],"yoast_head":"<!-- This site is optimized with the Yoast SEO plugin v27.5 - https:\/\/yoast.com\/product\/yoast-seo-wordpress\/ -->\n<title>Espa\u00f1a despliega un buque armado con ca\u00f1ones israel\u00edes para escoltar la Flotilla de Gaza - Revista Rambla<\/title>\n<meta name=\"robots\" content=\"index, follow, max-snippet:-1, max-image-preview:large, max-video-preview:-1\" \/>\n<link rel=\"canonical\" href=\"https:\/\/www.revistarambla.com\/en\/espana-despliega-un-buque-armado-con-canones-israelies-para-escoltar-la-flotilla-de-gaza\/\" \/>\n<meta property=\"og:locale\" content=\"en_GB\" \/>\n<meta property=\"og:type\" content=\"article\" \/>\n<meta property=\"og:title\" content=\"Espa\u00f1a despliega un buque armado con ca\u00f1ones israel\u00edes para escoltar la Flotilla de Gaza - Revista Rambla\" \/>\n<meta property=\"og:description\" content=\"El Buque de Acci\u00f3n Mar\u00edtima (BAM) Furor (P-46) ultima sus maniobras en el Arsenal de Cartagena. Este jueves, a las 14:00 horas, la nave de 93 metros de eslora zarpaba rumbo al Mediterr\u00e1neo oriental, cargada no solo de v\u00edveres y pertrechos navales, sino de un simbolismo cargado de iron\u00edas geopol\u00edticas. [&hellip;]\" \/>\n<meta property=\"og:url\" content=\"https:\/\/www.revistarambla.com\/en\/espana-despliega-un-buque-armado-con-canones-israelies-para-escoltar-la-flotilla-de-gaza\/\" \/>\n<meta property=\"og:site_name\" content=\"Revista Rambla\" \/>\n<meta property=\"article:publisher\" content=\"https:\/\/www.facebook.com\/revistarambla\/\" \/>\n<meta property=\"article:author\" content=\"https:\/\/www.facebook.com\/revistarambla\" \/>\n<meta property=\"article:published_time\" content=\"2025-09-25T17:24:48+00:00\" \/>\n<meta property=\"article:modified_time\" content=\"2025-09-25T17:45:06+00:00\" \/>\n<meta property=\"og:image\" content=\"https:\/\/www.revistarambla.com\/wp-content\/uploads\/2025\/09\/buque-furor.jpg\" \/>\n\t<meta property=\"og:image:width\" content=\"800\" \/>\n\t<meta property=\"og:image:height\" content=\"600\" \/>\n\t<meta property=\"og:image:type\" content=\"image\/jpeg\" \/>\n<meta name=\"author\" content=\"R@mbla\" \/>\n<meta name=\"twitter:card\" content=\"summary_large_image\" \/>\n<meta name=\"twitter:creator\" content=\"@revistarambla\" \/>\n<meta name=\"twitter:site\" content=\"@revistarambla\" \/>\n<meta name=\"twitter:label1\" content=\"Written by\" \/>\n\t<meta name=\"twitter:data1\" content=\"R@mbla\" \/>\n\t<meta name=\"twitter:label2\" content=\"Estimated reading time\" \/>\n\t<meta name=\"twitter:data2\" content=\"9 minutes\" \/>\n<script type=\"application\/ld+json\" class=\"yoast-schema-graph\">{\"@context\":\"https:\\\/\\\/schema.org\",\"@graph\":[{\"@type\":\"Article\",\"@id\":\"https:\\\/\\\/www.revistarambla.com\\\/espana-despliega-un-buque-armado-con-canones-israelies-para-escoltar-la-flotilla-de-gaza\\\/#article\",\"isPartOf\":{\"@id\":\"https:\\\/\\\/www.revistarambla.com\\\/espana-despliega-un-buque-armado-con-canones-israelies-para-escoltar-la-flotilla-de-gaza\\\/\"},\"author\":{\"name\":\"R@mbla\",\"@id\":\"https:\\\/\\\/www.revistarambla.com\\\/#\\\/schema\\\/person\\\/a146a5a2550b94981a75131180e1bd9c\"},\"headline\":\"Espa\u00f1a despliega un buque armado con ca\u00f1ones israel\u00edes para escoltar la Flotilla de Gaza\",\"datePublished\":\"2025-09-25T17:24:48+00:00\",\"dateModified\":\"2025-09-25T17:45:06+00:00\",\"mainEntityOfPage\":{\"@id\":\"https:\\\/\\\/www.revistarambla.com\\\/espana-despliega-un-buque-armado-con-canones-israelies-para-escoltar-la-flotilla-de-gaza\\\/\"},\"wordCount\":1992,\"publisher\":{\"@id\":\"https:\\\/\\\/www.revistarambla.com\\\/#organization\"},\"image\":{\"@id\":\"https:\\\/\\\/www.revistarambla.com\\\/espana-despliega-un-buque-armado-con-canones-israelies-para-escoltar-la-flotilla-de-gaza\\\/#primaryimage\"},\"thumbnailUrl\":\"https:\\\/\\\/www.revistarambla.com\\\/wp-content\\\/uploads\\\/2025\\\/09\\\/buque-furor.jpg\",\"articleSection\":[\"Estado Espa\u00f1ol\"],\"inLanguage\":\"en-GB\"},{\"@type\":\"WebPage\",\"@id\":\"https:\\\/\\\/www.revistarambla.com\\\/espana-despliega-un-buque-armado-con-canones-israelies-para-escoltar-la-flotilla-de-gaza\\\/\",\"url\":\"https:\\\/\\\/www.revistarambla.com\\\/espana-despliega-un-buque-armado-con-canones-israelies-para-escoltar-la-flotilla-de-gaza\\\/\",\"name\":\"Espa\u00f1a despliega un buque armado con ca\u00f1ones israel\u00edes para escoltar la Flotilla de Gaza - Revista Rambla\",\"isPartOf\":{\"@id\":\"https:\\\/\\\/www.revistarambla.com\\\/#website\"},\"primaryImageOfPage\":{\"@id\":\"https:\\\/\\\/www.revistarambla.com\\\/espana-despliega-un-buque-armado-con-canones-israelies-para-escoltar-la-flotilla-de-gaza\\\/#primaryimage\"},\"image\":{\"@id\":\"https:\\\/\\\/www.revistarambla.com\\\/espana-despliega-un-buque-armado-con-canones-israelies-para-escoltar-la-flotilla-de-gaza\\\/#primaryimage\"},\"thumbnailUrl\":\"https:\\\/\\\/www.revistarambla.com\\\/wp-content\\\/uploads\\\/2025\\\/09\\\/buque-furor.jpg\",\"datePublished\":\"2025-09-25T17:24:48+00:00\",\"dateModified\":\"2025-09-25T17:45:06+00:00\",\"breadcrumb\":{\"@id\":\"https:\\\/\\\/www.revistarambla.com\\\/espana-despliega-un-buque-armado-con-canones-israelies-para-escoltar-la-flotilla-de-gaza\\\/#breadcrumb\"},\"inLanguage\":\"en-GB\",\"potentialAction\":[{\"@type\":\"ReadAction\",\"target\":[\"https:\\\/\\\/www.revistarambla.com\\\/espana-despliega-un-buque-armado-con-canones-israelies-para-escoltar-la-flotilla-de-gaza\\\/\"]}]},{\"@type\":\"ImageObject\",\"inLanguage\":\"en-GB\",\"@id\":\"https:\\\/\\\/www.revistarambla.com\\\/espana-despliega-un-buque-armado-con-canones-israelies-para-escoltar-la-flotilla-de-gaza\\\/#primaryimage\",\"url\":\"https:\\\/\\\/www.revistarambla.com\\\/wp-content\\\/uploads\\\/2025\\\/09\\\/buque-furor.jpg\",\"contentUrl\":\"https:\\\/\\\/www.revistarambla.com\\\/wp-content\\\/uploads\\\/2025\\\/09\\\/buque-furor.jpg\",\"width\":800,\"height\":600,\"caption\":\"buque furor\"},{\"@type\":\"BreadcrumbList\",\"@id\":\"https:\\\/\\\/www.revistarambla.com\\\/espana-despliega-un-buque-armado-con-canones-israelies-para-escoltar-la-flotilla-de-gaza\\\/#breadcrumb\",\"itemListElement\":[{\"@type\":\"ListItem\",\"position\":1,\"name\":\"Portada\",\"item\":\"https:\\\/\\\/www.revistarambla.com\\\/\"},{\"@type\":\"ListItem\",\"position\":2,\"name\":\"Espa\u00f1a despliega un buque armado con ca\u00f1ones israel\u00edes para escoltar la Flotilla de Gaza\"}]},{\"@type\":\"WebSite\",\"@id\":\"https:\\\/\\\/www.revistarambla.com\\\/#website\",\"url\":\"https:\\\/\\\/www.revistarambla.com\\\/\",\"name\":\"Revista Rambla Barcelona\",\"description\":\"Periodismo independiente\",\"publisher\":{\"@id\":\"https:\\\/\\\/www.revistarambla.com\\\/#organization\"},\"potentialAction\":[{\"@type\":\"SearchAction\",\"target\":{\"@type\":\"EntryPoint\",\"urlTemplate\":\"https:\\\/\\\/www.revistarambla.com\\\/?s={search_term_string}\"},\"query-input\":{\"@type\":\"PropertyValueSpecification\",\"valueRequired\":true,\"valueName\":\"search_term_string\"}}],\"inLanguage\":\"en-GB\"},{\"@type\":\"Organization\",\"@id\":\"https:\\\/\\\/www.revistarambla.com\\\/#organization\",\"name\":\"Revista Rambla\",\"url\":\"https:\\\/\\\/www.revistarambla.com\\\/\",\"logo\":{\"@type\":\"ImageObject\",\"inLanguage\":\"en-GB\",\"@id\":\"https:\\\/\\\/www.revistarambla.com\\\/#\\\/schema\\\/logo\\\/image\\\/\",\"url\":\"https:\\\/\\\/www.revistarambla.com\\\/wp-content\\\/uploads\\\/2020\\\/09\\\/banner_rambla_1900x600_BB.png\",\"contentUrl\":\"https:\\\/\\\/www.revistarambla.com\\\/wp-content\\\/uploads\\\/2020\\\/09\\\/banner_rambla_1900x600_BB.png\",\"width\":1900,\"height\":600,\"caption\":\"Revista Rambla\"},\"image\":{\"@id\":\"https:\\\/\\\/www.revistarambla.com\\\/#\\\/schema\\\/logo\\\/image\\\/\"},\"sameAs\":[\"https:\\\/\\\/www.facebook.com\\\/revistarambla\\\/\",\"https:\\\/\\\/x.com\\\/revistarambla\",\"https:\\\/\\\/www.instagram.com\\\/revista_rambla\",\"https:\\\/\\\/es.linkedin.com\\\/company\\\/revista-rambla\"]},{\"@type\":\"Person\",\"@id\":\"https:\\\/\\\/www.revistarambla.com\\\/#\\\/schema\\\/person\\\/a146a5a2550b94981a75131180e1bd9c\",\"name\":\"R@mbla\",\"description\":\"Este art\u00edculo ha sido redactado y\\\/o validado por el equipo de redacci\u00f3n de Revista Rambla.\",\"sameAs\":[\"https:\\\/\\\/www.revistarambla.com\\\/\",\"https:\\\/\\\/www.facebook.com\\\/revistarambla\",\"https:\\\/\\\/x.com\\\/revistarambla\"]}]}<\/script>\n<!-- \/ Yoast SEO plugin. -->","yoast_head_json":{"title":"Espa\u00f1a despliega un buque armado con ca\u00f1ones israel\u00edes para escoltar la Flotilla de Gaza - Revista Rambla","robots":{"index":"index","follow":"follow","max-snippet":"max-snippet:-1","max-image-preview":"max-image-preview:large","max-video-preview":"max-video-preview:-1"},"canonical":"https:\/\/www.revistarambla.com\/en\/espana-despliega-un-buque-armado-con-canones-israelies-para-escoltar-la-flotilla-de-gaza\/","og_locale":"en_GB","og_type":"article","og_title":"Espa\u00f1a despliega un buque armado con ca\u00f1ones israel\u00edes para escoltar la Flotilla de Gaza - Revista Rambla","og_description":"El Buque de Acci\u00f3n Mar\u00edtima (BAM) Furor (P-46) ultima sus maniobras en el Arsenal de Cartagena. Este jueves, a las 14:00 horas, la nave de 93 metros de eslora zarpaba rumbo al Mediterr\u00e1neo oriental, cargada no solo de v\u00edveres y pertrechos navales, sino de un simbolismo cargado de iron\u00edas geopol\u00edticas. [&hellip;]","og_url":"https:\/\/www.revistarambla.com\/en\/espana-despliega-un-buque-armado-con-canones-israelies-para-escoltar-la-flotilla-de-gaza\/","og_site_name":"Revista Rambla","article_publisher":"https:\/\/www.facebook.com\/revistarambla\/","article_author":"https:\/\/www.facebook.com\/revistarambla","article_published_time":"2025-09-25T17:24:48+00:00","article_modified_time":"2025-09-25T17:45:06+00:00","og_image":[{"width":800,"height":600,"url":"https:\/\/www.revistarambla.com\/wp-content\/uploads\/2025\/09\/buque-furor.jpg","type":"image\/jpeg"}],"author":"R@mbla","twitter_card":"summary_large_image","twitter_creator":"@revistarambla","twitter_site":"@revistarambla","twitter_misc":{"Written by":"R@mbla","Estimated reading time":"9 minutes"},"schema":{"@context":"https:\/\/schema.org","@graph":[{"@type":"Article","@id":"https:\/\/www.revistarambla.com\/espana-despliega-un-buque-armado-con-canones-israelies-para-escoltar-la-flotilla-de-gaza\/#article","isPartOf":{"@id":"https:\/\/www.revistarambla.com\/espana-despliega-un-buque-armado-con-canones-israelies-para-escoltar-la-flotilla-de-gaza\/"},"author":{"name":"R@mbla","@id":"https:\/\/www.revistarambla.com\/#\/schema\/person\/a146a5a2550b94981a75131180e1bd9c"},"headline":"Espa\u00f1a despliega un buque armado con ca\u00f1ones israel\u00edes para escoltar la Flotilla de Gaza","datePublished":"2025-09-25T17:24:48+00:00","dateModified":"2025-09-25T17:45:06+00:00","mainEntityOfPage":{"@id":"https:\/\/www.revistarambla.com\/espana-despliega-un-buque-armado-con-canones-israelies-para-escoltar-la-flotilla-de-gaza\/"},"wordCount":1992,"publisher":{"@id":"https:\/\/www.revistarambla.com\/#organization"},"image":{"@id":"https:\/\/www.revistarambla.com\/espana-despliega-un-buque-armado-con-canones-israelies-para-escoltar-la-flotilla-de-gaza\/#primaryimage"},"thumbnailUrl":"https:\/\/www.revistarambla.com\/wp-content\/uploads\/2025\/09\/buque-furor.jpg","articleSection":["Estado Espa\u00f1ol"],"inLanguage":"en-GB"},{"@type":"WebPage","@id":"https:\/\/www.revistarambla.com\/espana-despliega-un-buque-armado-con-canones-israelies-para-escoltar-la-flotilla-de-gaza\/","url":"https:\/\/www.revistarambla.com\/espana-despliega-un-buque-armado-con-canones-israelies-para-escoltar-la-flotilla-de-gaza\/","name":"Espa\u00f1a despliega un buque armado con ca\u00f1ones israel\u00edes para escoltar la Flotilla de Gaza - Revista Rambla","isPartOf":{"@id":"https:\/\/www.revistarambla.com\/#website"},"primaryImageOfPage":{"@id":"https:\/\/www.revistarambla.com\/espana-despliega-un-buque-armado-con-canones-israelies-para-escoltar-la-flotilla-de-gaza\/#primaryimage"},"image":{"@id":"https:\/\/www.revistarambla.com\/espana-despliega-un-buque-armado-con-canones-israelies-para-escoltar-la-flotilla-de-gaza\/#primaryimage"},"thumbnailUrl":"https:\/\/www.revistarambla.com\/wp-content\/uploads\/2025\/09\/buque-furor.jpg","datePublished":"2025-09-25T17:24:48+00:00","dateModified":"2025-09-25T17:45:06+00:00","breadcrumb":{"@id":"https:\/\/www.revistarambla.com\/espana-despliega-un-buque-armado-con-canones-israelies-para-escoltar-la-flotilla-de-gaza\/#breadcrumb"},"inLanguage":"en-GB","potentialAction":[{"@type":"ReadAction","target":["https:\/\/www.revistarambla.com\/espana-despliega-un-buque-armado-con-canones-israelies-para-escoltar-la-flotilla-de-gaza\/"]}]},{"@type":"ImageObject","inLanguage":"en-GB","@id":"https:\/\/www.revistarambla.com\/espana-despliega-un-buque-armado-con-canones-israelies-para-escoltar-la-flotilla-de-gaza\/#primaryimage","url":"https:\/\/www.revistarambla.com\/wp-content\/uploads\/2025\/09\/buque-furor.jpg","contentUrl":"https:\/\/www.revistarambla.com\/wp-content\/uploads\/2025\/09\/buque-furor.jpg","width":800,"height":600,"caption":"buque furor"},{"@type":"BreadcrumbList","@id":"https:\/\/www.revistarambla.com\/espana-despliega-un-buque-armado-con-canones-israelies-para-escoltar-la-flotilla-de-gaza\/#breadcrumb","itemListElement":[{"@type":"ListItem","position":1,"name":"Portada","item":"https:\/\/www.revistarambla.com\/"},{"@type":"ListItem","position":2,"name":"Espa\u00f1a despliega un buque armado con ca\u00f1ones israel\u00edes para escoltar la Flotilla de Gaza"}]},{"@type":"WebSite","@id":"https:\/\/www.revistarambla.com\/#website","url":"https:\/\/www.revistarambla.com\/","name":"Revista Rambla Barcelona","description":"Periodismo independiente","publisher":{"@id":"https:\/\/www.revistarambla.com\/#organization"},"potentialAction":[{"@type":"SearchAction","target":{"@type":"EntryPoint","urlTemplate":"https:\/\/www.revistarambla.com\/?s={search_term_string}"},"query-input":{"@type":"PropertyValueSpecification","valueRequired":true,"valueName":"search_term_string"}}],"inLanguage":"en-GB"},{"@type":"Organization","@id":"https:\/\/www.revistarambla.com\/#organization","name":"Revista Rambla","url":"https:\/\/www.revistarambla.com\/","logo":{"@type":"ImageObject","inLanguage":"en-GB","@id":"https:\/\/www.revistarambla.com\/#\/schema\/logo\/image\/","url":"https:\/\/www.revistarambla.com\/wp-content\/uploads\/2020\/09\/banner_rambla_1900x600_BB.png","contentUrl":"https:\/\/www.revistarambla.com\/wp-content\/uploads\/2020\/09\/banner_rambla_1900x600_BB.png","width":1900,"height":600,"caption":"Revista Rambla"},"image":{"@id":"https:\/\/www.revistarambla.com\/#\/schema\/logo\/image\/"},"sameAs":["https:\/\/www.facebook.com\/revistarambla\/","https:\/\/x.com\/revistarambla","https:\/\/www.instagram.com\/revista_rambla","https:\/\/es.linkedin.com\/company\/revista-rambla"]},{"@type":"Person","@id":"https:\/\/www.revistarambla.com\/#\/schema\/person\/a146a5a2550b94981a75131180e1bd9c","name":"R@mbla","description":"Este art\u00edculo ha sido redactado y\/o validado por el equipo de redacci\u00f3n de Revista Rambla.","sameAs":["https:\/\/www.revistarambla.com\/","https:\/\/www.facebook.com\/revistarambla","https:\/\/x.com\/revistarambla"]}]}},"_links":{"self":[{"href":"https:\/\/www.revistarambla.com\/en\/wp-json\/wp\/v2\/posts\/66715","targetHints":{"allow":["GET"]}}],"collection":[{"href":"https:\/\/www.revistarambla.com\/en\/wp-json\/wp\/v2\/posts"}],"about":[{"href":"https:\/\/www.revistarambla.com\/en\/wp-json\/wp\/v2\/types\/post"}],"author":[{"embeddable":true,"href":"https:\/\/www.revistarambla.com\/en\/wp-json\/wp\/v2\/users\/3"}],"replies":[{"embeddable":true,"href":"https:\/\/www.revistarambla.com\/en\/wp-json\/wp\/v2\/comments?post=66715"}],"version-history":[{"count":2,"href":"https:\/\/www.revistarambla.com\/en\/wp-json\/wp\/v2\/posts\/66715\/revisions"}],"predecessor-version":[{"id":66718,"href":"https:\/\/www.revistarambla.com\/en\/wp-json\/wp\/v2\/posts\/66715\/revisions\/66718"}],"wp:featuredmedia":[{"embeddable":true,"href":"https:\/\/www.revistarambla.com\/en\/wp-json\/wp\/v2\/media\/66716"}],"wp:attachment":[{"href":"https:\/\/www.revistarambla.com\/en\/wp-json\/wp\/v2\/media?parent=66715"}],"wp:term":[{"taxonomy":"category","embeddable":true,"href":"https:\/\/www.revistarambla.com\/en\/wp-json\/wp\/v2\/categories?post=66715"},{"taxonomy":"post_tag","embeddable":true,"href":"https:\/\/www.revistarambla.com\/en\/wp-json\/wp\/v2\/tags?post=66715"}],"curies":[{"name":"wp","href":"https:\/\/api.w.org\/{rel}","templated":true}]}}