{"id":66707,"date":"2025-09-25T08:20:39","date_gmt":"2025-09-25T06:20:39","guid":{"rendered":"https:\/\/www.revistarambla.com\/?p=66707"},"modified":"2025-09-25T08:20:39","modified_gmt":"2025-09-25T06:20:39","slug":"albergue-la-casa-de-gandara-destino-ideal-para-viajes-escolares-y-campamentos-en-cantabria","status":"publish","type":"post","link":"https:\/\/www.revistarambla.com\/en\/albergue-la-casa-de-gandara-destino-ideal-para-viajes-escolares-y-campamentos-en-cantabria\/","title":{"rendered":"Albergue La Casa de G\u00e1ndara: destino ideal para viajes escolares y campamentos en Cantabria"},"content":{"rendered":"<p>Los viajes escolares y los campamentos representan mucho m\u00e1s que un descanso en la rutina acad\u00e9mica. Estas actividades son espacios valiosos de aprendizaje donde los alumnos enfrentan desaf\u00edos pr\u00e1cticos que promueven la colaboraci\u00f3n, la convivencia y el crecimiento personal. Participar en actividades como juegos de orientaci\u00f3n, realizar rutas de senderismo adaptadas a diferentes niveles o dormir en un campamento bajo el cielo estrellado son experiencias que fortalecen la empat\u00eda, la tolerancia y la capacidad de escucha. Estos son valores fundamentales que, seg\u00fan coinciden diversos profesores, dif\u00edcilmente se pueden adquirir \u00fanicamente dentro del aula.<\/p>\n<h2><b>Cantabria, un destino excepcional para escolares<\/b><\/h2>\n<p>La Comunidad de Cantabria brinda un entorno \u00fanico para quienes desean combinar educaci\u00f3n, naturaleza y cultura en un solo viaje. Gracias a su variedad de paisajes y su rico patrimonio, esta regi\u00f3n se presenta como un lugar ideal para viajes escolares llenos de exploraci\u00f3n y aventura. En este contexto, <b>los <\/b><a href=\"https:\/\/alberguelacasadegandara.com\/\" target=\"_blank\" rel=\"nofollow noopener\"><b>albergues juveniles Cantabria<\/b><\/a> juegan un papel fundamental, ya que ofrecen alojamiento c\u00f3modo y seguro para grupos numerosos, adem\u00e1s de contar con programas dise\u00f1ados para adaptarse a las necesidades educativas de cada centro o asociaci\u00f3n.<\/p>\n<p>Uno de los principales atractivos de Cantabria es la armon\u00eda que mantiene entre su herencia cultural y su entorno natural. Por ejemplo, <b>Santillana del Mar<\/b> se puede considerar un aut\u00e9ntico museo al aire libre. Sus calles empedradas, las casas tradicionales de piedra y la impresionante Colegiata de Santa Juliana proporcionan una inmersi\u00f3n en la Edad Media que resulta fascinante para ni\u00f1os y j\u00f3venes. Adem\u00e1s, la Neocueva de Altamira permite un acercamiento al arte rupestre donde los estudiantes pueden conocer c\u00f3mo viv\u00edan nuestros antepasados hace miles de a\u00f1os.<\/p>\n<p>Otro recurso imprescindible en la zona es el <b>Museo de la Naturaleza de Cantabria<\/b>, ubicado en Carrejo. Este espacio ofrece una perspectiva educativa sobre la biodiversidad con piezas de animales disecados, exposiciones interactivas y talleres formativos que convierten a los escolares en protagonistas activos del aprendizaje.<\/p>\n<h2><b>La naturaleza como una verdadera aula viva<\/b><\/h2>\n<p>Una de las grandes joyas de Cantabria es su impresionante riqueza natural. El <b>Parque de la Naturaleza de Cab\u00e1rceno<\/b> es una visita imprescindible. Con m\u00e1s de 120 especies en semilibertad, este lugar permite que los estudiantes aprendan sobre diversidad biol\u00f3gica y ecosistemas de manera directa y vivencial. El recorrido por sus 750 hect\u00e1reas, que anteriormente fue una explotaci\u00f3n minera, integra geolog\u00eda, fauna y paisajes singulares, haciendo del paseo una aut\u00e9ntica clase pr\u00e1ctica de ciencias naturales.<\/p>\n<p>Tambi\u00e9n el <b>Parque Natural de las Dunas de Liencres<\/b>, en Pi\u00e9lagos, ejemplifica c\u00f3mo el medio natural se convierte en un recurso educativo. Sus dunas m\u00f3viles, playas abiertas al mar Cant\u00e1brico, pinares y acantilados brindan a los ni\u00f1os la oportunidad de estudiar la geograf\u00eda costera, la flora marina y la influencia de las mareas en los ecosistemas locales.<\/p>\n<p>Por otro lado, el <b>Parque Natural de Oyambre<\/b> agrega un valor especial al encontrarse entre Comillas y San Vicente de la Barquera. Este espacio alberga estuarios, marismas, playas y bosques que conforman un aut\u00e9ntico mosaico ecol\u00f3gico donde es posible observar aves migratorias y comprender la importancia de los humedales. Para los estudiantes, disfrutar de este entorno supone experimentar la naturaleza como un laboratorio abierto.<\/p>\n<h2><b>Albergue La Casa de G\u00e1ndara: tradici\u00f3n y modernidad para la educaci\u00f3n<\/b><\/h2>\n<p>Dentro del conjunto de <b>albergues juveniles en Cantabria<\/b>, el <b>Albergue La Casa de G\u00e1ndara<\/b> destaca como un referente para grupos escolares y asociaciones. Situado en una zona rural aut\u00e9ntica, este albergue combina el valor hist\u00f3rico y la tradici\u00f3n con todas las comodidades necesarias para que los j\u00f3venes tengan una estancia segura y formativa.<\/p>\n<p>El albergue ofrece:<\/p>\n<ul>\n<li aria-level=\"1\"><b>Habitaciones amplias<\/b> que albergan c\u00f3modamente grupos de distintos tama\u00f1os.<\/li>\n<li aria-level=\"1\"><b>Comedores acogedores<\/b> con men\u00fas pensados para cubrir diversas necesidades alimenticias, elaborados con productos locales de calidad.<\/li>\n<li aria-level=\"1\"><b>Espacios comunes<\/b> dise\u00f1ados para promover la convivencia y la participaci\u00f3n en actividades grupales.<\/li>\n<li aria-level=\"1\"><b>Programas de convivencias<\/b> de 24 horas, que incluyen talleres y din\u00e1micas que refuerzan la autonom\u00eda y la colaboraci\u00f3n en equipo.<\/li>\n<li aria-level=\"1\"><b>Campamentos organizados<\/b>, con excursiones a lugares como Cab\u00e1rceno, Altamira, El Soplao, Potes, el Valle de Li\u00e9bana o el Capricho de Gaud\u00ed en Comillas.<\/li>\n<\/ul>\n<p>Adem\u00e1s, el albergue conserva una <b>iglesia del siglo XVII<\/b>, que aporta un toque hist\u00f3rico y cultural adicional, conectando a los visitantes con las ra\u00edces de la regi\u00f3n. Todo esto se encuentra en un entorno tranquilo que invita al aprendizaje, a la convivencia y al respeto hacia el medio ambiente.<\/p>\n<h2><b>Un recurso indispensable para colegios y asociaciones<\/b><\/h2>\n<p>En tiempos donde los j\u00f3venes dedican gran parte de su d\u00eda a las pantallas, la posibilidad de realizar convivencias en <b>albergues juveniles<\/b> cobra a\u00fan mayor relevancia. Estas vivencias facilitan recuperar el contacto con la naturaleza, fortalecer los v\u00ednculos entre compa\u00f1eros y aportar valores que acompa\u00f1ar\u00e1n a los estudiantes a lo largo de su vida.<\/p>\n<p>Cantabria, con su impresionante patrimonio cultural y entorno natural, se presenta como un escenario ideal para este tipo de experiencias. Asimismo, el <b>Albergue La Casa de G\u00e1ndara<\/b>, gracias a sus instalaciones y programas educativos, surge como una opci\u00f3n de primera categor\u00eda dentro de los <b>albergues juveniles en Cantabria<\/b>. Una elecci\u00f3n confiable y enriquecedora para colegios y asociaciones que desean ofrecer algo m\u00e1s que un simple lugar para alojarse: una experiencia formativa completa.<\/p>","protected":false},"excerpt":{"rendered":"<p>Los viajes escolares y los campamentos representan mucho m\u00e1s que un descanso en la rutina acad\u00e9mica. Estas actividades son espacios valiosos de aprendizaje donde los alumnos enfrentan desaf\u00edos pr\u00e1cticos que promueven la colaboraci\u00f3n, la convivencia y el crecimiento personal. Participar en actividades como juegos de orientaci\u00f3n, realizar rutas de senderismo [&hellip;]<\/p>\n","protected":false},"author":3,"featured_media":66708,"comment_status":"closed","ping_status":"closed","sticky":false,"template":"","format":"standard","meta":{"footnotes":""},"categories":[3790],"tags":[],"class_list":["post-66707","post","type-post","status-publish","format-standard","has-post-thumbnail","hentry","category-otras-noticias"],"yoast_head":"<!-- This site is optimized with the Yoast SEO plugin v27.5 - https:\/\/yoast.com\/product\/yoast-seo-wordpress\/ -->\n<title>Albergue La Casa de G\u00e1ndara: destino ideal para viajes escolares y campamentos en Cantabria - Revista Rambla<\/title>\n<meta name=\"robots\" content=\"index, follow, max-snippet:-1, max-image-preview:large, max-video-preview:-1\" \/>\n<link rel=\"canonical\" href=\"https:\/\/www.revistarambla.com\/en\/albergue-la-casa-de-gandara-destino-ideal-para-viajes-escolares-y-campamentos-en-cantabria\/\" \/>\n<meta property=\"og:locale\" content=\"en_GB\" \/>\n<meta property=\"og:type\" content=\"article\" \/>\n<meta property=\"og:title\" content=\"Albergue La Casa de G\u00e1ndara: destino ideal para viajes escolares y campamentos en Cantabria - Revista Rambla\" \/>\n<meta property=\"og:description\" content=\"Los viajes escolares y los campamentos representan mucho m\u00e1s que un descanso en la rutina acad\u00e9mica. Estas actividades son espacios valiosos de aprendizaje donde los alumnos enfrentan desaf\u00edos pr\u00e1cticos que promueven la colaboraci\u00f3n, la convivencia y el crecimiento personal. Participar en actividades como juegos de orientaci\u00f3n, realizar rutas de senderismo [&hellip;]\" \/>\n<meta property=\"og:url\" content=\"https:\/\/www.revistarambla.com\/en\/albergue-la-casa-de-gandara-destino-ideal-para-viajes-escolares-y-campamentos-en-cantabria\/\" \/>\n<meta property=\"og:site_name\" content=\"Revista Rambla\" \/>\n<meta property=\"article:publisher\" content=\"https:\/\/www.facebook.com\/revistarambla\/\" \/>\n<meta property=\"article:author\" content=\"https:\/\/www.facebook.com\/revistarambla\" \/>\n<meta property=\"article:published_time\" content=\"2025-09-25T06:20:39+00:00\" \/>\n<meta property=\"og:image\" content=\"https:\/\/www.revistarambla.com\/wp-content\/uploads\/2025\/09\/albergues-juveniles-cantabria.jpg\" \/>\n\t<meta property=\"og:image:width\" content=\"900\" \/>\n\t<meta property=\"og:image:height\" content=\"595\" \/>\n\t<meta property=\"og:image:type\" content=\"image\/jpeg\" \/>\n<meta name=\"author\" content=\"R@mbla\" \/>\n<meta name=\"twitter:card\" content=\"summary_large_image\" \/>\n<meta name=\"twitter:creator\" content=\"@revistarambla\" \/>\n<meta name=\"twitter:site\" content=\"@revistarambla\" \/>\n<meta name=\"twitter:label1\" content=\"Written by\" \/>\n\t<meta name=\"twitter:data1\" content=\"R@mbla\" \/>\n\t<meta name=\"twitter:label2\" content=\"Estimated reading time\" \/>\n\t<meta name=\"twitter:data2\" content=\"5 minutes\" \/>\n<script type=\"application\/ld+json\" class=\"yoast-schema-graph\">{\"@context\":\"https:\\\/\\\/schema.org\",\"@graph\":[{\"@type\":\"Article\",\"@id\":\"https:\\\/\\\/www.revistarambla.com\\\/albergue-la-casa-de-gandara-destino-ideal-para-viajes-escolares-y-campamentos-en-cantabria\\\/#article\",\"isPartOf\":{\"@id\":\"https:\\\/\\\/www.revistarambla.com\\\/albergue-la-casa-de-gandara-destino-ideal-para-viajes-escolares-y-campamentos-en-cantabria\\\/\"},\"author\":{\"name\":\"R@mbla\",\"@id\":\"https:\\\/\\\/www.revistarambla.com\\\/#\\\/schema\\\/person\\\/a146a5a2550b94981a75131180e1bd9c\"},\"headline\":\"Albergue La Casa de G\u00e1ndara: destino ideal para viajes escolares y campamentos en Cantabria\",\"datePublished\":\"2025-09-25T06:20:39+00:00\",\"mainEntityOfPage\":{\"@id\":\"https:\\\/\\\/www.revistarambla.com\\\/albergue-la-casa-de-gandara-destino-ideal-para-viajes-escolares-y-campamentos-en-cantabria\\\/\"},\"wordCount\":937,\"publisher\":{\"@id\":\"https:\\\/\\\/www.revistarambla.com\\\/#organization\"},\"image\":{\"@id\":\"https:\\\/\\\/www.revistarambla.com\\\/albergue-la-casa-de-gandara-destino-ideal-para-viajes-escolares-y-campamentos-en-cantabria\\\/#primaryimage\"},\"thumbnailUrl\":\"https:\\\/\\\/www.revistarambla.com\\\/wp-content\\\/uploads\\\/2025\\\/09\\\/albergues-juveniles-cantabria.jpg\",\"articleSection\":[\"Otras Noticias\"],\"inLanguage\":\"en-GB\"},{\"@type\":\"WebPage\",\"@id\":\"https:\\\/\\\/www.revistarambla.com\\\/albergue-la-casa-de-gandara-destino-ideal-para-viajes-escolares-y-campamentos-en-cantabria\\\/\",\"url\":\"https:\\\/\\\/www.revistarambla.com\\\/albergue-la-casa-de-gandara-destino-ideal-para-viajes-escolares-y-campamentos-en-cantabria\\\/\",\"name\":\"Albergue La Casa de G\u00e1ndara: destino ideal para viajes escolares y campamentos en Cantabria - Revista Rambla\",\"isPartOf\":{\"@id\":\"https:\\\/\\\/www.revistarambla.com\\\/#website\"},\"primaryImageOfPage\":{\"@id\":\"https:\\\/\\\/www.revistarambla.com\\\/albergue-la-casa-de-gandara-destino-ideal-para-viajes-escolares-y-campamentos-en-cantabria\\\/#primaryimage\"},\"image\":{\"@id\":\"https:\\\/\\\/www.revistarambla.com\\\/albergue-la-casa-de-gandara-destino-ideal-para-viajes-escolares-y-campamentos-en-cantabria\\\/#primaryimage\"},\"thumbnailUrl\":\"https:\\\/\\\/www.revistarambla.com\\\/wp-content\\\/uploads\\\/2025\\\/09\\\/albergues-juveniles-cantabria.jpg\",\"datePublished\":\"2025-09-25T06:20:39+00:00\",\"breadcrumb\":{\"@id\":\"https:\\\/\\\/www.revistarambla.com\\\/albergue-la-casa-de-gandara-destino-ideal-para-viajes-escolares-y-campamentos-en-cantabria\\\/#breadcrumb\"},\"inLanguage\":\"en-GB\",\"potentialAction\":[{\"@type\":\"ReadAction\",\"target\":[\"https:\\\/\\\/www.revistarambla.com\\\/albergue-la-casa-de-gandara-destino-ideal-para-viajes-escolares-y-campamentos-en-cantabria\\\/\"]}]},{\"@type\":\"ImageObject\",\"inLanguage\":\"en-GB\",\"@id\":\"https:\\\/\\\/www.revistarambla.com\\\/albergue-la-casa-de-gandara-destino-ideal-para-viajes-escolares-y-campamentos-en-cantabria\\\/#primaryimage\",\"url\":\"https:\\\/\\\/www.revistarambla.com\\\/wp-content\\\/uploads\\\/2025\\\/09\\\/albergues-juveniles-cantabria.jpg\",\"contentUrl\":\"https:\\\/\\\/www.revistarambla.com\\\/wp-content\\\/uploads\\\/2025\\\/09\\\/albergues-juveniles-cantabria.jpg\",\"width\":900,\"height\":595,\"caption\":\"Albergue La Casa de G\u00e1ndara\"},{\"@type\":\"BreadcrumbList\",\"@id\":\"https:\\\/\\\/www.revistarambla.com\\\/albergue-la-casa-de-gandara-destino-ideal-para-viajes-escolares-y-campamentos-en-cantabria\\\/#breadcrumb\",\"itemListElement\":[{\"@type\":\"ListItem\",\"position\":1,\"name\":\"Portada\",\"item\":\"https:\\\/\\\/www.revistarambla.com\\\/\"},{\"@type\":\"ListItem\",\"position\":2,\"name\":\"Albergue La Casa de G\u00e1ndara: destino ideal para viajes escolares y campamentos en Cantabria\"}]},{\"@type\":\"WebSite\",\"@id\":\"https:\\\/\\\/www.revistarambla.com\\\/#website\",\"url\":\"https:\\\/\\\/www.revistarambla.com\\\/\",\"name\":\"Revista Rambla Barcelona\",\"description\":\"Periodismo independiente\",\"publisher\":{\"@id\":\"https:\\\/\\\/www.revistarambla.com\\\/#organization\"},\"potentialAction\":[{\"@type\":\"SearchAction\",\"target\":{\"@type\":\"EntryPoint\",\"urlTemplate\":\"https:\\\/\\\/www.revistarambla.com\\\/?s={search_term_string}\"},\"query-input\":{\"@type\":\"PropertyValueSpecification\",\"valueRequired\":true,\"valueName\":\"search_term_string\"}}],\"inLanguage\":\"en-GB\"},{\"@type\":\"Organization\",\"@id\":\"https:\\\/\\\/www.revistarambla.com\\\/#organization\",\"name\":\"Revista Rambla\",\"url\":\"https:\\\/\\\/www.revistarambla.com\\\/\",\"logo\":{\"@type\":\"ImageObject\",\"inLanguage\":\"en-GB\",\"@id\":\"https:\\\/\\\/www.revistarambla.com\\\/#\\\/schema\\\/logo\\\/image\\\/\",\"url\":\"https:\\\/\\\/www.revistarambla.com\\\/wp-content\\\/uploads\\\/2020\\\/09\\\/banner_rambla_1900x600_BB.png\",\"contentUrl\":\"https:\\\/\\\/www.revistarambla.com\\\/wp-content\\\/uploads\\\/2020\\\/09\\\/banner_rambla_1900x600_BB.png\",\"width\":1900,\"height\":600,\"caption\":\"Revista Rambla\"},\"image\":{\"@id\":\"https:\\\/\\\/www.revistarambla.com\\\/#\\\/schema\\\/logo\\\/image\\\/\"},\"sameAs\":[\"https:\\\/\\\/www.facebook.com\\\/revistarambla\\\/\",\"https:\\\/\\\/x.com\\\/revistarambla\",\"https:\\\/\\\/www.instagram.com\\\/revista_rambla\",\"https:\\\/\\\/es.linkedin.com\\\/company\\\/revista-rambla\"]},{\"@type\":\"Person\",\"@id\":\"https:\\\/\\\/www.revistarambla.com\\\/#\\\/schema\\\/person\\\/a146a5a2550b94981a75131180e1bd9c\",\"name\":\"R@mbla\",\"description\":\"Este art\u00edculo ha sido redactado y\\\/o validado por el equipo de redacci\u00f3n de Revista Rambla.\",\"sameAs\":[\"https:\\\/\\\/www.revistarambla.com\\\/\",\"https:\\\/\\\/www.facebook.com\\\/revistarambla\",\"https:\\\/\\\/x.com\\\/revistarambla\"]}]}<\/script>\n<!-- \/ Yoast SEO plugin. -->","yoast_head_json":{"title":"Albergue La Casa de G\u00e1ndara: destino ideal para viajes escolares y campamentos en Cantabria - Revista Rambla","robots":{"index":"index","follow":"follow","max-snippet":"max-snippet:-1","max-image-preview":"max-image-preview:large","max-video-preview":"max-video-preview:-1"},"canonical":"https:\/\/www.revistarambla.com\/en\/albergue-la-casa-de-gandara-destino-ideal-para-viajes-escolares-y-campamentos-en-cantabria\/","og_locale":"en_GB","og_type":"article","og_title":"Albergue La Casa de G\u00e1ndara: destino ideal para viajes escolares y campamentos en Cantabria - Revista Rambla","og_description":"Los viajes escolares y los campamentos representan mucho m\u00e1s que un descanso en la rutina acad\u00e9mica. Estas actividades son espacios valiosos de aprendizaje donde los alumnos enfrentan desaf\u00edos pr\u00e1cticos que promueven la colaboraci\u00f3n, la convivencia y el crecimiento personal. Participar en actividades como juegos de orientaci\u00f3n, realizar rutas de senderismo [&hellip;]","og_url":"https:\/\/www.revistarambla.com\/en\/albergue-la-casa-de-gandara-destino-ideal-para-viajes-escolares-y-campamentos-en-cantabria\/","og_site_name":"Revista Rambla","article_publisher":"https:\/\/www.facebook.com\/revistarambla\/","article_author":"https:\/\/www.facebook.com\/revistarambla","article_published_time":"2025-09-25T06:20:39+00:00","og_image":[{"width":900,"height":595,"url":"https:\/\/www.revistarambla.com\/wp-content\/uploads\/2025\/09\/albergues-juveniles-cantabria.jpg","type":"image\/jpeg"}],"author":"R@mbla","twitter_card":"summary_large_image","twitter_creator":"@revistarambla","twitter_site":"@revistarambla","twitter_misc":{"Written by":"R@mbla","Estimated reading time":"5 minutes"},"schema":{"@context":"https:\/\/schema.org","@graph":[{"@type":"Article","@id":"https:\/\/www.revistarambla.com\/albergue-la-casa-de-gandara-destino-ideal-para-viajes-escolares-y-campamentos-en-cantabria\/#article","isPartOf":{"@id":"https:\/\/www.revistarambla.com\/albergue-la-casa-de-gandara-destino-ideal-para-viajes-escolares-y-campamentos-en-cantabria\/"},"author":{"name":"R@mbla","@id":"https:\/\/www.revistarambla.com\/#\/schema\/person\/a146a5a2550b94981a75131180e1bd9c"},"headline":"Albergue La Casa de G\u00e1ndara: destino ideal para viajes escolares y campamentos en Cantabria","datePublished":"2025-09-25T06:20:39+00:00","mainEntityOfPage":{"@id":"https:\/\/www.revistarambla.com\/albergue-la-casa-de-gandara-destino-ideal-para-viajes-escolares-y-campamentos-en-cantabria\/"},"wordCount":937,"publisher":{"@id":"https:\/\/www.revistarambla.com\/#organization"},"image":{"@id":"https:\/\/www.revistarambla.com\/albergue-la-casa-de-gandara-destino-ideal-para-viajes-escolares-y-campamentos-en-cantabria\/#primaryimage"},"thumbnailUrl":"https:\/\/www.revistarambla.com\/wp-content\/uploads\/2025\/09\/albergues-juveniles-cantabria.jpg","articleSection":["Otras Noticias"],"inLanguage":"en-GB"},{"@type":"WebPage","@id":"https:\/\/www.revistarambla.com\/albergue-la-casa-de-gandara-destino-ideal-para-viajes-escolares-y-campamentos-en-cantabria\/","url":"https:\/\/www.revistarambla.com\/albergue-la-casa-de-gandara-destino-ideal-para-viajes-escolares-y-campamentos-en-cantabria\/","name":"Albergue La Casa de G\u00e1ndara: destino ideal para viajes escolares y campamentos en Cantabria - Revista Rambla","isPartOf":{"@id":"https:\/\/www.revistarambla.com\/#website"},"primaryImageOfPage":{"@id":"https:\/\/www.revistarambla.com\/albergue-la-casa-de-gandara-destino-ideal-para-viajes-escolares-y-campamentos-en-cantabria\/#primaryimage"},"image":{"@id":"https:\/\/www.revistarambla.com\/albergue-la-casa-de-gandara-destino-ideal-para-viajes-escolares-y-campamentos-en-cantabria\/#primaryimage"},"thumbnailUrl":"https:\/\/www.revistarambla.com\/wp-content\/uploads\/2025\/09\/albergues-juveniles-cantabria.jpg","datePublished":"2025-09-25T06:20:39+00:00","breadcrumb":{"@id":"https:\/\/www.revistarambla.com\/albergue-la-casa-de-gandara-destino-ideal-para-viajes-escolares-y-campamentos-en-cantabria\/#breadcrumb"},"inLanguage":"en-GB","potentialAction":[{"@type":"ReadAction","target":["https:\/\/www.revistarambla.com\/albergue-la-casa-de-gandara-destino-ideal-para-viajes-escolares-y-campamentos-en-cantabria\/"]}]},{"@type":"ImageObject","inLanguage":"en-GB","@id":"https:\/\/www.revistarambla.com\/albergue-la-casa-de-gandara-destino-ideal-para-viajes-escolares-y-campamentos-en-cantabria\/#primaryimage","url":"https:\/\/www.revistarambla.com\/wp-content\/uploads\/2025\/09\/albergues-juveniles-cantabria.jpg","contentUrl":"https:\/\/www.revistarambla.com\/wp-content\/uploads\/2025\/09\/albergues-juveniles-cantabria.jpg","width":900,"height":595,"caption":"Albergue La Casa de G\u00e1ndara"},{"@type":"BreadcrumbList","@id":"https:\/\/www.revistarambla.com\/albergue-la-casa-de-gandara-destino-ideal-para-viajes-escolares-y-campamentos-en-cantabria\/#breadcrumb","itemListElement":[{"@type":"ListItem","position":1,"name":"Portada","item":"https:\/\/www.revistarambla.com\/"},{"@type":"ListItem","position":2,"name":"Albergue La Casa de G\u00e1ndara: destino ideal para viajes escolares y campamentos en Cantabria"}]},{"@type":"WebSite","@id":"https:\/\/www.revistarambla.com\/#website","url":"https:\/\/www.revistarambla.com\/","name":"Revista Rambla Barcelona","description":"Periodismo independiente","publisher":{"@id":"https:\/\/www.revistarambla.com\/#organization"},"potentialAction":[{"@type":"SearchAction","target":{"@type":"EntryPoint","urlTemplate":"https:\/\/www.revistarambla.com\/?s={search_term_string}"},"query-input":{"@type":"PropertyValueSpecification","valueRequired":true,"valueName":"search_term_string"}}],"inLanguage":"en-GB"},{"@type":"Organization","@id":"https:\/\/www.revistarambla.com\/#organization","name":"Revista Rambla","url":"https:\/\/www.revistarambla.com\/","logo":{"@type":"ImageObject","inLanguage":"en-GB","@id":"https:\/\/www.revistarambla.com\/#\/schema\/logo\/image\/","url":"https:\/\/www.revistarambla.com\/wp-content\/uploads\/2020\/09\/banner_rambla_1900x600_BB.png","contentUrl":"https:\/\/www.revistarambla.com\/wp-content\/uploads\/2020\/09\/banner_rambla_1900x600_BB.png","width":1900,"height":600,"caption":"Revista Rambla"},"image":{"@id":"https:\/\/www.revistarambla.com\/#\/schema\/logo\/image\/"},"sameAs":["https:\/\/www.facebook.com\/revistarambla\/","https:\/\/x.com\/revistarambla","https:\/\/www.instagram.com\/revista_rambla","https:\/\/es.linkedin.com\/company\/revista-rambla"]},{"@type":"Person","@id":"https:\/\/www.revistarambla.com\/#\/schema\/person\/a146a5a2550b94981a75131180e1bd9c","name":"R@mbla","description":"Este art\u00edculo ha sido redactado y\/o validado por el equipo de redacci\u00f3n de Revista Rambla.","sameAs":["https:\/\/www.revistarambla.com\/","https:\/\/www.facebook.com\/revistarambla","https:\/\/x.com\/revistarambla"]}]}},"_links":{"self":[{"href":"https:\/\/www.revistarambla.com\/en\/wp-json\/wp\/v2\/posts\/66707","targetHints":{"allow":["GET"]}}],"collection":[{"href":"https:\/\/www.revistarambla.com\/en\/wp-json\/wp\/v2\/posts"}],"about":[{"href":"https:\/\/www.revistarambla.com\/en\/wp-json\/wp\/v2\/types\/post"}],"author":[{"embeddable":true,"href":"https:\/\/www.revistarambla.com\/en\/wp-json\/wp\/v2\/users\/3"}],"replies":[{"embeddable":true,"href":"https:\/\/www.revistarambla.com\/en\/wp-json\/wp\/v2\/comments?post=66707"}],"version-history":[{"count":1,"href":"https:\/\/www.revistarambla.com\/en\/wp-json\/wp\/v2\/posts\/66707\/revisions"}],"predecessor-version":[{"id":66709,"href":"https:\/\/www.revistarambla.com\/en\/wp-json\/wp\/v2\/posts\/66707\/revisions\/66709"}],"wp:featuredmedia":[{"embeddable":true,"href":"https:\/\/www.revistarambla.com\/en\/wp-json\/wp\/v2\/media\/66708"}],"wp:attachment":[{"href":"https:\/\/www.revistarambla.com\/en\/wp-json\/wp\/v2\/media?parent=66707"}],"wp:term":[{"taxonomy":"category","embeddable":true,"href":"https:\/\/www.revistarambla.com\/en\/wp-json\/wp\/v2\/categories?post=66707"},{"taxonomy":"post_tag","embeddable":true,"href":"https:\/\/www.revistarambla.com\/en\/wp-json\/wp\/v2\/tags?post=66707"}],"curies":[{"name":"wp","href":"https:\/\/api.w.org\/{rel}","templated":true}]}}