{"id":66704,"date":"2025-09-25T08:18:36","date_gmt":"2025-09-25T06:18:36","guid":{"rendered":"https:\/\/www.revistarambla.com\/?p=66704"},"modified":"2025-09-25T08:18:36","modified_gmt":"2025-09-25T06:18:36","slug":"verano-con-los-peregrinos-de-la-eucaristia-una-peregrinacion-para-sembrar-fe-y-alegria","status":"publish","type":"post","link":"https:\/\/www.revistarambla.com\/en\/verano-con-los-peregrinos-de-la-eucaristia-una-peregrinacion-para-sembrar-fe-y-alegria\/","title":{"rendered":"Verano con los Peregrinos de la Eucarist\u00eda: una peregrinaci\u00f3n para sembrar fe y alegr\u00eda"},"content":{"rendered":"<p>Enterrar un viejo tronco en las arenas de Nazar\u00e9 fue m\u00e1s que un gesto simb\u00f3lico: fue el comienzo de una semana transformadora. As\u00ed comenz\u00f3 el <b>campamento de verano<\/b> con los <a href=\"https:\/\/about.me\/peregrinoseucaristia\" target=\"_blank\" rel=\"nofollow noopener\"><b>Peregrinos <\/b><\/a><b>de la Eucarist\u00eda<\/b>, donde adolescentes de toda Espa\u00f1a vivieron una experiencia profunda de fe, juego, oraci\u00f3n y fraternidad. Una verdadera <b>peregrinaci\u00f3n juvenil<\/b> con Jes\u00fas en el centro.<\/p>\n<p>Ese tronco, seco por fuera pero sembrado con esperanza, representaba la posibilidad de florecer si se riega con vida interior. Y la fuente de esa vida fue clara para todos: <b>Jes\u00fas Eucarist\u00eda<\/b>.<\/p>\n<h2><b>Una partida hacia lo esencial por parte de los Peregrinos de la Eucarist\u00eda<\/b><\/h2>\n<p>Conscientes de la importancia del tiempo libre, los organizadores propusieron algo distinto: un campamento que no solo alejara de las pantallas, sino que acercara al coraz\u00f3n. Un espacio para compartir, divertirse y crecer.<\/p>\n<p>Ni\u00f1os y adolescentes partieron desde distintos puntos \u2014Madrid, Navarra, Sevilla\u2014 junto a consagrados y laicos. Juntos viajaron a F\u00e1tima, aunque lo m\u00e1s importante fue la <b>peregrinaci\u00f3n interior<\/b>que emprendieron durante esos d\u00edas, acompa\u00f1ados por la oraci\u00f3n y la amistad.<\/p>\n<p>El lema \u201c<b>T\u00fa eres mi meta<\/b>\u201d, con una custodia como inicial, estaba presente en cada camiseta. M\u00e1s que una frase, era una declaraci\u00f3n: <b>Jes\u00fas Eucarist\u00eda<\/b> es el centro del camino, el sentido del viaje, y la luz que lo ilumina todo.<\/p>\n<h2><b>Tres excursiones, muchas lecciones<\/b><\/h2>\n<p>El programa incluy\u00f3 visitas inolvidables. La primera fue a Nazar\u00e9, donde conocieron al Venerable Guido Sch\u00e4ffer, m\u00e9dico, surfista y seminarista brasile\u00f1o que vivi\u00f3 su fe con pasi\u00f3n. Tambi\u00e9n visitaron un antiguo santuario mariano, vinculado por tradici\u00f3n con Nazaret.<\/p>\n<p>En la segunda jornada, combinaron deporte y naturaleza con una excursi\u00f3n a las <b>Grutas da Moeda<\/b>, formaciones geol\u00f3gicas impresionantes. La tercera salida fue al <b>Santuario de F\u00e1tima<\/b>, donde oraron en la Capilla de las Apariciones y profundizaron en la historia de los pastorcitos.<\/p>\n<p>Adem\u00e1s de excursiones, hubo juegos por equipos. Pero no bastaba con ganar: tambi\u00e9n se valoraban los gestos de servicio, de escucha, de generosidad. As\u00ed, comprendieron que <b>ser Peregrino<\/b> es servir con alegr\u00eda, en lo grande y en lo peque\u00f1o.<\/p>\n<h2><b>Un momento que encendi\u00f3 corazones<\/b><\/h2>\n<p>La noche de adoraci\u00f3n fue uno de los momentos m\u00e1s conmovedores. En silencio, con velas apagadas, los j\u00f3venes esperaban la llegada del Sant\u00edsimo. Cuando <b>Jes\u00fas Eucarist\u00eda<\/b> fue expuesto, comenz\u00f3 a correr la luz, de mano en mano.<\/p>\n<p>Cada vela encendida era tambi\u00e9n un coraz\u00f3n que despertaba. La oscuridad del lugar se transform\u00f3 en un mar de peque\u00f1as luces unidas. Y esa unidad, nacida del amor de Cristo, fue el signo de una comunidad que camina junta hacia la verdad.<\/p>\n<h2><b>Cuando termina, empieza lo m\u00e1s importante<\/b><\/h2>\n<p>Al concluir la semana, los chicos regresaron a sus hogares con algo nuevo dentro. Ya no eran los mismos. Hab\u00edan descubierto que la vida cobra otro sentido cuando se camina con Jes\u00fas. Que <b>ser Peregrino<\/b>no es solo ponerse en marcha, sino hacerlo con direcci\u00f3n.<\/p>\n<p>Volvieron sabiendo que la verdadera alegr\u00eda no viene del tener, sino del darse. Que la fe no es una emoci\u00f3n pasajera, sino una roca firme sobre la cual construir, aunque cueste m\u00e1s tiempo y esfuerzo.<\/p>\n<h2><b>Perfil de Peregrinos de la Eucarist\u00eda<\/b><\/h2>\n<p>Los <b>Peregrinos de la Eucarist\u00eda<\/b>son una familia conformada por consagrados, consagradas, sacerdotes y laicos, donde cada miembro, seg\u00fan el carisma y la espiritualidad que lo identifica, realiza la ofrenda de su vida a Dios a semejanza del <b>Cordero de Dios<\/b>, para, como \u00c9l, ser aut\u00e9nticos servidores de Dios y de los hombres.<\/p>\n<p>Su misi\u00f3n consiste en <b>vivir la misma vida de Nuestro Se\u00f1or Jesucristo, presente y vivo en el misterio de la Eucarist\u00eda<\/b>, y comunicar esa vida a todos los que se acercan a ellos. Esta vivencia se expresa en los distintos apostolados con los que la comunidad es enriquecida, para poder dar respuesta a las necesidades pastorales concretas de cada uno de los lugares donde el Se\u00f1or les env\u00eda, especialmente all\u00ed donde la fe necesita ser fortalecida: <b>en contextos marcados por el dolor, la incertidumbre o el abandono<\/b>. A trav\u00e9s de la oraci\u00f3n, la vida misionera y el compromiso fraterno, los <b>Peregrinos de la Eucarist\u00eda<\/b>buscan ser testigos del amor de Dios, <b>llevando la luz de Jes\u00fas Eucarist\u00eda a quienes m\u00e1s lo necesitan.<\/b><\/p>","protected":false},"excerpt":{"rendered":"<p>Enterrar un viejo tronco en las arenas de Nazar\u00e9 fue m\u00e1s que un gesto simb\u00f3lico: fue el comienzo de una semana transformadora. As\u00ed comenz\u00f3 el campamento de verano con los Peregrinos de la Eucarist\u00eda, donde adolescentes de toda Espa\u00f1a vivieron una experiencia profunda de fe, juego, oraci\u00f3n y fraternidad. Una [&hellip;]<\/p>\n","protected":false},"author":3,"featured_media":66705,"comment_status":"closed","ping_status":"closed","sticky":false,"template":"","format":"standard","meta":{"footnotes":""},"categories":[3790],"tags":[],"class_list":["post-66704","post","type-post","status-publish","format-standard","has-post-thumbnail","hentry","category-otras-noticias"],"yoast_head":"<!-- This site is optimized with the Yoast SEO plugin v27.5 - https:\/\/yoast.com\/product\/yoast-seo-wordpress\/ -->\n<title>Verano con los Peregrinos de la Eucarist\u00eda: una peregrinaci\u00f3n para sembrar fe y alegr\u00eda - Revista Rambla<\/title>\n<meta name=\"robots\" content=\"index, follow, max-snippet:-1, max-image-preview:large, max-video-preview:-1\" \/>\n<link rel=\"canonical\" href=\"https:\/\/www.revistarambla.com\/en\/verano-con-los-peregrinos-de-la-eucaristia-una-peregrinacion-para-sembrar-fe-y-alegria\/\" \/>\n<meta property=\"og:locale\" content=\"en_GB\" \/>\n<meta property=\"og:type\" content=\"article\" \/>\n<meta property=\"og:title\" content=\"Verano con los Peregrinos de la Eucarist\u00eda: una peregrinaci\u00f3n para sembrar fe y alegr\u00eda - Revista Rambla\" \/>\n<meta property=\"og:description\" content=\"Enterrar un viejo tronco en las arenas de Nazar\u00e9 fue m\u00e1s que un gesto simb\u00f3lico: fue el comienzo de una semana transformadora. As\u00ed comenz\u00f3 el campamento de verano con los Peregrinos de la Eucarist\u00eda, donde adolescentes de toda Espa\u00f1a vivieron una experiencia profunda de fe, juego, oraci\u00f3n y fraternidad. Una [&hellip;]\" \/>\n<meta property=\"og:url\" content=\"https:\/\/www.revistarambla.com\/en\/verano-con-los-peregrinos-de-la-eucaristia-una-peregrinacion-para-sembrar-fe-y-alegria\/\" \/>\n<meta property=\"og:site_name\" content=\"Revista Rambla\" \/>\n<meta property=\"article:publisher\" content=\"https:\/\/www.facebook.com\/revistarambla\/\" \/>\n<meta property=\"article:author\" content=\"https:\/\/www.facebook.com\/revistarambla\" \/>\n<meta property=\"article:published_time\" content=\"2025-09-25T06:18:36+00:00\" \/>\n<meta property=\"og:image\" content=\"https:\/\/www.revistarambla.com\/wp-content\/uploads\/2025\/09\/Peregrinos-de-la-Eucaristia-5.jpg\" \/>\n\t<meta property=\"og:image:width\" content=\"1600\" \/>\n\t<meta property=\"og:image:height\" content=\"1200\" \/>\n\t<meta property=\"og:image:type\" content=\"image\/jpeg\" \/>\n<meta name=\"author\" content=\"R@mbla\" \/>\n<meta name=\"twitter:card\" content=\"summary_large_image\" \/>\n<meta name=\"twitter:creator\" content=\"@revistarambla\" \/>\n<meta name=\"twitter:site\" content=\"@revistarambla\" \/>\n<meta name=\"twitter:label1\" content=\"Written by\" \/>\n\t<meta name=\"twitter:data1\" content=\"R@mbla\" \/>\n\t<meta name=\"twitter:label2\" content=\"Estimated reading time\" \/>\n\t<meta name=\"twitter:data2\" content=\"4 minutes\" \/>\n<script type=\"application\/ld+json\" class=\"yoast-schema-graph\">{\"@context\":\"https:\\\/\\\/schema.org\",\"@graph\":[{\"@type\":\"Article\",\"@id\":\"https:\\\/\\\/www.revistarambla.com\\\/verano-con-los-peregrinos-de-la-eucaristia-una-peregrinacion-para-sembrar-fe-y-alegria\\\/#article\",\"isPartOf\":{\"@id\":\"https:\\\/\\\/www.revistarambla.com\\\/verano-con-los-peregrinos-de-la-eucaristia-una-peregrinacion-para-sembrar-fe-y-alegria\\\/\"},\"author\":{\"name\":\"R@mbla\",\"@id\":\"https:\\\/\\\/www.revistarambla.com\\\/#\\\/schema\\\/person\\\/a146a5a2550b94981a75131180e1bd9c\"},\"headline\":\"Verano con los Peregrinos de la Eucarist\u00eda: una peregrinaci\u00f3n para sembrar fe y alegr\u00eda\",\"datePublished\":\"2025-09-25T06:18:36+00:00\",\"mainEntityOfPage\":{\"@id\":\"https:\\\/\\\/www.revistarambla.com\\\/verano-con-los-peregrinos-de-la-eucaristia-una-peregrinacion-para-sembrar-fe-y-alegria\\\/\"},\"wordCount\":770,\"publisher\":{\"@id\":\"https:\\\/\\\/www.revistarambla.com\\\/#organization\"},\"image\":{\"@id\":\"https:\\\/\\\/www.revistarambla.com\\\/verano-con-los-peregrinos-de-la-eucaristia-una-peregrinacion-para-sembrar-fe-y-alegria\\\/#primaryimage\"},\"thumbnailUrl\":\"https:\\\/\\\/www.revistarambla.com\\\/wp-content\\\/uploads\\\/2025\\\/09\\\/Peregrinos-de-la-Eucaristia-5.jpg\",\"articleSection\":[\"Otras Noticias\"],\"inLanguage\":\"en-GB\"},{\"@type\":\"WebPage\",\"@id\":\"https:\\\/\\\/www.revistarambla.com\\\/verano-con-los-peregrinos-de-la-eucaristia-una-peregrinacion-para-sembrar-fe-y-alegria\\\/\",\"url\":\"https:\\\/\\\/www.revistarambla.com\\\/verano-con-los-peregrinos-de-la-eucaristia-una-peregrinacion-para-sembrar-fe-y-alegria\\\/\",\"name\":\"Verano con los Peregrinos de la Eucarist\u00eda: una peregrinaci\u00f3n para sembrar fe y alegr\u00eda - Revista Rambla\",\"isPartOf\":{\"@id\":\"https:\\\/\\\/www.revistarambla.com\\\/#website\"},\"primaryImageOfPage\":{\"@id\":\"https:\\\/\\\/www.revistarambla.com\\\/verano-con-los-peregrinos-de-la-eucaristia-una-peregrinacion-para-sembrar-fe-y-alegria\\\/#primaryimage\"},\"image\":{\"@id\":\"https:\\\/\\\/www.revistarambla.com\\\/verano-con-los-peregrinos-de-la-eucaristia-una-peregrinacion-para-sembrar-fe-y-alegria\\\/#primaryimage\"},\"thumbnailUrl\":\"https:\\\/\\\/www.revistarambla.com\\\/wp-content\\\/uploads\\\/2025\\\/09\\\/Peregrinos-de-la-Eucaristia-5.jpg\",\"datePublished\":\"2025-09-25T06:18:36+00:00\",\"breadcrumb\":{\"@id\":\"https:\\\/\\\/www.revistarambla.com\\\/verano-con-los-peregrinos-de-la-eucaristia-una-peregrinacion-para-sembrar-fe-y-alegria\\\/#breadcrumb\"},\"inLanguage\":\"en-GB\",\"potentialAction\":[{\"@type\":\"ReadAction\",\"target\":[\"https:\\\/\\\/www.revistarambla.com\\\/verano-con-los-peregrinos-de-la-eucaristia-una-peregrinacion-para-sembrar-fe-y-alegria\\\/\"]}]},{\"@type\":\"ImageObject\",\"inLanguage\":\"en-GB\",\"@id\":\"https:\\\/\\\/www.revistarambla.com\\\/verano-con-los-peregrinos-de-la-eucaristia-una-peregrinacion-para-sembrar-fe-y-alegria\\\/#primaryimage\",\"url\":\"https:\\\/\\\/www.revistarambla.com\\\/wp-content\\\/uploads\\\/2025\\\/09\\\/Peregrinos-de-la-Eucaristia-5.jpg\",\"contentUrl\":\"https:\\\/\\\/www.revistarambla.com\\\/wp-content\\\/uploads\\\/2025\\\/09\\\/Peregrinos-de-la-Eucaristia-5.jpg\",\"width\":1600,\"height\":1200,\"caption\":\"Peregrinos de la Eucarist\u00eda\"},{\"@type\":\"BreadcrumbList\",\"@id\":\"https:\\\/\\\/www.revistarambla.com\\\/verano-con-los-peregrinos-de-la-eucaristia-una-peregrinacion-para-sembrar-fe-y-alegria\\\/#breadcrumb\",\"itemListElement\":[{\"@type\":\"ListItem\",\"position\":1,\"name\":\"Portada\",\"item\":\"https:\\\/\\\/www.revistarambla.com\\\/\"},{\"@type\":\"ListItem\",\"position\":2,\"name\":\"Verano con los Peregrinos de la Eucarist\u00eda: una peregrinaci\u00f3n para sembrar fe y alegr\u00eda\"}]},{\"@type\":\"WebSite\",\"@id\":\"https:\\\/\\\/www.revistarambla.com\\\/#website\",\"url\":\"https:\\\/\\\/www.revistarambla.com\\\/\",\"name\":\"Revista Rambla Barcelona\",\"description\":\"Periodismo independiente\",\"publisher\":{\"@id\":\"https:\\\/\\\/www.revistarambla.com\\\/#organization\"},\"potentialAction\":[{\"@type\":\"SearchAction\",\"target\":{\"@type\":\"EntryPoint\",\"urlTemplate\":\"https:\\\/\\\/www.revistarambla.com\\\/?s={search_term_string}\"},\"query-input\":{\"@type\":\"PropertyValueSpecification\",\"valueRequired\":true,\"valueName\":\"search_term_string\"}}],\"inLanguage\":\"en-GB\"},{\"@type\":\"Organization\",\"@id\":\"https:\\\/\\\/www.revistarambla.com\\\/#organization\",\"name\":\"Revista Rambla\",\"url\":\"https:\\\/\\\/www.revistarambla.com\\\/\",\"logo\":{\"@type\":\"ImageObject\",\"inLanguage\":\"en-GB\",\"@id\":\"https:\\\/\\\/www.revistarambla.com\\\/#\\\/schema\\\/logo\\\/image\\\/\",\"url\":\"https:\\\/\\\/www.revistarambla.com\\\/wp-content\\\/uploads\\\/2020\\\/09\\\/banner_rambla_1900x600_BB.png\",\"contentUrl\":\"https:\\\/\\\/www.revistarambla.com\\\/wp-content\\\/uploads\\\/2020\\\/09\\\/banner_rambla_1900x600_BB.png\",\"width\":1900,\"height\":600,\"caption\":\"Revista Rambla\"},\"image\":{\"@id\":\"https:\\\/\\\/www.revistarambla.com\\\/#\\\/schema\\\/logo\\\/image\\\/\"},\"sameAs\":[\"https:\\\/\\\/www.facebook.com\\\/revistarambla\\\/\",\"https:\\\/\\\/x.com\\\/revistarambla\",\"https:\\\/\\\/www.instagram.com\\\/revista_rambla\",\"https:\\\/\\\/es.linkedin.com\\\/company\\\/revista-rambla\"]},{\"@type\":\"Person\",\"@id\":\"https:\\\/\\\/www.revistarambla.com\\\/#\\\/schema\\\/person\\\/a146a5a2550b94981a75131180e1bd9c\",\"name\":\"R@mbla\",\"description\":\"Este art\u00edculo ha sido redactado y\\\/o validado por el equipo de redacci\u00f3n de Revista Rambla.\",\"sameAs\":[\"https:\\\/\\\/www.revistarambla.com\\\/\",\"https:\\\/\\\/www.facebook.com\\\/revistarambla\",\"https:\\\/\\\/x.com\\\/revistarambla\"]}]}<\/script>\n<!-- \/ Yoast SEO plugin. -->","yoast_head_json":{"title":"Verano con los Peregrinos de la Eucarist\u00eda: una peregrinaci\u00f3n para sembrar fe y alegr\u00eda - Revista Rambla","robots":{"index":"index","follow":"follow","max-snippet":"max-snippet:-1","max-image-preview":"max-image-preview:large","max-video-preview":"max-video-preview:-1"},"canonical":"https:\/\/www.revistarambla.com\/en\/verano-con-los-peregrinos-de-la-eucaristia-una-peregrinacion-para-sembrar-fe-y-alegria\/","og_locale":"en_GB","og_type":"article","og_title":"Verano con los Peregrinos de la Eucarist\u00eda: una peregrinaci\u00f3n para sembrar fe y alegr\u00eda - Revista Rambla","og_description":"Enterrar un viejo tronco en las arenas de Nazar\u00e9 fue m\u00e1s que un gesto simb\u00f3lico: fue el comienzo de una semana transformadora. As\u00ed comenz\u00f3 el campamento de verano con los Peregrinos de la Eucarist\u00eda, donde adolescentes de toda Espa\u00f1a vivieron una experiencia profunda de fe, juego, oraci\u00f3n y fraternidad. Una [&hellip;]","og_url":"https:\/\/www.revistarambla.com\/en\/verano-con-los-peregrinos-de-la-eucaristia-una-peregrinacion-para-sembrar-fe-y-alegria\/","og_site_name":"Revista Rambla","article_publisher":"https:\/\/www.facebook.com\/revistarambla\/","article_author":"https:\/\/www.facebook.com\/revistarambla","article_published_time":"2025-09-25T06:18:36+00:00","og_image":[{"width":1600,"height":1200,"url":"https:\/\/www.revistarambla.com\/wp-content\/uploads\/2025\/09\/Peregrinos-de-la-Eucaristia-5.jpg","type":"image\/jpeg"}],"author":"R@mbla","twitter_card":"summary_large_image","twitter_creator":"@revistarambla","twitter_site":"@revistarambla","twitter_misc":{"Written by":"R@mbla","Estimated reading time":"4 minutes"},"schema":{"@context":"https:\/\/schema.org","@graph":[{"@type":"Article","@id":"https:\/\/www.revistarambla.com\/verano-con-los-peregrinos-de-la-eucaristia-una-peregrinacion-para-sembrar-fe-y-alegria\/#article","isPartOf":{"@id":"https:\/\/www.revistarambla.com\/verano-con-los-peregrinos-de-la-eucaristia-una-peregrinacion-para-sembrar-fe-y-alegria\/"},"author":{"name":"R@mbla","@id":"https:\/\/www.revistarambla.com\/#\/schema\/person\/a146a5a2550b94981a75131180e1bd9c"},"headline":"Verano con los Peregrinos de la Eucarist\u00eda: una peregrinaci\u00f3n para sembrar fe y alegr\u00eda","datePublished":"2025-09-25T06:18:36+00:00","mainEntityOfPage":{"@id":"https:\/\/www.revistarambla.com\/verano-con-los-peregrinos-de-la-eucaristia-una-peregrinacion-para-sembrar-fe-y-alegria\/"},"wordCount":770,"publisher":{"@id":"https:\/\/www.revistarambla.com\/#organization"},"image":{"@id":"https:\/\/www.revistarambla.com\/verano-con-los-peregrinos-de-la-eucaristia-una-peregrinacion-para-sembrar-fe-y-alegria\/#primaryimage"},"thumbnailUrl":"https:\/\/www.revistarambla.com\/wp-content\/uploads\/2025\/09\/Peregrinos-de-la-Eucaristia-5.jpg","articleSection":["Otras Noticias"],"inLanguage":"en-GB"},{"@type":"WebPage","@id":"https:\/\/www.revistarambla.com\/verano-con-los-peregrinos-de-la-eucaristia-una-peregrinacion-para-sembrar-fe-y-alegria\/","url":"https:\/\/www.revistarambla.com\/verano-con-los-peregrinos-de-la-eucaristia-una-peregrinacion-para-sembrar-fe-y-alegria\/","name":"Verano con los Peregrinos de la Eucarist\u00eda: una peregrinaci\u00f3n para sembrar fe y alegr\u00eda - Revista Rambla","isPartOf":{"@id":"https:\/\/www.revistarambla.com\/#website"},"primaryImageOfPage":{"@id":"https:\/\/www.revistarambla.com\/verano-con-los-peregrinos-de-la-eucaristia-una-peregrinacion-para-sembrar-fe-y-alegria\/#primaryimage"},"image":{"@id":"https:\/\/www.revistarambla.com\/verano-con-los-peregrinos-de-la-eucaristia-una-peregrinacion-para-sembrar-fe-y-alegria\/#primaryimage"},"thumbnailUrl":"https:\/\/www.revistarambla.com\/wp-content\/uploads\/2025\/09\/Peregrinos-de-la-Eucaristia-5.jpg","datePublished":"2025-09-25T06:18:36+00:00","breadcrumb":{"@id":"https:\/\/www.revistarambla.com\/verano-con-los-peregrinos-de-la-eucaristia-una-peregrinacion-para-sembrar-fe-y-alegria\/#breadcrumb"},"inLanguage":"en-GB","potentialAction":[{"@type":"ReadAction","target":["https:\/\/www.revistarambla.com\/verano-con-los-peregrinos-de-la-eucaristia-una-peregrinacion-para-sembrar-fe-y-alegria\/"]}]},{"@type":"ImageObject","inLanguage":"en-GB","@id":"https:\/\/www.revistarambla.com\/verano-con-los-peregrinos-de-la-eucaristia-una-peregrinacion-para-sembrar-fe-y-alegria\/#primaryimage","url":"https:\/\/www.revistarambla.com\/wp-content\/uploads\/2025\/09\/Peregrinos-de-la-Eucaristia-5.jpg","contentUrl":"https:\/\/www.revistarambla.com\/wp-content\/uploads\/2025\/09\/Peregrinos-de-la-Eucaristia-5.jpg","width":1600,"height":1200,"caption":"Peregrinos de la Eucarist\u00eda"},{"@type":"BreadcrumbList","@id":"https:\/\/www.revistarambla.com\/verano-con-los-peregrinos-de-la-eucaristia-una-peregrinacion-para-sembrar-fe-y-alegria\/#breadcrumb","itemListElement":[{"@type":"ListItem","position":1,"name":"Portada","item":"https:\/\/www.revistarambla.com\/"},{"@type":"ListItem","position":2,"name":"Verano con los Peregrinos de la Eucarist\u00eda: una peregrinaci\u00f3n para sembrar fe y alegr\u00eda"}]},{"@type":"WebSite","@id":"https:\/\/www.revistarambla.com\/#website","url":"https:\/\/www.revistarambla.com\/","name":"Revista Rambla Barcelona","description":"Periodismo independiente","publisher":{"@id":"https:\/\/www.revistarambla.com\/#organization"},"potentialAction":[{"@type":"SearchAction","target":{"@type":"EntryPoint","urlTemplate":"https:\/\/www.revistarambla.com\/?s={search_term_string}"},"query-input":{"@type":"PropertyValueSpecification","valueRequired":true,"valueName":"search_term_string"}}],"inLanguage":"en-GB"},{"@type":"Organization","@id":"https:\/\/www.revistarambla.com\/#organization","name":"Revista Rambla","url":"https:\/\/www.revistarambla.com\/","logo":{"@type":"ImageObject","inLanguage":"en-GB","@id":"https:\/\/www.revistarambla.com\/#\/schema\/logo\/image\/","url":"https:\/\/www.revistarambla.com\/wp-content\/uploads\/2020\/09\/banner_rambla_1900x600_BB.png","contentUrl":"https:\/\/www.revistarambla.com\/wp-content\/uploads\/2020\/09\/banner_rambla_1900x600_BB.png","width":1900,"height":600,"caption":"Revista Rambla"},"image":{"@id":"https:\/\/www.revistarambla.com\/#\/schema\/logo\/image\/"},"sameAs":["https:\/\/www.facebook.com\/revistarambla\/","https:\/\/x.com\/revistarambla","https:\/\/www.instagram.com\/revista_rambla","https:\/\/es.linkedin.com\/company\/revista-rambla"]},{"@type":"Person","@id":"https:\/\/www.revistarambla.com\/#\/schema\/person\/a146a5a2550b94981a75131180e1bd9c","name":"R@mbla","description":"Este art\u00edculo ha sido redactado y\/o validado por el equipo de redacci\u00f3n de Revista Rambla.","sameAs":["https:\/\/www.revistarambla.com\/","https:\/\/www.facebook.com\/revistarambla","https:\/\/x.com\/revistarambla"]}]}},"_links":{"self":[{"href":"https:\/\/www.revistarambla.com\/en\/wp-json\/wp\/v2\/posts\/66704","targetHints":{"allow":["GET"]}}],"collection":[{"href":"https:\/\/www.revistarambla.com\/en\/wp-json\/wp\/v2\/posts"}],"about":[{"href":"https:\/\/www.revistarambla.com\/en\/wp-json\/wp\/v2\/types\/post"}],"author":[{"embeddable":true,"href":"https:\/\/www.revistarambla.com\/en\/wp-json\/wp\/v2\/users\/3"}],"replies":[{"embeddable":true,"href":"https:\/\/www.revistarambla.com\/en\/wp-json\/wp\/v2\/comments?post=66704"}],"version-history":[{"count":1,"href":"https:\/\/www.revistarambla.com\/en\/wp-json\/wp\/v2\/posts\/66704\/revisions"}],"predecessor-version":[{"id":66706,"href":"https:\/\/www.revistarambla.com\/en\/wp-json\/wp\/v2\/posts\/66704\/revisions\/66706"}],"wp:featuredmedia":[{"embeddable":true,"href":"https:\/\/www.revistarambla.com\/en\/wp-json\/wp\/v2\/media\/66705"}],"wp:attachment":[{"href":"https:\/\/www.revistarambla.com\/en\/wp-json\/wp\/v2\/media?parent=66704"}],"wp:term":[{"taxonomy":"category","embeddable":true,"href":"https:\/\/www.revistarambla.com\/en\/wp-json\/wp\/v2\/categories?post=66704"},{"taxonomy":"post_tag","embeddable":true,"href":"https:\/\/www.revistarambla.com\/en\/wp-json\/wp\/v2\/tags?post=66704"}],"curies":[{"name":"wp","href":"https:\/\/api.w.org\/{rel}","templated":true}]}}