{"id":66696,"date":"2025-09-24T20:28:18","date_gmt":"2025-09-24T18:28:18","guid":{"rendered":"https:\/\/www.revistarambla.com\/?p=66696"},"modified":"2025-09-24T20:28:18","modified_gmt":"2025-09-24T18:28:18","slug":"mataro-desnonament-sense-alternativa-de-mes-de-100-families-de-lassentament-dinfrahabitatges","status":"publish","type":"post","link":"https:\/\/www.revistarambla.com\/en\/mataro-desnonament-sense-alternativa-de-mes-de-100-families-de-lassentament-dinfrahabitatges\/","title":{"rendered":"Matar\u00f3: desnonament, sense alternativa, de m\u00e9s de 100 fam\u00edlies de l\u2019assentament d\u2019infrahabitatges"},"content":{"rendered":"<div id=\"x_1657046531d49\" class=\"x_1657046531mceText\">\n<p>Aquest mat\u00ed un enorme dispositiu policial ha tallat la carretera de Mata, als afores de la ciutat de Matar\u00f3, per procedir al desallotjament del que pol\u00edtics i mitjans han anomenat el \u201cc\u00e0mping il\u00b7legal\u201d de Matar\u00f3.<\/p>\n<p class=\"x_1657046531last-child\">Algunes setmanes enrere, el Sindicat d\u2019Habitatge de Matar\u00f3, secci\u00f3 local del Sindicat d\u2019Habitatge Socialista de Catalunya, havia pogut accedir dins del recinte i havia parlat amb molts dels habitants de l\u2019assentament. En aquest <a href=\"https:\/\/protonmail.us14.list-manage.com\/track\/click?u=982a638f8f767419c6d488dd3&amp;id=957c64893c&amp;e=c0f433edcd\" target=\"_blank\" rel=\"noopener\">v\u00eddeo<\/a> alertaven que en aquesta finca <strong>viuen permanentment m\u00e9s de 100 fam\u00edlies en condicions d\u2019infrahabitatge; majorit\u00e0riament s\u00f3n persones amb una vulnerabilitat social evident, v\u00edctimes de la crisi d\u2019habitatge<\/strong>, perqu\u00e8 han patit desnonaments o perqu\u00e8 no poden permetre\u2019s un pis de lloguer ni de compra. Denuncien que hi ha fam\u00edlies amb infants menors, persones amb discapacitats o malalties greus, persones que s\u2019ha vist obligades a viure en aquestes condicions perqu\u00e8 els preus de l\u2019habitatge s\u00f3n totalment inaccessibles. Aquest <a href=\"https:\/\/protonmail.us14.list-manage.com\/track\/click?u=982a638f8f767419c6d488dd3&amp;id=2256026701&amp;e=c0f433edcd\" target=\"_blank\" rel=\"noopener\">v\u00eddeo<\/a> i <a href=\"https:\/\/protonmail.us14.list-manage.com\/track\/click?u=982a638f8f767419c6d488dd3&amp;id=41de598de6&amp;e=c0f433edcd\" target=\"_blank\" rel=\"noopener\">aquest altre<\/a> recullen el testimoni de persones que viuen a l\u2019assentament.<\/p>\n<p><img decoding=\"async\" class=\"size-full wp-image-66698 aligncenter\" src=\"https:\/\/www.revistarambla.com\/wp-content\/uploads\/2025\/09\/00df1e66-3aed-7a77-5c5e-4f5502a40bb9.jpg\" alt=\"desnonament matar\u00f3\" width=\"1170\" height=\"1280\" srcset=\"https:\/\/www.revistarambla.com\/wp-content\/uploads\/2025\/09\/00df1e66-3aed-7a77-5c5e-4f5502a40bb9.jpg 1170w, https:\/\/www.revistarambla.com\/wp-content\/uploads\/2025\/09\/00df1e66-3aed-7a77-5c5e-4f5502a40bb9-334x365.jpg 334w, https:\/\/www.revistarambla.com\/wp-content\/uploads\/2025\/09\/00df1e66-3aed-7a77-5c5e-4f5502a40bb9-768x840.jpg 768w, https:\/\/www.revistarambla.com\/wp-content\/uploads\/2025\/09\/00df1e66-3aed-7a77-5c5e-4f5502a40bb9-11x12.jpg 11w\" sizes=\"(max-width: 1170px) 100vw, 1170px\" \/><\/p>\n<p>El Sindicat d\u2019Habitatge de Matar\u00f3 denuncia que l\u2019administraci\u00f3 p\u00fablica no est\u00e0 oferint cap alternativa d\u2019habitatge real a les fam\u00edlies, sin\u00f3 un m\u00e0xim de 3 nits a un hostal, tal com recull expl\u00edcitament l\u2019ordre de desnonament que est\u00e0 entregant ara mateix la policia a les fam\u00edlies.<\/p>\n<p>L\u2019Abril, membre del Sindicat d\u2019Habitatge de Matar\u00f3, declara el seg\u00fcent sobre el risc ambiental de l\u2019assentament:<\/p>\n<p>\u201cMai hauria d\u2019haver existit cap assentament en un terreny agr\u00edcola, evidentment.<\/p>\n<p>I condemnem qualsevol empresa que s\u2019aprofiti de la crisi d\u2019habitatge per fer negoci, evidentment. Per\u00f2 que ning\u00fa s\u2019enganyi: aquestes fam\u00edlies estan vivint en mobile homes mal a\u00efllades, en tendes de campanya, en barraques, perqu\u00e8 no tenen cap altra opci\u00f3. Per aix\u00f2, nosaltres, des del principi, hem exigit el reallotjament de totes les persones en habitatges de qualitat\u201d.<\/p>\n<p>Pel que fa a l\u2019origen de l\u2019assentament i la responsabilitat de l\u2019Ajuntament al respecte, l\u2019Abril declara:<\/p>\n<p>\u201cEl sistema i l\u2019administraci\u00f3 p\u00fablica han fracassat a l\u2019hora de satisfer una necessitat tan b\u00e0sica com l\u2019habitatge. I aquest \u00e9s el resultat. El problema del barraquisme reapareixer\u00e0 i anir\u00e0 a m\u00e9s mentre no s\u2019ataqui l\u2019arrel del problema. L\u2019habitatge no pot ser un negoci, sin\u00f3 un b\u00e9 essencial, garantit de forma incondicional per a absolutament tothom\u201d.<\/p>\n<p>Ara mateix, el desplegament policial continua gestionant el desallotjament de l\u2019assentament, una tasca complicada davant de la pres\u00e8ncia d\u2019un elevant nombre de persones que no tenen on anar, aix\u00ed com construccions barraquistes. Les persones que viuen a l\u2019assentament afirmen que Mossos est\u00e0 amena\u00e7ant amb l\u2019\u00fas de la for\u00e7a per executar el desnonament.<\/p>\n<\/div>","protected":false},"excerpt":{"rendered":"<p>L&#8217;Ajuntament no ofereix cap alternativa a les fam\u00edlies, v\u00edctimes de la crisi d\u2019habitatge, m\u00e9s enll\u00e0 de 3 nits a un hostal<\/p>","protected":false},"author":15,"featured_media":66697,"comment_status":"closed","ping_status":"closed","sticky":false,"template":"","format":"standard","meta":{"footnotes":""},"categories":[4079],"tags":[],"class_list":["post-66696","post","type-post","status-publish","format-standard","has-post-thumbnail","hentry","category-tribuna-libre"],"yoast_head":"<!-- This site is optimized with the Yoast SEO plugin v27.5 - https:\/\/yoast.com\/product\/yoast-seo-wordpress\/ -->\n<title>Matar\u00f3: desnonament, sense alternativa, de m\u00e9s de 100 fam\u00edlies de l\u2019assentament d\u2019infrahabitatges - Revista Rambla<\/title>\n<meta name=\"robots\" content=\"index, follow, max-snippet:-1, max-image-preview:large, max-video-preview:-1\" \/>\n<link rel=\"canonical\" href=\"https:\/\/www.revistarambla.com\/en\/mataro-desnonament-sense-alternativa-de-mes-de-100-families-de-lassentament-dinfrahabitatges\/\" \/>\n<meta property=\"og:locale\" content=\"en_GB\" \/>\n<meta property=\"og:type\" content=\"article\" \/>\n<meta property=\"og:title\" content=\"Matar\u00f3: desnonament, sense alternativa, de m\u00e9s de 100 fam\u00edlies de l\u2019assentament d\u2019infrahabitatges - Revista Rambla\" \/>\n<meta property=\"og:description\" content=\"L&#039;Ajuntament no ofereix cap alternativa a les fam\u00edlies, v\u00edctimes de la crisi d\u2019habitatge, m\u00e9s enll\u00e0 de 3 nits a un hostal\" \/>\n<meta property=\"og:url\" content=\"https:\/\/www.revistarambla.com\/en\/mataro-desnonament-sense-alternativa-de-mes-de-100-families-de-lassentament-dinfrahabitatges\/\" \/>\n<meta property=\"og:site_name\" content=\"Revista Rambla\" \/>\n<meta property=\"article:publisher\" content=\"https:\/\/www.facebook.com\/revistarambla\/\" \/>\n<meta property=\"article:published_time\" content=\"2025-09-24T18:28:18+00:00\" \/>\n<meta property=\"og:image\" content=\"https:\/\/www.revistarambla.com\/wp-content\/uploads\/2025\/09\/384ab896-fdab-9e9d-3844-cfd2156b8d0a.jpg\" \/>\n\t<meta property=\"og:image:width\" content=\"1170\" \/>\n\t<meta property=\"og:image:height\" content=\"949\" \/>\n\t<meta property=\"og:image:type\" content=\"image\/jpeg\" \/>\n<meta name=\"author\" content=\"Sindicat Habitatge Matar\u00f3\" \/>\n<meta name=\"twitter:card\" content=\"summary_large_image\" \/>\n<meta name=\"twitter:creator\" content=\"@revistarambla\" \/>\n<meta name=\"twitter:site\" content=\"@revistarambla\" \/>\n<meta name=\"twitter:label1\" content=\"Written by\" \/>\n\t<meta name=\"twitter:data1\" content=\"Sindicat Habitatge Matar\u00f3\" \/>\n\t<meta name=\"twitter:label2\" content=\"Estimated reading time\" \/>\n\t<meta name=\"twitter:data2\" content=\"3 minutes\" \/>\n<script type=\"application\/ld+json\" class=\"yoast-schema-graph\">{\"@context\":\"https:\\\/\\\/schema.org\",\"@graph\":[{\"@type\":\"Article\",\"@id\":\"https:\\\/\\\/www.revistarambla.com\\\/mataro-desnonament-sense-alternativa-de-mes-de-100-families-de-lassentament-dinfrahabitatges\\\/#article\",\"isPartOf\":{\"@id\":\"https:\\\/\\\/www.revistarambla.com\\\/mataro-desnonament-sense-alternativa-de-mes-de-100-families-de-lassentament-dinfrahabitatges\\\/\"},\"author\":{\"name\":\"Sindicat Habitatge Matar\u00f3\",\"@id\":\"https:\\\/\\\/www.revistarambla.com\\\/#\\\/schema\\\/person\\\/2b19179a8ace334b829ad72cc6e6ce97\"},\"headline\":\"Matar\u00f3: desnonament, sense alternativa, de m\u00e9s de 100 fam\u00edlies de l\u2019assentament d\u2019infrahabitatges\",\"datePublished\":\"2025-09-24T18:28:18+00:00\",\"mainEntityOfPage\":{\"@id\":\"https:\\\/\\\/www.revistarambla.com\\\/mataro-desnonament-sense-alternativa-de-mes-de-100-families-de-lassentament-dinfrahabitatges\\\/\"},\"wordCount\":484,\"publisher\":{\"@id\":\"https:\\\/\\\/www.revistarambla.com\\\/#organization\"},\"image\":{\"@id\":\"https:\\\/\\\/www.revistarambla.com\\\/mataro-desnonament-sense-alternativa-de-mes-de-100-families-de-lassentament-dinfrahabitatges\\\/#primaryimage\"},\"thumbnailUrl\":\"https:\\\/\\\/www.revistarambla.com\\\/wp-content\\\/uploads\\\/2025\\\/09\\\/384ab896-fdab-9e9d-3844-cfd2156b8d0a.jpg\",\"articleSection\":[\"Tribuna Libre\"],\"inLanguage\":\"en-GB\"},{\"@type\":\"WebPage\",\"@id\":\"https:\\\/\\\/www.revistarambla.com\\\/mataro-desnonament-sense-alternativa-de-mes-de-100-families-de-lassentament-dinfrahabitatges\\\/\",\"url\":\"https:\\\/\\\/www.revistarambla.com\\\/mataro-desnonament-sense-alternativa-de-mes-de-100-families-de-lassentament-dinfrahabitatges\\\/\",\"name\":\"Matar\u00f3: desnonament, sense alternativa, de m\u00e9s de 100 fam\u00edlies de l\u2019assentament d\u2019infrahabitatges - Revista Rambla\",\"isPartOf\":{\"@id\":\"https:\\\/\\\/www.revistarambla.com\\\/#website\"},\"primaryImageOfPage\":{\"@id\":\"https:\\\/\\\/www.revistarambla.com\\\/mataro-desnonament-sense-alternativa-de-mes-de-100-families-de-lassentament-dinfrahabitatges\\\/#primaryimage\"},\"image\":{\"@id\":\"https:\\\/\\\/www.revistarambla.com\\\/mataro-desnonament-sense-alternativa-de-mes-de-100-families-de-lassentament-dinfrahabitatges\\\/#primaryimage\"},\"thumbnailUrl\":\"https:\\\/\\\/www.revistarambla.com\\\/wp-content\\\/uploads\\\/2025\\\/09\\\/384ab896-fdab-9e9d-3844-cfd2156b8d0a.jpg\",\"datePublished\":\"2025-09-24T18:28:18+00:00\",\"breadcrumb\":{\"@id\":\"https:\\\/\\\/www.revistarambla.com\\\/mataro-desnonament-sense-alternativa-de-mes-de-100-families-de-lassentament-dinfrahabitatges\\\/#breadcrumb\"},\"inLanguage\":\"en-GB\",\"potentialAction\":[{\"@type\":\"ReadAction\",\"target\":[\"https:\\\/\\\/www.revistarambla.com\\\/mataro-desnonament-sense-alternativa-de-mes-de-100-families-de-lassentament-dinfrahabitatges\\\/\"]}]},{\"@type\":\"ImageObject\",\"inLanguage\":\"en-GB\",\"@id\":\"https:\\\/\\\/www.revistarambla.com\\\/mataro-desnonament-sense-alternativa-de-mes-de-100-families-de-lassentament-dinfrahabitatges\\\/#primaryimage\",\"url\":\"https:\\\/\\\/www.revistarambla.com\\\/wp-content\\\/uploads\\\/2025\\\/09\\\/384ab896-fdab-9e9d-3844-cfd2156b8d0a.jpg\",\"contentUrl\":\"https:\\\/\\\/www.revistarambla.com\\\/wp-content\\\/uploads\\\/2025\\\/09\\\/384ab896-fdab-9e9d-3844-cfd2156b8d0a.jpg\",\"width\":1170,\"height\":949,\"caption\":\"desnonament matar\u00f3\"},{\"@type\":\"BreadcrumbList\",\"@id\":\"https:\\\/\\\/www.revistarambla.com\\\/mataro-desnonament-sense-alternativa-de-mes-de-100-families-de-lassentament-dinfrahabitatges\\\/#breadcrumb\",\"itemListElement\":[{\"@type\":\"ListItem\",\"position\":1,\"name\":\"Portada\",\"item\":\"https:\\\/\\\/www.revistarambla.com\\\/\"},{\"@type\":\"ListItem\",\"position\":2,\"name\":\"Matar\u00f3: desnonament, sense alternativa, de m\u00e9s de 100 fam\u00edlies de l\u2019assentament d\u2019infrahabitatges\"}]},{\"@type\":\"WebSite\",\"@id\":\"https:\\\/\\\/www.revistarambla.com\\\/#website\",\"url\":\"https:\\\/\\\/www.revistarambla.com\\\/\",\"name\":\"Revista Rambla Barcelona\",\"description\":\"Periodismo independiente\",\"publisher\":{\"@id\":\"https:\\\/\\\/www.revistarambla.com\\\/#organization\"},\"potentialAction\":[{\"@type\":\"SearchAction\",\"target\":{\"@type\":\"EntryPoint\",\"urlTemplate\":\"https:\\\/\\\/www.revistarambla.com\\\/?s={search_term_string}\"},\"query-input\":{\"@type\":\"PropertyValueSpecification\",\"valueRequired\":true,\"valueName\":\"search_term_string\"}}],\"inLanguage\":\"en-GB\"},{\"@type\":\"Organization\",\"@id\":\"https:\\\/\\\/www.revistarambla.com\\\/#organization\",\"name\":\"Revista Rambla\",\"url\":\"https:\\\/\\\/www.revistarambla.com\\\/\",\"logo\":{\"@type\":\"ImageObject\",\"inLanguage\":\"en-GB\",\"@id\":\"https:\\\/\\\/www.revistarambla.com\\\/#\\\/schema\\\/logo\\\/image\\\/\",\"url\":\"https:\\\/\\\/www.revistarambla.com\\\/wp-content\\\/uploads\\\/2020\\\/09\\\/banner_rambla_1900x600_BB.png\",\"contentUrl\":\"https:\\\/\\\/www.revistarambla.com\\\/wp-content\\\/uploads\\\/2020\\\/09\\\/banner_rambla_1900x600_BB.png\",\"width\":1900,\"height\":600,\"caption\":\"Revista Rambla\"},\"image\":{\"@id\":\"https:\\\/\\\/www.revistarambla.com\\\/#\\\/schema\\\/logo\\\/image\\\/\"},\"sameAs\":[\"https:\\\/\\\/www.facebook.com\\\/revistarambla\\\/\",\"https:\\\/\\\/x.com\\\/revistarambla\",\"https:\\\/\\\/www.instagram.com\\\/revista_rambla\",\"https:\\\/\\\/es.linkedin.com\\\/company\\\/revista-rambla\"]},{\"@type\":\"Person\",\"@id\":\"https:\\\/\\\/www.revistarambla.com\\\/#\\\/schema\\\/person\\\/2b19179a8ace334b829ad72cc6e6ce97\",\"name\":\"Sindicat Habitatge Matar\u00f3\"}]}<\/script>\n<!-- \/ Yoast SEO plugin. -->","yoast_head_json":{"title":"Matar\u00f3: desnonament, sense alternativa, de m\u00e9s de 100 fam\u00edlies de l\u2019assentament d\u2019infrahabitatges - Revista Rambla","robots":{"index":"index","follow":"follow","max-snippet":"max-snippet:-1","max-image-preview":"max-image-preview:large","max-video-preview":"max-video-preview:-1"},"canonical":"https:\/\/www.revistarambla.com\/en\/mataro-desnonament-sense-alternativa-de-mes-de-100-families-de-lassentament-dinfrahabitatges\/","og_locale":"en_GB","og_type":"article","og_title":"Matar\u00f3: desnonament, sense alternativa, de m\u00e9s de 100 fam\u00edlies de l\u2019assentament d\u2019infrahabitatges - Revista Rambla","og_description":"L'Ajuntament no ofereix cap alternativa a les fam\u00edlies, v\u00edctimes de la crisi d\u2019habitatge, m\u00e9s enll\u00e0 de 3 nits a un hostal","og_url":"https:\/\/www.revistarambla.com\/en\/mataro-desnonament-sense-alternativa-de-mes-de-100-families-de-lassentament-dinfrahabitatges\/","og_site_name":"Revista Rambla","article_publisher":"https:\/\/www.facebook.com\/revistarambla\/","article_published_time":"2025-09-24T18:28:18+00:00","og_image":[{"width":1170,"height":949,"url":"https:\/\/www.revistarambla.com\/wp-content\/uploads\/2025\/09\/384ab896-fdab-9e9d-3844-cfd2156b8d0a.jpg","type":"image\/jpeg"}],"author":"Sindicat Habitatge Matar\u00f3","twitter_card":"summary_large_image","twitter_creator":"@revistarambla","twitter_site":"@revistarambla","twitter_misc":{"Written by":"Sindicat Habitatge Matar\u00f3","Estimated reading time":"3 minutes"},"schema":{"@context":"https:\/\/schema.org","@graph":[{"@type":"Article","@id":"https:\/\/www.revistarambla.com\/mataro-desnonament-sense-alternativa-de-mes-de-100-families-de-lassentament-dinfrahabitatges\/#article","isPartOf":{"@id":"https:\/\/www.revistarambla.com\/mataro-desnonament-sense-alternativa-de-mes-de-100-families-de-lassentament-dinfrahabitatges\/"},"author":{"name":"Sindicat Habitatge Matar\u00f3","@id":"https:\/\/www.revistarambla.com\/#\/schema\/person\/2b19179a8ace334b829ad72cc6e6ce97"},"headline":"Matar\u00f3: desnonament, sense alternativa, de m\u00e9s de 100 fam\u00edlies de l\u2019assentament d\u2019infrahabitatges","datePublished":"2025-09-24T18:28:18+00:00","mainEntityOfPage":{"@id":"https:\/\/www.revistarambla.com\/mataro-desnonament-sense-alternativa-de-mes-de-100-families-de-lassentament-dinfrahabitatges\/"},"wordCount":484,"publisher":{"@id":"https:\/\/www.revistarambla.com\/#organization"},"image":{"@id":"https:\/\/www.revistarambla.com\/mataro-desnonament-sense-alternativa-de-mes-de-100-families-de-lassentament-dinfrahabitatges\/#primaryimage"},"thumbnailUrl":"https:\/\/www.revistarambla.com\/wp-content\/uploads\/2025\/09\/384ab896-fdab-9e9d-3844-cfd2156b8d0a.jpg","articleSection":["Tribuna Libre"],"inLanguage":"en-GB"},{"@type":"WebPage","@id":"https:\/\/www.revistarambla.com\/mataro-desnonament-sense-alternativa-de-mes-de-100-families-de-lassentament-dinfrahabitatges\/","url":"https:\/\/www.revistarambla.com\/mataro-desnonament-sense-alternativa-de-mes-de-100-families-de-lassentament-dinfrahabitatges\/","name":"Matar\u00f3: desnonament, sense alternativa, de m\u00e9s de 100 fam\u00edlies de l\u2019assentament d\u2019infrahabitatges - Revista Rambla","isPartOf":{"@id":"https:\/\/www.revistarambla.com\/#website"},"primaryImageOfPage":{"@id":"https:\/\/www.revistarambla.com\/mataro-desnonament-sense-alternativa-de-mes-de-100-families-de-lassentament-dinfrahabitatges\/#primaryimage"},"image":{"@id":"https:\/\/www.revistarambla.com\/mataro-desnonament-sense-alternativa-de-mes-de-100-families-de-lassentament-dinfrahabitatges\/#primaryimage"},"thumbnailUrl":"https:\/\/www.revistarambla.com\/wp-content\/uploads\/2025\/09\/384ab896-fdab-9e9d-3844-cfd2156b8d0a.jpg","datePublished":"2025-09-24T18:28:18+00:00","breadcrumb":{"@id":"https:\/\/www.revistarambla.com\/mataro-desnonament-sense-alternativa-de-mes-de-100-families-de-lassentament-dinfrahabitatges\/#breadcrumb"},"inLanguage":"en-GB","potentialAction":[{"@type":"ReadAction","target":["https:\/\/www.revistarambla.com\/mataro-desnonament-sense-alternativa-de-mes-de-100-families-de-lassentament-dinfrahabitatges\/"]}]},{"@type":"ImageObject","inLanguage":"en-GB","@id":"https:\/\/www.revistarambla.com\/mataro-desnonament-sense-alternativa-de-mes-de-100-families-de-lassentament-dinfrahabitatges\/#primaryimage","url":"https:\/\/www.revistarambla.com\/wp-content\/uploads\/2025\/09\/384ab896-fdab-9e9d-3844-cfd2156b8d0a.jpg","contentUrl":"https:\/\/www.revistarambla.com\/wp-content\/uploads\/2025\/09\/384ab896-fdab-9e9d-3844-cfd2156b8d0a.jpg","width":1170,"height":949,"caption":"desnonament matar\u00f3"},{"@type":"BreadcrumbList","@id":"https:\/\/www.revistarambla.com\/mataro-desnonament-sense-alternativa-de-mes-de-100-families-de-lassentament-dinfrahabitatges\/#breadcrumb","itemListElement":[{"@type":"ListItem","position":1,"name":"Portada","item":"https:\/\/www.revistarambla.com\/"},{"@type":"ListItem","position":2,"name":"Matar\u00f3: desnonament, sense alternativa, de m\u00e9s de 100 fam\u00edlies de l\u2019assentament d\u2019infrahabitatges"}]},{"@type":"WebSite","@id":"https:\/\/www.revistarambla.com\/#website","url":"https:\/\/www.revistarambla.com\/","name":"Revista Rambla Barcelona","description":"Periodismo independiente","publisher":{"@id":"https:\/\/www.revistarambla.com\/#organization"},"potentialAction":[{"@type":"SearchAction","target":{"@type":"EntryPoint","urlTemplate":"https:\/\/www.revistarambla.com\/?s={search_term_string}"},"query-input":{"@type":"PropertyValueSpecification","valueRequired":true,"valueName":"search_term_string"}}],"inLanguage":"en-GB"},{"@type":"Organization","@id":"https:\/\/www.revistarambla.com\/#organization","name":"Revista Rambla","url":"https:\/\/www.revistarambla.com\/","logo":{"@type":"ImageObject","inLanguage":"en-GB","@id":"https:\/\/www.revistarambla.com\/#\/schema\/logo\/image\/","url":"https:\/\/www.revistarambla.com\/wp-content\/uploads\/2020\/09\/banner_rambla_1900x600_BB.png","contentUrl":"https:\/\/www.revistarambla.com\/wp-content\/uploads\/2020\/09\/banner_rambla_1900x600_BB.png","width":1900,"height":600,"caption":"Revista Rambla"},"image":{"@id":"https:\/\/www.revistarambla.com\/#\/schema\/logo\/image\/"},"sameAs":["https:\/\/www.facebook.com\/revistarambla\/","https:\/\/x.com\/revistarambla","https:\/\/www.instagram.com\/revista_rambla","https:\/\/es.linkedin.com\/company\/revista-rambla"]},{"@type":"Person","@id":"https:\/\/www.revistarambla.com\/#\/schema\/person\/2b19179a8ace334b829ad72cc6e6ce97","name":"Sindicat Habitatge Matar\u00f3"}]}},"_links":{"self":[{"href":"https:\/\/www.revistarambla.com\/en\/wp-json\/wp\/v2\/posts\/66696","targetHints":{"allow":["GET"]}}],"collection":[{"href":"https:\/\/www.revistarambla.com\/en\/wp-json\/wp\/v2\/posts"}],"about":[{"href":"https:\/\/www.revistarambla.com\/en\/wp-json\/wp\/v2\/types\/post"}],"author":[{"embeddable":true,"href":"https:\/\/www.revistarambla.com\/en\/wp-json\/wp\/v2\/users\/15"}],"replies":[{"embeddable":true,"href":"https:\/\/www.revistarambla.com\/en\/wp-json\/wp\/v2\/comments?post=66696"}],"version-history":[{"count":1,"href":"https:\/\/www.revistarambla.com\/en\/wp-json\/wp\/v2\/posts\/66696\/revisions"}],"predecessor-version":[{"id":66699,"href":"https:\/\/www.revistarambla.com\/en\/wp-json\/wp\/v2\/posts\/66696\/revisions\/66699"}],"wp:featuredmedia":[{"embeddable":true,"href":"https:\/\/www.revistarambla.com\/en\/wp-json\/wp\/v2\/media\/66697"}],"wp:attachment":[{"href":"https:\/\/www.revistarambla.com\/en\/wp-json\/wp\/v2\/media?parent=66696"}],"wp:term":[{"taxonomy":"category","embeddable":true,"href":"https:\/\/www.revistarambla.com\/en\/wp-json\/wp\/v2\/categories?post=66696"},{"taxonomy":"post_tag","embeddable":true,"href":"https:\/\/www.revistarambla.com\/en\/wp-json\/wp\/v2\/tags?post=66696"}],"curies":[{"name":"wp","href":"https:\/\/api.w.org\/{rel}","templated":true}]}}