{"id":66679,"date":"2025-09-22T19:55:28","date_gmt":"2025-09-22T17:55:28","guid":{"rendered":"https:\/\/www.revistarambla.com\/?p=66679"},"modified":"2025-09-25T19:25:55","modified_gmt":"2025-09-25T17:25:55","slug":"catalanizar-la-politica-migratoria","status":"publish","type":"post","link":"https:\/\/www.revistarambla.com\/en\/catalanizar-la-politica-migratoria\/","title":{"rendered":"Catalanizar la pol\u00edtica migratoria"},"content":{"rendered":"<p>En el fragor de un Congreso de los Diputados cada vez m\u00e1s polarizado, la propuesta de ley para transferir las competencias en materia de inmigraci\u00f3n a la Generalitat de Catalunya se ha convertido en el epicentro de una tormenta pol\u00edtica que pone a prueba los fr\u00e1giles equilibrios del Gobierno de coalici\u00f3n. Acordada en marzo pasado entre el PSOE y Junts per Catalunya como parte de los pactos de investidura, esta iniciativa ha desatado una virulenta pol\u00e9mica con Podemos, que la tacha de \u00ababiertamente racista\u00bb y anuncia su voto en contra, aline\u00e1ndose parad\u00f3jicamente con la derecha m\u00e1s dura. Con la votaci\u00f3n prevista para esta semana, el texto \u2013que requerir\u00eda mayor\u00edas absolutas en dos votaciones sucesivas\u2013 pende de un hilo, y su fracaso podr\u00eda precipitar una crisis en el bloque de investidura que sustenta a Pedro S\u00e1nchez.<\/p>\n<p>Esta controversia no es solo un pulso t\u00e9cnico sobre competencias auton\u00f3micas; revela las fisuras profundas en la izquierda espa\u00f1ola y catalana, donde el nacionalismo catal\u00e1n choca frontalmente con la visi\u00f3n federalista y progresista de la inmigraci\u00f3n. Mientras Junts defiende el traspaso como un derecho hist\u00f3rico y una necesidad pragm\u00e1tica para gestionar los flujos migratorios en una regi\u00f3n que acoge al 25% de los extranjeros residentes en Espa\u00f1a, Podemos lo ve como una concesi\u00f3n a un discurso securitario que criminaliza a los migrantes. \u00abEs una l\u00ednea roja\u00bb, ha reiterado Pablo Fern\u00e1ndez, coportavoz de la formaci\u00f3n morada, en una intervenci\u00f3n que ha encendido las redes y los pasillos del hemiciclo. La acusaci\u00f3n ha provocado r\u00e9plicas airadas desde el independentismo, que no duda en calificar la postura de Podemos como \u00abanticatalanismo puro y duro\u00bb.<\/p>\n<h2>Dos D\u00e9cadas de Reivindicaciones Inacabadas<\/h2>\n<p>La demanda de competencias en inmigraci\u00f3n por parte de Catalunya no es un capricho reciente, sino un reclamo arraigado en el Estatut de Autonom\u00eda de 2006 y en precedentes legislativos fallidos. En 2004, durante el primer Gobierno de Jos\u00e9 Luis Rodr\u00edguez Zapatero, Esquerra Republicana de Catalunya (ERC) impuls\u00f3 una proposici\u00f3n de ley similar que lleg\u00f3 al Congreso, pero se diluy\u00f3 en el laberinto parlamentario sin fructificar. Aquella iniciativa buscaba equiparar a la Generalitat con otras comunidades como Andaluc\u00eda o Valencia, que ya gestionan aspectos parciales de integraci\u00f3n social, pero choc\u00f3 con resistencias centralistas y la complejidad de una materia reservada al Estado por el art\u00edculo 149.1.2 de la Constituci\u00f3n.<\/p>\n<p>El proc\u00e9s independentista de 2017 amplific\u00f3 estas tensiones. Tras el refer\u00e9ndum ilegal y la aplicaci\u00f3n del art\u00edculo 155, el independentismo catal\u00e1n incorpor\u00f3 la inmigraci\u00f3n a su cat\u00e1logo de agravios, argumentando que Madrid ignora las particularidades de una regi\u00f3n con 1,3 millones de residentes extranjeros \u2013el 16% de su poblaci\u00f3n\u2013, concentrados en sectores como la hosteler\u00eda, la agricultura y la industria textil. Datos del INE de 2024 muestran que Catalunya absorbe el 22% de las solicitudes de asilo en Espa\u00f1a, un flujo que ha crecido un 15% anual desde 2022 debido a la guerra en Ucrania y la inestabilidad en el Magreb.<\/p>\n<p>En este contexto, el pacto de investidura de noviembre de 2023 entre PSOE y Junts \u2013que incluy\u00f3 la amnist\u00eda y medidas de desjudicializaci\u00f3n\u2013 reserv\u00f3 el traspaso de inmigraci\u00f3n como una \u00abprioridad estrat\u00e9gica\u00bb. Sin embargo, no fue hasta marzo de 2025, en medio de negociaciones febriles en Ginebra entre emisarios socialistas y el entorno de Carles Puigdemont, cuando se concret\u00f3 el texto. Jos\u00e9 Luis Rodr\u00edguez Zapatero, en su rol de mediador extraoficial, jug\u00f3 un papel clave, viajando repetidamente a Suiza para apaciguar las demandas de Junts ante el estancamiento en otras cesiones, como la financiaci\u00f3n auton\u00f3mica. El acuerdo, rubricado por el ministro de Pol\u00edtica Territorial, \u00c1ngel V\u00edctor Torres, y el secretario general de Junts, Jordi Turull, preve\u00eda una delegaci\u00f3n \u00abparcial y condicionada\u00bb de competencias en acogida, integraci\u00f3n y retorno, siempre bajo supervisi\u00f3n del Ministerio del Interior.<\/p>\n<h2>Un Texto Controvertido Bajo la Lupa<\/h2>\n<p>La proposici\u00f3n de ley org\u00e1nica, registrada el 4 de marzo de 2025, consta de 12 art\u00edculos que modifican la Ley Org\u00e1nica 4\/2000 sobre Derechos y Libertades de los Extranjeros. En su exposici\u00f3n de motivos \u2013el apartado que ha encendido la mecha\u2013, se describe la inmigraci\u00f3n como un \u00abdesaf\u00edo estructural\u00bb que genera \u00abpresiones sobre los servicios p\u00fablicos\u00bb y \u00abtensiones sociales en entornos urbanos densos\u00bb. Frases como \u00abla necesidad de una gesti\u00f3n proactiva para evitar desequilibrios demogr\u00e1ficos\u00bb han sido interpretadas por Podemos como un gui\u00f1o a narrativas restrictivas, reminiscentes del discurso de la extrema derecha.<\/p>\n<p>Desde Junts, el texto se presenta como un instrumento para \u00abcatalanizar\u00bb la pol\u00edtica migratoria, adapt\u00e1ndola a la realidad ling\u00fc\u00edstica y cultural de la regi\u00f3n. \u00abCatalunya no es Madrid; aqu\u00ed la inmigraci\u00f3n es un motor econ\u00f3mico, pero requiere proximidad institucional\u00bb, argumenta Turull en una entrevista reciente, enfatizando que el 70% de los mossos d&#8217;esquadra ya participan en controles fronterizos informales. El pacto tambi\u00e9n incluye salvaguardas: el Estado retendr\u00eda la potestad de nacionalidad, visados y expulsiones, y la Generalitat deber\u00eda coordinar con el CNI en casos de \u00abamenazas a la seguridad\u00bb.<\/p>\n<p>El Gobierno, consciente de la fragilidad num\u00e9rica \u2013176 esca\u00f1os frente a los 178 de la oposici\u00f3n\u2013, apost\u00f3 por un tr\u00e1mite expr\u00e9s. Tras su aprobaci\u00f3n en comisi\u00f3n el 16 de septiembre, el pleno se aceler\u00f3, pero la irrupci\u00f3n de Podemos ha alterado el guion. Sin los tres votos morados (m\u00e1s los de Sumar, que suman siete), el texto caer\u00eda en la primera votaci\u00f3n, ya que ERC (siete esca\u00f1os) y Bildu (seis) apoyan el traspaso, pero PNV (cinco) y BNG (uno) a\u00fan dudan, y la abstenci\u00f3n de Comprom\u00eds no bastar\u00eda.<\/p>\n<h2>\u00abRacismo de Extrema Derecha\u00bb en el Coraz\u00f3n de la Izquierda<\/h2>\n<p>La reacci\u00f3n de Podemos ha sido tan inmediata como incendiaria. Ione Belarra, secretaria general, irrumpi\u00f3 en RNE el 20 de septiembre con una denuncia rotunda: \u00abAl racismo hay que frenarlo en seco, lo extienda Vox o Junts\u00bb. Su intervenci\u00f3n, que acumul\u00f3 miles de interacciones en X, acus\u00f3 al texto de reproducir \u00abbarbaridades racistas\u00bb al equiparar inmigraci\u00f3n con \u00abinvasi\u00f3n\u00bb y priorizar el \u00aborden p\u00fablico\u00bb sobre los derechos humanos. Alba Leo, portavoz adjunta, secund\u00f3 en <em>El Tablero<\/em> de Canal Red: \u00abEs un pacto racista que no pasar\u00e1 con nuestros votos\u00bb.<\/p>\n<p>Para los morados, esta no es solo una cuesti\u00f3n competencial, sino ideol\u00f3gica. En un manifiesto interno filtrado a <em>eldiario.es<\/em>, Podemos vincula la propuesta a la estrategia de Junts para \u00abcompetir con Alian\u00e7a Catalana\u00bb, el partido ultra de \u00c1ngel Cust\u00f3deo, que aboga por deportaciones masivas. Fern\u00e1ndez, en rueda de prensa el 22 de septiembre, elev\u00f3 la apuesta: \u00abPreferimos la inmigraci\u00f3n en manos del PP y la Guardia Civil que de una Generalitat con este enfoque xen\u00f3fobo\u00bb. Esta postura, que une a Podemos con PP, Vox y UPN en el voto negativo, ha sido calificada por cr\u00edticos internos de Sumar como \u00absuicida\u00bb, ya que tensa la coalici\u00f3n y debilita el frente progresista ante las generales de 2027.<\/p>\n<p>La formaci\u00f3n morada, que en 2023 defendi\u00f3 la regularizaci\u00f3n masiva de 500.000 migrantes en su ILP \u00abRegularizaci\u00f3n Ya\u00bb, ve en el traspaso un riesgo de \u00abdesigualdad territorial\u00bb: regiones ricas como Catalunya podr\u00edan endurecer criterios, dejando a Andaluc\u00eda o Extremadura con pol\u00edticas m\u00e1s laxa pero menos resueltas. Expertos como el catedr\u00e1tico de Derecho Constitucional Francisco Balaguer citan precedentes europeos \u2013como el modelo italiano de \u00abpactos locales\u00bb\u2013 para advertir de un \u00abefecto llamada inverso\u00bb que fragmentar\u00eda la solidaridad interregional.<\/p>\n<h2>Anticatalanismo y el Fantasma del Bloqueo<\/h2>\n<p>Junts no ha tardado en contraatacar. Turull, en una nota remitida a <em>Catalunya Press<\/em>, denunci\u00f3 el \u00abanticatalanismo visceral\u00bb de Podemos, equipar\u00e1ndolo a las posiciones de Bildu en 2019, cuando vet\u00f3 transferencias ferroviarias. \u00abPrefieren que la inmigraci\u00f3n la gestione el Estado central, con su historial de devoluciones en caliente, que una Catalunya progresista\u00bb, ironiz\u00f3 el l\u00edder postconvergente, aludiendo a sentencias del TEDH contra Espa\u00f1a por violaciones en Ceuta y Melilla.<\/p>\n<p>El alcalde de Figueres, Marc Empayol (Junts), elev\u00f3 el tono en <em>La Vanguardia<\/em>: \u00abPodemos vota con Vox porque teme que Catalunya sea un faro de integraci\u00f3n, no un gueto\u00bb. Puigdemont, desde Waterloo, tuite\u00f3: \u00abLa izquierda espa\u00f1ola elige la recentralizaci\u00f3n cuando le conviene. \u00bfD\u00f3nde queda el federalismo plurinacional?\u00bb. Esta narrativa resuena en el ecosistema independentista, donde posts en X acumulan decenas de miles de visualizaciones acusando a Belarra de \u00abnacionalista espa\u00f1ola disfrazada\u00bb.<\/p>\n<p>ERC, socio preferente del PSOE en Catalunya, se ha desmarcado de Podemos con contundencia. Gabriel Rufi\u00e1n, portavoz republicano, defendi\u00f3 el traspaso como \u00abun paso hacia el autogobierno pleno\u00bb, recordando que su partido lo impuls\u00f3 hace 21 a\u00f1os. Isaac Albert, su hom\u00f3logo en el Congreso, critic\u00f3 la \u00abincoherencia\u00bb morada: \u00abDefienden todas las competencias para Euskadi, pero no para nosaltres\u00bb. Sumar, por su parte, est\u00e1 fracturado: mientras M\u00e1s Madrid y Comprom\u00eds inclinan la balanza a favor, IU \u2013con Toni Morillas a la cabeza\u2013 valora a\u00fan \u00abelementos xen\u00f3fobos\u00bb en el pre\u00e1mbulo y contempla la abstenci\u00f3n. Yolanda D\u00edaz, en silencio hasta ahora, podr\u00eda inclinar la votaci\u00f3n con su peso en la coalici\u00f3n.<\/p>\n<h2>De la Crisis Gubernamental a la Fractura de la Izquierda<\/h2>\n<p>Si el texto fracasa \u2013escenario probable con el 52% de probabilidades seg\u00fan sondeos de Electoman\u00eda\u2013, las repercusiones ser\u00e1n inmediatas. Junts podr\u00eda endurecer su postura en la mesa de di\u00e1logo, exigiendo contrapartidas como la financiaci\u00f3n singular o la repatriaci\u00f3n de competencias en prisiones. S\u00e1nchez, ya tensionado por el recurso de inconstitucionalidad de Puigdemont ante el TC, ver\u00eda debilitado su liderazgo: el Gobierno perder\u00eda ox\u00edgeno para la reforma laboral pendiente y el embargo de armas a Israel, donde Podemos ya amenaza con rebeli\u00f3n.<\/p>\n<p>En el \u00e1mbito migratorio, el bloqueo perpetuar\u00eda el statu quo: un Estado centralizado que, seg\u00fan Amnist\u00eda Internacional, ha incrementado un 30% las denegaciones de asilo en 2024 por \u00absobrecarga administrativa\u00bb. Para Catalunya, significar\u00eda renunciar a herramientas como programas de inserci\u00f3n ling\u00fc\u00edstica biling\u00fces o cuotas sectoriales, vitales en un contexto de envejecimiento poblacional (tasa de natalidad al 1,2 hijos por mujer).<\/p>\n<p>M\u00e1s all\u00e1 de lo coyuntural, esta pol\u00e9mica ilustra la deriva de la izquierda espa\u00f1ola en 2025. Tras el sorpasso de Sumar en 2023, Podemos \u2013relegado a un rol testimonial con cinco diputados\u2013 busca diferenciarse radicalizando su discurso antiinmigratorio selectivo, mientras Junts capitaliza el descontento postproc\u00e9s con un independentismo \u00abde derechas\u00bb que coquetea con el cupo vasco. En X, el debate ha polarizado: hashtags como #RacismeJunts y #AnticatalanismePodem acumulan 150.000 menciones en 48 horas, con intervenciones de influencers como @Spanish_Revo denunciando el \u00abneoliberalismo estelado\u00bb.<\/p>\n<h2>\u00bfUn Punto de No Retorno en el Pacto de Investidura?<\/h2>\n<p>La votaci\u00f3n de esta semana no solo decidir\u00e1 el destino de una ley; marcar\u00e1 el pulso de la legislatura. Si prospera \u2013quiz\u00e1 con la mediaci\u00f3n de Zapatero o una enmienda de \u00faltima hora\u2013, reforzar\u00e1 el eje PSOE-Junts, pero alienar\u00e1 a la izquierda radical. Si naufraga, acelerar\u00e1 la implosi\u00f3n del bloque progresista, abriendo la puerta a elecciones anticipadas en 2026, donde Vox y Alian\u00e7a Catalana podr\u00edan capitalizar el vac\u00edo.<\/p>\n<p>En \u00faltima instancia, esta controversia trasciende ideolog\u00edas: es un recordatorio de que la inmigraci\u00f3n, en un Espa\u00f1a con 8 millones de extranjeros (17% de la poblaci\u00f3n), no es un lujo competencial, sino una urgencia humanitaria. Mientras los partidos se enzarzan en acusaciones, miles de familias esperan respuestas. Catalunya, con su diversidad como activo y desaf\u00edo, merece m\u00e1s que vetos ideol\u00f3gicos: una gesti\u00f3n valiente que una, no que divida. El Congreso, esta semana, dir\u00e1 si opta por el progreso o por el bloqueo perpetuo.<\/p>","protected":false},"excerpt":{"rendered":"<p>La Transferencia de Inmigraci\u00f3n a Catalu\u00f1a: El Choque Ideol\u00f3gico entre Junts y Podemos que Amenaza la Estabilidad Gubernamental<\/p>","protected":false},"author":3,"featured_media":66680,"comment_status":"closed","ping_status":"closed","sticky":false,"template":"","format":"standard","meta":{"footnotes":""},"categories":[58],"tags":[],"class_list":["post-66679","post","type-post","status-publish","format-standard","has-post-thumbnail","hentry","category-estado-espanol"],"yoast_head":"<!-- This site is optimized with the Yoast SEO plugin v27.5 - https:\/\/yoast.com\/product\/yoast-seo-wordpress\/ -->\n<title>Catalanizar la pol\u00edtica migratoria - Revista Rambla<\/title>\n<meta name=\"robots\" content=\"index, follow, max-snippet:-1, max-image-preview:large, max-video-preview:-1\" \/>\n<link rel=\"canonical\" href=\"https:\/\/www.revistarambla.com\/en\/catalanizar-la-politica-migratoria\/\" \/>\n<meta property=\"og:locale\" content=\"en_GB\" \/>\n<meta property=\"og:type\" content=\"article\" \/>\n<meta property=\"og:title\" content=\"Catalanizar la pol\u00edtica migratoria - Revista Rambla\" \/>\n<meta property=\"og:description\" content=\"La Transferencia de Inmigraci\u00f3n a Catalu\u00f1a: El Choque Ideol\u00f3gico entre Junts y Podemos que Amenaza la Estabilidad Gubernamental\" \/>\n<meta property=\"og:url\" content=\"https:\/\/www.revistarambla.com\/en\/catalanizar-la-politica-migratoria\/\" \/>\n<meta property=\"og:site_name\" content=\"Revista Rambla\" \/>\n<meta property=\"article:publisher\" content=\"https:\/\/www.facebook.com\/revistarambla\/\" \/>\n<meta property=\"article:author\" content=\"https:\/\/www.facebook.com\/revistarambla\" \/>\n<meta property=\"article:published_time\" content=\"2025-09-22T17:55:28+00:00\" \/>\n<meta property=\"article:modified_time\" content=\"2025-09-25T17:25:55+00:00\" \/>\n<meta property=\"og:image\" content=\"https:\/\/www.revistarambla.com\/wp-content\/uploads\/2025\/09\/Angela_Jove_i_Miriam_Nogueras.jpg\" \/>\n\t<meta property=\"og:image:width\" content=\"1600\" \/>\n\t<meta property=\"og:image:height\" content=\"1066\" \/>\n\t<meta property=\"og:image:type\" content=\"image\/jpeg\" \/>\n<meta name=\"author\" content=\"R@mbla\" \/>\n<meta name=\"twitter:card\" content=\"summary_large_image\" \/>\n<meta name=\"twitter:creator\" content=\"@revistarambla\" \/>\n<meta name=\"twitter:site\" content=\"@revistarambla\" \/>\n<meta name=\"twitter:label1\" content=\"Written by\" \/>\n\t<meta name=\"twitter:data1\" content=\"R@mbla\" \/>\n\t<meta name=\"twitter:label2\" content=\"Estimated reading time\" \/>\n\t<meta name=\"twitter:data2\" content=\"9 minutes\" \/>\n<script type=\"application\/ld+json\" class=\"yoast-schema-graph\">{\"@context\":\"https:\\\/\\\/schema.org\",\"@graph\":[{\"@type\":\"Article\",\"@id\":\"https:\\\/\\\/www.revistarambla.com\\\/catalanizar-la-politica-migratoria\\\/#article\",\"isPartOf\":{\"@id\":\"https:\\\/\\\/www.revistarambla.com\\\/catalanizar-la-politica-migratoria\\\/\"},\"author\":{\"name\":\"R@mbla\",\"@id\":\"https:\\\/\\\/www.revistarambla.com\\\/#\\\/schema\\\/person\\\/a146a5a2550b94981a75131180e1bd9c\"},\"headline\":\"Catalanizar la pol\u00edtica migratoria\",\"datePublished\":\"2025-09-22T17:55:28+00:00\",\"dateModified\":\"2025-09-25T17:25:55+00:00\",\"mainEntityOfPage\":{\"@id\":\"https:\\\/\\\/www.revistarambla.com\\\/catalanizar-la-politica-migratoria\\\/\"},\"wordCount\":1982,\"publisher\":{\"@id\":\"https:\\\/\\\/www.revistarambla.com\\\/#organization\"},\"image\":{\"@id\":\"https:\\\/\\\/www.revistarambla.com\\\/catalanizar-la-politica-migratoria\\\/#primaryimage\"},\"thumbnailUrl\":\"https:\\\/\\\/www.revistarambla.com\\\/wp-content\\\/uploads\\\/2025\\\/09\\\/Angela_Jove_i_Miriam_Nogueras.jpg\",\"articleSection\":[\"Estado Espa\u00f1ol\"],\"inLanguage\":\"en-GB\"},{\"@type\":\"WebPage\",\"@id\":\"https:\\\/\\\/www.revistarambla.com\\\/catalanizar-la-politica-migratoria\\\/\",\"url\":\"https:\\\/\\\/www.revistarambla.com\\\/catalanizar-la-politica-migratoria\\\/\",\"name\":\"Catalanizar la pol\u00edtica migratoria - Revista Rambla\",\"isPartOf\":{\"@id\":\"https:\\\/\\\/www.revistarambla.com\\\/#website\"},\"primaryImageOfPage\":{\"@id\":\"https:\\\/\\\/www.revistarambla.com\\\/catalanizar-la-politica-migratoria\\\/#primaryimage\"},\"image\":{\"@id\":\"https:\\\/\\\/www.revistarambla.com\\\/catalanizar-la-politica-migratoria\\\/#primaryimage\"},\"thumbnailUrl\":\"https:\\\/\\\/www.revistarambla.com\\\/wp-content\\\/uploads\\\/2025\\\/09\\\/Angela_Jove_i_Miriam_Nogueras.jpg\",\"datePublished\":\"2025-09-22T17:55:28+00:00\",\"dateModified\":\"2025-09-25T17:25:55+00:00\",\"breadcrumb\":{\"@id\":\"https:\\\/\\\/www.revistarambla.com\\\/catalanizar-la-politica-migratoria\\\/#breadcrumb\"},\"inLanguage\":\"en-GB\",\"potentialAction\":[{\"@type\":\"ReadAction\",\"target\":[\"https:\\\/\\\/www.revistarambla.com\\\/catalanizar-la-politica-migratoria\\\/\"]}]},{\"@type\":\"ImageObject\",\"inLanguage\":\"en-GB\",\"@id\":\"https:\\\/\\\/www.revistarambla.com\\\/catalanizar-la-politica-migratoria\\\/#primaryimage\",\"url\":\"https:\\\/\\\/www.revistarambla.com\\\/wp-content\\\/uploads\\\/2025\\\/09\\\/Angela_Jove_i_Miriam_Nogueras.jpg\",\"contentUrl\":\"https:\\\/\\\/www.revistarambla.com\\\/wp-content\\\/uploads\\\/2025\\\/09\\\/Angela_Jove_i_Miriam_Nogueras.jpg\",\"width\":1600,\"height\":1066,\"caption\":\"competencias inmigraci\u00f3n catalunya\"},{\"@type\":\"BreadcrumbList\",\"@id\":\"https:\\\/\\\/www.revistarambla.com\\\/catalanizar-la-politica-migratoria\\\/#breadcrumb\",\"itemListElement\":[{\"@type\":\"ListItem\",\"position\":1,\"name\":\"Portada\",\"item\":\"https:\\\/\\\/www.revistarambla.com\\\/\"},{\"@type\":\"ListItem\",\"position\":2,\"name\":\"Catalanizar la pol\u00edtica migratoria\"}]},{\"@type\":\"WebSite\",\"@id\":\"https:\\\/\\\/www.revistarambla.com\\\/#website\",\"url\":\"https:\\\/\\\/www.revistarambla.com\\\/\",\"name\":\"Revista Rambla Barcelona\",\"description\":\"Periodismo independiente\",\"publisher\":{\"@id\":\"https:\\\/\\\/www.revistarambla.com\\\/#organization\"},\"potentialAction\":[{\"@type\":\"SearchAction\",\"target\":{\"@type\":\"EntryPoint\",\"urlTemplate\":\"https:\\\/\\\/www.revistarambla.com\\\/?s={search_term_string}\"},\"query-input\":{\"@type\":\"PropertyValueSpecification\",\"valueRequired\":true,\"valueName\":\"search_term_string\"}}],\"inLanguage\":\"en-GB\"},{\"@type\":\"Organization\",\"@id\":\"https:\\\/\\\/www.revistarambla.com\\\/#organization\",\"name\":\"Revista Rambla\",\"url\":\"https:\\\/\\\/www.revistarambla.com\\\/\",\"logo\":{\"@type\":\"ImageObject\",\"inLanguage\":\"en-GB\",\"@id\":\"https:\\\/\\\/www.revistarambla.com\\\/#\\\/schema\\\/logo\\\/image\\\/\",\"url\":\"https:\\\/\\\/www.revistarambla.com\\\/wp-content\\\/uploads\\\/2020\\\/09\\\/banner_rambla_1900x600_BB.png\",\"contentUrl\":\"https:\\\/\\\/www.revistarambla.com\\\/wp-content\\\/uploads\\\/2020\\\/09\\\/banner_rambla_1900x600_BB.png\",\"width\":1900,\"height\":600,\"caption\":\"Revista Rambla\"},\"image\":{\"@id\":\"https:\\\/\\\/www.revistarambla.com\\\/#\\\/schema\\\/logo\\\/image\\\/\"},\"sameAs\":[\"https:\\\/\\\/www.facebook.com\\\/revistarambla\\\/\",\"https:\\\/\\\/x.com\\\/revistarambla\",\"https:\\\/\\\/www.instagram.com\\\/revista_rambla\",\"https:\\\/\\\/es.linkedin.com\\\/company\\\/revista-rambla\"]},{\"@type\":\"Person\",\"@id\":\"https:\\\/\\\/www.revistarambla.com\\\/#\\\/schema\\\/person\\\/a146a5a2550b94981a75131180e1bd9c\",\"name\":\"R@mbla\",\"description\":\"Este art\u00edculo ha sido redactado y\\\/o validado por el equipo de redacci\u00f3n de Revista Rambla.\",\"sameAs\":[\"https:\\\/\\\/www.revistarambla.com\\\/\",\"https:\\\/\\\/www.facebook.com\\\/revistarambla\",\"https:\\\/\\\/x.com\\\/revistarambla\"]}]}<\/script>\n<!-- \/ Yoast SEO plugin. -->","yoast_head_json":{"title":"Catalanizar la pol\u00edtica migratoria - Revista Rambla","robots":{"index":"index","follow":"follow","max-snippet":"max-snippet:-1","max-image-preview":"max-image-preview:large","max-video-preview":"max-video-preview:-1"},"canonical":"https:\/\/www.revistarambla.com\/en\/catalanizar-la-politica-migratoria\/","og_locale":"en_GB","og_type":"article","og_title":"Catalanizar la pol\u00edtica migratoria - Revista Rambla","og_description":"La Transferencia de Inmigraci\u00f3n a Catalu\u00f1a: El Choque Ideol\u00f3gico entre Junts y Podemos que Amenaza la Estabilidad Gubernamental","og_url":"https:\/\/www.revistarambla.com\/en\/catalanizar-la-politica-migratoria\/","og_site_name":"Revista Rambla","article_publisher":"https:\/\/www.facebook.com\/revistarambla\/","article_author":"https:\/\/www.facebook.com\/revistarambla","article_published_time":"2025-09-22T17:55:28+00:00","article_modified_time":"2025-09-25T17:25:55+00:00","og_image":[{"width":1600,"height":1066,"url":"https:\/\/www.revistarambla.com\/wp-content\/uploads\/2025\/09\/Angela_Jove_i_Miriam_Nogueras.jpg","type":"image\/jpeg"}],"author":"R@mbla","twitter_card":"summary_large_image","twitter_creator":"@revistarambla","twitter_site":"@revistarambla","twitter_misc":{"Written by":"R@mbla","Estimated reading time":"9 minutes"},"schema":{"@context":"https:\/\/schema.org","@graph":[{"@type":"Article","@id":"https:\/\/www.revistarambla.com\/catalanizar-la-politica-migratoria\/#article","isPartOf":{"@id":"https:\/\/www.revistarambla.com\/catalanizar-la-politica-migratoria\/"},"author":{"name":"R@mbla","@id":"https:\/\/www.revistarambla.com\/#\/schema\/person\/a146a5a2550b94981a75131180e1bd9c"},"headline":"Catalanizar la pol\u00edtica migratoria","datePublished":"2025-09-22T17:55:28+00:00","dateModified":"2025-09-25T17:25:55+00:00","mainEntityOfPage":{"@id":"https:\/\/www.revistarambla.com\/catalanizar-la-politica-migratoria\/"},"wordCount":1982,"publisher":{"@id":"https:\/\/www.revistarambla.com\/#organization"},"image":{"@id":"https:\/\/www.revistarambla.com\/catalanizar-la-politica-migratoria\/#primaryimage"},"thumbnailUrl":"https:\/\/www.revistarambla.com\/wp-content\/uploads\/2025\/09\/Angela_Jove_i_Miriam_Nogueras.jpg","articleSection":["Estado Espa\u00f1ol"],"inLanguage":"en-GB"},{"@type":"WebPage","@id":"https:\/\/www.revistarambla.com\/catalanizar-la-politica-migratoria\/","url":"https:\/\/www.revistarambla.com\/catalanizar-la-politica-migratoria\/","name":"Catalanizar la pol\u00edtica migratoria - Revista Rambla","isPartOf":{"@id":"https:\/\/www.revistarambla.com\/#website"},"primaryImageOfPage":{"@id":"https:\/\/www.revistarambla.com\/catalanizar-la-politica-migratoria\/#primaryimage"},"image":{"@id":"https:\/\/www.revistarambla.com\/catalanizar-la-politica-migratoria\/#primaryimage"},"thumbnailUrl":"https:\/\/www.revistarambla.com\/wp-content\/uploads\/2025\/09\/Angela_Jove_i_Miriam_Nogueras.jpg","datePublished":"2025-09-22T17:55:28+00:00","dateModified":"2025-09-25T17:25:55+00:00","breadcrumb":{"@id":"https:\/\/www.revistarambla.com\/catalanizar-la-politica-migratoria\/#breadcrumb"},"inLanguage":"en-GB","potentialAction":[{"@type":"ReadAction","target":["https:\/\/www.revistarambla.com\/catalanizar-la-politica-migratoria\/"]}]},{"@type":"ImageObject","inLanguage":"en-GB","@id":"https:\/\/www.revistarambla.com\/catalanizar-la-politica-migratoria\/#primaryimage","url":"https:\/\/www.revistarambla.com\/wp-content\/uploads\/2025\/09\/Angela_Jove_i_Miriam_Nogueras.jpg","contentUrl":"https:\/\/www.revistarambla.com\/wp-content\/uploads\/2025\/09\/Angela_Jove_i_Miriam_Nogueras.jpg","width":1600,"height":1066,"caption":"competencias inmigraci\u00f3n catalunya"},{"@type":"BreadcrumbList","@id":"https:\/\/www.revistarambla.com\/catalanizar-la-politica-migratoria\/#breadcrumb","itemListElement":[{"@type":"ListItem","position":1,"name":"Portada","item":"https:\/\/www.revistarambla.com\/"},{"@type":"ListItem","position":2,"name":"Catalanizar la pol\u00edtica migratoria"}]},{"@type":"WebSite","@id":"https:\/\/www.revistarambla.com\/#website","url":"https:\/\/www.revistarambla.com\/","name":"Revista Rambla Barcelona","description":"Periodismo independiente","publisher":{"@id":"https:\/\/www.revistarambla.com\/#organization"},"potentialAction":[{"@type":"SearchAction","target":{"@type":"EntryPoint","urlTemplate":"https:\/\/www.revistarambla.com\/?s={search_term_string}"},"query-input":{"@type":"PropertyValueSpecification","valueRequired":true,"valueName":"search_term_string"}}],"inLanguage":"en-GB"},{"@type":"Organization","@id":"https:\/\/www.revistarambla.com\/#organization","name":"Revista Rambla","url":"https:\/\/www.revistarambla.com\/","logo":{"@type":"ImageObject","inLanguage":"en-GB","@id":"https:\/\/www.revistarambla.com\/#\/schema\/logo\/image\/","url":"https:\/\/www.revistarambla.com\/wp-content\/uploads\/2020\/09\/banner_rambla_1900x600_BB.png","contentUrl":"https:\/\/www.revistarambla.com\/wp-content\/uploads\/2020\/09\/banner_rambla_1900x600_BB.png","width":1900,"height":600,"caption":"Revista Rambla"},"image":{"@id":"https:\/\/www.revistarambla.com\/#\/schema\/logo\/image\/"},"sameAs":["https:\/\/www.facebook.com\/revistarambla\/","https:\/\/x.com\/revistarambla","https:\/\/www.instagram.com\/revista_rambla","https:\/\/es.linkedin.com\/company\/revista-rambla"]},{"@type":"Person","@id":"https:\/\/www.revistarambla.com\/#\/schema\/person\/a146a5a2550b94981a75131180e1bd9c","name":"R@mbla","description":"Este art\u00edculo ha sido redactado y\/o validado por el equipo de redacci\u00f3n de Revista Rambla.","sameAs":["https:\/\/www.revistarambla.com\/","https:\/\/www.facebook.com\/revistarambla","https:\/\/x.com\/revistarambla"]}]}},"_links":{"self":[{"href":"https:\/\/www.revistarambla.com\/en\/wp-json\/wp\/v2\/posts\/66679","targetHints":{"allow":["GET"]}}],"collection":[{"href":"https:\/\/www.revistarambla.com\/en\/wp-json\/wp\/v2\/posts"}],"about":[{"href":"https:\/\/www.revistarambla.com\/en\/wp-json\/wp\/v2\/types\/post"}],"author":[{"embeddable":true,"href":"https:\/\/www.revistarambla.com\/en\/wp-json\/wp\/v2\/users\/3"}],"replies":[{"embeddable":true,"href":"https:\/\/www.revistarambla.com\/en\/wp-json\/wp\/v2\/comments?post=66679"}],"version-history":[{"count":1,"href":"https:\/\/www.revistarambla.com\/en\/wp-json\/wp\/v2\/posts\/66679\/revisions"}],"predecessor-version":[{"id":66681,"href":"https:\/\/www.revistarambla.com\/en\/wp-json\/wp\/v2\/posts\/66679\/revisions\/66681"}],"wp:featuredmedia":[{"embeddable":true,"href":"https:\/\/www.revistarambla.com\/en\/wp-json\/wp\/v2\/media\/66680"}],"wp:attachment":[{"href":"https:\/\/www.revistarambla.com\/en\/wp-json\/wp\/v2\/media?parent=66679"}],"wp:term":[{"taxonomy":"category","embeddable":true,"href":"https:\/\/www.revistarambla.com\/en\/wp-json\/wp\/v2\/categories?post=66679"},{"taxonomy":"post_tag","embeddable":true,"href":"https:\/\/www.revistarambla.com\/en\/wp-json\/wp\/v2\/tags?post=66679"}],"curies":[{"name":"wp","href":"https:\/\/api.w.org\/{rel}","templated":true}]}}