{"id":66656,"date":"2025-09-19T12:09:05","date_gmt":"2025-09-19T10:09:05","guid":{"rendered":"https:\/\/www.revistarambla.com\/?p=66656"},"modified":"2025-09-19T12:09:05","modified_gmt":"2025-09-19T10:09:05","slug":"barcelona-es-prepara-per-a-celebrar-una-gran-mobilitzacio-contra-ledatisme","status":"publish","type":"post","link":"https:\/\/www.revistarambla.com\/en\/barcelona-es-prepara-per-a-celebrar-una-gran-mobilitzacio-contra-ledatisme\/","title":{"rendered":"Barcelona es prepara per a celebrar una gran mobilitzaci\u00f3 contra l\u2019edatisme"},"content":{"rendered":"<p id=\"m_2035591668804388214x_892600310docs-internal-guid-c0a8034c-7fff-2029-e4cd-bab8a65eb645\" dir=\"ltr\">El compte enrere ja ha comen\u00e7at. L\u2019<strong>1 d\u2019octubre, Dia Internacional de les Persones Grans<\/strong>, la <strong>Pla\u00e7a Sant Jaume de Barcelona <\/strong>es convertir\u00e0 en l\u2019epicentre d\u2019una mobilitzaci\u00f3 massiva i reivindicativa, en aquesta ocasi\u00f3, sota el lema <strong>\u201cPer una societat lliure d\u2019edatisme\u201d<\/strong>. Una crida contra una de les discriminacions m\u00e9s invisibles i normalitzades de la nostra societat.<\/p>\n<p dir=\"ltr\">Despr\u00e9s de l\u2019\u00e8xit de l\u2019any passat, una trentena d\u2019entitats de persones grans, sindicats, partits pol\u00edtics, administracions i altres entitats socials, tornen a convocar aquest 2025 a la ciutadania perqu\u00e8 participi en el que ser\u00e0 un gran acte festiu i reivindicatiu\u00a0 en defensa dels drets i la dignitat de les persones grans, i, sobretot, una concentraci\u00f3 per <strong>aixecar la veu contra l\u2019edatisme, la discriminaci\u00f3 silenciosa<\/strong> i el <strong>tracte desigual per q\u00fcestions d\u2019edat.\u00a0<\/strong><\/p>\n<p dir=\"ltr\">L\u2019objectiu del grup promotor \u00e9s<strong> duplicar la participaci\u00f3 de l\u2019any passat <\/strong>i consolidar aquesta cita com una jornada de refer\u00e8ncia al calendari c\u00edvic i social del pa\u00eds. I tot sembla que ser\u00e0 aix\u00ed, ja que, enguany, el Manifest ja compta amb m\u00e9s del doble d\u2019adhesions que l\u2019any passat: m\u00e9s de 400 signatures (especialment d\u2019entitats, associacions i administracions p\u00fabliques) d\u2019un document que assenyala l\u2019edatisme com una de les grans xacres socials actuals.<\/p>\n<p dir=\"ltr\"><strong>Vicky Pe\u00f1a llegir\u00e0 el Manifest\u00a0<\/strong><\/p>\n<p dir=\"ltr\">La convocat\u00f2ria \u00e9s a les <strong>12 del migdia<\/strong> del dimecres <strong>1 d\u2019octubre. <\/strong>Ser\u00e0 en aquell moment, i en l\u2019emblem\u00e0tica <strong>Pla\u00e7a Sant Jaume de Barcelona, <\/strong>quan l\u2019actriu<strong> Vicky Pe\u00f1a<\/strong> llegeixi el<strong> Manifest<\/strong>\u00a0 \u201cPer una societat lliure d\u2019edatisme\u201d. L\u2019acte, que estar\u00e0 condu\u00eft pel periodista <strong>Manuel Dom\u00ednguez, <\/strong>comptar\u00e0 tamb\u00e9 amb el suport i assist\u00e8ncia de nombroses persones del m\u00f3n de la cultura, la ci\u00e8ncia, el periodisme, l\u2019esport, la pol\u00edtica i la societat civil catalana.<\/p>\n<p dir=\"ltr\">Ser\u00e0, per tant, un gran acte festiu i reivindicatiu per celebrar el Dia Internacional de les Persones Grans posant el focus en la lluita contra l\u2019edatisme, una mobilitzaci\u00f3 on el color blanc tornar\u00e0 a ser el dominant, com va ja ho va ser l\u2019any passat, quan es van concentrar, a la Pla\u00e7a Sant Jaume, <strong>prop d\u2019un miler de persones<\/strong> <strong>grans<\/strong>.<\/p>\n<h3 dir=\"ltr\"><strong>Un Manifest per lluitar contra l\u2019edatisme\u00a0<\/strong><\/h3>\n<p dir=\"ltr\">Tant el lema com el Manifest d\u2019aquesta edici\u00f3 assenyala l\u2019edatisme com una de les grans xacres socials actuals: una discriminaci\u00f3 silenciosa i normalitzada, que es manifesta quan les persones grans s\u00f3n invisibilitzades i menyspreades, tractades amb condescend\u00e8ncia, i excloses de decisions pol\u00edtiques i socials que les afecten directament i discriminades en \u00e0mbits com l\u2019econ\u00f2mic o el sanitari, entre d\u2019altres.<\/p>\n<p dir=\"ltr\">I \u00e9s que, l\u2019edatisme \u00e9s una forma de viol\u00e8ncia subtil i normalitzada que impedeix una conviv\u00e8ncia justa entre generacions. Erradicar-lo significa recon\u00e8ixer que tota edat t\u00e9 dignitat i valor, i que la vellesa \u00e9s una etapa activa de la vida, no un motiu d\u2019exclusi\u00f3.<\/p>\n<p dir=\"ltr\">El Manifest, a m\u00e9s, alerta tamb\u00e9 que les dones grans s\u00f3n les m\u00e9s castigades, v\u00edctimes d\u2019una doble discriminaci\u00f3: per edat i per g\u00e8nere.<\/p>\n<p dir=\"ltr\">Segons el grup promotor, l\u2019edatisme <em>\u201cempobreix el conjunt de la societat, perqu\u00e8 ignora la diversitat i la riquesa de la vellesa. No es tracta nom\u00e9s d\u2019un problema de les persones grans: \u00e9s un repte col\u00b7lectiu que afecta la cohesi\u00f3 social i la qualitat democr\u00e0tica\u201d<\/em>.<\/p>\n<p dir=\"ltr\">El Manifest reclama el respecte i el reconeixement de la dignitat a totes les edats, i fa una crida per a aconseguir una\u00a0 societat m\u00e9s justa i democr\u00e0tica, que no retalli drets socials i que posi fi a la discriminaci\u00f3 per edat.\u00a0 <em>\u201cVolem\u00a0 envellir amb dignitat, no amb discriminaci\u00f3. La nostra societat ser\u00e0 realment justa nom\u00e9s quan sigui inclusiva per a tothom i lliure de discriminaci\u00f3 per l\u2019edat<\/em>\u201d, conclou el Manifest.<\/p>\n<p dir=\"ltr\"><strong>Entitats promotores\u00a0<\/strong><\/p>\n<p dir=\"ltr\">Associaci\u00f3 ciutadana pels Drets de les Dones; Associaci\u00f3 per la defensa de la Gent Gran; Associaci\u00f3 per la Cooperaci\u00f3 Desenvolupament de la Dona; Associaci\u00f3 Gent Gran de Virrei Amat, Barcelona; Agrupaci\u00f3 Cultural Sant Jordi; Ajuntament de Barcelona; ASJUBI40 Associaci\u00f3 Jubilaci\u00f3 Anticipada Sense Penalitzar; Catalunya en Com\u00fa; Consell Assessor de la Gent Gran de Barcelona; Consell de la Gent Gran de Catalunya, Federaci\u00f3 de Catalunya de Pensionistes de CCOO; CONEX; ERC; FATEC; Fundaci\u00f3 FiraGran; Junts per Catalunya; Observatori d\u2019Igualtat de Tracte i Oportunitats de Catalunya; PSC; Associaci\u00f3 SomSeniors; Taula de Gent Gran de Sant Andreu, Barcelona; Cl\u00ednica jur\u00eddica dret al Dret de les Persones Grans; UJP-UGT; Xarxa Municipal de Casals de Persones Grans de Barcelona.<\/p>","protected":false},"excerpt":{"rendered":"<p>El compte enrere ja ha comen\u00e7at. L\u20191 d\u2019octubre, Dia Internacional de les Persones Grans, la Pla\u00e7a Sant Jaume de Barcelona es convertir\u00e0 en l\u2019epicentre d\u2019una mobilitzaci\u00f3 massiva i reivindicativa, en aquesta ocasi\u00f3, sota el lema \u201cPer una societat lliure d\u2019edatisme\u201d. Una crida contra una de les discriminacions m\u00e9s invisibles i [&hellip;]<\/p>\n","protected":false},"author":3,"featured_media":66657,"comment_status":"closed","ping_status":"closed","sticky":false,"template":"","format":"standard","meta":{"footnotes":""},"categories":[4079],"tags":[],"class_list":["post-66656","post","type-post","status-publish","format-standard","has-post-thumbnail","hentry","category-tribuna-libre"],"yoast_head":"<!-- This site is optimized with the Yoast SEO plugin v27.5 - https:\/\/yoast.com\/product\/yoast-seo-wordpress\/ -->\n<title>Barcelona es prepara per a celebrar una gran mobilitzaci\u00f3 contra l\u2019edatisme - Revista Rambla<\/title>\n<meta name=\"robots\" content=\"index, follow, max-snippet:-1, max-image-preview:large, max-video-preview:-1\" \/>\n<link rel=\"canonical\" href=\"https:\/\/www.revistarambla.com\/en\/barcelona-es-prepara-per-a-celebrar-una-gran-mobilitzacio-contra-ledatisme\/\" \/>\n<meta property=\"og:locale\" content=\"en_GB\" \/>\n<meta property=\"og:type\" content=\"article\" \/>\n<meta property=\"og:title\" content=\"Barcelona es prepara per a celebrar una gran mobilitzaci\u00f3 contra l\u2019edatisme - Revista Rambla\" \/>\n<meta property=\"og:description\" content=\"El compte enrere ja ha comen\u00e7at. L\u20191 d\u2019octubre, Dia Internacional de les Persones Grans, la Pla\u00e7a Sant Jaume de Barcelona es convertir\u00e0 en l\u2019epicentre d\u2019una mobilitzaci\u00f3 massiva i reivindicativa, en aquesta ocasi\u00f3, sota el lema \u201cPer una societat lliure d\u2019edatisme\u201d. Una crida contra una de les discriminacions m\u00e9s invisibles i [&hellip;]\" \/>\n<meta property=\"og:url\" content=\"https:\/\/www.revistarambla.com\/en\/barcelona-es-prepara-per-a-celebrar-una-gran-mobilitzacio-contra-ledatisme\/\" \/>\n<meta property=\"og:site_name\" content=\"Revista Rambla\" \/>\n<meta property=\"article:publisher\" content=\"https:\/\/www.facebook.com\/revistarambla\/\" \/>\n<meta property=\"article:author\" content=\"https:\/\/www.facebook.com\/revistarambla\" \/>\n<meta property=\"article:published_time\" content=\"2025-09-19T10:09:05+00:00\" \/>\n<meta property=\"og:image\" content=\"https:\/\/www.revistarambla.com\/wp-content\/uploads\/2025\/09\/unnamed.jpg\" \/>\n\t<meta property=\"og:image:width\" content=\"900\" \/>\n\t<meta property=\"og:image:height\" content=\"506\" \/>\n\t<meta property=\"og:image:type\" content=\"image\/jpeg\" \/>\n<meta name=\"author\" content=\"R@mbla\" \/>\n<meta name=\"twitter:card\" content=\"summary_large_image\" \/>\n<meta name=\"twitter:creator\" content=\"@revistarambla\" \/>\n<meta name=\"twitter:site\" content=\"@revistarambla\" \/>\n<meta name=\"twitter:label1\" content=\"Written by\" \/>\n\t<meta name=\"twitter:data1\" content=\"R@mbla\" \/>\n\t<meta name=\"twitter:label2\" content=\"Estimated reading time\" \/>\n\t<meta name=\"twitter:data2\" content=\"4 minutes\" \/>\n<script type=\"application\/ld+json\" class=\"yoast-schema-graph\">{\"@context\":\"https:\\\/\\\/schema.org\",\"@graph\":[{\"@type\":\"Article\",\"@id\":\"https:\\\/\\\/www.revistarambla.com\\\/barcelona-es-prepara-per-a-celebrar-una-gran-mobilitzacio-contra-ledatisme\\\/#article\",\"isPartOf\":{\"@id\":\"https:\\\/\\\/www.revistarambla.com\\\/barcelona-es-prepara-per-a-celebrar-una-gran-mobilitzacio-contra-ledatisme\\\/\"},\"author\":{\"name\":\"R@mbla\",\"@id\":\"https:\\\/\\\/www.revistarambla.com\\\/#\\\/schema\\\/person\\\/a146a5a2550b94981a75131180e1bd9c\"},\"headline\":\"Barcelona es prepara per a celebrar una gran mobilitzaci\u00f3 contra l\u2019edatisme\",\"datePublished\":\"2025-09-19T10:09:05+00:00\",\"mainEntityOfPage\":{\"@id\":\"https:\\\/\\\/www.revistarambla.com\\\/barcelona-es-prepara-per-a-celebrar-una-gran-mobilitzacio-contra-ledatisme\\\/\"},\"wordCount\":785,\"publisher\":{\"@id\":\"https:\\\/\\\/www.revistarambla.com\\\/#organization\"},\"image\":{\"@id\":\"https:\\\/\\\/www.revistarambla.com\\\/barcelona-es-prepara-per-a-celebrar-una-gran-mobilitzacio-contra-ledatisme\\\/#primaryimage\"},\"thumbnailUrl\":\"https:\\\/\\\/www.revistarambla.com\\\/wp-content\\\/uploads\\\/2025\\\/09\\\/unnamed.jpg\",\"articleSection\":[\"Tribuna Libre\"],\"inLanguage\":\"en-GB\"},{\"@type\":\"WebPage\",\"@id\":\"https:\\\/\\\/www.revistarambla.com\\\/barcelona-es-prepara-per-a-celebrar-una-gran-mobilitzacio-contra-ledatisme\\\/\",\"url\":\"https:\\\/\\\/www.revistarambla.com\\\/barcelona-es-prepara-per-a-celebrar-una-gran-mobilitzacio-contra-ledatisme\\\/\",\"name\":\"Barcelona es prepara per a celebrar una gran mobilitzaci\u00f3 contra l\u2019edatisme - Revista Rambla\",\"isPartOf\":{\"@id\":\"https:\\\/\\\/www.revistarambla.com\\\/#website\"},\"primaryImageOfPage\":{\"@id\":\"https:\\\/\\\/www.revistarambla.com\\\/barcelona-es-prepara-per-a-celebrar-una-gran-mobilitzacio-contra-ledatisme\\\/#primaryimage\"},\"image\":{\"@id\":\"https:\\\/\\\/www.revistarambla.com\\\/barcelona-es-prepara-per-a-celebrar-una-gran-mobilitzacio-contra-ledatisme\\\/#primaryimage\"},\"thumbnailUrl\":\"https:\\\/\\\/www.revistarambla.com\\\/wp-content\\\/uploads\\\/2025\\\/09\\\/unnamed.jpg\",\"datePublished\":\"2025-09-19T10:09:05+00:00\",\"breadcrumb\":{\"@id\":\"https:\\\/\\\/www.revistarambla.com\\\/barcelona-es-prepara-per-a-celebrar-una-gran-mobilitzacio-contra-ledatisme\\\/#breadcrumb\"},\"inLanguage\":\"en-GB\",\"potentialAction\":[{\"@type\":\"ReadAction\",\"target\":[\"https:\\\/\\\/www.revistarambla.com\\\/barcelona-es-prepara-per-a-celebrar-una-gran-mobilitzacio-contra-ledatisme\\\/\"]}]},{\"@type\":\"ImageObject\",\"inLanguage\":\"en-GB\",\"@id\":\"https:\\\/\\\/www.revistarambla.com\\\/barcelona-es-prepara-per-a-celebrar-una-gran-mobilitzacio-contra-ledatisme\\\/#primaryimage\",\"url\":\"https:\\\/\\\/www.revistarambla.com\\\/wp-content\\\/uploads\\\/2025\\\/09\\\/unnamed.jpg\",\"contentUrl\":\"https:\\\/\\\/www.revistarambla.com\\\/wp-content\\\/uploads\\\/2025\\\/09\\\/unnamed.jpg\",\"width\":900,\"height\":506,\"caption\":\"edatisme\"},{\"@type\":\"BreadcrumbList\",\"@id\":\"https:\\\/\\\/www.revistarambla.com\\\/barcelona-es-prepara-per-a-celebrar-una-gran-mobilitzacio-contra-ledatisme\\\/#breadcrumb\",\"itemListElement\":[{\"@type\":\"ListItem\",\"position\":1,\"name\":\"Portada\",\"item\":\"https:\\\/\\\/www.revistarambla.com\\\/\"},{\"@type\":\"ListItem\",\"position\":2,\"name\":\"Barcelona es prepara per a celebrar una gran mobilitzaci\u00f3 contra l\u2019edatisme\"}]},{\"@type\":\"WebSite\",\"@id\":\"https:\\\/\\\/www.revistarambla.com\\\/#website\",\"url\":\"https:\\\/\\\/www.revistarambla.com\\\/\",\"name\":\"Revista Rambla Barcelona\",\"description\":\"Periodismo independiente\",\"publisher\":{\"@id\":\"https:\\\/\\\/www.revistarambla.com\\\/#organization\"},\"potentialAction\":[{\"@type\":\"SearchAction\",\"target\":{\"@type\":\"EntryPoint\",\"urlTemplate\":\"https:\\\/\\\/www.revistarambla.com\\\/?s={search_term_string}\"},\"query-input\":{\"@type\":\"PropertyValueSpecification\",\"valueRequired\":true,\"valueName\":\"search_term_string\"}}],\"inLanguage\":\"en-GB\"},{\"@type\":\"Organization\",\"@id\":\"https:\\\/\\\/www.revistarambla.com\\\/#organization\",\"name\":\"Revista Rambla\",\"url\":\"https:\\\/\\\/www.revistarambla.com\\\/\",\"logo\":{\"@type\":\"ImageObject\",\"inLanguage\":\"en-GB\",\"@id\":\"https:\\\/\\\/www.revistarambla.com\\\/#\\\/schema\\\/logo\\\/image\\\/\",\"url\":\"https:\\\/\\\/www.revistarambla.com\\\/wp-content\\\/uploads\\\/2020\\\/09\\\/banner_rambla_1900x600_BB.png\",\"contentUrl\":\"https:\\\/\\\/www.revistarambla.com\\\/wp-content\\\/uploads\\\/2020\\\/09\\\/banner_rambla_1900x600_BB.png\",\"width\":1900,\"height\":600,\"caption\":\"Revista Rambla\"},\"image\":{\"@id\":\"https:\\\/\\\/www.revistarambla.com\\\/#\\\/schema\\\/logo\\\/image\\\/\"},\"sameAs\":[\"https:\\\/\\\/www.facebook.com\\\/revistarambla\\\/\",\"https:\\\/\\\/x.com\\\/revistarambla\",\"https:\\\/\\\/www.instagram.com\\\/revista_rambla\",\"https:\\\/\\\/es.linkedin.com\\\/company\\\/revista-rambla\"]},{\"@type\":\"Person\",\"@id\":\"https:\\\/\\\/www.revistarambla.com\\\/#\\\/schema\\\/person\\\/a146a5a2550b94981a75131180e1bd9c\",\"name\":\"R@mbla\",\"description\":\"Este art\u00edculo ha sido redactado y\\\/o validado por el equipo de redacci\u00f3n de Revista Rambla.\",\"sameAs\":[\"https:\\\/\\\/www.revistarambla.com\\\/\",\"https:\\\/\\\/www.facebook.com\\\/revistarambla\",\"https:\\\/\\\/x.com\\\/revistarambla\"]}]}<\/script>\n<!-- \/ Yoast SEO plugin. -->","yoast_head_json":{"title":"Barcelona es prepara per a celebrar una gran mobilitzaci\u00f3 contra l\u2019edatisme - Revista Rambla","robots":{"index":"index","follow":"follow","max-snippet":"max-snippet:-1","max-image-preview":"max-image-preview:large","max-video-preview":"max-video-preview:-1"},"canonical":"https:\/\/www.revistarambla.com\/en\/barcelona-es-prepara-per-a-celebrar-una-gran-mobilitzacio-contra-ledatisme\/","og_locale":"en_GB","og_type":"article","og_title":"Barcelona es prepara per a celebrar una gran mobilitzaci\u00f3 contra l\u2019edatisme - Revista Rambla","og_description":"El compte enrere ja ha comen\u00e7at. L\u20191 d\u2019octubre, Dia Internacional de les Persones Grans, la Pla\u00e7a Sant Jaume de Barcelona es convertir\u00e0 en l\u2019epicentre d\u2019una mobilitzaci\u00f3 massiva i reivindicativa, en aquesta ocasi\u00f3, sota el lema \u201cPer una societat lliure d\u2019edatisme\u201d. Una crida contra una de les discriminacions m\u00e9s invisibles i [&hellip;]","og_url":"https:\/\/www.revistarambla.com\/en\/barcelona-es-prepara-per-a-celebrar-una-gran-mobilitzacio-contra-ledatisme\/","og_site_name":"Revista Rambla","article_publisher":"https:\/\/www.facebook.com\/revistarambla\/","article_author":"https:\/\/www.facebook.com\/revistarambla","article_published_time":"2025-09-19T10:09:05+00:00","og_image":[{"width":900,"height":506,"url":"https:\/\/www.revistarambla.com\/wp-content\/uploads\/2025\/09\/unnamed.jpg","type":"image\/jpeg"}],"author":"R@mbla","twitter_card":"summary_large_image","twitter_creator":"@revistarambla","twitter_site":"@revistarambla","twitter_misc":{"Written by":"R@mbla","Estimated reading time":"4 minutes"},"schema":{"@context":"https:\/\/schema.org","@graph":[{"@type":"Article","@id":"https:\/\/www.revistarambla.com\/barcelona-es-prepara-per-a-celebrar-una-gran-mobilitzacio-contra-ledatisme\/#article","isPartOf":{"@id":"https:\/\/www.revistarambla.com\/barcelona-es-prepara-per-a-celebrar-una-gran-mobilitzacio-contra-ledatisme\/"},"author":{"name":"R@mbla","@id":"https:\/\/www.revistarambla.com\/#\/schema\/person\/a146a5a2550b94981a75131180e1bd9c"},"headline":"Barcelona es prepara per a celebrar una gran mobilitzaci\u00f3 contra l\u2019edatisme","datePublished":"2025-09-19T10:09:05+00:00","mainEntityOfPage":{"@id":"https:\/\/www.revistarambla.com\/barcelona-es-prepara-per-a-celebrar-una-gran-mobilitzacio-contra-ledatisme\/"},"wordCount":785,"publisher":{"@id":"https:\/\/www.revistarambla.com\/#organization"},"image":{"@id":"https:\/\/www.revistarambla.com\/barcelona-es-prepara-per-a-celebrar-una-gran-mobilitzacio-contra-ledatisme\/#primaryimage"},"thumbnailUrl":"https:\/\/www.revistarambla.com\/wp-content\/uploads\/2025\/09\/unnamed.jpg","articleSection":["Tribuna Libre"],"inLanguage":"en-GB"},{"@type":"WebPage","@id":"https:\/\/www.revistarambla.com\/barcelona-es-prepara-per-a-celebrar-una-gran-mobilitzacio-contra-ledatisme\/","url":"https:\/\/www.revistarambla.com\/barcelona-es-prepara-per-a-celebrar-una-gran-mobilitzacio-contra-ledatisme\/","name":"Barcelona es prepara per a celebrar una gran mobilitzaci\u00f3 contra l\u2019edatisme - Revista Rambla","isPartOf":{"@id":"https:\/\/www.revistarambla.com\/#website"},"primaryImageOfPage":{"@id":"https:\/\/www.revistarambla.com\/barcelona-es-prepara-per-a-celebrar-una-gran-mobilitzacio-contra-ledatisme\/#primaryimage"},"image":{"@id":"https:\/\/www.revistarambla.com\/barcelona-es-prepara-per-a-celebrar-una-gran-mobilitzacio-contra-ledatisme\/#primaryimage"},"thumbnailUrl":"https:\/\/www.revistarambla.com\/wp-content\/uploads\/2025\/09\/unnamed.jpg","datePublished":"2025-09-19T10:09:05+00:00","breadcrumb":{"@id":"https:\/\/www.revistarambla.com\/barcelona-es-prepara-per-a-celebrar-una-gran-mobilitzacio-contra-ledatisme\/#breadcrumb"},"inLanguage":"en-GB","potentialAction":[{"@type":"ReadAction","target":["https:\/\/www.revistarambla.com\/barcelona-es-prepara-per-a-celebrar-una-gran-mobilitzacio-contra-ledatisme\/"]}]},{"@type":"ImageObject","inLanguage":"en-GB","@id":"https:\/\/www.revistarambla.com\/barcelona-es-prepara-per-a-celebrar-una-gran-mobilitzacio-contra-ledatisme\/#primaryimage","url":"https:\/\/www.revistarambla.com\/wp-content\/uploads\/2025\/09\/unnamed.jpg","contentUrl":"https:\/\/www.revistarambla.com\/wp-content\/uploads\/2025\/09\/unnamed.jpg","width":900,"height":506,"caption":"edatisme"},{"@type":"BreadcrumbList","@id":"https:\/\/www.revistarambla.com\/barcelona-es-prepara-per-a-celebrar-una-gran-mobilitzacio-contra-ledatisme\/#breadcrumb","itemListElement":[{"@type":"ListItem","position":1,"name":"Portada","item":"https:\/\/www.revistarambla.com\/"},{"@type":"ListItem","position":2,"name":"Barcelona es prepara per a celebrar una gran mobilitzaci\u00f3 contra l\u2019edatisme"}]},{"@type":"WebSite","@id":"https:\/\/www.revistarambla.com\/#website","url":"https:\/\/www.revistarambla.com\/","name":"Revista Rambla Barcelona","description":"Periodismo independiente","publisher":{"@id":"https:\/\/www.revistarambla.com\/#organization"},"potentialAction":[{"@type":"SearchAction","target":{"@type":"EntryPoint","urlTemplate":"https:\/\/www.revistarambla.com\/?s={search_term_string}"},"query-input":{"@type":"PropertyValueSpecification","valueRequired":true,"valueName":"search_term_string"}}],"inLanguage":"en-GB"},{"@type":"Organization","@id":"https:\/\/www.revistarambla.com\/#organization","name":"Revista Rambla","url":"https:\/\/www.revistarambla.com\/","logo":{"@type":"ImageObject","inLanguage":"en-GB","@id":"https:\/\/www.revistarambla.com\/#\/schema\/logo\/image\/","url":"https:\/\/www.revistarambla.com\/wp-content\/uploads\/2020\/09\/banner_rambla_1900x600_BB.png","contentUrl":"https:\/\/www.revistarambla.com\/wp-content\/uploads\/2020\/09\/banner_rambla_1900x600_BB.png","width":1900,"height":600,"caption":"Revista Rambla"},"image":{"@id":"https:\/\/www.revistarambla.com\/#\/schema\/logo\/image\/"},"sameAs":["https:\/\/www.facebook.com\/revistarambla\/","https:\/\/x.com\/revistarambla","https:\/\/www.instagram.com\/revista_rambla","https:\/\/es.linkedin.com\/company\/revista-rambla"]},{"@type":"Person","@id":"https:\/\/www.revistarambla.com\/#\/schema\/person\/a146a5a2550b94981a75131180e1bd9c","name":"R@mbla","description":"Este art\u00edculo ha sido redactado y\/o validado por el equipo de redacci\u00f3n de Revista Rambla.","sameAs":["https:\/\/www.revistarambla.com\/","https:\/\/www.facebook.com\/revistarambla","https:\/\/x.com\/revistarambla"]}]}},"_links":{"self":[{"href":"https:\/\/www.revistarambla.com\/en\/wp-json\/wp\/v2\/posts\/66656","targetHints":{"allow":["GET"]}}],"collection":[{"href":"https:\/\/www.revistarambla.com\/en\/wp-json\/wp\/v2\/posts"}],"about":[{"href":"https:\/\/www.revistarambla.com\/en\/wp-json\/wp\/v2\/types\/post"}],"author":[{"embeddable":true,"href":"https:\/\/www.revistarambla.com\/en\/wp-json\/wp\/v2\/users\/3"}],"replies":[{"embeddable":true,"href":"https:\/\/www.revistarambla.com\/en\/wp-json\/wp\/v2\/comments?post=66656"}],"version-history":[{"count":1,"href":"https:\/\/www.revistarambla.com\/en\/wp-json\/wp\/v2\/posts\/66656\/revisions"}],"predecessor-version":[{"id":66658,"href":"https:\/\/www.revistarambla.com\/en\/wp-json\/wp\/v2\/posts\/66656\/revisions\/66658"}],"wp:featuredmedia":[{"embeddable":true,"href":"https:\/\/www.revistarambla.com\/en\/wp-json\/wp\/v2\/media\/66657"}],"wp:attachment":[{"href":"https:\/\/www.revistarambla.com\/en\/wp-json\/wp\/v2\/media?parent=66656"}],"wp:term":[{"taxonomy":"category","embeddable":true,"href":"https:\/\/www.revistarambla.com\/en\/wp-json\/wp\/v2\/categories?post=66656"},{"taxonomy":"post_tag","embeddable":true,"href":"https:\/\/www.revistarambla.com\/en\/wp-json\/wp\/v2\/tags?post=66656"}],"curies":[{"name":"wp","href":"https:\/\/api.w.org\/{rel}","templated":true}]}}