{"id":66651,"date":"2025-09-19T12:02:51","date_gmt":"2025-09-19T10:02:51","guid":{"rendered":"https:\/\/www.revistarambla.com\/?p=66651"},"modified":"2025-09-21T19:37:50","modified_gmt":"2025-09-21T17:37:50","slug":"brigitte-macron-se-propone-demostrar-que-no-es-un-hombre","status":"publish","type":"post","link":"https:\/\/www.revistarambla.com\/en\/brigitte-macron-se-propone-demostrar-que-no-es-un-hombre\/","title":{"rendered":"Brigitte Macron se propone demostrar que no es un hombre"},"content":{"rendered":"<p>En un giro que parece sacado de una novela dist\u00f3pica, la primera dama de Francia, Brigitte Macron, se prepara para presentar \u00abpruebas cient\u00edficas y fotogr\u00e1ficas\u00bb ante un tribunal estadounidense para demostrar que no es un hombre. Esta declaraci\u00f3n, hecha por el abogado de la pareja presidencial, Tom Clare, en una entrevista con la BBC, marca un nuevo cap\u00edtulo en una saga de desinformaci\u00f3n que ha perseguido a los Macron desde la era de la pandemia. La demanda por difamaci\u00f3n contra la influencer ultraconservadora Candace Owens no solo expone las grietas de la era digital, donde las teor\u00edas conspirativas se propagan como virus, sino que tambi\u00e9n plantea interrogantes profundos sobre la transfobia, la libertad de expresi\u00f3n y el costo personal de la fama pol\u00edtica.<\/p>\n<p>La controversia, que ha capturado la atenci\u00f3n global, surge de afirmaciones infundadas que alegan que Brigitte Macron, de 72 a\u00f1os, naci\u00f3 como hombre bajo el nombre de Jean-Michel Trogneux, su propio hermano, y que habr\u00eda transicionado en alg\u00fan momento de su vida adulta. Owens, una figura prominente en la derecha estadounidense con millones de seguidores en redes sociales, ha apostado su \u00abreputaci\u00f3n profesional entera\u00bb en esta narrativa, promovida en videos de YouTube, p\u00f3dcast y publicaciones en X. En marzo de 2024, Owens declar\u00f3 p\u00fablicamente: \u00abApuesto mi reputaci\u00f3n profesional entera a que Brigitte Macron es un hombre\u00bb. Esta afirmaci\u00f3n, repetida en una serie de ocho episodios de p\u00f3dcast titulada \u00abBecoming Brigitte\u00bb, ha acumulado millones de vistas y ha sido calificada por los Macron como un acto deliberado de difamaci\u00f3n para ganar audiencia y monetizar el esc\u00e1ndalo.<\/p>\n<h2>Or\u00edgenes de una falsedad pand\u00e9mica<\/h2>\n<p>Para entender el contexto, es necesario retroceder a 2021, en plena crisis del COVID-19 en Francia. En un momento de desconfianza generalizada hacia las instituciones \u2014con protestas contra las vacunas y el confinamiento en auge\u2014, dos blogueras francesas, Amandine Roy y Natacha Rey, publicaron un video en YouTube especulando sobre el g\u00e9nero de Brigitte Macron. Alegaban, sin evidencia s\u00f3lida, que la primera dama hab\u00eda asumido la identidad de su hermano Jean-Michel, quien supuestamente habr\u00eda desaparecido de los registros p\u00fablicos. Esta teor\u00eda, alimentada por fotos antiguas manipuladas y genealog\u00edas falsificadas, se viraliz\u00f3 r\u00e1pidamente en c\u00edrculos de extrema derecha y antivacunas.<\/p>\n<p>Los Macron respondieron con una demanda por difamaci\u00f3n en Francia. En 2024, un tribunal inicial fall\u00f3 a su favor, condenando a Roy y Rey por propagar mentiras. Sin embargo, en julio de 2025, una corte de apelaciones revoc\u00f3 la sentencia, argumentando que no cumpl\u00eda con la definici\u00f3n legal estricta de difamaci\u00f3n y priorizando la libertad de expresi\u00f3n. Brigitte Macron y su hermano apelaron ante la Corte de Casaci\u00f3n, la m\u00e1s alta instancia judicial francesa, donde el caso a\u00fan pende. Este rev\u00e9s no disuadi\u00f3 a los propagadores; al contrario, lo interpretaron como una validaci\u00f3n impl\u00edcita, exacerbando la difusi\u00f3n internacional de la teor\u00eda.<\/p>\n<p>La narrativa ha mutado en redes sociales como X, donde b\u00fasquedas sem\u00e1nticas revelan un ecosistema de posts que van desde memes sat\u00edricos hasta afirmaciones serias.<\/p>\n<h2>La demanda transatl\u00e1ntica: De Par\u00eds a Delaware<\/h2>\n<p>El salto al escenario estadounidense ocurri\u00f3 en julio de 2025, cuando los Macron presentaron una demanda de 22 cargos por difamaci\u00f3n contra Owens y su empresa en la Corte Superior de Delaware. La elecci\u00f3n de esta jurisdicci\u00f3n no es casual: Owens reside en Tennessee, pero su negocio opera en Delaware, un estado favorable para demandas corporativas. La querella acusa a Owens de ignorar \u00abtoda evidencia cre\u00edble que desmiente su afirmaci\u00f3n\u00bb y de \u00abalentar te\u00f3ricos conspirativos conocidos y difamadores probados\u00bb para monetizar el contenido.<\/p>\n<p>En respuesta, Owens ha presentado una moci\u00f3n para desestimar el caso, argumentando falta de jurisdicci\u00f3n, prescripci\u00f3n bajo la ley francesa y el principio de \u00abforum non conveniens\u00bb \u2014es decir, que el litigio deber\u00eda resolverse en Francia\u2014. En una entrevista con Tucker Carlson en julio de 2025, Owens insisti\u00f3 en que la demanda es un intento de \u00abintimidar a una reportera\u00bb y que el caso es \u00abm\u00e1s grande\u00bb que ella misma, insinuando una conspiraci\u00f3n global. Sin embargo, fuentes como <em>The Guardian<\/em> destacan que esta teor\u00eda forma parte de un patr\u00f3n m\u00e1s amplio de ataques contra mujeres poderosas, desde Michelle Obama hasta Lady Gaga, donde se las acusa de ser transg\u00e9nero como forma de deslegitimaci\u00f3n.<\/p>\n<p>El anuncio de las \u00abpruebas cient\u00edficas\u00bb por parte de Tom Clare ha intensificado el debate. En el p\u00f3dcast \u00abFame Under Fire\u00bb de la BBC, Clare explic\u00f3 que Brigitte Macron est\u00e1 dispuesta a someterse a un proceso \u00abincre\u00edblemente intrusivo\u00bb para \u00abestablecer el r\u00e9cord\u00bb. Esto podr\u00eda incluir testimonios expertos, fotograf\u00edas de su embarazo y crianza de sus tres hijos (de un matrimonio anterior), y posiblemente an\u00e1lisis gen\u00e9ticos o m\u00e9dicos que confirmen su sexo biol\u00f3gico. Clare enfatiz\u00f3 que las alegaciones no solo son falsas, sino que acusan impl\u00edcitamente a los Macron de actos criminales, como fraude de identidad y conspiraci\u00f3n para enga\u00f1ar al mundo.<\/p>\n<p>Brigitte, una ex profesora de literatura que conoci\u00f3 a Emmanuel Macron cuando \u00e9l era su alumno adolescente (ella ten\u00eda 40 a\u00f1os y \u00e9l 15), ha sido blanco de escrutinio por su diferencia de edad de 24 a\u00f1os. Esta relaci\u00f3n, que culmin\u00f3 en matrimonio en 2007 tras el divorcio de Brigitte, ha sido romantizada en Francia, pero criticada en c\u00edrculos conservadores como un ejemplo de \u00abgrooming\u00bb (enga\u00f1o pederasta). Owens ha explotado esto, alegando que Brigitte \u00abenga\u00f1\u00f3\u00bb a Emmanuel antes de su supuesta transici\u00f3n.<\/p>\n<h2>Implicaciones sociales y pol\u00edticas: Transfobia y el precio de la verdad<\/h2>\n<p>Este caso trasciende lo personal y toca fibras sensibles en la sociedad contempor\u00e1nea. Expertos en g\u00e9nero, como los citados en <em>The 19th News<\/em>, ven en estas acusaciones un \u00abpatr\u00f3n de teor\u00edas conspirativas que atacan a mujeres prominentes en pol\u00edtica y cultura\u00bb, reforzando estereotipos tr\u00e1nsfobo. En Francia, donde la igualdad de g\u00e9nero es un pilar constitucional, la demanda ha dividido opiniones: algunos la ven como una defensa necesaria contra la desinformaci\u00f3n, mientras que otros, como la columnista R\u00f3is\u00edn Michaux en X, argumentan que no castigar a los difamadores podr\u00eda estigmatizar a las personas trans.<\/p>\n<p>Pol\u00edticamente, para Emmanuel Macron, en medio de una crisis gubernamental \u2014con la reciente ca\u00edda del primer ministro en un voto de no confianza\u2014, esta distracci\u00f3n llega en un momento inoportuno. El presidente, quien ha defendido la libertad de expresi\u00f3n, pero criticado su abuso (incluso lanzando una pulla a Donald Trump en agosto de 2025), ve en este litigio una oportunidad para \u00abdefender su honor\u00bb. Sin embargo, cr\u00edticos argumentan que someterse a pruebas tan \u00edntimas legitima las teor\u00edas conspirativas al darles un foro judicial.<\/p>\n<h2>Hacia un veredicto: Lecciones de la era digital<\/h2>\n<p>Mientras el caso avanza, con posibles audiencias en 2026, surge una pregunta fundamental: \u00bfPuede la justicia contrarrestar la viralidad de las mentiras? Fuentes como <em>Reuters<\/em> han desmentido repetidamente interpretaciones err\u00f3neas de fallos judiciales, aclarando que ninguna corte ha validado la teor\u00eda sobre el g\u00e9nero de Brigitte. No obstante, la persistencia de estos rumores \u2013ampliados por algoritmos que priorizan el engagement\u2013 subraya la necesidad de regulaciones m\u00e1s estrictas en plataformas digitales.<\/p>\n<p>Brigitte Macron, una figura que ha navegado el escrutinio p\u00fablico con gracia, emerge aqu\u00ed no como v\u00edctima pasiva, sino como defensora activa de su dignidad.<\/p>","protected":false},"excerpt":{"rendered":"<p>En un giro que parece sacado de una novela dist\u00f3pica, la primera dama de Francia, Brigitte Macron, se prepara para presentar \u00abpruebas cient\u00edficas y fotogr\u00e1ficas\u00bb ante un tribunal estadounidense para demostrar que no es un hombre. Esta declaraci\u00f3n, hecha por el abogado de la pareja presidencial, Tom Clare, en una [&hellip;]<\/p>\n","protected":false},"author":3,"featured_media":66652,"comment_status":"closed","ping_status":"closed","sticky":false,"template":"","format":"standard","meta":{"footnotes":""},"categories":[57],"tags":[],"class_list":["post-66651","post","type-post","status-publish","format-standard","has-post-thumbnail","hentry","category-global"],"yoast_head":"<!-- This site is optimized with the Yoast SEO plugin v27.5 - https:\/\/yoast.com\/product\/yoast-seo-wordpress\/ -->\n<title>Brigitte Macron se propone demostrar que no es un hombre - Revista Rambla<\/title>\n<meta name=\"robots\" content=\"index, follow, max-snippet:-1, max-image-preview:large, max-video-preview:-1\" \/>\n<link rel=\"canonical\" href=\"https:\/\/www.revistarambla.com\/en\/brigitte-macron-se-propone-demostrar-que-no-es-un-hombre\/\" \/>\n<meta property=\"og:locale\" content=\"en_GB\" \/>\n<meta property=\"og:type\" content=\"article\" \/>\n<meta property=\"og:title\" content=\"Brigitte Macron se propone demostrar que no es un hombre - Revista Rambla\" \/>\n<meta property=\"og:description\" content=\"En un giro que parece sacado de una novela dist\u00f3pica, la primera dama de Francia, Brigitte Macron, se prepara para presentar \u00abpruebas cient\u00edficas y fotogr\u00e1ficas\u00bb ante un tribunal estadounidense para demostrar que no es un hombre. Esta declaraci\u00f3n, hecha por el abogado de la pareja presidencial, Tom Clare, en una [&hellip;]\" \/>\n<meta property=\"og:url\" content=\"https:\/\/www.revistarambla.com\/en\/brigitte-macron-se-propone-demostrar-que-no-es-un-hombre\/\" \/>\n<meta property=\"og:site_name\" content=\"Revista Rambla\" \/>\n<meta property=\"article:publisher\" content=\"https:\/\/www.facebook.com\/revistarambla\/\" \/>\n<meta property=\"article:author\" content=\"https:\/\/www.facebook.com\/revistarambla\" \/>\n<meta property=\"article:published_time\" content=\"2025-09-19T10:02:51+00:00\" \/>\n<meta property=\"article:modified_time\" content=\"2025-09-21T17:37:50+00:00\" \/>\n<meta property=\"og:image\" content=\"https:\/\/www.revistarambla.com\/wp-content\/uploads\/2025\/09\/Brigitte-Macron.jpg\" \/>\n\t<meta property=\"og:image:width\" content=\"1024\" \/>\n\t<meta property=\"og:image:height\" content=\"683\" \/>\n\t<meta property=\"og:image:type\" content=\"image\/jpeg\" \/>\n<meta name=\"author\" content=\"R@mbla\" \/>\n<meta name=\"twitter:card\" content=\"summary_large_image\" \/>\n<meta name=\"twitter:creator\" content=\"@revistarambla\" \/>\n<meta name=\"twitter:site\" content=\"@revistarambla\" \/>\n<meta name=\"twitter:label1\" content=\"Written by\" \/>\n\t<meta name=\"twitter:data1\" content=\"R@mbla\" \/>\n\t<meta name=\"twitter:label2\" content=\"Estimated reading time\" \/>\n\t<meta name=\"twitter:data2\" content=\"6 minutes\" \/>\n<script type=\"application\/ld+json\" class=\"yoast-schema-graph\">{\"@context\":\"https:\\\/\\\/schema.org\",\"@graph\":[{\"@type\":\"Article\",\"@id\":\"https:\\\/\\\/www.revistarambla.com\\\/brigitte-macron-se-propone-demostrar-que-no-es-un-hombre\\\/#article\",\"isPartOf\":{\"@id\":\"https:\\\/\\\/www.revistarambla.com\\\/brigitte-macron-se-propone-demostrar-que-no-es-un-hombre\\\/\"},\"author\":{\"name\":\"R@mbla\",\"@id\":\"https:\\\/\\\/www.revistarambla.com\\\/#\\\/schema\\\/person\\\/a146a5a2550b94981a75131180e1bd9c\"},\"headline\":\"Brigitte Macron se propone demostrar que no es un hombre\",\"datePublished\":\"2025-09-19T10:02:51+00:00\",\"dateModified\":\"2025-09-21T17:37:50+00:00\",\"mainEntityOfPage\":{\"@id\":\"https:\\\/\\\/www.revistarambla.com\\\/brigitte-macron-se-propone-demostrar-que-no-es-un-hombre\\\/\"},\"wordCount\":1273,\"publisher\":{\"@id\":\"https:\\\/\\\/www.revistarambla.com\\\/#organization\"},\"image\":{\"@id\":\"https:\\\/\\\/www.revistarambla.com\\\/brigitte-macron-se-propone-demostrar-que-no-es-un-hombre\\\/#primaryimage\"},\"thumbnailUrl\":\"https:\\\/\\\/www.revistarambla.com\\\/wp-content\\\/uploads\\\/2025\\\/09\\\/Brigitte-Macron.jpg\",\"articleSection\":[\"Global\"],\"inLanguage\":\"en-GB\"},{\"@type\":\"WebPage\",\"@id\":\"https:\\\/\\\/www.revistarambla.com\\\/brigitte-macron-se-propone-demostrar-que-no-es-un-hombre\\\/\",\"url\":\"https:\\\/\\\/www.revistarambla.com\\\/brigitte-macron-se-propone-demostrar-que-no-es-un-hombre\\\/\",\"name\":\"Brigitte Macron se propone demostrar que no es un hombre - Revista Rambla\",\"isPartOf\":{\"@id\":\"https:\\\/\\\/www.revistarambla.com\\\/#website\"},\"primaryImageOfPage\":{\"@id\":\"https:\\\/\\\/www.revistarambla.com\\\/brigitte-macron-se-propone-demostrar-que-no-es-un-hombre\\\/#primaryimage\"},\"image\":{\"@id\":\"https:\\\/\\\/www.revistarambla.com\\\/brigitte-macron-se-propone-demostrar-que-no-es-un-hombre\\\/#primaryimage\"},\"thumbnailUrl\":\"https:\\\/\\\/www.revistarambla.com\\\/wp-content\\\/uploads\\\/2025\\\/09\\\/Brigitte-Macron.jpg\",\"datePublished\":\"2025-09-19T10:02:51+00:00\",\"dateModified\":\"2025-09-21T17:37:50+00:00\",\"breadcrumb\":{\"@id\":\"https:\\\/\\\/www.revistarambla.com\\\/brigitte-macron-se-propone-demostrar-que-no-es-un-hombre\\\/#breadcrumb\"},\"inLanguage\":\"en-GB\",\"potentialAction\":[{\"@type\":\"ReadAction\",\"target\":[\"https:\\\/\\\/www.revistarambla.com\\\/brigitte-macron-se-propone-demostrar-que-no-es-un-hombre\\\/\"]}]},{\"@type\":\"ImageObject\",\"inLanguage\":\"en-GB\",\"@id\":\"https:\\\/\\\/www.revistarambla.com\\\/brigitte-macron-se-propone-demostrar-que-no-es-un-hombre\\\/#primaryimage\",\"url\":\"https:\\\/\\\/www.revistarambla.com\\\/wp-content\\\/uploads\\\/2025\\\/09\\\/Brigitte-Macron.jpg\",\"contentUrl\":\"https:\\\/\\\/www.revistarambla.com\\\/wp-content\\\/uploads\\\/2025\\\/09\\\/Brigitte-Macron.jpg\",\"width\":1024,\"height\":683,\"caption\":\"Brigitte Macron\"},{\"@type\":\"BreadcrumbList\",\"@id\":\"https:\\\/\\\/www.revistarambla.com\\\/brigitte-macron-se-propone-demostrar-que-no-es-un-hombre\\\/#breadcrumb\",\"itemListElement\":[{\"@type\":\"ListItem\",\"position\":1,\"name\":\"Portada\",\"item\":\"https:\\\/\\\/www.revistarambla.com\\\/\"},{\"@type\":\"ListItem\",\"position\":2,\"name\":\"Brigitte Macron se propone demostrar que no es un hombre\"}]},{\"@type\":\"WebSite\",\"@id\":\"https:\\\/\\\/www.revistarambla.com\\\/#website\",\"url\":\"https:\\\/\\\/www.revistarambla.com\\\/\",\"name\":\"Revista Rambla Barcelona\",\"description\":\"Periodismo independiente\",\"publisher\":{\"@id\":\"https:\\\/\\\/www.revistarambla.com\\\/#organization\"},\"potentialAction\":[{\"@type\":\"SearchAction\",\"target\":{\"@type\":\"EntryPoint\",\"urlTemplate\":\"https:\\\/\\\/www.revistarambla.com\\\/?s={search_term_string}\"},\"query-input\":{\"@type\":\"PropertyValueSpecification\",\"valueRequired\":true,\"valueName\":\"search_term_string\"}}],\"inLanguage\":\"en-GB\"},{\"@type\":\"Organization\",\"@id\":\"https:\\\/\\\/www.revistarambla.com\\\/#organization\",\"name\":\"Revista Rambla\",\"url\":\"https:\\\/\\\/www.revistarambla.com\\\/\",\"logo\":{\"@type\":\"ImageObject\",\"inLanguage\":\"en-GB\",\"@id\":\"https:\\\/\\\/www.revistarambla.com\\\/#\\\/schema\\\/logo\\\/image\\\/\",\"url\":\"https:\\\/\\\/www.revistarambla.com\\\/wp-content\\\/uploads\\\/2020\\\/09\\\/banner_rambla_1900x600_BB.png\",\"contentUrl\":\"https:\\\/\\\/www.revistarambla.com\\\/wp-content\\\/uploads\\\/2020\\\/09\\\/banner_rambla_1900x600_BB.png\",\"width\":1900,\"height\":600,\"caption\":\"Revista Rambla\"},\"image\":{\"@id\":\"https:\\\/\\\/www.revistarambla.com\\\/#\\\/schema\\\/logo\\\/image\\\/\"},\"sameAs\":[\"https:\\\/\\\/www.facebook.com\\\/revistarambla\\\/\",\"https:\\\/\\\/x.com\\\/revistarambla\",\"https:\\\/\\\/www.instagram.com\\\/revista_rambla\",\"https:\\\/\\\/es.linkedin.com\\\/company\\\/revista-rambla\"]},{\"@type\":\"Person\",\"@id\":\"https:\\\/\\\/www.revistarambla.com\\\/#\\\/schema\\\/person\\\/a146a5a2550b94981a75131180e1bd9c\",\"name\":\"R@mbla\",\"description\":\"Este art\u00edculo ha sido redactado y\\\/o validado por el equipo de redacci\u00f3n de Revista Rambla.\",\"sameAs\":[\"https:\\\/\\\/www.revistarambla.com\\\/\",\"https:\\\/\\\/www.facebook.com\\\/revistarambla\",\"https:\\\/\\\/x.com\\\/revistarambla\"]}]}<\/script>\n<!-- \/ Yoast SEO plugin. -->","yoast_head_json":{"title":"Brigitte Macron se propone demostrar que no es un hombre - Revista Rambla","robots":{"index":"index","follow":"follow","max-snippet":"max-snippet:-1","max-image-preview":"max-image-preview:large","max-video-preview":"max-video-preview:-1"},"canonical":"https:\/\/www.revistarambla.com\/en\/brigitte-macron-se-propone-demostrar-que-no-es-un-hombre\/","og_locale":"en_GB","og_type":"article","og_title":"Brigitte Macron se propone demostrar que no es un hombre - Revista Rambla","og_description":"En un giro que parece sacado de una novela dist\u00f3pica, la primera dama de Francia, Brigitte Macron, se prepara para presentar \u00abpruebas cient\u00edficas y fotogr\u00e1ficas\u00bb ante un tribunal estadounidense para demostrar que no es un hombre. Esta declaraci\u00f3n, hecha por el abogado de la pareja presidencial, Tom Clare, en una [&hellip;]","og_url":"https:\/\/www.revistarambla.com\/en\/brigitte-macron-se-propone-demostrar-que-no-es-un-hombre\/","og_site_name":"Revista Rambla","article_publisher":"https:\/\/www.facebook.com\/revistarambla\/","article_author":"https:\/\/www.facebook.com\/revistarambla","article_published_time":"2025-09-19T10:02:51+00:00","article_modified_time":"2025-09-21T17:37:50+00:00","og_image":[{"width":1024,"height":683,"url":"https:\/\/www.revistarambla.com\/wp-content\/uploads\/2025\/09\/Brigitte-Macron.jpg","type":"image\/jpeg"}],"author":"R@mbla","twitter_card":"summary_large_image","twitter_creator":"@revistarambla","twitter_site":"@revistarambla","twitter_misc":{"Written by":"R@mbla","Estimated reading time":"6 minutes"},"schema":{"@context":"https:\/\/schema.org","@graph":[{"@type":"Article","@id":"https:\/\/www.revistarambla.com\/brigitte-macron-se-propone-demostrar-que-no-es-un-hombre\/#article","isPartOf":{"@id":"https:\/\/www.revistarambla.com\/brigitte-macron-se-propone-demostrar-que-no-es-un-hombre\/"},"author":{"name":"R@mbla","@id":"https:\/\/www.revistarambla.com\/#\/schema\/person\/a146a5a2550b94981a75131180e1bd9c"},"headline":"Brigitte Macron se propone demostrar que no es un hombre","datePublished":"2025-09-19T10:02:51+00:00","dateModified":"2025-09-21T17:37:50+00:00","mainEntityOfPage":{"@id":"https:\/\/www.revistarambla.com\/brigitte-macron-se-propone-demostrar-que-no-es-un-hombre\/"},"wordCount":1273,"publisher":{"@id":"https:\/\/www.revistarambla.com\/#organization"},"image":{"@id":"https:\/\/www.revistarambla.com\/brigitte-macron-se-propone-demostrar-que-no-es-un-hombre\/#primaryimage"},"thumbnailUrl":"https:\/\/www.revistarambla.com\/wp-content\/uploads\/2025\/09\/Brigitte-Macron.jpg","articleSection":["Global"],"inLanguage":"en-GB"},{"@type":"WebPage","@id":"https:\/\/www.revistarambla.com\/brigitte-macron-se-propone-demostrar-que-no-es-un-hombre\/","url":"https:\/\/www.revistarambla.com\/brigitte-macron-se-propone-demostrar-que-no-es-un-hombre\/","name":"Brigitte Macron se propone demostrar que no es un hombre - Revista Rambla","isPartOf":{"@id":"https:\/\/www.revistarambla.com\/#website"},"primaryImageOfPage":{"@id":"https:\/\/www.revistarambla.com\/brigitte-macron-se-propone-demostrar-que-no-es-un-hombre\/#primaryimage"},"image":{"@id":"https:\/\/www.revistarambla.com\/brigitte-macron-se-propone-demostrar-que-no-es-un-hombre\/#primaryimage"},"thumbnailUrl":"https:\/\/www.revistarambla.com\/wp-content\/uploads\/2025\/09\/Brigitte-Macron.jpg","datePublished":"2025-09-19T10:02:51+00:00","dateModified":"2025-09-21T17:37:50+00:00","breadcrumb":{"@id":"https:\/\/www.revistarambla.com\/brigitte-macron-se-propone-demostrar-que-no-es-un-hombre\/#breadcrumb"},"inLanguage":"en-GB","potentialAction":[{"@type":"ReadAction","target":["https:\/\/www.revistarambla.com\/brigitte-macron-se-propone-demostrar-que-no-es-un-hombre\/"]}]},{"@type":"ImageObject","inLanguage":"en-GB","@id":"https:\/\/www.revistarambla.com\/brigitte-macron-se-propone-demostrar-que-no-es-un-hombre\/#primaryimage","url":"https:\/\/www.revistarambla.com\/wp-content\/uploads\/2025\/09\/Brigitte-Macron.jpg","contentUrl":"https:\/\/www.revistarambla.com\/wp-content\/uploads\/2025\/09\/Brigitte-Macron.jpg","width":1024,"height":683,"caption":"Brigitte Macron"},{"@type":"BreadcrumbList","@id":"https:\/\/www.revistarambla.com\/brigitte-macron-se-propone-demostrar-que-no-es-un-hombre\/#breadcrumb","itemListElement":[{"@type":"ListItem","position":1,"name":"Portada","item":"https:\/\/www.revistarambla.com\/"},{"@type":"ListItem","position":2,"name":"Brigitte Macron se propone demostrar que no es un hombre"}]},{"@type":"WebSite","@id":"https:\/\/www.revistarambla.com\/#website","url":"https:\/\/www.revistarambla.com\/","name":"Revista Rambla Barcelona","description":"Periodismo independiente","publisher":{"@id":"https:\/\/www.revistarambla.com\/#organization"},"potentialAction":[{"@type":"SearchAction","target":{"@type":"EntryPoint","urlTemplate":"https:\/\/www.revistarambla.com\/?s={search_term_string}"},"query-input":{"@type":"PropertyValueSpecification","valueRequired":true,"valueName":"search_term_string"}}],"inLanguage":"en-GB"},{"@type":"Organization","@id":"https:\/\/www.revistarambla.com\/#organization","name":"Revista Rambla","url":"https:\/\/www.revistarambla.com\/","logo":{"@type":"ImageObject","inLanguage":"en-GB","@id":"https:\/\/www.revistarambla.com\/#\/schema\/logo\/image\/","url":"https:\/\/www.revistarambla.com\/wp-content\/uploads\/2020\/09\/banner_rambla_1900x600_BB.png","contentUrl":"https:\/\/www.revistarambla.com\/wp-content\/uploads\/2020\/09\/banner_rambla_1900x600_BB.png","width":1900,"height":600,"caption":"Revista Rambla"},"image":{"@id":"https:\/\/www.revistarambla.com\/#\/schema\/logo\/image\/"},"sameAs":["https:\/\/www.facebook.com\/revistarambla\/","https:\/\/x.com\/revistarambla","https:\/\/www.instagram.com\/revista_rambla","https:\/\/es.linkedin.com\/company\/revista-rambla"]},{"@type":"Person","@id":"https:\/\/www.revistarambla.com\/#\/schema\/person\/a146a5a2550b94981a75131180e1bd9c","name":"R@mbla","description":"Este art\u00edculo ha sido redactado y\/o validado por el equipo de redacci\u00f3n de Revista Rambla.","sameAs":["https:\/\/www.revistarambla.com\/","https:\/\/www.facebook.com\/revistarambla","https:\/\/x.com\/revistarambla"]}]}},"_links":{"self":[{"href":"https:\/\/www.revistarambla.com\/en\/wp-json\/wp\/v2\/posts\/66651","targetHints":{"allow":["GET"]}}],"collection":[{"href":"https:\/\/www.revistarambla.com\/en\/wp-json\/wp\/v2\/posts"}],"about":[{"href":"https:\/\/www.revistarambla.com\/en\/wp-json\/wp\/v2\/types\/post"}],"author":[{"embeddable":true,"href":"https:\/\/www.revistarambla.com\/en\/wp-json\/wp\/v2\/users\/3"}],"replies":[{"embeddable":true,"href":"https:\/\/www.revistarambla.com\/en\/wp-json\/wp\/v2\/comments?post=66651"}],"version-history":[{"count":3,"href":"https:\/\/www.revistarambla.com\/en\/wp-json\/wp\/v2\/posts\/66651\/revisions"}],"predecessor-version":[{"id":66655,"href":"https:\/\/www.revistarambla.com\/en\/wp-json\/wp\/v2\/posts\/66651\/revisions\/66655"}],"wp:featuredmedia":[{"embeddable":true,"href":"https:\/\/www.revistarambla.com\/en\/wp-json\/wp\/v2\/media\/66652"}],"wp:attachment":[{"href":"https:\/\/www.revistarambla.com\/en\/wp-json\/wp\/v2\/media?parent=66651"}],"wp:term":[{"taxonomy":"category","embeddable":true,"href":"https:\/\/www.revistarambla.com\/en\/wp-json\/wp\/v2\/categories?post=66651"},{"taxonomy":"post_tag","embeddable":true,"href":"https:\/\/www.revistarambla.com\/en\/wp-json\/wp\/v2\/tags?post=66651"}],"curies":[{"name":"wp","href":"https:\/\/api.w.org\/{rel}","templated":true}]}}