{"id":66640,"date":"2025-09-18T13:24:05","date_gmt":"2025-09-18T11:24:05","guid":{"rendered":"https:\/\/www.revistarambla.com\/?p=66640"},"modified":"2025-09-19T12:06:27","modified_gmt":"2025-09-19T10:06:27","slug":"barcelona-encadenara-los-ordenadores-municipales-para-que-los-trabajadores-no-se-los-lleven","status":"publish","type":"post","link":"https:\/\/www.revistarambla.com\/en\/barcelona-encadenara-los-ordenadores-municipales-para-que-los-trabajadores-no-se-los-lleven\/","title":{"rendered":"Barcelona encadenar\u00e1 los ordenadores municipales para que los trabajadores no se los lleven"},"content":{"rendered":"<p>En una ciudad como Barcelona, donde la innovaci\u00f3n tecnol\u00f3gica y la eficiencia administrativa son banderas del gobierno municipal, resulta chocante imaginar a los funcionarios trabajando con ordenadores encadenados a las mesas como si fueran reliquias de un museo. Sin embargo, esta es la realidad que ha impulsado el Ayuntamiento tras una serie de robos que han dejado al descubierto vulnerabilidades inesperadas en sus propias dependencias. Seg\u00fan datos revelados por el teniente de alcald\u00eda de Seguridad, Albert Batlle, en respuesta a una interpelaci\u00f3n del grupo municipal de Vox, se han sustra\u00eddo 58 ordenadores desde 2023, con un valor total de 86.304 euros. Esta medida, que evoca \u00e9pocas pasadas de precauciones dr\u00e1sticas, plantea preguntas sobre la seguridad en las instituciones p\u00fablicas y el impacto en la confianza ciudadana.<\/p>\n<p>El anuncio, recogido inicialmente por el medio local Betev\u00e9, ha generado una oleada de sorpresa y debate en la capital catalana. Barcelona, con su imagen de metr\u00f3polis moderna y tur\u00edstica, se enfrenta a un problema que, aunque no es \u00abgeneralizado\u00bb seg\u00fan Batlle, revela grietas en el sistema. Los registros del Instituto Municipal de Inform\u00e1tica (IMI) detallan una escalada preocupante: ocho robos en 2023, que subieron a 29 en 2024, y ya 21 en lo que va de 2025. Cada ordenador tiene un valor m\u00e1ximo de 1.488 euros, pero el costo real va m\u00e1s all\u00e1 del monetario: implica interrupciones en el trabajo administrativo, posibles fugas de datos sensibles y un golpe a la moral de los empleados municipales.<\/p>\n<p>Batlle, en su intervenci\u00f3n, ha enfatizado que estos incidentes representan apenas el 0,5% de los 11.228 ordenadores disponibles para los trabajadores del consistorio. \u00abNo se puede considerar como un problema generalizado en ning\u00fan caso\u00bb, sentenci\u00f3 el teniente de alcald\u00eda, intentando restar dramatismo al asunto. Sin embargo, admiti\u00f3 la preocupaci\u00f3n principal: la imposibilidad de determinar si los robos se producen dentro o fuera de las instalaciones municipales. Esta incertidumbre apunta directamente a posibles fallos en la vigilancia interna o incluso a implicaciones de personal propio, un escenario que el gobierno prefiere no enfatizar pero que no puede ignorar.<\/p>\n<p>La decisi\u00f3n de encadenar los dispositivos surge como una respuesta inmediata y pragm\u00e1tica. \u00abHemos colocado candados para fijar los terminales a las mesas\u00bb, explic\u00f3 Batlle, present\u00e1ndolo como una medida efectiva para \u00abdetener en seco\u00bb los robos. Esta soluci\u00f3n, aunque sencilla, recuerda a pr\u00e1cticas comunes en bibliotecas p\u00fablicas o cibercaf\u00e9s de anta\u00f1o, donde el hurto de equipo era un riesgo cotidiano. En el contexto del Ayuntamiento, sin embargo, plantea interrogantes sobre la modernidad de la administraci\u00f3n. \u00bfEs esta la mejor forma de proteger activos p\u00fablicos en una era digital? Expertos en seguridad consultados para este reportaje sugieren que, si bien los candados f\u00edsicos son un disuasorio b\u00e1sico, no abordan ra\u00edces m\u00e1s profundas como el control de accesos o la monitorizaci\u00f3n digital.<\/p>\n<p>Para contextualizar este fen\u00f3meno, es necesario mirar el panorama m\u00e1s amplio de la delincuencia en Barcelona. Seg\u00fan el Balance de Criminalidad del Ministerio del Interior, para el primer semestre de 2025, los delitos en la ciudad han descendido un 8,8% en comparaci\u00f3n con el mismo per\u00edodo de 2024. Los hurtos, que representan la mayor\u00eda de los cr\u00edmenes patrimoniales (85,5%), han ca\u00eddo un 7,1%, y los robos con violencia un 9,9%. Estas cifras, presentadas por el alcalde Jaume Collboni y la secretaria de Seguridad de la Generalitat, N\u00faria Parlon, pintan un cuadro de mejora gracias a un aumento en la presi\u00f3n policial y judicial. Sin embargo, hay matices: los incidentes con armas blancas han aumentado, y la multirreincidencia sigue siendo un tal\u00f3n de Aquiles, con 452 ladrones habituales identificados en la ciudad.<\/p>\n<p>Este descenso general contrasta con un repunte en robos espec\u00edficos en instituciones p\u00fablicas. En los \u00faltimos a\u00f1os, escuelas e institutos de Barcelona y alrededores han sufrido oleadas de hurtos de ordenadores port\u00e1tiles y tablets. Por ejemplo, en Santa Coloma de Gramenet, cuatro institutos perdieron m\u00e1s de 500 dispositivos en robos masivos justo antes del inicio del curso escolar en 2024. Investigaciones posteriores revelaron que muchos de estos equipos terminan en mercados negros en Marruecos, vendidos a mitad de precio tras ser \u00ablimpiados\u00bb de datos. En Matar\u00f3, una red criminal fue desmantelada en septiembre de 2025, con la incautaci\u00f3n de 1.000 m\u00f3viles, 30 ordenadores y otras mercanc\u00edas robadas destinadas al norte de \u00c1frica. Estos casos ilustran un patr\u00f3n: la delincuencia organizada aprovecha la concentraci\u00f3n de tecnolog\u00eda en espacios p\u00fablicos, donde la seguridad a menudo es insuficiente.<\/p>\n<p>En el caso del Ayuntamiento, la posibilidad de robos internos a\u00f1ade una capa de complejidad. Fuentes sindicales, que prefieren mantener el anonimato, se\u00f1alan que el teletrabajo post-pandemia ha facilitado el traslado de equipos fuera de las oficinas, aumentando el riesgo. \u00abMuchos funcionarios llevan port\u00e1tiles a casa, y no siempre hay un seguimiento estricto\u00bb, comenta un representante de CCOO en el consistorio. Adem\u00e1s, la degradaci\u00f3n urbana en algunos barrios, como el Raval o la Barceloneta, donde se han reportado robos surrealistas como el de s\u00e1banas tendidas en fachadas, contribuye a una percepci\u00f3n de inseguridad que se filtra incluso en las instituciones.<\/p>\n<p>Desde una perspectiva econ\u00f3mica, el impacto es significativo para los contribuyentes. Los 86.304 euros perdidos en ordenadores equivalen a fondos que podr\u00edan destinarse a servicios esenciales, como el mantenimiento de parques o programas sociales. Si sumamos los costos indirectos \u2013tiempo perdido en denuncias, reposici\u00f3n de equipos y posibles brechas de datos\u2013, la factura se eleva. En un informe de Eurostat de 2025, Barcelona aparece como la segunda ciudad europea con m\u00e1s robos por cada 100.000 habitantes, por detr\u00e1s solo de Par\u00eds. Esto subraya la necesidad de medidas preventivas m\u00e1s all\u00e1 de cadenas f\u00edsicas.<\/p>\n<p>\u00bfQu\u00e9 otras soluciones se podr\u00edan implementar? En Espa\u00f1a, ayuntamientos como el de Madrid o Valencia han optado por sistemas de rastreo GPS en dispositivos p\u00fablicos, cifrado de datos y auditor\u00edas regulares de inventario. Seg\u00fan gu\u00edas del Instituto Nacional de Ciberseguridad (INCIBE), proteger ordenadores implica no solo candados, sino firewalls, antivirus actualizados y cifrado de disco para evitar accesos no autorizados. \u00abEl cifrado asegura que los datos no sean legibles para terceros\u00bb, explica un experto de INCIBE. Adem\u00e1s, la formaci\u00f3n en ciberseguridad para empleados es clave, ya que muchos robos internos derivan de negligencias como contrase\u00f1as d\u00e9biles o descuidos en el transporte.<\/p>\n<p>En Barcelona, el plan contra la multirreincidencia, impulsado en 2025, promete duplicar las sentencias por hurtos y robos, con un enfoque en delincuentes habituales. Batlle ha asegurado que el consistorio colabora con la Guardia Urbana y los Mossos d&#8217;Esquadra para esclarecer estos casos, pero la lentitud en las investigaciones genera frustraci\u00f3n. Un ejemplo reciente: el asalto a un directivo del Bayern de M\u00fanich en la avenida del Litoral en octubre de 2024, donde le robaron reloj, cartera e iPhone, resalta c\u00f3mo la delincuencia afecta incluso a visitantes de alto perfil, da\u00f1ando la imagen tur\u00edstica de la ciudad.<\/p>\n<p>Pol\u00edticamente, el tema ha avivado cr\u00edticas de la oposici\u00f3n. Vox, que inici\u00f3 la interpelaci\u00f3n, acusa al gobierno de PSC de laxitud en seguridad, mientras que el PP, con Dani Sirera a la cabeza, denuncia que \u00ablos delincuentes entran por una puerta y salen por otra\u00bb debido a la congelaci\u00f3n de leyes contra la reincidencia. Por su parte, independentistas como Jaume Clotet lamentan el \u00abnivel de degradaci\u00f3n\u00bb de Barcelona, vincul\u00e1ndolo a una gesti\u00f3n deficiente.<\/p>\n<p>A pesar de las mejoras estad\u00edsticas, casos como este del Ayuntamiento recuerdan que la seguridad es un mosaico incompleto. Encadenar ordenadores puede ser un parche temporal, pero para una ciudad que aspira a ser referente en innovaci\u00f3n, se necesita una estrategia integral: inversi\u00f3n en tecnolog\u00eda de vigilancia, colaboraci\u00f3n interinstitucional y educaci\u00f3n ciudadana.<\/p>\n<p>En \u00faltima instancia, este episodio invita a reflexionar sobre la confianza en las instituciones. Si el Ayuntamiento no puede proteger sus propios bienes, \u00bfc\u00f3mo garantiza la seguridad de los ciudadanos? Con el 2025 avanzando, el consistorio tiene la oportunidad de convertir esta crisis en un catalizador para reformas. Los barceloneses merecen una administraci\u00f3n no solo eficiente, sino blindada contra las sombras de la delincuencia de sus propios trabajadores.<\/p>","protected":false},"excerpt":{"rendered":"<p>En una ciudad como Barcelona, donde la innovaci\u00f3n tecnol\u00f3gica y la eficiencia administrativa son banderas del gobierno municipal, resulta chocante imaginar a los funcionarios trabajando con ordenadores encadenados a las mesas como si fueran reliquias de un museo. Sin embargo, esta es la realidad que ha impulsado el Ayuntamiento tras [&hellip;]<\/p>\n","protected":false},"author":3,"featured_media":66641,"comment_status":"closed","ping_status":"closed","sticky":false,"template":"","format":"standard","meta":{"footnotes":""},"categories":[76],"tags":[],"class_list":["post-66640","post","type-post","status-publish","format-standard","has-post-thumbnail","hentry","category-barcelona"],"yoast_head":"<!-- This site is optimized with the Yoast SEO plugin v27.5 - https:\/\/yoast.com\/product\/yoast-seo-wordpress\/ -->\n<title>Barcelona encadenar\u00e1 los ordenadores municipales para que los trabajadores no se los lleven - Revista Rambla<\/title>\n<meta name=\"robots\" content=\"index, follow, max-snippet:-1, max-image-preview:large, max-video-preview:-1\" \/>\n<link rel=\"canonical\" href=\"https:\/\/www.revistarambla.com\/en\/barcelona-encadenara-los-ordenadores-municipales-para-que-los-trabajadores-no-se-los-lleven\/\" \/>\n<meta property=\"og:locale\" content=\"en_GB\" \/>\n<meta property=\"og:type\" content=\"article\" \/>\n<meta property=\"og:title\" content=\"Barcelona encadenar\u00e1 los ordenadores municipales para que los trabajadores no se los lleven - Revista Rambla\" \/>\n<meta property=\"og:description\" content=\"En una ciudad como Barcelona, donde la innovaci\u00f3n tecnol\u00f3gica y la eficiencia administrativa son banderas del gobierno municipal, resulta chocante imaginar a los funcionarios trabajando con ordenadores encadenados a las mesas como si fueran reliquias de un museo. Sin embargo, esta es la realidad que ha impulsado el Ayuntamiento tras [&hellip;]\" \/>\n<meta property=\"og:url\" content=\"https:\/\/www.revistarambla.com\/en\/barcelona-encadenara-los-ordenadores-municipales-para-que-los-trabajadores-no-se-los-lleven\/\" \/>\n<meta property=\"og:site_name\" content=\"Revista Rambla\" \/>\n<meta property=\"article:publisher\" content=\"https:\/\/www.facebook.com\/revistarambla\/\" \/>\n<meta property=\"article:author\" content=\"https:\/\/www.facebook.com\/revistarambla\" \/>\n<meta property=\"article:published_time\" content=\"2025-09-18T11:24:05+00:00\" \/>\n<meta property=\"article:modified_time\" content=\"2025-09-19T10:06:27+00:00\" \/>\n<meta property=\"og:image\" content=\"https:\/\/www.revistarambla.com\/wp-content\/uploads\/2025\/09\/oficina5.jpg\" \/>\n\t<meta property=\"og:image:width\" content=\"800\" \/>\n\t<meta property=\"og:image:height\" content=\"534\" \/>\n\t<meta property=\"og:image:type\" content=\"image\/jpeg\" \/>\n<meta name=\"author\" content=\"R@mbla\" \/>\n<meta name=\"twitter:card\" content=\"summary_large_image\" \/>\n<meta name=\"twitter:creator\" content=\"@revistarambla\" \/>\n<meta name=\"twitter:site\" content=\"@revistarambla\" \/>\n<meta name=\"twitter:label1\" content=\"Written by\" \/>\n\t<meta name=\"twitter:data1\" content=\"R@mbla\" \/>\n\t<meta name=\"twitter:label2\" content=\"Estimated reading time\" \/>\n\t<meta name=\"twitter:data2\" content=\"7 minutes\" \/>\n<script type=\"application\/ld+json\" class=\"yoast-schema-graph\">{\"@context\":\"https:\\\/\\\/schema.org\",\"@graph\":[{\"@type\":\"Article\",\"@id\":\"https:\\\/\\\/www.revistarambla.com\\\/barcelona-encadenara-los-ordenadores-municipales-para-que-los-trabajadores-no-se-los-lleven\\\/#article\",\"isPartOf\":{\"@id\":\"https:\\\/\\\/www.revistarambla.com\\\/barcelona-encadenara-los-ordenadores-municipales-para-que-los-trabajadores-no-se-los-lleven\\\/\"},\"author\":{\"name\":\"R@mbla\",\"@id\":\"https:\\\/\\\/www.revistarambla.com\\\/#\\\/schema\\\/person\\\/a146a5a2550b94981a75131180e1bd9c\"},\"headline\":\"Barcelona encadenar\u00e1 los ordenadores municipales para que los trabajadores no se los lleven\",\"datePublished\":\"2025-09-18T11:24:05+00:00\",\"dateModified\":\"2025-09-19T10:06:27+00:00\",\"mainEntityOfPage\":{\"@id\":\"https:\\\/\\\/www.revistarambla.com\\\/barcelona-encadenara-los-ordenadores-municipales-para-que-los-trabajadores-no-se-los-lleven\\\/\"},\"wordCount\":1397,\"publisher\":{\"@id\":\"https:\\\/\\\/www.revistarambla.com\\\/#organization\"},\"image\":{\"@id\":\"https:\\\/\\\/www.revistarambla.com\\\/barcelona-encadenara-los-ordenadores-municipales-para-que-los-trabajadores-no-se-los-lleven\\\/#primaryimage\"},\"thumbnailUrl\":\"https:\\\/\\\/www.revistarambla.com\\\/wp-content\\\/uploads\\\/2025\\\/09\\\/oficina5.jpg\",\"articleSection\":[\"Barcelona\"],\"inLanguage\":\"en-GB\"},{\"@type\":\"WebPage\",\"@id\":\"https:\\\/\\\/www.revistarambla.com\\\/barcelona-encadenara-los-ordenadores-municipales-para-que-los-trabajadores-no-se-los-lleven\\\/\",\"url\":\"https:\\\/\\\/www.revistarambla.com\\\/barcelona-encadenara-los-ordenadores-municipales-para-que-los-trabajadores-no-se-los-lleven\\\/\",\"name\":\"Barcelona encadenar\u00e1 los ordenadores municipales para que los trabajadores no se los lleven - Revista Rambla\",\"isPartOf\":{\"@id\":\"https:\\\/\\\/www.revistarambla.com\\\/#website\"},\"primaryImageOfPage\":{\"@id\":\"https:\\\/\\\/www.revistarambla.com\\\/barcelona-encadenara-los-ordenadores-municipales-para-que-los-trabajadores-no-se-los-lleven\\\/#primaryimage\"},\"image\":{\"@id\":\"https:\\\/\\\/www.revistarambla.com\\\/barcelona-encadenara-los-ordenadores-municipales-para-que-los-trabajadores-no-se-los-lleven\\\/#primaryimage\"},\"thumbnailUrl\":\"https:\\\/\\\/www.revistarambla.com\\\/wp-content\\\/uploads\\\/2025\\\/09\\\/oficina5.jpg\",\"datePublished\":\"2025-09-18T11:24:05+00:00\",\"dateModified\":\"2025-09-19T10:06:27+00:00\",\"breadcrumb\":{\"@id\":\"https:\\\/\\\/www.revistarambla.com\\\/barcelona-encadenara-los-ordenadores-municipales-para-que-los-trabajadores-no-se-los-lleven\\\/#breadcrumb\"},\"inLanguage\":\"en-GB\",\"potentialAction\":[{\"@type\":\"ReadAction\",\"target\":[\"https:\\\/\\\/www.revistarambla.com\\\/barcelona-encadenara-los-ordenadores-municipales-para-que-los-trabajadores-no-se-los-lleven\\\/\"]}]},{\"@type\":\"ImageObject\",\"inLanguage\":\"en-GB\",\"@id\":\"https:\\\/\\\/www.revistarambla.com\\\/barcelona-encadenara-los-ordenadores-municipales-para-que-los-trabajadores-no-se-los-lleven\\\/#primaryimage\",\"url\":\"https:\\\/\\\/www.revistarambla.com\\\/wp-content\\\/uploads\\\/2025\\\/09\\\/oficina5.jpg\",\"contentUrl\":\"https:\\\/\\\/www.revistarambla.com\\\/wp-content\\\/uploads\\\/2025\\\/09\\\/oficina5.jpg\",\"width\":800,\"height\":534,\"caption\":\"robo ordenadores municipales barcelona\"},{\"@type\":\"BreadcrumbList\",\"@id\":\"https:\\\/\\\/www.revistarambla.com\\\/barcelona-encadenara-los-ordenadores-municipales-para-que-los-trabajadores-no-se-los-lleven\\\/#breadcrumb\",\"itemListElement\":[{\"@type\":\"ListItem\",\"position\":1,\"name\":\"Portada\",\"item\":\"https:\\\/\\\/www.revistarambla.com\\\/\"},{\"@type\":\"ListItem\",\"position\":2,\"name\":\"Barcelona encadenar\u00e1 los ordenadores municipales para que los trabajadores no se los lleven\"}]},{\"@type\":\"WebSite\",\"@id\":\"https:\\\/\\\/www.revistarambla.com\\\/#website\",\"url\":\"https:\\\/\\\/www.revistarambla.com\\\/\",\"name\":\"Revista Rambla Barcelona\",\"description\":\"Periodismo independiente\",\"publisher\":{\"@id\":\"https:\\\/\\\/www.revistarambla.com\\\/#organization\"},\"potentialAction\":[{\"@type\":\"SearchAction\",\"target\":{\"@type\":\"EntryPoint\",\"urlTemplate\":\"https:\\\/\\\/www.revistarambla.com\\\/?s={search_term_string}\"},\"query-input\":{\"@type\":\"PropertyValueSpecification\",\"valueRequired\":true,\"valueName\":\"search_term_string\"}}],\"inLanguage\":\"en-GB\"},{\"@type\":\"Organization\",\"@id\":\"https:\\\/\\\/www.revistarambla.com\\\/#organization\",\"name\":\"Revista Rambla\",\"url\":\"https:\\\/\\\/www.revistarambla.com\\\/\",\"logo\":{\"@type\":\"ImageObject\",\"inLanguage\":\"en-GB\",\"@id\":\"https:\\\/\\\/www.revistarambla.com\\\/#\\\/schema\\\/logo\\\/image\\\/\",\"url\":\"https:\\\/\\\/www.revistarambla.com\\\/wp-content\\\/uploads\\\/2020\\\/09\\\/banner_rambla_1900x600_BB.png\",\"contentUrl\":\"https:\\\/\\\/www.revistarambla.com\\\/wp-content\\\/uploads\\\/2020\\\/09\\\/banner_rambla_1900x600_BB.png\",\"width\":1900,\"height\":600,\"caption\":\"Revista Rambla\"},\"image\":{\"@id\":\"https:\\\/\\\/www.revistarambla.com\\\/#\\\/schema\\\/logo\\\/image\\\/\"},\"sameAs\":[\"https:\\\/\\\/www.facebook.com\\\/revistarambla\\\/\",\"https:\\\/\\\/x.com\\\/revistarambla\",\"https:\\\/\\\/www.instagram.com\\\/revista_rambla\",\"https:\\\/\\\/es.linkedin.com\\\/company\\\/revista-rambla\"]},{\"@type\":\"Person\",\"@id\":\"https:\\\/\\\/www.revistarambla.com\\\/#\\\/schema\\\/person\\\/a146a5a2550b94981a75131180e1bd9c\",\"name\":\"R@mbla\",\"description\":\"Este art\u00edculo ha sido redactado y\\\/o validado por el equipo de redacci\u00f3n de Revista Rambla.\",\"sameAs\":[\"https:\\\/\\\/www.revistarambla.com\\\/\",\"https:\\\/\\\/www.facebook.com\\\/revistarambla\",\"https:\\\/\\\/x.com\\\/revistarambla\"]}]}<\/script>\n<!-- \/ Yoast SEO plugin. -->","yoast_head_json":{"title":"Barcelona encadenar\u00e1 los ordenadores municipales para que los trabajadores no se los lleven - Revista Rambla","robots":{"index":"index","follow":"follow","max-snippet":"max-snippet:-1","max-image-preview":"max-image-preview:large","max-video-preview":"max-video-preview:-1"},"canonical":"https:\/\/www.revistarambla.com\/en\/barcelona-encadenara-los-ordenadores-municipales-para-que-los-trabajadores-no-se-los-lleven\/","og_locale":"en_GB","og_type":"article","og_title":"Barcelona encadenar\u00e1 los ordenadores municipales para que los trabajadores no se los lleven - Revista Rambla","og_description":"En una ciudad como Barcelona, donde la innovaci\u00f3n tecnol\u00f3gica y la eficiencia administrativa son banderas del gobierno municipal, resulta chocante imaginar a los funcionarios trabajando con ordenadores encadenados a las mesas como si fueran reliquias de un museo. Sin embargo, esta es la realidad que ha impulsado el Ayuntamiento tras [&hellip;]","og_url":"https:\/\/www.revistarambla.com\/en\/barcelona-encadenara-los-ordenadores-municipales-para-que-los-trabajadores-no-se-los-lleven\/","og_site_name":"Revista Rambla","article_publisher":"https:\/\/www.facebook.com\/revistarambla\/","article_author":"https:\/\/www.facebook.com\/revistarambla","article_published_time":"2025-09-18T11:24:05+00:00","article_modified_time":"2025-09-19T10:06:27+00:00","og_image":[{"width":800,"height":534,"url":"https:\/\/www.revistarambla.com\/wp-content\/uploads\/2025\/09\/oficina5.jpg","type":"image\/jpeg"}],"author":"R@mbla","twitter_card":"summary_large_image","twitter_creator":"@revistarambla","twitter_site":"@revistarambla","twitter_misc":{"Written by":"R@mbla","Estimated reading time":"7 minutes"},"schema":{"@context":"https:\/\/schema.org","@graph":[{"@type":"Article","@id":"https:\/\/www.revistarambla.com\/barcelona-encadenara-los-ordenadores-municipales-para-que-los-trabajadores-no-se-los-lleven\/#article","isPartOf":{"@id":"https:\/\/www.revistarambla.com\/barcelona-encadenara-los-ordenadores-municipales-para-que-los-trabajadores-no-se-los-lleven\/"},"author":{"name":"R@mbla","@id":"https:\/\/www.revistarambla.com\/#\/schema\/person\/a146a5a2550b94981a75131180e1bd9c"},"headline":"Barcelona encadenar\u00e1 los ordenadores municipales para que los trabajadores no se los lleven","datePublished":"2025-09-18T11:24:05+00:00","dateModified":"2025-09-19T10:06:27+00:00","mainEntityOfPage":{"@id":"https:\/\/www.revistarambla.com\/barcelona-encadenara-los-ordenadores-municipales-para-que-los-trabajadores-no-se-los-lleven\/"},"wordCount":1397,"publisher":{"@id":"https:\/\/www.revistarambla.com\/#organization"},"image":{"@id":"https:\/\/www.revistarambla.com\/barcelona-encadenara-los-ordenadores-municipales-para-que-los-trabajadores-no-se-los-lleven\/#primaryimage"},"thumbnailUrl":"https:\/\/www.revistarambla.com\/wp-content\/uploads\/2025\/09\/oficina5.jpg","articleSection":["Barcelona"],"inLanguage":"en-GB"},{"@type":"WebPage","@id":"https:\/\/www.revistarambla.com\/barcelona-encadenara-los-ordenadores-municipales-para-que-los-trabajadores-no-se-los-lleven\/","url":"https:\/\/www.revistarambla.com\/barcelona-encadenara-los-ordenadores-municipales-para-que-los-trabajadores-no-se-los-lleven\/","name":"Barcelona encadenar\u00e1 los ordenadores municipales para que los trabajadores no se los lleven - Revista Rambla","isPartOf":{"@id":"https:\/\/www.revistarambla.com\/#website"},"primaryImageOfPage":{"@id":"https:\/\/www.revistarambla.com\/barcelona-encadenara-los-ordenadores-municipales-para-que-los-trabajadores-no-se-los-lleven\/#primaryimage"},"image":{"@id":"https:\/\/www.revistarambla.com\/barcelona-encadenara-los-ordenadores-municipales-para-que-los-trabajadores-no-se-los-lleven\/#primaryimage"},"thumbnailUrl":"https:\/\/www.revistarambla.com\/wp-content\/uploads\/2025\/09\/oficina5.jpg","datePublished":"2025-09-18T11:24:05+00:00","dateModified":"2025-09-19T10:06:27+00:00","breadcrumb":{"@id":"https:\/\/www.revistarambla.com\/barcelona-encadenara-los-ordenadores-municipales-para-que-los-trabajadores-no-se-los-lleven\/#breadcrumb"},"inLanguage":"en-GB","potentialAction":[{"@type":"ReadAction","target":["https:\/\/www.revistarambla.com\/barcelona-encadenara-los-ordenadores-municipales-para-que-los-trabajadores-no-se-los-lleven\/"]}]},{"@type":"ImageObject","inLanguage":"en-GB","@id":"https:\/\/www.revistarambla.com\/barcelona-encadenara-los-ordenadores-municipales-para-que-los-trabajadores-no-se-los-lleven\/#primaryimage","url":"https:\/\/www.revistarambla.com\/wp-content\/uploads\/2025\/09\/oficina5.jpg","contentUrl":"https:\/\/www.revistarambla.com\/wp-content\/uploads\/2025\/09\/oficina5.jpg","width":800,"height":534,"caption":"robo ordenadores municipales barcelona"},{"@type":"BreadcrumbList","@id":"https:\/\/www.revistarambla.com\/barcelona-encadenara-los-ordenadores-municipales-para-que-los-trabajadores-no-se-los-lleven\/#breadcrumb","itemListElement":[{"@type":"ListItem","position":1,"name":"Portada","item":"https:\/\/www.revistarambla.com\/"},{"@type":"ListItem","position":2,"name":"Barcelona encadenar\u00e1 los ordenadores municipales para que los trabajadores no se los lleven"}]},{"@type":"WebSite","@id":"https:\/\/www.revistarambla.com\/#website","url":"https:\/\/www.revistarambla.com\/","name":"Revista Rambla Barcelona","description":"Periodismo independiente","publisher":{"@id":"https:\/\/www.revistarambla.com\/#organization"},"potentialAction":[{"@type":"SearchAction","target":{"@type":"EntryPoint","urlTemplate":"https:\/\/www.revistarambla.com\/?s={search_term_string}"},"query-input":{"@type":"PropertyValueSpecification","valueRequired":true,"valueName":"search_term_string"}}],"inLanguage":"en-GB"},{"@type":"Organization","@id":"https:\/\/www.revistarambla.com\/#organization","name":"Revista Rambla","url":"https:\/\/www.revistarambla.com\/","logo":{"@type":"ImageObject","inLanguage":"en-GB","@id":"https:\/\/www.revistarambla.com\/#\/schema\/logo\/image\/","url":"https:\/\/www.revistarambla.com\/wp-content\/uploads\/2020\/09\/banner_rambla_1900x600_BB.png","contentUrl":"https:\/\/www.revistarambla.com\/wp-content\/uploads\/2020\/09\/banner_rambla_1900x600_BB.png","width":1900,"height":600,"caption":"Revista Rambla"},"image":{"@id":"https:\/\/www.revistarambla.com\/#\/schema\/logo\/image\/"},"sameAs":["https:\/\/www.facebook.com\/revistarambla\/","https:\/\/x.com\/revistarambla","https:\/\/www.instagram.com\/revista_rambla","https:\/\/es.linkedin.com\/company\/revista-rambla"]},{"@type":"Person","@id":"https:\/\/www.revistarambla.com\/#\/schema\/person\/a146a5a2550b94981a75131180e1bd9c","name":"R@mbla","description":"Este art\u00edculo ha sido redactado y\/o validado por el equipo de redacci\u00f3n de Revista Rambla.","sameAs":["https:\/\/www.revistarambla.com\/","https:\/\/www.facebook.com\/revistarambla","https:\/\/x.com\/revistarambla"]}]}},"_links":{"self":[{"href":"https:\/\/www.revistarambla.com\/en\/wp-json\/wp\/v2\/posts\/66640","targetHints":{"allow":["GET"]}}],"collection":[{"href":"https:\/\/www.revistarambla.com\/en\/wp-json\/wp\/v2\/posts"}],"about":[{"href":"https:\/\/www.revistarambla.com\/en\/wp-json\/wp\/v2\/types\/post"}],"author":[{"embeddable":true,"href":"https:\/\/www.revistarambla.com\/en\/wp-json\/wp\/v2\/users\/3"}],"replies":[{"embeddable":true,"href":"https:\/\/www.revistarambla.com\/en\/wp-json\/wp\/v2\/comments?post=66640"}],"version-history":[{"count":3,"href":"https:\/\/www.revistarambla.com\/en\/wp-json\/wp\/v2\/posts\/66640\/revisions"}],"predecessor-version":[{"id":66650,"href":"https:\/\/www.revistarambla.com\/en\/wp-json\/wp\/v2\/posts\/66640\/revisions\/66650"}],"wp:featuredmedia":[{"embeddable":true,"href":"https:\/\/www.revistarambla.com\/en\/wp-json\/wp\/v2\/media\/66641"}],"wp:attachment":[{"href":"https:\/\/www.revistarambla.com\/en\/wp-json\/wp\/v2\/media?parent=66640"}],"wp:term":[{"taxonomy":"category","embeddable":true,"href":"https:\/\/www.revistarambla.com\/en\/wp-json\/wp\/v2\/categories?post=66640"},{"taxonomy":"post_tag","embeddable":true,"href":"https:\/\/www.revistarambla.com\/en\/wp-json\/wp\/v2\/tags?post=66640"}],"curies":[{"name":"wp","href":"https:\/\/api.w.org\/{rel}","templated":true}]}}