{"id":66624,"date":"2025-09-17T13:29:06","date_gmt":"2025-09-17T11:29:06","guid":{"rendered":"https:\/\/www.revistarambla.com\/?p=66624"},"modified":"2025-09-17T13:29:06","modified_gmt":"2025-09-17T11:29:06","slug":"el-guardian-invisible-del-oxigeno-prochlorococcus-la-cianobacteria-bajo-amenaza-por-el-calentamiento-global","status":"publish","type":"post","link":"https:\/\/www.revistarambla.com\/en\/el-guardian-invisible-del-oxigeno-prochlorococcus-la-cianobacteria-bajo-amenaza-por-el-calentamiento-global\/","title":{"rendered":"El guardi\u00e1n invisible del ox\u00edgeno: &#8216;prochlorococcus&#8217;, la cianobacteria bajo amenaza por el calentamiento global"},"content":{"rendered":"<p>Imagina un mundo donde el aire que respiras se vuelve cada vez m\u00e1s escaso, no por la contaminaci\u00f3n industrial, sino por el calor invisible que ahoga a los microbios <!--more-->m\u00e1s prol\u00edficos del oc\u00e9ano. Prochlorococcus, una diminuta cianobacteria que flota en las aguas tropicales y subtropicales, es responsable de hasta el 20% del ox\u00edgeno que sostiene la vida en la Tierra. Estos organismos unicelulares, tan peque\u00f1os que se miden en micr\u00f3metros, realizan una fotos\u00edntesis masiva en los oc\u00e9anos abiertos, convirtiendo el di\u00f3xido de carbono en el elixir vital que fluye desde las profundidades marinas hasta nuestros pulmones. Pero un estudio reciente, publicado en <em>Nature Microbiology<\/em>, revela una verdad alarmante: el calentamiento global podr\u00eda reducir su poblaci\u00f3n a la mitad en las regiones tropicales para finales de siglo, desestabilizando ecosistemas marinos y amenazando la cadena alimentaria global.<\/p>\n<p>El equipo de investigadores, liderado por Fran\u00e7ois Ribalet de la Universidad de Washington, analiz\u00f3 datos de m\u00e1s de 800 mil millones de c\u00e9lulas de fitoplancton recolectadas durante una d\u00e9cada en el Pac\u00edfico tropical y subtropical. Utilizando citometr\u00eda de flujo continua a bordo de cruceros oceanogr\u00e1ficos, midieron la fluorescencia de clorofila y el tama\u00f1o celular para calcular las tasas de divisi\u00f3n de Prochlorococcus en funci\u00f3n de la temperatura del agua. Los resultados fueron inequ\u00edvocos: mientras las tasas de reproducci\u00f3n aumentan exponencialmente hasta los 28\u202f\u00b0C, por encima de ese umbral caen en picado, triplic\u00e1ndose hacia abajo a 31\u202f\u00b0C. En escenarios de calentamiento moderado (SSP2-4.5), la productividad de esta cianobacteria podr\u00eda declinar entre un 17% y un 34% en los tr\u00f3picos; en casos de alto calentamiento (SSP5-8.5), el colapso podr\u00eda alcanzar el 51%, con regiones como el Western Pacific Warm Pool enfrentando un exterminio casi total.<\/p>\n<p>Esta vulnerabilidad no es una sorpresa absoluta, pero el estudio la cuantifica con una precisi\u00f3n in\u00e9dita, desafiando d\u00e9cadas de suposiciones optimistas. Durante a\u00f1os, los cient\u00edficos han postulado que Prochlorococcus, con su genoma compacto y su capacidad para adaptarse a aguas nutrient-pobres, se expandir\u00eda hacia los polos a medida que los oc\u00e9anos se calientan, ganando terreno en latitudes m\u00e1s altas. Sin embargo, los modelos globales del equipo de Ribalet muestran que, aunque podr\u00eda haber una migraci\u00f3n polar, las p\u00e9rdidas en los tr\u00f3picos \u2013donde habita el 75% de las aguas superficiales iluminadas por el sol\u2013 superar\u00edan cualquier ganancia, resultando en una reducci\u00f3n neta del 10% al 37% en la productividad global para 2100.<\/p>\n<p>Prochlorococcus no es solo un productor de ox\u00edgeno; es el pilar de la red tr\u00f3fica marina. Descubierta en 1988 por Sallie Chisholm y colegas en el MIT, esta cianobacteria representa el extremo de la evoluci\u00f3n microbiana: con un genoma de apenas 1,6 millones de pares de bases \u2013el m\u00e1s peque\u00f1o entre los fot\u00f3trofos oxig\u00e9nicos\u2013, ha perdido genes para tolerar estr\u00e9s ambiental, optimiz\u00e1ndose para nichos estables y oligotr\u00f3ficos. Vive en simbiosis con bacterias \u00abayudantes\u00bb como <em>Alteromonas<\/em>, que eliminan especies reactivas de ox\u00edgeno generadas por la fotos\u00edntesis. Su abundancia \u2013hasta 100 millones de c\u00e9lulas por litro de agua\u2013 la convierte en la fotosintetizadora m\u00e1s prol\u00edfica del planeta, contribuyendo no solo al ox\u00edgeno atmosf\u00e9rico, sino tambi\u00e9n a la fijaci\u00f3n de carbono y al ciclo de nutrientes como el hierro y el f\u00f3sforo.<\/p>\n<p>En el coraz\u00f3n del estudio, los investigadores emplearon el instrumento SeaFlow, un cit\u00f3metro de flujo automatizado que procesa muestras en tiempo real durante traves\u00edas oce\u00e1nicas. Entre 2013 y 2023, este dispositivo analiz\u00f3 muestras de 90 cruceros, cubriendo un vasto gradiente t\u00e9rmico desde las fr\u00edas corrientes ecuatoriales hasta las c\u00e1lidas masas subtropicales. \u00abLa temperatura emerge como el factor dominante\u00bb, explica Ribalet en una entrevista. \u00abAunque la luz y los nutrientes modulan la divisi\u00f3n celular, es el calor el que impone un l\u00edmite t\u00e9rmico abrupto. Por encima de 28\u202f\u00b0C, las c\u00e9lulas simplemente no pueden dividirse lo suficientemente r\u00e1pido para compensar la mortalidad inducida por el estr\u00e9s t\u00e9rmico\u00bb.<\/p>\n<p>Los datos revelan un patr\u00f3n exponencial: de 20\u202f\u00b0C a 28\u202f\u00b0C, la tasa de divisi\u00f3n se duplica cada 2-3\u202f\u00b0C, aline\u00e1ndose con la regla de Arrhenius para procesos biol\u00f3gicos. Pero el declive post-\u00f3ptimo es dr\u00e1stico: a 30\u202f\u00b0C, la productividad cae un 50%, y a 31\u202f\u00b0C, un 70%. Integrando estos hallazgos en un modelo ecosist\u00e9mico global (basado en el modelo DARWIN), el equipo simul\u00f3 escenarios futuros bajo las trayectorias del IPCC. En el tr\u00f3pico atl\u00e1ntico y pac\u00edfico, las temperaturas superficiales podr\u00edan superar regularmente los 30\u202f\u00b0C para 2100, creando \u00abzonas muertas\u00bb microbianas donde Prochlorococcus colapsa.<\/p>\n<p>Las implicaciones ecol\u00f3gicas son profundas y multifac\u00e9ticas. Prochlorococcus no solo genera ox\u00edgeno; es la base de la cadena alimentaria en oc\u00e9anos abiertos, donde su biomasa soporta zooplancton como los cop\u00e9podos, que a su vez alimentan a peces pel\u00e1gicos y aves marinas. Un declive del 50% en los tr\u00f3picos podr\u00eda reducir la biomasa de peces tropicales en un 20-30%, exacerbando la inseguridad alimentaria en comunidades costeras dependientes de la pesca, como en el Pac\u00edfico Sur o el Golfo de M\u00e9xico. Adem\u00e1s, al absorber CO\u2082, Prochlorococcus mitiga la acidificaci\u00f3n oce\u00e1nica; su p\u00e9rdida acelerar\u00eda este proceso, disolviendo conchas de moluscos y corales.<\/p>\n<p>Otro riesgo es la deoxigenaci\u00f3n: los oc\u00e9anos ya han perdido un 2% de su ox\u00edgeno desde la era preindustrial debido al calentamiento estratificado, que reduce la mezcla vertical. Con Prochlorococcus contribuyendo al 20% del O2 oce\u00e1nico, un declive global del 10-37% podr\u00eda amplificar esto en un 2-7%, fomentando hipoxia en capas superficiales y expandiendo zonas muertas como la del Golfo de M\u00e9xico, que ya cubre 20.000 km\u00b2 anualmente. \u00abEsto no es solo una p\u00e9rdida de ox\u00edgeno; es un terremoto en las redes tr\u00f3ficas\u00bb, advierte Zackary I. Johnson, microbi\u00f3logo marino de Duke University, no involucrado en el estudio. \u00abProchlorococcus ha coevolucionado con su entorno durante millones de a\u00f1os; su genoma minimalista lo hace fr\u00e1gil ante cambios r\u00e1pidos\u00bb.<\/p>\n<p>\u00bfPodr\u00eda adaptarse? El estudio explora esta posibilidad modelando cepas hipot\u00e9ticas adaptadas al calor, con \u00f3ptimos elevados a 30\u202f\u00b0C. Incluso en estos casos, la producci\u00f3n global caer\u00eda un 7% bajo calentamiento alto, ya que la adaptaci\u00f3n evolutiva \u2014que requiere mutaciones y selecci\u00f3n\u2014 es lenta en escalas de d\u00e9cadas. \u00abLa evoluci\u00f3n no es m\u00e1gica\u00bb, dice Ribalet. \u00abProchlorococcus ha perdido genes para respuesta al estr\u00e9s t\u00e9rmico porque no los necesitaba en su nicho estable. Ahora, con el cambio clim\u00e1tico, pagamos el precio de esa especializaci\u00f3n\u00bb.<\/p>\n<p>Otras cianobacterias, como <em>Synechococcus<\/em>, podr\u00edan compensar parcialmente, con aumentos del 5-20% en productividad bajo calentamiento, pero no son equivalentes. <em>Synechococcus<\/em>\u00a0prefiere aguas m\u00e1s ricas en nutrientes y no domina los <em>gyres<\/em> oligotr\u00f3ficos donde Prochlorococcus reina. Un cambio en la composici\u00f3n del fitoplancton podr\u00eda alterar flujos de carbono y nitr\u00f3geno, potencialmente liberando m\u00e1s CO\u2082 a la atm\u00f3sfera en un bucle de retroalimentaci\u00f3n positiva.<\/p>\n<p>El estudio tambi\u00e9n destaca brechas en el conocimiento. Los datos se centran en el Pac\u00edfico; \u00bfresponder\u00e1n poblaciones atl\u00e1nticas de manera similar? Adem\u00e1s, factores sin\u00e9rgicos como la contaminaci\u00f3n pl\u00e1stica o la acidificaci\u00f3n podr\u00edan agravar el estr\u00e9s t\u00e9rmico, aunque no se modelaron aqu\u00ed. \u00abEste trabajo es conservador\u00bb, enfatiza Ribalet. \u00abNo incluye contaminantes emergentes ni interacciones microbianas alteradas por el CO\u2082 elevado, que ya sabemos afectan a Prochlorococcus\u00bb.<\/p>\n<p>En un contexto m\u00e1s amplio, este hallazgo subraya la fragilidad de los \u00abservicios ecosist\u00e9micos\u00bb invisibles. Mientras los titulares se centran en glaciares derriti\u00e9ndose o huracanes intensos, los microbios como Prochlorococcus operan en silencio, sosteniendo la biosfera. Su declive no ser\u00e1 un evento catastr\u00f3fico repentino, sino una erosi\u00f3n gradual: menos ox\u00edgeno disuelto, cadenas alimentarias debilitadas, pesquer\u00edas colapsando. Para 2050, bajo emisiones moderadas, los tr\u00f3picos podr\u00edan ver un 17% menos de biomasa de Prochlorococcus, suficiente para impactar la captura pesquera global, que ya lucha con sobreexplotaci\u00f3n.<\/p>\n<p>Expertos llaman a acci\u00f3n. \u00abNecesitamos monitoreo global continuo, como expandir redes de citometr\u00eda de flujo\u00bb, propone Chisholm, pionera en el estudio de Prochlorococcus. \u00abY, sobre todo, mitigaci\u00f3n: reducir emisiones para mantener temperaturas por debajo de 1,5\u202f\u00b0C\u00bb. Organismos como la ONU y la NOAA ya integran estos datos en modelos clim\u00e1ticos, pero la urgencia es palpable. En la COP30, programada para 2025 en Brasil, el impacto en el fitoplancton podr\u00eda elevarse como un nuevo frente en la diplomacia clim\u00e1tica.<\/p>\n<p>Mientras el sol se pone sobre el Pac\u00edfico, donde cruceros como el <em>Thomas G. Thompson<\/em> contin\u00faan recolectando datos, Prochlorococcus persiste en su danza fotosint\u00e9tica. Pero el reloj t\u00e9rmico avanza. Si no actuamos, el guardi\u00e1n invisible del ox\u00edgeno podr\u00eda desvanecerse, record\u00e1ndonos que la vida en la Tierra \u2013desde el <em>krill<\/em> ant\u00e1rtico hasta el humano urbano\u2013 depende de lo que no vemos. En palabras de Ribalet: \u00abEstos microbios no piden nada, pero dan todo. Es hora de devolverles el favor\u00bb.<\/p>","protected":false},"excerpt":{"rendered":"<p>Imagina un mundo donde el aire que respiras se vuelve cada vez m\u00e1s escaso, no por la contaminaci\u00f3n industrial, sino por el calor invisible que ahoga a los microbios<\/p>","protected":false},"author":3,"featured_media":66625,"comment_status":"closed","ping_status":"closed","sticky":false,"template":"","format":"standard","meta":{"footnotes":""},"categories":[4099],"tags":[],"class_list":["post-66624","post","type-post","status-publish","format-standard","has-post-thumbnail","hentry","category-otras-miradas"],"yoast_head":"<!-- This site is optimized with the Yoast SEO plugin v27.5 - https:\/\/yoast.com\/product\/yoast-seo-wordpress\/ -->\n<title>El guardi\u00e1n invisible del ox\u00edgeno: &#039;prochlorococcus&#039;, la cianobacteria bajo amenaza por el calentamiento global - Revista Rambla<\/title>\n<meta name=\"robots\" content=\"index, follow, max-snippet:-1, max-image-preview:large, max-video-preview:-1\" \/>\n<link rel=\"canonical\" href=\"https:\/\/www.revistarambla.com\/en\/el-guardian-invisible-del-oxigeno-prochlorococcus-la-cianobacteria-bajo-amenaza-por-el-calentamiento-global\/\" \/>\n<meta property=\"og:locale\" content=\"en_GB\" \/>\n<meta property=\"og:type\" content=\"article\" \/>\n<meta property=\"og:title\" content=\"El guardi\u00e1n invisible del ox\u00edgeno: &#039;prochlorococcus&#039;, la cianobacteria bajo amenaza por el calentamiento global - Revista Rambla\" \/>\n<meta property=\"og:description\" content=\"Imagina un mundo donde el aire que respiras se vuelve cada vez m\u00e1s escaso, no por la contaminaci\u00f3n industrial, sino por el calor invisible que ahoga a los microbios\" \/>\n<meta property=\"og:url\" content=\"https:\/\/www.revistarambla.com\/en\/el-guardian-invisible-del-oxigeno-prochlorococcus-la-cianobacteria-bajo-amenaza-por-el-calentamiento-global\/\" \/>\n<meta property=\"og:site_name\" content=\"Revista Rambla\" \/>\n<meta property=\"article:publisher\" content=\"https:\/\/www.facebook.com\/revistarambla\/\" \/>\n<meta property=\"article:author\" content=\"https:\/\/www.facebook.com\/revistarambla\" \/>\n<meta property=\"article:published_time\" content=\"2025-09-17T11:29:06+00:00\" \/>\n<meta property=\"og:image\" content=\"https:\/\/www.revistarambla.com\/wp-content\/uploads\/2025\/09\/cianobacteria.jpg\" \/>\n\t<meta property=\"og:image:width\" content=\"800\" \/>\n\t<meta property=\"og:image:height\" content=\"597\" \/>\n\t<meta property=\"og:image:type\" content=\"image\/jpeg\" \/>\n<meta name=\"author\" content=\"R@mbla\" \/>\n<meta name=\"twitter:card\" content=\"summary_large_image\" \/>\n<meta name=\"twitter:creator\" content=\"@revistarambla\" \/>\n<meta name=\"twitter:site\" content=\"@revistarambla\" \/>\n<meta name=\"twitter:label1\" content=\"Written by\" \/>\n\t<meta name=\"twitter:data1\" content=\"R@mbla\" \/>\n\t<meta name=\"twitter:label2\" content=\"Estimated reading time\" \/>\n\t<meta name=\"twitter:data2\" content=\"7 minutes\" \/>\n<script type=\"application\/ld+json\" class=\"yoast-schema-graph\">{\"@context\":\"https:\\\/\\\/schema.org\",\"@graph\":[{\"@type\":\"Article\",\"@id\":\"https:\\\/\\\/www.revistarambla.com\\\/el-guardian-invisible-del-oxigeno-prochlorococcus-la-cianobacteria-bajo-amenaza-por-el-calentamiento-global\\\/#article\",\"isPartOf\":{\"@id\":\"https:\\\/\\\/www.revistarambla.com\\\/el-guardian-invisible-del-oxigeno-prochlorococcus-la-cianobacteria-bajo-amenaza-por-el-calentamiento-global\\\/\"},\"author\":{\"name\":\"R@mbla\",\"@id\":\"https:\\\/\\\/www.revistarambla.com\\\/#\\\/schema\\\/person\\\/a146a5a2550b94981a75131180e1bd9c\"},\"headline\":\"El guardi\u00e1n invisible del ox\u00edgeno: &#8216;prochlorococcus&#8217;, la cianobacteria bajo amenaza por el calentamiento global\",\"datePublished\":\"2025-09-17T11:29:06+00:00\",\"mainEntityOfPage\":{\"@id\":\"https:\\\/\\\/www.revistarambla.com\\\/el-guardian-invisible-del-oxigeno-prochlorococcus-la-cianobacteria-bajo-amenaza-por-el-calentamiento-global\\\/\"},\"wordCount\":1546,\"publisher\":{\"@id\":\"https:\\\/\\\/www.revistarambla.com\\\/#organization\"},\"image\":{\"@id\":\"https:\\\/\\\/www.revistarambla.com\\\/el-guardian-invisible-del-oxigeno-prochlorococcus-la-cianobacteria-bajo-amenaza-por-el-calentamiento-global\\\/#primaryimage\"},\"thumbnailUrl\":\"https:\\\/\\\/www.revistarambla.com\\\/wp-content\\\/uploads\\\/2025\\\/09\\\/cianobacteria.jpg\",\"articleSection\":[\"Otras Miradas\"],\"inLanguage\":\"en-GB\"},{\"@type\":\"WebPage\",\"@id\":\"https:\\\/\\\/www.revistarambla.com\\\/el-guardian-invisible-del-oxigeno-prochlorococcus-la-cianobacteria-bajo-amenaza-por-el-calentamiento-global\\\/\",\"url\":\"https:\\\/\\\/www.revistarambla.com\\\/el-guardian-invisible-del-oxigeno-prochlorococcus-la-cianobacteria-bajo-amenaza-por-el-calentamiento-global\\\/\",\"name\":\"El guardi\u00e1n invisible del ox\u00edgeno: 'prochlorococcus', la cianobacteria bajo amenaza por el calentamiento global - Revista Rambla\",\"isPartOf\":{\"@id\":\"https:\\\/\\\/www.revistarambla.com\\\/#website\"},\"primaryImageOfPage\":{\"@id\":\"https:\\\/\\\/www.revistarambla.com\\\/el-guardian-invisible-del-oxigeno-prochlorococcus-la-cianobacteria-bajo-amenaza-por-el-calentamiento-global\\\/#primaryimage\"},\"image\":{\"@id\":\"https:\\\/\\\/www.revistarambla.com\\\/el-guardian-invisible-del-oxigeno-prochlorococcus-la-cianobacteria-bajo-amenaza-por-el-calentamiento-global\\\/#primaryimage\"},\"thumbnailUrl\":\"https:\\\/\\\/www.revistarambla.com\\\/wp-content\\\/uploads\\\/2025\\\/09\\\/cianobacteria.jpg\",\"datePublished\":\"2025-09-17T11:29:06+00:00\",\"breadcrumb\":{\"@id\":\"https:\\\/\\\/www.revistarambla.com\\\/el-guardian-invisible-del-oxigeno-prochlorococcus-la-cianobacteria-bajo-amenaza-por-el-calentamiento-global\\\/#breadcrumb\"},\"inLanguage\":\"en-GB\",\"potentialAction\":[{\"@type\":\"ReadAction\",\"target\":[\"https:\\\/\\\/www.revistarambla.com\\\/el-guardian-invisible-del-oxigeno-prochlorococcus-la-cianobacteria-bajo-amenaza-por-el-calentamiento-global\\\/\"]}]},{\"@type\":\"ImageObject\",\"inLanguage\":\"en-GB\",\"@id\":\"https:\\\/\\\/www.revistarambla.com\\\/el-guardian-invisible-del-oxigeno-prochlorococcus-la-cianobacteria-bajo-amenaza-por-el-calentamiento-global\\\/#primaryimage\",\"url\":\"https:\\\/\\\/www.revistarambla.com\\\/wp-content\\\/uploads\\\/2025\\\/09\\\/cianobacteria.jpg\",\"contentUrl\":\"https:\\\/\\\/www.revistarambla.com\\\/wp-content\\\/uploads\\\/2025\\\/09\\\/cianobacteria.jpg\",\"width\":800,\"height\":597,\"caption\":\"cianobacteria\"},{\"@type\":\"BreadcrumbList\",\"@id\":\"https:\\\/\\\/www.revistarambla.com\\\/el-guardian-invisible-del-oxigeno-prochlorococcus-la-cianobacteria-bajo-amenaza-por-el-calentamiento-global\\\/#breadcrumb\",\"itemListElement\":[{\"@type\":\"ListItem\",\"position\":1,\"name\":\"Portada\",\"item\":\"https:\\\/\\\/www.revistarambla.com\\\/\"},{\"@type\":\"ListItem\",\"position\":2,\"name\":\"El guardi\u00e1n invisible del ox\u00edgeno: &#8216;prochlorococcus&#8217;, la cianobacteria bajo amenaza por el calentamiento global\"}]},{\"@type\":\"WebSite\",\"@id\":\"https:\\\/\\\/www.revistarambla.com\\\/#website\",\"url\":\"https:\\\/\\\/www.revistarambla.com\\\/\",\"name\":\"Revista Rambla Barcelona\",\"description\":\"Periodismo independiente\",\"publisher\":{\"@id\":\"https:\\\/\\\/www.revistarambla.com\\\/#organization\"},\"potentialAction\":[{\"@type\":\"SearchAction\",\"target\":{\"@type\":\"EntryPoint\",\"urlTemplate\":\"https:\\\/\\\/www.revistarambla.com\\\/?s={search_term_string}\"},\"query-input\":{\"@type\":\"PropertyValueSpecification\",\"valueRequired\":true,\"valueName\":\"search_term_string\"}}],\"inLanguage\":\"en-GB\"},{\"@type\":\"Organization\",\"@id\":\"https:\\\/\\\/www.revistarambla.com\\\/#organization\",\"name\":\"Revista Rambla\",\"url\":\"https:\\\/\\\/www.revistarambla.com\\\/\",\"logo\":{\"@type\":\"ImageObject\",\"inLanguage\":\"en-GB\",\"@id\":\"https:\\\/\\\/www.revistarambla.com\\\/#\\\/schema\\\/logo\\\/image\\\/\",\"url\":\"https:\\\/\\\/www.revistarambla.com\\\/wp-content\\\/uploads\\\/2020\\\/09\\\/banner_rambla_1900x600_BB.png\",\"contentUrl\":\"https:\\\/\\\/www.revistarambla.com\\\/wp-content\\\/uploads\\\/2020\\\/09\\\/banner_rambla_1900x600_BB.png\",\"width\":1900,\"height\":600,\"caption\":\"Revista Rambla\"},\"image\":{\"@id\":\"https:\\\/\\\/www.revistarambla.com\\\/#\\\/schema\\\/logo\\\/image\\\/\"},\"sameAs\":[\"https:\\\/\\\/www.facebook.com\\\/revistarambla\\\/\",\"https:\\\/\\\/x.com\\\/revistarambla\",\"https:\\\/\\\/www.instagram.com\\\/revista_rambla\",\"https:\\\/\\\/es.linkedin.com\\\/company\\\/revista-rambla\"]},{\"@type\":\"Person\",\"@id\":\"https:\\\/\\\/www.revistarambla.com\\\/#\\\/schema\\\/person\\\/a146a5a2550b94981a75131180e1bd9c\",\"name\":\"R@mbla\",\"description\":\"Este art\u00edculo ha sido redactado y\\\/o validado por el equipo de redacci\u00f3n de Revista Rambla.\",\"sameAs\":[\"https:\\\/\\\/www.revistarambla.com\\\/\",\"https:\\\/\\\/www.facebook.com\\\/revistarambla\",\"https:\\\/\\\/x.com\\\/revistarambla\"]}]}<\/script>\n<!-- \/ Yoast SEO plugin. -->","yoast_head_json":{"title":"El guardi\u00e1n invisible del ox\u00edgeno: 'prochlorococcus', la cianobacteria bajo amenaza por el calentamiento global - Revista Rambla","robots":{"index":"index","follow":"follow","max-snippet":"max-snippet:-1","max-image-preview":"max-image-preview:large","max-video-preview":"max-video-preview:-1"},"canonical":"https:\/\/www.revistarambla.com\/en\/el-guardian-invisible-del-oxigeno-prochlorococcus-la-cianobacteria-bajo-amenaza-por-el-calentamiento-global\/","og_locale":"en_GB","og_type":"article","og_title":"El guardi\u00e1n invisible del ox\u00edgeno: 'prochlorococcus', la cianobacteria bajo amenaza por el calentamiento global - Revista Rambla","og_description":"Imagina un mundo donde el aire que respiras se vuelve cada vez m\u00e1s escaso, no por la contaminaci\u00f3n industrial, sino por el calor invisible que ahoga a los microbios","og_url":"https:\/\/www.revistarambla.com\/en\/el-guardian-invisible-del-oxigeno-prochlorococcus-la-cianobacteria-bajo-amenaza-por-el-calentamiento-global\/","og_site_name":"Revista Rambla","article_publisher":"https:\/\/www.facebook.com\/revistarambla\/","article_author":"https:\/\/www.facebook.com\/revistarambla","article_published_time":"2025-09-17T11:29:06+00:00","og_image":[{"width":800,"height":597,"url":"https:\/\/www.revistarambla.com\/wp-content\/uploads\/2025\/09\/cianobacteria.jpg","type":"image\/jpeg"}],"author":"R@mbla","twitter_card":"summary_large_image","twitter_creator":"@revistarambla","twitter_site":"@revistarambla","twitter_misc":{"Written by":"R@mbla","Estimated reading time":"7 minutes"},"schema":{"@context":"https:\/\/schema.org","@graph":[{"@type":"Article","@id":"https:\/\/www.revistarambla.com\/el-guardian-invisible-del-oxigeno-prochlorococcus-la-cianobacteria-bajo-amenaza-por-el-calentamiento-global\/#article","isPartOf":{"@id":"https:\/\/www.revistarambla.com\/el-guardian-invisible-del-oxigeno-prochlorococcus-la-cianobacteria-bajo-amenaza-por-el-calentamiento-global\/"},"author":{"name":"R@mbla","@id":"https:\/\/www.revistarambla.com\/#\/schema\/person\/a146a5a2550b94981a75131180e1bd9c"},"headline":"El guardi\u00e1n invisible del ox\u00edgeno: &#8216;prochlorococcus&#8217;, la cianobacteria bajo amenaza por el calentamiento global","datePublished":"2025-09-17T11:29:06+00:00","mainEntityOfPage":{"@id":"https:\/\/www.revistarambla.com\/el-guardian-invisible-del-oxigeno-prochlorococcus-la-cianobacteria-bajo-amenaza-por-el-calentamiento-global\/"},"wordCount":1546,"publisher":{"@id":"https:\/\/www.revistarambla.com\/#organization"},"image":{"@id":"https:\/\/www.revistarambla.com\/el-guardian-invisible-del-oxigeno-prochlorococcus-la-cianobacteria-bajo-amenaza-por-el-calentamiento-global\/#primaryimage"},"thumbnailUrl":"https:\/\/www.revistarambla.com\/wp-content\/uploads\/2025\/09\/cianobacteria.jpg","articleSection":["Otras Miradas"],"inLanguage":"en-GB"},{"@type":"WebPage","@id":"https:\/\/www.revistarambla.com\/el-guardian-invisible-del-oxigeno-prochlorococcus-la-cianobacteria-bajo-amenaza-por-el-calentamiento-global\/","url":"https:\/\/www.revistarambla.com\/el-guardian-invisible-del-oxigeno-prochlorococcus-la-cianobacteria-bajo-amenaza-por-el-calentamiento-global\/","name":"El guardi\u00e1n invisible del ox\u00edgeno: 'prochlorococcus', la cianobacteria bajo amenaza por el calentamiento global - Revista Rambla","isPartOf":{"@id":"https:\/\/www.revistarambla.com\/#website"},"primaryImageOfPage":{"@id":"https:\/\/www.revistarambla.com\/el-guardian-invisible-del-oxigeno-prochlorococcus-la-cianobacteria-bajo-amenaza-por-el-calentamiento-global\/#primaryimage"},"image":{"@id":"https:\/\/www.revistarambla.com\/el-guardian-invisible-del-oxigeno-prochlorococcus-la-cianobacteria-bajo-amenaza-por-el-calentamiento-global\/#primaryimage"},"thumbnailUrl":"https:\/\/www.revistarambla.com\/wp-content\/uploads\/2025\/09\/cianobacteria.jpg","datePublished":"2025-09-17T11:29:06+00:00","breadcrumb":{"@id":"https:\/\/www.revistarambla.com\/el-guardian-invisible-del-oxigeno-prochlorococcus-la-cianobacteria-bajo-amenaza-por-el-calentamiento-global\/#breadcrumb"},"inLanguage":"en-GB","potentialAction":[{"@type":"ReadAction","target":["https:\/\/www.revistarambla.com\/el-guardian-invisible-del-oxigeno-prochlorococcus-la-cianobacteria-bajo-amenaza-por-el-calentamiento-global\/"]}]},{"@type":"ImageObject","inLanguage":"en-GB","@id":"https:\/\/www.revistarambla.com\/el-guardian-invisible-del-oxigeno-prochlorococcus-la-cianobacteria-bajo-amenaza-por-el-calentamiento-global\/#primaryimage","url":"https:\/\/www.revistarambla.com\/wp-content\/uploads\/2025\/09\/cianobacteria.jpg","contentUrl":"https:\/\/www.revistarambla.com\/wp-content\/uploads\/2025\/09\/cianobacteria.jpg","width":800,"height":597,"caption":"cianobacteria"},{"@type":"BreadcrumbList","@id":"https:\/\/www.revistarambla.com\/el-guardian-invisible-del-oxigeno-prochlorococcus-la-cianobacteria-bajo-amenaza-por-el-calentamiento-global\/#breadcrumb","itemListElement":[{"@type":"ListItem","position":1,"name":"Portada","item":"https:\/\/www.revistarambla.com\/"},{"@type":"ListItem","position":2,"name":"El guardi\u00e1n invisible del ox\u00edgeno: &#8216;prochlorococcus&#8217;, la cianobacteria bajo amenaza por el calentamiento global"}]},{"@type":"WebSite","@id":"https:\/\/www.revistarambla.com\/#website","url":"https:\/\/www.revistarambla.com\/","name":"Revista Rambla Barcelona","description":"Periodismo independiente","publisher":{"@id":"https:\/\/www.revistarambla.com\/#organization"},"potentialAction":[{"@type":"SearchAction","target":{"@type":"EntryPoint","urlTemplate":"https:\/\/www.revistarambla.com\/?s={search_term_string}"},"query-input":{"@type":"PropertyValueSpecification","valueRequired":true,"valueName":"search_term_string"}}],"inLanguage":"en-GB"},{"@type":"Organization","@id":"https:\/\/www.revistarambla.com\/#organization","name":"Revista Rambla","url":"https:\/\/www.revistarambla.com\/","logo":{"@type":"ImageObject","inLanguage":"en-GB","@id":"https:\/\/www.revistarambla.com\/#\/schema\/logo\/image\/","url":"https:\/\/www.revistarambla.com\/wp-content\/uploads\/2020\/09\/banner_rambla_1900x600_BB.png","contentUrl":"https:\/\/www.revistarambla.com\/wp-content\/uploads\/2020\/09\/banner_rambla_1900x600_BB.png","width":1900,"height":600,"caption":"Revista Rambla"},"image":{"@id":"https:\/\/www.revistarambla.com\/#\/schema\/logo\/image\/"},"sameAs":["https:\/\/www.facebook.com\/revistarambla\/","https:\/\/x.com\/revistarambla","https:\/\/www.instagram.com\/revista_rambla","https:\/\/es.linkedin.com\/company\/revista-rambla"]},{"@type":"Person","@id":"https:\/\/www.revistarambla.com\/#\/schema\/person\/a146a5a2550b94981a75131180e1bd9c","name":"R@mbla","description":"Este art\u00edculo ha sido redactado y\/o validado por el equipo de redacci\u00f3n de Revista Rambla.","sameAs":["https:\/\/www.revistarambla.com\/","https:\/\/www.facebook.com\/revistarambla","https:\/\/x.com\/revistarambla"]}]}},"_links":{"self":[{"href":"https:\/\/www.revistarambla.com\/en\/wp-json\/wp\/v2\/posts\/66624","targetHints":{"allow":["GET"]}}],"collection":[{"href":"https:\/\/www.revistarambla.com\/en\/wp-json\/wp\/v2\/posts"}],"about":[{"href":"https:\/\/www.revistarambla.com\/en\/wp-json\/wp\/v2\/types\/post"}],"author":[{"embeddable":true,"href":"https:\/\/www.revistarambla.com\/en\/wp-json\/wp\/v2\/users\/3"}],"replies":[{"embeddable":true,"href":"https:\/\/www.revistarambla.com\/en\/wp-json\/wp\/v2\/comments?post=66624"}],"version-history":[{"count":1,"href":"https:\/\/www.revistarambla.com\/en\/wp-json\/wp\/v2\/posts\/66624\/revisions"}],"predecessor-version":[{"id":66626,"href":"https:\/\/www.revistarambla.com\/en\/wp-json\/wp\/v2\/posts\/66624\/revisions\/66626"}],"wp:featuredmedia":[{"embeddable":true,"href":"https:\/\/www.revistarambla.com\/en\/wp-json\/wp\/v2\/media\/66625"}],"wp:attachment":[{"href":"https:\/\/www.revistarambla.com\/en\/wp-json\/wp\/v2\/media?parent=66624"}],"wp:term":[{"taxonomy":"category","embeddable":true,"href":"https:\/\/www.revistarambla.com\/en\/wp-json\/wp\/v2\/categories?post=66624"},{"taxonomy":"post_tag","embeddable":true,"href":"https:\/\/www.revistarambla.com\/en\/wp-json\/wp\/v2\/tags?post=66624"}],"curies":[{"name":"wp","href":"https:\/\/api.w.org\/{rel}","templated":true}]}}