{"id":66616,"date":"2025-09-17T13:07:33","date_gmt":"2025-09-17T11:07:33","guid":{"rendered":"https:\/\/www.revistarambla.com\/?p=66616"},"modified":"2025-09-18T11:30:31","modified_gmt":"2025-09-18T09:30:31","slug":"sanchez-podemos-y-sumar-la-pugna-mediatica-en-medio-del-horror-de-gaza","status":"publish","type":"post","link":"https:\/\/www.revistarambla.com\/en\/sanchez-podemos-y-sumar-la-pugna-mediatica-en-medio-del-horror-de-gaza\/","title":{"rendered":"S\u00e1nchez, Podemos y Sumar: la pugna medi\u00e1tica en medio del horror de Gaza"},"content":{"rendered":"<p>En las calles de Madrid, Barcelona y tantas otras ciudades espa\u00f1olas, las manifestaciones por Gaza no cesan. Desde octubre de 2023, el conflicto en Oriente Pr\u00f3ximo ha cobrado la vida de decenas de miles de palestinos, ha desplazado a millones y ha convertido el enclave en un s\u00edmbolo global de injusticia. En Espa\u00f1a, este drama no es solo una causa humanitaria lejana: se ha convertido en un campo de batalla pol\u00edtica. Pedro S\u00e1nchez, el presidente del Gobierno, ha irrumpido con fuerza en el debate, anunciando un decreto ley para reforzar el embargo de armas a Israel. Pero esta movida no ha unido a la izquierda: al contrario, ha desatado una tormenta interna. Podemos y Sumar, los aliados \u00abmorados\u00bb del PSOE en el Ejecutivo de coalici\u00f3n, ven con recelo c\u00f3mo S\u00e1nchez les roba el liderazgo en un tema que ellos han abanderado desde hace meses. \u00bfEs esto una estrategia maestra del presidente para reconectar con su base progresista, o un c\u00e1lculo c\u00ednico que expone las fisuras de la izquierda espa\u00f1ola?<\/p>\n<p>El detonante lleg\u00f3 el 8 de septiembre de 2025, en un acto en La Moncloa cargado de simbolismo. Pedro S\u00e1nchez, flanqueado por banderas europeas y fotograf\u00edas de ni\u00f1os palestinos, anunci\u00f3 nueve medidas \u00aburgentes\u00bb para detener lo que \u00e9l mismo denomin\u00f3 \u00abel genocidio en Gaza\u00bb. Entre ellas, destacaba un real decreto ley que blindar\u00eda jur\u00eddicamente el embargo de armas a Israel, una promesa que el Gobierno hab\u00eda hecho meses atr\u00e1s pero que hasta entonces languidec\u00eda en el limbo burocr\u00e1tico. S\u00e1nchez no escatim\u00f3 en ret\u00f3rica: habl\u00f3 de \u00abperseguir a los ejecutores\u00bb del horror, de suspender relaciones comerciales con asentamientos ilegales y de aumentar la ayuda humanitaria. Fue un golpe de efecto, dise\u00f1ado para captar titulares y, sobre todo, votos. En un contexto de erosi\u00f3n de la coalici\u00f3n \u2014con encuestas que muestran al PSOE perdiendo terreno frente a un PP revitalizado y una extrema derecha que acecha\u2014, el presidente necesitaba un revulsivo. Gaza, con su carga moral y su potencial para movilizar a la juventud y a la izquierda, parec\u00eda el candidato perfecto.<\/p>\n<p>Pero el idilio dur\u00f3 poco. El martes 16 de septiembre, en el Consejo de Ministros, el decreto no vio la luz. El Gobierno lo aplaz\u00f3, argumentando \u00abcomplejidades t\u00e9cnicas\u00bb y la necesidad de \u00abhacer las cosas bien\u00bb. Fuentes de Moncloa filtraron que se trataba de un retraso menor, que el texto se aprobar\u00eda la pr\u00f3xima semana. Sin embargo, para Sumar, socio minoritario del Ejecutivo, aquello fue la gota que colm\u00f3 el vaso. Yolanda D\u00edaz, l\u00edder de la coalici\u00f3n, y su ministro de Consumo, Pablo Bustinduy, no tardaron en alzar la voz. \u00abSumar garantiza que el decreto se aprobar\u00e1 el martes\u00bb, tuite\u00f3 el ministro de Cultura y portavoz, Ernest Urtasun, en un gui\u00f1o a la pr\u00f3xima reuni\u00f3n. Pero el tono era de ultim\u00e1tum: si no se aprueba, \u00absupondr\u00eda incumplir el acuerdo de coalici\u00f3n\u00bb, advirtieron. Izquierda Unida, integrada en Sumar, fue a\u00fan m\u00e1s dura: amenazaron con plantar a S\u00e1nchez en el Consejo si el embargo no avanza.<\/p>\n<p>Esta irritaci\u00f3n no es casual. Sumar y Podemos \u2014aunque este \u00faltimo ya no forma parte formal del Gobierno desde la ruptura de 2023\u2014 han sido los abanderados de la causa palestina en Espa\u00f1a. Irene Montero, figura clave de Podemos, ha liderado campa\u00f1as en el Congreso para reconocer el Estado palestino y cortar lazos con Israel. Sumar, por su parte, ha impulsado mociones en el Parlamento Europeo y ha organizado concentraciones masivas. Para ellos, el embargo no es una novedad: es su bandera ideol\u00f3gica, un diferenciador frente al tibio europe\u00edsmo del PSOE. Que S\u00e1nchez entre \u00abde hoz y coz\u00bb, como dicen los morados, les duele porque les quita el monopolio moral. En redes sociales, militantes de Podemos no ocultan su malestar: \u00abS\u00e1nchez nos roba la agenda para salvar su pellejo electoral\u00bb, tuitea un usuario influyente, resumiendo el sentir de muchos.<\/p>\n<p>Esta batalla interna no surge de la nada. La izquierda espa\u00f1ola vive un momento de recomposici\u00f3n dolorosa. Desde la debacle de las elecciones de julio de 2023, cuando Yolanda D\u00edaz no logr\u00f3 despegar con su proyecto Sumar, la coalici\u00f3n ha perdido fuelle. Las encuestas la sit\u00faan por debajo del 5% nacional, mientras Podemos, en su versi\u00f3n residual liderada por Ione Belarra, se mantiene como un n\u00facleo duro pero minoritario. S\u00e1nchez, por el contrario, ha sobrevivido a m\u00faltiples crisis \u2014desde la amnist\u00eda catalana hasta los esc\u00e1ndalos de corrupci\u00f3n en su entorno\u2014 gracias a su instinto pol\u00edtico. Su giro sobre Gaza no es altruista: es una jugada para reconectar con el electorado joven y urbano que se le escap\u00f3 en las europeas de junio de 2024, donde el PSOE cay\u00f3 al 30%. En un pa\u00eds donde el 70% de la poblaci\u00f3n simpatiza con la causa palestina, seg\u00fan sondeos del CIS, capitalizar el drama de Gaza es un salvavidas.<\/p>\n<p>Sin embargo, esta pugna revela algo m\u00e1s profundo: la hipocres\u00eda de una izquierda que habla de solidaridad pero act\u00faa por cuotas de poder. Tomemos el caso del embargo. Espa\u00f1a ya suspendi\u00f3 licencias de armas a Israel en octubre de 2023, pero el volumen de exportaciones indirectas \u2014a trav\u00e9s de componentes o rutas europeas\u2014 sigue siendo significativo. El decreto de S\u00e1nchez pretende cerrar esas grietas, incorporando el derecho internacional humanitario en la legislaci\u00f3n nacional. Una medida loable, sin duda. Pero \u00bfpor qu\u00e9 el retraso? Moncloa alega tecnicismos, pero entre l\u00edneas se lee la presi\u00f3n de Bruselas y Washington. La UE, con su maquinaria lenta, a\u00fan no ha armonizado un embargo com\u00fan, y Trump defiende a Netanyahu. S\u00e1nchez camina sobre alambres: quiere ser el \u00abl\u00edder moral\u00bb de Europa, pero sin quemar puentes con aliados clave.<\/p>\n<p>Sumar y Podemos, en cambio, juegan m\u00e1s duro. Su objetivo inmediato es que S\u00e1nchez rompa relaciones diplom\u00e1ticas con Israel, una l\u00ednea roja que el presidente no cruzar\u00e1. Es comprensible su frustraci\u00f3n: han visto c\u00f3mo el Gobierno ha autorizado ventas de material no letal a Israel mientras las im\u00e1genes de bombardeos en Gaza inundan las pantallas. Pero su respuesta \u2014amenazas p\u00fablicas y filtraciones\u2014 solo debilita la coalici\u00f3n. Imaginen el espect\u00e1culo: mientras en Rafah mueren civiles por la falta de corredores humanitarios, en Madrid, los socios del Gobierno se enzarzan en una guerra de egos. \u00bfQui\u00e9n sale ganando? Nadie, salvo la oposici\u00f3n de derechas, que ya acusa a S\u00e1nchez de \u00abtraicionar a Occidente\u00bb y a Sumar de \u00abantisemitismo encubierto\u00bb.<\/p>\n<p>Desde nuestra perspectiva, esta din\u00e1mica es t\u00f3xica porque transforma una tragedia humana en munici\u00f3n electoral. La izquierda espa\u00f1ola, que tanto presume de su tradici\u00f3n solidaria \u2014desde la Guerra Civil hasta el 15-M\u2014, deber\u00eda estar unida en la presi\u00f3n internacional. En lugar de eso, vemos un sainete: S\u00e1nchez posando como palad\u00edn de la paz, D\u00edaz exigiendo \u00abaprobaci\u00f3n inmediata\u00bb del decreto, y Belarra recordando que fue Podemos quien impuls\u00f3 la primera moci\u00f3n por Palestina en 2014. Es como si el drama de Gaza fuera un bot\u00edn a repartir, no una urgencia moral. Y el precio lo pagan los palestinos: cada d\u00eda de retraso en el embargo significa m\u00e1s armas en manos israel\u00edes, m\u00e1s bombas sobre escuelas y hospitales.<\/p>\n<p>Profundicemos en las motivaciones. Para S\u00e1nchez, Gaza es una oportunidad de redenci\u00f3n. Tras el fiasco de la amnist\u00eda, que le cost\u00f3 apoyo en el ala dura del PSOE, necesita un relato de \u00abjusticia global\u00bb. Su viaje a Gaza en 2025 fue un golpe maestro: fotos con familias refugiadas, discursos contra el \u00abapartheid\u00bb, y un espaldarazo de intelectuales como Javier Cercas o Almudena Grandes. Pero el retraso del decreto huele a c\u00e1lculo: evita un choque frontal con la UE justo cuando Espa\u00f1a preside el semestre rotatorio en 2026. Es pragm\u00e1tico, s\u00ed, pero \u00bfa qu\u00e9 costo? La opini\u00f3n p\u00fablica, indignada por las 40.000 muertes en Gaza, percibe doblez. En X (antes Twitter), el hashtag #S\u00e1nchezDimisi\u00f3nGaza acumula miles de entradas, muchas de votantes tradicionales del PSOE.<\/p>\n<p>Sumar, por su lado, pugna por supervivencia. D\u00edaz, que so\u00f1\u00f3 con ser la \u00abnueva esperanza\u00bb de la izquierda, ve c\u00f3mo su espacio se diluye entre el PSOE y un Podemos combativo. El embargo es su ariete: les permite diferenciarse sin salirse del Gobierno. Pero su ultim\u00e1tum \u2014\u00bbsi no se aprueba, incumplimos el pacto\u00bb\u2014 roza la irresponsabilidad. \u00bfPlantar a S\u00e1nchez en el Consejo? Eso ser\u00eda un suicidio pol\u00edtico, entregando la narrativa a la derecha. Ernest Urtasun lo sabe, y por eso su \u00abgarant\u00eda\u00bb de aprobaci\u00f3n suena a farol. Sumar necesita victorias tangibles, no m\u00e1s ruido.<\/p>\n<p>Y luego est\u00e1 Podemos, el fantasma morado que acecha. Aunque fuera del Ejecutivo, su influencia persiste en el Congreso y en la calle. Ione Belarra ha criticado duramente el retraso, acusando a S\u00e1nchez de \u00abcobard\u00eda ante el lobby sionista\u00bb. Para ellos, el embargo es venganza personal: recuerdan c\u00f3mo D\u00edaz les margin\u00f3 en 2023 para formar Sumar. Esta pugna tripartita \u2014PSOE vs. Sumar vs. Podemos\u2014 es el ep\u00edtome de una izquierda fragmentada, incapaz de coaligarse m\u00e1s all\u00e1 de la aritm\u00e9tica parlamentaria.<\/p>\n<p>En el fondo, esta batalla por capitalizar Gaza dice mucho de la pol\u00edtica espa\u00f1ola actual. Vivimos en una era de posverdad, donde las causas globales se domestican para fines locales. Netanyahu, con su ofensiva ha radicalizado el debate: la CIJ ha declarado plausibles los cargos de genocidio, y la ONU clama por un alto el fuego. Espa\u00f1a podr\u00eda liderar en Europa \u2014somos el pa\u00eds con m\u00e1s manifestaciones pro-Palestina per c\u00e1pita\u2014, pero el Gobierno prefiere el gradualismo. S\u00e1nchez habla de \u00abmedidas adicionales\u00bb, pero \u00bfd\u00f3nde est\u00e1 el reconocimiento pleno de Palestina? \u00bfLa suspensi\u00f3n de vuelos de El Al? Sumar lo exige, Podemos lo grita, pero el presidente titubea.<\/p>\n<p>Nuestra opini\u00f3n es clara: esta pelea es contraproducente. En lugar de pugnar por el liderazgo, la izquierda deber\u00eda forjar una estrategia com\u00fan. Un decreto unificado, con apoyo expl\u00edcito de todos los socios, multiplicar\u00eda su impacto. Imaginen un comunicado conjunto: PSOE, Sumar y Podemos exigiendo a la UE un embargo total, cortando exportaciones y presionando a EE.UU. Ser\u00eda un mensaje potente, no solo para Gaza, sino para reivindicar una izquierda europea audaz. En cambio, el retraso del decreto \u2014justificado como \u00abt\u00e9cnico\u00bb\u2014 irrita a los aliados y alimenta la desafecci\u00f3n ciudadana. La pr\u00f3xima semana ser\u00e1 clave: si se aprueba, S\u00e1nchez habr\u00e1 neutralizado la crisis; si no, la coalici\u00f3n podr\u00eda implosionar.<\/p>\n<p>Mirando al futuro, esta pugna prefigura las elecciones de 2027. El PP de Feij\u00f3o ya capitaliza el \u00abdesorden\u00bb del Gobierno, mientras Vox azuza el miedo al \u00abislamismo\u00bb. La izquierda, dividida, pierde. Pero Gaza nos recuerda que la pol\u00edtica no es un juego de tronos: es servicio p\u00fablico. S\u00e1nchez debe acelerar el decreto, no por c\u00e1lculo, sino por convicci\u00f3n. Sumar y Podemos, dejar de lado el rencor y unirse. Solo as\u00ed honraremos el drama de Gaza, no lo instrumentalizaremos.<\/p>\n<p>En \u00faltima instancia, mientras los tanques israel\u00edes avanzan y los cohetes de Ham\u00e1s responden, Espa\u00f1a debe elegir: \u00bfpostureo o acci\u00f3n? La historia juzgar\u00e1 a estos l\u00edderes no por sus tuits o decretos demorados, sino por si contribuyeron a la paz o solo a su propio relato. Ojal\u00e1 elijan lo primero. Porque en Gaza, el tiempo \u2014y las vidas\u2014 no esperan.<\/p>","protected":false},"excerpt":{"rendered":"<p>En las calles de Madrid, Barcelona y tantas otras ciudades espa\u00f1olas, las manifestaciones por Gaza no cesan. Desde octubre de 2023, el conflicto en Oriente Pr\u00f3ximo ha cobrado la vida de decenas de miles de palestinos, ha desplazado a millones y ha convertido el enclave en un s\u00edmbolo global de [&hellip;]<\/p>\n","protected":false},"author":3,"featured_media":57398,"comment_status":"closed","ping_status":"closed","sticky":false,"template":"","format":"standard","meta":{"footnotes":""},"categories":[58],"tags":[],"class_list":["post-66616","post","type-post","status-publish","format-standard","has-post-thumbnail","hentry","category-estado-espanol"],"yoast_head":"<!-- This site is optimized with the Yoast SEO plugin v27.5 - https:\/\/yoast.com\/product\/yoast-seo-wordpress\/ -->\n<title>S\u00e1nchez, Podemos y Sumar: la pugna medi\u00e1tica en medio del horror de Gaza - Revista Rambla<\/title>\n<meta name=\"robots\" content=\"index, follow, max-snippet:-1, max-image-preview:large, max-video-preview:-1\" \/>\n<link rel=\"canonical\" href=\"https:\/\/www.revistarambla.com\/en\/sanchez-podemos-y-sumar-la-pugna-mediatica-en-medio-del-horror-de-gaza\/\" \/>\n<meta property=\"og:locale\" content=\"en_GB\" \/>\n<meta property=\"og:type\" content=\"article\" \/>\n<meta property=\"og:title\" content=\"S\u00e1nchez, Podemos y Sumar: la pugna medi\u00e1tica en medio del horror de Gaza - Revista Rambla\" \/>\n<meta property=\"og:description\" content=\"En las calles de Madrid, Barcelona y tantas otras ciudades espa\u00f1olas, las manifestaciones por Gaza no cesan. Desde octubre de 2023, el conflicto en Oriente Pr\u00f3ximo ha cobrado la vida de decenas de miles de palestinos, ha desplazado a millones y ha convertido el enclave en un s\u00edmbolo global de [&hellip;]\" \/>\n<meta property=\"og:url\" content=\"https:\/\/www.revistarambla.com\/en\/sanchez-podemos-y-sumar-la-pugna-mediatica-en-medio-del-horror-de-gaza\/\" \/>\n<meta property=\"og:site_name\" content=\"Revista Rambla\" \/>\n<meta property=\"article:publisher\" content=\"https:\/\/www.facebook.com\/revistarambla\/\" \/>\n<meta property=\"article:author\" content=\"https:\/\/www.facebook.com\/revistarambla\" \/>\n<meta property=\"article:published_time\" content=\"2025-09-17T11:07:33+00:00\" \/>\n<meta property=\"article:modified_time\" content=\"2025-09-18T09:30:31+00:00\" \/>\n<meta property=\"og:image\" content=\"https:\/\/www.revistarambla.com\/wp-content\/uploads\/2023\/11\/PALESTINA-GAZA.jpg\" \/>\n\t<meta property=\"og:image:width\" content=\"1104\" \/>\n\t<meta property=\"og:image:height\" content=\"622\" \/>\n\t<meta property=\"og:image:type\" content=\"image\/jpeg\" \/>\n<meta name=\"author\" content=\"R@mbla\" \/>\n<meta name=\"twitter:card\" content=\"summary_large_image\" \/>\n<meta name=\"twitter:creator\" content=\"@revistarambla\" \/>\n<meta name=\"twitter:site\" content=\"@revistarambla\" \/>\n<meta name=\"twitter:label1\" content=\"Written by\" \/>\n\t<meta name=\"twitter:data1\" content=\"R@mbla\" \/>\n\t<meta name=\"twitter:label2\" content=\"Estimated reading time\" \/>\n\t<meta name=\"twitter:data2\" content=\"9 minutes\" \/>\n<script type=\"application\/ld+json\" class=\"yoast-schema-graph\">{\"@context\":\"https:\\\/\\\/schema.org\",\"@graph\":[{\"@type\":\"Article\",\"@id\":\"https:\\\/\\\/www.revistarambla.com\\\/sanchez-podemos-y-sumar-la-pugna-mediatica-en-medio-del-horror-de-gaza\\\/#article\",\"isPartOf\":{\"@id\":\"https:\\\/\\\/www.revistarambla.com\\\/sanchez-podemos-y-sumar-la-pugna-mediatica-en-medio-del-horror-de-gaza\\\/\"},\"author\":{\"name\":\"R@mbla\",\"@id\":\"https:\\\/\\\/www.revistarambla.com\\\/#\\\/schema\\\/person\\\/a146a5a2550b94981a75131180e1bd9c\"},\"headline\":\"S\u00e1nchez, Podemos y Sumar: la pugna medi\u00e1tica en medio del horror de Gaza\",\"datePublished\":\"2025-09-17T11:07:33+00:00\",\"dateModified\":\"2025-09-18T09:30:31+00:00\",\"mainEntityOfPage\":{\"@id\":\"https:\\\/\\\/www.revistarambla.com\\\/sanchez-podemos-y-sumar-la-pugna-mediatica-en-medio-del-horror-de-gaza\\\/\"},\"wordCount\":1969,\"publisher\":{\"@id\":\"https:\\\/\\\/www.revistarambla.com\\\/#organization\"},\"image\":{\"@id\":\"https:\\\/\\\/www.revistarambla.com\\\/sanchez-podemos-y-sumar-la-pugna-mediatica-en-medio-del-horror-de-gaza\\\/#primaryimage\"},\"thumbnailUrl\":\"https:\\\/\\\/www.revistarambla.com\\\/wp-content\\\/uploads\\\/2023\\\/11\\\/PALESTINA-GAZA.jpg\",\"articleSection\":[\"Estado Espa\u00f1ol\"],\"inLanguage\":\"en-GB\"},{\"@type\":\"WebPage\",\"@id\":\"https:\\\/\\\/www.revistarambla.com\\\/sanchez-podemos-y-sumar-la-pugna-mediatica-en-medio-del-horror-de-gaza\\\/\",\"url\":\"https:\\\/\\\/www.revistarambla.com\\\/sanchez-podemos-y-sumar-la-pugna-mediatica-en-medio-del-horror-de-gaza\\\/\",\"name\":\"S\u00e1nchez, Podemos y Sumar: la pugna medi\u00e1tica en medio del horror de Gaza - Revista Rambla\",\"isPartOf\":{\"@id\":\"https:\\\/\\\/www.revistarambla.com\\\/#website\"},\"primaryImageOfPage\":{\"@id\":\"https:\\\/\\\/www.revistarambla.com\\\/sanchez-podemos-y-sumar-la-pugna-mediatica-en-medio-del-horror-de-gaza\\\/#primaryimage\"},\"image\":{\"@id\":\"https:\\\/\\\/www.revistarambla.com\\\/sanchez-podemos-y-sumar-la-pugna-mediatica-en-medio-del-horror-de-gaza\\\/#primaryimage\"},\"thumbnailUrl\":\"https:\\\/\\\/www.revistarambla.com\\\/wp-content\\\/uploads\\\/2023\\\/11\\\/PALESTINA-GAZA.jpg\",\"datePublished\":\"2025-09-17T11:07:33+00:00\",\"dateModified\":\"2025-09-18T09:30:31+00:00\",\"breadcrumb\":{\"@id\":\"https:\\\/\\\/www.revistarambla.com\\\/sanchez-podemos-y-sumar-la-pugna-mediatica-en-medio-del-horror-de-gaza\\\/#breadcrumb\"},\"inLanguage\":\"en-GB\",\"potentialAction\":[{\"@type\":\"ReadAction\",\"target\":[\"https:\\\/\\\/www.revistarambla.com\\\/sanchez-podemos-y-sumar-la-pugna-mediatica-en-medio-del-horror-de-gaza\\\/\"]}]},{\"@type\":\"ImageObject\",\"inLanguage\":\"en-GB\",\"@id\":\"https:\\\/\\\/www.revistarambla.com\\\/sanchez-podemos-y-sumar-la-pugna-mediatica-en-medio-del-horror-de-gaza\\\/#primaryimage\",\"url\":\"https:\\\/\\\/www.revistarambla.com\\\/wp-content\\\/uploads\\\/2023\\\/11\\\/PALESTINA-GAZA.jpg\",\"contentUrl\":\"https:\\\/\\\/www.revistarambla.com\\\/wp-content\\\/uploads\\\/2023\\\/11\\\/PALESTINA-GAZA.jpg\",\"width\":1104,\"height\":622,\"caption\":\"Limpieza \u00e9tnica gaza v\u00edctimas en gaza s\u00e1nchez\"},{\"@type\":\"BreadcrumbList\",\"@id\":\"https:\\\/\\\/www.revistarambla.com\\\/sanchez-podemos-y-sumar-la-pugna-mediatica-en-medio-del-horror-de-gaza\\\/#breadcrumb\",\"itemListElement\":[{\"@type\":\"ListItem\",\"position\":1,\"name\":\"Portada\",\"item\":\"https:\\\/\\\/www.revistarambla.com\\\/\"},{\"@type\":\"ListItem\",\"position\":2,\"name\":\"S\u00e1nchez, Podemos y Sumar: la pugna medi\u00e1tica en medio del horror de Gaza\"}]},{\"@type\":\"WebSite\",\"@id\":\"https:\\\/\\\/www.revistarambla.com\\\/#website\",\"url\":\"https:\\\/\\\/www.revistarambla.com\\\/\",\"name\":\"Revista Rambla Barcelona\",\"description\":\"Periodismo independiente\",\"publisher\":{\"@id\":\"https:\\\/\\\/www.revistarambla.com\\\/#organization\"},\"potentialAction\":[{\"@type\":\"SearchAction\",\"target\":{\"@type\":\"EntryPoint\",\"urlTemplate\":\"https:\\\/\\\/www.revistarambla.com\\\/?s={search_term_string}\"},\"query-input\":{\"@type\":\"PropertyValueSpecification\",\"valueRequired\":true,\"valueName\":\"search_term_string\"}}],\"inLanguage\":\"en-GB\"},{\"@type\":\"Organization\",\"@id\":\"https:\\\/\\\/www.revistarambla.com\\\/#organization\",\"name\":\"Revista Rambla\",\"url\":\"https:\\\/\\\/www.revistarambla.com\\\/\",\"logo\":{\"@type\":\"ImageObject\",\"inLanguage\":\"en-GB\",\"@id\":\"https:\\\/\\\/www.revistarambla.com\\\/#\\\/schema\\\/logo\\\/image\\\/\",\"url\":\"https:\\\/\\\/www.revistarambla.com\\\/wp-content\\\/uploads\\\/2020\\\/09\\\/banner_rambla_1900x600_BB.png\",\"contentUrl\":\"https:\\\/\\\/www.revistarambla.com\\\/wp-content\\\/uploads\\\/2020\\\/09\\\/banner_rambla_1900x600_BB.png\",\"width\":1900,\"height\":600,\"caption\":\"Revista Rambla\"},\"image\":{\"@id\":\"https:\\\/\\\/www.revistarambla.com\\\/#\\\/schema\\\/logo\\\/image\\\/\"},\"sameAs\":[\"https:\\\/\\\/www.facebook.com\\\/revistarambla\\\/\",\"https:\\\/\\\/x.com\\\/revistarambla\",\"https:\\\/\\\/www.instagram.com\\\/revista_rambla\",\"https:\\\/\\\/es.linkedin.com\\\/company\\\/revista-rambla\"]},{\"@type\":\"Person\",\"@id\":\"https:\\\/\\\/www.revistarambla.com\\\/#\\\/schema\\\/person\\\/a146a5a2550b94981a75131180e1bd9c\",\"name\":\"R@mbla\",\"description\":\"Este art\u00edculo ha sido redactado y\\\/o validado por el equipo de redacci\u00f3n de Revista Rambla.\",\"sameAs\":[\"https:\\\/\\\/www.revistarambla.com\\\/\",\"https:\\\/\\\/www.facebook.com\\\/revistarambla\",\"https:\\\/\\\/x.com\\\/revistarambla\"]}]}<\/script>\n<!-- \/ Yoast SEO plugin. -->","yoast_head_json":{"title":"S\u00e1nchez, Podemos y Sumar: la pugna medi\u00e1tica en medio del horror de Gaza - Revista Rambla","robots":{"index":"index","follow":"follow","max-snippet":"max-snippet:-1","max-image-preview":"max-image-preview:large","max-video-preview":"max-video-preview:-1"},"canonical":"https:\/\/www.revistarambla.com\/en\/sanchez-podemos-y-sumar-la-pugna-mediatica-en-medio-del-horror-de-gaza\/","og_locale":"en_GB","og_type":"article","og_title":"S\u00e1nchez, Podemos y Sumar: la pugna medi\u00e1tica en medio del horror de Gaza - Revista Rambla","og_description":"En las calles de Madrid, Barcelona y tantas otras ciudades espa\u00f1olas, las manifestaciones por Gaza no cesan. Desde octubre de 2023, el conflicto en Oriente Pr\u00f3ximo ha cobrado la vida de decenas de miles de palestinos, ha desplazado a millones y ha convertido el enclave en un s\u00edmbolo global de [&hellip;]","og_url":"https:\/\/www.revistarambla.com\/en\/sanchez-podemos-y-sumar-la-pugna-mediatica-en-medio-del-horror-de-gaza\/","og_site_name":"Revista Rambla","article_publisher":"https:\/\/www.facebook.com\/revistarambla\/","article_author":"https:\/\/www.facebook.com\/revistarambla","article_published_time":"2025-09-17T11:07:33+00:00","article_modified_time":"2025-09-18T09:30:31+00:00","og_image":[{"width":1104,"height":622,"url":"https:\/\/www.revistarambla.com\/wp-content\/uploads\/2023\/11\/PALESTINA-GAZA.jpg","type":"image\/jpeg"}],"author":"R@mbla","twitter_card":"summary_large_image","twitter_creator":"@revistarambla","twitter_site":"@revistarambla","twitter_misc":{"Written by":"R@mbla","Estimated reading time":"9 minutes"},"schema":{"@context":"https:\/\/schema.org","@graph":[{"@type":"Article","@id":"https:\/\/www.revistarambla.com\/sanchez-podemos-y-sumar-la-pugna-mediatica-en-medio-del-horror-de-gaza\/#article","isPartOf":{"@id":"https:\/\/www.revistarambla.com\/sanchez-podemos-y-sumar-la-pugna-mediatica-en-medio-del-horror-de-gaza\/"},"author":{"name":"R@mbla","@id":"https:\/\/www.revistarambla.com\/#\/schema\/person\/a146a5a2550b94981a75131180e1bd9c"},"headline":"S\u00e1nchez, Podemos y Sumar: la pugna medi\u00e1tica en medio del horror de Gaza","datePublished":"2025-09-17T11:07:33+00:00","dateModified":"2025-09-18T09:30:31+00:00","mainEntityOfPage":{"@id":"https:\/\/www.revistarambla.com\/sanchez-podemos-y-sumar-la-pugna-mediatica-en-medio-del-horror-de-gaza\/"},"wordCount":1969,"publisher":{"@id":"https:\/\/www.revistarambla.com\/#organization"},"image":{"@id":"https:\/\/www.revistarambla.com\/sanchez-podemos-y-sumar-la-pugna-mediatica-en-medio-del-horror-de-gaza\/#primaryimage"},"thumbnailUrl":"https:\/\/www.revistarambla.com\/wp-content\/uploads\/2023\/11\/PALESTINA-GAZA.jpg","articleSection":["Estado Espa\u00f1ol"],"inLanguage":"en-GB"},{"@type":"WebPage","@id":"https:\/\/www.revistarambla.com\/sanchez-podemos-y-sumar-la-pugna-mediatica-en-medio-del-horror-de-gaza\/","url":"https:\/\/www.revistarambla.com\/sanchez-podemos-y-sumar-la-pugna-mediatica-en-medio-del-horror-de-gaza\/","name":"S\u00e1nchez, Podemos y Sumar: la pugna medi\u00e1tica en medio del horror de Gaza - Revista Rambla","isPartOf":{"@id":"https:\/\/www.revistarambla.com\/#website"},"primaryImageOfPage":{"@id":"https:\/\/www.revistarambla.com\/sanchez-podemos-y-sumar-la-pugna-mediatica-en-medio-del-horror-de-gaza\/#primaryimage"},"image":{"@id":"https:\/\/www.revistarambla.com\/sanchez-podemos-y-sumar-la-pugna-mediatica-en-medio-del-horror-de-gaza\/#primaryimage"},"thumbnailUrl":"https:\/\/www.revistarambla.com\/wp-content\/uploads\/2023\/11\/PALESTINA-GAZA.jpg","datePublished":"2025-09-17T11:07:33+00:00","dateModified":"2025-09-18T09:30:31+00:00","breadcrumb":{"@id":"https:\/\/www.revistarambla.com\/sanchez-podemos-y-sumar-la-pugna-mediatica-en-medio-del-horror-de-gaza\/#breadcrumb"},"inLanguage":"en-GB","potentialAction":[{"@type":"ReadAction","target":["https:\/\/www.revistarambla.com\/sanchez-podemos-y-sumar-la-pugna-mediatica-en-medio-del-horror-de-gaza\/"]}]},{"@type":"ImageObject","inLanguage":"en-GB","@id":"https:\/\/www.revistarambla.com\/sanchez-podemos-y-sumar-la-pugna-mediatica-en-medio-del-horror-de-gaza\/#primaryimage","url":"https:\/\/www.revistarambla.com\/wp-content\/uploads\/2023\/11\/PALESTINA-GAZA.jpg","contentUrl":"https:\/\/www.revistarambla.com\/wp-content\/uploads\/2023\/11\/PALESTINA-GAZA.jpg","width":1104,"height":622,"caption":"Limpieza \u00e9tnica gaza v\u00edctimas en gaza s\u00e1nchez"},{"@type":"BreadcrumbList","@id":"https:\/\/www.revistarambla.com\/sanchez-podemos-y-sumar-la-pugna-mediatica-en-medio-del-horror-de-gaza\/#breadcrumb","itemListElement":[{"@type":"ListItem","position":1,"name":"Portada","item":"https:\/\/www.revistarambla.com\/"},{"@type":"ListItem","position":2,"name":"S\u00e1nchez, Podemos y Sumar: la pugna medi\u00e1tica en medio del horror de Gaza"}]},{"@type":"WebSite","@id":"https:\/\/www.revistarambla.com\/#website","url":"https:\/\/www.revistarambla.com\/","name":"Revista Rambla Barcelona","description":"Periodismo independiente","publisher":{"@id":"https:\/\/www.revistarambla.com\/#organization"},"potentialAction":[{"@type":"SearchAction","target":{"@type":"EntryPoint","urlTemplate":"https:\/\/www.revistarambla.com\/?s={search_term_string}"},"query-input":{"@type":"PropertyValueSpecification","valueRequired":true,"valueName":"search_term_string"}}],"inLanguage":"en-GB"},{"@type":"Organization","@id":"https:\/\/www.revistarambla.com\/#organization","name":"Revista Rambla","url":"https:\/\/www.revistarambla.com\/","logo":{"@type":"ImageObject","inLanguage":"en-GB","@id":"https:\/\/www.revistarambla.com\/#\/schema\/logo\/image\/","url":"https:\/\/www.revistarambla.com\/wp-content\/uploads\/2020\/09\/banner_rambla_1900x600_BB.png","contentUrl":"https:\/\/www.revistarambla.com\/wp-content\/uploads\/2020\/09\/banner_rambla_1900x600_BB.png","width":1900,"height":600,"caption":"Revista Rambla"},"image":{"@id":"https:\/\/www.revistarambla.com\/#\/schema\/logo\/image\/"},"sameAs":["https:\/\/www.facebook.com\/revistarambla\/","https:\/\/x.com\/revistarambla","https:\/\/www.instagram.com\/revista_rambla","https:\/\/es.linkedin.com\/company\/revista-rambla"]},{"@type":"Person","@id":"https:\/\/www.revistarambla.com\/#\/schema\/person\/a146a5a2550b94981a75131180e1bd9c","name":"R@mbla","description":"Este art\u00edculo ha sido redactado y\/o validado por el equipo de redacci\u00f3n de Revista Rambla.","sameAs":["https:\/\/www.revistarambla.com\/","https:\/\/www.facebook.com\/revistarambla","https:\/\/x.com\/revistarambla"]}]}},"_links":{"self":[{"href":"https:\/\/www.revistarambla.com\/en\/wp-json\/wp\/v2\/posts\/66616","targetHints":{"allow":["GET"]}}],"collection":[{"href":"https:\/\/www.revistarambla.com\/en\/wp-json\/wp\/v2\/posts"}],"about":[{"href":"https:\/\/www.revistarambla.com\/en\/wp-json\/wp\/v2\/types\/post"}],"author":[{"embeddable":true,"href":"https:\/\/www.revistarambla.com\/en\/wp-json\/wp\/v2\/users\/3"}],"replies":[{"embeddable":true,"href":"https:\/\/www.revistarambla.com\/en\/wp-json\/wp\/v2\/comments?post=66616"}],"version-history":[{"count":3,"href":"https:\/\/www.revistarambla.com\/en\/wp-json\/wp\/v2\/posts\/66616\/revisions"}],"predecessor-version":[{"id":66628,"href":"https:\/\/www.revistarambla.com\/en\/wp-json\/wp\/v2\/posts\/66616\/revisions\/66628"}],"wp:featuredmedia":[{"embeddable":true,"href":"https:\/\/www.revistarambla.com\/en\/wp-json\/wp\/v2\/media\/57398"}],"wp:attachment":[{"href":"https:\/\/www.revistarambla.com\/en\/wp-json\/wp\/v2\/media?parent=66616"}],"wp:term":[{"taxonomy":"category","embeddable":true,"href":"https:\/\/www.revistarambla.com\/en\/wp-json\/wp\/v2\/categories?post=66616"},{"taxonomy":"post_tag","embeddable":true,"href":"https:\/\/www.revistarambla.com\/en\/wp-json\/wp\/v2\/tags?post=66616"}],"curies":[{"name":"wp","href":"https:\/\/api.w.org\/{rel}","templated":true}]}}