{"id":66606,"date":"2025-09-17T12:36:58","date_gmt":"2025-09-17T10:36:58","guid":{"rendered":"https:\/\/www.revistarambla.com\/?p=66606"},"modified":"2025-09-17T12:37:30","modified_gmt":"2025-09-17T10:37:30","slug":"tal-vez-fue-la-mano-de-dios-la-que-detuvo-la-vuelta-ciclista","status":"publish","type":"post","link":"https:\/\/www.revistarambla.com\/en\/tal-vez-fue-la-mano-de-dios-la-que-detuvo-la-vuelta-ciclista\/","title":{"rendered":"Tal vez fue la mano de Dios la que detuvo la vuelta ciclista"},"content":{"rendered":"<h3><img decoding=\"async\" class=\"aligncenter size-full wp-image-66607\" src=\"https:\/\/www.revistarambla.com\/wp-content\/uploads\/2025\/09\/4e0140aa-75c5-483d-a69d-7d613d296c92.jpg\" alt=\"Abraham\" width=\"960\" height=\"960\" srcset=\"https:\/\/www.revistarambla.com\/wp-content\/uploads\/2025\/09\/4e0140aa-75c5-483d-a69d-7d613d296c92.jpg 960w, https:\/\/www.revistarambla.com\/wp-content\/uploads\/2025\/09\/4e0140aa-75c5-483d-a69d-7d613d296c92-365x365.jpg 365w, https:\/\/www.revistarambla.com\/wp-content\/uploads\/2025\/09\/4e0140aa-75c5-483d-a69d-7d613d296c92-840x840.jpg 840w, https:\/\/www.revistarambla.com\/wp-content\/uploads\/2025\/09\/4e0140aa-75c5-483d-a69d-7d613d296c92-768x768.jpg 768w, https:\/\/www.revistarambla.com\/wp-content\/uploads\/2025\/09\/4e0140aa-75c5-483d-a69d-7d613d296c92-12x12.jpg 12w, https:\/\/www.revistarambla.com\/wp-content\/uploads\/2025\/09\/4e0140aa-75c5-483d-a69d-7d613d296c92-150x150.jpg 150w, https:\/\/www.revistarambla.com\/wp-content\/uploads\/2025\/09\/4e0140aa-75c5-483d-a69d-7d613d296c92-70x70.jpg 70w\" sizes=\"(max-width: 960px) 100vw, 960px\" \/><\/h3>\n<h3>Abraham, Isaac y la parcialidad del juicio<\/h3>\n<p>El relato b\u00edblico de Abraham y el sacrificio de Isaac ha sido le\u00eddo durante siglos como una prueba de fe. Sin embargo, puede entenderse tambi\u00e9n como una met\u00e1fora de c\u00f3mo lo divino confronta al ser humano con sus l\u00edmites y con la parcialidad de sus juicios. Dios ordena a Abraham algo que parece ir contra el derecho natural m\u00e1s b\u00e1sico: el sacrificio de un hijo por parte de su propio padre. La historia nos muestra a Abraham dispuesto a obedecer, pero tambi\u00e9n a Dios interviniendo en el \u00faltimo momento para revelar que no desea la injusticia, sino la purificaci\u00f3n de la fe.<\/p>\n<p>Si trasladamos esta imagen al presente, podr\u00edamos ver en Abraham el destino del pueblo de Israel, y en Isaac, el pueblo de Gaza. El primero, convencido de que cumple un mandato superior; el segundo, puesto en el altar del sufrimiento. Ambos se encuentran atrapados en una din\u00e1mica que parece inevitable, marcada por \u00f3rdenes y decisiones humanas que se presentan como absolutas.<\/p>\n<h3>La advertencia divina frente a la pol\u00edtica<\/h3>\n<p>En la narraci\u00f3n b\u00edblica, Dios detiene la mano de Abraham y ofrece un sacrificio alternativo. Es una advertencia: la verdadera voz de Dios no se confunde con la violencia ni con la parcialidad pol\u00edtica. Si los pueblos se sacrifican mutuamente, no es porque Dios lo quiera, sino porque los seres humanos justifican su pol\u00edtica como si fuera mandato divino.<\/p>\n<h3>El Dios moderno del autopilotaje y la parcialidad de los datos<\/h3>\n<p>La parcialidad tambi\u00e9n se expresa en los datos. Imaginemos un coche con autopilotaje. El CEO de una gran compa\u00f1\u00eda de veh\u00edculos el\u00e9ctricos exige a su sistema que asuma tareas para las que a\u00fan no est\u00e1 preparado, bajo la promesa de que en el futuro los coches aut\u00f3nomos ser\u00e1n m\u00e1s seguros. Entonces ocurre un accidente fatal. A nivel interno, los datos del siniestro se utilizan para perfeccionar la tecnolog\u00eda; a nivel externo, la informaci\u00f3n que se entrega a las autoridades culpa al conductor por haber apartado la vista del volante.<\/p>\n<p>Este ejemplo muestra que parece que estamos formando parte de un experimento social a gran escala, en el que la desinformaci\u00f3n act\u00faa como el narc\u00f3tico que se da a la vaca antes de sacrificarla. La falta de respeto a los valores humanos se convierte en un virus que al final nos afecta a todos: tanto a quienes viven en medio de un conflicto armado como a quienes gozan de paz aparente. Porque al final, se cruzan umbrales que erosionan las creencias humanas sobre lo que somos como sociedad e incluso como especie.<\/p>\n<h3>El cambio civilizatorio<\/h3>\n<p>Toda civilizaci\u00f3n se apoya en una piedra fundacional que marca las bases de la convivencia. Hoy tal vez estemos asistiendo a un cambio civilizatorio y moral en el que esa piedra se agrieta. La realpolitik ya no repara en dilemas \u00e9ticos, solo en resultados pr\u00e1cticos. La masacre de Gaza puede verse como met\u00e1fora de un nuevo orden mundial en el que prevalece la ley del m\u00e1s fuerte, donde la legitimidad se mide por la violencia pol\u00edtica y militar, y donde la lucha debe repetirse cada d\u00eda para no perecer.<\/p>\n<p>\u00bfNo ser\u00eda mejor apelar a los valores universales antes de que ese mundo sin lugar para la piedad nos conduzca a todos a un futuro de colapso compartido?<\/p>\n<h3>Hermanos divididos por la pol\u00edtica<\/h3>\n<p>Al recordar que tanto israel\u00edes como palestinos son pueblos semitas, descubrimos que son hermanos, hijos de la misma historia y de la misma tierra. Lo que los separa no es la fe \u2014pues ambos son monote\u00edstas\u2014 sino la parcialidad de la pol\u00edtica, que convierte las diferencias en muros y el miedo en destino.<\/p>\n<p>Vale recordar que en sus or\u00edgenes, Mahoma pudo haber sido reconocido como un profeta dentro del juda\u00edsmo o del cristianismo. Sin embargo, las circunstancias hist\u00f3ricas y, una vez m\u00e1s, la pol\u00edtica, desviaron ese posible reconocimiento. La parcialidad humana levant\u00f3 fronteras donde Dios hab\u00eda sembrado una ra\u00edz com\u00fan.<\/p>\n<h3>M\u00e1s all\u00e1 de los juicios humanos<\/h3>\n<p>Dios es universal, est\u00e1 m\u00e1s all\u00e1 de nuestras divisiones y de nuestros juicios parciales. El relato de Abraham e Isaac nos recuerda que no debemos confundir la voz de Dios con las exigencias de la pol\u00edtica o de la violencia. El desaf\u00edo es escuchar lo que est\u00e1 por encima de nuestros l\u00edmites: el llamado a reconocer al hermano en el otro, incluso cuando la historia y la pol\u00edtica intentan negarlo.<\/p>","protected":false},"excerpt":{"rendered":"<p>Abraham, Isaac y la parcialidad del juicio El relato b\u00edblico de Abraham y el sacrificio de Isaac ha sido le\u00eddo durante siglos como una prueba de fe. Sin embargo, puede entenderse tambi\u00e9n como una met\u00e1fora de c\u00f3mo lo divino confronta al ser humano con sus l\u00edmites y con la parcialidad [&hellip;]<\/p>\n","protected":false},"author":294,"featured_media":66607,"comment_status":"closed","ping_status":"closed","sticky":false,"template":"","format":"standard","meta":{"footnotes":""},"categories":[3908],"tags":[],"class_list":["post-66606","post","type-post","status-publish","format-standard","has-post-thumbnail","hentry","category-la-bodeguita-de-hemingway"],"yoast_head":"<!-- This site is optimized with the Yoast SEO plugin v27.5 - https:\/\/yoast.com\/product\/yoast-seo-wordpress\/ -->\n<title>Tal vez fue la mano de Dios la que detuvo la vuelta ciclista - Revista Rambla<\/title>\n<meta name=\"robots\" content=\"index, follow, max-snippet:-1, max-image-preview:large, max-video-preview:-1\" \/>\n<link rel=\"canonical\" href=\"https:\/\/www.revistarambla.com\/en\/tal-vez-fue-la-mano-de-dios-la-que-detuvo-la-vuelta-ciclista\/\" \/>\n<meta property=\"og:locale\" content=\"en_GB\" \/>\n<meta property=\"og:type\" content=\"article\" \/>\n<meta property=\"og:title\" content=\"Tal vez fue la mano de Dios la que detuvo la vuelta ciclista - Revista Rambla\" \/>\n<meta property=\"og:description\" content=\"Abraham, Isaac y la parcialidad del juicio El relato b\u00edblico de Abraham y el sacrificio de Isaac ha sido le\u00eddo durante siglos como una prueba de fe. Sin embargo, puede entenderse tambi\u00e9n como una met\u00e1fora de c\u00f3mo lo divino confronta al ser humano con sus l\u00edmites y con la parcialidad [&hellip;]\" \/>\n<meta property=\"og:url\" content=\"https:\/\/www.revistarambla.com\/en\/tal-vez-fue-la-mano-de-dios-la-que-detuvo-la-vuelta-ciclista\/\" \/>\n<meta property=\"og:site_name\" content=\"Revista Rambla\" \/>\n<meta property=\"article:publisher\" content=\"https:\/\/www.facebook.com\/revistarambla\/\" \/>\n<meta property=\"article:published_time\" content=\"2025-09-17T10:36:58+00:00\" \/>\n<meta property=\"article:modified_time\" content=\"2025-09-17T10:37:30+00:00\" \/>\n<meta property=\"og:image\" content=\"https:\/\/www.revistarambla.com\/wp-content\/uploads\/2025\/09\/4e0140aa-75c5-483d-a69d-7d613d296c92.jpg\" \/>\n\t<meta property=\"og:image:width\" content=\"960\" \/>\n\t<meta property=\"og:image:height\" content=\"960\" \/>\n\t<meta property=\"og:image:type\" content=\"image\/jpeg\" \/>\n<meta name=\"author\" content=\"Jos\u00e9 Antonio Gamero Romero\" \/>\n<meta name=\"twitter:card\" content=\"summary_large_image\" \/>\n<meta name=\"twitter:creator\" content=\"@revistarambla\" \/>\n<meta name=\"twitter:site\" content=\"@revistarambla\" \/>\n<meta name=\"twitter:label1\" content=\"Written by\" \/>\n\t<meta name=\"twitter:data1\" content=\"Jos\u00e9 Antonio Gamero Romero\" \/>\n\t<meta name=\"twitter:label2\" content=\"Estimated reading time\" \/>\n\t<meta name=\"twitter:data2\" content=\"4 minutes\" \/>\n<script type=\"application\/ld+json\" class=\"yoast-schema-graph\">{\"@context\":\"https:\\\/\\\/schema.org\",\"@graph\":[{\"@type\":\"Article\",\"@id\":\"https:\\\/\\\/www.revistarambla.com\\\/tal-vez-fue-la-mano-de-dios-la-que-detuvo-la-vuelta-ciclista\\\/#article\",\"isPartOf\":{\"@id\":\"https:\\\/\\\/www.revistarambla.com\\\/tal-vez-fue-la-mano-de-dios-la-que-detuvo-la-vuelta-ciclista\\\/\"},\"author\":{\"name\":\"Jos\u00e9 Antonio Gamero Romero\",\"@id\":\"https:\\\/\\\/www.revistarambla.com\\\/#\\\/schema\\\/person\\\/94294f57cf4910853e3280fda7339bfc\"},\"headline\":\"Tal vez fue la mano de Dios la que detuvo la vuelta ciclista\",\"datePublished\":\"2025-09-17T10:36:58+00:00\",\"dateModified\":\"2025-09-17T10:37:30+00:00\",\"mainEntityOfPage\":{\"@id\":\"https:\\\/\\\/www.revistarambla.com\\\/tal-vez-fue-la-mano-de-dios-la-que-detuvo-la-vuelta-ciclista\\\/\"},\"wordCount\":797,\"publisher\":{\"@id\":\"https:\\\/\\\/www.revistarambla.com\\\/#organization\"},\"image\":{\"@id\":\"https:\\\/\\\/www.revistarambla.com\\\/tal-vez-fue-la-mano-de-dios-la-que-detuvo-la-vuelta-ciclista\\\/#primaryimage\"},\"thumbnailUrl\":\"https:\\\/\\\/www.revistarambla.com\\\/wp-content\\\/uploads\\\/2025\\\/09\\\/4e0140aa-75c5-483d-a69d-7d613d296c92.jpg\",\"articleSection\":[\"La bodeguita de Hemingway\"],\"inLanguage\":\"en-GB\"},{\"@type\":\"WebPage\",\"@id\":\"https:\\\/\\\/www.revistarambla.com\\\/tal-vez-fue-la-mano-de-dios-la-que-detuvo-la-vuelta-ciclista\\\/\",\"url\":\"https:\\\/\\\/www.revistarambla.com\\\/tal-vez-fue-la-mano-de-dios-la-que-detuvo-la-vuelta-ciclista\\\/\",\"name\":\"Tal vez fue la mano de Dios la que detuvo la vuelta ciclista - Revista Rambla\",\"isPartOf\":{\"@id\":\"https:\\\/\\\/www.revistarambla.com\\\/#website\"},\"primaryImageOfPage\":{\"@id\":\"https:\\\/\\\/www.revistarambla.com\\\/tal-vez-fue-la-mano-de-dios-la-que-detuvo-la-vuelta-ciclista\\\/#primaryimage\"},\"image\":{\"@id\":\"https:\\\/\\\/www.revistarambla.com\\\/tal-vez-fue-la-mano-de-dios-la-que-detuvo-la-vuelta-ciclista\\\/#primaryimage\"},\"thumbnailUrl\":\"https:\\\/\\\/www.revistarambla.com\\\/wp-content\\\/uploads\\\/2025\\\/09\\\/4e0140aa-75c5-483d-a69d-7d613d296c92.jpg\",\"datePublished\":\"2025-09-17T10:36:58+00:00\",\"dateModified\":\"2025-09-17T10:37:30+00:00\",\"breadcrumb\":{\"@id\":\"https:\\\/\\\/www.revistarambla.com\\\/tal-vez-fue-la-mano-de-dios-la-que-detuvo-la-vuelta-ciclista\\\/#breadcrumb\"},\"inLanguage\":\"en-GB\",\"potentialAction\":[{\"@type\":\"ReadAction\",\"target\":[\"https:\\\/\\\/www.revistarambla.com\\\/tal-vez-fue-la-mano-de-dios-la-que-detuvo-la-vuelta-ciclista\\\/\"]}]},{\"@type\":\"ImageObject\",\"inLanguage\":\"en-GB\",\"@id\":\"https:\\\/\\\/www.revistarambla.com\\\/tal-vez-fue-la-mano-de-dios-la-que-detuvo-la-vuelta-ciclista\\\/#primaryimage\",\"url\":\"https:\\\/\\\/www.revistarambla.com\\\/wp-content\\\/uploads\\\/2025\\\/09\\\/4e0140aa-75c5-483d-a69d-7d613d296c92.jpg\",\"contentUrl\":\"https:\\\/\\\/www.revistarambla.com\\\/wp-content\\\/uploads\\\/2025\\\/09\\\/4e0140aa-75c5-483d-a69d-7d613d296c92.jpg\",\"width\":960,\"height\":960,\"caption\":\"Abraham\"},{\"@type\":\"BreadcrumbList\",\"@id\":\"https:\\\/\\\/www.revistarambla.com\\\/tal-vez-fue-la-mano-de-dios-la-que-detuvo-la-vuelta-ciclista\\\/#breadcrumb\",\"itemListElement\":[{\"@type\":\"ListItem\",\"position\":1,\"name\":\"Portada\",\"item\":\"https:\\\/\\\/www.revistarambla.com\\\/\"},{\"@type\":\"ListItem\",\"position\":2,\"name\":\"Tal vez fue la mano de Dios la que detuvo la vuelta ciclista\"}]},{\"@type\":\"WebSite\",\"@id\":\"https:\\\/\\\/www.revistarambla.com\\\/#website\",\"url\":\"https:\\\/\\\/www.revistarambla.com\\\/\",\"name\":\"Revista Rambla Barcelona\",\"description\":\"Periodismo independiente\",\"publisher\":{\"@id\":\"https:\\\/\\\/www.revistarambla.com\\\/#organization\"},\"potentialAction\":[{\"@type\":\"SearchAction\",\"target\":{\"@type\":\"EntryPoint\",\"urlTemplate\":\"https:\\\/\\\/www.revistarambla.com\\\/?s={search_term_string}\"},\"query-input\":{\"@type\":\"PropertyValueSpecification\",\"valueRequired\":true,\"valueName\":\"search_term_string\"}}],\"inLanguage\":\"en-GB\"},{\"@type\":\"Organization\",\"@id\":\"https:\\\/\\\/www.revistarambla.com\\\/#organization\",\"name\":\"Revista Rambla\",\"url\":\"https:\\\/\\\/www.revistarambla.com\\\/\",\"logo\":{\"@type\":\"ImageObject\",\"inLanguage\":\"en-GB\",\"@id\":\"https:\\\/\\\/www.revistarambla.com\\\/#\\\/schema\\\/logo\\\/image\\\/\",\"url\":\"https:\\\/\\\/www.revistarambla.com\\\/wp-content\\\/uploads\\\/2020\\\/09\\\/banner_rambla_1900x600_BB.png\",\"contentUrl\":\"https:\\\/\\\/www.revistarambla.com\\\/wp-content\\\/uploads\\\/2020\\\/09\\\/banner_rambla_1900x600_BB.png\",\"width\":1900,\"height\":600,\"caption\":\"Revista Rambla\"},\"image\":{\"@id\":\"https:\\\/\\\/www.revistarambla.com\\\/#\\\/schema\\\/logo\\\/image\\\/\"},\"sameAs\":[\"https:\\\/\\\/www.facebook.com\\\/revistarambla\\\/\",\"https:\\\/\\\/x.com\\\/revistarambla\",\"https:\\\/\\\/www.instagram.com\\\/revista_rambla\",\"https:\\\/\\\/es.linkedin.com\\\/company\\\/revista-rambla\"]},{\"@type\":\"Person\",\"@id\":\"https:\\\/\\\/www.revistarambla.com\\\/#\\\/schema\\\/person\\\/94294f57cf4910853e3280fda7339bfc\",\"name\":\"Jos\u00e9 Antonio Gamero Romero\",\"description\":\"Escritor sevillano finalista del premio Azor\u00edn 2014. Ha publicado en diferentes revistas como Culturamas, E\u00f1e, Visor, etc. Sus libros son: 'La invenci\u00f3n de los gigantes' (Buc\u00e9falo 2016); 'Literatura tridimensional' (Adarve 2018); 'S\u00f3crates no vino a Espa\u00f1a' (Samarcanda 2018); 'La rep\u00fablica del fin del mundo' (Tandaia 2018) y 'La bodeguita de Hemingway'.\"}]}<\/script>\n<!-- \/ Yoast SEO plugin. -->","yoast_head_json":{"title":"Tal vez fue la mano de Dios la que detuvo la vuelta ciclista - Revista Rambla","robots":{"index":"index","follow":"follow","max-snippet":"max-snippet:-1","max-image-preview":"max-image-preview:large","max-video-preview":"max-video-preview:-1"},"canonical":"https:\/\/www.revistarambla.com\/en\/tal-vez-fue-la-mano-de-dios-la-que-detuvo-la-vuelta-ciclista\/","og_locale":"en_GB","og_type":"article","og_title":"Tal vez fue la mano de Dios la que detuvo la vuelta ciclista - Revista Rambla","og_description":"Abraham, Isaac y la parcialidad del juicio El relato b\u00edblico de Abraham y el sacrificio de Isaac ha sido le\u00eddo durante siglos como una prueba de fe. Sin embargo, puede entenderse tambi\u00e9n como una met\u00e1fora de c\u00f3mo lo divino confronta al ser humano con sus l\u00edmites y con la parcialidad [&hellip;]","og_url":"https:\/\/www.revistarambla.com\/en\/tal-vez-fue-la-mano-de-dios-la-que-detuvo-la-vuelta-ciclista\/","og_site_name":"Revista Rambla","article_publisher":"https:\/\/www.facebook.com\/revistarambla\/","article_published_time":"2025-09-17T10:36:58+00:00","article_modified_time":"2025-09-17T10:37:30+00:00","og_image":[{"width":960,"height":960,"url":"https:\/\/www.revistarambla.com\/wp-content\/uploads\/2025\/09\/4e0140aa-75c5-483d-a69d-7d613d296c92.jpg","type":"image\/jpeg"}],"author":"Jos\u00e9 Antonio Gamero Romero","twitter_card":"summary_large_image","twitter_creator":"@revistarambla","twitter_site":"@revistarambla","twitter_misc":{"Written by":"Jos\u00e9 Antonio Gamero Romero","Estimated reading time":"4 minutes"},"schema":{"@context":"https:\/\/schema.org","@graph":[{"@type":"Article","@id":"https:\/\/www.revistarambla.com\/tal-vez-fue-la-mano-de-dios-la-que-detuvo-la-vuelta-ciclista\/#article","isPartOf":{"@id":"https:\/\/www.revistarambla.com\/tal-vez-fue-la-mano-de-dios-la-que-detuvo-la-vuelta-ciclista\/"},"author":{"name":"Jos\u00e9 Antonio Gamero Romero","@id":"https:\/\/www.revistarambla.com\/#\/schema\/person\/94294f57cf4910853e3280fda7339bfc"},"headline":"Tal vez fue la mano de Dios la que detuvo la vuelta ciclista","datePublished":"2025-09-17T10:36:58+00:00","dateModified":"2025-09-17T10:37:30+00:00","mainEntityOfPage":{"@id":"https:\/\/www.revistarambla.com\/tal-vez-fue-la-mano-de-dios-la-que-detuvo-la-vuelta-ciclista\/"},"wordCount":797,"publisher":{"@id":"https:\/\/www.revistarambla.com\/#organization"},"image":{"@id":"https:\/\/www.revistarambla.com\/tal-vez-fue-la-mano-de-dios-la-que-detuvo-la-vuelta-ciclista\/#primaryimage"},"thumbnailUrl":"https:\/\/www.revistarambla.com\/wp-content\/uploads\/2025\/09\/4e0140aa-75c5-483d-a69d-7d613d296c92.jpg","articleSection":["La bodeguita de Hemingway"],"inLanguage":"en-GB"},{"@type":"WebPage","@id":"https:\/\/www.revistarambla.com\/tal-vez-fue-la-mano-de-dios-la-que-detuvo-la-vuelta-ciclista\/","url":"https:\/\/www.revistarambla.com\/tal-vez-fue-la-mano-de-dios-la-que-detuvo-la-vuelta-ciclista\/","name":"Tal vez fue la mano de Dios la que detuvo la vuelta ciclista - Revista Rambla","isPartOf":{"@id":"https:\/\/www.revistarambla.com\/#website"},"primaryImageOfPage":{"@id":"https:\/\/www.revistarambla.com\/tal-vez-fue-la-mano-de-dios-la-que-detuvo-la-vuelta-ciclista\/#primaryimage"},"image":{"@id":"https:\/\/www.revistarambla.com\/tal-vez-fue-la-mano-de-dios-la-que-detuvo-la-vuelta-ciclista\/#primaryimage"},"thumbnailUrl":"https:\/\/www.revistarambla.com\/wp-content\/uploads\/2025\/09\/4e0140aa-75c5-483d-a69d-7d613d296c92.jpg","datePublished":"2025-09-17T10:36:58+00:00","dateModified":"2025-09-17T10:37:30+00:00","breadcrumb":{"@id":"https:\/\/www.revistarambla.com\/tal-vez-fue-la-mano-de-dios-la-que-detuvo-la-vuelta-ciclista\/#breadcrumb"},"inLanguage":"en-GB","potentialAction":[{"@type":"ReadAction","target":["https:\/\/www.revistarambla.com\/tal-vez-fue-la-mano-de-dios-la-que-detuvo-la-vuelta-ciclista\/"]}]},{"@type":"ImageObject","inLanguage":"en-GB","@id":"https:\/\/www.revistarambla.com\/tal-vez-fue-la-mano-de-dios-la-que-detuvo-la-vuelta-ciclista\/#primaryimage","url":"https:\/\/www.revistarambla.com\/wp-content\/uploads\/2025\/09\/4e0140aa-75c5-483d-a69d-7d613d296c92.jpg","contentUrl":"https:\/\/www.revistarambla.com\/wp-content\/uploads\/2025\/09\/4e0140aa-75c5-483d-a69d-7d613d296c92.jpg","width":960,"height":960,"caption":"Abraham"},{"@type":"BreadcrumbList","@id":"https:\/\/www.revistarambla.com\/tal-vez-fue-la-mano-de-dios-la-que-detuvo-la-vuelta-ciclista\/#breadcrumb","itemListElement":[{"@type":"ListItem","position":1,"name":"Portada","item":"https:\/\/www.revistarambla.com\/"},{"@type":"ListItem","position":2,"name":"Tal vez fue la mano de Dios la que detuvo la vuelta ciclista"}]},{"@type":"WebSite","@id":"https:\/\/www.revistarambla.com\/#website","url":"https:\/\/www.revistarambla.com\/","name":"Revista Rambla Barcelona","description":"Periodismo independiente","publisher":{"@id":"https:\/\/www.revistarambla.com\/#organization"},"potentialAction":[{"@type":"SearchAction","target":{"@type":"EntryPoint","urlTemplate":"https:\/\/www.revistarambla.com\/?s={search_term_string}"},"query-input":{"@type":"PropertyValueSpecification","valueRequired":true,"valueName":"search_term_string"}}],"inLanguage":"en-GB"},{"@type":"Organization","@id":"https:\/\/www.revistarambla.com\/#organization","name":"Revista Rambla","url":"https:\/\/www.revistarambla.com\/","logo":{"@type":"ImageObject","inLanguage":"en-GB","@id":"https:\/\/www.revistarambla.com\/#\/schema\/logo\/image\/","url":"https:\/\/www.revistarambla.com\/wp-content\/uploads\/2020\/09\/banner_rambla_1900x600_BB.png","contentUrl":"https:\/\/www.revistarambla.com\/wp-content\/uploads\/2020\/09\/banner_rambla_1900x600_BB.png","width":1900,"height":600,"caption":"Revista Rambla"},"image":{"@id":"https:\/\/www.revistarambla.com\/#\/schema\/logo\/image\/"},"sameAs":["https:\/\/www.facebook.com\/revistarambla\/","https:\/\/x.com\/revistarambla","https:\/\/www.instagram.com\/revista_rambla","https:\/\/es.linkedin.com\/company\/revista-rambla"]},{"@type":"Person","@id":"https:\/\/www.revistarambla.com\/#\/schema\/person\/94294f57cf4910853e3280fda7339bfc","name":"Jos\u00e9 Antonio Gamero Romero","description":"Escritor sevillano finalista del premio Azor\u00edn 2014. Ha publicado en diferentes revistas como Culturamas, E\u00f1e, Visor, etc. Sus libros son: 'La invenci\u00f3n de los gigantes' (Buc\u00e9falo 2016); 'Literatura tridimensional' (Adarve 2018); 'S\u00f3crates no vino a Espa\u00f1a' (Samarcanda 2018); 'La rep\u00fablica del fin del mundo' (Tandaia 2018) y 'La bodeguita de Hemingway'."}]}},"_links":{"self":[{"href":"https:\/\/www.revistarambla.com\/en\/wp-json\/wp\/v2\/posts\/66606","targetHints":{"allow":["GET"]}}],"collection":[{"href":"https:\/\/www.revistarambla.com\/en\/wp-json\/wp\/v2\/posts"}],"about":[{"href":"https:\/\/www.revistarambla.com\/en\/wp-json\/wp\/v2\/types\/post"}],"author":[{"embeddable":true,"href":"https:\/\/www.revistarambla.com\/en\/wp-json\/wp\/v2\/users\/294"}],"replies":[{"embeddable":true,"href":"https:\/\/www.revistarambla.com\/en\/wp-json\/wp\/v2\/comments?post=66606"}],"version-history":[{"count":2,"href":"https:\/\/www.revistarambla.com\/en\/wp-json\/wp\/v2\/posts\/66606\/revisions"}],"predecessor-version":[{"id":66609,"href":"https:\/\/www.revistarambla.com\/en\/wp-json\/wp\/v2\/posts\/66606\/revisions\/66609"}],"wp:featuredmedia":[{"embeddable":true,"href":"https:\/\/www.revistarambla.com\/en\/wp-json\/wp\/v2\/media\/66607"}],"wp:attachment":[{"href":"https:\/\/www.revistarambla.com\/en\/wp-json\/wp\/v2\/media?parent=66606"}],"wp:term":[{"taxonomy":"category","embeddable":true,"href":"https:\/\/www.revistarambla.com\/en\/wp-json\/wp\/v2\/categories?post=66606"},{"taxonomy":"post_tag","embeddable":true,"href":"https:\/\/www.revistarambla.com\/en\/wp-json\/wp\/v2\/tags?post=66606"}],"curies":[{"name":"wp","href":"https:\/\/api.w.org\/{rel}","templated":true}]}}