{"id":66592,"date":"2025-09-16T20:00:43","date_gmt":"2025-09-16T18:00:43","guid":{"rendered":"https:\/\/www.revistarambla.com\/?p=66592"},"modified":"2025-09-16T20:00:43","modified_gmt":"2025-09-16T18:00:43","slug":"precio-de-la-limpieza-de-garajes-comunitarios-en-barcelona-factores-clave-para-administradores-y-presidentes","status":"publish","type":"post","link":"https:\/\/www.revistarambla.com\/en\/precio-de-la-limpieza-de-garajes-comunitarios-en-barcelona-factores-clave-para-administradores-y-presidentes\/","title":{"rendered":"Precio de la Limpieza de Garajes Comunitarios en Barcelona: Factores Clave para Administradores y Presidentes"},"content":{"rendered":"<p>La <a href=\"https:\/\/servimoslimpiezas.com\/limpieza-garajes-parkings-comunitarios-barcelona\/\">limpieza de parkings en Barcelona<\/a> es una de las tareas m\u00e1s subestimadas dentro del mantenimiento de fincas residenciales o comunidades de vecinos. Sin embargo, es tambi\u00e9n una de las m\u00e1s cr\u00edticas para la higiene, seguridad y durabilidad de las instalaciones comunes. En una ciudad como Barcelona, donde el uso intensivo de los parkings subterr\u00e1neos convive con normativas urbanas exigentes y condiciones de humedad elevadas, <b>determinar el precio justo y eficiente de la limpieza del garaje comunitario requiere algo m\u00e1s que una cifra estimada.<\/b><\/p>\n<h2><b>La pregunta clave no es \u201c\u00bfcu\u00e1nto cuesta?\u201d, sino \u201c\u00bfqu\u00e9 incluye el precio?\u201d<\/b><\/h2>\n<p>Administradores de fincas y presidentes de comunidad deben comprender que <b>el precio de la limpieza de garajes comunitarios no es un valor plano<\/b>, sino una suma de factores t\u00e9cnicos, log\u00edsticos y operativos.<\/p>\n<p>En l\u00edneas generales, los presupuestos m\u00e1s comunes en Barcelona para limpiezas peri\u00f3dicas de garajes oscilan entre <b>100 \u20ac y 250 \u20ac por intervenci\u00f3n<\/b>, aunque los extremos pueden ir desde 80 \u20ac (en garajes peque\u00f1os con limpieza b\u00e1sica) hasta m\u00e1s de 400 \u20ac en casos con necesidades especiales. Ahora bien, <b>esa variaci\u00f3n no responde solo al tama\u00f1o del parking<\/b>. Existen otros aspectos que influyen directamente en el coste final:<\/p>\n<h3><b>1. Superficie total y distribuci\u00f3n del garaje<\/b><\/h3>\n<p>Un parking comunitario de una sola planta y acceso directo no requiere el mismo esfuerzo que uno con <b>rampas estrechas, columnas mal posicionadas o plantas con trasteros anexos<\/b>. Cada obst\u00e1culo suma minutos, maquinaria y complejidad.<\/p>\n<p>Empresas profesionales como Servimos Limpiezas \u00a0especializadas en <a href=\"https:\/\/servimoslimpiezas.com\/\">limpieza de comunidades en Barcelona<\/a> y parkings comunitarios coinciden en que <b>una correcta evaluaci\u00f3n in situ es clave para ajustar el presupuesto a la realidad de cada finca.<\/b><\/p>\n<h3><b>2. Frecuencia del servicio: puntual vs. peri\u00f3dico<\/b><\/h3>\n<p>Una comunidad que solicita una limpieza puntual despu\u00e9s de meses de acumulaci\u00f3n de polvo, residuos de aceite, hojas y marcas de rodadura requerir\u00e1 una intervenci\u00f3n m\u00e1s intensiva: desengrasado, barrido con maquinaria y, en algunos casos, limpieza de sumideros.<\/p>\n<p>En cambio, un contrato peri\u00f3dico mensual o bimensual permite mantener el garaje en estado constante y reduce el coste por sesi\u00f3n. Algunas comunidades optan por planificaciones flexibles, ajustando la frecuencia seg\u00fan la estaci\u00f3n del a\u00f1o (oto\u00f1o e invierno requieren m\u00e1s atenci\u00f3n por humedad y ca\u00edda de hojas).<\/p>\n<h3><b>3. Nivel de suciedad y tipo de residuos<\/b><\/h3>\n<p>En garajes con <b>alta rotaci\u00f3n de veh\u00edculos<\/b>, donde hay vertidos de l\u00edquidos (aceites, combustible, l\u00edquidos de freno), la limpieza requiere productos desengrasantes profesionales y maquinaria tipo fregadora industrial.<\/p>\n<p>Tambi\u00e9n hay que considerar si el parking acumula <b>basura arrastrada por el viento, envases, hojas o restos de poda<\/b>, algo com\u00fan en comunidades con zonas ajardinadas o en barrios cercanos a parques. Estos residuos <b>no se eliminan con una limpieza superficial<\/b> y pueden generar malos olores o atraer plagas.<\/p>\n<h3><b>4. Equipamiento t\u00e9cnico necesario<\/b><\/h3>\n<p>No todas las limpiezas de parkings son iguales. Algunas requieren \u00fanicamente barrido y fregado con m\u00e1quina, pero otras necesitan:<\/p>\n<ul>\n<li aria-level=\"1\">Aspiradoras industriales con filtros HEPA<\/li>\n<li aria-level=\"1\">Desengrasantes ecol\u00f3gicos para pavimentos porosos<\/li>\n<li aria-level=\"1\">Mangueras a presi\u00f3n o sistemas con agua caliente<\/li>\n<li aria-level=\"1\">Fregadoras con cepillo de arrastre o succi\u00f3n<\/li>\n<li aria-level=\"1\">Equipos para limpieza de sumideros o fosas<\/li>\n<\/ul>\n<p>El uso de maquinaria implica transporte, montaje, limpieza posterior y personal especializado. Todo esto se refleja, l\u00f3gicamente, en el precio.<\/p>\n<p>En otros casos, especialmente en zonas de dif\u00edcil acceso o con elementos delicados (como rodapi\u00e9s, registros o esquinas con poca ventilaci\u00f3n), <b>la limpieza manual sigue siendo imprescindible<\/b>. Empresas expertas como Servimos Limpiezas, con amplia experiencia en comunidades y parkings en Barcelona, destacan precisamente por su <b>atenci\u00f3n al detalle y su capacidad de combinar m\u00e9todos mec\u00e1nicos con trabajo manual minucioso cuando el entorno lo requiere<\/b>.<\/p>\n<h3><b>5. Accesibilidad y disponibilidad horaria<\/b><\/h3>\n<p>Muchos parkings comunitarios solo pueden limpiarse en <b>horarios restringidos<\/b>, como fines de semana, primeras horas del d\u00eda o franjas pactadas donde los vecinos retiran los veh\u00edculos. Esta disponibilidad condicionada puede elevar el coste del servicio si requiere <b>turnos especiales o intervenci\u00f3n r\u00e1pida<\/b>.<\/p>\n<p>Adem\u00e1s, hay que tener en cuenta si el acceso al garaje es sencillo (v\u00eda rampa ancha, acceso lateral) o si hay que sortear puertas con llaves, badenes o tramos inclinados que <b>restringen el movimiento de maquinaria pesada<\/b>.<\/p>\n<h2><b>El precio importa, pero la transparencia y la calidad marcan la diferencia<\/b><\/h2>\n<p>Para una comunidad de vecinos en Barcelona, el coste de la limpieza del garaje no deber\u00eda reducirse a una cifra aislada, sino entenderse como una inversi\u00f3n peri\u00f3dica que impacta directamente en la seguridad, la higiene y la convivencia. Apostar por servicios econ\u00f3micos sin especificaciones claras, sin metodolog\u00eda contrastada ni personal especializado puede acabar generando m\u00e1s problemas que soluciones.<\/p>\n<p>Por el contrario, trabajar con empresas como Servimos Limpiezas, que aportan experiencia espec\u00edfica en comunidades y parkings comunitarios, garantiza una intervenci\u00f3n planificada, profesional y adaptada a cada espacio. Su enfoque combina la precisi\u00f3n t\u00e9cnica con una atenci\u00f3n minuciosa, incluyendo limpieza manual cuando es necesario y una comunicaci\u00f3n transparente en cada fase del proceso.<\/p>\n<p>El verdadero valor no est\u00e1 solo en el presupuesto, sino en saber exactamente qu\u00e9 se est\u00e1 contratando, c\u00f3mo se ejecutar\u00e1 el servicio y qu\u00e9 resultados puede esperar la comunidad.<\/p>","protected":false},"excerpt":{"rendered":"<p>La limpieza de parkings en Barcelona es una de las tareas m\u00e1s subestimadas dentro del mantenimiento de fincas residenciales o comunidades de vecinos. Sin embargo, es tambi\u00e9n una de las m\u00e1s cr\u00edticas para la higiene, seguridad y durabilidad de las instalaciones comunes. En una ciudad como Barcelona, donde el uso [&hellip;]<\/p>\n","protected":false},"author":3,"featured_media":66593,"comment_status":"closed","ping_status":"closed","sticky":false,"template":"","format":"standard","meta":{"footnotes":""},"categories":[3790],"tags":[],"class_list":["post-66592","post","type-post","status-publish","format-standard","has-post-thumbnail","hentry","category-otras-noticias"],"yoast_head":"<!-- This site is optimized with the Yoast SEO plugin v27.5 - https:\/\/yoast.com\/product\/yoast-seo-wordpress\/ -->\n<title>Precio de la Limpieza de Garajes Comunitarios en Barcelona: Factores Clave para Administradores y Presidentes - Revista Rambla<\/title>\n<meta name=\"robots\" content=\"index, follow, max-snippet:-1, max-image-preview:large, max-video-preview:-1\" \/>\n<link rel=\"canonical\" href=\"https:\/\/www.revistarambla.com\/en\/precio-de-la-limpieza-de-garajes-comunitarios-en-barcelona-factores-clave-para-administradores-y-presidentes\/\" \/>\n<meta property=\"og:locale\" content=\"en_GB\" \/>\n<meta property=\"og:type\" content=\"article\" \/>\n<meta property=\"og:title\" content=\"Precio de la Limpieza de Garajes Comunitarios en Barcelona: Factores Clave para Administradores y Presidentes - Revista Rambla\" \/>\n<meta property=\"og:description\" content=\"La limpieza de parkings en Barcelona es una de las tareas m\u00e1s subestimadas dentro del mantenimiento de fincas residenciales o comunidades de vecinos. Sin embargo, es tambi\u00e9n una de las m\u00e1s cr\u00edticas para la higiene, seguridad y durabilidad de las instalaciones comunes. En una ciudad como Barcelona, donde el uso [&hellip;]\" \/>\n<meta property=\"og:url\" content=\"https:\/\/www.revistarambla.com\/en\/precio-de-la-limpieza-de-garajes-comunitarios-en-barcelona-factores-clave-para-administradores-y-presidentes\/\" \/>\n<meta property=\"og:site_name\" content=\"Revista Rambla\" \/>\n<meta property=\"article:publisher\" content=\"https:\/\/www.facebook.com\/revistarambla\/\" \/>\n<meta property=\"article:author\" content=\"https:\/\/www.facebook.com\/revistarambla\" \/>\n<meta property=\"article:published_time\" content=\"2025-09-16T18:00:43+00:00\" \/>\n<meta property=\"og:image\" content=\"https:\/\/www.revistarambla.com\/wp-content\/uploads\/2025\/09\/phpCFMlLH68c7ed756b5a61.jpg\" \/>\n\t<meta property=\"og:image:width\" content=\"1920\" \/>\n\t<meta property=\"og:image:height\" content=\"1280\" \/>\n\t<meta property=\"og:image:type\" content=\"image\/jpeg\" \/>\n<meta name=\"author\" content=\"R@mbla\" \/>\n<meta name=\"twitter:card\" content=\"summary_large_image\" \/>\n<meta name=\"twitter:creator\" content=\"@revistarambla\" \/>\n<meta name=\"twitter:site\" content=\"@revistarambla\" \/>\n<meta name=\"twitter:label1\" content=\"Written by\" \/>\n\t<meta name=\"twitter:data1\" content=\"R@mbla\" \/>\n\t<meta name=\"twitter:label2\" content=\"Estimated reading time\" \/>\n\t<meta name=\"twitter:data2\" content=\"4 minutes\" \/>\n<script type=\"application\/ld+json\" class=\"yoast-schema-graph\">{\"@context\":\"https:\\\/\\\/schema.org\",\"@graph\":[{\"@type\":\"Article\",\"@id\":\"https:\\\/\\\/www.revistarambla.com\\\/precio-de-la-limpieza-de-garajes-comunitarios-en-barcelona-factores-clave-para-administradores-y-presidentes\\\/#article\",\"isPartOf\":{\"@id\":\"https:\\\/\\\/www.revistarambla.com\\\/precio-de-la-limpieza-de-garajes-comunitarios-en-barcelona-factores-clave-para-administradores-y-presidentes\\\/\"},\"author\":{\"name\":\"R@mbla\",\"@id\":\"https:\\\/\\\/www.revistarambla.com\\\/#\\\/schema\\\/person\\\/a146a5a2550b94981a75131180e1bd9c\"},\"headline\":\"Precio de la Limpieza de Garajes Comunitarios en Barcelona: Factores Clave para Administradores y Presidentes\",\"datePublished\":\"2025-09-16T18:00:43+00:00\",\"mainEntityOfPage\":{\"@id\":\"https:\\\/\\\/www.revistarambla.com\\\/precio-de-la-limpieza-de-garajes-comunitarios-en-barcelona-factores-clave-para-administradores-y-presidentes\\\/\"},\"wordCount\":899,\"publisher\":{\"@id\":\"https:\\\/\\\/www.revistarambla.com\\\/#organization\"},\"image\":{\"@id\":\"https:\\\/\\\/www.revistarambla.com\\\/precio-de-la-limpieza-de-garajes-comunitarios-en-barcelona-factores-clave-para-administradores-y-presidentes\\\/#primaryimage\"},\"thumbnailUrl\":\"https:\\\/\\\/www.revistarambla.com\\\/wp-content\\\/uploads\\\/2025\\\/09\\\/phpCFMlLH68c7ed756b5a61.jpg\",\"articleSection\":[\"Otras Noticias\"],\"inLanguage\":\"en-GB\"},{\"@type\":\"WebPage\",\"@id\":\"https:\\\/\\\/www.revistarambla.com\\\/precio-de-la-limpieza-de-garajes-comunitarios-en-barcelona-factores-clave-para-administradores-y-presidentes\\\/\",\"url\":\"https:\\\/\\\/www.revistarambla.com\\\/precio-de-la-limpieza-de-garajes-comunitarios-en-barcelona-factores-clave-para-administradores-y-presidentes\\\/\",\"name\":\"Precio de la Limpieza de Garajes Comunitarios en Barcelona: Factores Clave para Administradores y Presidentes - Revista Rambla\",\"isPartOf\":{\"@id\":\"https:\\\/\\\/www.revistarambla.com\\\/#website\"},\"primaryImageOfPage\":{\"@id\":\"https:\\\/\\\/www.revistarambla.com\\\/precio-de-la-limpieza-de-garajes-comunitarios-en-barcelona-factores-clave-para-administradores-y-presidentes\\\/#primaryimage\"},\"image\":{\"@id\":\"https:\\\/\\\/www.revistarambla.com\\\/precio-de-la-limpieza-de-garajes-comunitarios-en-barcelona-factores-clave-para-administradores-y-presidentes\\\/#primaryimage\"},\"thumbnailUrl\":\"https:\\\/\\\/www.revistarambla.com\\\/wp-content\\\/uploads\\\/2025\\\/09\\\/phpCFMlLH68c7ed756b5a61.jpg\",\"datePublished\":\"2025-09-16T18:00:43+00:00\",\"breadcrumb\":{\"@id\":\"https:\\\/\\\/www.revistarambla.com\\\/precio-de-la-limpieza-de-garajes-comunitarios-en-barcelona-factores-clave-para-administradores-y-presidentes\\\/#breadcrumb\"},\"inLanguage\":\"en-GB\",\"potentialAction\":[{\"@type\":\"ReadAction\",\"target\":[\"https:\\\/\\\/www.revistarambla.com\\\/precio-de-la-limpieza-de-garajes-comunitarios-en-barcelona-factores-clave-para-administradores-y-presidentes\\\/\"]}]},{\"@type\":\"ImageObject\",\"inLanguage\":\"en-GB\",\"@id\":\"https:\\\/\\\/www.revistarambla.com\\\/precio-de-la-limpieza-de-garajes-comunitarios-en-barcelona-factores-clave-para-administradores-y-presidentes\\\/#primaryimage\",\"url\":\"https:\\\/\\\/www.revistarambla.com\\\/wp-content\\\/uploads\\\/2025\\\/09\\\/phpCFMlLH68c7ed756b5a61.jpg\",\"contentUrl\":\"https:\\\/\\\/www.revistarambla.com\\\/wp-content\\\/uploads\\\/2025\\\/09\\\/phpCFMlLH68c7ed756b5a61.jpg\",\"width\":1920,\"height\":1280,\"caption\":\"Limpieza de Garajes\"},{\"@type\":\"BreadcrumbList\",\"@id\":\"https:\\\/\\\/www.revistarambla.com\\\/precio-de-la-limpieza-de-garajes-comunitarios-en-barcelona-factores-clave-para-administradores-y-presidentes\\\/#breadcrumb\",\"itemListElement\":[{\"@type\":\"ListItem\",\"position\":1,\"name\":\"Portada\",\"item\":\"https:\\\/\\\/www.revistarambla.com\\\/\"},{\"@type\":\"ListItem\",\"position\":2,\"name\":\"Precio de la Limpieza de Garajes Comunitarios en Barcelona: Factores Clave para Administradores y Presidentes\"}]},{\"@type\":\"WebSite\",\"@id\":\"https:\\\/\\\/www.revistarambla.com\\\/#website\",\"url\":\"https:\\\/\\\/www.revistarambla.com\\\/\",\"name\":\"Revista Rambla Barcelona\",\"description\":\"Periodismo independiente\",\"publisher\":{\"@id\":\"https:\\\/\\\/www.revistarambla.com\\\/#organization\"},\"potentialAction\":[{\"@type\":\"SearchAction\",\"target\":{\"@type\":\"EntryPoint\",\"urlTemplate\":\"https:\\\/\\\/www.revistarambla.com\\\/?s={search_term_string}\"},\"query-input\":{\"@type\":\"PropertyValueSpecification\",\"valueRequired\":true,\"valueName\":\"search_term_string\"}}],\"inLanguage\":\"en-GB\"},{\"@type\":\"Organization\",\"@id\":\"https:\\\/\\\/www.revistarambla.com\\\/#organization\",\"name\":\"Revista Rambla\",\"url\":\"https:\\\/\\\/www.revistarambla.com\\\/\",\"logo\":{\"@type\":\"ImageObject\",\"inLanguage\":\"en-GB\",\"@id\":\"https:\\\/\\\/www.revistarambla.com\\\/#\\\/schema\\\/logo\\\/image\\\/\",\"url\":\"https:\\\/\\\/www.revistarambla.com\\\/wp-content\\\/uploads\\\/2020\\\/09\\\/banner_rambla_1900x600_BB.png\",\"contentUrl\":\"https:\\\/\\\/www.revistarambla.com\\\/wp-content\\\/uploads\\\/2020\\\/09\\\/banner_rambla_1900x600_BB.png\",\"width\":1900,\"height\":600,\"caption\":\"Revista Rambla\"},\"image\":{\"@id\":\"https:\\\/\\\/www.revistarambla.com\\\/#\\\/schema\\\/logo\\\/image\\\/\"},\"sameAs\":[\"https:\\\/\\\/www.facebook.com\\\/revistarambla\\\/\",\"https:\\\/\\\/x.com\\\/revistarambla\",\"https:\\\/\\\/www.instagram.com\\\/revista_rambla\",\"https:\\\/\\\/es.linkedin.com\\\/company\\\/revista-rambla\"]},{\"@type\":\"Person\",\"@id\":\"https:\\\/\\\/www.revistarambla.com\\\/#\\\/schema\\\/person\\\/a146a5a2550b94981a75131180e1bd9c\",\"name\":\"R@mbla\",\"description\":\"Este art\u00edculo ha sido redactado y\\\/o validado por el equipo de redacci\u00f3n de Revista Rambla.\",\"sameAs\":[\"https:\\\/\\\/www.revistarambla.com\\\/\",\"https:\\\/\\\/www.facebook.com\\\/revistarambla\",\"https:\\\/\\\/x.com\\\/revistarambla\"]}]}<\/script>\n<!-- \/ Yoast SEO plugin. -->","yoast_head_json":{"title":"Precio de la Limpieza de Garajes Comunitarios en Barcelona: Factores Clave para Administradores y Presidentes - Revista Rambla","robots":{"index":"index","follow":"follow","max-snippet":"max-snippet:-1","max-image-preview":"max-image-preview:large","max-video-preview":"max-video-preview:-1"},"canonical":"https:\/\/www.revistarambla.com\/en\/precio-de-la-limpieza-de-garajes-comunitarios-en-barcelona-factores-clave-para-administradores-y-presidentes\/","og_locale":"en_GB","og_type":"article","og_title":"Precio de la Limpieza de Garajes Comunitarios en Barcelona: Factores Clave para Administradores y Presidentes - Revista Rambla","og_description":"La limpieza de parkings en Barcelona es una de las tareas m\u00e1s subestimadas dentro del mantenimiento de fincas residenciales o comunidades de vecinos. Sin embargo, es tambi\u00e9n una de las m\u00e1s cr\u00edticas para la higiene, seguridad y durabilidad de las instalaciones comunes. En una ciudad como Barcelona, donde el uso [&hellip;]","og_url":"https:\/\/www.revistarambla.com\/en\/precio-de-la-limpieza-de-garajes-comunitarios-en-barcelona-factores-clave-para-administradores-y-presidentes\/","og_site_name":"Revista Rambla","article_publisher":"https:\/\/www.facebook.com\/revistarambla\/","article_author":"https:\/\/www.facebook.com\/revistarambla","article_published_time":"2025-09-16T18:00:43+00:00","og_image":[{"width":1920,"height":1280,"url":"https:\/\/www.revistarambla.com\/wp-content\/uploads\/2025\/09\/phpCFMlLH68c7ed756b5a61.jpg","type":"image\/jpeg"}],"author":"R@mbla","twitter_card":"summary_large_image","twitter_creator":"@revistarambla","twitter_site":"@revistarambla","twitter_misc":{"Written by":"R@mbla","Estimated reading time":"4 minutes"},"schema":{"@context":"https:\/\/schema.org","@graph":[{"@type":"Article","@id":"https:\/\/www.revistarambla.com\/precio-de-la-limpieza-de-garajes-comunitarios-en-barcelona-factores-clave-para-administradores-y-presidentes\/#article","isPartOf":{"@id":"https:\/\/www.revistarambla.com\/precio-de-la-limpieza-de-garajes-comunitarios-en-barcelona-factores-clave-para-administradores-y-presidentes\/"},"author":{"name":"R@mbla","@id":"https:\/\/www.revistarambla.com\/#\/schema\/person\/a146a5a2550b94981a75131180e1bd9c"},"headline":"Precio de la Limpieza de Garajes Comunitarios en Barcelona: Factores Clave para Administradores y Presidentes","datePublished":"2025-09-16T18:00:43+00:00","mainEntityOfPage":{"@id":"https:\/\/www.revistarambla.com\/precio-de-la-limpieza-de-garajes-comunitarios-en-barcelona-factores-clave-para-administradores-y-presidentes\/"},"wordCount":899,"publisher":{"@id":"https:\/\/www.revistarambla.com\/#organization"},"image":{"@id":"https:\/\/www.revistarambla.com\/precio-de-la-limpieza-de-garajes-comunitarios-en-barcelona-factores-clave-para-administradores-y-presidentes\/#primaryimage"},"thumbnailUrl":"https:\/\/www.revistarambla.com\/wp-content\/uploads\/2025\/09\/phpCFMlLH68c7ed756b5a61.jpg","articleSection":["Otras Noticias"],"inLanguage":"en-GB"},{"@type":"WebPage","@id":"https:\/\/www.revistarambla.com\/precio-de-la-limpieza-de-garajes-comunitarios-en-barcelona-factores-clave-para-administradores-y-presidentes\/","url":"https:\/\/www.revistarambla.com\/precio-de-la-limpieza-de-garajes-comunitarios-en-barcelona-factores-clave-para-administradores-y-presidentes\/","name":"Precio de la Limpieza de Garajes Comunitarios en Barcelona: Factores Clave para Administradores y Presidentes - Revista Rambla","isPartOf":{"@id":"https:\/\/www.revistarambla.com\/#website"},"primaryImageOfPage":{"@id":"https:\/\/www.revistarambla.com\/precio-de-la-limpieza-de-garajes-comunitarios-en-barcelona-factores-clave-para-administradores-y-presidentes\/#primaryimage"},"image":{"@id":"https:\/\/www.revistarambla.com\/precio-de-la-limpieza-de-garajes-comunitarios-en-barcelona-factores-clave-para-administradores-y-presidentes\/#primaryimage"},"thumbnailUrl":"https:\/\/www.revistarambla.com\/wp-content\/uploads\/2025\/09\/phpCFMlLH68c7ed756b5a61.jpg","datePublished":"2025-09-16T18:00:43+00:00","breadcrumb":{"@id":"https:\/\/www.revistarambla.com\/precio-de-la-limpieza-de-garajes-comunitarios-en-barcelona-factores-clave-para-administradores-y-presidentes\/#breadcrumb"},"inLanguage":"en-GB","potentialAction":[{"@type":"ReadAction","target":["https:\/\/www.revistarambla.com\/precio-de-la-limpieza-de-garajes-comunitarios-en-barcelona-factores-clave-para-administradores-y-presidentes\/"]}]},{"@type":"ImageObject","inLanguage":"en-GB","@id":"https:\/\/www.revistarambla.com\/precio-de-la-limpieza-de-garajes-comunitarios-en-barcelona-factores-clave-para-administradores-y-presidentes\/#primaryimage","url":"https:\/\/www.revistarambla.com\/wp-content\/uploads\/2025\/09\/phpCFMlLH68c7ed756b5a61.jpg","contentUrl":"https:\/\/www.revistarambla.com\/wp-content\/uploads\/2025\/09\/phpCFMlLH68c7ed756b5a61.jpg","width":1920,"height":1280,"caption":"Limpieza de Garajes"},{"@type":"BreadcrumbList","@id":"https:\/\/www.revistarambla.com\/precio-de-la-limpieza-de-garajes-comunitarios-en-barcelona-factores-clave-para-administradores-y-presidentes\/#breadcrumb","itemListElement":[{"@type":"ListItem","position":1,"name":"Portada","item":"https:\/\/www.revistarambla.com\/"},{"@type":"ListItem","position":2,"name":"Precio de la Limpieza de Garajes Comunitarios en Barcelona: Factores Clave para Administradores y Presidentes"}]},{"@type":"WebSite","@id":"https:\/\/www.revistarambla.com\/#website","url":"https:\/\/www.revistarambla.com\/","name":"Revista Rambla Barcelona","description":"Periodismo independiente","publisher":{"@id":"https:\/\/www.revistarambla.com\/#organization"},"potentialAction":[{"@type":"SearchAction","target":{"@type":"EntryPoint","urlTemplate":"https:\/\/www.revistarambla.com\/?s={search_term_string}"},"query-input":{"@type":"PropertyValueSpecification","valueRequired":true,"valueName":"search_term_string"}}],"inLanguage":"en-GB"},{"@type":"Organization","@id":"https:\/\/www.revistarambla.com\/#organization","name":"Revista Rambla","url":"https:\/\/www.revistarambla.com\/","logo":{"@type":"ImageObject","inLanguage":"en-GB","@id":"https:\/\/www.revistarambla.com\/#\/schema\/logo\/image\/","url":"https:\/\/www.revistarambla.com\/wp-content\/uploads\/2020\/09\/banner_rambla_1900x600_BB.png","contentUrl":"https:\/\/www.revistarambla.com\/wp-content\/uploads\/2020\/09\/banner_rambla_1900x600_BB.png","width":1900,"height":600,"caption":"Revista Rambla"},"image":{"@id":"https:\/\/www.revistarambla.com\/#\/schema\/logo\/image\/"},"sameAs":["https:\/\/www.facebook.com\/revistarambla\/","https:\/\/x.com\/revistarambla","https:\/\/www.instagram.com\/revista_rambla","https:\/\/es.linkedin.com\/company\/revista-rambla"]},{"@type":"Person","@id":"https:\/\/www.revistarambla.com\/#\/schema\/person\/a146a5a2550b94981a75131180e1bd9c","name":"R@mbla","description":"Este art\u00edculo ha sido redactado y\/o validado por el equipo de redacci\u00f3n de Revista Rambla.","sameAs":["https:\/\/www.revistarambla.com\/","https:\/\/www.facebook.com\/revistarambla","https:\/\/x.com\/revistarambla"]}]}},"_links":{"self":[{"href":"https:\/\/www.revistarambla.com\/en\/wp-json\/wp\/v2\/posts\/66592","targetHints":{"allow":["GET"]}}],"collection":[{"href":"https:\/\/www.revistarambla.com\/en\/wp-json\/wp\/v2\/posts"}],"about":[{"href":"https:\/\/www.revistarambla.com\/en\/wp-json\/wp\/v2\/types\/post"}],"author":[{"embeddable":true,"href":"https:\/\/www.revistarambla.com\/en\/wp-json\/wp\/v2\/users\/3"}],"replies":[{"embeddable":true,"href":"https:\/\/www.revistarambla.com\/en\/wp-json\/wp\/v2\/comments?post=66592"}],"version-history":[{"count":1,"href":"https:\/\/www.revistarambla.com\/en\/wp-json\/wp\/v2\/posts\/66592\/revisions"}],"predecessor-version":[{"id":66594,"href":"https:\/\/www.revistarambla.com\/en\/wp-json\/wp\/v2\/posts\/66592\/revisions\/66594"}],"wp:featuredmedia":[{"embeddable":true,"href":"https:\/\/www.revistarambla.com\/en\/wp-json\/wp\/v2\/media\/66593"}],"wp:attachment":[{"href":"https:\/\/www.revistarambla.com\/en\/wp-json\/wp\/v2\/media?parent=66592"}],"wp:term":[{"taxonomy":"category","embeddable":true,"href":"https:\/\/www.revistarambla.com\/en\/wp-json\/wp\/v2\/categories?post=66592"},{"taxonomy":"post_tag","embeddable":true,"href":"https:\/\/www.revistarambla.com\/en\/wp-json\/wp\/v2\/tags?post=66592"}],"curies":[{"name":"wp","href":"https:\/\/api.w.org\/{rel}","templated":true}]}}