{"id":66589,"date":"2025-09-16T19:58:25","date_gmt":"2025-09-16T17:58:25","guid":{"rendered":"https:\/\/www.revistarambla.com\/?p=66589"},"modified":"2025-09-16T19:58:25","modified_gmt":"2025-09-16T17:58:25","slug":"comunicacion-visual-y-digital-en-valencia-asi-trabaja-demilo-studio","status":"publish","type":"post","link":"https:\/\/www.revistarambla.com\/en\/comunicacion-visual-y-digital-en-valencia-asi-trabaja-demilo-studio\/","title":{"rendered":"Comunicaci\u00f3n visual y digital en Valencia: as\u00ed trabaja Demilo Studio"},"content":{"rendered":"<p>La ciudad de Valencia est\u00e1 viendo c\u00f3mo surgen nuevas propuestas creativas en comunicaci\u00f3n y marketing digital, y una de las agencias que ha logrado destacarse en este panorama es <a href=\"https:\/\/demilostudio.com\" target=\"_blank\" rel=\"nofollow noopener\">Demilo Studio<\/a>. Con un enfoque centrado en la creatividad, la estrategia y la ejecuci\u00f3n profesional, la firma valenciana ofrece servicios integrales de videograf\u00eda, fotograf\u00eda y gesti\u00f3n de redes sociales, adaptados tanto a empresas como a administraciones p\u00fablicas.<\/p>\n<h2><b>Comunicaci\u00f3n visual con identidad<\/b><\/h2>\n<p>En un mercado donde diferenciarse es fundamental, Demilo Studio ha logrado consolidar un estilo propio. Su equipo combina experiencia y juventud para ofrecer soluciones que no solo sean est\u00e9ticamente atractivas, sino que tambi\u00e9n transmitan la esencia de cada proyecto. La agencia trabaja de manera personalizada, con un enfoque que prioriza la identidad visual de sus clientes y la efectividad de la comunicaci\u00f3n.<\/p>\n<h2><b>Videograf\u00eda y fotograf\u00eda profesional<\/b><\/h2>\n<p>Uno de los puntos fuertes de Demilo Studio es su capacidad para generar contenido audiovisual de alta calidad. La agencia ha participado en cortometrajes, campa\u00f1as institucionales y spots promocionales, siempre con el objetivo de reforzar la identidad de marcas y entidades locales.<\/p>\n<p>En paralelo, la fotograf\u00eda profesional en Valencia constituye otra de sus especialidades. Desde im\u00e1genes corporativas y de producto hasta cobertura de eventos, Demilo Studio garantiza que cada proyecto cuente con un lenguaje visual coherente y atractivo, capaz de transmitir de manera clara la personalidad de cada cliente.<\/p>\n<h2><b>Estrategia digital y gesti\u00f3n de redes sociales<\/b><\/h2>\n<p>Adem\u00e1s de la producci\u00f3n audiovisual, Demilo Studio ofrece servicios de gesti\u00f3n de redes sociales en Valencia. En un entorno donde la presencia digital es clave, la agencia desarrolla planes estrat\u00e9gicos que incluyen planificaci\u00f3n de contenidos, dise\u00f1o gr\u00e1fico, creaci\u00f3n de v\u00eddeos y an\u00e1lisis de resultados. Este enfoque permite a las empresas no solo aumentar su visibilidad, sino tambi\u00e9n construir una comunidad s\u00f3lida y fidelizar a sus clientes.<\/p>\n<h2><b>Proyectos para ayuntamientos y entidades p\u00fablicas<\/b><\/h2>\n<p>Demilo Studio no solo trabaja con empresas privadas, sino que tambi\u00e9n ha desarrollado proyectos para ayuntamientos y entidades p\u00fablicas. Su experiencia en comunicaci\u00f3n institucional, combinada con un estilo moderno y cercano, permite que las administraciones acerquen sus iniciativas a la ciudadan\u00eda de manera clara y atractiva. Esta especializaci\u00f3n ha hecho que la agencia se convierta en una referencia para entidades que buscan una comunicaci\u00f3n m\u00e1s actual y accesible.<\/p>\n<h2><b>Valencia como punto de partida para la expansi\u00f3n<\/b><\/h2>\n<p>Aunque su trabajo tiene proyecci\u00f3n nacional, Demilo Studio mantiene un fuerte v\u00ednculo con Valencia, ciudad que ha sido clave en su desarrollo creativo. Esta conexi\u00f3n con el entorno local permite a la agencia entender las necesidades del tejido empresarial y cultural de la regi\u00f3n, y ofrecer soluciones que combinan cercan\u00eda y profesionalidad.<\/p>\n<p>Los interesados en conocer m\u00e1s sobre los servicios de la agencia pueden visitar su p\u00e1gina oficial: Demilo Studio, agencia de comunicaci\u00f3n en Valencia, donde se detallan todas sus capacidades en videograf\u00eda, fotograf\u00eda y marketing digital.<\/p>\n<h2><b>Una agencia con visi\u00f3n de futuro<\/b><\/h2>\n<p>El equipo de Demilo Studio tiene claro que su diferenciaci\u00f3n no solo est\u00e1 en la ejecuci\u00f3n t\u00e9cnica, sino en la capacidad de transformar ideas en proyectos con prop\u00f3sito. Gracias a esta visi\u00f3n, la agencia se posiciona como un aliado estrat\u00e9gico para empresas e instituciones que buscan comunicar de manera efectiva, profesional y creativa.<\/p>\n<p>Con experiencia consolidada en videograf\u00eda, fotograf\u00eda profesional y gesti\u00f3n de redes sociales, Demilo Studio reafirma su objetivo de ayudar a las marcas a crecer con identidad propia y a establecer conexiones duraderas con su p\u00fablico, consolid\u00e1ndose como una de las agencias m\u00e1s innovadoras de Valencia.<\/p>\n<p>Web: https:\/\/www.demilostudio.com<\/p>\n<p>Portfolio: https:\/\/demilostudio.com\/portfolio\/<\/p>\n<p>Servicios: https:\/\/demilostudio.com\/servicios\/<\/p>\n<p>Contacto: https:\/\/demilostudio.com\/contacto\/<\/p>","protected":false},"excerpt":{"rendered":"<p>La ciudad de Valencia est\u00e1 viendo c\u00f3mo surgen nuevas propuestas creativas en comunicaci\u00f3n y marketing digital, y una de las agencias que ha logrado destacarse en este panorama es Demilo Studio. Con un enfoque centrado en la creatividad, la estrategia y la ejecuci\u00f3n profesional, la firma valenciana ofrece servicios integrales [&hellip;]<\/p>\n","protected":false},"author":3,"featured_media":66590,"comment_status":"closed","ping_status":"closed","sticky":false,"template":"","format":"standard","meta":{"footnotes":""},"categories":[3790],"tags":[],"class_list":["post-66589","post","type-post","status-publish","format-standard","has-post-thumbnail","hentry","category-otras-noticias"],"yoast_head":"<!-- This site is optimized with the Yoast SEO plugin v27.5 - https:\/\/yoast.com\/product\/yoast-seo-wordpress\/ -->\n<title>Comunicaci\u00f3n visual y digital en Valencia: as\u00ed trabaja Demilo Studio - Revista Rambla<\/title>\n<meta name=\"robots\" content=\"index, follow, max-snippet:-1, max-image-preview:large, max-video-preview:-1\" \/>\n<link rel=\"canonical\" href=\"https:\/\/www.revistarambla.com\/en\/comunicacion-visual-y-digital-en-valencia-asi-trabaja-demilo-studio\/\" \/>\n<meta property=\"og:locale\" content=\"en_GB\" \/>\n<meta property=\"og:type\" content=\"article\" \/>\n<meta property=\"og:title\" content=\"Comunicaci\u00f3n visual y digital en Valencia: as\u00ed trabaja Demilo Studio - Revista Rambla\" \/>\n<meta property=\"og:description\" content=\"La ciudad de Valencia est\u00e1 viendo c\u00f3mo surgen nuevas propuestas creativas en comunicaci\u00f3n y marketing digital, y una de las agencias que ha logrado destacarse en este panorama es Demilo Studio. Con un enfoque centrado en la creatividad, la estrategia y la ejecuci\u00f3n profesional, la firma valenciana ofrece servicios integrales [&hellip;]\" \/>\n<meta property=\"og:url\" content=\"https:\/\/www.revistarambla.com\/en\/comunicacion-visual-y-digital-en-valencia-asi-trabaja-demilo-studio\/\" \/>\n<meta property=\"og:site_name\" content=\"Revista Rambla\" \/>\n<meta property=\"article:publisher\" content=\"https:\/\/www.facebook.com\/revistarambla\/\" \/>\n<meta property=\"article:author\" content=\"https:\/\/www.facebook.com\/revistarambla\" \/>\n<meta property=\"article:published_time\" content=\"2025-09-16T17:58:25+00:00\" \/>\n<meta property=\"og:image\" content=\"https:\/\/www.revistarambla.com\/wp-content\/uploads\/2025\/09\/phpLcDaoi68c7ddbfa7c07.jpg\" \/>\n\t<meta property=\"og:image:width\" content=\"1000\" \/>\n\t<meta property=\"og:image:height\" content=\"548\" \/>\n\t<meta property=\"og:image:type\" content=\"image\/jpeg\" \/>\n<meta name=\"author\" content=\"R@mbla\" \/>\n<meta name=\"twitter:card\" content=\"summary_large_image\" \/>\n<meta name=\"twitter:creator\" content=\"@revistarambla\" \/>\n<meta name=\"twitter:site\" content=\"@revistarambla\" \/>\n<meta name=\"twitter:label1\" content=\"Written by\" \/>\n\t<meta name=\"twitter:data1\" content=\"R@mbla\" \/>\n\t<meta name=\"twitter:label2\" content=\"Estimated reading time\" \/>\n\t<meta name=\"twitter:data2\" content=\"3 minutes\" \/>\n<script type=\"application\/ld+json\" class=\"yoast-schema-graph\">{\"@context\":\"https:\\\/\\\/schema.org\",\"@graph\":[{\"@type\":\"Article\",\"@id\":\"https:\\\/\\\/www.revistarambla.com\\\/comunicacion-visual-y-digital-en-valencia-asi-trabaja-demilo-studio\\\/#article\",\"isPartOf\":{\"@id\":\"https:\\\/\\\/www.revistarambla.com\\\/comunicacion-visual-y-digital-en-valencia-asi-trabaja-demilo-studio\\\/\"},\"author\":{\"name\":\"R@mbla\",\"@id\":\"https:\\\/\\\/www.revistarambla.com\\\/#\\\/schema\\\/person\\\/a146a5a2550b94981a75131180e1bd9c\"},\"headline\":\"Comunicaci\u00f3n visual y digital en Valencia: as\u00ed trabaja Demilo Studio\",\"datePublished\":\"2025-09-16T17:58:25+00:00\",\"mainEntityOfPage\":{\"@id\":\"https:\\\/\\\/www.revistarambla.com\\\/comunicacion-visual-y-digital-en-valencia-asi-trabaja-demilo-studio\\\/\"},\"wordCount\":663,\"publisher\":{\"@id\":\"https:\\\/\\\/www.revistarambla.com\\\/#organization\"},\"image\":{\"@id\":\"https:\\\/\\\/www.revistarambla.com\\\/comunicacion-visual-y-digital-en-valencia-asi-trabaja-demilo-studio\\\/#primaryimage\"},\"thumbnailUrl\":\"https:\\\/\\\/www.revistarambla.com\\\/wp-content\\\/uploads\\\/2025\\\/09\\\/phpLcDaoi68c7ddbfa7c07.jpg\",\"articleSection\":[\"Otras Noticias\"],\"inLanguage\":\"en-GB\"},{\"@type\":\"WebPage\",\"@id\":\"https:\\\/\\\/www.revistarambla.com\\\/comunicacion-visual-y-digital-en-valencia-asi-trabaja-demilo-studio\\\/\",\"url\":\"https:\\\/\\\/www.revistarambla.com\\\/comunicacion-visual-y-digital-en-valencia-asi-trabaja-demilo-studio\\\/\",\"name\":\"Comunicaci\u00f3n visual y digital en Valencia: as\u00ed trabaja Demilo Studio - Revista Rambla\",\"isPartOf\":{\"@id\":\"https:\\\/\\\/www.revistarambla.com\\\/#website\"},\"primaryImageOfPage\":{\"@id\":\"https:\\\/\\\/www.revistarambla.com\\\/comunicacion-visual-y-digital-en-valencia-asi-trabaja-demilo-studio\\\/#primaryimage\"},\"image\":{\"@id\":\"https:\\\/\\\/www.revistarambla.com\\\/comunicacion-visual-y-digital-en-valencia-asi-trabaja-demilo-studio\\\/#primaryimage\"},\"thumbnailUrl\":\"https:\\\/\\\/www.revistarambla.com\\\/wp-content\\\/uploads\\\/2025\\\/09\\\/phpLcDaoi68c7ddbfa7c07.jpg\",\"datePublished\":\"2025-09-16T17:58:25+00:00\",\"breadcrumb\":{\"@id\":\"https:\\\/\\\/www.revistarambla.com\\\/comunicacion-visual-y-digital-en-valencia-asi-trabaja-demilo-studio\\\/#breadcrumb\"},\"inLanguage\":\"en-GB\",\"potentialAction\":[{\"@type\":\"ReadAction\",\"target\":[\"https:\\\/\\\/www.revistarambla.com\\\/comunicacion-visual-y-digital-en-valencia-asi-trabaja-demilo-studio\\\/\"]}]},{\"@type\":\"ImageObject\",\"inLanguage\":\"en-GB\",\"@id\":\"https:\\\/\\\/www.revistarambla.com\\\/comunicacion-visual-y-digital-en-valencia-asi-trabaja-demilo-studio\\\/#primaryimage\",\"url\":\"https:\\\/\\\/www.revistarambla.com\\\/wp-content\\\/uploads\\\/2025\\\/09\\\/phpLcDaoi68c7ddbfa7c07.jpg\",\"contentUrl\":\"https:\\\/\\\/www.revistarambla.com\\\/wp-content\\\/uploads\\\/2025\\\/09\\\/phpLcDaoi68c7ddbfa7c07.jpg\",\"width\":1000,\"height\":548,\"caption\":\"Comunicaci\u00f3n visual\"},{\"@type\":\"BreadcrumbList\",\"@id\":\"https:\\\/\\\/www.revistarambla.com\\\/comunicacion-visual-y-digital-en-valencia-asi-trabaja-demilo-studio\\\/#breadcrumb\",\"itemListElement\":[{\"@type\":\"ListItem\",\"position\":1,\"name\":\"Portada\",\"item\":\"https:\\\/\\\/www.revistarambla.com\\\/\"},{\"@type\":\"ListItem\",\"position\":2,\"name\":\"Comunicaci\u00f3n visual y digital en Valencia: as\u00ed trabaja Demilo Studio\"}]},{\"@type\":\"WebSite\",\"@id\":\"https:\\\/\\\/www.revistarambla.com\\\/#website\",\"url\":\"https:\\\/\\\/www.revistarambla.com\\\/\",\"name\":\"Revista Rambla Barcelona\",\"description\":\"Periodismo independiente\",\"publisher\":{\"@id\":\"https:\\\/\\\/www.revistarambla.com\\\/#organization\"},\"potentialAction\":[{\"@type\":\"SearchAction\",\"target\":{\"@type\":\"EntryPoint\",\"urlTemplate\":\"https:\\\/\\\/www.revistarambla.com\\\/?s={search_term_string}\"},\"query-input\":{\"@type\":\"PropertyValueSpecification\",\"valueRequired\":true,\"valueName\":\"search_term_string\"}}],\"inLanguage\":\"en-GB\"},{\"@type\":\"Organization\",\"@id\":\"https:\\\/\\\/www.revistarambla.com\\\/#organization\",\"name\":\"Revista Rambla\",\"url\":\"https:\\\/\\\/www.revistarambla.com\\\/\",\"logo\":{\"@type\":\"ImageObject\",\"inLanguage\":\"en-GB\",\"@id\":\"https:\\\/\\\/www.revistarambla.com\\\/#\\\/schema\\\/logo\\\/image\\\/\",\"url\":\"https:\\\/\\\/www.revistarambla.com\\\/wp-content\\\/uploads\\\/2020\\\/09\\\/banner_rambla_1900x600_BB.png\",\"contentUrl\":\"https:\\\/\\\/www.revistarambla.com\\\/wp-content\\\/uploads\\\/2020\\\/09\\\/banner_rambla_1900x600_BB.png\",\"width\":1900,\"height\":600,\"caption\":\"Revista Rambla\"},\"image\":{\"@id\":\"https:\\\/\\\/www.revistarambla.com\\\/#\\\/schema\\\/logo\\\/image\\\/\"},\"sameAs\":[\"https:\\\/\\\/www.facebook.com\\\/revistarambla\\\/\",\"https:\\\/\\\/x.com\\\/revistarambla\",\"https:\\\/\\\/www.instagram.com\\\/revista_rambla\",\"https:\\\/\\\/es.linkedin.com\\\/company\\\/revista-rambla\"]},{\"@type\":\"Person\",\"@id\":\"https:\\\/\\\/www.revistarambla.com\\\/#\\\/schema\\\/person\\\/a146a5a2550b94981a75131180e1bd9c\",\"name\":\"R@mbla\",\"description\":\"Este art\u00edculo ha sido redactado y\\\/o validado por el equipo de redacci\u00f3n de Revista Rambla.\",\"sameAs\":[\"https:\\\/\\\/www.revistarambla.com\\\/\",\"https:\\\/\\\/www.facebook.com\\\/revistarambla\",\"https:\\\/\\\/x.com\\\/revistarambla\"]}]}<\/script>\n<!-- \/ Yoast SEO plugin. -->","yoast_head_json":{"title":"Comunicaci\u00f3n visual y digital en Valencia: as\u00ed trabaja Demilo Studio - Revista Rambla","robots":{"index":"index","follow":"follow","max-snippet":"max-snippet:-1","max-image-preview":"max-image-preview:large","max-video-preview":"max-video-preview:-1"},"canonical":"https:\/\/www.revistarambla.com\/en\/comunicacion-visual-y-digital-en-valencia-asi-trabaja-demilo-studio\/","og_locale":"en_GB","og_type":"article","og_title":"Comunicaci\u00f3n visual y digital en Valencia: as\u00ed trabaja Demilo Studio - Revista Rambla","og_description":"La ciudad de Valencia est\u00e1 viendo c\u00f3mo surgen nuevas propuestas creativas en comunicaci\u00f3n y marketing digital, y una de las agencias que ha logrado destacarse en este panorama es Demilo Studio. Con un enfoque centrado en la creatividad, la estrategia y la ejecuci\u00f3n profesional, la firma valenciana ofrece servicios integrales [&hellip;]","og_url":"https:\/\/www.revistarambla.com\/en\/comunicacion-visual-y-digital-en-valencia-asi-trabaja-demilo-studio\/","og_site_name":"Revista Rambla","article_publisher":"https:\/\/www.facebook.com\/revistarambla\/","article_author":"https:\/\/www.facebook.com\/revistarambla","article_published_time":"2025-09-16T17:58:25+00:00","og_image":[{"width":1000,"height":548,"url":"https:\/\/www.revistarambla.com\/wp-content\/uploads\/2025\/09\/phpLcDaoi68c7ddbfa7c07.jpg","type":"image\/jpeg"}],"author":"R@mbla","twitter_card":"summary_large_image","twitter_creator":"@revistarambla","twitter_site":"@revistarambla","twitter_misc":{"Written by":"R@mbla","Estimated reading time":"3 minutes"},"schema":{"@context":"https:\/\/schema.org","@graph":[{"@type":"Article","@id":"https:\/\/www.revistarambla.com\/comunicacion-visual-y-digital-en-valencia-asi-trabaja-demilo-studio\/#article","isPartOf":{"@id":"https:\/\/www.revistarambla.com\/comunicacion-visual-y-digital-en-valencia-asi-trabaja-demilo-studio\/"},"author":{"name":"R@mbla","@id":"https:\/\/www.revistarambla.com\/#\/schema\/person\/a146a5a2550b94981a75131180e1bd9c"},"headline":"Comunicaci\u00f3n visual y digital en Valencia: as\u00ed trabaja Demilo Studio","datePublished":"2025-09-16T17:58:25+00:00","mainEntityOfPage":{"@id":"https:\/\/www.revistarambla.com\/comunicacion-visual-y-digital-en-valencia-asi-trabaja-demilo-studio\/"},"wordCount":663,"publisher":{"@id":"https:\/\/www.revistarambla.com\/#organization"},"image":{"@id":"https:\/\/www.revistarambla.com\/comunicacion-visual-y-digital-en-valencia-asi-trabaja-demilo-studio\/#primaryimage"},"thumbnailUrl":"https:\/\/www.revistarambla.com\/wp-content\/uploads\/2025\/09\/phpLcDaoi68c7ddbfa7c07.jpg","articleSection":["Otras Noticias"],"inLanguage":"en-GB"},{"@type":"WebPage","@id":"https:\/\/www.revistarambla.com\/comunicacion-visual-y-digital-en-valencia-asi-trabaja-demilo-studio\/","url":"https:\/\/www.revistarambla.com\/comunicacion-visual-y-digital-en-valencia-asi-trabaja-demilo-studio\/","name":"Comunicaci\u00f3n visual y digital en Valencia: as\u00ed trabaja Demilo Studio - Revista Rambla","isPartOf":{"@id":"https:\/\/www.revistarambla.com\/#website"},"primaryImageOfPage":{"@id":"https:\/\/www.revistarambla.com\/comunicacion-visual-y-digital-en-valencia-asi-trabaja-demilo-studio\/#primaryimage"},"image":{"@id":"https:\/\/www.revistarambla.com\/comunicacion-visual-y-digital-en-valencia-asi-trabaja-demilo-studio\/#primaryimage"},"thumbnailUrl":"https:\/\/www.revistarambla.com\/wp-content\/uploads\/2025\/09\/phpLcDaoi68c7ddbfa7c07.jpg","datePublished":"2025-09-16T17:58:25+00:00","breadcrumb":{"@id":"https:\/\/www.revistarambla.com\/comunicacion-visual-y-digital-en-valencia-asi-trabaja-demilo-studio\/#breadcrumb"},"inLanguage":"en-GB","potentialAction":[{"@type":"ReadAction","target":["https:\/\/www.revistarambla.com\/comunicacion-visual-y-digital-en-valencia-asi-trabaja-demilo-studio\/"]}]},{"@type":"ImageObject","inLanguage":"en-GB","@id":"https:\/\/www.revistarambla.com\/comunicacion-visual-y-digital-en-valencia-asi-trabaja-demilo-studio\/#primaryimage","url":"https:\/\/www.revistarambla.com\/wp-content\/uploads\/2025\/09\/phpLcDaoi68c7ddbfa7c07.jpg","contentUrl":"https:\/\/www.revistarambla.com\/wp-content\/uploads\/2025\/09\/phpLcDaoi68c7ddbfa7c07.jpg","width":1000,"height":548,"caption":"Comunicaci\u00f3n visual"},{"@type":"BreadcrumbList","@id":"https:\/\/www.revistarambla.com\/comunicacion-visual-y-digital-en-valencia-asi-trabaja-demilo-studio\/#breadcrumb","itemListElement":[{"@type":"ListItem","position":1,"name":"Portada","item":"https:\/\/www.revistarambla.com\/"},{"@type":"ListItem","position":2,"name":"Comunicaci\u00f3n visual y digital en Valencia: as\u00ed trabaja Demilo Studio"}]},{"@type":"WebSite","@id":"https:\/\/www.revistarambla.com\/#website","url":"https:\/\/www.revistarambla.com\/","name":"Revista Rambla Barcelona","description":"Periodismo independiente","publisher":{"@id":"https:\/\/www.revistarambla.com\/#organization"},"potentialAction":[{"@type":"SearchAction","target":{"@type":"EntryPoint","urlTemplate":"https:\/\/www.revistarambla.com\/?s={search_term_string}"},"query-input":{"@type":"PropertyValueSpecification","valueRequired":true,"valueName":"search_term_string"}}],"inLanguage":"en-GB"},{"@type":"Organization","@id":"https:\/\/www.revistarambla.com\/#organization","name":"Revista Rambla","url":"https:\/\/www.revistarambla.com\/","logo":{"@type":"ImageObject","inLanguage":"en-GB","@id":"https:\/\/www.revistarambla.com\/#\/schema\/logo\/image\/","url":"https:\/\/www.revistarambla.com\/wp-content\/uploads\/2020\/09\/banner_rambla_1900x600_BB.png","contentUrl":"https:\/\/www.revistarambla.com\/wp-content\/uploads\/2020\/09\/banner_rambla_1900x600_BB.png","width":1900,"height":600,"caption":"Revista Rambla"},"image":{"@id":"https:\/\/www.revistarambla.com\/#\/schema\/logo\/image\/"},"sameAs":["https:\/\/www.facebook.com\/revistarambla\/","https:\/\/x.com\/revistarambla","https:\/\/www.instagram.com\/revista_rambla","https:\/\/es.linkedin.com\/company\/revista-rambla"]},{"@type":"Person","@id":"https:\/\/www.revistarambla.com\/#\/schema\/person\/a146a5a2550b94981a75131180e1bd9c","name":"R@mbla","description":"Este art\u00edculo ha sido redactado y\/o validado por el equipo de redacci\u00f3n de Revista Rambla.","sameAs":["https:\/\/www.revistarambla.com\/","https:\/\/www.facebook.com\/revistarambla","https:\/\/x.com\/revistarambla"]}]}},"_links":{"self":[{"href":"https:\/\/www.revistarambla.com\/en\/wp-json\/wp\/v2\/posts\/66589","targetHints":{"allow":["GET"]}}],"collection":[{"href":"https:\/\/www.revistarambla.com\/en\/wp-json\/wp\/v2\/posts"}],"about":[{"href":"https:\/\/www.revistarambla.com\/en\/wp-json\/wp\/v2\/types\/post"}],"author":[{"embeddable":true,"href":"https:\/\/www.revistarambla.com\/en\/wp-json\/wp\/v2\/users\/3"}],"replies":[{"embeddable":true,"href":"https:\/\/www.revistarambla.com\/en\/wp-json\/wp\/v2\/comments?post=66589"}],"version-history":[{"count":1,"href":"https:\/\/www.revistarambla.com\/en\/wp-json\/wp\/v2\/posts\/66589\/revisions"}],"predecessor-version":[{"id":66591,"href":"https:\/\/www.revistarambla.com\/en\/wp-json\/wp\/v2\/posts\/66589\/revisions\/66591"}],"wp:featuredmedia":[{"embeddable":true,"href":"https:\/\/www.revistarambla.com\/en\/wp-json\/wp\/v2\/media\/66590"}],"wp:attachment":[{"href":"https:\/\/www.revistarambla.com\/en\/wp-json\/wp\/v2\/media?parent=66589"}],"wp:term":[{"taxonomy":"category","embeddable":true,"href":"https:\/\/www.revistarambla.com\/en\/wp-json\/wp\/v2\/categories?post=66589"},{"taxonomy":"post_tag","embeddable":true,"href":"https:\/\/www.revistarambla.com\/en\/wp-json\/wp\/v2\/tags?post=66589"}],"curies":[{"name":"wp","href":"https:\/\/api.w.org\/{rel}","templated":true}]}}