{"id":66585,"date":"2025-09-17T12:41:23","date_gmt":"2025-09-17T10:41:23","guid":{"rendered":"https:\/\/www.revistarambla.com\/?p=66585"},"modified":"2025-09-27T09:40:11","modified_gmt":"2025-09-27T07:40:11","slug":"la-uvas-de-la-ira-o-el-fracaso-de-la-esperanza","status":"publish","type":"post","link":"https:\/\/www.revistarambla.com\/en\/la-uvas-de-la-ira-o-el-fracaso-de-la-esperanza\/","title":{"rendered":"&#8216;La uvas de la ira&#8217; o el fracaso de la esperanza"},"content":{"rendered":"<p>Pocas pel\u00edculas en la historia del cine han logrado capturar la esencia de una era con la intensidad y la profundidad que exhibe <em>Las uvas de la ira<\/em> (<em>The Grapes of Wrath<\/em>, 1940). Dirigida por John Ford, adapta la novela hom\u00f3nima de John Steinbeck, publicada apenas un a\u00f1o antes. El film no solo representa un hito en la filmograf\u00eda de Ford, sino que tambi\u00e9n encarna un puente perfecto entre la literatura y el s\u00e9ptimo arte. Steinbeck, galardonado con el Premio Pulitzer por su novela en 1940 y m\u00e1s tarde con el Nobel de Literatura en 1962, infundi\u00f3 en su texto una cr\u00edtica social feroz contra la Gran Depresi\u00f3n, el capitalismo deshumanizador y la migraci\u00f3n forzada de los agricultores del Medio Oeste. Ford, por su parte, transforma esta narrativa en una sinfon\u00eda visual de resiliencia humana, donde la fotograf\u00eda en blanco y negro de Gregg Toland se convierte en un personaje m\u00e1s, evocando las \u00e1ridas llanuras del Dust Bowl con una poes\u00eda que rivaliza con las descripciones literarias de Steinbeck.<\/p>\n<p>La pel\u00edcula narra la odisea de la familia Joad, un clan de aparceros de Oklahoma expulsados de sus tierras por la mecanizaci\u00f3n agr\u00edcola y la sequ\u00eda devastadora de los a\u00f1os 30. Tom Joad (interpretado magistralmente por Henry Fonda), reci\u00e9n liberado de prisi\u00f3n, se une a su familia en un viaje \u00e9pico hacia California, la \u00abtierra prometida\u00bb que promete trabajo en los huertos frutales. Sin embargo, lo que encuentran es explotaci\u00f3n laboral, discriminaci\u00f3n y una sociedad dividida entre los poderosos terratenientes y los migrantes despose\u00eddos. Esta trama, fiel en gran medida al esp\u00edritu de la novela, se desenvuelve como una <em>road movie avant la lettre<\/em>, pero con un trasfondo b\u00edblico que remite al \u00c9xodo, un paralelismo que Steinbeck explota con maestr\u00eda y que Ford amplifica a trav\u00e9s de simbolismos visuales. El t\u00edtulo mismo, tomado del himno \u00abThe Battle Hymn of the Republic\u00bb, alude a la ira divina contra la injusticia, un tema que resuena en ambos medios.<\/p>\n<p>Desde el punto de vista literario, la adaptaci\u00f3n de Nunnally Johnson es un ejemplo mod\u00e9lico de c\u00f3mo condensar una novela extensa (m\u00e1s de 600 p\u00e1ginas) en un guion de dos horas sin perder su esencia. Steinbeck, conocido por su realismo social influido por autores como \u00c9mile Zola y <a href=\"https:\/\/www.revistarambla.com\/en\/la-llamada-de-lo-salvaje\/\">Jack London<\/a>, construye personajes que son arquetipos de la lucha proletaria: Tom, el rebelde con conciencia; Ma Joad (Jane Darwell, ganadora del Oscar por su rol), el pilar matriarcal que simboliza la unidad familiar; y el predicador Casey (John Carradine), cuya evoluci\u00f3n de la fe religiosa a la acci\u00f3n sindical refleja el paso del individualismo al colectivismo. Ford, un director con ra\u00edces en el western y una afinidad por las sagas familiares (como en <em>Qu\u00e9 verde era mi valle<\/em>, 1941), respeta esta dimensi\u00f3n literaria, pero la enriquece con su estilo narrativo. Evita el didacticismo excesivo de la novela al optar por un enfoque m\u00e1s humanista, donde los mon\u00f3logos internos de Steinbeck se traducen en miradas cargadas de significado y silencios elocuentes.<\/p>\n<p>La cinematograf\u00eda de Toland, quien m\u00e1s tarde revolucionar\u00eda el medio con <em>Ciudadano Kane<\/em>\u00a0(1941), es un elemento clave que eleva la pel\u00edcula a la categor\u00eda de obra maestra. Sus tomas en profundidad de campo, inspiradas en el realismo fotogr\u00e1fico de Dorothea Lange y Walker Evans (cuyas im\u00e1genes del Dust Bowl documentaron la miseria rural), capturan la vastedad desoladora del paisaje americano. En secuencias como la llegada de los Joad a California, Ford y Toland utilizan \u00e1ngulos bajos para enfatizar la opresi\u00f3n de los migrantes bajo el peso de un sistema econ\u00f3mico implacable. Esta t\u00e9cnica no solo sirve a la narrativa, sino que dialoga con la tradici\u00f3n literaria del naturalismo, donde el entorno determina el destino de los personajes. Comparado con la novela, donde Steinbeck intercala cap\u00edtulos descriptivos sobre la econom\u00eda y la ecolog\u00eda, la pel\u00edcula condensa estos en montajes visuales: tractores destruyendo casas como monstruos mec\u00e1nicos, simbolizando la alienaci\u00f3n marxista que el autor denuncia.<\/p>\n<p>El reparto es otro pilar de esta adaptaci\u00f3n. Henry Fonda, en uno de sus roles ic\u00f3nicos, encarna a Tom Joad con una intensidad contenida que evoca al h\u00e9roe tr\u00e1gico de la literatura griega o shakespeariana. Su mon\u00f3logo final, \u00abEstar\u00e9 dondequiera que haya una pelea para que un hombre pueda comer\u00bb, es una destilaci\u00f3n po\u00e9tica del mensaje <em>steinbeckiano<\/em>, y Fonda lo entrega con una convicci\u00f3n que trasciende la pantalla. Jane Darwell, como Ma Joad, aporta una calidez maternal que contrasta con la dureza del entorno, recordando a figuras literarias como la madre en <em>Germinal<\/em>\u00a0de Zola. Ford, maestro en dirigir actores, extrae interpretaciones naturalistas que evitan el melodrama, aline\u00e1ndose con el estilo prosaico de Steinbeck. No obstante, la pel\u00edcula suaviza algunos aspectos controvertidos de la novela, como el final m\u00e1s ambiguo y esperanzador en el libro, donde Rose of Sharon amamanta a un moribundo, un acto de solidaridad humana que Hollywood, bajo el C\u00f3digo Hays, atenu\u00f3 para evitar esc\u00e1ndalos.<\/p>\n<p>Contextualizando hist\u00f3ricamente, <em>Las uvas de la ira<\/em> surge en un momento pivotal: 1940, cuando Estados Unidos a\u00fan lidiaba con las secuelas de la Depresi\u00f3n y se aproximaba a la Segunda Guerra Mundial. Steinbeck escribi\u00f3 la novela en 1939, inspirado en sus reportajes para el <em>San Francisco News<\/em>\u00a0sobre los campos de migrantes. Ford, un republicano conservador, sorprendentemente adopta una postura progresista, influido quiz\u00e1 por su herencia irlandesa y su empat\u00eda por los oprimidos, como en sus westerns posteriores. La pel\u00edcula fue controvertida: acusada de comunista por algunos sectores, fue prohibida en Oklahoma y elogiada por Eleanor Roosevelt. Esta recepci\u00f3n subraya su relevancia literaria y cinematogr\u00e1fica, ya que Steinbeck no solo documenta hechos, sino que los mitifica, convirtiendo a los Joad en s\u00edmbolos universales de la migraci\u00f3n forzada, un tema que resuena hoy en d\u00eda con las crisis de refugiados globales.<\/p>\n<p>En t\u00e9rminos de temas, la intersecci\u00f3n entre cine y literatura es evidente en la exploraci\u00f3n de la ira como fuerza transformadora. Steinbeck, influido por el darwinismo social y el ecologismo incipiente, critica el capitalismo agrario que devora la tierra y a sus habitantes. Ford visualiza esto en escenas como la quema de cosechas para mantener precios altos, un acto de desperdicio que indigna al espectador. La novela alterna entre lo particular (la familia Joad) y lo general (cap\u00edtulos intercalados sobre la sociedad), una estructura que Ford emula mediante transiciones fluidas entre intimidad familiar y panor\u00e1micas sociales. Esta dualidad recuerda a obras literarias como *Los miserables* de Victor Hugo, donde el drama personal ilustra injusticias sist\u00e9micas.<\/p>\n<p>La banda sonora de Alfred Newman complementa esta fusi\u00f3n, con melod\u00edas folk que evocan himnos obreros y baladas de Woody Guthrie, quien m\u00e1s tarde compuso \u00abTom Joad\u00bb inspirado en la novela. Ford integra la m\u00fasica org\u00e1nicamente, como en las escenas de baile en los campos de trabajo, que humanizan a los personajes y contrastan con la opresi\u00f3n, un recurso literario que Steinbeck usa para mostrar momentos de alegr\u00eda ef\u00edmera.<\/p>\n<p>Cr\u00edticamente, <em>Las uvas de la ira<\/em> ha sido aclamada como una de las mejores adaptaciones literarias al cine. Gan\u00f3 dos Oscars (Mejor Director para Ford y Mejor Actriz de Reparto para Darwell) y fue nominada a siete, incluyendo Mejor Pel\u00edcula. Su legado influy\u00f3 en directores como Elia Kazan (<em>Al este del Ed\u00e9n<\/em>, 1955, tambi\u00e9n de Steinbeck) y m\u00e1s tarde en el neorrealismo italiano o el cine social de <a href=\"https:\/\/www.revistarambla.com\/en\/dirigir-los-esfuerzos-la-sociedad-tres-principios-claves-agitar-educar-organizar\/\">Ken Loach<\/a>. En comparaci\u00f3n con otras adaptaciones de Ford, como <em>La diligencia<\/em> (1939), esta obra destaca por su compromiso pol\u00edtico, alej\u00e1ndose del entretenimiento puro hacia una denuncia que dialoga con la literatura comprometida del siglo XX.<\/p>\n<p>Sin embargo, no est\u00e1 exenta de cr\u00edticas. Algunos puristas literarios argumentan que la pel\u00edcula diluye el radicalismo de Steinbeck, omitiendo detalles como la explotaci\u00f3n sexual o el sindicalismo expl\u00edcito, para complacer a la productora 20th Century Fox. Ford, en su defensa, prioriza la emotividad sobre la ideolog\u00eda, creando una obra accesible que, parad\u00f3jicamente, amplific\u00f3 el mensaje del libro a un p\u00fablico masivo. Esta tensi\u00f3n entre fidelidad y creatividad es un debate eterno en las adaptaciones, similar al de <em>El gran Gatsby<\/em> o <em>Matar a un ruise\u00f1or<\/em>.<\/p>\n<p><em>Las uvas de la ira<\/em> es una joya del cine cl\u00e1sico que ejemplifica c\u00f3mo la literatura puede inspirar visiones cinematogr\u00e1ficas trascendentales. John Ford, al adaptar a <a href=\"https:\/\/www.revistarambla.com\/en\/john-steinbeck-cartas-desde-vietnam\/\">Steinbeck<\/a>, no solo captura la ira de una naci\u00f3n, sino que la transforma en un llamado eterno a la justicia social. Para los amantes del cine y la literatura, esta pel\u00edcula es un testimonio del poder de las artes para documentar y desafiar la historia.<\/p>","protected":false},"excerpt":{"rendered":"<p>Pocas pel\u00edculas en la historia del cine han logrado capturar la esencia de una era con la intensidad y la profundidad que exhibe Las uvas de la ira (The Grapes of Wrath, 1940). Dirigida por John Ford, adapta la novela hom\u00f3nima de John Steinbeck, publicada apenas un a\u00f1o antes. El [&hellip;]<\/p>\n","protected":false},"author":3,"featured_media":66587,"comment_status":"closed","ping_status":"closed","sticky":false,"template":"","format":"standard","meta":{"footnotes":""},"categories":[61],"tags":[],"class_list":["post-66585","post","type-post","status-publish","format-standard","has-post-thumbnail","hentry","category-cine"],"yoast_head":"<!-- This site is optimized with the Yoast SEO plugin v27.5 - https:\/\/yoast.com\/product\/yoast-seo-wordpress\/ -->\n<title>&#039;La uvas de la ira&#039; o el fracaso de la esperanza - Revista Rambla<\/title>\n<meta name=\"robots\" content=\"index, follow, max-snippet:-1, max-image-preview:large, max-video-preview:-1\" \/>\n<link rel=\"canonical\" href=\"https:\/\/www.revistarambla.com\/en\/la-uvas-de-la-ira-o-el-fracaso-de-la-esperanza\/\" \/>\n<meta property=\"og:locale\" content=\"en_GB\" \/>\n<meta property=\"og:type\" content=\"article\" \/>\n<meta property=\"og:title\" content=\"&#039;La uvas de la ira&#039; o el fracaso de la esperanza - Revista Rambla\" \/>\n<meta property=\"og:description\" content=\"Pocas pel\u00edculas en la historia del cine han logrado capturar la esencia de una era con la intensidad y la profundidad que exhibe Las uvas de la ira (The Grapes of Wrath, 1940). Dirigida por John Ford, adapta la novela hom\u00f3nima de John Steinbeck, publicada apenas un a\u00f1o antes. El [&hellip;]\" \/>\n<meta property=\"og:url\" content=\"https:\/\/www.revistarambla.com\/en\/la-uvas-de-la-ira-o-el-fracaso-de-la-esperanza\/\" \/>\n<meta property=\"og:site_name\" content=\"Revista Rambla\" \/>\n<meta property=\"article:publisher\" content=\"https:\/\/www.facebook.com\/revistarambla\/\" \/>\n<meta property=\"article:author\" content=\"https:\/\/www.facebook.com\/revistarambla\" \/>\n<meta property=\"article:published_time\" content=\"2025-09-17T10:41:23+00:00\" \/>\n<meta property=\"article:modified_time\" content=\"2025-09-27T07:40:11+00:00\" \/>\n<meta property=\"og:image\" content=\"https:\/\/www.revistarambla.com\/wp-content\/uploads\/2025\/09\/Las-uvas-de-la-ira.jpg\" \/>\n\t<meta property=\"og:image:width\" content=\"1920\" \/>\n\t<meta property=\"og:image:height\" content=\"1486\" \/>\n\t<meta property=\"og:image:type\" content=\"image\/jpeg\" \/>\n<meta name=\"author\" content=\"R@mbla\" \/>\n<meta name=\"twitter:card\" content=\"summary_large_image\" \/>\n<meta name=\"twitter:creator\" content=\"@revistarambla\" \/>\n<meta name=\"twitter:site\" content=\"@revistarambla\" \/>\n<meta name=\"twitter:label1\" content=\"Written by\" \/>\n\t<meta name=\"twitter:data1\" content=\"R@mbla\" \/>\n\t<meta name=\"twitter:label2\" content=\"Estimated reading time\" \/>\n\t<meta name=\"twitter:data2\" content=\"7 minutes\" \/>\n<script type=\"application\/ld+json\" class=\"yoast-schema-graph\">{\"@context\":\"https:\\\/\\\/schema.org\",\"@graph\":[{\"@type\":\"Article\",\"@id\":\"https:\\\/\\\/www.revistarambla.com\\\/la-uvas-de-la-ira-o-el-fracaso-de-la-esperanza\\\/#article\",\"isPartOf\":{\"@id\":\"https:\\\/\\\/www.revistarambla.com\\\/la-uvas-de-la-ira-o-el-fracaso-de-la-esperanza\\\/\"},\"author\":{\"name\":\"R@mbla\",\"@id\":\"https:\\\/\\\/www.revistarambla.com\\\/#\\\/schema\\\/person\\\/a146a5a2550b94981a75131180e1bd9c\"},\"headline\":\"&#8216;La uvas de la ira&#8217; o el fracaso de la esperanza\",\"datePublished\":\"2025-09-17T10:41:23+00:00\",\"dateModified\":\"2025-09-27T07:40:11+00:00\",\"mainEntityOfPage\":{\"@id\":\"https:\\\/\\\/www.revistarambla.com\\\/la-uvas-de-la-ira-o-el-fracaso-de-la-esperanza\\\/\"},\"wordCount\":1507,\"publisher\":{\"@id\":\"https:\\\/\\\/www.revistarambla.com\\\/#organization\"},\"image\":{\"@id\":\"https:\\\/\\\/www.revistarambla.com\\\/la-uvas-de-la-ira-o-el-fracaso-de-la-esperanza\\\/#primaryimage\"},\"thumbnailUrl\":\"https:\\\/\\\/www.revistarambla.com\\\/wp-content\\\/uploads\\\/2025\\\/09\\\/Las-uvas-de-la-ira.jpg\",\"articleSection\":[\"Cine &amp; Series\"],\"inLanguage\":\"en-GB\"},{\"@type\":\"WebPage\",\"@id\":\"https:\\\/\\\/www.revistarambla.com\\\/la-uvas-de-la-ira-o-el-fracaso-de-la-esperanza\\\/\",\"url\":\"https:\\\/\\\/www.revistarambla.com\\\/la-uvas-de-la-ira-o-el-fracaso-de-la-esperanza\\\/\",\"name\":\"'La uvas de la ira' o el fracaso de la esperanza - Revista Rambla\",\"isPartOf\":{\"@id\":\"https:\\\/\\\/www.revistarambla.com\\\/#website\"},\"primaryImageOfPage\":{\"@id\":\"https:\\\/\\\/www.revistarambla.com\\\/la-uvas-de-la-ira-o-el-fracaso-de-la-esperanza\\\/#primaryimage\"},\"image\":{\"@id\":\"https:\\\/\\\/www.revistarambla.com\\\/la-uvas-de-la-ira-o-el-fracaso-de-la-esperanza\\\/#primaryimage\"},\"thumbnailUrl\":\"https:\\\/\\\/www.revistarambla.com\\\/wp-content\\\/uploads\\\/2025\\\/09\\\/Las-uvas-de-la-ira.jpg\",\"datePublished\":\"2025-09-17T10:41:23+00:00\",\"dateModified\":\"2025-09-27T07:40:11+00:00\",\"breadcrumb\":{\"@id\":\"https:\\\/\\\/www.revistarambla.com\\\/la-uvas-de-la-ira-o-el-fracaso-de-la-esperanza\\\/#breadcrumb\"},\"inLanguage\":\"en-GB\",\"potentialAction\":[{\"@type\":\"ReadAction\",\"target\":[\"https:\\\/\\\/www.revistarambla.com\\\/la-uvas-de-la-ira-o-el-fracaso-de-la-esperanza\\\/\"]}]},{\"@type\":\"ImageObject\",\"inLanguage\":\"en-GB\",\"@id\":\"https:\\\/\\\/www.revistarambla.com\\\/la-uvas-de-la-ira-o-el-fracaso-de-la-esperanza\\\/#primaryimage\",\"url\":\"https:\\\/\\\/www.revistarambla.com\\\/wp-content\\\/uploads\\\/2025\\\/09\\\/Las-uvas-de-la-ira.jpg\",\"contentUrl\":\"https:\\\/\\\/www.revistarambla.com\\\/wp-content\\\/uploads\\\/2025\\\/09\\\/Las-uvas-de-la-ira.jpg\",\"width\":1920,\"height\":1486,\"caption\":\"Las uvas de la ira\"},{\"@type\":\"BreadcrumbList\",\"@id\":\"https:\\\/\\\/www.revistarambla.com\\\/la-uvas-de-la-ira-o-el-fracaso-de-la-esperanza\\\/#breadcrumb\",\"itemListElement\":[{\"@type\":\"ListItem\",\"position\":1,\"name\":\"Portada\",\"item\":\"https:\\\/\\\/www.revistarambla.com\\\/\"},{\"@type\":\"ListItem\",\"position\":2,\"name\":\"&#8216;La uvas de la ira&#8217; o el fracaso de la esperanza\"}]},{\"@type\":\"WebSite\",\"@id\":\"https:\\\/\\\/www.revistarambla.com\\\/#website\",\"url\":\"https:\\\/\\\/www.revistarambla.com\\\/\",\"name\":\"Revista Rambla Barcelona\",\"description\":\"Periodismo independiente\",\"publisher\":{\"@id\":\"https:\\\/\\\/www.revistarambla.com\\\/#organization\"},\"potentialAction\":[{\"@type\":\"SearchAction\",\"target\":{\"@type\":\"EntryPoint\",\"urlTemplate\":\"https:\\\/\\\/www.revistarambla.com\\\/?s={search_term_string}\"},\"query-input\":{\"@type\":\"PropertyValueSpecification\",\"valueRequired\":true,\"valueName\":\"search_term_string\"}}],\"inLanguage\":\"en-GB\"},{\"@type\":\"Organization\",\"@id\":\"https:\\\/\\\/www.revistarambla.com\\\/#organization\",\"name\":\"Revista Rambla\",\"url\":\"https:\\\/\\\/www.revistarambla.com\\\/\",\"logo\":{\"@type\":\"ImageObject\",\"inLanguage\":\"en-GB\",\"@id\":\"https:\\\/\\\/www.revistarambla.com\\\/#\\\/schema\\\/logo\\\/image\\\/\",\"url\":\"https:\\\/\\\/www.revistarambla.com\\\/wp-content\\\/uploads\\\/2020\\\/09\\\/banner_rambla_1900x600_BB.png\",\"contentUrl\":\"https:\\\/\\\/www.revistarambla.com\\\/wp-content\\\/uploads\\\/2020\\\/09\\\/banner_rambla_1900x600_BB.png\",\"width\":1900,\"height\":600,\"caption\":\"Revista Rambla\"},\"image\":{\"@id\":\"https:\\\/\\\/www.revistarambla.com\\\/#\\\/schema\\\/logo\\\/image\\\/\"},\"sameAs\":[\"https:\\\/\\\/www.facebook.com\\\/revistarambla\\\/\",\"https:\\\/\\\/x.com\\\/revistarambla\",\"https:\\\/\\\/www.instagram.com\\\/revista_rambla\",\"https:\\\/\\\/es.linkedin.com\\\/company\\\/revista-rambla\"]},{\"@type\":\"Person\",\"@id\":\"https:\\\/\\\/www.revistarambla.com\\\/#\\\/schema\\\/person\\\/a146a5a2550b94981a75131180e1bd9c\",\"name\":\"R@mbla\",\"description\":\"Este art\u00edculo ha sido redactado y\\\/o validado por el equipo de redacci\u00f3n de Revista Rambla.\",\"sameAs\":[\"https:\\\/\\\/www.revistarambla.com\\\/\",\"https:\\\/\\\/www.facebook.com\\\/revistarambla\",\"https:\\\/\\\/x.com\\\/revistarambla\"]}]}<\/script>\n<!-- \/ Yoast SEO plugin. -->","yoast_head_json":{"title":"'La uvas de la ira' o el fracaso de la esperanza - Revista Rambla","robots":{"index":"index","follow":"follow","max-snippet":"max-snippet:-1","max-image-preview":"max-image-preview:large","max-video-preview":"max-video-preview:-1"},"canonical":"https:\/\/www.revistarambla.com\/en\/la-uvas-de-la-ira-o-el-fracaso-de-la-esperanza\/","og_locale":"en_GB","og_type":"article","og_title":"'La uvas de la ira' o el fracaso de la esperanza - Revista Rambla","og_description":"Pocas pel\u00edculas en la historia del cine han logrado capturar la esencia de una era con la intensidad y la profundidad que exhibe Las uvas de la ira (The Grapes of Wrath, 1940). Dirigida por John Ford, adapta la novela hom\u00f3nima de John Steinbeck, publicada apenas un a\u00f1o antes. El [&hellip;]","og_url":"https:\/\/www.revistarambla.com\/en\/la-uvas-de-la-ira-o-el-fracaso-de-la-esperanza\/","og_site_name":"Revista Rambla","article_publisher":"https:\/\/www.facebook.com\/revistarambla\/","article_author":"https:\/\/www.facebook.com\/revistarambla","article_published_time":"2025-09-17T10:41:23+00:00","article_modified_time":"2025-09-27T07:40:11+00:00","og_image":[{"width":1920,"height":1486,"url":"https:\/\/www.revistarambla.com\/wp-content\/uploads\/2025\/09\/Las-uvas-de-la-ira.jpg","type":"image\/jpeg"}],"author":"R@mbla","twitter_card":"summary_large_image","twitter_creator":"@revistarambla","twitter_site":"@revistarambla","twitter_misc":{"Written by":"R@mbla","Estimated reading time":"7 minutes"},"schema":{"@context":"https:\/\/schema.org","@graph":[{"@type":"Article","@id":"https:\/\/www.revistarambla.com\/la-uvas-de-la-ira-o-el-fracaso-de-la-esperanza\/#article","isPartOf":{"@id":"https:\/\/www.revistarambla.com\/la-uvas-de-la-ira-o-el-fracaso-de-la-esperanza\/"},"author":{"name":"R@mbla","@id":"https:\/\/www.revistarambla.com\/#\/schema\/person\/a146a5a2550b94981a75131180e1bd9c"},"headline":"&#8216;La uvas de la ira&#8217; o el fracaso de la esperanza","datePublished":"2025-09-17T10:41:23+00:00","dateModified":"2025-09-27T07:40:11+00:00","mainEntityOfPage":{"@id":"https:\/\/www.revistarambla.com\/la-uvas-de-la-ira-o-el-fracaso-de-la-esperanza\/"},"wordCount":1507,"publisher":{"@id":"https:\/\/www.revistarambla.com\/#organization"},"image":{"@id":"https:\/\/www.revistarambla.com\/la-uvas-de-la-ira-o-el-fracaso-de-la-esperanza\/#primaryimage"},"thumbnailUrl":"https:\/\/www.revistarambla.com\/wp-content\/uploads\/2025\/09\/Las-uvas-de-la-ira.jpg","articleSection":["Cine &amp; Series"],"inLanguage":"en-GB"},{"@type":"WebPage","@id":"https:\/\/www.revistarambla.com\/la-uvas-de-la-ira-o-el-fracaso-de-la-esperanza\/","url":"https:\/\/www.revistarambla.com\/la-uvas-de-la-ira-o-el-fracaso-de-la-esperanza\/","name":"'La uvas de la ira' o el fracaso de la esperanza - Revista Rambla","isPartOf":{"@id":"https:\/\/www.revistarambla.com\/#website"},"primaryImageOfPage":{"@id":"https:\/\/www.revistarambla.com\/la-uvas-de-la-ira-o-el-fracaso-de-la-esperanza\/#primaryimage"},"image":{"@id":"https:\/\/www.revistarambla.com\/la-uvas-de-la-ira-o-el-fracaso-de-la-esperanza\/#primaryimage"},"thumbnailUrl":"https:\/\/www.revistarambla.com\/wp-content\/uploads\/2025\/09\/Las-uvas-de-la-ira.jpg","datePublished":"2025-09-17T10:41:23+00:00","dateModified":"2025-09-27T07:40:11+00:00","breadcrumb":{"@id":"https:\/\/www.revistarambla.com\/la-uvas-de-la-ira-o-el-fracaso-de-la-esperanza\/#breadcrumb"},"inLanguage":"en-GB","potentialAction":[{"@type":"ReadAction","target":["https:\/\/www.revistarambla.com\/la-uvas-de-la-ira-o-el-fracaso-de-la-esperanza\/"]}]},{"@type":"ImageObject","inLanguage":"en-GB","@id":"https:\/\/www.revistarambla.com\/la-uvas-de-la-ira-o-el-fracaso-de-la-esperanza\/#primaryimage","url":"https:\/\/www.revistarambla.com\/wp-content\/uploads\/2025\/09\/Las-uvas-de-la-ira.jpg","contentUrl":"https:\/\/www.revistarambla.com\/wp-content\/uploads\/2025\/09\/Las-uvas-de-la-ira.jpg","width":1920,"height":1486,"caption":"Las uvas de la ira"},{"@type":"BreadcrumbList","@id":"https:\/\/www.revistarambla.com\/la-uvas-de-la-ira-o-el-fracaso-de-la-esperanza\/#breadcrumb","itemListElement":[{"@type":"ListItem","position":1,"name":"Portada","item":"https:\/\/www.revistarambla.com\/"},{"@type":"ListItem","position":2,"name":"&#8216;La uvas de la ira&#8217; o el fracaso de la esperanza"}]},{"@type":"WebSite","@id":"https:\/\/www.revistarambla.com\/#website","url":"https:\/\/www.revistarambla.com\/","name":"Revista Rambla Barcelona","description":"Periodismo independiente","publisher":{"@id":"https:\/\/www.revistarambla.com\/#organization"},"potentialAction":[{"@type":"SearchAction","target":{"@type":"EntryPoint","urlTemplate":"https:\/\/www.revistarambla.com\/?s={search_term_string}"},"query-input":{"@type":"PropertyValueSpecification","valueRequired":true,"valueName":"search_term_string"}}],"inLanguage":"en-GB"},{"@type":"Organization","@id":"https:\/\/www.revistarambla.com\/#organization","name":"Revista Rambla","url":"https:\/\/www.revistarambla.com\/","logo":{"@type":"ImageObject","inLanguage":"en-GB","@id":"https:\/\/www.revistarambla.com\/#\/schema\/logo\/image\/","url":"https:\/\/www.revistarambla.com\/wp-content\/uploads\/2020\/09\/banner_rambla_1900x600_BB.png","contentUrl":"https:\/\/www.revistarambla.com\/wp-content\/uploads\/2020\/09\/banner_rambla_1900x600_BB.png","width":1900,"height":600,"caption":"Revista Rambla"},"image":{"@id":"https:\/\/www.revistarambla.com\/#\/schema\/logo\/image\/"},"sameAs":["https:\/\/www.facebook.com\/revistarambla\/","https:\/\/x.com\/revistarambla","https:\/\/www.instagram.com\/revista_rambla","https:\/\/es.linkedin.com\/company\/revista-rambla"]},{"@type":"Person","@id":"https:\/\/www.revistarambla.com\/#\/schema\/person\/a146a5a2550b94981a75131180e1bd9c","name":"R@mbla","description":"Este art\u00edculo ha sido redactado y\/o validado por el equipo de redacci\u00f3n de Revista Rambla.","sameAs":["https:\/\/www.revistarambla.com\/","https:\/\/www.facebook.com\/revistarambla","https:\/\/x.com\/revistarambla"]}]}},"_links":{"self":[{"href":"https:\/\/www.revistarambla.com\/en\/wp-json\/wp\/v2\/posts\/66585","targetHints":{"allow":["GET"]}}],"collection":[{"href":"https:\/\/www.revistarambla.com\/en\/wp-json\/wp\/v2\/posts"}],"about":[{"href":"https:\/\/www.revistarambla.com\/en\/wp-json\/wp\/v2\/types\/post"}],"author":[{"embeddable":true,"href":"https:\/\/www.revistarambla.com\/en\/wp-json\/wp\/v2\/users\/3"}],"replies":[{"embeddable":true,"href":"https:\/\/www.revistarambla.com\/en\/wp-json\/wp\/v2\/comments?post=66585"}],"version-history":[{"count":4,"href":"https:\/\/www.revistarambla.com\/en\/wp-json\/wp\/v2\/posts\/66585\/revisions"}],"predecessor-version":[{"id":66611,"href":"https:\/\/www.revistarambla.com\/en\/wp-json\/wp\/v2\/posts\/66585\/revisions\/66611"}],"wp:featuredmedia":[{"embeddable":true,"href":"https:\/\/www.revistarambla.com\/en\/wp-json\/wp\/v2\/media\/66587"}],"wp:attachment":[{"href":"https:\/\/www.revistarambla.com\/en\/wp-json\/wp\/v2\/media?parent=66585"}],"wp:term":[{"taxonomy":"category","embeddable":true,"href":"https:\/\/www.revistarambla.com\/en\/wp-json\/wp\/v2\/categories?post=66585"},{"taxonomy":"post_tag","embeddable":true,"href":"https:\/\/www.revistarambla.com\/en\/wp-json\/wp\/v2\/tags?post=66585"}],"curies":[{"name":"wp","href":"https:\/\/api.w.org\/{rel}","templated":true}]}}