{"id":66574,"date":"2025-09-15T13:12:16","date_gmt":"2025-09-15T11:12:16","guid":{"rendered":"https:\/\/www.revistarambla.com\/?p=66574"},"modified":"2025-09-15T13:12:16","modified_gmt":"2025-09-15T11:12:16","slug":"los-anillos-fantasmales-del-mediterraneo-un-ecosistema-olvidado-bajo-las-olas","status":"publish","type":"post","link":"https:\/\/www.revistarambla.com\/en\/los-anillos-fantasmales-del-mediterraneo-un-ecosistema-olvidado-bajo-las-olas\/","title":{"rendered":"Los Anillos Fantasmales del Mediterr\u00e1neo: Un Ecosistema Olvidado Bajo las Olas"},"content":{"rendered":"<p>Imagina bucear a 120 metros de profundidad, donde la luz del sol se desvanece en un azul eterno, y de repente, el fondo marino se transforma en un vasto campo de olimpiadas geom\u00e9tricas<!--more-->: miles de c\u00edrculos perfectos, como huellas de un antiguo ritual c\u00f3smico, salpicados de manchas oscuras en sus centros. No es una alucinaci\u00f3n inducida por el nitr\u00f3geno disuelto, sino un descubrimiento que ha sacudido los cimientos de la oceanograf\u00eda: m\u00e1s de 1.300 anillos submarinos, extendidos como un tapiz viviente sobre 15 kil\u00f3metros cuadrados en el coraz\u00f3n del Mediterr\u00e1neo, frente a las costas de C\u00f3rcega. Estos \u00abanillos fantasmales\u00bb, como los ha bautizado el fot\u00f3grafo submarino Laurent Ballesta, no son meras formaciones geol\u00f3gicas inertes. Est\u00e1n vivos, pulsantes de un ecosistema \u00fanico que guarda secretos de hace 21.000 a\u00f1os y advierte sobre los peligros que acechan al mar en la era del cambio clim\u00e1tico.<\/p>\n<p>El hallazgo, que ha capturado la imaginaci\u00f3n de cient\u00edficos y exploradores por igual, se remonta a una exploraci\u00f3n rutinaria en 2011. Christine Pergent-Martini, bi\u00f3loga marina del Parque Nacional de Port-Cros en Francia, y su esposo G\u00e9rard Pergent, ocean\u00f3grafo de la Universidad de C\u00f3rcega, navegaban las aguas turquesas al noroeste de la isla corsa cuando sus ecosondas revelaron anomal\u00edas en el lecho marino. \u00abAl principio, pensamos que era un error del equipo\u00bb, recuerda Pergent-Martini en una entrevista exclusiva para *Oc\u00e9ano Profundo*. \u00abPero las im\u00e1genes mostraban patrones circulares demasiado precisos para ser casuales. Era como si el mar hubiera dibujado mandalas bajo el agua\u00bb. Aquel d\u00eda, lo que parec\u00eda un capricho de la naturaleza result\u00f3 ser la puerta a un mundo subacu\u00e1tico olvidado, un ecosistema que ha sobrevivido milenios de oscilaci\u00f3n clim\u00e1tica y ahora enfrenta amenazas modernas.<\/p>\n<p>Las expediciones posteriores, en 2020 y 2023, lideradas por Ballesta \u2014conocido por sus inmersiones en cuevas sumergidas y atolones remotos\u2014, confirmaron la magnitud del fen\u00f3meno. Usando sonares de alta resoluci\u00f3n y veh\u00edculos operados remotamente (ROV), el equipo cartografi\u00f3 un \u00e1rea de 15 kil\u00f3metros cuadrados a unos 120 metros de profundidad, a solo 650 kil\u00f3metros en l\u00ednea recta de Barcelona. Cada anillo mide aproximadamente 20 metros de di\u00e1metro, con bordes elevados formados por colonias de algas calc\u00e1reas rojas y rodolitos coralinos \u2014esferas vivientes de coral muerto recubiertas de vida algal\u2014. En el centro de cada uno, una mancha oscura, como un ojo negro vigilante, marca los restos f\u00f3siles de las algas originales. \u00abSon atolones coral\u00edgenos en miniatura\u00bb, explica Ballesta, cuya c\u00e1mara ha inmortalizado estas estructuras en una serie de fotograf\u00edas que parecen salidas de un sue\u00f1o surrealista. \u00abNo son est\u00e1ticos; est\u00e1n vivos. Las corrientes marinas moldean su crecimiento radial, creando esa simetr\u00eda perfecta que nos deja boquiabiertos\u00bb.<\/p>\n<p>Pero \u00bfc\u00f3mo se formaron estos anillos? La respuesta yace en las p\u00e1ginas heladas de la historia geol\u00f3gica. Dataciones por carbono-14 sit\u00faan su origen en el \u00daltimo M\u00e1ximo Glacial, hace unos 21.000 a\u00f1os, cuando el Mediterr\u00e1neo era un mar m\u00e1s bajo y somero. El nivel del agua hab\u00eda descendido hasta 120 metros por debajo del actual, exponiendo vastas plataformas continentales a la luz solar. En esas aguas cristalinas, a apenas 20 metros de profundidad, prosperaron densas praderas de algas coralinas (Litophyllum spp.), organismos calc\u00e1reos que construyen estructuras r\u00edgidas como el coral, pero m\u00e1s resistentes al fr\u00edo. Estas algas, fotosintetizadoras voraces, formaron colchones circulares que capturaban nutrientes y sedimentos, atrayendo invertebrados y peces en una danza ecol\u00f3gica primitiva.<\/p>\n<p>Con el fin de la glaciaci\u00f3n, el deshielo global elev\u00f3 el nivel del mar a un ritmo vertiginoso \u2014hasta un metro por siglo en algunas fases\u2014. Las praderas, sumergidas en la oscuridad perpetua, colapsaron. Sus esqueletos calc\u00e1reos se hundieron, formando las manchas centrales oscuras que hoy vemos como tumbas f\u00f3siles. Sin embargo, la vida no se rindi\u00f3. Nuevas colonias de algas y rodolitos se asentaron en los bordes elevados, alimentadas por corrientes upwelling que traen nutrientes desde las profundidades. \u00abEs un ejemplo perfecto de sucesi\u00f3n ecol\u00f3gica en condiciones extremas\u00bb, detalla G\u00e9rard Pergent en su estudio publicado en *Marine Ecology Progress Series*. \u00abEstos anillos son archivos vivos del pasado, testigos de c\u00f3mo la vida marina se adapta a cat\u00e1strofes globales\u00bb.<\/p>\n<p>Lo que hace a este ecosistema verdaderamente \u00fanico no es solo su antig\u00fcedad, sino su biodiversidad oculta, un santuario para especies que desaf\u00edan las normas del Mediterr\u00e1neo. En las inmersiones de 2023, Ballesta y su equipo \u2014compuesto por buceadores t\u00e9cnicos, genetistas y ec\u00f3logos del Instituto Franc\u00e9s de Investigaci\u00f3n para la Explotaci\u00f3n del Mar (Ifremer)\u2014 descubrieron un coral amarillo rar\u00edsimo, *Dendrophyllia cornigera*, t\u00edpico de aguas profundas atl\u00e1nticas pero aqu\u00ed, en un relicto glacial, formando jardines et\u00e9reos en los bordes de los anillos. \u00abEs como encontrar un dinosaurio vivo en tu jard\u00edn\u00bb, bromea Ballesta. Junto a \u00e9l, cangrejos \u00abdiablos\u00bb (*Dromia personata*) acechan en las grietas, sus pinzas cubiertas de esponjas venenosas como camuflaje perfecto. Peces como el *Scorpaena scrofa* (rascacio rojo) se esconden en las sombras, mientras que un descubrimiento estelar roba el protagonismo: una babosa marina azul, posiblemente una nueva especie de nudibranquio, registrada por primera vez en estas coordenadas. \u00abNunca hab\u00edamos visto algo as\u00ed en el Mediterr\u00e1neo occidental\u00bb, confiesa Pergent-Martini. \u00abSus patrones de fluorescencia bajo luz UV sugieren adaptaciones a la baja luminosidad, un truco evolutivo que podr\u00eda inspirar avances en biotecnolog\u00eda\u00bb.<\/p>\n<p>Este ecosistema no es un relicto aislado; es un nodo vital en la red marina mediterr\u00e1nea, que alberga el 7-10% de la biodiversidad mundial pese a ocupar solo el 0,7% de la superficie oce\u00e1nica. Los anillos act\u00faan como \u00aboasis\u00bb para la migraci\u00f3n de especies, filtrando nutrientes y estabilizando sedimentos en un mar cada vez m\u00e1s acidificado. Estudios preliminares del equipo indican que estos atolones coral\u00edgenos absorben di\u00f3xido de carbono a tasas 20 veces superiores a los arrecifes tropicales, posicion\u00e1ndolos como aliados inesperados contra el calentamiento global. \u00abEn un contexto de crisis clim\u00e1tica, estos anillos nos ense\u00f1an resiliencia\u00bb, afirma una Pergent-Martini apasionada. \u00abHan sobrevivido a glaciaciones; \u00bfpodremos nosotros protegerlos del antropoceno?\u00bb.<\/p>\n<p>Sin embargo, la belleza de estos c\u00edrculos conlleva una sombra amenazante. Ubicados bajo rutas mar\u00edtimas intensas \u2014el Mediterr\u00e1neo ve m\u00e1s de 30.000 buques al a\u00f1o\u2014, los anillos son vulnerables al fondeo de anclas, que pueden destrozar en minutos estructuras que tardaron milenios en formarse. En 2022, una sola tormenta con vientos de 100 km\/h arrastr\u00f3 sedimentos que cubrieron temporalmente un 15% de los anillos, asfixiando colonias de algas. El cambio clim\u00e1tico agrava el problema: el calentamiento de las aguas (+1,5\u00b0C desde 1980) provoca blanqueamientos en corales sensibles, mientras que la acidificaci\u00f3n disuelve los esqueletos calc\u00e1reos. \u00abEl 70% de las especies marinas siguen por descubrir\u00bb, advierte Ballesta, citando datos de la ONU. \u00abSi perdemos estos ecosistemas, perdemos p\u00e1ginas enteras de nuestro atlas biol\u00f3gico\u00bb.<\/p>\n<p>La respuesta cient\u00edfica ha sido r\u00e1pida, pero burocr\u00e1tica. Parte del \u00e1rea, unos 5 km\u00b2, cae dentro del Parque Marino de los Bouches de Bonifacio, donde el fondeo est\u00e1 restringido desde 2018. Sin embargo, el resto permanece expuesto. En marzo de 2025, el equipo de Pergent present\u00f3 una propuesta a la Uni\u00f3n Europea para declarar los anillos como Zona de Protecci\u00f3n Especial (ZPE), integr\u00e1ndolos en la Red Natura 2000. \u00abEs fundamental proteger estos h\u00e1bitats y comprender mejor su funcionamiento\u00bb, urge Pergent-Martini en su manifiesto. Organizaciones como WWF y Oceana han sumado fuerzas, lanzando campa\u00f1as de monitoreo con drones submarinos y apps ciudadanas para reportar avistamientos de da\u00f1os por anclas. Ballesta, por su parte, planea una expedici\u00f3n en 2026 con realidad aumentada, permitiendo a \u00abbuceadores virtuales\u00bb explorar los anillos desde sus salones.<\/p>\n<p>Este descubrimiento trasciende la mera curiosidad cient\u00edfica; es un llamado a la acci\u00f3n en un mar asediado. El Mediterr\u00e1neo, cuna de civilizaciones, es hoy uno de los mares m\u00e1s contaminados del planeta: pl\u00e1sticos, sobrepesca y urbanizaci\u00f3n costera lo estrangulan. Los anillos de C\u00f3rcega nos recuerdan que bajo sus olas azules yace un vasto desconocido \u2014el 80% del oc\u00e9ano permanece inexplorado\u2014. \u00abQuiz\u00e1s bajo las olas a\u00fan queden m\u00e1s sorpresas por revelar\u00bb, reflexiona Pergent-Martini, con la mirada perdida en el horizonte corsa. En un mundo donde el cambio clim\u00e1tico reescribe los mapas marinos, estos c\u00edrculos no son solo un ecosistema \u00fanico; son un espejo de nuestra propia fragilidad.<\/p>\n<p>Mientras el sol se pone sobre el mar, Ballesta guarda sus c\u00e1maras y anota en su diario: \u00abEl oc\u00e9ano no perdona la ignorancia. Pero tampoco la esperanza\u00bb. En los anillos del Mediterr\u00e1neo, la vida persiste, tejiendo sus patrones eternos. La pregunta es: \u00bfcu\u00e1nto tiempo m\u00e1s?<\/p>","protected":false},"excerpt":{"rendered":"<p>Imagina bucear a 120 metros de profundidad, donde la luz del sol se desvanece en un azul eterno, y de repente, el fondo marino se transforma en un vasto campo de olimpiadas geom\u00e9tricas<\/p>","protected":false},"author":3,"featured_media":66575,"comment_status":"closed","ping_status":"closed","sticky":false,"template":"","format":"standard","meta":{"footnotes":""},"categories":[4099],"tags":[],"class_list":["post-66574","post","type-post","status-publish","format-standard","has-post-thumbnail","hentry","category-otras-miradas"],"yoast_head":"<!-- This site is optimized with the Yoast SEO plugin v27.5 - https:\/\/yoast.com\/product\/yoast-seo-wordpress\/ -->\n<title>Los Anillos Fantasmales del Mediterr\u00e1neo: Un Ecosistema Olvidado Bajo las Olas - Revista Rambla<\/title>\n<meta name=\"robots\" content=\"index, follow, max-snippet:-1, max-image-preview:large, max-video-preview:-1\" \/>\n<link rel=\"canonical\" href=\"https:\/\/www.revistarambla.com\/en\/los-anillos-fantasmales-del-mediterraneo-un-ecosistema-olvidado-bajo-las-olas\/\" \/>\n<meta property=\"og:locale\" content=\"en_GB\" \/>\n<meta property=\"og:type\" content=\"article\" \/>\n<meta property=\"og:title\" content=\"Los Anillos Fantasmales del Mediterr\u00e1neo: Un Ecosistema Olvidado Bajo las Olas - Revista Rambla\" \/>\n<meta property=\"og:description\" content=\"Imagina bucear a 120 metros de profundidad, donde la luz del sol se desvanece en un azul eterno, y de repente, el fondo marino se transforma en un vasto campo de olimpiadas geom\u00e9tricas\" \/>\n<meta property=\"og:url\" content=\"https:\/\/www.revistarambla.com\/en\/los-anillos-fantasmales-del-mediterraneo-un-ecosistema-olvidado-bajo-las-olas\/\" \/>\n<meta property=\"og:site_name\" content=\"Revista Rambla\" \/>\n<meta property=\"article:publisher\" content=\"https:\/\/www.facebook.com\/revistarambla\/\" \/>\n<meta property=\"article:author\" content=\"https:\/\/www.facebook.com\/revistarambla\" \/>\n<meta property=\"article:published_time\" content=\"2025-09-15T11:12:16+00:00\" \/>\n<meta property=\"og:image\" content=\"https:\/\/www.revistarambla.com\/wp-content\/uploads\/2025\/09\/Los-Anillos-Fantasmales-del-Mediterraneo-Un-Ecosistema-Olvidado-Bajo-las-Olas.webp\" \/>\n\t<meta property=\"og:image:width\" content=\"1200\" \/>\n\t<meta property=\"og:image:height\" content=\"525\" \/>\n\t<meta property=\"og:image:type\" content=\"image\/webp\" \/>\n<meta name=\"author\" content=\"R@mbla\" \/>\n<meta name=\"twitter:card\" content=\"summary_large_image\" \/>\n<meta name=\"twitter:creator\" content=\"@revistarambla\" \/>\n<meta name=\"twitter:site\" content=\"@revistarambla\" \/>\n<meta name=\"twitter:label1\" content=\"Written by\" \/>\n\t<meta name=\"twitter:data1\" content=\"R@mbla\" \/>\n\t<meta name=\"twitter:label2\" content=\"Estimated reading time\" \/>\n\t<meta name=\"twitter:data2\" content=\"7 minutes\" \/>\n<script type=\"application\/ld+json\" class=\"yoast-schema-graph\">{\"@context\":\"https:\\\/\\\/schema.org\",\"@graph\":[{\"@type\":\"Article\",\"@id\":\"https:\\\/\\\/www.revistarambla.com\\\/los-anillos-fantasmales-del-mediterraneo-un-ecosistema-olvidado-bajo-las-olas\\\/#article\",\"isPartOf\":{\"@id\":\"https:\\\/\\\/www.revistarambla.com\\\/los-anillos-fantasmales-del-mediterraneo-un-ecosistema-olvidado-bajo-las-olas\\\/\"},\"author\":{\"name\":\"R@mbla\",\"@id\":\"https:\\\/\\\/www.revistarambla.com\\\/#\\\/schema\\\/person\\\/a146a5a2550b94981a75131180e1bd9c\"},\"headline\":\"Los Anillos Fantasmales del Mediterr\u00e1neo: Un Ecosistema Olvidado Bajo las Olas\",\"datePublished\":\"2025-09-15T11:12:16+00:00\",\"mainEntityOfPage\":{\"@id\":\"https:\\\/\\\/www.revistarambla.com\\\/los-anillos-fantasmales-del-mediterraneo-un-ecosistema-olvidado-bajo-las-olas\\\/\"},\"wordCount\":1482,\"publisher\":{\"@id\":\"https:\\\/\\\/www.revistarambla.com\\\/#organization\"},\"image\":{\"@id\":\"https:\\\/\\\/www.revistarambla.com\\\/los-anillos-fantasmales-del-mediterraneo-un-ecosistema-olvidado-bajo-las-olas\\\/#primaryimage\"},\"thumbnailUrl\":\"https:\\\/\\\/www.revistarambla.com\\\/wp-content\\\/uploads\\\/2025\\\/09\\\/Los-Anillos-Fantasmales-del-Mediterraneo-Un-Ecosistema-Olvidado-Bajo-las-Olas.webp\",\"articleSection\":[\"Otras Miradas\"],\"inLanguage\":\"en-GB\"},{\"@type\":\"WebPage\",\"@id\":\"https:\\\/\\\/www.revistarambla.com\\\/los-anillos-fantasmales-del-mediterraneo-un-ecosistema-olvidado-bajo-las-olas\\\/\",\"url\":\"https:\\\/\\\/www.revistarambla.com\\\/los-anillos-fantasmales-del-mediterraneo-un-ecosistema-olvidado-bajo-las-olas\\\/\",\"name\":\"Los Anillos Fantasmales del Mediterr\u00e1neo: Un Ecosistema Olvidado Bajo las Olas - Revista Rambla\",\"isPartOf\":{\"@id\":\"https:\\\/\\\/www.revistarambla.com\\\/#website\"},\"primaryImageOfPage\":{\"@id\":\"https:\\\/\\\/www.revistarambla.com\\\/los-anillos-fantasmales-del-mediterraneo-un-ecosistema-olvidado-bajo-las-olas\\\/#primaryimage\"},\"image\":{\"@id\":\"https:\\\/\\\/www.revistarambla.com\\\/los-anillos-fantasmales-del-mediterraneo-un-ecosistema-olvidado-bajo-las-olas\\\/#primaryimage\"},\"thumbnailUrl\":\"https:\\\/\\\/www.revistarambla.com\\\/wp-content\\\/uploads\\\/2025\\\/09\\\/Los-Anillos-Fantasmales-del-Mediterraneo-Un-Ecosistema-Olvidado-Bajo-las-Olas.webp\",\"datePublished\":\"2025-09-15T11:12:16+00:00\",\"breadcrumb\":{\"@id\":\"https:\\\/\\\/www.revistarambla.com\\\/los-anillos-fantasmales-del-mediterraneo-un-ecosistema-olvidado-bajo-las-olas\\\/#breadcrumb\"},\"inLanguage\":\"en-GB\",\"potentialAction\":[{\"@type\":\"ReadAction\",\"target\":[\"https:\\\/\\\/www.revistarambla.com\\\/los-anillos-fantasmales-del-mediterraneo-un-ecosistema-olvidado-bajo-las-olas\\\/\"]}]},{\"@type\":\"ImageObject\",\"inLanguage\":\"en-GB\",\"@id\":\"https:\\\/\\\/www.revistarambla.com\\\/los-anillos-fantasmales-del-mediterraneo-un-ecosistema-olvidado-bajo-las-olas\\\/#primaryimage\",\"url\":\"https:\\\/\\\/www.revistarambla.com\\\/wp-content\\\/uploads\\\/2025\\\/09\\\/Los-Anillos-Fantasmales-del-Mediterraneo-Un-Ecosistema-Olvidado-Bajo-las-Olas.webp\",\"contentUrl\":\"https:\\\/\\\/www.revistarambla.com\\\/wp-content\\\/uploads\\\/2025\\\/09\\\/Los-Anillos-Fantasmales-del-Mediterraneo-Un-Ecosistema-Olvidado-Bajo-las-Olas.webp\",\"width\":1200,\"height\":525,\"caption\":\"anillos fondo mediterraneo\"},{\"@type\":\"BreadcrumbList\",\"@id\":\"https:\\\/\\\/www.revistarambla.com\\\/los-anillos-fantasmales-del-mediterraneo-un-ecosistema-olvidado-bajo-las-olas\\\/#breadcrumb\",\"itemListElement\":[{\"@type\":\"ListItem\",\"position\":1,\"name\":\"Portada\",\"item\":\"https:\\\/\\\/www.revistarambla.com\\\/\"},{\"@type\":\"ListItem\",\"position\":2,\"name\":\"Los Anillos Fantasmales del Mediterr\u00e1neo: Un Ecosistema Olvidado Bajo las Olas\"}]},{\"@type\":\"WebSite\",\"@id\":\"https:\\\/\\\/www.revistarambla.com\\\/#website\",\"url\":\"https:\\\/\\\/www.revistarambla.com\\\/\",\"name\":\"Revista Rambla Barcelona\",\"description\":\"Periodismo independiente\",\"publisher\":{\"@id\":\"https:\\\/\\\/www.revistarambla.com\\\/#organization\"},\"potentialAction\":[{\"@type\":\"SearchAction\",\"target\":{\"@type\":\"EntryPoint\",\"urlTemplate\":\"https:\\\/\\\/www.revistarambla.com\\\/?s={search_term_string}\"},\"query-input\":{\"@type\":\"PropertyValueSpecification\",\"valueRequired\":true,\"valueName\":\"search_term_string\"}}],\"inLanguage\":\"en-GB\"},{\"@type\":\"Organization\",\"@id\":\"https:\\\/\\\/www.revistarambla.com\\\/#organization\",\"name\":\"Revista Rambla\",\"url\":\"https:\\\/\\\/www.revistarambla.com\\\/\",\"logo\":{\"@type\":\"ImageObject\",\"inLanguage\":\"en-GB\",\"@id\":\"https:\\\/\\\/www.revistarambla.com\\\/#\\\/schema\\\/logo\\\/image\\\/\",\"url\":\"https:\\\/\\\/www.revistarambla.com\\\/wp-content\\\/uploads\\\/2020\\\/09\\\/banner_rambla_1900x600_BB.png\",\"contentUrl\":\"https:\\\/\\\/www.revistarambla.com\\\/wp-content\\\/uploads\\\/2020\\\/09\\\/banner_rambla_1900x600_BB.png\",\"width\":1900,\"height\":600,\"caption\":\"Revista Rambla\"},\"image\":{\"@id\":\"https:\\\/\\\/www.revistarambla.com\\\/#\\\/schema\\\/logo\\\/image\\\/\"},\"sameAs\":[\"https:\\\/\\\/www.facebook.com\\\/revistarambla\\\/\",\"https:\\\/\\\/x.com\\\/revistarambla\",\"https:\\\/\\\/www.instagram.com\\\/revista_rambla\",\"https:\\\/\\\/es.linkedin.com\\\/company\\\/revista-rambla\"]},{\"@type\":\"Person\",\"@id\":\"https:\\\/\\\/www.revistarambla.com\\\/#\\\/schema\\\/person\\\/a146a5a2550b94981a75131180e1bd9c\",\"name\":\"R@mbla\",\"description\":\"Este art\u00edculo ha sido redactado y\\\/o validado por el equipo de redacci\u00f3n de Revista Rambla.\",\"sameAs\":[\"https:\\\/\\\/www.revistarambla.com\\\/\",\"https:\\\/\\\/www.facebook.com\\\/revistarambla\",\"https:\\\/\\\/x.com\\\/revistarambla\"]}]}<\/script>\n<!-- \/ Yoast SEO plugin. -->","yoast_head_json":{"title":"Los Anillos Fantasmales del Mediterr\u00e1neo: Un Ecosistema Olvidado Bajo las Olas - Revista Rambla","robots":{"index":"index","follow":"follow","max-snippet":"max-snippet:-1","max-image-preview":"max-image-preview:large","max-video-preview":"max-video-preview:-1"},"canonical":"https:\/\/www.revistarambla.com\/en\/los-anillos-fantasmales-del-mediterraneo-un-ecosistema-olvidado-bajo-las-olas\/","og_locale":"en_GB","og_type":"article","og_title":"Los Anillos Fantasmales del Mediterr\u00e1neo: Un Ecosistema Olvidado Bajo las Olas - Revista Rambla","og_description":"Imagina bucear a 120 metros de profundidad, donde la luz del sol se desvanece en un azul eterno, y de repente, el fondo marino se transforma en un vasto campo de olimpiadas geom\u00e9tricas","og_url":"https:\/\/www.revistarambla.com\/en\/los-anillos-fantasmales-del-mediterraneo-un-ecosistema-olvidado-bajo-las-olas\/","og_site_name":"Revista Rambla","article_publisher":"https:\/\/www.facebook.com\/revistarambla\/","article_author":"https:\/\/www.facebook.com\/revistarambla","article_published_time":"2025-09-15T11:12:16+00:00","og_image":[{"width":1200,"height":525,"url":"https:\/\/www.revistarambla.com\/wp-content\/uploads\/2025\/09\/Los-Anillos-Fantasmales-del-Mediterraneo-Un-Ecosistema-Olvidado-Bajo-las-Olas.webp","type":"image\/webp"}],"author":"R@mbla","twitter_card":"summary_large_image","twitter_creator":"@revistarambla","twitter_site":"@revistarambla","twitter_misc":{"Written by":"R@mbla","Estimated reading time":"7 minutes"},"schema":{"@context":"https:\/\/schema.org","@graph":[{"@type":"Article","@id":"https:\/\/www.revistarambla.com\/los-anillos-fantasmales-del-mediterraneo-un-ecosistema-olvidado-bajo-las-olas\/#article","isPartOf":{"@id":"https:\/\/www.revistarambla.com\/los-anillos-fantasmales-del-mediterraneo-un-ecosistema-olvidado-bajo-las-olas\/"},"author":{"name":"R@mbla","@id":"https:\/\/www.revistarambla.com\/#\/schema\/person\/a146a5a2550b94981a75131180e1bd9c"},"headline":"Los Anillos Fantasmales del Mediterr\u00e1neo: Un Ecosistema Olvidado Bajo las Olas","datePublished":"2025-09-15T11:12:16+00:00","mainEntityOfPage":{"@id":"https:\/\/www.revistarambla.com\/los-anillos-fantasmales-del-mediterraneo-un-ecosistema-olvidado-bajo-las-olas\/"},"wordCount":1482,"publisher":{"@id":"https:\/\/www.revistarambla.com\/#organization"},"image":{"@id":"https:\/\/www.revistarambla.com\/los-anillos-fantasmales-del-mediterraneo-un-ecosistema-olvidado-bajo-las-olas\/#primaryimage"},"thumbnailUrl":"https:\/\/www.revistarambla.com\/wp-content\/uploads\/2025\/09\/Los-Anillos-Fantasmales-del-Mediterraneo-Un-Ecosistema-Olvidado-Bajo-las-Olas.webp","articleSection":["Otras Miradas"],"inLanguage":"en-GB"},{"@type":"WebPage","@id":"https:\/\/www.revistarambla.com\/los-anillos-fantasmales-del-mediterraneo-un-ecosistema-olvidado-bajo-las-olas\/","url":"https:\/\/www.revistarambla.com\/los-anillos-fantasmales-del-mediterraneo-un-ecosistema-olvidado-bajo-las-olas\/","name":"Los Anillos Fantasmales del Mediterr\u00e1neo: Un Ecosistema Olvidado Bajo las Olas - Revista Rambla","isPartOf":{"@id":"https:\/\/www.revistarambla.com\/#website"},"primaryImageOfPage":{"@id":"https:\/\/www.revistarambla.com\/los-anillos-fantasmales-del-mediterraneo-un-ecosistema-olvidado-bajo-las-olas\/#primaryimage"},"image":{"@id":"https:\/\/www.revistarambla.com\/los-anillos-fantasmales-del-mediterraneo-un-ecosistema-olvidado-bajo-las-olas\/#primaryimage"},"thumbnailUrl":"https:\/\/www.revistarambla.com\/wp-content\/uploads\/2025\/09\/Los-Anillos-Fantasmales-del-Mediterraneo-Un-Ecosistema-Olvidado-Bajo-las-Olas.webp","datePublished":"2025-09-15T11:12:16+00:00","breadcrumb":{"@id":"https:\/\/www.revistarambla.com\/los-anillos-fantasmales-del-mediterraneo-un-ecosistema-olvidado-bajo-las-olas\/#breadcrumb"},"inLanguage":"en-GB","potentialAction":[{"@type":"ReadAction","target":["https:\/\/www.revistarambla.com\/los-anillos-fantasmales-del-mediterraneo-un-ecosistema-olvidado-bajo-las-olas\/"]}]},{"@type":"ImageObject","inLanguage":"en-GB","@id":"https:\/\/www.revistarambla.com\/los-anillos-fantasmales-del-mediterraneo-un-ecosistema-olvidado-bajo-las-olas\/#primaryimage","url":"https:\/\/www.revistarambla.com\/wp-content\/uploads\/2025\/09\/Los-Anillos-Fantasmales-del-Mediterraneo-Un-Ecosistema-Olvidado-Bajo-las-Olas.webp","contentUrl":"https:\/\/www.revistarambla.com\/wp-content\/uploads\/2025\/09\/Los-Anillos-Fantasmales-del-Mediterraneo-Un-Ecosistema-Olvidado-Bajo-las-Olas.webp","width":1200,"height":525,"caption":"anillos fondo mediterraneo"},{"@type":"BreadcrumbList","@id":"https:\/\/www.revistarambla.com\/los-anillos-fantasmales-del-mediterraneo-un-ecosistema-olvidado-bajo-las-olas\/#breadcrumb","itemListElement":[{"@type":"ListItem","position":1,"name":"Portada","item":"https:\/\/www.revistarambla.com\/"},{"@type":"ListItem","position":2,"name":"Los Anillos Fantasmales del Mediterr\u00e1neo: Un Ecosistema Olvidado Bajo las Olas"}]},{"@type":"WebSite","@id":"https:\/\/www.revistarambla.com\/#website","url":"https:\/\/www.revistarambla.com\/","name":"Revista Rambla Barcelona","description":"Periodismo independiente","publisher":{"@id":"https:\/\/www.revistarambla.com\/#organization"},"potentialAction":[{"@type":"SearchAction","target":{"@type":"EntryPoint","urlTemplate":"https:\/\/www.revistarambla.com\/?s={search_term_string}"},"query-input":{"@type":"PropertyValueSpecification","valueRequired":true,"valueName":"search_term_string"}}],"inLanguage":"en-GB"},{"@type":"Organization","@id":"https:\/\/www.revistarambla.com\/#organization","name":"Revista Rambla","url":"https:\/\/www.revistarambla.com\/","logo":{"@type":"ImageObject","inLanguage":"en-GB","@id":"https:\/\/www.revistarambla.com\/#\/schema\/logo\/image\/","url":"https:\/\/www.revistarambla.com\/wp-content\/uploads\/2020\/09\/banner_rambla_1900x600_BB.png","contentUrl":"https:\/\/www.revistarambla.com\/wp-content\/uploads\/2020\/09\/banner_rambla_1900x600_BB.png","width":1900,"height":600,"caption":"Revista Rambla"},"image":{"@id":"https:\/\/www.revistarambla.com\/#\/schema\/logo\/image\/"},"sameAs":["https:\/\/www.facebook.com\/revistarambla\/","https:\/\/x.com\/revistarambla","https:\/\/www.instagram.com\/revista_rambla","https:\/\/es.linkedin.com\/company\/revista-rambla"]},{"@type":"Person","@id":"https:\/\/www.revistarambla.com\/#\/schema\/person\/a146a5a2550b94981a75131180e1bd9c","name":"R@mbla","description":"Este art\u00edculo ha sido redactado y\/o validado por el equipo de redacci\u00f3n de Revista Rambla.","sameAs":["https:\/\/www.revistarambla.com\/","https:\/\/www.facebook.com\/revistarambla","https:\/\/x.com\/revistarambla"]}]}},"_links":{"self":[{"href":"https:\/\/www.revistarambla.com\/en\/wp-json\/wp\/v2\/posts\/66574","targetHints":{"allow":["GET"]}}],"collection":[{"href":"https:\/\/www.revistarambla.com\/en\/wp-json\/wp\/v2\/posts"}],"about":[{"href":"https:\/\/www.revistarambla.com\/en\/wp-json\/wp\/v2\/types\/post"}],"author":[{"embeddable":true,"href":"https:\/\/www.revistarambla.com\/en\/wp-json\/wp\/v2\/users\/3"}],"replies":[{"embeddable":true,"href":"https:\/\/www.revistarambla.com\/en\/wp-json\/wp\/v2\/comments?post=66574"}],"version-history":[{"count":1,"href":"https:\/\/www.revistarambla.com\/en\/wp-json\/wp\/v2\/posts\/66574\/revisions"}],"predecessor-version":[{"id":66576,"href":"https:\/\/www.revistarambla.com\/en\/wp-json\/wp\/v2\/posts\/66574\/revisions\/66576"}],"wp:featuredmedia":[{"embeddable":true,"href":"https:\/\/www.revistarambla.com\/en\/wp-json\/wp\/v2\/media\/66575"}],"wp:attachment":[{"href":"https:\/\/www.revistarambla.com\/en\/wp-json\/wp\/v2\/media?parent=66574"}],"wp:term":[{"taxonomy":"category","embeddable":true,"href":"https:\/\/www.revistarambla.com\/en\/wp-json\/wp\/v2\/categories?post=66574"},{"taxonomy":"post_tag","embeddable":true,"href":"https:\/\/www.revistarambla.com\/en\/wp-json\/wp\/v2\/tags?post=66574"}],"curies":[{"name":"wp","href":"https:\/\/api.w.org\/{rel}","templated":true}]}}