{"id":66553,"date":"2025-09-14T13:16:52","date_gmt":"2025-09-14T11:16:52","guid":{"rendered":"https:\/\/www.revistarambla.com\/?p=66553"},"modified":"2025-09-16T13:26:53","modified_gmt":"2025-09-16T11:26:53","slug":"la-izquierda-mediatica-se-olvida-de-las-dictaduras-arabes-en-la-vuelta","status":"publish","type":"post","link":"https:\/\/www.revistarambla.com\/en\/la-izquierda-mediatica-se-olvida-de-las-dictaduras-arabes-en-la-vuelta\/","title":{"rendered":"La izquierda medi\u00e1tica se olvida de las dictaduras \u00e1rabes en la Vuelta"},"content":{"rendered":"<p>Lo que est\u00e1 ocurriendo en Palestina es una barbaridad. No hay duda. Pero vayamos un poco m\u00e1s all\u00e1. A lo largo de 21 d\u00edas de Vuelta Ciclista a Espa\u00f1a, que finaliza hoy en Madrid, se han sucedido las protestas contra la participaci\u00f3n de un equipo israel\u00ed en la competici\u00f3n. El Israel-Premier Tech, dirigido por \u00d3scar Guerrero y con solo dos corredores israelitas en sus filas, tiene como objetivo preparar j\u00f3venes ciclistas de Israel y de otros pa\u00edses sin tradici\u00f3n cicl\u00edstica, para que tengan la oportunidad de ser parte de la familia del ciclismo profesional.\u00a0 Sin embargo, ya sea por ignorancia, desinter\u00e9s o casualidad, parece ser que nadie se haya percatado de que el equipo m\u00e1s importante en la Vuelta es el United Arabic Emirates (UAE), propiedad de las monarqu\u00edas \u00e1rabes del petr\u00f3leo, que rueda sin oposici\u00f3n mientras sus financiadores vulneran los derechos humanos en toda su expresi\u00f3n. Lo cierto es que ninguno de sus corredores es emirat\u00ed, pero \u00bfPor qu\u00e9 el silencio ante un equipo que promociona abiertamente una dictadura \u00e1rabe?<\/p>\n<p>El financiamiento del UAE Team Emirates XRG proviene directamente de los Emiratos \u00c1rabes Unidos (EAU), una federaci\u00f3n de siete emiratos gobernada por monarqu\u00edas absolutas, con Abu Dhabi y Dubai como los m\u00e1s influyentes. El principal patrocinador es Emirates Airlines, la aerol\u00ednea estatal de Dubai, que se uni\u00f3 en 2017 y dio origen al nombre actual del equipo. Antes de eso, el equipo era conocido como Lampre-Merida, un conjunto italiano que enfrentaba problemas financieros. En 2016, tras la salida de patrocinadores chinos, el equipo busc\u00f3 fondos en Oriente Medio y recibi\u00f3 apoyo del gobierno de Abu Dhabi, cambiando su nombre a UAE Abu Dhabi. En febrero de 2017, Emirates se incorpor\u00f3 como patrocinador titular, y el equipo adopt\u00f3 su denominaci\u00f3n actual: UAE Team Emirates. Operado por la compa\u00f1\u00eda suiza CGS Cycling, el equipo es una entidad registrada en los EAU, con un claro mandato de promover la imagen del pa\u00eds a nivel global.<\/p>\n<p>El nombre \u00abUAE Team Emirates\u00bb no es casualidad; es una estrategia deliberada de \u00ab<a href=\"https:\/\/www.revistarambla.com\/en\/el-sportwashing-en-el-futbol-europeo-amnistia-internacional-acusa-al-barca-por-su-acuerdo-con-la-rd-congo\/\">sportswashing<\/a>\u00ab, un t\u00e9rmino que describe c\u00f3mo reg\u00edmenes autoritarios utilizan el deporte para lavar su imagen internacional. Los EAU, un petroestado rico gracias al petr\u00f3leo y el gas, invierten miles de millones en eventos deportivos para proyectar una imagen de modernidad y progreso. Emirates Airlines, propiedad del gobierno de Dubai, patrocina no solo este equipo de ciclismo, sino tambi\u00e9n al Real Madrid, la F\u00f3rmula 1 y el Arsenal FC. En 2024, XRG \u2013una empresa energ\u00e9tica global\u2013 se uni\u00f3 como copatrocinador por seis a\u00f1os, renombrando el equipo a UAE Team Emirates XRG y reforzando su rol como embajador de los intereses energ\u00e9ticos emirat\u00edes. Este financiamiento estatal permite al equipo reclutar a los mejores talentos, como el esloveno Tadej Poga\u010dar (aunque no participa en esta Vuelta), y dominar el pelot\u00f3n. Sin embargo, este brillo deportivo oculta una realidad sombr\u00eda en los EAU.<\/p>\n<p dir=\"auto\">Los Emiratos \u00c1rabes Unidos son criticados internacionalmente por sistem\u00e1ticas violaciones a los derechos humanos. Seg\u00fan el informe World Report 2025 de Human Rights Watch, el gobierno impone severas restricciones a la libertad de expresi\u00f3n, asociaci\u00f3n y asamblea. Decenas de cr\u00edticos est\u00e1n en prisi\u00f3n por delitos como \u00abinsultar al estado\u00bb o \u00abdifundir informaci\u00f3n falsa\u00bb. En marzo de 2025, un tribunal emirat\u00ed rechaz\u00f3 apelaciones en el segundo juicio masivo m\u00e1s grande del pa\u00eds, confirmando condenas por supuestos lazos con la Hermandad Musulmana, en procesos calificados como injustos y opacos. Amnesty International reporta que las autoridades contin\u00faan criminalizando la libertad de expresi\u00f3n mediante m\u00faltiples leyes, castigando a cr\u00edticos con detenciones arbitrarias y tortura. En julio de 2024, expertos de la ONU expresaron consternaci\u00f3n por sentencias a cadena perpetua contra 43 personas, incluyendo defensores de derechos humanos, en juicios que violan est\u00e1ndares internacionales.<\/p>\n<p dir=\"auto\">Entre las vulneraciones m\u00e1s graves se encuentran la explotaci\u00f3n laboral de migrantes, que constituyen el 90% de la poblaci\u00f3n. Trabajadores de Asia y \u00c1frica enfrentan condiciones de esclavitud moderna bajo el sistema kafala, con pasaportes confiscados, salarios retenidos y abusos f\u00edsicos. La discriminaci\u00f3n contra mujeres es rampante: las leyes permiten la tutela masculina, y la violencia dom\u00e9stica no est\u00e1 adecuadamente penalizada. Adem\u00e1s, el gobierno reprime a la disidencia con vigilancia masiva, usando spyware como Pegasus para espiar a activistas y periodistas. En Yemen, fuerzas respaldadas por los EAU han sido acusadas de tortura y detenciones ilegales. En marzo de 2025, expertos de la ONU exigieron claridad sobre el paradero de un poeta y activista desaparecido forzosamente, temiendo graves violaciones. Freedom House califica a los EAU como \u00abno libres\u00bb en su reporte 2025, destacando abusos en detenciones y juicios.<\/p>\n<p dir=\"auto\">En cuanto a los derechos de las mujeres, pese a avances como mayor acceso a educaci\u00f3n y empleo, persiste discriminaci\u00f3n estructural. La Ley de Estatuto Personal discrimina en divorcio, custodia y herencia, requiriendo permiso paterno para que una mujer mueva a sus hijos o viaje en algunos casos. Aunque el 50% de esca\u00f1os parlamentarios son ocupados por mujeres en 2024, esto es por designaci\u00f3n, no elecci\u00f3n libre, y no aborda violencias dom\u00e9sticas ni desigualdades legales. HRW urge reformas m\u00e1s profundas, criticando que cambios recientes son insuficientes. El gobierno defiende su compromiso con la equidad, pero la brecha entre percepci\u00f3n y realidad es evidente.<\/p>\n<p dir=\"auto\">UAE Team Emirates XRG no es solo un equipo ciclista; es un veh\u00edculo para la imagen de una dictadura que viola derechos humanos sistem\u00e1ticamente. Su dominio en la Vuelta 2025, con t\u00e1cticas \u00ablocas\u00bb pero efectivas, deber\u00eda invitar a una reflexi\u00f3n m\u00e1s profunda sobre el rol del dinero estatal en el deporte. Mientras las protestas contra Israel contin\u00faan, el silencio sobre los EAU plantea preguntas sobre consistencia en la defensa de los derechos humanos. \u00bfLlegar\u00e1 el d\u00eda en que los manifestantes tambi\u00e9n bloqueen el camino a los emirat\u00edes? Hasta hoy, el pelot\u00f3n sigue rodando, impulsado por el petr\u00f3leo y la indiferencia.<\/p>","protected":false},"excerpt":{"rendered":"<p>Lo que est\u00e1 ocurriendo en Palestina es una barbaridad. No hay duda. Pero vayamos un poco m\u00e1s all\u00e1. A lo largo de 21 d\u00edas de Vuelta Ciclista a Espa\u00f1a, que finaliza hoy en Madrid, se han sucedido las protestas contra la participaci\u00f3n de un equipo israel\u00ed en la competici\u00f3n. El [&hellip;]<\/p>\n","protected":false},"author":3,"featured_media":66554,"comment_status":"closed","ping_status":"closed","sticky":false,"template":"","format":"standard","meta":{"footnotes":""},"categories":[58],"tags":[],"class_list":["post-66553","post","type-post","status-publish","format-standard","has-post-thumbnail","hentry","category-estado-espanol"],"yoast_head":"<!-- This site is optimized with the Yoast SEO plugin v27.5 - https:\/\/yoast.com\/product\/yoast-seo-wordpress\/ -->\n<title>La izquierda medi\u00e1tica se olvida de las dictaduras \u00e1rabes en la Vuelta - Revista Rambla<\/title>\n<meta name=\"robots\" content=\"index, follow, max-snippet:-1, max-image-preview:large, max-video-preview:-1\" \/>\n<link rel=\"canonical\" href=\"https:\/\/www.revistarambla.com\/en\/la-izquierda-mediatica-se-olvida-de-las-dictaduras-arabes-en-la-vuelta\/\" \/>\n<meta property=\"og:locale\" content=\"en_GB\" \/>\n<meta property=\"og:type\" content=\"article\" \/>\n<meta property=\"og:title\" content=\"La izquierda medi\u00e1tica se olvida de las dictaduras \u00e1rabes en la Vuelta - Revista Rambla\" \/>\n<meta property=\"og:description\" content=\"Lo que est\u00e1 ocurriendo en Palestina es una barbaridad. No hay duda. Pero vayamos un poco m\u00e1s all\u00e1. A lo largo de 21 d\u00edas de Vuelta Ciclista a Espa\u00f1a, que finaliza hoy en Madrid, se han sucedido las protestas contra la participaci\u00f3n de un equipo israel\u00ed en la competici\u00f3n. El [&hellip;]\" \/>\n<meta property=\"og:url\" content=\"https:\/\/www.revistarambla.com\/en\/la-izquierda-mediatica-se-olvida-de-las-dictaduras-arabes-en-la-vuelta\/\" \/>\n<meta property=\"og:site_name\" content=\"Revista Rambla\" \/>\n<meta property=\"article:publisher\" content=\"https:\/\/www.facebook.com\/revistarambla\/\" \/>\n<meta property=\"article:author\" content=\"https:\/\/www.facebook.com\/revistarambla\" \/>\n<meta property=\"article:published_time\" content=\"2025-09-14T11:16:52+00:00\" \/>\n<meta property=\"article:modified_time\" content=\"2025-09-16T11:26:53+00:00\" \/>\n<meta property=\"og:image\" content=\"https:\/\/www.revistarambla.com\/wp-content\/uploads\/2025\/09\/uae-emiratos-arabes-ciclistas.jpg\" \/>\n\t<meta property=\"og:image:width\" content=\"1024\" \/>\n\t<meta property=\"og:image:height\" content=\"682\" \/>\n\t<meta property=\"og:image:type\" content=\"image\/jpeg\" \/>\n<meta name=\"author\" content=\"R@mbla\" \/>\n<meta name=\"twitter:card\" content=\"summary_large_image\" \/>\n<meta name=\"twitter:creator\" content=\"@revistarambla\" \/>\n<meta name=\"twitter:site\" content=\"@revistarambla\" \/>\n<meta name=\"twitter:label1\" content=\"Written by\" \/>\n\t<meta name=\"twitter:data1\" content=\"R@mbla\" \/>\n\t<meta name=\"twitter:label2\" content=\"Estimated reading time\" \/>\n\t<meta name=\"twitter:data2\" content=\"5 minutes\" \/>\n<script type=\"application\/ld+json\" class=\"yoast-schema-graph\">{\"@context\":\"https:\\\/\\\/schema.org\",\"@graph\":[{\"@type\":\"Article\",\"@id\":\"https:\\\/\\\/www.revistarambla.com\\\/la-izquierda-mediatica-se-olvida-de-las-dictaduras-arabes-en-la-vuelta\\\/#article\",\"isPartOf\":{\"@id\":\"https:\\\/\\\/www.revistarambla.com\\\/la-izquierda-mediatica-se-olvida-de-las-dictaduras-arabes-en-la-vuelta\\\/\"},\"author\":{\"name\":\"R@mbla\",\"@id\":\"https:\\\/\\\/www.revistarambla.com\\\/#\\\/schema\\\/person\\\/a146a5a2550b94981a75131180e1bd9c\"},\"headline\":\"La izquierda medi\u00e1tica se olvida de las dictaduras \u00e1rabes en la Vuelta\",\"datePublished\":\"2025-09-14T11:16:52+00:00\",\"dateModified\":\"2025-09-16T11:26:53+00:00\",\"mainEntityOfPage\":{\"@id\":\"https:\\\/\\\/www.revistarambla.com\\\/la-izquierda-mediatica-se-olvida-de-las-dictaduras-arabes-en-la-vuelta\\\/\"},\"wordCount\":1030,\"publisher\":{\"@id\":\"https:\\\/\\\/www.revistarambla.com\\\/#organization\"},\"image\":{\"@id\":\"https:\\\/\\\/www.revistarambla.com\\\/la-izquierda-mediatica-se-olvida-de-las-dictaduras-arabes-en-la-vuelta\\\/#primaryimage\"},\"thumbnailUrl\":\"https:\\\/\\\/www.revistarambla.com\\\/wp-content\\\/uploads\\\/2025\\\/09\\\/uae-emiratos-arabes-ciclistas.jpg\",\"articleSection\":[\"Estado Espa\u00f1ol\"],\"inLanguage\":\"en-GB\"},{\"@type\":\"WebPage\",\"@id\":\"https:\\\/\\\/www.revistarambla.com\\\/la-izquierda-mediatica-se-olvida-de-las-dictaduras-arabes-en-la-vuelta\\\/\",\"url\":\"https:\\\/\\\/www.revistarambla.com\\\/la-izquierda-mediatica-se-olvida-de-las-dictaduras-arabes-en-la-vuelta\\\/\",\"name\":\"La izquierda medi\u00e1tica se olvida de las dictaduras \u00e1rabes en la Vuelta - Revista Rambla\",\"isPartOf\":{\"@id\":\"https:\\\/\\\/www.revistarambla.com\\\/#website\"},\"primaryImageOfPage\":{\"@id\":\"https:\\\/\\\/www.revistarambla.com\\\/la-izquierda-mediatica-se-olvida-de-las-dictaduras-arabes-en-la-vuelta\\\/#primaryimage\"},\"image\":{\"@id\":\"https:\\\/\\\/www.revistarambla.com\\\/la-izquierda-mediatica-se-olvida-de-las-dictaduras-arabes-en-la-vuelta\\\/#primaryimage\"},\"thumbnailUrl\":\"https:\\\/\\\/www.revistarambla.com\\\/wp-content\\\/uploads\\\/2025\\\/09\\\/uae-emiratos-arabes-ciclistas.jpg\",\"datePublished\":\"2025-09-14T11:16:52+00:00\",\"dateModified\":\"2025-09-16T11:26:53+00:00\",\"breadcrumb\":{\"@id\":\"https:\\\/\\\/www.revistarambla.com\\\/la-izquierda-mediatica-se-olvida-de-las-dictaduras-arabes-en-la-vuelta\\\/#breadcrumb\"},\"inLanguage\":\"en-GB\",\"potentialAction\":[{\"@type\":\"ReadAction\",\"target\":[\"https:\\\/\\\/www.revistarambla.com\\\/la-izquierda-mediatica-se-olvida-de-las-dictaduras-arabes-en-la-vuelta\\\/\"]}]},{\"@type\":\"ImageObject\",\"inLanguage\":\"en-GB\",\"@id\":\"https:\\\/\\\/www.revistarambla.com\\\/la-izquierda-mediatica-se-olvida-de-las-dictaduras-arabes-en-la-vuelta\\\/#primaryimage\",\"url\":\"https:\\\/\\\/www.revistarambla.com\\\/wp-content\\\/uploads\\\/2025\\\/09\\\/uae-emiratos-arabes-ciclistas.jpg\",\"contentUrl\":\"https:\\\/\\\/www.revistarambla.com\\\/wp-content\\\/uploads\\\/2025\\\/09\\\/uae-emiratos-arabes-ciclistas.jpg\",\"width\":1024,\"height\":682,\"caption\":\"ciclista emiratos arabes\"},{\"@type\":\"BreadcrumbList\",\"@id\":\"https:\\\/\\\/www.revistarambla.com\\\/la-izquierda-mediatica-se-olvida-de-las-dictaduras-arabes-en-la-vuelta\\\/#breadcrumb\",\"itemListElement\":[{\"@type\":\"ListItem\",\"position\":1,\"name\":\"Portada\",\"item\":\"https:\\\/\\\/www.revistarambla.com\\\/\"},{\"@type\":\"ListItem\",\"position\":2,\"name\":\"La izquierda medi\u00e1tica se olvida de las dictaduras \u00e1rabes en la Vuelta\"}]},{\"@type\":\"WebSite\",\"@id\":\"https:\\\/\\\/www.revistarambla.com\\\/#website\",\"url\":\"https:\\\/\\\/www.revistarambla.com\\\/\",\"name\":\"Revista Rambla Barcelona\",\"description\":\"Periodismo independiente\",\"publisher\":{\"@id\":\"https:\\\/\\\/www.revistarambla.com\\\/#organization\"},\"potentialAction\":[{\"@type\":\"SearchAction\",\"target\":{\"@type\":\"EntryPoint\",\"urlTemplate\":\"https:\\\/\\\/www.revistarambla.com\\\/?s={search_term_string}\"},\"query-input\":{\"@type\":\"PropertyValueSpecification\",\"valueRequired\":true,\"valueName\":\"search_term_string\"}}],\"inLanguage\":\"en-GB\"},{\"@type\":\"Organization\",\"@id\":\"https:\\\/\\\/www.revistarambla.com\\\/#organization\",\"name\":\"Revista Rambla\",\"url\":\"https:\\\/\\\/www.revistarambla.com\\\/\",\"logo\":{\"@type\":\"ImageObject\",\"inLanguage\":\"en-GB\",\"@id\":\"https:\\\/\\\/www.revistarambla.com\\\/#\\\/schema\\\/logo\\\/image\\\/\",\"url\":\"https:\\\/\\\/www.revistarambla.com\\\/wp-content\\\/uploads\\\/2020\\\/09\\\/banner_rambla_1900x600_BB.png\",\"contentUrl\":\"https:\\\/\\\/www.revistarambla.com\\\/wp-content\\\/uploads\\\/2020\\\/09\\\/banner_rambla_1900x600_BB.png\",\"width\":1900,\"height\":600,\"caption\":\"Revista Rambla\"},\"image\":{\"@id\":\"https:\\\/\\\/www.revistarambla.com\\\/#\\\/schema\\\/logo\\\/image\\\/\"},\"sameAs\":[\"https:\\\/\\\/www.facebook.com\\\/revistarambla\\\/\",\"https:\\\/\\\/x.com\\\/revistarambla\",\"https:\\\/\\\/www.instagram.com\\\/revista_rambla\",\"https:\\\/\\\/es.linkedin.com\\\/company\\\/revista-rambla\"]},{\"@type\":\"Person\",\"@id\":\"https:\\\/\\\/www.revistarambla.com\\\/#\\\/schema\\\/person\\\/a146a5a2550b94981a75131180e1bd9c\",\"name\":\"R@mbla\",\"description\":\"Este art\u00edculo ha sido redactado y\\\/o validado por el equipo de redacci\u00f3n de Revista Rambla.\",\"sameAs\":[\"https:\\\/\\\/www.revistarambla.com\\\/\",\"https:\\\/\\\/www.facebook.com\\\/revistarambla\",\"https:\\\/\\\/x.com\\\/revistarambla\"]}]}<\/script>\n<!-- \/ Yoast SEO plugin. -->","yoast_head_json":{"title":"La izquierda medi\u00e1tica se olvida de las dictaduras \u00e1rabes en la Vuelta - Revista Rambla","robots":{"index":"index","follow":"follow","max-snippet":"max-snippet:-1","max-image-preview":"max-image-preview:large","max-video-preview":"max-video-preview:-1"},"canonical":"https:\/\/www.revistarambla.com\/en\/la-izquierda-mediatica-se-olvida-de-las-dictaduras-arabes-en-la-vuelta\/","og_locale":"en_GB","og_type":"article","og_title":"La izquierda medi\u00e1tica se olvida de las dictaduras \u00e1rabes en la Vuelta - Revista Rambla","og_description":"Lo que est\u00e1 ocurriendo en Palestina es una barbaridad. No hay duda. Pero vayamos un poco m\u00e1s all\u00e1. A lo largo de 21 d\u00edas de Vuelta Ciclista a Espa\u00f1a, que finaliza hoy en Madrid, se han sucedido las protestas contra la participaci\u00f3n de un equipo israel\u00ed en la competici\u00f3n. El [&hellip;]","og_url":"https:\/\/www.revistarambla.com\/en\/la-izquierda-mediatica-se-olvida-de-las-dictaduras-arabes-en-la-vuelta\/","og_site_name":"Revista Rambla","article_publisher":"https:\/\/www.facebook.com\/revistarambla\/","article_author":"https:\/\/www.facebook.com\/revistarambla","article_published_time":"2025-09-14T11:16:52+00:00","article_modified_time":"2025-09-16T11:26:53+00:00","og_image":[{"width":1024,"height":682,"url":"https:\/\/www.revistarambla.com\/wp-content\/uploads\/2025\/09\/uae-emiratos-arabes-ciclistas.jpg","type":"image\/jpeg"}],"author":"R@mbla","twitter_card":"summary_large_image","twitter_creator":"@revistarambla","twitter_site":"@revistarambla","twitter_misc":{"Written by":"R@mbla","Estimated reading time":"5 minutes"},"schema":{"@context":"https:\/\/schema.org","@graph":[{"@type":"Article","@id":"https:\/\/www.revistarambla.com\/la-izquierda-mediatica-se-olvida-de-las-dictaduras-arabes-en-la-vuelta\/#article","isPartOf":{"@id":"https:\/\/www.revistarambla.com\/la-izquierda-mediatica-se-olvida-de-las-dictaduras-arabes-en-la-vuelta\/"},"author":{"name":"R@mbla","@id":"https:\/\/www.revistarambla.com\/#\/schema\/person\/a146a5a2550b94981a75131180e1bd9c"},"headline":"La izquierda medi\u00e1tica se olvida de las dictaduras \u00e1rabes en la Vuelta","datePublished":"2025-09-14T11:16:52+00:00","dateModified":"2025-09-16T11:26:53+00:00","mainEntityOfPage":{"@id":"https:\/\/www.revistarambla.com\/la-izquierda-mediatica-se-olvida-de-las-dictaduras-arabes-en-la-vuelta\/"},"wordCount":1030,"publisher":{"@id":"https:\/\/www.revistarambla.com\/#organization"},"image":{"@id":"https:\/\/www.revistarambla.com\/la-izquierda-mediatica-se-olvida-de-las-dictaduras-arabes-en-la-vuelta\/#primaryimage"},"thumbnailUrl":"https:\/\/www.revistarambla.com\/wp-content\/uploads\/2025\/09\/uae-emiratos-arabes-ciclistas.jpg","articleSection":["Estado Espa\u00f1ol"],"inLanguage":"en-GB"},{"@type":"WebPage","@id":"https:\/\/www.revistarambla.com\/la-izquierda-mediatica-se-olvida-de-las-dictaduras-arabes-en-la-vuelta\/","url":"https:\/\/www.revistarambla.com\/la-izquierda-mediatica-se-olvida-de-las-dictaduras-arabes-en-la-vuelta\/","name":"La izquierda medi\u00e1tica se olvida de las dictaduras \u00e1rabes en la Vuelta - Revista Rambla","isPartOf":{"@id":"https:\/\/www.revistarambla.com\/#website"},"primaryImageOfPage":{"@id":"https:\/\/www.revistarambla.com\/la-izquierda-mediatica-se-olvida-de-las-dictaduras-arabes-en-la-vuelta\/#primaryimage"},"image":{"@id":"https:\/\/www.revistarambla.com\/la-izquierda-mediatica-se-olvida-de-las-dictaduras-arabes-en-la-vuelta\/#primaryimage"},"thumbnailUrl":"https:\/\/www.revistarambla.com\/wp-content\/uploads\/2025\/09\/uae-emiratos-arabes-ciclistas.jpg","datePublished":"2025-09-14T11:16:52+00:00","dateModified":"2025-09-16T11:26:53+00:00","breadcrumb":{"@id":"https:\/\/www.revistarambla.com\/la-izquierda-mediatica-se-olvida-de-las-dictaduras-arabes-en-la-vuelta\/#breadcrumb"},"inLanguage":"en-GB","potentialAction":[{"@type":"ReadAction","target":["https:\/\/www.revistarambla.com\/la-izquierda-mediatica-se-olvida-de-las-dictaduras-arabes-en-la-vuelta\/"]}]},{"@type":"ImageObject","inLanguage":"en-GB","@id":"https:\/\/www.revistarambla.com\/la-izquierda-mediatica-se-olvida-de-las-dictaduras-arabes-en-la-vuelta\/#primaryimage","url":"https:\/\/www.revistarambla.com\/wp-content\/uploads\/2025\/09\/uae-emiratos-arabes-ciclistas.jpg","contentUrl":"https:\/\/www.revistarambla.com\/wp-content\/uploads\/2025\/09\/uae-emiratos-arabes-ciclistas.jpg","width":1024,"height":682,"caption":"ciclista emiratos arabes"},{"@type":"BreadcrumbList","@id":"https:\/\/www.revistarambla.com\/la-izquierda-mediatica-se-olvida-de-las-dictaduras-arabes-en-la-vuelta\/#breadcrumb","itemListElement":[{"@type":"ListItem","position":1,"name":"Portada","item":"https:\/\/www.revistarambla.com\/"},{"@type":"ListItem","position":2,"name":"La izquierda medi\u00e1tica se olvida de las dictaduras \u00e1rabes en la Vuelta"}]},{"@type":"WebSite","@id":"https:\/\/www.revistarambla.com\/#website","url":"https:\/\/www.revistarambla.com\/","name":"Revista Rambla Barcelona","description":"Periodismo independiente","publisher":{"@id":"https:\/\/www.revistarambla.com\/#organization"},"potentialAction":[{"@type":"SearchAction","target":{"@type":"EntryPoint","urlTemplate":"https:\/\/www.revistarambla.com\/?s={search_term_string}"},"query-input":{"@type":"PropertyValueSpecification","valueRequired":true,"valueName":"search_term_string"}}],"inLanguage":"en-GB"},{"@type":"Organization","@id":"https:\/\/www.revistarambla.com\/#organization","name":"Revista Rambla","url":"https:\/\/www.revistarambla.com\/","logo":{"@type":"ImageObject","inLanguage":"en-GB","@id":"https:\/\/www.revistarambla.com\/#\/schema\/logo\/image\/","url":"https:\/\/www.revistarambla.com\/wp-content\/uploads\/2020\/09\/banner_rambla_1900x600_BB.png","contentUrl":"https:\/\/www.revistarambla.com\/wp-content\/uploads\/2020\/09\/banner_rambla_1900x600_BB.png","width":1900,"height":600,"caption":"Revista Rambla"},"image":{"@id":"https:\/\/www.revistarambla.com\/#\/schema\/logo\/image\/"},"sameAs":["https:\/\/www.facebook.com\/revistarambla\/","https:\/\/x.com\/revistarambla","https:\/\/www.instagram.com\/revista_rambla","https:\/\/es.linkedin.com\/company\/revista-rambla"]},{"@type":"Person","@id":"https:\/\/www.revistarambla.com\/#\/schema\/person\/a146a5a2550b94981a75131180e1bd9c","name":"R@mbla","description":"Este art\u00edculo ha sido redactado y\/o validado por el equipo de redacci\u00f3n de Revista Rambla.","sameAs":["https:\/\/www.revistarambla.com\/","https:\/\/www.facebook.com\/revistarambla","https:\/\/x.com\/revistarambla"]}]}},"_links":{"self":[{"href":"https:\/\/www.revistarambla.com\/en\/wp-json\/wp\/v2\/posts\/66553","targetHints":{"allow":["GET"]}}],"collection":[{"href":"https:\/\/www.revistarambla.com\/en\/wp-json\/wp\/v2\/posts"}],"about":[{"href":"https:\/\/www.revistarambla.com\/en\/wp-json\/wp\/v2\/types\/post"}],"author":[{"embeddable":true,"href":"https:\/\/www.revistarambla.com\/en\/wp-json\/wp\/v2\/users\/3"}],"replies":[{"embeddable":true,"href":"https:\/\/www.revistarambla.com\/en\/wp-json\/wp\/v2\/comments?post=66553"}],"version-history":[{"count":4,"href":"https:\/\/www.revistarambla.com\/en\/wp-json\/wp\/v2\/posts\/66553\/revisions"}],"predecessor-version":[{"id":66584,"href":"https:\/\/www.revistarambla.com\/en\/wp-json\/wp\/v2\/posts\/66553\/revisions\/66584"}],"wp:featuredmedia":[{"embeddable":true,"href":"https:\/\/www.revistarambla.com\/en\/wp-json\/wp\/v2\/media\/66554"}],"wp:attachment":[{"href":"https:\/\/www.revistarambla.com\/en\/wp-json\/wp\/v2\/media?parent=66553"}],"wp:term":[{"taxonomy":"category","embeddable":true,"href":"https:\/\/www.revistarambla.com\/en\/wp-json\/wp\/v2\/categories?post=66553"},{"taxonomy":"post_tag","embeddable":true,"href":"https:\/\/www.revistarambla.com\/en\/wp-json\/wp\/v2\/tags?post=66553"}],"curies":[{"name":"wp","href":"https:\/\/api.w.org\/{rel}","templated":true}]}}