{"id":66547,"date":"2025-09-12T19:30:54","date_gmt":"2025-09-12T17:30:54","guid":{"rendered":"https:\/\/www.revistarambla.com\/?p=66547"},"modified":"2025-09-27T09:41:07","modified_gmt":"2025-09-27T07:41:07","slug":"la-decadencia-de-la-belleza","status":"publish","type":"post","link":"https:\/\/www.revistarambla.com\/en\/la-decadencia-de-la-belleza\/","title":{"rendered":"La decadencia de la belleza"},"content":{"rendered":"<p>Thomas Mann, uno de los pilares de la literatura alemana del siglo XX y ganador del Premio Nobel en 1929, public\u00f3 <em>Muerte en Venecia<\/em> (<em>Der Tod in Venedig<\/em>) en 1912, una novela corta que se erige como un monumento a la exploraci\u00f3n de los conflictos internos del artista moderno. Esta obra, ambientada en la opulenta, pero decadente Venecia de principios del siglo, entrelaza temas como la belleza ef\u00edmera, el deseo prohibido, la dicotom\u00eda entre el orden apol\u00edneo y el caos dionis\u00edaco, y la inevitable confrontaci\u00f3n con la muerte. Con una prosa precisa y simb\u00f3lica, Mann disecciona la psique de su protagonista, Gustav von Aschenbach, un escritor disciplinado cuya vida se desmorona ante la irrupci\u00f3n de una pasi\u00f3n irracional. Esta novela no solo refleja las tensiones culturales de la Europa preb\u00e9lica, sino que tambi\u00e9n anticipa las crisis existenciales del modernismo literario.<\/p>\n<p>Para comprender <em>Muerte en Venecia<\/em>, es esencial situarla en el contexto de la vida de Thomas Mann y la Europa de inicios del siglo XX. Mann, nacido en 1875 en L\u00fcbeck, proven\u00eda de una familia burguesa en declive, un tema recurrente en su obra. Influenciado por fil\u00f3sofos como Friedrich Nietzsche y Arthur Schopenhauer, Mann exploraba la tensi\u00f3n entre la raz\u00f3n y el instinto, un eco de la crisis cultural alemana ante la industrializaci\u00f3n y el ocaso del romanticismo. La novela se inspira en un viaje real de Mann a Venecia en 1911, donde observ\u00f3 a un joven polaco que le impresion\u00f3 por su belleza, aunque Mann neg\u00f3 cualquier paralelismo autobiogr\u00e1fico directo con la homosexualidad latente en la trama. Sin embargo, cr\u00edticos como Erich Heller han interpretado la obra como una confesi\u00f3n velada de las luchas internas de Mann, quien manten\u00eda una fachada de respetabilidad burguesa mientras lidiaba con impulsos er\u00f3ticos reprimidos.<\/p>\n<p>La Venecia de la novela no es mera escenograf\u00eda: representa la decadencia de una civilizaci\u00f3n. En 1912, Europa se tambaleaba hacia la Primera Guerra Mundial, y Mann captura esa atm\u00f3sfera de fin de ciclo, donde la belleza cl\u00e1sica choca con la podredumbre moderna. La epidemia de c\u00f3lera que azota la ciudad simboliza no solo una amenaza f\u00edsica, sino tambi\u00e9n moral y espiritual, reflejando las ansiedades colectivas de una sociedad en transici\u00f3n.<\/p>\n<p>La novela se estructura como una progresi\u00f3n inexorable hacia la disoluci\u00f3n, dividida en cinco cap\u00edtulos que siguen el viaje psicol\u00f3gico de Aschenbach. El protagonista, un escritor viudo y c\u00e9lebre por su disciplina asc\u00e9tica, decide viajar a Venecia para romper con su rutina opresiva en M\u00fanich. All\u00ed, en el Lido, se obsesiona con Tadzio, un adolescente polaco de belleza andr\u00f3gina que evoca las estatuas griegas cl\u00e1sicas. Esta fascinaci\u00f3n, inicialmente est\u00e9tica, se transforma en un deseo er\u00f3tico que erosiona su autocontrol. Paralelamente, una plaga de c\u00f3lera se propaga en secreto por la ciudad, y Aschenbach, consciente del peligro, elige permanecer, priorizando su obsesi\u00f3n sobre su supervivencia.<\/p>\n<p>Mann emplea una narrativa en tercera persona limitada, focalizada en la mente de Aschenbach, lo que permite un acceso \u00edntimo a sus racionalizaciones y delirios. La estructura es sim\u00e9trica: el ascenso apol\u00edneo (orden, belleza idealizada) da paso al descenso dionis\u00edaco (caos, instinto desatado), culminando en una visi\u00f3n on\u00edrica donde Aschenbach sucumbe a un \u00e9xtasis pagano. Esta progresi\u00f3n no es lineal, sino c\u00edclica, con motivos recurrentes como el gondolero siniestro (un Caronte moderno) y el mar Adri\u00e1tico, s\u00edmbolo de lo infinito y lo abismal.<\/p>\n<p>En el coraz\u00f3n de <em>Muerte en Venecia<\/em> yace la exploraci\u00f3n de la belleza como fuerza destructiva. Aschenbach, modelado en figuras como Gustav Mahler o Richard Wagner, representa al artista que sublima sus impulsos en la creaci\u00f3n. Su admiraci\u00f3n por Tadzio no es meramente peder\u00e1stica \u2014un tema controvertido que ha generado debates sobre la representaci\u00f3n de la homosexualidad en la literatura\u2014, sino una alegor\u00eda de la b\u00fasqueda plat\u00f3nica de lo ideal. Mann invoca el <em>Banquete<\/em> de Plat\u00f3n, donde el amor por la belleza corporal eleva al alma, pero aqu\u00ed se invierte: el deseo conduce a la degradaci\u00f3n. Tadzio, mudo y et\u00e9reo, es un \u00eddolo pasivo, un espejo en el que Aschenbach proyecta su propio envejecimiento y vac\u00edo existencial.<\/p>\n<p>La dicotom\u00eda apol\u00edneo-dionis\u00edaca, tomada de Nietzsche en <em>El nacimiento de la tragedia<\/em>, es esencial. Aschenbach encarna lo apol\u00edneo: forma, disciplina, racionalidad. Venecia, con su arquitectura renacentista en ruinas, introduce lo dionis\u00edaco: exceso, irracionalidad, muerte. La plaga act\u00faa como catalizador, simbolizando la irrupci\u00f3n del caos en el orden burgu\u00e9s. Cr\u00edticos como T.J. Reed argumentan que Mann critica la represi\u00f3n cultural alemana, sugiriendo que la negaci\u00f3n de los instintos lleva a la autodestrucci\u00f3n. Adem\u00e1s, la novela aborda la crisis del arte moderno: \u00bfpuede el artista sobrevivir al contacto con la vida real, o debe mantenerse en una torre de marfil? Aschenbach muere no por la enfermedad, sino por su incapacidad para reconciliar arte y deseo.<\/p>\n<p>Otro tema subyacente es la decadencia europea. Venecia, \u00abla reina del Adri\u00e1tico\u00bb, es un microcosmos de una civilizaci\u00f3n en declive, donde el turismo burgu\u00e9s oculta la podredumbre. Mann usa simbolismo sensorial: el hedor de la laguna, el siroco opresivo, contrastan con la luminosidad de Tadzio, enfatizando la transitoriedad de la belleza. Esta alegor\u00eda resuena en la posguerra, influenciando obras como <em>El gran Gatsby<\/em> de Fitzgerald o <em>La monta\u00f1a m\u00e1gica <\/em>del propio Mann.<\/p>\n<p>El estilo de Mann es magistral: una prosa densa, ir\u00f3nica y alusiva, que combina precisi\u00f3n cl\u00e1sica con insinuaciones modernas. Emplea leitmotiv wagnerianos \u2014como la sonrisa de Tadzio o el maquillaje de Aschenbach\u2014 para tejer una red simb\u00f3lica. La iron\u00eda narrativa es sutil: el narrador admira a Aschenbach mientras expone su hipocres\u00eda, creando una distancia cr\u00edtica que invita al lector a juzgar. El lenguaje evoca la Grecia antigua, con referencias a Homero y Eur\u00edpides, fusionando clasicismo y decadencia simbolista.<\/p>\n<p>Mann tambi\u00e9n juega con la ambig\u00fcedad: \u00bfes el deseo de Aschenbach patol\u00f3gico o sublime? Esta indefinici\u00f3n enriquece la obra, permitiendo interpretaciones psicoanal\u00edticas (Freudianas, dada la obsesi\u00f3n con la madre de Tadzio) o existenciales (Camusianas, en la aceptaci\u00f3n absurda de la muerte).<\/p>\n<h3>La adaptaci\u00f3n cinematogr\u00e1fica de Luchino Visconti<\/h3>\n<p>En 1971, Luchino Visconti, maestro del neorrealismo italiano evolucionado hacia el melodrama oper\u00edstico, adapt\u00f3 <em>Muerte en Venecia<\/em> en una pel\u00edcula hom\u00f3nima que traslada la novela a un lienzo visual suntuoso. Protagonizada por Dirk Bogarde como Aschenbach \u2014aqu\u00ed transformado en compositor, inspirado en Mahler\u2014, la cinta amplifica la sensualidad latente en el texto de Mann. Visconti, abiertamente homosexual, infunde a la obra un homoerotismo m\u00e1s expl\u00edcito, con tomas prolongadas de Tadzio (Bj\u00f6rn Andr\u00e9sen) que bordean el voyeurismo, contrastando con la represi\u00f3n verbal de la novela.<\/p>\n<p>Una diferencia clave es el cambio de profesi\u00f3n de Aschenbach: como compositor, Visconti incorpora la Adagietto de la Quinta Sinfon\u00eda de Mahler, convirtiendo la banda sonora en un personaje m\u00e1s. Esta elecci\u00f3n no solo evoca la muerte de Mahler en 1911, sino que a\u00f1ade capas emocionales ausentes en el libro, donde la m\u00fasica es metaf\u00f3rica. La Venecia de Visconti es opulenta y decadente, filmada en Technicolor con una fotograf\u00eda de Pasqualino De Santis que captura la luz dorada y las sombras putrefactas, simbolizando el declive interior del protagonista.<\/p>\n<p>Sin embargo, la adaptaci\u00f3n no es fiel en todos los aspectos. Visconti introduce flashbacks que exploran el pasado de Aschenbach, incluyendo debates sobre arte con un amigo (basado en Alfred, un personaje inventado), lo que diluye la introspecci\u00f3n solitaria de la novela. Cr\u00edticos como Pauline Kael elogiaron la fidelidad tem\u00e1tica, pero criticaron el ritmo lento, que emula la languidez veneciana. La pel\u00edcula enfatiza el tema de la belleza como trampa mortal, culminando en la escena ic\u00f3nica de Aschenbach muriendo en la playa, con maquillaje corrido, mientras observa a Tadzio se\u00f1alando al horizonte \u2014un gesto po\u00e9tico al \u00e9xtasis dionis\u00edaco.<\/p>\n<p>En t\u00e9rminos culturales, la cinta de Visconti populariz\u00f3 la novela, influyendo en el cine queer posterior (pi\u00e9nsese en <em>Call Me by Your Name<\/em> de Guadagnino). No obstante, algunos puristas argumentan que sacrifica la sutileza ir\u00f3nica de Mann por un esteticismo visual excesivo, convirtiendo la obsesi\u00f3n en espect\u00e1culo.<\/p>\n<p><em>Muerte en Venecia<\/em> de Thomas Mann permanece como una obra f\u00e9rtil, un espejo de las contradicciones humanas donde la b\u00fasqueda de la belleza absoluta conduce al abismo. Su an\u00e1lisis revela no solo las tensiones psicol\u00f3gicas del individuo, sino tambi\u00e9n las fracturas de una era. La adaptaci\u00f3n de Visconti, aunque transformadora, enriquece el di\u00e1logo entre literatura y cine, demostrando c\u00f3mo un texto puede renacer en im\u00e1genes. En un mundo contempor\u00e1neo obsesionado con la juventud y la perfecci\u00f3n est\u00e9tica \u2014pensemos en las redes sociales\u2014, la novela advierte sobre los peligros de la idealizaci\u00f3n. Mann nos deja con una pregunta eterna: \u00bfes la belleza, salvaci\u00f3n o condena? En Venecia, la respuesta yace en las aguas turbias de la laguna, eternamente ambigua.<\/p>","protected":false},"excerpt":{"rendered":"<p>Un an\u00e1lisis literario de &#8216;Muerte en Venecia&#8217; de Thomas Mann y su adaptaci\u00f3n cinematogr\u00e1fica por Luchino Visconti<\/p>","protected":false},"author":3,"featured_media":66548,"comment_status":"closed","ping_status":"closed","sticky":false,"template":"","format":"standard","meta":{"footnotes":""},"categories":[60],"tags":[],"class_list":["post-66547","post","type-post","status-publish","format-standard","has-post-thumbnail","hentry","category-libros"],"yoast_head":"<!-- This site is optimized with the Yoast SEO plugin v27.5 - https:\/\/yoast.com\/product\/yoast-seo-wordpress\/ -->\n<title>La decadencia de la belleza - Revista Rambla<\/title>\n<meta name=\"robots\" content=\"index, follow, max-snippet:-1, max-image-preview:large, max-video-preview:-1\" \/>\n<link rel=\"canonical\" href=\"https:\/\/www.revistarambla.com\/en\/la-decadencia-de-la-belleza\/\" \/>\n<meta property=\"og:locale\" content=\"en_GB\" \/>\n<meta property=\"og:type\" content=\"article\" \/>\n<meta property=\"og:title\" content=\"La decadencia de la belleza - Revista Rambla\" \/>\n<meta property=\"og:description\" content=\"Un an\u00e1lisis literario de &#039;Muerte en Venecia&#039; de Thomas Mann y su adaptaci\u00f3n cinematogr\u00e1fica por Luchino Visconti\" \/>\n<meta property=\"og:url\" content=\"https:\/\/www.revistarambla.com\/en\/la-decadencia-de-la-belleza\/\" \/>\n<meta property=\"og:site_name\" content=\"Revista Rambla\" \/>\n<meta property=\"article:publisher\" content=\"https:\/\/www.facebook.com\/revistarambla\/\" \/>\n<meta property=\"article:author\" content=\"https:\/\/www.facebook.com\/revistarambla\" \/>\n<meta property=\"article:published_time\" content=\"2025-09-12T17:30:54+00:00\" \/>\n<meta property=\"article:modified_time\" content=\"2025-09-27T07:41:07+00:00\" \/>\n<meta property=\"og:image\" content=\"https:\/\/www.revistarambla.com\/wp-content\/uploads\/2025\/09\/architecture-fog-boat-morning-building-city-843548-pxhere.com_.jpg\" \/>\n\t<meta property=\"og:image:width\" content=\"1280\" \/>\n\t<meta property=\"og:image:height\" content=\"780\" \/>\n\t<meta property=\"og:image:type\" content=\"image\/jpeg\" \/>\n<meta name=\"author\" content=\"R@mbla\" \/>\n<meta name=\"twitter:card\" content=\"summary_large_image\" \/>\n<meta name=\"twitter:creator\" content=\"@revistarambla\" \/>\n<meta name=\"twitter:site\" content=\"@revistarambla\" \/>\n<meta name=\"twitter:label1\" content=\"Written by\" \/>\n\t<meta name=\"twitter:data1\" content=\"R@mbla\" \/>\n\t<meta name=\"twitter:label2\" content=\"Estimated reading time\" \/>\n\t<meta name=\"twitter:data2\" content=\"7 minutes\" \/>\n<script type=\"application\/ld+json\" class=\"yoast-schema-graph\">{\"@context\":\"https:\\\/\\\/schema.org\",\"@graph\":[{\"@type\":\"Article\",\"@id\":\"https:\\\/\\\/www.revistarambla.com\\\/la-decadencia-de-la-belleza\\\/#article\",\"isPartOf\":{\"@id\":\"https:\\\/\\\/www.revistarambla.com\\\/la-decadencia-de-la-belleza\\\/\"},\"author\":{\"name\":\"R@mbla\",\"@id\":\"https:\\\/\\\/www.revistarambla.com\\\/#\\\/schema\\\/person\\\/a146a5a2550b94981a75131180e1bd9c\"},\"headline\":\"La decadencia de la belleza\",\"datePublished\":\"2025-09-12T17:30:54+00:00\",\"dateModified\":\"2025-09-27T07:41:07+00:00\",\"mainEntityOfPage\":{\"@id\":\"https:\\\/\\\/www.revistarambla.com\\\/la-decadencia-de-la-belleza\\\/\"},\"wordCount\":1556,\"publisher\":{\"@id\":\"https:\\\/\\\/www.revistarambla.com\\\/#organization\"},\"image\":{\"@id\":\"https:\\\/\\\/www.revistarambla.com\\\/la-decadencia-de-la-belleza\\\/#primaryimage\"},\"thumbnailUrl\":\"https:\\\/\\\/www.revistarambla.com\\\/wp-content\\\/uploads\\\/2025\\\/09\\\/architecture-fog-boat-morning-building-city-843548-pxhere.com_.jpg\",\"articleSection\":[\"Libros\"],\"inLanguage\":\"en-GB\"},{\"@type\":\"WebPage\",\"@id\":\"https:\\\/\\\/www.revistarambla.com\\\/la-decadencia-de-la-belleza\\\/\",\"url\":\"https:\\\/\\\/www.revistarambla.com\\\/la-decadencia-de-la-belleza\\\/\",\"name\":\"La decadencia de la belleza - Revista Rambla\",\"isPartOf\":{\"@id\":\"https:\\\/\\\/www.revistarambla.com\\\/#website\"},\"primaryImageOfPage\":{\"@id\":\"https:\\\/\\\/www.revistarambla.com\\\/la-decadencia-de-la-belleza\\\/#primaryimage\"},\"image\":{\"@id\":\"https:\\\/\\\/www.revistarambla.com\\\/la-decadencia-de-la-belleza\\\/#primaryimage\"},\"thumbnailUrl\":\"https:\\\/\\\/www.revistarambla.com\\\/wp-content\\\/uploads\\\/2025\\\/09\\\/architecture-fog-boat-morning-building-city-843548-pxhere.com_.jpg\",\"datePublished\":\"2025-09-12T17:30:54+00:00\",\"dateModified\":\"2025-09-27T07:41:07+00:00\",\"breadcrumb\":{\"@id\":\"https:\\\/\\\/www.revistarambla.com\\\/la-decadencia-de-la-belleza\\\/#breadcrumb\"},\"inLanguage\":\"en-GB\",\"potentialAction\":[{\"@type\":\"ReadAction\",\"target\":[\"https:\\\/\\\/www.revistarambla.com\\\/la-decadencia-de-la-belleza\\\/\"]}]},{\"@type\":\"ImageObject\",\"inLanguage\":\"en-GB\",\"@id\":\"https:\\\/\\\/www.revistarambla.com\\\/la-decadencia-de-la-belleza\\\/#primaryimage\",\"url\":\"https:\\\/\\\/www.revistarambla.com\\\/wp-content\\\/uploads\\\/2025\\\/09\\\/architecture-fog-boat-morning-building-city-843548-pxhere.com_.jpg\",\"contentUrl\":\"https:\\\/\\\/www.revistarambla.com\\\/wp-content\\\/uploads\\\/2025\\\/09\\\/architecture-fog-boat-morning-building-city-843548-pxhere.com_.jpg\",\"width\":1280,\"height\":780,\"caption\":\"Muerte en Venecia\"},{\"@type\":\"BreadcrumbList\",\"@id\":\"https:\\\/\\\/www.revistarambla.com\\\/la-decadencia-de-la-belleza\\\/#breadcrumb\",\"itemListElement\":[{\"@type\":\"ListItem\",\"position\":1,\"name\":\"Portada\",\"item\":\"https:\\\/\\\/www.revistarambla.com\\\/\"},{\"@type\":\"ListItem\",\"position\":2,\"name\":\"La decadencia de la belleza\"}]},{\"@type\":\"WebSite\",\"@id\":\"https:\\\/\\\/www.revistarambla.com\\\/#website\",\"url\":\"https:\\\/\\\/www.revistarambla.com\\\/\",\"name\":\"Revista Rambla Barcelona\",\"description\":\"Periodismo independiente\",\"publisher\":{\"@id\":\"https:\\\/\\\/www.revistarambla.com\\\/#organization\"},\"potentialAction\":[{\"@type\":\"SearchAction\",\"target\":{\"@type\":\"EntryPoint\",\"urlTemplate\":\"https:\\\/\\\/www.revistarambla.com\\\/?s={search_term_string}\"},\"query-input\":{\"@type\":\"PropertyValueSpecification\",\"valueRequired\":true,\"valueName\":\"search_term_string\"}}],\"inLanguage\":\"en-GB\"},{\"@type\":\"Organization\",\"@id\":\"https:\\\/\\\/www.revistarambla.com\\\/#organization\",\"name\":\"Revista Rambla\",\"url\":\"https:\\\/\\\/www.revistarambla.com\\\/\",\"logo\":{\"@type\":\"ImageObject\",\"inLanguage\":\"en-GB\",\"@id\":\"https:\\\/\\\/www.revistarambla.com\\\/#\\\/schema\\\/logo\\\/image\\\/\",\"url\":\"https:\\\/\\\/www.revistarambla.com\\\/wp-content\\\/uploads\\\/2020\\\/09\\\/banner_rambla_1900x600_BB.png\",\"contentUrl\":\"https:\\\/\\\/www.revistarambla.com\\\/wp-content\\\/uploads\\\/2020\\\/09\\\/banner_rambla_1900x600_BB.png\",\"width\":1900,\"height\":600,\"caption\":\"Revista Rambla\"},\"image\":{\"@id\":\"https:\\\/\\\/www.revistarambla.com\\\/#\\\/schema\\\/logo\\\/image\\\/\"},\"sameAs\":[\"https:\\\/\\\/www.facebook.com\\\/revistarambla\\\/\",\"https:\\\/\\\/x.com\\\/revistarambla\",\"https:\\\/\\\/www.instagram.com\\\/revista_rambla\",\"https:\\\/\\\/es.linkedin.com\\\/company\\\/revista-rambla\"]},{\"@type\":\"Person\",\"@id\":\"https:\\\/\\\/www.revistarambla.com\\\/#\\\/schema\\\/person\\\/a146a5a2550b94981a75131180e1bd9c\",\"name\":\"R@mbla\",\"description\":\"Este art\u00edculo ha sido redactado y\\\/o validado por el equipo de redacci\u00f3n de Revista Rambla.\",\"sameAs\":[\"https:\\\/\\\/www.revistarambla.com\\\/\",\"https:\\\/\\\/www.facebook.com\\\/revistarambla\",\"https:\\\/\\\/x.com\\\/revistarambla\"]}]}<\/script>\n<!-- \/ Yoast SEO plugin. -->","yoast_head_json":{"title":"La decadencia de la belleza - Revista Rambla","robots":{"index":"index","follow":"follow","max-snippet":"max-snippet:-1","max-image-preview":"max-image-preview:large","max-video-preview":"max-video-preview:-1"},"canonical":"https:\/\/www.revistarambla.com\/en\/la-decadencia-de-la-belleza\/","og_locale":"en_GB","og_type":"article","og_title":"La decadencia de la belleza - Revista Rambla","og_description":"Un an\u00e1lisis literario de 'Muerte en Venecia' de Thomas Mann y su adaptaci\u00f3n cinematogr\u00e1fica por Luchino Visconti","og_url":"https:\/\/www.revistarambla.com\/en\/la-decadencia-de-la-belleza\/","og_site_name":"Revista Rambla","article_publisher":"https:\/\/www.facebook.com\/revistarambla\/","article_author":"https:\/\/www.facebook.com\/revistarambla","article_published_time":"2025-09-12T17:30:54+00:00","article_modified_time":"2025-09-27T07:41:07+00:00","og_image":[{"width":1280,"height":780,"url":"https:\/\/www.revistarambla.com\/wp-content\/uploads\/2025\/09\/architecture-fog-boat-morning-building-city-843548-pxhere.com_.jpg","type":"image\/jpeg"}],"author":"R@mbla","twitter_card":"summary_large_image","twitter_creator":"@revistarambla","twitter_site":"@revistarambla","twitter_misc":{"Written by":"R@mbla","Estimated reading time":"7 minutes"},"schema":{"@context":"https:\/\/schema.org","@graph":[{"@type":"Article","@id":"https:\/\/www.revistarambla.com\/la-decadencia-de-la-belleza\/#article","isPartOf":{"@id":"https:\/\/www.revistarambla.com\/la-decadencia-de-la-belleza\/"},"author":{"name":"R@mbla","@id":"https:\/\/www.revistarambla.com\/#\/schema\/person\/a146a5a2550b94981a75131180e1bd9c"},"headline":"La decadencia de la belleza","datePublished":"2025-09-12T17:30:54+00:00","dateModified":"2025-09-27T07:41:07+00:00","mainEntityOfPage":{"@id":"https:\/\/www.revistarambla.com\/la-decadencia-de-la-belleza\/"},"wordCount":1556,"publisher":{"@id":"https:\/\/www.revistarambla.com\/#organization"},"image":{"@id":"https:\/\/www.revistarambla.com\/la-decadencia-de-la-belleza\/#primaryimage"},"thumbnailUrl":"https:\/\/www.revistarambla.com\/wp-content\/uploads\/2025\/09\/architecture-fog-boat-morning-building-city-843548-pxhere.com_.jpg","articleSection":["Libros"],"inLanguage":"en-GB"},{"@type":"WebPage","@id":"https:\/\/www.revistarambla.com\/la-decadencia-de-la-belleza\/","url":"https:\/\/www.revistarambla.com\/la-decadencia-de-la-belleza\/","name":"La decadencia de la belleza - Revista Rambla","isPartOf":{"@id":"https:\/\/www.revistarambla.com\/#website"},"primaryImageOfPage":{"@id":"https:\/\/www.revistarambla.com\/la-decadencia-de-la-belleza\/#primaryimage"},"image":{"@id":"https:\/\/www.revistarambla.com\/la-decadencia-de-la-belleza\/#primaryimage"},"thumbnailUrl":"https:\/\/www.revistarambla.com\/wp-content\/uploads\/2025\/09\/architecture-fog-boat-morning-building-city-843548-pxhere.com_.jpg","datePublished":"2025-09-12T17:30:54+00:00","dateModified":"2025-09-27T07:41:07+00:00","breadcrumb":{"@id":"https:\/\/www.revistarambla.com\/la-decadencia-de-la-belleza\/#breadcrumb"},"inLanguage":"en-GB","potentialAction":[{"@type":"ReadAction","target":["https:\/\/www.revistarambla.com\/la-decadencia-de-la-belleza\/"]}]},{"@type":"ImageObject","inLanguage":"en-GB","@id":"https:\/\/www.revistarambla.com\/la-decadencia-de-la-belleza\/#primaryimage","url":"https:\/\/www.revistarambla.com\/wp-content\/uploads\/2025\/09\/architecture-fog-boat-morning-building-city-843548-pxhere.com_.jpg","contentUrl":"https:\/\/www.revistarambla.com\/wp-content\/uploads\/2025\/09\/architecture-fog-boat-morning-building-city-843548-pxhere.com_.jpg","width":1280,"height":780,"caption":"Muerte en Venecia"},{"@type":"BreadcrumbList","@id":"https:\/\/www.revistarambla.com\/la-decadencia-de-la-belleza\/#breadcrumb","itemListElement":[{"@type":"ListItem","position":1,"name":"Portada","item":"https:\/\/www.revistarambla.com\/"},{"@type":"ListItem","position":2,"name":"La decadencia de la belleza"}]},{"@type":"WebSite","@id":"https:\/\/www.revistarambla.com\/#website","url":"https:\/\/www.revistarambla.com\/","name":"Revista Rambla Barcelona","description":"Periodismo independiente","publisher":{"@id":"https:\/\/www.revistarambla.com\/#organization"},"potentialAction":[{"@type":"SearchAction","target":{"@type":"EntryPoint","urlTemplate":"https:\/\/www.revistarambla.com\/?s={search_term_string}"},"query-input":{"@type":"PropertyValueSpecification","valueRequired":true,"valueName":"search_term_string"}}],"inLanguage":"en-GB"},{"@type":"Organization","@id":"https:\/\/www.revistarambla.com\/#organization","name":"Revista Rambla","url":"https:\/\/www.revistarambla.com\/","logo":{"@type":"ImageObject","inLanguage":"en-GB","@id":"https:\/\/www.revistarambla.com\/#\/schema\/logo\/image\/","url":"https:\/\/www.revistarambla.com\/wp-content\/uploads\/2020\/09\/banner_rambla_1900x600_BB.png","contentUrl":"https:\/\/www.revistarambla.com\/wp-content\/uploads\/2020\/09\/banner_rambla_1900x600_BB.png","width":1900,"height":600,"caption":"Revista Rambla"},"image":{"@id":"https:\/\/www.revistarambla.com\/#\/schema\/logo\/image\/"},"sameAs":["https:\/\/www.facebook.com\/revistarambla\/","https:\/\/x.com\/revistarambla","https:\/\/www.instagram.com\/revista_rambla","https:\/\/es.linkedin.com\/company\/revista-rambla"]},{"@type":"Person","@id":"https:\/\/www.revistarambla.com\/#\/schema\/person\/a146a5a2550b94981a75131180e1bd9c","name":"R@mbla","description":"Este art\u00edculo ha sido redactado y\/o validado por el equipo de redacci\u00f3n de Revista Rambla.","sameAs":["https:\/\/www.revistarambla.com\/","https:\/\/www.facebook.com\/revistarambla","https:\/\/x.com\/revistarambla"]}]}},"_links":{"self":[{"href":"https:\/\/www.revistarambla.com\/en\/wp-json\/wp\/v2\/posts\/66547","targetHints":{"allow":["GET"]}}],"collection":[{"href":"https:\/\/www.revistarambla.com\/en\/wp-json\/wp\/v2\/posts"}],"about":[{"href":"https:\/\/www.revistarambla.com\/en\/wp-json\/wp\/v2\/types\/post"}],"author":[{"embeddable":true,"href":"https:\/\/www.revistarambla.com\/en\/wp-json\/wp\/v2\/users\/3"}],"replies":[{"embeddable":true,"href":"https:\/\/www.revistarambla.com\/en\/wp-json\/wp\/v2\/comments?post=66547"}],"version-history":[{"count":1,"href":"https:\/\/www.revistarambla.com\/en\/wp-json\/wp\/v2\/posts\/66547\/revisions"}],"predecessor-version":[{"id":66549,"href":"https:\/\/www.revistarambla.com\/en\/wp-json\/wp\/v2\/posts\/66547\/revisions\/66549"}],"wp:featuredmedia":[{"embeddable":true,"href":"https:\/\/www.revistarambla.com\/en\/wp-json\/wp\/v2\/media\/66548"}],"wp:attachment":[{"href":"https:\/\/www.revistarambla.com\/en\/wp-json\/wp\/v2\/media?parent=66547"}],"wp:term":[{"taxonomy":"category","embeddable":true,"href":"https:\/\/www.revistarambla.com\/en\/wp-json\/wp\/v2\/categories?post=66547"},{"taxonomy":"post_tag","embeddable":true,"href":"https:\/\/www.revistarambla.com\/en\/wp-json\/wp\/v2\/tags?post=66547"}],"curies":[{"name":"wp","href":"https:\/\/api.w.org\/{rel}","templated":true}]}}