{"id":66544,"date":"2025-09-12T19:09:14","date_gmt":"2025-09-12T17:09:14","guid":{"rendered":"https:\/\/www.revistarambla.com\/?p=66544"},"modified":"2025-09-12T19:09:14","modified_gmt":"2025-09-12T17:09:14","slug":"una-victoria-electoral-contra-el-genocidio-social-de-milei","status":"publish","type":"post","link":"https:\/\/www.revistarambla.com\/en\/una-victoria-electoral-contra-el-genocidio-social-de-milei\/","title":{"rendered":"Una victoria electoral contra el genocidio social de Milei"},"content":{"rendered":"<p class=\"x_305347413ydp345890cdyiv7259564845ydp52cec527MsoNormal\"><b><span lang=\"ES\">Por casi 14 puntos de diferencia, el domingo 7 de septiembre el peronismo-kirchnerismo le propin\u00f3 en la Provincia de Buenos el primer golpe pol\u00edtico de envergadura al gobierno de Javier Milei y su proyecto antisocial. Fue una \u201cpaliza electoral\u201d, titularon diversos medios nacionales e internacionales, comentando los resultados que ninguna de las empresas de sondeos hab\u00eda pronosticado.<\/p>\n<p><\/span><\/b><span lang=\"ES\">Casi dos a\u00f1os despu\u00e9s de la victoria de Milei en 2023, la elecci\u00f3n de parlamentarios provinciales bonaerenses constitu\u00eda el test m\u00e1s relevante del estado de humor pol\u00edtico de la ciudadan\u00eda en general. <\/span><\/p>\n<p class=\"x_305347413ydp345890cdyiv7259564845ydp52cec527MsoNormal\"><span lang=\"ES\">La provincia de Buenos Aires, con m\u00e1s de 17 millones de habitantes -el doble de la poblaci\u00f3n de Suiza-, re\u00fane casi una tercera parte del electorado argentino.\u00a0 Hist\u00f3ricamente, los resultados de ese gigante habitacional de 307.000 kil\u00f3metros cuadrados (m\u00e1s extenso que Italia), constituye uno de los indicadores de referencia de las tendencias electorales a nivel nacional.<\/p>\n<p>El pr\u00f3ximo 26 de octubre ser\u00e1 el otro momento clave para evaluar la marcha del proyecto \u201canarco-liberatorio-antisocial\u201d de Milei: las elecciones parlamentarias a nivel nacional. En ellas se elegir\u00e1 la mitad de los diputados y un tercio de los senadores. De ah\u00ed la trascendencia de la pulseada en las urnas del pasado 7 de septiembre<\/p>\n<p><b>Resultados contundentes<\/b><\/span><\/p>\n<p class=\"x_305347413ydp345890cdyiv7259564845ydp52cec527MsoNormal\"><b><span lang=\"ES\">Fuerza Patria, que re\u00fane al peronismo-kirchnerismo y sus aliados, con m\u00e1s de 3.800.000 votos (47.3% de los votos) fue la clara vencedora<\/span><\/b><span lang=\"ES\">. Con 2.700.000 (33.7%) qued\u00f3 en segundo lugar La Libertad Avanza de Javier Milei que en esta elecci\u00f3n fagocit\u00f3 a la Propuesta Republicana (PRO) del antiguo presidente derechista Mauricio Macri. Es decir, Milei congreg\u00f3 en esta contienda electoral a todo el espectro de la derecha-extrema derecha.<\/p>\n<p>Muy lejos de las dos primeras fuerzas, quedaron con algo m\u00e1s del 5%, Somos Buenos Aires (un sector del antiguo Partido Radical de centro) y como cuarta fuerza electoral el Frente de Izquierda y Trabajadores &#8211; Unidad que alcanz\u00f3 el 4.7% de los votos. Una decena de otras peque\u00f1as fuerzas se ubicaron con menos de 2% cada una, no llegando, en total, al 10% de los sufragios.<\/p>\n<p><b>Dos conclusiones principales<br \/>\n<\/b><br \/>\n<b>M\u00e1s all\u00e1 de la aritm\u00e9tica y de la mayor\u00eda parlamentaria neta que mantendr\u00e1 por cuatro a\u00f1os el peronismo-kirchnerismo en la provincia m\u00e1s grande de Argentina, surgen dos principales elementos de an\u00e1lisis a nivel de conclusiones provisorias<\/b>. <\/span><\/p>\n<p class=\"x_305347413ydp345890cdyiv7259564845ydp52cec527MsoNormal\"><b><span lang=\"ES\">En primer lugar, y el m\u00e1s contundente, la victoria incuestionable del peronismo-kirchnerismo sobre La Libertad Avanza del presidente Milei<\/span><\/b><span lang=\"ES\">. En t\u00e9rminos m\u00e1s globales se puede interpretar como un rechazo claro de un sector mayoritario del electorado bonaerense al proyecto de duro ajuste antisocial que viene ejecutando el dirigente libertario con el benepl\u00e1cito del Fondo Monetario Internacional.<\/span><\/p>\n<p class=\"x_305347413ydp345890cdyiv7259564845ydp52cec527MsoNormal\"><span lang=\"ES\">Si bien Milei logr\u00f3 un relativo control de la inflaci\u00f3n, el costo social del ajuste que aplica, el desmantelamiento acelerado del Estado social, la dependencia total del Fondo Monetario Internacional, as\u00ed como su alianza ciega con Donald Trump y Benjam\u00edn Netanyahu (como principales referentes de su visi\u00f3n geopol\u00edtica) le pasan una costosa factura pol\u00edtica. A lo que se suma el rechazo popular al negacionismo de Milei sobre derechos humanos y el cambio clim\u00e1tico. Y la condena popular a la constante acci\u00f3n represiva que el Gobierno Milei vienen aplicando contra toda forma de oposici\u00f3n, en particular contra los jubilados que encabezan desde meses el reclamo social en las calles.<\/p>\n<p><b>Por otra parte, el triunfo de Fuerza Patria lleva al an\u00e1lisis de las din\u00e1micas actuales internas de ese gran conglomerado pol\u00edtico peronista-kirchnerista<\/b>. En el mismo confluyen tres sectores principales: el de Axel Kicillof (53 a\u00f1os), actual gobernador de Buenos Aires, hijo pol\u00edtico del kirchnerismo pero que reclama autonom\u00eda en la gesti\u00f3n. El sector kirchnerista encabezado por Cristina Fern\u00e1ndez de Kirchner (72 a\u00f1os), hoy proscripta, detenida en prisi\u00f3n domiciliaria pero que continua como presidenta del Partido Justicialista (peronista) a nivel nacional. Y la centrista Renovaci\u00f3n Peronista del ex candidato Sergio Massa (53 a\u00f1os).<\/p>\n<p>Sin embargo, m\u00e1s all\u00e1 de estas fuerzas estructuradas, el peronismo-kirchnerismo integra muy diversos sectores sociales lo que complica a\u00fan m\u00e1s la conducci\u00f3n unificada de ese amplio movimiento: las principales centrales sindicales del pa\u00eds; movimientos sociales urbanos y rurales; los gobernadores provinciales peronistas \u2013muchas veces con proyectos e intereses propios y dispuestos a negociar con el Gobierno Nacional &#8211; e incluso, los intendentes municipales. Como ejemplo, solo en Buenos Aires, el peronismo gan\u00f3 el pasado 7 de setiembre en casi un centenar de las 135 intendencias que existen en esa provincia, ya que tambi\u00e9n se eleg\u00edan concejales (parlamentarios municipales) y consejeros escolares.<\/p>\n<p><b>Una primera lectura indicar\u00eda que el ganador en esa interna fue Axel Kicillof quien impuso su voluntad de adelantar a septiembre esta contienda provincial, separ\u00e1ndola de las elecciones parlamentarias de octubre pr\u00f3ximo<\/b>. Las urnas mostraron que esa decisi\u00f3n pol\u00edtica de alto riesgo era correcta. Sin embargo, la victoria del peronismo-kirchnerismo tambi\u00e9n deja una lecci\u00f3n esencial: sin unidad en la diversidad no hay victoria contra el proyecto de Milei. <\/span><\/p>\n<p class=\"x_305347413ydp345890cdyiv7259564845ydp52cec527MsoNormal\"><b><span lang=\"ES\">El gran desaf\u00edo de los pr\u00f3ximos meses y a\u00f1os consistir\u00e1 no solo en mantener esa fr\u00e1gil unidad dentro del campo nacional y popular sino extenderla y ampliarla a otros sectores para que el resultado exitoso que se vivi\u00f3 en Buenos Aires logre superar, a nivel nacional, el 50% de las simpat\u00edas electorales,<\/span><\/b><span lang=\"ES\"> condici\u00f3n para destronar este peligroso laboratorio de genocidio social que impulsa el Gobierno de Milei.<\/span><\/p>","protected":false},"excerpt":{"rendered":"<p>Por casi 14 puntos de diferencia, el domingo 7 de septiembre el peronismo-kirchnerismo le propin\u00f3 en la Provincia de Buenos el primer golpe pol\u00edtico de envergadura al gobierno de Javier Milei y su proyecto antisocial. Fue una \u201cpaliza electoral\u201d, titularon diversos medios nacionales e internacionales, comentando los resultados que ninguna [&hellip;]<\/p>\n","protected":false},"author":24,"featured_media":66545,"comment_status":"closed","ping_status":"closed","sticky":false,"template":"","format":"standard","meta":{"footnotes":""},"categories":[4108],"tags":[],"class_list":["post-66544","post","type-post","status-publish","format-standard","has-post-thumbnail","hentry","category-el-apunte-de-sergio-ferrari"],"yoast_head":"<!-- This site is optimized with the Yoast SEO plugin v27.5 - https:\/\/yoast.com\/product\/yoast-seo-wordpress\/ -->\n<title>Una victoria electoral contra el genocidio social de Milei - Revista Rambla<\/title>\n<meta name=\"robots\" content=\"index, follow, max-snippet:-1, max-image-preview:large, max-video-preview:-1\" \/>\n<link rel=\"canonical\" href=\"https:\/\/www.revistarambla.com\/en\/una-victoria-electoral-contra-el-genocidio-social-de-milei\/\" \/>\n<meta property=\"og:locale\" content=\"en_GB\" \/>\n<meta property=\"og:type\" content=\"article\" \/>\n<meta property=\"og:title\" content=\"Una victoria electoral contra el genocidio social de Milei - Revista Rambla\" \/>\n<meta property=\"og:description\" content=\"Por casi 14 puntos de diferencia, el domingo 7 de septiembre el peronismo-kirchnerismo le propin\u00f3 en la Provincia de Buenos el primer golpe pol\u00edtico de envergadura al gobierno de Javier Milei y su proyecto antisocial. Fue una \u201cpaliza electoral\u201d, titularon diversos medios nacionales e internacionales, comentando los resultados que ninguna [&hellip;]\" \/>\n<meta property=\"og:url\" content=\"https:\/\/www.revistarambla.com\/en\/una-victoria-electoral-contra-el-genocidio-social-de-milei\/\" \/>\n<meta property=\"og:site_name\" content=\"Revista Rambla\" \/>\n<meta property=\"article:publisher\" content=\"https:\/\/www.facebook.com\/revistarambla\/\" \/>\n<meta property=\"article:author\" content=\"https:\/\/www.facebook.com\/sergio.ferrari.9655\" \/>\n<meta property=\"article:published_time\" content=\"2025-09-12T17:09:14+00:00\" \/>\n<meta property=\"og:image\" content=\"https:\/\/www.revistarambla.com\/wp-content\/uploads\/2025\/09\/Protesta-de-jubilados-en-Argentina.-Foto-Kaos-en-la-red.jpg\" \/>\n\t<meta property=\"og:image:width\" content=\"750\" \/>\n\t<meta property=\"og:image:height\" content=\"500\" \/>\n\t<meta property=\"og:image:type\" content=\"image\/jpeg\" \/>\n<meta name=\"author\" content=\"Sergio Ferrari\" \/>\n<meta name=\"twitter:card\" content=\"summary_large_image\" \/>\n<meta name=\"twitter:creator\" content=\"@SergiooFerrari\" \/>\n<meta name=\"twitter:site\" content=\"@revistarambla\" \/>\n<meta name=\"twitter:label1\" content=\"Written by\" \/>\n\t<meta name=\"twitter:data1\" content=\"Sergio Ferrari\" \/>\n\t<meta name=\"twitter:label2\" content=\"Estimated reading time\" \/>\n\t<meta name=\"twitter:data2\" content=\"5 minutes\" \/>\n<script type=\"application\/ld+json\" class=\"yoast-schema-graph\">{\"@context\":\"https:\\\/\\\/schema.org\",\"@graph\":[{\"@type\":\"Article\",\"@id\":\"https:\\\/\\\/www.revistarambla.com\\\/una-victoria-electoral-contra-el-genocidio-social-de-milei\\\/#article\",\"isPartOf\":{\"@id\":\"https:\\\/\\\/www.revistarambla.com\\\/una-victoria-electoral-contra-el-genocidio-social-de-milei\\\/\"},\"author\":{\"name\":\"Sergio Ferrari\",\"@id\":\"https:\\\/\\\/www.revistarambla.com\\\/#\\\/schema\\\/person\\\/339e2410a25811f9912d8a8551fa5d96\"},\"headline\":\"Una victoria electoral contra el genocidio social de Milei\",\"datePublished\":\"2025-09-12T17:09:14+00:00\",\"mainEntityOfPage\":{\"@id\":\"https:\\\/\\\/www.revistarambla.com\\\/una-victoria-electoral-contra-el-genocidio-social-de-milei\\\/\"},\"wordCount\":926,\"publisher\":{\"@id\":\"https:\\\/\\\/www.revistarambla.com\\\/#organization\"},\"image\":{\"@id\":\"https:\\\/\\\/www.revistarambla.com\\\/una-victoria-electoral-contra-el-genocidio-social-de-milei\\\/#primaryimage\"},\"thumbnailUrl\":\"https:\\\/\\\/www.revistarambla.com\\\/wp-content\\\/uploads\\\/2025\\\/09\\\/Protesta-de-jubilados-en-Argentina.-Foto-Kaos-en-la-red.jpg\",\"articleSection\":[\"El Apunte\"],\"inLanguage\":\"en-GB\"},{\"@type\":\"WebPage\",\"@id\":\"https:\\\/\\\/www.revistarambla.com\\\/una-victoria-electoral-contra-el-genocidio-social-de-milei\\\/\",\"url\":\"https:\\\/\\\/www.revistarambla.com\\\/una-victoria-electoral-contra-el-genocidio-social-de-milei\\\/\",\"name\":\"Una victoria electoral contra el genocidio social de Milei - Revista Rambla\",\"isPartOf\":{\"@id\":\"https:\\\/\\\/www.revistarambla.com\\\/#website\"},\"primaryImageOfPage\":{\"@id\":\"https:\\\/\\\/www.revistarambla.com\\\/una-victoria-electoral-contra-el-genocidio-social-de-milei\\\/#primaryimage\"},\"image\":{\"@id\":\"https:\\\/\\\/www.revistarambla.com\\\/una-victoria-electoral-contra-el-genocidio-social-de-milei\\\/#primaryimage\"},\"thumbnailUrl\":\"https:\\\/\\\/www.revistarambla.com\\\/wp-content\\\/uploads\\\/2025\\\/09\\\/Protesta-de-jubilados-en-Argentina.-Foto-Kaos-en-la-red.jpg\",\"datePublished\":\"2025-09-12T17:09:14+00:00\",\"breadcrumb\":{\"@id\":\"https:\\\/\\\/www.revistarambla.com\\\/una-victoria-electoral-contra-el-genocidio-social-de-milei\\\/#breadcrumb\"},\"inLanguage\":\"en-GB\",\"potentialAction\":[{\"@type\":\"ReadAction\",\"target\":[\"https:\\\/\\\/www.revistarambla.com\\\/una-victoria-electoral-contra-el-genocidio-social-de-milei\\\/\"]}]},{\"@type\":\"ImageObject\",\"inLanguage\":\"en-GB\",\"@id\":\"https:\\\/\\\/www.revistarambla.com\\\/una-victoria-electoral-contra-el-genocidio-social-de-milei\\\/#primaryimage\",\"url\":\"https:\\\/\\\/www.revistarambla.com\\\/wp-content\\\/uploads\\\/2025\\\/09\\\/Protesta-de-jubilados-en-Argentina.-Foto-Kaos-en-la-red.jpg\",\"contentUrl\":\"https:\\\/\\\/www.revistarambla.com\\\/wp-content\\\/uploads\\\/2025\\\/09\\\/Protesta-de-jubilados-en-Argentina.-Foto-Kaos-en-la-red.jpg\",\"width\":750,\"height\":500,\"caption\":\"derrota milei\"},{\"@type\":\"BreadcrumbList\",\"@id\":\"https:\\\/\\\/www.revistarambla.com\\\/una-victoria-electoral-contra-el-genocidio-social-de-milei\\\/#breadcrumb\",\"itemListElement\":[{\"@type\":\"ListItem\",\"position\":1,\"name\":\"Portada\",\"item\":\"https:\\\/\\\/www.revistarambla.com\\\/\"},{\"@type\":\"ListItem\",\"position\":2,\"name\":\"Una victoria electoral contra el genocidio social de Milei\"}]},{\"@type\":\"WebSite\",\"@id\":\"https:\\\/\\\/www.revistarambla.com\\\/#website\",\"url\":\"https:\\\/\\\/www.revistarambla.com\\\/\",\"name\":\"Revista Rambla Barcelona\",\"description\":\"Periodismo independiente\",\"publisher\":{\"@id\":\"https:\\\/\\\/www.revistarambla.com\\\/#organization\"},\"potentialAction\":[{\"@type\":\"SearchAction\",\"target\":{\"@type\":\"EntryPoint\",\"urlTemplate\":\"https:\\\/\\\/www.revistarambla.com\\\/?s={search_term_string}\"},\"query-input\":{\"@type\":\"PropertyValueSpecification\",\"valueRequired\":true,\"valueName\":\"search_term_string\"}}],\"inLanguage\":\"en-GB\"},{\"@type\":\"Organization\",\"@id\":\"https:\\\/\\\/www.revistarambla.com\\\/#organization\",\"name\":\"Revista Rambla\",\"url\":\"https:\\\/\\\/www.revistarambla.com\\\/\",\"logo\":{\"@type\":\"ImageObject\",\"inLanguage\":\"en-GB\",\"@id\":\"https:\\\/\\\/www.revistarambla.com\\\/#\\\/schema\\\/logo\\\/image\\\/\",\"url\":\"https:\\\/\\\/www.revistarambla.com\\\/wp-content\\\/uploads\\\/2020\\\/09\\\/banner_rambla_1900x600_BB.png\",\"contentUrl\":\"https:\\\/\\\/www.revistarambla.com\\\/wp-content\\\/uploads\\\/2020\\\/09\\\/banner_rambla_1900x600_BB.png\",\"width\":1900,\"height\":600,\"caption\":\"Revista Rambla\"},\"image\":{\"@id\":\"https:\\\/\\\/www.revistarambla.com\\\/#\\\/schema\\\/logo\\\/image\\\/\"},\"sameAs\":[\"https:\\\/\\\/www.facebook.com\\\/revistarambla\\\/\",\"https:\\\/\\\/x.com\\\/revistarambla\",\"https:\\\/\\\/www.instagram.com\\\/revista_rambla\",\"https:\\\/\\\/es.linkedin.com\\\/company\\\/revista-rambla\"]},{\"@type\":\"Person\",\"@id\":\"https:\\\/\\\/www.revistarambla.com\\\/#\\\/schema\\\/person\\\/339e2410a25811f9912d8a8551fa5d96\",\"name\":\"Sergio Ferrari\",\"description\":\"Periodista argentino radicado en Berna, Suiza. Acreditado ante el Gobierno suizo. Colaborador regular de numerosos medios latinoamericanos y europeos.\",\"sameAs\":[\"https:\\\/\\\/www.voltairenet.org\\\/auteur120173.html?lang=es\",\"https:\\\/\\\/www.facebook.com\\\/sergio.ferrari.9655\",\"https:\\\/\\\/x.com\\\/SergiooFerrari\"]}]}<\/script>\n<!-- \/ Yoast SEO plugin. -->","yoast_head_json":{"title":"Una victoria electoral contra el genocidio social de Milei - Revista Rambla","robots":{"index":"index","follow":"follow","max-snippet":"max-snippet:-1","max-image-preview":"max-image-preview:large","max-video-preview":"max-video-preview:-1"},"canonical":"https:\/\/www.revistarambla.com\/en\/una-victoria-electoral-contra-el-genocidio-social-de-milei\/","og_locale":"en_GB","og_type":"article","og_title":"Una victoria electoral contra el genocidio social de Milei - Revista Rambla","og_description":"Por casi 14 puntos de diferencia, el domingo 7 de septiembre el peronismo-kirchnerismo le propin\u00f3 en la Provincia de Buenos el primer golpe pol\u00edtico de envergadura al gobierno de Javier Milei y su proyecto antisocial. Fue una \u201cpaliza electoral\u201d, titularon diversos medios nacionales e internacionales, comentando los resultados que ninguna [&hellip;]","og_url":"https:\/\/www.revistarambla.com\/en\/una-victoria-electoral-contra-el-genocidio-social-de-milei\/","og_site_name":"Revista Rambla","article_publisher":"https:\/\/www.facebook.com\/revistarambla\/","article_author":"https:\/\/www.facebook.com\/sergio.ferrari.9655","article_published_time":"2025-09-12T17:09:14+00:00","og_image":[{"width":750,"height":500,"url":"https:\/\/www.revistarambla.com\/wp-content\/uploads\/2025\/09\/Protesta-de-jubilados-en-Argentina.-Foto-Kaos-en-la-red.jpg","type":"image\/jpeg"}],"author":"Sergio Ferrari","twitter_card":"summary_large_image","twitter_creator":"@SergiooFerrari","twitter_site":"@revistarambla","twitter_misc":{"Written by":"Sergio Ferrari","Estimated reading time":"5 minutes"},"schema":{"@context":"https:\/\/schema.org","@graph":[{"@type":"Article","@id":"https:\/\/www.revistarambla.com\/una-victoria-electoral-contra-el-genocidio-social-de-milei\/#article","isPartOf":{"@id":"https:\/\/www.revistarambla.com\/una-victoria-electoral-contra-el-genocidio-social-de-milei\/"},"author":{"name":"Sergio Ferrari","@id":"https:\/\/www.revistarambla.com\/#\/schema\/person\/339e2410a25811f9912d8a8551fa5d96"},"headline":"Una victoria electoral contra el genocidio social de Milei","datePublished":"2025-09-12T17:09:14+00:00","mainEntityOfPage":{"@id":"https:\/\/www.revistarambla.com\/una-victoria-electoral-contra-el-genocidio-social-de-milei\/"},"wordCount":926,"publisher":{"@id":"https:\/\/www.revistarambla.com\/#organization"},"image":{"@id":"https:\/\/www.revistarambla.com\/una-victoria-electoral-contra-el-genocidio-social-de-milei\/#primaryimage"},"thumbnailUrl":"https:\/\/www.revistarambla.com\/wp-content\/uploads\/2025\/09\/Protesta-de-jubilados-en-Argentina.-Foto-Kaos-en-la-red.jpg","articleSection":["El Apunte"],"inLanguage":"en-GB"},{"@type":"WebPage","@id":"https:\/\/www.revistarambla.com\/una-victoria-electoral-contra-el-genocidio-social-de-milei\/","url":"https:\/\/www.revistarambla.com\/una-victoria-electoral-contra-el-genocidio-social-de-milei\/","name":"Una victoria electoral contra el genocidio social de Milei - Revista Rambla","isPartOf":{"@id":"https:\/\/www.revistarambla.com\/#website"},"primaryImageOfPage":{"@id":"https:\/\/www.revistarambla.com\/una-victoria-electoral-contra-el-genocidio-social-de-milei\/#primaryimage"},"image":{"@id":"https:\/\/www.revistarambla.com\/una-victoria-electoral-contra-el-genocidio-social-de-milei\/#primaryimage"},"thumbnailUrl":"https:\/\/www.revistarambla.com\/wp-content\/uploads\/2025\/09\/Protesta-de-jubilados-en-Argentina.-Foto-Kaos-en-la-red.jpg","datePublished":"2025-09-12T17:09:14+00:00","breadcrumb":{"@id":"https:\/\/www.revistarambla.com\/una-victoria-electoral-contra-el-genocidio-social-de-milei\/#breadcrumb"},"inLanguage":"en-GB","potentialAction":[{"@type":"ReadAction","target":["https:\/\/www.revistarambla.com\/una-victoria-electoral-contra-el-genocidio-social-de-milei\/"]}]},{"@type":"ImageObject","inLanguage":"en-GB","@id":"https:\/\/www.revistarambla.com\/una-victoria-electoral-contra-el-genocidio-social-de-milei\/#primaryimage","url":"https:\/\/www.revistarambla.com\/wp-content\/uploads\/2025\/09\/Protesta-de-jubilados-en-Argentina.-Foto-Kaos-en-la-red.jpg","contentUrl":"https:\/\/www.revistarambla.com\/wp-content\/uploads\/2025\/09\/Protesta-de-jubilados-en-Argentina.-Foto-Kaos-en-la-red.jpg","width":750,"height":500,"caption":"derrota milei"},{"@type":"BreadcrumbList","@id":"https:\/\/www.revistarambla.com\/una-victoria-electoral-contra-el-genocidio-social-de-milei\/#breadcrumb","itemListElement":[{"@type":"ListItem","position":1,"name":"Portada","item":"https:\/\/www.revistarambla.com\/"},{"@type":"ListItem","position":2,"name":"Una victoria electoral contra el genocidio social de Milei"}]},{"@type":"WebSite","@id":"https:\/\/www.revistarambla.com\/#website","url":"https:\/\/www.revistarambla.com\/","name":"Revista Rambla Barcelona","description":"Periodismo independiente","publisher":{"@id":"https:\/\/www.revistarambla.com\/#organization"},"potentialAction":[{"@type":"SearchAction","target":{"@type":"EntryPoint","urlTemplate":"https:\/\/www.revistarambla.com\/?s={search_term_string}"},"query-input":{"@type":"PropertyValueSpecification","valueRequired":true,"valueName":"search_term_string"}}],"inLanguage":"en-GB"},{"@type":"Organization","@id":"https:\/\/www.revistarambla.com\/#organization","name":"Revista Rambla","url":"https:\/\/www.revistarambla.com\/","logo":{"@type":"ImageObject","inLanguage":"en-GB","@id":"https:\/\/www.revistarambla.com\/#\/schema\/logo\/image\/","url":"https:\/\/www.revistarambla.com\/wp-content\/uploads\/2020\/09\/banner_rambla_1900x600_BB.png","contentUrl":"https:\/\/www.revistarambla.com\/wp-content\/uploads\/2020\/09\/banner_rambla_1900x600_BB.png","width":1900,"height":600,"caption":"Revista Rambla"},"image":{"@id":"https:\/\/www.revistarambla.com\/#\/schema\/logo\/image\/"},"sameAs":["https:\/\/www.facebook.com\/revistarambla\/","https:\/\/x.com\/revistarambla","https:\/\/www.instagram.com\/revista_rambla","https:\/\/es.linkedin.com\/company\/revista-rambla"]},{"@type":"Person","@id":"https:\/\/www.revistarambla.com\/#\/schema\/person\/339e2410a25811f9912d8a8551fa5d96","name":"Sergio Ferrari","description":"Periodista argentino radicado en Berna, Suiza. Acreditado ante el Gobierno suizo. Colaborador regular de numerosos medios latinoamericanos y europeos.","sameAs":["https:\/\/www.voltairenet.org\/auteur120173.html?lang=es","https:\/\/www.facebook.com\/sergio.ferrari.9655","https:\/\/x.com\/SergiooFerrari"]}]}},"_links":{"self":[{"href":"https:\/\/www.revistarambla.com\/en\/wp-json\/wp\/v2\/posts\/66544","targetHints":{"allow":["GET"]}}],"collection":[{"href":"https:\/\/www.revistarambla.com\/en\/wp-json\/wp\/v2\/posts"}],"about":[{"href":"https:\/\/www.revistarambla.com\/en\/wp-json\/wp\/v2\/types\/post"}],"author":[{"embeddable":true,"href":"https:\/\/www.revistarambla.com\/en\/wp-json\/wp\/v2\/users\/24"}],"replies":[{"embeddable":true,"href":"https:\/\/www.revistarambla.com\/en\/wp-json\/wp\/v2\/comments?post=66544"}],"version-history":[{"count":1,"href":"https:\/\/www.revistarambla.com\/en\/wp-json\/wp\/v2\/posts\/66544\/revisions"}],"predecessor-version":[{"id":66546,"href":"https:\/\/www.revistarambla.com\/en\/wp-json\/wp\/v2\/posts\/66544\/revisions\/66546"}],"wp:featuredmedia":[{"embeddable":true,"href":"https:\/\/www.revistarambla.com\/en\/wp-json\/wp\/v2\/media\/66545"}],"wp:attachment":[{"href":"https:\/\/www.revistarambla.com\/en\/wp-json\/wp\/v2\/media?parent=66544"}],"wp:term":[{"taxonomy":"category","embeddable":true,"href":"https:\/\/www.revistarambla.com\/en\/wp-json\/wp\/v2\/categories?post=66544"},{"taxonomy":"post_tag","embeddable":true,"href":"https:\/\/www.revistarambla.com\/en\/wp-json\/wp\/v2\/tags?post=66544"}],"curies":[{"name":"wp","href":"https:\/\/api.w.org\/{rel}","templated":true}]}}